{"id":119,"count":6,"description":"\nAu sommaire\n\n\n<a href=\"1005\">Les gr\u00e8ves<\/a> (Vindex)\n\n\n<a href=\"1004\">L'antis\u00e9mitisme<\/a>, 2e partie (Vox Populi)\n\n\n<strong>Mouvement social<\/strong>\n\n <a href=\"1003\">France<\/a> (Vindex) <a href=\"1002\">Italie<\/a> (Roberto d'Angio\/P. R.) <a href=\"1001\">Espagne et Am\u00e9rique espagnole<\/a> (Un camarade)\n\n\n<a href=\"1000\">Bibliographie<\/a> (Jean Grave)\n\n\nPetite correspondance (non transcritre ici)\n\n\n\n\n\n\n\n\nLe journal annonce:\n\n\n- La deuxi\u00e8me conf\u00e9rence publique et contradictoire de S\u00e9bastien Faure le samedi 22 juin, salle d'Arras \u00e0 Paris; sujet trait\u00e9: La soci\u00e9t\u00e9 de l'avenir: questions pr\u00e9judicielles: principes g\u00e9n\u00e9raux, production consommation, circulation.","link":"https:\/\/la-presse-anarchiste.net\/index.php\/category\/temps-nouveaux-les-1895-1914\/premiere-annee-1895-1896\/les-temps-nouveaux-na8-22-28-juin-1895\/","name":"Les Temps Nouveaux n\u00c2\u00b08 (22-28 juin 1895)","slug":"les-temps-nouveaux-na8-22-28-juin-1895","taxonomy":"category","parent":381,"meta":[],"_links":{"self":[{"href":"https:\/\/la-presse-anarchiste.net\/index.php\/wp-json\/wp\/v2\/categories\/119","targetHints":{"allow":["GET"]}}],"collection":[{"href":"https:\/\/la-presse-anarchiste.net\/index.php\/wp-json\/wp\/v2\/categories"}],"about":[{"href":"https:\/\/la-presse-anarchiste.net\/index.php\/wp-json\/wp\/v2\/taxonomies\/category"}],"up":[{"embeddable":true,"href":"https:\/\/la-presse-anarchiste.net\/index.php\/wp-json\/wp\/v2\/categories\/381"}],"wp:post_type":[{"href":"https:\/\/la-presse-anarchiste.net\/index.php\/wp-json\/wp\/v2\/posts?categories=119"},{"href":"https:\/\/la-presse-anarchiste.net\/index.php\/wp-json\/wp\/v2\/pages?categories=119"}],"curies":[{"name":"wp","href":"https:\/\/api.w.org\/{rel}","templated":true}]}}