{"id":134,"count":6,"description":"Pierre Ramus: L'anarchisme, l'\u00c9tat, la violence\n\n<strong>Textes choisis et pr\u00e9sent\u00e9s par Marie Martin\n\nTraduits par E. Armand, M. Martin et M.-C. Mikha\u00eflov<\/strong>\n\n<a href=\"1157\">Pr\u00e9sentation<\/a> (Maris Martin)\n\n<a href=\"1158\">Le manifeste anarchiste<\/a> (Pierre Ramus)\n\n<a href=\"1159\">Les objecteurs de conscience en Autriche<\/a> (Olga Misar)\n\n<a href=\"1160\">La pr\u00e9paration \u00e0 la guerre sans la r\u00e9sistance du peuple, pourquoi?<\/a> (Pierre Ramus)\n\n<a href=\"1161\">\u00c9tat et violence<\/a> (Pierre Ramus)\n\n<a href=\"1162\">Note bibliographique<\/a>","link":"https:\/\/la-presse-anarchiste.net\/index.php\/category\/anarchisme-et-non-violence-1965-1974\/anarchisme-et-non-violence-n16-janvier-fevrier-1969\/","name":"Anarchisme et non-violence n\u00b016 (janvier-f\u00e9vrier 1969)","slug":"anarchisme-et-non-violence-n16-janvier-fevrier-1969","taxonomy":"category","parent":17,"meta":[],"_links":{"self":[{"href":"https:\/\/la-presse-anarchiste.net\/index.php\/wp-json\/wp\/v2\/categories\/134","targetHints":{"allow":["GET"]}}],"collection":[{"href":"https:\/\/la-presse-anarchiste.net\/index.php\/wp-json\/wp\/v2\/categories"}],"about":[{"href":"https:\/\/la-presse-anarchiste.net\/index.php\/wp-json\/wp\/v2\/taxonomies\/category"}],"up":[{"embeddable":true,"href":"https:\/\/la-presse-anarchiste.net\/index.php\/wp-json\/wp\/v2\/categories\/17"}],"wp:post_type":[{"href":"https:\/\/la-presse-anarchiste.net\/index.php\/wp-json\/wp\/v2\/posts?categories=134"},{"href":"https:\/\/la-presse-anarchiste.net\/index.php\/wp-json\/wp\/v2\/pages?categories=134"}],"curies":[{"name":"wp","href":"https:\/\/api.w.org\/{rel}","templated":true}]}}