{"id":14,"count":1,"description":"Revue fond\u00e9e par les G.A.A.R. (Groupe Anarchiste d'Action R\u00e9volutionnaire), scission de la F.C.L. (F\u00e9d\u00e9ration Communiste Libertaire) apr\u00e8s le congr\u00e8s de M\u00e2con de cette organisation (novembre 1953) pendant lequel la participation aux \u00e9lections fut d\u00e9cid\u00e9e.\n\nUne partie du groupe devait rejoindre la F. A. (F\u00e9d\u00e9ration Anarchiste) en 1961 o\u00f9 ils formeront la tendance U.G.A.C. (Union des Groupes Anarchistes Communistes);\n\n<em>Noir &amp; Rouge<\/em> eut 46 num\u00e9ros, passant de simples feuilles ron\u00e9ot\u00e9s \u00e0 un format, toujours ron\u00e9ot\u00e9s, de brochure puis devenant imprim\u00e9. Elle eut une, relative, influence lors des \u00e9v\u00e9nement de Mai 1968, Daniel Cohn-Bendit ayant fait partie du groupe.  \n\nUne partie du groupe \u00e9diteur se retrouva dans la <em>lanterne noire<\/em> revue dont la collection compl\u00e8te sera pr\u00e9sent\u00e9e sur le site\n\nA quelques num\u00e9ros pr\u00e8s, c'est l'ensemble de cette revue qui sera pr\u00e9sent\u00e9e ici, merci donc \u00e0 Frank Mintz qui m'a pr\u00eat\u00e9 une bonne partie de sa collection et \u00e0 Andr\u00e9 qui m'a donn\u00e9 les num\u00e9ros suivants.\n\nLe <em>Monde Libertaire<\/em> \u00e0 publi\u00e9 <a href=\"http:\/\/monde-libertaire.fr\/expressions\/12182-demain-existe\">un article consacr\u00e9 \u00e0 Christian Lagant<\/a>, l'un des animateurs de cette revue et qui en fut le responsable \"l\u00e9gal\".","link":"https:\/\/la-presse-anarchiste.net\/index.php\/category\/noir-rouge-1954-1970\/","name":"Noir &amp; Rouge (1954 - 1970)","slug":"noir-rouge-1954-1970","taxonomy":"category","parent":0,"meta":[],"_links":{"self":[{"href":"https:\/\/la-presse-anarchiste.net\/index.php\/wp-json\/wp\/v2\/categories\/14","targetHints":{"allow":["GET"]}}],"collection":[{"href":"https:\/\/la-presse-anarchiste.net\/index.php\/wp-json\/wp\/v2\/categories"}],"about":[{"href":"https:\/\/la-presse-anarchiste.net\/index.php\/wp-json\/wp\/v2\/taxonomies\/category"}],"wp:post_type":[{"href":"https:\/\/la-presse-anarchiste.net\/index.php\/wp-json\/wp\/v2\/posts?categories=14"},{"href":"https:\/\/la-presse-anarchiste.net\/index.php\/wp-json\/wp\/v2\/pages?categories=14"}],"curies":[{"name":"wp","href":"https:\/\/api.w.org\/{rel}","templated":true}]}}