{"id":142,"count":20,"description":"Au sommaire\n\n<a href=\"1251\">Autocritique<\/a> (Jean-Paul Samson)\n\n<a href=\"1250\">Relire Camus<\/a> (citations de Camus recueillies par Eva Barna-Pauli)\n\n<a href=\"1249\">La communication<\/a> (Georges Navel)\n\n<a href=\"1248\">Pages de journal<\/a> (Jean Paul Samson)\n\n  *  *  *\n\n<a href=\"1247\">Couch\u00e9 sous les \u00e9toiles<\/a> (Marcel Martinet)\n\n<a href=\"1246\">Rendre gr\u00e2ce. \u2014 Saisons<\/a> (Gilbert Trolliet)\n\n<a href=\"1245\">Quatre po\u00e8mes<\/a> (Pierre Boujut)\n\n<a href=\"1244\">Parce que tu es droite comme la lame...<\/a> (Jean-Jacques Morvan)\n\n  *  *  *\n\nT\u00e9moins intemporels\n- <a href=\"1243\">Cervant\u00e8s<\/a>\n\nCarnets\n\n<a href=\"1242\">Lucien Jacques<\/a> (Maxime Girieud)\n\n<a href=\"1241\">Mes rencontres avec Lucien Jacques<\/a> (Georges Navel)\n\n<a href=\"1240\">\u00c0 la recherche d\u2019Albert Camus<\/a> (R. Proix)\n\n<a href=\"1239\">Juan Goytisolo et la litt\u00e9rature espagnole contemporaine<\/a> (Yvonne Granet)\n\n<strong>La po\u00e9sie<\/strong>\n- <a href=\"1238\">Mort de Blaise Cendrars<\/a> (Jean-Paul Samson)\n- <a href=\"1237\">Aragon aujourd\u2019hui<\/a> (Jean-Paul Samson)\n- <a href=\"1236\">Guerre d\u2019Alg\u00e9rie<\/a> (Andr\u00e9 Liberati)\n\n<strong><a href=\"1232\">Lectures<\/a><\/strong>\n- J\u00e9sus et Isra\u00ebl  de Jules Isaac)\n- Changer la vie  de Jean Gu\u00e9henno)\n- La Force de l\u2019\u00e2ge de Simone de Beauvoir)\n- Nord, de C\u00e9line \n- Portrait d\u2019un officier, de P.\u2011H. Simon \n- Je vous \u00e9cris..., de Marcel Arland \n- Mensonge romantique et v\u00e9rit\u00e9 romanesque, de Ren\u00e9 Girard\n\n<strong><a href=\"1231\">Spectacles<\/a><\/strong>\n- Le grain sous la neige, de Daniel Gu\u00e9rin, d\u2019apr\u00e8s I. Silone\n- Tirez sur le pianiste, de Fran\u00e7ois Truffaut\n- Zazie dans le m\u00e9tro\n- Le passage du Rhin\n\n<a href=\"1230\">P\u00e9riodiques<\/a> (Jean-Paul Samson)\n\nCorrespondance\n- <a href=\"1229\">Lettre \u00e0 Jean Bloch\u2011Michel sur les 121, la guerre d\u2019Alg\u00e9rie et l\u2019insoumission<\/a> (Jean-Paul Samson)","link":"https:\/\/la-presse-anarchiste.net\/index.php\/category\/temoins-1953-1967\/temoins-n27-juin-1961\/","name":"T\u00e9moins n\u00b027 (juin 1961)","slug":"temoins-n27-juin-1961","taxonomy":"category","parent":48,"meta":[],"_links":{"self":[{"href":"https:\/\/la-presse-anarchiste.net\/index.php\/wp-json\/wp\/v2\/categories\/142","targetHints":{"allow":["GET"]}}],"collection":[{"href":"https:\/\/la-presse-anarchiste.net\/index.php\/wp-json\/wp\/v2\/categories"}],"about":[{"href":"https:\/\/la-presse-anarchiste.net\/index.php\/wp-json\/wp\/v2\/taxonomies\/category"}],"up":[{"embeddable":true,"href":"https:\/\/la-presse-anarchiste.net\/index.php\/wp-json\/wp\/v2\/categories\/48"}],"wp:post_type":[{"href":"https:\/\/la-presse-anarchiste.net\/index.php\/wp-json\/wp\/v2\/posts?categories=142"},{"href":"https:\/\/la-presse-anarchiste.net\/index.php\/wp-json\/wp\/v2\/pages?categories=142"}],"curies":[{"name":"wp","href":"https:\/\/api.w.org\/{rel}","templated":true}]}}