{"id":182,"count":15,"description":"Au sommaire\n\n<a href=\"1615\">Actuelles<\/a> (Pierre Sommermeyer)\n\n<a href=\"1616\">Gr\u00e8ve de la faim \u00e0 la prison<\/a> (Marie Martin, Un groupe de prisonniers)\n\n<a href=\"1617\">Objection et r\u00e9pression<\/a>\n\n<a href=\"1618\">Pour une conception dialectique de la non\u00ad-violence<\/a> (Dominique Morel)\n- Commentaires (Colette Kay et Dominique Morel)\n\n<a href=\"1619\">Sur les postulats indivi\u00addualistes de l\u2019anar\u00adchisme non violent<\/a> (Ren\u00e9 Furth)\n\n<a href=\"1620\">Violence institutionnelle et violence contesta\u00adtaire<\/a> (Victor Garcia)\n\n<a href=\"1621\">Lettre de la prison de Milan<\/a>\n\n<a href=\"1622\">Nous avons re\u00e7u<\/a> (Michel Bouquet)\n\nL'objection de conscience en Espagne\n<b>Suppl\u00e9ment au num\u00e9ro 25 d'Anarchisme et non-violence<\/b>\n\n<a href=\"1623\">Pr\u00e9sentation<\/a>\n\n<a href=\"1624\">Lettre de Pepe<\/a> (Pepe Buenza)\n\n<a href=\"1625\">Extraits d'un texte diffus\u00e9 pendant la marche<\/a>\n\n<a href=\"1626\">La marche<\/a> (Jacques Moreau, Claude Verrel)\n\n<a href=\"1627\">Lettre de Miguel<\/a> (Miguel Gil)\n\n<a href=\"1628\">La fiesta<\/a> (Germaine et Alain Depoorter)\n\n<a href=\"1629\">Six notes<\/a> (un objecteur)\n\n\n\n\n\n\n\nUne rencontre sous forme de camping aura lieu la premi\u00e8re semaine d\u2019ao\u00fbt. En dehors des \u00e9changes plus faciles que permet ce regroupement, un th\u00e8me de discussion a \u00e9t\u00e9 choisi: le mouvement non violent et antimilitariste en Belgique, en France et en Suisse, le r\u00f4le et l\u2019impact des comit\u00e9s de soutien aux objecteurs de conscience (ou \u00e9quivalents) et pourquoi nous privil\u00e9gions ces derniers.\n\nPour les int\u00e9ress\u00e9s \u00e9crire \u00e0\u00a0:\n\nDominique Marty, 3, rue du Plessis\u2011Piquet, n\u00b0 751, 92\u2011Clamart.\n\n   *   *   *\n<b>Communiqu\u00e9<\/b>\n\nUn \u00e9change de lettres entre Ren\u00e9 Cruse et Pierre Sommermeyer devait \u00eatre publi\u00e9 dans ce num\u00e9ro. La nature de cette pol\u00e9mique ainsi que le moment o\u00f9 elle a lieu la rendent st\u00e9rile et inopportune. Par cons\u00e9quent, elle ne sera pas publi\u00e9e. Pourtant, l\u2019orientation des mouvements et regroupements se r\u00e9clamant de la non-violence en Belgique, en France et en Suisse ainsi que leur attitude vis\u2011\u00e0\u2011vis de groupes plus radicaux nous am\u00e8neront \u00e0 pr\u00e9ciser ult\u00e9rieurement notre position \u00e0 leur \u00e9gard.\n\nANV\n","link":"https:\/\/la-presse-anarchiste.net\/index.php\/category\/anarchisme-et-non-violence-1965-1974\/anarchisme-et-non-violence-na25-avril-mai-1971\/","name":"Anarchisme et non-violence n\u00b025 (avril\/mai 1971)","slug":"anarchisme-et-non-violence-na25-avril-mai-1971","taxonomy":"category","parent":17,"meta":[],"_links":{"self":[{"href":"https:\/\/la-presse-anarchiste.net\/index.php\/wp-json\/wp\/v2\/categories\/182","targetHints":{"allow":["GET"]}}],"collection":[{"href":"https:\/\/la-presse-anarchiste.net\/index.php\/wp-json\/wp\/v2\/categories"}],"about":[{"href":"https:\/\/la-presse-anarchiste.net\/index.php\/wp-json\/wp\/v2\/taxonomies\/category"}],"up":[{"embeddable":true,"href":"https:\/\/la-presse-anarchiste.net\/index.php\/wp-json\/wp\/v2\/categories\/17"}],"wp:post_type":[{"href":"https:\/\/la-presse-anarchiste.net\/index.php\/wp-json\/wp\/v2\/posts?categories=182"},{"href":"https:\/\/la-presse-anarchiste.net\/index.php\/wp-json\/wp\/v2\/pages?categories=182"}],"curies":[{"name":"wp","href":"https:\/\/api.w.org\/{rel}","templated":true}]}}