{"id":284,"count":10,"description":"au sommaire\n\n<a href=\"2440\">\u00abClart\u00e9\u00bb<\/a>\n\n<a href=\"2439\">La question juive<\/a> (Dr L.F.)\n\n<a href=\"2438\">Sur le Trait\u00e9 de paix<\/a> (Jean Grave)\n\n<a href=\"2437\">Le r\u00f4le de l'Italie et la paix mondiale<\/a> (Christian Cornelissen)\n\n<a href=\"2436\">Les faits du mois<\/a> (Marc Pierrot)\n\n<a href=\"2435\">La fin d'une mission<\/a> (Marc Pierrot)\n\n<a href=\"2434\">Le coin des lecteurs<\/a>\n\n<b>\u00c0 travers le monde<\/b>\n- <a href=\"2433\">Japon<\/a>\n-<a href=\"2432\">Portugal<\/a>\n\n<a href=\"2431\">Au travail<\/a> (Jean Grave)\n\n\n\n\n\n\nLa souscription pour ce num\u00e9ro s'\u00e9l\u00e8ve \u00e0 384,10 francs[","link":"https:\/\/la-presse-anarchiste.net\/index.php\/category\/temps-nouveaux-les-1919-1921\/les-temps-nouveaux-na3-15-septembre-1919\/","name":"Les Temps nouveaux n\u00c2\u00b03 (15 septembre 1919)","slug":"les-temps-nouveaux-na3-15-septembre-1919","taxonomy":"category","parent":130,"meta":[],"_links":{"self":[{"href":"https:\/\/la-presse-anarchiste.net\/index.php\/wp-json\/wp\/v2\/categories\/284","targetHints":{"allow":["GET"]}}],"collection":[{"href":"https:\/\/la-presse-anarchiste.net\/index.php\/wp-json\/wp\/v2\/categories"}],"about":[{"href":"https:\/\/la-presse-anarchiste.net\/index.php\/wp-json\/wp\/v2\/taxonomies\/category"}],"up":[{"embeddable":true,"href":"https:\/\/la-presse-anarchiste.net\/index.php\/wp-json\/wp\/v2\/categories\/130"}],"wp:post_type":[{"href":"https:\/\/la-presse-anarchiste.net\/index.php\/wp-json\/wp\/v2\/posts?categories=284"},{"href":"https:\/\/la-presse-anarchiste.net\/index.php\/wp-json\/wp\/v2\/pages?categories=284"}],"curies":[{"name":"wp","href":"https:\/\/api.w.org\/{rel}","templated":true}]}}