{"id":359,"count":14,"description":"Au sommaire\n\n<a href=\"3179\">Stabilisation!<\/a> (La Revue Anarchiste)\n\n<a href=\"3180\">De l'\u00e9ducation-amour ou la paternit\u00e9 vraie<\/a> (Ganz-Allein)\n\n<a href=\"3181\">R\u00eaves<\/a> (S. Peters)\n\n<a href=\"3182\">Fernand Kolney<\/a> (Aur\u00e8le Patorni\n\n<a href=\"3183\">La Citoyenne Guillotine<\/a> (Fernand Kolney)\n\n<a href=\"3184\">Les Amis de la \"Revue Anarchiste\"<\/a>\n\n<a href=\"3185\">Henrik Ibsen<\/a> (A. Bailly)\n\n<a href=\"3186\">C\u00f4t\u00e9 des dames<\/a> (Maximilienne)\n\n<a href=\"3187\">Centenaire de la conqu\u00eate de l'Alg\u00e9rie<\/a> (Elie Angonin)\n\n<a href=\"3188\">La Ruche<\/a> (Horace Bleackley)\n\n<a href=\"3189\">Lettre d'Espagne<\/a> (A.G.)\n\n<a href=\"3190\">Le cin\u00e9ma sovi\u00e9tique<\/a> (L\u00e9o Claude)\n\n<a href=\"3191\">Dans le jeu de quilles<\/a> (Le chien)\n\n<a href=\"3192\">\u00c0 travers les p\u00e9riodiques<\/a> (Joseph Durand)\n\n\n\n\n\nLa revue annonce les r\u00e9unions du <i>club anarchiste d'\u00e9tude<\/i>, tous les mercredi \u00e0 8h30, salle Fargette, 23 rue des Fontaines (Paris)\n\n- 9 avril: <i>Cons\u00e9quences pratiques de la mise de la guerre hors la loi<\/i> par Paul Bergeron\n- 16 avril: <i>Les horreurs de la guerre<\/i> (projections lumineuses) par M. Theureau.\n- 23 avril: <i>Le d\u00e9veloppement des pouvoirs occultes en l'homme<\/i> par Vivian du Mas.\n- 30 avril: <i>La r\u00e9forme<\/i> par Pierre Roggers.\n- 7 mai: <i>l\u2019\u0153uvre de Fernand Kolney<\/i> par Aur\u00e8le Patorni.\n\nElle donne aussi les r\u00e9union organis\u00e9es par l'<i>En-dehors<\/i> qui ont lieu 77 boulevard Barb\u00e8s (premier \u00e9tage) \u00e0 20h30:\n- Lundi 24 avril: <i>origine de la Soci\u00e9t\u00e9 et du Sentiment religieux. Critique de Durkheim et autres<\/i> par M. Fournier.\n- Lundi 28 avril: <i>L'ordre des Templiers eut-il un esprit r\u00e9volutionnaire? Comment et pourquoi?<\/i> par D. Caudine.\n- Lundi 12 mai: <i>La Litt\u00e9rature, le Th\u00e9\u00e2tre et le Cin\u00e9ma d'apr\u00e8s-guerre<\/i> par Aur\u00e8le Patorni.\n\nEnfin, elle indique que les <i>Amis de l'Encyclop\u00e9die Anarchiste<\/i> se r\u00e9uniront le mardi 13 mai \u00e0 21 heures, salle du restaurant coop\u00e9ratif \"la Solidarit\u00e9\", 15 rue de Meaux (Paris). Il y aura une causerie, <i>La vie de l'Encyclop\u00e9die Anarchiste<\/i> par un camarade.\n\n\n\n\n\n\n\nLa souscription pour le mois de mars 1930 s'\u00e9l\u00e8ve \u00e0 1.247 francs\n ","link":"https:\/\/la-presse-anarchiste.net\/index.php\/category\/revue-anarchiste-la-1929-1936\/la-revue-anarchiste-na5-avril-1930\/","name":"La Revue Anarchiste n\u00c2\u00b05 (avril 1930)","slug":"la-revue-anarchiste-na5-avril-1930","taxonomy":"category","parent":88,"meta":[],"_links":{"self":[{"href":"https:\/\/la-presse-anarchiste.net\/index.php\/wp-json\/wp\/v2\/categories\/359","targetHints":{"allow":["GET"]}}],"collection":[{"href":"https:\/\/la-presse-anarchiste.net\/index.php\/wp-json\/wp\/v2\/categories"}],"about":[{"href":"https:\/\/la-presse-anarchiste.net\/index.php\/wp-json\/wp\/v2\/taxonomies\/category"}],"up":[{"embeddable":true,"href":"https:\/\/la-presse-anarchiste.net\/index.php\/wp-json\/wp\/v2\/categories\/88"}],"wp:post_type":[{"href":"https:\/\/la-presse-anarchiste.net\/index.php\/wp-json\/wp\/v2\/posts?categories=359"},{"href":"https:\/\/la-presse-anarchiste.net\/index.php\/wp-json\/wp\/v2\/pages?categories=359"}],"curies":[{"name":"wp","href":"https:\/\/api.w.org\/{rel}","templated":true}]}}