{"id":36,"count":17,"description":"Au sommaire\n\n<a href=\"222\">L'int\u00e9gration imaginaire du prol\u00e9tariat<\/a> (Nicolas)\n- <a href=\"226\">Un commencement de discussion<\/a>\n\n<a href=\"221\">Lip revu et corrig\u00e9<\/a>\n- L'analyseur Lip\n- Utopie n\u00b08\n- Mise au point n\u00b02\n- N\u00e9gation n\u00b03\n- Deux critiques radicales\n- Apr\u00e8s une discussion\n\n<a href=\"227\">Les lendemains des GARI<\/a>\n\n<a href=\"228\">Lutte des femmes et lutte anti-fasciste<\/a>\n\nLire ou ne pas lire\n- <a href=\"230\">La soci\u00e9t\u00e9 contre l'\u00c9tat<\/a> (Agathe)\n- <a href=\"231\">Les conseils ouvriers<\/a>\n- <a href=\"232\">R\u00e9volution et contre-r\u00e9volution en Catalogne<\/a>\n- <a href=\"233\">Cahiers du Futur n\u00b01 et n\u00b02<\/a> (P. Lepeintre)\n- <a href=\"234\">Autogestion et socialisme n\u00b026-27<\/a> (Martin)\n- <a href=\"235\">Capitalisme et lutte de classe en Pologne<\/a>\n- <a href=\"236\">Enseignement de la R\u00e9volution Espagnole<\/a>\n- <a href=\"237\">Malatesta: philosophie politique<\/a>\n- <a href=\"238\">Portugal: l'autre combat<\/a>\n\nD\u00e9bat\n- <a href=\"239\">Nos points communs<\/a> (texte collectif \u2014 la Lanterne Noire)\n- <a href=\"240\">Des points peu communs<\/a> (Claude)\n- <a href=\"241\">Sur le texte \u00abNos points communs\u00bb<\/a> (J.-P. de Lyon)\n","link":"https:\/\/la-presse-anarchiste.net\/index.php\/category\/lanterne-noire-la-1974-1978\/la-lanterne-noire-n2-decembre-1974-janvier-1975\/","name":"La Lanterne Noire n\u00b02 (d\u00e9cembre 1974 \u2014 janvier 1975)","slug":"la-lanterne-noire-n2-decembre-1974-janvier-1975","taxonomy":"category","parent":34,"meta":[],"_links":{"self":[{"href":"https:\/\/la-presse-anarchiste.net\/index.php\/wp-json\/wp\/v2\/categories\/36","targetHints":{"allow":["GET"]}}],"collection":[{"href":"https:\/\/la-presse-anarchiste.net\/index.php\/wp-json\/wp\/v2\/categories"}],"about":[{"href":"https:\/\/la-presse-anarchiste.net\/index.php\/wp-json\/wp\/v2\/taxonomies\/category"}],"up":[{"embeddable":true,"href":"https:\/\/la-presse-anarchiste.net\/index.php\/wp-json\/wp\/v2\/categories\/34"}],"wp:post_type":[{"href":"https:\/\/la-presse-anarchiste.net\/index.php\/wp-json\/wp\/v2\/posts?categories=36"},{"href":"https:\/\/la-presse-anarchiste.net\/index.php\/wp-json\/wp\/v2\/pages?categories=36"}],"curies":[{"name":"wp","href":"https:\/\/api.w.org\/{rel}","templated":true}]}}