{"id":360,"count":11,"description":"Au sommaire\n\n<a href=\"3193\">L'individu \u00e0 la recherche de lui-m\u00eame<\/a> (Ganz-Allein)\n\n<a href=\"3194\">Libert\u00e9, Libert\u00e9 ch\u00e9rie!...<\/a> (Jules Rivet)\n\n<a href=\"3195\">Ballade pour la claire Tour<\/a> (Pierre Ch\u00e2telain-Tailhade)\n\n<a href=\"3196\">La notion de la R\u00e9ciprocit\u00e9<\/a> (E. Armand)\n\n<a href=\"3197\">La V\u00e9rit\u00e9 en marche<\/a> (Voline)\n\nCentenaire de la conqu\u00eate de l'Alg\u00e9rie, 1830\/1930 (\u00c9lie Angonin)\n- <a href=\"3198\">Colonisation et capitaliste<\/a>\n\n<a href=\"3199\">Une d\u00e9finition du Libre-penseur<\/a> (Georges Withoutname)\n\n<a href=\"3200\">Les Livres<\/a> (A. Bailly, Camille)\n\nLettres d'ailleurs\n- <a href=\"3201\">Lettre du Portugal<\/a> (R.R.)\n\n<a href=\"3202\">Dans le jeu de quilles<\/a> (Le Chien)\n\n<a href=\"3203\">A travers les p\u00e9riodiques<\/a> (Joseph Durand)\n\n[|<b>Notes et Communiqu\u00e9s<\/b>|]\n\nLa Revue signale le cas de Francesco Ghezzi, emprisonn\u00e9 en Russie, que lui transmet le <i>Comit\u00e9 International de D\u00e9fense Anarchiste<\/i>. Et indique comme contact, Hem Day, B.P. n\u00b04, Bruxelles 9.\n\n[|<b>*  *  *  *<\/b>|]\n\n\n[|Club scientifique ouvrier\n23, rue Boyer, Paris 20e|]\n\nTous les lundis, \u00e0 20&nbsp;h&nbsp;45, cours gratuits destin\u00e9s aux ouvriers et faits par des professeurs sp\u00e9cialis\u00e9s.\n\n[|<b>*  *  *  *<\/b>|]\n\n\nDes r\u00e9unions organis\u00e9es par la <i>Libre Pens\u00e9e-Action sociale de Paris<\/i> ont lieu le deuxi\u00e8me samedi de chaque mois, \u00e0 20&nbsp;h&nbsp;30, au Foyer V\u00e9g\u00e9talien, 40 rue Mathis (M\u00e9tro Crim\u00e9e).\n\n[|<b>*  *  *  *<\/b>|]\n\n\nLes r\u00e9unions de <i>l'En-dehors<\/i> ont lieu 77, boulevard Barb\u00e8s (premier \u00e9tage), \u00e0 20h30 (M\u00e9tro Marcadet ou Poissonniers).\n- Lundi 26 mai. -- Doctoresse Pelletier: <i>La Rationalisation<\/i>.\n- Dimanche 8 juin. -- <i>Journ\u00e9e de plein air en banlieue<\/i>.\n- Lundi 9 juin. -- G\u00e9rard de Lacaze-Duthiers: <i>O\u00f9 en est Glozel?<\/i>.\n- Lundi 23 juin. -- E. Armand: <i>De quelques \"extravagances\" reproch\u00e9es \u00e0 l'\"En dehors\"<\/i>.\n\n[|<b>*  *  *  *<\/b>|]\n\n\n[|Club Anarchiste d\u2019\u00c9tude|]\nR\u00e9union tous les mercredi \u00e0 8h30, salle Fargette, 23 rue des Fontaines (m\u00e9tro Arts et M\u00e9tiers).\n\n[|<b>*  *  *  *<\/b>|]\n\n\nLe Phalanst\u00e8re Philippe va organiser pour juillet-ao\u00fbt-septembre un camping naturiste dans un cadre merveilleux, grand domaine montagneux de la r\u00e9gion d'Al\u00e8s. Les sympathisants admis moyennant une pension minime. Le nombre des places \u00e9tant limit\u00e9, s'inscrire pour dates et conditions chez Philippe, 65, rue de Vanves, Paris (14e).\n\n\n\n\n\n\nLa souscription du 1er au 30 avril 1930 s'\u00e9l\u00e8ve \u00e0 127 francs.\n\nLa premi\u00e8re liste des i&gt;Amis de la R.A. s'\u00e9l\u00e8ve \u00e0 90 francs.\n \n\n\n\n\n","link":"https:\/\/la-presse-anarchiste.net\/index.php\/category\/revue-anarchiste-la-1929-1936\/la-revue-anarchiste-na6-mai-1930\/","name":"La Revue anarchiste n\u00c2\u00b06 (mai 1930)","slug":"la-revue-anarchiste-na6-mai-1930","taxonomy":"category","parent":88,"meta":[],"_links":{"self":[{"href":"https:\/\/la-presse-anarchiste.net\/index.php\/wp-json\/wp\/v2\/categories\/360","targetHints":{"allow":["GET"]}}],"collection":[{"href":"https:\/\/la-presse-anarchiste.net\/index.php\/wp-json\/wp\/v2\/categories"}],"about":[{"href":"https:\/\/la-presse-anarchiste.net\/index.php\/wp-json\/wp\/v2\/taxonomies\/category"}],"up":[{"embeddable":true,"href":"https:\/\/la-presse-anarchiste.net\/index.php\/wp-json\/wp\/v2\/categories\/88"}],"wp:post_type":[{"href":"https:\/\/la-presse-anarchiste.net\/index.php\/wp-json\/wp\/v2\/posts?categories=360"},{"href":"https:\/\/la-presse-anarchiste.net\/index.php\/wp-json\/wp\/v2\/pages?categories=360"}],"curies":[{"name":"wp","href":"https:\/\/api.w.org\/{rel}","templated":true}]}}