{"id":393,"count":14,"description":"Au sommaire\n\n<a href=\"3524\">Aux amis des Temps Nouveaux<\/a>\n\n<a href=\"3525\">Choses de Corse<\/a> (Ch. Malato)\n\n<a href=\"3526\">Notre F\u00eate de Solidarit\u00e9<\/a>\n\n<a href=\"3513\">Le Probl\u00e8me de la Libert\u00e9<\/a> (Paul Gille)\n\n<a href=\"3514\">Les probl\u00e8mes de demain<\/a> (M. Isidine)\n\n<a href=\"3515\">Isadora Duncan<\/a> (J.R.)\n\n<a href=\"3516\">La P\u00e9riode Jeffersonienne<\/a> (Laurent-Casas)\n\n<a href=\"3517\">Le statut social<\/a> (Auguste Bertrand)\n\n<a href=\"3518\">Propos \u00e0 b\u00e2tons rompus<\/a> (M.P.)\n\n<a href=\"3519\">Voudra-t-on nous comprendre?<\/a> (Jean Grave)\n\n<b>\u00c0 travers le Monde<\/b>\n- <a href=\"3520\">\u00c9tats Unis<\/a>\n- <a href=\"3521\">Espagne<\/a>\n- <a href=\"3522\">Grande-Bretagne<\/a>\n\n<a href=\"3523\">Bibliographie<\/a> (J.R. et P.R.)\n\n\n\n\n\n\nLa Revue annonce avoir collect\u00e9 seulement 5 frs pour sa collecte destin\u00e9e \u00e0 envoyer des secours \u00e0 Max Nettlau.\n\n[Pour Max Nettlau]","link":"https:\/\/la-presse-anarchiste.net\/index.php\/category\/temps-nouveaux-les-1919-1921\/les-temps-nouveaux-na10-15-avril-1920\/","name":"Les Temps Nouveaux n\u00c2\u00b010 (15 avril 1920)","slug":"les-temps-nouveaux-na10-15-avril-1920","taxonomy":"category","parent":130,"meta":[],"_links":{"self":[{"href":"https:\/\/la-presse-anarchiste.net\/index.php\/wp-json\/wp\/v2\/categories\/393","targetHints":{"allow":["GET"]}}],"collection":[{"href":"https:\/\/la-presse-anarchiste.net\/index.php\/wp-json\/wp\/v2\/categories"}],"about":[{"href":"https:\/\/la-presse-anarchiste.net\/index.php\/wp-json\/wp\/v2\/taxonomies\/category"}],"up":[{"embeddable":true,"href":"https:\/\/la-presse-anarchiste.net\/index.php\/wp-json\/wp\/v2\/categories\/130"}],"wp:post_type":[{"href":"https:\/\/la-presse-anarchiste.net\/index.php\/wp-json\/wp\/v2\/posts?categories=393"},{"href":"https:\/\/la-presse-anarchiste.net\/index.php\/wp-json\/wp\/v2\/pages?categories=393"}],"curies":[{"name":"wp","href":"https:\/\/api.w.org\/{rel}","templated":true}]}}