{"id":426,"count":27,"description":"Au sommaire\n\n<a href=\"3757\">Biologique!<\/a> (Sagittarius)\n\n<a href=\"3758\">La marche triomphale<\/a> (A. Bailly)\n\n<a href=\"3759\">Ma conception de l'amour<\/a> (Nexpos)\n\n<a href=\"3760\">Haute \u00e9cole<\/a> (Manuel Devald\u00e8s)\n\n<a href=\"3761\">Tolsto\u00ef \u00e9tait-il individualiste?<\/a> (Juan de Iniesta)\n\n<a href=\"3762\">Faut-il dire la v\u00e9rit\u00e9?<\/a> (G\u00e9rard de Lacaze-Duthiers)\n\n<a href=\"3763\">Je pense... donc j'\u00e9cris<\/a> (R.M.)\n\n<a href=\"3764\">La ruche endormie<\/a> (Eug\u00e8ne Bizeau)\n\n<a href=\"3765\">Au gr\u00e9 des jours<\/a> (E. Armand)\n\n<a href=\"3766\">Partialit\u00e9 ou impartialit\u00e9 de l'\u00e9ducation<\/a> (Ixigrec)\n\n<a href=\"3767\">La philosophie de l'\u00e9go\u00efsme<\/a> (James L. Walker)\n\n<a href=\"3768\">Vains propos<\/a> (Louis Est\u00e8ve)\n\n<a href=\"3769\">\u00c9ros dans le IIIe Reich<\/a> (Eug\u00e8ne Relgis)\n\n<a href=\"3770\">Po\u00e8me pour l'amie<\/a> (E. Armand)\n\n<a href=\"3771\">\u00abOn\u00e9\u00efda\u00a0\u00bb et le \u00ab\u00a0mariage complexe\u00bb<\/a> (E. Armand)\n\n<a href=\"3772\">F\u00e9rocit\u00e9<\/a> (Boucher de Perthes)\n\nTrois mots aux amis (non transcrit ici)\n\n<a href=\"3773\">Fun\u00e9railles par anticipation<\/a> (Jean Marestan)\n\n<a href=\"3774\">J'aime le soir<\/a> (Daniel Caron)\n\n<a href=\"3775\">O magnifique lune<\/a> (Pierre B\u00e9rg\u00e9)\n\n<b>Correspondance<\/b>\n- <a href=\"3776\">La crainte r\u00e9ciproque<\/a> (R.P. Besan\u00e7on)\n- <a href=\"3777\">L'\u00e9ducation de l'enfant<\/a> (Th\u00e9r\u00e8se Gaucher)\n- <a href=\"3778\">La v\u00e9rit\u00e9 est-elle toujours bonne \u00e0 dire?<\/a> (Rachel Lantier)\n\n<a href=\"3779\">La poup\u00e9e d\u2019amour<\/a> (Pierre-Valentin Berthier)\n\n<a href=\"3780\">R\u00e9flexions sur la beaut\u00e9<\/a> (M. Grivet-Richard)\n\nEn marge des compressions sociales\n- <a href=\"3781\">The Llano Colony<\/a> (E. A.)\n\n<a href=\"3782\">La Fontaine et sa philosophie<\/a> (Ixigrec)\n\n<a href=\"3783\">Du haut de mon mirador<\/a> (Qui C\u00e9)\n\n\n\n\n\n\n\n<b>La revue organise les r\u00e9unions suivantes<\/b>\n- Lundi 24 f\u00e9vrier\u00a0: \u00ab\u00a0La psycho-sociologie des slogans\u00a0\u00bb, par G\u00e9rard de Lacaze-Duthiers.\n- lundi 31 mars\u00a0: \u00ab\u00a0Le po\u00e8te russe Michel Lermontoff\u00a0\u00bbT par Jane Hyrem. (Auditions de quelques po\u00e8mes traduits par Olga Goutvein).\n- Lundi 28 avril\u00a0: \u00ab\u00a0Laurent Tailhade, sa vie et son \u0153uvre\u00a0\u00bb, par Aur\u00e8le Patorni.\n- Lundi 26 mai\u00a0: \u00ab\u00a0L'homme, les sous-hommes, les surhommes\u00a0\u00bb, par A. Ste Lagu\u00eb.\n- Lundi 30 juin\u00a0: \u00ab\u00a0Pr\u00e9sence n\u00e9cessaire de l'homme dans une \u00e9conomie nouvelle\u00a0\u00bb, par Robert Jospin.","link":"https:\/\/la-presse-anarchiste.net\/index.php\/category\/lunique-1945-1956\/1947\/lunique-n17-janvier-fevrier-1947\/","name":"L'Unique n\u00b017 (janvier\/f\u00e9vrier 1947)","slug":"lunique-n17-janvier-fevrier-1947","taxonomy":"category","parent":425,"meta":[],"_links":{"self":[{"href":"https:\/\/la-presse-anarchiste.net\/index.php\/wp-json\/wp\/v2\/categories\/426","targetHints":{"allow":["GET"]}}],"collection":[{"href":"https:\/\/la-presse-anarchiste.net\/index.php\/wp-json\/wp\/v2\/categories"}],"about":[{"href":"https:\/\/la-presse-anarchiste.net\/index.php\/wp-json\/wp\/v2\/taxonomies\/category"}],"up":[{"embeddable":true,"href":"https:\/\/la-presse-anarchiste.net\/index.php\/wp-json\/wp\/v2\/categories\/425"}],"wp:post_type":[{"href":"https:\/\/la-presse-anarchiste.net\/index.php\/wp-json\/wp\/v2\/posts?categories=426"},{"href":"https:\/\/la-presse-anarchiste.net\/index.php\/wp-json\/wp\/v2\/pages?categories=426"}],"curies":[{"name":"wp","href":"https:\/\/api.w.org\/{rel}","templated":true}]}}