{"id":51,"count":19,"description":"Au sommaire\r\n\r\n<a href=\"305\">La force du m\u00e9pris<\/a> (Angelo Jorge)\r\n\r\n<a href=\"306\">O\u00f9 va l'humanit\u00e9<\/a> (6) (Ixigrec)\r\n\r\n<a href=\"308\">R\u00e9alit\u00e9s, v\u00e9rit\u00e9s<\/a> (G\u00e9rard de Lacaze-Duthiers)\r\n\r\n<a href=\"309\">Le probl\u00e8me de l'amour<\/a> (Errico Malatesta)\r\n\r\n<a href=\"310\">\u00c9volution f\u00e9minine<\/a> (S.C.)\r\n\r\n<strong>Haute \u00e9cole<\/strong>\r\n<a href=\"311\">Chez les intellectuels<\/a> (Manuel Devald\u00e8s)\r\n\r\n<a href=\"312\">Mon camarade<\/a> (E. R. Duanyer)\r\n\r\n<a href=\"313\">\u00c0 propos de l'abbaye de Th\u00e9l\u00e8me<\/a> (E. Armand)\r\n\r\n<a href=\"314\"><strong>Un \u00ab\u00a0t\u00e9moin\u00a0\u00bb de la mauvaise naissance<\/strong><\/a> (Manuel Devald\u00e8s)\r\nDivorce (Marius Scalesi)\r\nMensonge (Marius Scalesi)\r\n\r\n<a href=\"315\">Entre nous<\/a> (E. Armand)\r\n\r\n<a href=\"316\">L'amour v\u00e9ritable<\/a> (J. William Lloyd)\r\n\r\nL'imprimerie, la sc\u00e8ne, l'\u00e9cran (simple liste, non transcrise ici)\r\n\r\n<a href=\"317\">La parole donn\u00e9e<\/a> (E. Armand)\r\n\r\n<a href=\"323\">En relisant Stirner<\/a> (2) (J.-P. Sieurac)\r\n\r\n<a href=\"324\">Don Juan<\/a> (E. Armand)\r\n\r\n<a href=\"325\">Du haut de mon mirador<\/a> (Qui C\u00e9)\r\n\r\n<strong>Vari\u00e9t\u00e9s<\/strong>\r\n<a href=\"326\">Bababek et les fakirs<\/a> (Voltaire)\r\n\r\n<a href=\"328\">Les pr\u00e9curseurs : l'individualisme pr\u00e9socratique<\/a> (Joane)\r\n\r\n<a href=\"329\">Sexualisme et amour<\/a> (Pervenche)\r\n\r\n<a href=\"330\">Lettre des Pays-Bas<\/a> (A.C. Bakels)\r\n\r\nTrois mots aux amis\u00a0: petite correspondance, (non transcrite ici). \u00c0 noter toutefois cette annonce : \r\n<blockquote>Louis Rimbault.\u00a0\u2014 \u00ab\u00a0Terre Lib\u00e9r\u00e9e\u00a0\u00bb, \u00e0 Luynes (Indre et Loire), nous prie d'annoncer que lui et \u00ab\u00a0T.L.\u00a0\u00bb sont bien vivants bien que tous deux aient \u00e9t\u00e9 s\u00e9rieusement maltrait\u00e9s par Vichy et par l'occupant. Ils n'en continuent pas moins, au seuil de la 23e ann\u00e9e d'exp\u00e9rience, leur \u0153uvre de lib\u00e9ration et de r\u00e9g\u00e9n\u00e9ration individuelle.<\/blockquote> \r\n\r\n\r\n\r\n\r\n\r\n\r\nLa revue annonce, pour le 25 novembre, salle de la Chambre Syndicale des employ\u00e9s, 38 rue Blanche (Paris) une conf\u00e9rence de Nexpos : <strong>La lib\u00e9ration de l'homme<\/strong>. Avec participation de Ch. Ballet, Ixigrec, M. Laurian et E. Armand..\r\n\r\nLe 26 novembre\u00a0: \u00ab\u00a0La philosophie de Jean de la Fontaine\u00a0\u00bb par Ixigrec\r\n\r\nLe 31 d\u00e9cembre\u00a0: \u00ab\u00a0O\u00f9 en sommes-nous\u00a0?\u00a0\u00bb par E. Armand\r\n\r\nLe 28 janvier\u00a0: \u00ab\u00a0Les po\u00e8tes et le combat\u00a0\u00bb par Marius Brubach.\r\n\r\nCes trois derni\u00e8res r\u00e9unions (priv\u00e9es) sont organis\u00e9es par le centre \u00ab\u00a0L'Unique\u00a0\u00bb (Les amis d'E. Armand), Caf\u00e9 du Bel Air \u00e0 Paris.\r\n\r\n\r\n\r\n\r\n\r\n\r\nLa souscription pour ce num\u00e9ro s'\u00e9l\u00e8ve \u00e0 10\u00a0080 francs \r\n","link":"https:\/\/la-presse-anarchiste.net\/index.php\/category\/lunique-1945-1956\/1945-n-1-a-6\/lunique-na5-novembre-1945\/","name":"L'Unique n\u00b05, novembre 1945","slug":"lunique-na5-novembre-1945","taxonomy":"category","parent":4,"meta":[],"_links":{"self":[{"href":"https:\/\/la-presse-anarchiste.net\/index.php\/wp-json\/wp\/v2\/categories\/51","targetHints":{"allow":["GET"]}}],"collection":[{"href":"https:\/\/la-presse-anarchiste.net\/index.php\/wp-json\/wp\/v2\/categories"}],"about":[{"href":"https:\/\/la-presse-anarchiste.net\/index.php\/wp-json\/wp\/v2\/taxonomies\/category"}],"up":[{"embeddable":true,"href":"https:\/\/la-presse-anarchiste.net\/index.php\/wp-json\/wp\/v2\/categories\/4"}],"wp:post_type":[{"href":"https:\/\/la-presse-anarchiste.net\/index.php\/wp-json\/wp\/v2\/posts?categories=51"},{"href":"https:\/\/la-presse-anarchiste.net\/index.php\/wp-json\/wp\/v2\/pages?categories=51"}],"curies":[{"name":"wp","href":"https:\/\/api.w.org\/{rel}","templated":true}]}}