{"id":520,"count":18,"description":"Au sommaire\n\n<a href=\"4480\">Nous sommes trop<\/a> (Jeanne Humbert)\n\n<a href=\"4481\">Soit dit en passant<\/a> (Aim\u00e9e Bailly)\n\n<a href=\"4482\">Notre correspondance<\/a>\n- \u00c0 propos d'honneur (Eug\u00e8ne Granguillotte)\n- Lettre du Paraguay (Marius Parsonneau)\n\n<a href=\"4483\">\u00c0 comptes, comptes et demi<\/a>\n\nProbl\u00e8mes africains\n- <a href=\"4484\">T\u00e9moignage alg\u00e9rien<\/a> (Pacemulo)\n\n<a href=\"4485\">De la hi\u00e9rarchie<\/a> (Raymond Beaulaton)\n\n<a href=\"4486\">L'indignit\u00e9 de la presse<\/a> (Andr\u00e9 Maille)\n\n<a href=\"4487\">Des canons ou du beurre\u00a0?<\/a> (Hem Day)\n\n<a href=\"4488\">Dans la jungle autoritaire<\/a> (Pierre Muald\u00e8s, Mowgli)\n\n<a href=\"4489\">Premier sourire<\/a> (Pierre-Valentin Berthier)\n\n<a href=\"4490\">Les petits paysans<\/a> (Gaston Britel)\n\n<a href=\"4491\">Libertaires et pacifistes en Roumanie<\/a> (Eugen Relgis)\n\nMani\u00e8res de voir\n- <a href=\"4492\">Le pacifisme et la paix<\/a> (Henri Bouy\u00e9)\n\nLes nouvelles pacifistes\n- <a href=\"4493\">Ruth Reynolds<\/a>\n\n<a href=\"4494\">Les purs<\/a> (Jean Souvenance)\n\n<a href=\"4495\">L'\u00e9cho<\/a> (Maurice Halle)\n\n<a href=\"4496\">Isra\u00ebl, second souffle ou souffle \u00e9tatique\u00a0?<\/a> (Henri May)\n\n<a href=\"4497\">La vitrine du libraire<\/a> (Peer-Lavirgule)\n\n[|Communiqu\u00e9s divers|]\n\n<i>Centre \u00ab\u00a0L'Unique\u00a0\u00bb<\/i>. \u2014 R\u00e9unions le dernier lundi de chaque mois au caf\u00e9 du Bel-Air (angle place Bienvenue-avenue du Maine \u2014 m\u00e9tro\u00a0: Montparnasse), \u00e0 20 heures pr\u00e9cises.\n\n<i>Amis de S\u00e9bastien Faure<\/i>. \u2014 L'activit\u00e9 du groupe s'exerce depuis plusieurs ann\u00e9es. But\u00a0: faire conna\u00eetre aux jeunes la grande figure de l'orateur libertaire, diffuser son \u0153uvre \u00e9crit, r\u00e9pandre les id\u00e9es qu'il a d\u00e9fendues. Tous renseignements \u00e0 Pierre Lentente, 55, rue Pix\u00e9r\u00e9court, Paris-20\u00b0.\n\n<i>Amis de Han Ryner<\/i>. \u2014 La soci\u00e9t\u00e9, qui a pour but de porter \u00e0 la connaissance du public l'\u0153uvre philosophique de Han Ryner et d'assurer la publication de manuscrits in\u00e9dits, tient r\u00e9guli\u00e8rement ses r\u00e9unions auxquelles vous \u00eates cordialement invit\u00e9. Renseignements \u00e0 Louis Simon, 3, all\u00e9e du Ch\u00e2teau, Pavillons-sous-Bois (Seine).\n\n<i>La Vache enrag\u00e9e. \u2014 Chantons quand m\u00eame<\/i>. \u2014 Sous la direction du po\u00e8te beauceron Maurice Hail\u00e9, la \u00ab\u00a0Vache\u00a0\u00bb a install\u00e9 son \u00e9table dans le sous-sol de l'Acropole (porte d'Orl\u00e9ans). Les samedis en soir\u00e9e de 21 h. \u00e0 minuit et dimanches en matin\u00e9e, de 17\u00a0h. \u00e0 20\u00a0h. 30, vous y trouverez une troupe de chansonniers qui vous feront passer un agr\u00e9able moment. Au piano\u00a0: le compositeur George Aubert.\n\n\n\n\n\n\nLa revue signale que Charles d'Avray et sa compagnie tiendront un gala au profit de <i>L'Unique<\/i> dimanche 30 mars \u00e0 20\u00a0h. 30 salle de la G\u00e9ographie, 184 boulevard Saint-Germain (m\u00e9tro\u00a0: St-Germain).\n\n\n\n","link":"https:\/\/la-presse-anarchiste.net\/index.php\/category\/contre-courant-1951-1968\/1951\/contre-courant-na2-mars-1952\/","name":"Contre-courant n\u00c2\u00b02 (mars 1952)","slug":"contre-courant-na2-mars-1952","taxonomy":"category","parent":500,"meta":[],"_links":{"self":[{"href":"https:\/\/la-presse-anarchiste.net\/index.php\/wp-json\/wp\/v2\/categories\/520","targetHints":{"allow":["GET"]}}],"collection":[{"href":"https:\/\/la-presse-anarchiste.net\/index.php\/wp-json\/wp\/v2\/categories"}],"about":[{"href":"https:\/\/la-presse-anarchiste.net\/index.php\/wp-json\/wp\/v2\/taxonomies\/category"}],"up":[{"embeddable":true,"href":"https:\/\/la-presse-anarchiste.net\/index.php\/wp-json\/wp\/v2\/categories\/500"}],"wp:post_type":[{"href":"https:\/\/la-presse-anarchiste.net\/index.php\/wp-json\/wp\/v2\/posts?categories=520"},{"href":"https:\/\/la-presse-anarchiste.net\/index.php\/wp-json\/wp\/v2\/pages?categories=520"}],"curies":[{"name":"wp","href":"https:\/\/api.w.org\/{rel}","templated":true}]}}