{"id":56,"count":14,"description":"Au sommaire\n\n<a href=\"409\">Le \u00ab boire \u00bb et le \u00ab rire \u00bb<\/a> (Han Ryner)\n\n<a href=\"410\">O\u00f9 va l'humanit\u00e9<\/a> (Ixigrec)\n\n<a href=\"461\">R\u00e9alit\u00e9s, v\u00e9rit\u00e9s<\/a> (G\u00e9rard de Lacaze-Duthiers)\n\n<a href=\"462\">Rougeurs<\/a> (Marie-Claire Maguelonne)\n\n<a href=\"463\">L'instinct maternel<\/a> (Dr R\u00e9my Collin)\n\n<a href=\"464\">Ceux qui s'en vont<\/a>\n\n<a href=\"465\">Haute \u00e9cole 6<\/a> : Curiosit\u00e9, pens\u00e9e, volupt\u00e9 (Manuel Devald\u00e8s)\n\n<a href=\"466\">R\u00e9flexions sur \u00abl'\u00e9cole moderne\u00bb<\/a> (J. William Lloyd)\n\n<a href=\"467\">Tolsto\u00ef comme p\u00e9dagogue<\/a>\n\n<a href=\"468\">La th\u00e9orie de l'anarchie<\/a> (3) (Paul Ghio)\n\n<a href=\"469\">Du haut de mon mirador<\/a> (Qui C\u00e9)\n\n<a href=\"470\">R\u00e9trospective<\/a> (E. Armand)\n\nVari\u00e9t\u00e9s : <a href=\"471\">Une histoire de fou<\/a> (E.R. Duanyer)\n\n<a href=\"472\">L'imprim\u00e9, la sc\u00e8ne, l'\u00e9cran<\/a>  (Michel Maurian)\n\n\u00ab L'Unique \u00bb, les familles d'\u00e9lection et les amiti\u00e9s multiples (non transcrit ici)\n\nTrois mots aux amis (non transcrit ici)\n\n\n\n\n\n\nPour ce num\u00e9ro, la souscription s'\u00e9l\u00e8ve \u00e0 8670 francs.\n\n\n\n\n\n\nLa revue annonce les r\u00e9unions suivantes (au caf\u00e9 du Bel air \u00e0 Paris : \n\n- Lundi 31 d\u00e9cembre : O\u00f9 en sommes nous? par E. Armand\n- Lundi 28 janvier : Les po\u00e8tes et le combat par Marius Brubach\n- Lundi 25 f\u00e9vrier : Paraf Javal et son \u0153uvre par Vanel\n-  Lundi 25 mars : Les th\u00e9ories psychanalytiques et la question sociale par Edgard Pesch\n- Lundi 29 avril : L'Unique et le probl\u00e8me de l'amour par E. Armand\n- Lundi 27 mai : Histoire et hygi\u00e8ne de l'inhumation par Daudet-Bancel\n- Lundi 24 juin : Un individualiste peut-il avoir de faux amis ? par Pamphil\u00e9ros\n\n\n\n\n\n\nEn premi\u00e8re page la revue annonce la r\u00e9union suivante : <strong>R\u00e9sistance du subjectivisme ryn\u00e9rien<\/strong>. (ce qu'est le subjectivisme \u2014 Han Ryner et le grand refus \u2014 L'individualisme et le pouvoir) par L. Simon \n\n(G. de Lacaze-Duthiers, Manuel Devald\u00e8s, Nexpos, Ixigrec, Aur\u00e8le Patorni, E. Armand exposerons leur point de vue)\n\nR\u00e9union le dimanche 30 d\u00e9cembre salle de la Chambre Syndicale des Employ\u00e9s 38 rue Blanche (Paris)","link":"https:\/\/la-presse-anarchiste.net\/index.php\/category\/lunique-1945-1956\/1945-n-1-a-6\/lunique-n6-decembre-1945\/","name":"L'Unique N\u00b06, d\u00e9cembre 1945","slug":"lunique-n6-decembre-1945","taxonomy":"category","parent":4,"meta":[],"_links":{"self":[{"href":"https:\/\/la-presse-anarchiste.net\/index.php\/wp-json\/wp\/v2\/categories\/56","targetHints":{"allow":["GET"]}}],"collection":[{"href":"https:\/\/la-presse-anarchiste.net\/index.php\/wp-json\/wp\/v2\/categories"}],"about":[{"href":"https:\/\/la-presse-anarchiste.net\/index.php\/wp-json\/wp\/v2\/taxonomies\/category"}],"up":[{"embeddable":true,"href":"https:\/\/la-presse-anarchiste.net\/index.php\/wp-json\/wp\/v2\/categories\/4"}],"wp:post_type":[{"href":"https:\/\/la-presse-anarchiste.net\/index.php\/wp-json\/wp\/v2\/posts?categories=56"},{"href":"https:\/\/la-presse-anarchiste.net\/index.php\/wp-json\/wp\/v2\/pages?categories=56"}],"curies":[{"name":"wp","href":"https:\/\/api.w.org\/{rel}","templated":true}]}}