{"id":99,"count":20,"description":"Au sommaire\n\n<a href=\"845\">Savoir dire : j'ai tort<\/a> (Clovys)\n\n<a href=\"846\">\u00c0 propos de Nietzsche<\/a> (Paul Zwilling)\n\n<a href=\"847\">O\u00f9 va l'humanit\u00e9<\/a> (Ixigrec)\n\n<a href=\"848\">R\u00e9alit\u00e9s, v\u00e9rit\u00e9s<\/a> (G\u00e9rard de Lacaze-Duthiers)\n\n<a href=\"849\">Paroles dans le vide<\/a> (M. Grivet-Richard)\n\n<a href=\"850\">Lettre ouverte \u00e0 une camarade qui souffrait de l'abandon de celui qui l'aimait<\/a> (E. Armand)\n\n<a href=\"851\">Conclusion d'une causerie sur la d\u00e9sint\u00e9gration de l'atome<\/a> (Nexpos)\n\n<a href=\"852\">Conseils pratiques pour lire convenablement<\/a>\n\n<a href=\"853\">Nietsche et le retour \u00e9ternel<\/a> (Manuel devald\u00e8s)\n\n<a href=\"854\">Les pr\u00e9curseurs: l'individualisme pr\u00e9socratique<\/a> (Joane)\n\n<a href=\"855\">Po\u00e8mes pour l'amie<\/a> (E. Armand)\n\n<a href=\"856\">Du haut de mon mirador<\/a> (Qui C\u00e9)\n\n<a href=\"857\">Un peu de doctrine en passant<\/a> (Lucy Sterne)\n\n<a href=\"858\">Ilote<\/a> (H. Strebel)\n\nL'imprim\u00e9, la sc\u00e8ne, l'\u00e9cran (simple liste sans commentaires, non transcrite ici)\n\n<a href=\"859\">Pens\u00e9es sur la destin\u00e9e<\/a> (Pamphil\u00e9ros)\n\n<a href=\"860\">D\u00e9fense du pluralisme<\/a> (V\u00e9ra Livinska)\n\n<a href=\"861\">La guerre paie...<\/a> (A.G.)\n\n<a href=\"862\">La racine de tous les maux<\/a> (Edna Larkin)\n\n<a href=\"863\">Les superstitions concernant la menstruation<\/a> (Dr Walter Siegmeister)\n\n<a href=\"864\">Les romans utopistes : Les aventures de Gaudence de Lucques<\/a> (E. Armand)\n\nTrois mots aux amis (non transcrit ici)\n\n\n\n\n\n\nLa souscription pour ce num\u00e9ro s'\u00e9l\u00e8ve \u00e0 20&nbsp;537 francs\n\n\n\n\n\n\nLa revue annonce la disparition de Albert Charles au sanatorium de Sainte-Feyre, P. Chatania \u00e0 Lyon ; Jacques Del \u00e0 Fort de France, Ren\u00e9 Dugimont en Syrie, Pierre Lemoine \u00e0 Lyon, Marcello fabri \u00e0 Birmandreis, Ramon P\u00e9rez \u00e0 Oran, Michel P\u00e9rin en Tunisie et Ellias Jimenes Rojas au Costa Rica\n\n\n\n\n\n\nPour le 24 f\u00e9vrier, \u00e0 la chambre syndicale des employ\u00e9s : John Henry Mackay, Le d\u00e9couvreur de Stirner, par E. Armand. Suivi d'une pr\u00e9sentation de l'auteur par Michel Laurian et un expos\u00e9 de sa vie et son activit\u00e9 par Joane.\n\nLe centre \u00ab L'Unique \u00bb pr\u00e9sente les r\u00e9unions suivantes : \n- le 25 f\u00e9vrier : \u00ab Une poign\u00e9e de souvenirs \u00bb par Jean Serru, suivi de \u00ab Stirner et l'\u00e9ducation \u00bb par Joane.\n- le 25 mars : \u00ab Les th\u00e9ories psychanalytiques et la question sociale \u00bb par Edgar Pesch.\n- Le 29 avril : \u00ab L'Unique et le probl\u00e8me de l'amour \u00bb par E. Armand.\n- le 27 mai : \u00ab Histoire et hygi\u00e8ne de l'inhumation \u00bb par Daud\u00e9-Bancel.\n- le 24 juin : \u00ab Un individualiste peut-il avoir de faux amis ? \u00bb par Pamphil\u00e9ros.\n\n\n\n\n\n\nLa revue annonce la tenue des cours par correspondance de langue internationale IDO (Grupo Libertaria Idista). Le contact est C. Papillon, 52 rue Petit \u00e0 Paris 19e\n","link":"https:\/\/la-presse-anarchiste.net\/index.php\/category\/lunique-1945-1956\/1946-n7-a-16\/lunique-n7-janvier-fevrier-1946\/","name":"L'Unique n\u00b07 (janvier\/f\u00e9vrier 1946)","slug":"lunique-n7-janvier-fevrier-1946","taxonomy":"category","parent":98,"meta":[],"_links":{"self":[{"href":"https:\/\/la-presse-anarchiste.net\/index.php\/wp-json\/wp\/v2\/categories\/99","targetHints":{"allow":["GET"]}}],"collection":[{"href":"https:\/\/la-presse-anarchiste.net\/index.php\/wp-json\/wp\/v2\/categories"}],"about":[{"href":"https:\/\/la-presse-anarchiste.net\/index.php\/wp-json\/wp\/v2\/taxonomies\/category"}],"up":[{"embeddable":true,"href":"https:\/\/la-presse-anarchiste.net\/index.php\/wp-json\/wp\/v2\/categories\/98"}],"wp:post_type":[{"href":"https:\/\/la-presse-anarchiste.net\/index.php\/wp-json\/wp\/v2\/posts?categories=99"},{"href":"https:\/\/la-presse-anarchiste.net\/index.php\/wp-json\/wp\/v2\/pages?categories=99"}],"curies":[{"name":"wp","href":"https:\/\/api.w.org\/{rel}","templated":true}]}}