{"id":1000,"date":"2007-11-03T18:44:44","date_gmt":"2007-11-03T18:44:44","guid":{"rendered":"https:\/\/la-presse-anarchiste.net\/index.php\/2007\/11\/03\/quelques-lignes-sur-un-grand-frere\/"},"modified":"2007-11-03T18:44:44","modified_gmt":"2007-11-03T18:44:44","slug":"quelques-lignes-sur-un-grand-frere","status":"publish","type":"post","link":"https:\/\/la-presse-anarchiste.net\/index.php\/2007\/11\/03\/quelques-lignes-sur-un-grand-frere\/","title":{"rendered":"Quelques lignes sur un grand&nbsp;fr\u00e8re"},"content":{"rendered":"<div class=\"pdfprnt-buttons pdfprnt-buttons-post pdfprnt-top-right\"><a href=\"https:\/\/la-presse-anarchiste.net\/index.php\/wp-json\/wp\/v2\/posts\/1000?print=pdf\" class=\"pdfprnt-button pdfprnt-button-pdf\" target=\"_blank\"><img decoding=\"async\" src=\"https:\/\/la-presse-anarchiste.net\/wp-content\/plugins\/pdf-print\/images\/pdf.png\" alt=\"image_pdf\" title=\"Afficher le PDF\"><\/a><a href=\"https:\/\/la-presse-anarchiste.net\/index.php\/wp-json\/wp\/v2\/posts\/1000?print=print\" class=\"pdfprnt-button pdfprnt-button-print\" target=\"_blank\"><img decoding=\"async\" src=\"https:\/\/la-presse-anarchiste.net\/wp-content\/plugins\/pdf-print\/images\/print.png\" alt=\"image_print\" title=\"Contenu imprim\u00e9\"><\/a><\/div><p style=\"margin-right: 0.96cm; text-indent: 1.47cm; margin-bottom: 0cm;\" align=\"justify\">\n<font face=\"Garamond, serif\"><font style=\"font-size: 13pt;\" size=\"3\"><span lang=\"fr-FR\">\u00ab&nbsp;Peut-\u00eatre<br>\nn\u2019ai\u00admons-nous pas assez la vie&nbsp;? Avez-vous remar\u00adqu\u00e9 que la&nbsp;mort<br>\nseule r\u00e9veille nos sen\u00adti\u00adments&nbsp;? Comme nous aimons les amis&nbsp;qui<br>\nviennent de nous quit\u00adter, n\u2019est-ce pas&nbsp;? Comme nous admi\u00adrons ceux&nbsp;de<br>\nnos ma\u00eetres qui ne parlent plus, la bouche pleine de&nbsp;terre?\u2026\u00bb<br>\u200a\u2014\u200a\u00ab&nbsp;La Chute&nbsp;\u00bb\u200a\u2014\u200aEt les mots se suivent encore,<br>\nfouillant, met\u00adtant \u00e0 vif et la peine et la fiert\u00e9<br>\nd\u2019a\u00advoir \u00e9t\u00e9 son cama\u00adrade, son ami.\u200a\u2014\u200aEt le regret de<br>\nne s\u2019\u00eatre pas assez vus, de n\u2019a\u00advoir pas assez \u00e9chang\u00e9<br>\nde pierres chaudes, les galets de ses rivages m\u00e9diterran\u00e9ens<br>\net ceux de mon pays bat\u00adtu de vagues.<\/span><\/font><\/font><\/p>\n<p style=\"margin-right: 0.96cm; text-indent: 1.47cm; margin-bottom: 0cm;\" align=\"justify\" lang=\"fr-FR\">\n<font face=\"Garamond, serif\"><font style=\"font-size: 13pt;\" size=\"3\">D\u2019a\u00adbord<br>\nle Camus de \u00ab&nbsp;Com\u00adbat&nbsp;\u00bb, connu par ses textes. Et<br>\n\u00ab&nbsp;l\u2019\u00c9\u00adtran\u00adger&nbsp;\u00bb sous le bras \u00e0 16 ans\u200a\u2014\u200ala<br>\nfin de la course \u00e0 la mort\u200a\u2014\u200aenfin l\u2019im\u00adpres\u00adsion que c\u2019\u00e9tait<br>\nfini.<\/font><\/font><\/p>\n<p style=\"margin-right: 0.96cm; text-indent: 1.47cm; margin-bottom: 0cm;\" align=\"justify\" lang=\"fr-FR\">\n<font face=\"Garamond, serif\"><font style=\"font-size: 13pt;\" size=\"3\">Et<br>\npuis len\u00adte\u00adment tout s\u2019est remis en mou\u00adve\u00adment\u200a\u2014\u200al\u2019Es\u00adpagne que&nbsp;les<br>\nvain\u00adqueurs bafouaient une fois de plus\u200a\u2014\u200ales camps alle\u00admands&nbsp;qu\u2019on<br>\nd\u00e9cou\u00advrait et qu\u2019un peu plus loin on allait r\u00e9inventer.<\/font><\/font><\/p>\n<p style=\"margin-right: 0.96cm; text-indent: 1.47cm; margin-bottom: 0cm;\" align=\"justify\">\n<font face=\"Garamond, serif\"><font style=\"font-size: 13pt;\" size=\"3\"><span lang=\"fr-FR\">J\u2019a\u00advais<br>\nvingt ans, il fai\u00adsait tr\u00e8s noir devant et der\u00adri\u00e8re&nbsp;moi<br>\u200a\u2014\u200aj\u2019\u00e9\u00adtais peut-\u00eatre myope\u200a\u2014\u200amais on est&nbsp;myope<br>\ntou\u00adjours quand on a vrai\u00adment vingt ans\u200a\u2014\u200aj\u2019a\u00advais lan\u00adc\u00e9&nbsp;mes<br>\npre\u00admiers cris de rage\u200a\u2014\u200a\u00ab&nbsp;enca\u00adpo\u00adt\u00e9&nbsp;\u00bb dans l\u2019arm\u00e9e<br>\nfran\u00ad\u00e7aise de 1948\u200a\u2014\u200ames pre\u00admiers cris de rage d\u2019homme, ne<br>\ncom\u00adpre\u00adnant pas, ne vou\u00adlant pas com\u00adprendre pour\u00adquoi \u00e7a aus\u00adsi&nbsp;\u00e7a<br>\nconti\u00adnuait\u200a\u2014\u200aet les cris de mon pre\u00admier amour, le manie\u00adment du&nbsp;mass<br>\n36, les pre\u00admiers \u00e9lans du c\u0153ur \u00e0 d\u00e9cou\u00advert&nbsp;vers<br>\nun autre \u00eatre\u200a\u2014\u200aavec tout ce qui nous res\u00adtait dans la&nbsp;t\u00eate<br>\nd\u2019un \u00ab&nbsp;dr\u00f4le de temps&nbsp;\u00bb\u200a\u2014\u200aJ\u2019a\u00advais honte de&nbsp;tout<br>\nvrai sen\u00adti\u00adment, j\u2019a\u00advais honte de tout vou\u00adloir don\u00adner, de tout vouloir<br>\nrece\u00advoir\u200a\u2014\u200aqu\u2019est-ce que c\u2019\u00e9\u00adtait que \u00ab&nbsp;Tout&nbsp;\u00bb&nbsp;?<\/span><\/font><\/font><\/p>\n<p style=\"margin-right: 0.96cm; text-indent: 1.47cm; margin-bottom: 0cm;\" align=\"justify\" lang=\"fr-FR\">\n<font face=\"Garamond, serif\"><font style=\"font-size: 13pt;\" size=\"3\">Et<br>\nles pre\u00admiers \u00e9chos de ce verbe \u00ab&nbsp;avoir&nbsp;\u00bb martelant<br>\ntoutes les pages de \u00ab&nbsp;l\u2019\u00c9tranger&nbsp;\u00bb.<\/font><\/font><\/p>\n<p style=\"margin-right: 0.96cm; text-indent: 1.47cm; margin-bottom: 0cm;\" align=\"justify\" lang=\"fr-FR\">\n<font face=\"Garamond, serif\"><font style=\"font-size: 13pt;\" size=\"3\">Il<br>\nfai\u00adsait tr\u00e8s noir, je vous assure, j\u2019ai dit que j\u2019\u00e9tais<br>\nmyope, heu\u00adreu\u00adse\u00adment. Il fal\u00adlait de toutes fa\u00e7ons vivre&nbsp;en<br>\nmyope\u200a\u2014\u200achaque jour se pr\u00e9\u00adsen\u00adtait sans recul pos\u00adsible. On<br>\nl\u2019at\u00adta\u00adquait tr\u00e8s mal, mais il fal\u00adlait l\u2019attaquer.<\/font><\/font><\/p>\n<p style=\"margin-right: 0.96cm; text-indent: 1.47cm; margin-bottom: 0cm;\" align=\"justify\" lang=\"fr-FR\">\n<font face=\"Garamond, serif\"><font style=\"font-size: 13pt;\" size=\"3\">En<br>\nce temps-l\u00e0 d\u00e9j\u00e0 je ten\u00adtais de peindre avec&nbsp;ce<br>\nque je pou\u00advais&nbsp;: fond de tube de rouge \u00e0 l\u00e8vres,<br>\nden\u00adti\u00adfrice, quel\u00adque\u00adfois de la pein\u00adture. Je ten\u00adtais de peindre,<br>\nd\u2019\u00e9\u00adcrire, je crois main\u00adte\u00adnant que je criais seule\u00adment. Que&nbsp;je<br>\ncriais de toutes mes forces \u00e0 la vie, \u00e0 la mort.&nbsp;Et<br>\nc\u2019\u00e9\u00adtait avoir un peu chaud que je voulais.<\/font><\/font><\/p>\n<p style=\"margin-right: 0.96cm; text-indent: 1.47cm; margin-bottom: 0cm;\" align=\"justify\">\n<font face=\"Garamond, serif\"><font style=\"font-size: 13pt;\" size=\"3\"><span lang=\"fr-FR\">Et<br>\npuis j\u2019ai ren\u00adcon\u00adtr\u00e9 Char avec toute sa cha\u00adleur. Et j\u2019ai&nbsp;eu<br>\nchaud, un peu mal\u00adadroi\u00adte\u00adment, je ne savais pas tr\u00e8s bien.&nbsp;Et<br>\npuis par Char j\u2019ai ren\u00adcon\u00adtr\u00e9 Camus\u200a\u2014\u200aet j\u2019ai eu un peu&nbsp;plus<br>\nchaud\u200a\u2014\u200ail \u00e9tait temps. Tous deux ont lu mes premiers<br>\ntextes. Les efforts de Char pour me vendre un des\u00adsin, une toile&nbsp;que<br>\nper\u00adsonne ne vou\u00adlait \u00e0 ce moment-l\u00e0&nbsp;! Mes po\u00e8mes<br>\ndans \u00ab&nbsp;Bothegue Oscure&nbsp;\u00bb\u200a\u2014\u200aEt toute leur merveilleuse<br>\namiti\u00e9.<\/span><\/font><\/font><\/p>\n<p style=\"margin-right: 0.96cm; text-indent: 1.47cm; margin-bottom: 0cm;\" align=\"justify\">\n<font face=\"Garamond, serif\"><font style=\"font-size: 13pt;\" size=\"3\"><span lang=\"fr-FR\">Camus<br>\nlisant, puis d\u00e9fen\u00addant mes textes dans l\u2019en\u00adfer Gallimard&nbsp;\u2014<br>\nquand j\u2019al\u00adlais le voir rue S\u00e9bas\u00adtien-Bot\u00adtin j\u2019appr\u00e9hendais<br>\nbeau\u00adcoup le che\u00admin qui allait de la porte d\u2019en\u00adtr\u00e9e&nbsp;\u00e0<br>\nson bureau au pre\u00admier\u200a\u2014\u200ac\u2019\u00e9\u00adtait l\u2019am\u00adbiance d\u2019U\u00adni\u00adprix ou&nbsp;de<br>\nPri\u00adsu\u00adnic\u200a\u2014\u200a(sur\u00adtout depuis que la mai\u00adson a&nbsp;\u00e9t\u00e9<br>\nrepeinte int\u00e9rieurement).<\/span><\/font><\/font><\/p>\n<p style=\"margin-right: 0.96cm; text-indent: 1.47cm; margin-bottom: 0cm;\" align=\"justify\" lang=\"fr-FR\">\n<font face=\"Garamond, serif\"><font style=\"font-size: 13pt;\" size=\"3\">Je<br>\nvivais d\u2019une mani\u00e8re incer\u00adtaine, en jeune loup. Roger&nbsp;Blin<br>\nn\u2019\u00e9\u00adtait pas \u00e0 Paris, il \u00e9tait all\u00e9 r\u00e9gler<br>\nune mise en sc\u00e8ne en Hol\u00adlande je crois\u200a\u2014\u200aet j\u2019ha\u00adbi\u00adtais&nbsp;chez<br>\nlui pen\u00addant son absence. Camus y est venu\u200a\u2014\u200ail me l\u2019a\u00advait demand\u00e9<br>\u200a\u2014\u200avoir les toiles, les car\u00adtons peints. J\u2019ai oubli\u00e9 de&nbsp;lui<br>\noffrir une chaise\u200a\u2014\u200ail y en avait tr\u00e8s peu chez Blin.&nbsp;Il<br>\ns\u2019est appuy\u00e9 contre une planche qui cou\u00adrait le long d\u2019un mur&nbsp;\u00e0<br>\nla hau\u00adteur d\u2019une table, et il a regar\u00add\u00e9\u2026 Il a vou\u00adlu acheter<br>\nune toile\u200a\u2014\u200aj\u2019\u00e9\u00adtais heu\u00adreux et j\u2019a\u00advais mal\u200a\u2014\u200aje sentais<br>\nqu\u2019il aimait, mais je n\u2019\u00e9\u00adtais pas tr\u00e8s&nbsp;s\u00fbr,<br>\nj\u2019au\u00adrais tant vou\u00adlu que ce ne soit pas seule\u00adment pour m\u2019aider\u2026<\/font><\/font><\/p>\n<p style=\"margin-right: 0.96cm; text-indent: 1.47cm; margin-bottom: 0cm;\" align=\"justify\">\n<font face=\"Garamond, serif\"><font style=\"font-size: 13pt;\" size=\"3\"><span lang=\"fr-FR\">Alors<br>\nles trac\u00adta\u00adtions ont com\u00admen\u00adc\u00e9\u200a\u2014\u200alui n\u2019o\u00adsant pas me demander<br>\nle prix, et moi n\u2019o\u00adsant pas lui en don\u00adner un, m\u00eame&nbsp;par<br>\nl\u2019in\u00adter\u00adm\u00e9\u00addiaire de sa secr\u00e9\u00adtaire Madame Agnel\u00adli.&nbsp;Nous<br>\nsommes arri\u00adv\u00e9s \u00e0 un com\u00adpro\u00admis dans un cou\u00adloir de&nbsp;chez<br>\nGal\u00adli\u00admard\u200a\u2014\u200aj\u2019ai mis un chiffre sur un papier dans une enveloppe<br>\nqu\u2019il m\u2019a\u00advait fait por\u00adter\u200a\u2014\u200aMadame Agnel\u00adli est par\u00adtie\u200a\u2014\u200aet<br>\nreve\u00adnue avec un ch\u00e8que plus gros que le chiffre demand\u00e9<br>\u200a\u2014\u200aavec un mot&nbsp;: \u00ab&nbsp;mer\u00adci&nbsp;\u00bb. (Je n\u2019ai regar\u00add\u00e9 qu\u2019une<br>\nfois dehors)\u200a\u2014\u200aC\u2019\u00e9\u00adtait mon pre\u00admier ch\u00e8que que&nbsp;je<br>\ntou\u00adchais pour une pein\u00adture\u200a\u2014\u200aC\u2019\u00e9\u00adtait la premi\u00e8re<br>\ntoile de M\u00e9di\u00adter\u00adra\u00adn\u00e9e que je pei\u00adgnais\u200a\u2014\u200aElle<br>\nrepr\u00e9\u00adsen\u00adtait un petit port corse, Pro\u00adpria\u00adno\u200a\u2014\u200aJe venais<br>\nl\u2019\u00e9\u00adt\u00e9 d\u2019a\u00advant de d\u00e9cou\u00advrir le&nbsp;monde<br>\nm\u00e9di\u00adter\u00adra\u00adn\u00e9en\u200a\u2014\u200aEt depuis ce temps, je le cherche, je<br>\nle traque, j\u2019ai appris \u00e0 l\u2019ai\u00admer en homme du nord affol\u00e9<br>\nde lumi\u00e8re.<\/span><\/font><\/font><\/p>\n<p style=\"margin-right: 0.96cm; text-indent: 1.47cm; margin-bottom: 0cm;\" align=\"justify\">\n<font face=\"Garamond, serif\"><font style=\"font-size: 13pt;\" size=\"3\"><span lang=\"fr-FR\">Camus<br>\ngar\u00adda la petite toile dans son bureau, sur un rayon de livres\u200a\u2014\u200aEt<br>\nje me sou\u00adviens quelques mois plus tard, quand j\u2019es\u00adsayais avec&nbsp;son<br>\naide de mettre sur pied le num\u00e9\u00adro de \u00ab&nbsp;T\u00e9moins&nbsp;\u00bb<br>\nsur l\u2019Es\u00adpagne, je me sou\u00adviens de Louis Guilloux et son visage bless\u00e9,<br>\nassis juste sous la petite toile.  Com\u00adment dire, quelques ins\u00adtants&nbsp;je<br>\nfus absent de la conver\u00adsa\u00adtion, je regar\u00addais Guilloux, son sang&nbsp;noir,<br>\nson jeu de patience et la petite toile et je pen\u00adsais que c\u2019\u00e9tait<br>\nlui et cela que je vou\u00adlais tra\u00adduire\u200a\u2014\u200aoh&nbsp;! les&nbsp;mots&nbsp;!<\/span><\/font><\/font><\/p>\n<p style=\"margin-right: 0.96cm; text-indent: 1.47cm; margin-bottom: 0cm;\" align=\"justify\" lang=\"fr-FR\">\n<font face=\"Garamond, serif\"><font style=\"font-size: 13pt;\" size=\"3\">Il<br>\ny eut notre num\u00e9\u00adro sur l\u2019Es\u00adpagne\u200a\u2014\u200aL\u2019Es\u00adpagne&nbsp;nous<br>\nrap\u00adpro\u00adchait\u200a\u2014\u200aje crois que tous deux sous une enve\u00adloppe r\u00e9serv\u00e9e<br>\navions le m\u00eame rouge et noir, la m\u00eame flamme or, la&nbsp;m\u00eame<br>\nten\u00addresse \u00e9cor\u00adch\u00e9e pour ce pays, plus qu\u2019un pays. Il&nbsp;y<br>\neut \u00ab&nbsp;L\u2019Ex\u00adpress&nbsp;\u00bb, j\u2019y \u00e9tais entr\u00e9 sous&nbsp;sa<br>\nrecom\u00adman\u00adda\u00adtion\u200a\u2014\u200apen\u00addant deux ans j\u2019y ai fait la cri\u00adtique&nbsp;de<br>\npo\u00e9\u00adsie. Libre, ce n\u2019\u00e9\u00adtait pas seule\u00adment un job,&nbsp;ce<br>\nn\u2019\u00e9\u00adtait pas seule\u00adment quelques billets de mille qui m\u2019aidaient<br>\n\u00e0 tenir, c\u2019\u00e9\u00adtait la joie de d\u00e9fendre ceux&nbsp;que<br>\nj\u2019ai\u00admais\u200a\u2014\u200aEt puis il a quit\u00adt\u00e9 \u00ab&nbsp;L\u2019Ex\u00adpress&nbsp;\u00bb,&nbsp;je<br>\nl\u2019ai sui\u00advi, la pein\u00adture a com\u00admen\u00adc\u00e9 \u00e0 me d\u00e9vorer<br>\u200a\u2014\u200atout&nbsp;: temps, pens\u00e9es\u2026<\/font><\/font><\/p>\n<p style=\"margin-right: 0.96cm; text-indent: 1.47cm; margin-bottom: 0cm;\" align=\"justify\" lang=\"fr-FR\">\n<font face=\"Garamond, serif\"><font style=\"font-size: 13pt;\" size=\"3\">Il<br>\ny avait aus\u00adsi les petites et trop rares r\u00e9unions du groupe de<br>\n\u00ab&nbsp;T\u00e9moins&nbsp;\u00bb. Six, sept, chez Proix ou dans un&nbsp;petit<br>\nsixi\u00e8me au bord de la Seine en face du pavillon de la Monnaie,<br>\nou ailleurs. C\u2019\u00e9\u00adtait une halte, les phrases sanglantes&nbsp;:<br>\nBer\u00adlin, la Hon\u00adgrie, et aus\u00adsi le rire, le \u00ab&nbsp;soleil de l\u2019amiti\u00e9&nbsp;\u00bb<br>\u200a\u2014\u200al\u00e0 aus\u00adsi j\u2019a\u00advais&nbsp;chaud.<\/font><\/font><\/p>\n<p style=\"margin-right: 0.96cm; text-indent: 1.47cm; margin-bottom: 0cm;\" align=\"justify\">\n<font face=\"Garamond, serif\"><font style=\"font-size: 13pt;\" size=\"3\"><span lang=\"fr-FR\">Le<br>\ntemps pas\u00adsait. Et nous vivions. Mal. L\u2019Al\u00adg\u00e9\u00adrie saignait&nbsp;\u2014<br>\nCamus devait souf\u00adfrir atro\u00adce\u00adment dans son silence\u200a\u2014\u200ail fallait<br>\nqu\u2019il veille sur ce qu\u2019il disait et sur ce qu\u2019il ne disait pas, et&nbsp;il<br>\n\u00e9tait cou\u00adp\u00e9 de cer\u00adtains parce qu\u2019il n\u2019a\u00advait plus&nbsp;de<br>\njour\u00adnal. Et j\u2019\u00e9\u00adtais g\u00ean\u00e9\u200a\u2014\u200aje n\u2019o\u00adsais pas&nbsp;le<br>\nvoir, pas lui par\u00adler de l\u2019Al\u00adg\u00e9\u00adrie. J\u2019au\u00adrais vou\u00adlu savoir le<br>\nche\u00admin qu\u2019il par\u00adcou\u00adrait\u200a\u2014\u200ale temps mar\u00adchait. L\u2019ab\u00adsurde&nbsp;avec.<\/span><\/font><\/font><\/p>\n<p style=\"margin-right: 0.96cm; text-indent: 1.47cm; margin-bottom: 0cm;\" align=\"justify\" lang=\"fr-FR\">\n<font face=\"Garamond, serif\"><font style=\"font-size: 13pt;\" size=\"3\">Avril<br>\n1952\u200a\u2014\u200aCette Afrique du Nord d\u00e9cou\u00adverte lors d\u2019un&nbsp;drame<br>\nper\u00adson\u00adnel, l\u2019a\u00addo\u00adles\u00adcence ter\u00admi\u00adn\u00e9e, le pre\u00admier amour&nbsp;venu<br>\nmou\u00adrir sous le soleil de Sidi Bou Sa\u00efd. Les probl\u00e8mes<br>\nd\u2019homme n\u2019\u00e9\u00adtaient pas encore r\u00eav\u00e9s, j\u2019\u00e9tais<br>\nvenu et repar\u00adti en&nbsp;\u00e9pave.<\/font><\/font><\/p>\n<p style=\"margin-right: 0.96cm; text-indent: 1.47cm; margin-bottom: 0cm;\" align=\"justify\">\n<font face=\"Garamond, serif\"><font style=\"font-size: 13pt;\" size=\"3\"><span lang=\"fr-FR\">Mai<br>\n1959\u200a\u2014\u200asept ans ont pas\u00ads\u00e9. Je retrouve l\u2019A\u00adfrique du&nbsp;Nord,<br>\npour la pre\u00admi\u00e8re fois l\u2019Al\u00adg\u00e9\u00adrie\u200a\u2014\u200aOran\u200a\u2014\u200aune<br>\nexpo\u00adsi\u00adtion, les fami\u00adliers de Camus, ceux qui l\u2019ont aim\u00e9,&nbsp;qui<br>\nl\u2019aiment. Sa ville qui s\u2019est trans\u00adfor\u00adm\u00e9e. Il la disait laide,<br>\ntour\u00adnant le dos \u00e0 la mer. Elle s\u2019est retour\u00adn\u00e9e&nbsp;en<br>\ndor\u00admant et le dimanche de Pen\u00adte\u00adc\u00f4te sous le soleil elle<br>\nscin\u00adtille les bras ouverts sur le large. Dans le vieux port un&nbsp;bras<br>\ntatou\u00e9&nbsp;: ici la France\u200a\u2014\u200al\u2019autre nu, tout noir\u200a\u2014\u200alequel<br>\nva-t-on couper&nbsp;?<\/span><\/font><\/font><\/p>\n<p style=\"margin-right: 0.96cm; text-indent: 1.47cm; margin-bottom: 0cm;\" align=\"justify\" lang=\"fr-FR\">\n<font face=\"Garamond, serif\"><font style=\"font-size: 13pt;\" size=\"3\">Et<br>\nl\u2019on me montre les pay\u00adsages d\u00e9crits, les gr\u00e8ves.<\/font><\/font><\/p>\n<p style=\"margin-right: 0.96cm; text-indent: 1.47cm; margin-bottom: 0cm;\" align=\"justify\" lang=\"fr-FR\">\n<font face=\"Garamond, serif\"><font style=\"font-size: 13pt;\" size=\"3\">Et<br>\nj\u2019i\u00adma\u00adgine Camus ado\u00adles\u00adcent, sur ces gr\u00e8ves ron\u00adg\u00e9es&nbsp;de<br>\nsoleil. Avec comme unique mesure du temps, une main \u00e9blouie et<br>\ndis\u00adtraite, trans\u00adfor\u00adm\u00e9e pour quelques ins\u00adtants en sablier sur<br>\ntant de sable sans m\u00e9moire&nbsp;<\/font><\/font><\/p>\n<p style=\"margin-right: 0.96cm; text-indent: 1.47cm; margin-bottom: 0cm;\" align=\"justify\" lang=\"fr-FR\">\n<font face=\"Garamond, serif\"><font style=\"font-size: 13pt;\" size=\"3\">Et<br>\nla mer enso\u00adleill\u00e9e \u2013 immobile.<\/font><\/font><\/p>\n<p style=\"margin-right: 0.96cm; text-indent: 1.47cm; margin-bottom: 0cm;\" align=\"justify\" lang=\"fr-FR\">\n<font face=\"Garamond, serif\"><font style=\"font-size: 13pt;\" size=\"3\">Et<br>\nla mer recommenc\u00e9e.<\/font><\/font><\/p>\n<p style=\"margin-right: 0.96cm; text-indent: 1.47cm; margin-bottom: 0cm;\" align=\"justify\" lang=\"fr-FR\">\n<font face=\"Garamond, serif\"><font style=\"font-size: 13pt;\" size=\"3\">Et<br>\nnotre m\u00eame pays d\u2019a\u00addop\u00adtion o\u00f9 Char nous gui\u00adda\u200a\u2014\u200aje&nbsp;dis<br>\nnous, car je crois que Camus y vint aus\u00adsi (quelques ann\u00e9es<br>\navant moi) s\u2019as\u00adseoir dans les prai\u00adries de la Sorgue, regarder<br>\n\u00ab&nbsp;Claire&nbsp;\u00bb vivre mal\u00adgr\u00e9 les syn\u00addi\u00adcats d\u2019initiative<br>\nd\u00e9j\u00e0 mena\u00ad\u00e7ants. Depuis\u2026 L\u2019an der\u00adnier nous&nbsp;nous<br>\nsommes ren\u00adcon\u00adtr\u00e9s deux ou trois fois&nbsp;\u00e0<br>\nl\u2019Isle-sur-la-Sorgue. En imper\u00adm\u00e9able blanc ser\u00adr\u00e9&nbsp;\u00e0<br>\nla taille, il fai\u00adsait son mar\u00adch\u00e9. Nous avons \u00e9chang\u00e9<br>\nquelques phrases. Nous nous ins\u00adtal\u00adlions tous les deux, lui&nbsp;\u00e0<br>\nLour\u00adma\u00adrin, moi \u00e0 Sau\u00admanes\u200a\u2014\u200anous avons ri (il y&nbsp;avait<br>\ntou\u00adjours une part pour l\u2019hu\u00admour dans une conver\u00adsa\u00adtion avec Camus), il<br>\n\u00e9tait tr\u00e8s loin de cette sta\u00adtue que cer\u00adtains veulent<br>\nfaire de lui. Nous nous sommes inqui\u00e9\u00adt\u00e9s de&nbsp;Char&nbsp;\u2014<br>\nl\u2019a\u00admi\u00adti\u00e9 atten\u00adtive qu\u2019ils avaient l\u2019un pour l\u2019autre, l\u2019un<br>\nd\u00e9fen\u00addant l\u2019autre, \u00e9tait une chose mer\u00adveilleuse entre<br>\nces deux hommes.<\/font><\/font><\/p>\n<p style=\"margin-right: 0.96cm; text-indent: 1.47cm; margin-bottom: 0cm;\" align=\"justify\" lang=\"fr-FR\">\n<font face=\"Garamond, serif\"><font style=\"font-size: 13pt;\" size=\"3\">Nous<br>\ndevions nous revoir tout de suite \u00e0 Paris, et en Provence.<br>\nL\u2019ab\u00adsurde jus\u00adqu\u2019au bout a men\u00e9 la&nbsp;danse.<\/font><\/font><\/p>\n<p style=\"margin-right: 0.96cm; text-indent: 1.47cm; margin-bottom: 0cm;\" align=\"justify\" lang=\"fr-FR\">\n<font face=\"Garamond, serif\"><font style=\"font-size: 13pt;\" size=\"3\">Un<br>\nlun\u00addi de jan\u00advier sur la route, il venait \u00e0 Paris. Par le&nbsp;train<br>\nje remon\u00adtais aus\u00adsi le m\u00eame jour. Je suis res\u00adt\u00e9 enferm\u00e9<br>\nqua\u00adrante-huit heures \u00e0 mon arri\u00adv\u00e9e, sans contact<br>\next\u00e9\u00adrieur. Je n\u2019ai donc su qu\u2019a\u00adpr\u00e8s. \u00c0 Lourmarin<br>\ntout \u00e9tait consom\u00adm\u00e9. Il y a eu la presse, la grande et<br>\nla petite, l\u2019i\u00adgnoble, et l\u2019autre heureusement.<\/font><\/font><\/p>\n<p style=\"margin-right: 0.96cm; text-indent: 1.47cm; margin-bottom: 0cm;\" align=\"justify\" lang=\"fr-FR\">\n<font face=\"Garamond, serif\"><font style=\"font-size: 13pt;\" size=\"3\">Il<br>\ny a eu un vide res\u00adsen\u00adti par tous, m\u00eame par ceux qui n\u2019\u00e9taient<br>\npas des&nbsp;siens.<\/font><\/font><\/p>\n<p style=\"margin-right: 0.96cm; text-indent: 1.47cm; margin-bottom: 0cm;\" align=\"justify\" lang=\"fr-FR\">\n<font face=\"Garamond, serif\"><font style=\"font-size: 13pt;\" size=\"3\">Mai<br>\n1960\u200a\u2014\u200aSau\u00admanes en Pro\u00advence\u200a\u2014\u200aC\u2019est le prin\u00adtemps fou, aux&nbsp;jours<br>\ncomp\u00adt\u00e9s avant la s\u00e9che\u00adresse\u200a\u2014\u200aLe chant des oiseaux,<br>\nle bruit de la fon\u00adtaine juste devant la mai\u00adson\u200a\u2014\u200aTout&nbsp;\u00e0<br>\nl\u2019heure les ouvriers vont arri\u00adver\u200a\u2014\u200ail est cinq heures du&nbsp;matin&nbsp;\u2014<br>\nle jour vient, la pre\u00admi\u00e8re rose d\u00e9j\u00e0&nbsp;trop<br>\n\u00e9pa\u00adnouie se courbe dans son petit vase noir sur mon bureau<br>\nj\u2019ai ouvert \u00ab&nbsp;La Chute&nbsp;\u00bb \u00e0 la page de&nbsp;garde&nbsp;\u2014<br>\ncelle ou Camus avait&nbsp;\u00e9crit&nbsp;:<\/font><\/font><\/p>\n<poesie>\u00c0 Jean&nbsp;Jacques Morvan<br>\n\u00ab&nbsp;Le soleil de la liber\u00adt\u00e9 fait fondre le malheur&nbsp;\u00bb<br>\nSon cama\u00adrade et son&nbsp;ami<br>\nAlbert Camus<\/poesie>\n<p style=\"margin-right: 0.96cm; text-indent: 1.47cm; margin-bottom: 0cm;\" align=\"justify\" lang=\"fr-FR\">\n<font face=\"Garamond, serif\"><font style=\"font-size: 13pt;\" size=\"3\">Et<br>\nj\u2019ai envie de gueu\u00adler comme \u00e0 vingt&nbsp;ans.<\/font><\/font><\/p>\n<p style=\"margin-right: 0.96cm; text-indent: 1.47cm; margin-bottom: 0cm;\" align=\"justify\" lang=\"fr-FR\">\n<font face=\"Garamond, serif\"><font style=\"font-size: 13pt;\" size=\"3\">Jean-Jacques<br>\nMorvan<\/font><\/font><\/p>\n","protected":false},"excerpt":{"rendered":"<p>\u00ab&nbsp;Peut-\u00eatre n\u2019ai\u00admons-nous pas assez la vie&nbsp;? Avez-vous remar\u00adqu\u00e9 que la&nbsp;mort seule r\u00e9veille nos sen\u00adti\u00adments&nbsp;? Comme nous aimons les amis&nbsp;qui viennent de nous quit\u00adter, n\u2019est-ce pas&nbsp;? Comme nous admi\u00adrons ceux&nbsp;de nos ma\u00eetres qui ne parlent plus, la bouche pleine de&nbsp;terre?\u2026\u00bb\u200a\u2014\u200a\u00ab&nbsp;La Chute&nbsp;\u00bb\u200a\u2014\u200aEt les mots se suivent encore, fouillant, met\u00adtant \u00e0 vif et la peine et la fiert\u00e9&nbsp;[\u2026]<\/p>\n","protected":false},"author":1,"featured_media":0,"comment_status":"closed","ping_status":"closed","sticky":false,"template":"","format":"standard","meta":{"wp_typography_post_enhancements_disabled":false,"footnotes":""},"categories":[116],"tags":[],"ppma_author":[540],"class_list":["post-1000","post","type-post","status-publish","format-standard","hentry","category-temoins-n23-mai-1960"],"authors":[{"term_id":540,"user_id":1,"is_guest":0,"slug":"admin_3gikpwyf","display_name":"Vincent Dubuc","avatar_url":"https:\/\/secure.gravatar.com\/avatar\/d015720652c25fd2ced191ade86430094e1f288a17483713e3b34d26dea52507?s=96&d=mm&r=g","author_category":"","user_url":"https:\/\/la-presse-anarchiste.net","last_name":"Dubuc","first_name":"Vincent","job_title":"","description":""}],"_links":{"self":[{"href":"https:\/\/la-presse-anarchiste.net\/index.php\/wp-json\/wp\/v2\/posts\/1000","targetHints":{"allow":["GET"]}}],"collection":[{"href":"https:\/\/la-presse-anarchiste.net\/index.php\/wp-json\/wp\/v2\/posts"}],"about":[{"href":"https:\/\/la-presse-anarchiste.net\/index.php\/wp-json\/wp\/v2\/types\/post"}],"author":[{"embeddable":true,"href":"https:\/\/la-presse-anarchiste.net\/index.php\/wp-json\/wp\/v2\/users\/1"}],"replies":[{"embeddable":true,"href":"https:\/\/la-presse-anarchiste.net\/index.php\/wp-json\/wp\/v2\/comments?post=1000"}],"version-history":[{"count":0,"href":"https:\/\/la-presse-anarchiste.net\/index.php\/wp-json\/wp\/v2\/posts\/1000\/revisions"}],"wp:attachment":[{"href":"https:\/\/la-presse-anarchiste.net\/index.php\/wp-json\/wp\/v2\/media?parent=1000"}],"wp:term":[{"taxonomy":"category","embeddable":true,"href":"https:\/\/la-presse-anarchiste.net\/index.php\/wp-json\/wp\/v2\/categories?post=1000"},{"taxonomy":"post_tag","embeddable":true,"href":"https:\/\/la-presse-anarchiste.net\/index.php\/wp-json\/wp\/v2\/tags?post=1000"},{"taxonomy":"author","embeddable":true,"href":"https:\/\/la-presse-anarchiste.net\/index.php\/wp-json\/wp\/v2\/ppma_author?post=1000"}],"curies":[{"name":"wp","href":"https:\/\/api.w.org\/{rel}","templated":true}]}}