{"id":1006,"date":"2007-11-11T21:43:56","date_gmt":"2007-11-11T21:43:56","guid":{"rendered":"https:\/\/la-presse-anarchiste.net\/index.php\/2007\/11\/11\/bibliographie-3\/"},"modified":"2007-11-11T21:43:56","modified_gmt":"2007-11-11T21:43:56","slug":"bibliographie-3","status":"publish","type":"post","link":"https:\/\/la-presse-anarchiste.net\/index.php\/2007\/11\/11\/bibliographie-3\/","title":{"rendered":"Bibliographie"},"content":{"rendered":"<div class=\"pdfprnt-buttons pdfprnt-buttons-post pdfprnt-top-right\"><a href=\"https:\/\/la-presse-anarchiste.net\/index.php\/wp-json\/wp\/v2\/posts\/1006?print=pdf\" class=\"pdfprnt-button pdfprnt-button-pdf\" target=\"_blank\"><img decoding=\"async\" src=\"https:\/\/la-presse-anarchiste.net\/wp-content\/plugins\/pdf-print\/images\/pdf.png\" alt=\"image_pdf\" title=\"Afficher le PDF\"><\/a><a href=\"https:\/\/la-presse-anarchiste.net\/index.php\/wp-json\/wp\/v2\/posts\/1006?print=print\" class=\"pdfprnt-button pdfprnt-button-print\" target=\"_blank\"><img decoding=\"async\" src=\"https:\/\/la-presse-anarchiste.net\/wp-content\/plugins\/pdf-print\/images\/print.png\" alt=\"image_print\" title=\"Contenu imprim\u00e9\"><\/a><\/div><p style=\"margin-bottom: 0cm;\" align=\"justify\"><b>L\u2019I\u00add\u00e9e de Dieu<\/b>,<br>\npar \u00c9mile Cou\u00adret, bro\u00adchure \u00e0 0.15 cen\u00adtime&nbsp;;&nbsp;en<br>\nvente chez l\u2019au\u00adteur, 4, rue de Sain\u00adtonge, chez M.&nbsp;Kubler, 10,&nbsp;m\u00eame<br>\nrue et aux bureaux des<em> Temps Nou\u00adveaux<\/em>.<\/p>\n<p style=\"margin-bottom: 0cm;\" align=\"justify\">\tCette bro\u00adchure est&nbsp;la<br>\npre\u00admi\u00e8re d\u2019une s\u00e9rie de publi\u00adca\u00adtions du&nbsp;m\u00eame<br>\ngenre, publi\u00e9es par l\u2019au\u00adteur sous le titre g\u00e9n\u00e9ral<br>\nde&nbsp;: <i>Les Plaies sociales<\/i>.<\/p>\n<p style=\"margin-bottom: 0cm;\" align=\"justify\">\t\u00c9mile Cou\u00adret&nbsp;y<br>\nconstate que l\u2019i\u00add\u00e9e de Dieu, d\u2019o\u00f9 est d\u00e9riv\u00e9e<br>\nl\u2019i\u00add\u00e9e de l\u2019au\u00adto\u00adri\u00adt\u00e9, est rem\u00adpla\u00adc\u00e9e de plus&nbsp;en<br>\nplus par l\u2019i\u00add\u00e9e de soli\u00adda\u00adri\u00adt\u00e9 uni\u00adver\u00adselle, laquelle<br>\nsera l\u2019i\u00add\u00e9al d\u2019une soci\u00e9\u00adt\u00e9 libre, au triple<br>\npoint de vue mat\u00e9\u00adriel, moral et intellectuel.<\/p>\n<p style=\"margin-bottom: 0cm;\" align=\"center\">\u2015 <font face=\"Times New Roman\">O<br>\n\u2015<\/font><\/p>\n<p style=\"margin-bottom: 0cm;\" align=\"justify\">\tVient de para\u00eetre<br>\nchez Stock&nbsp;: <b>la Psy\u00adcho\u00adlo\u00adgie de l\u2019a\u00adnar\u00adchiste-socia\u00adliste<\/b>,<br>\npar A. Hamon, 1 vol., 3&nbsp;fr. 50. Chez nous, 2&nbsp;fr. 50&nbsp;;<br>\nfran\u00adco, 2&nbsp;fr. 75.<\/p>\n<p style=\"margin-bottom: 0cm;\" align=\"justify\">\tComme nous l\u2019avons<br>\nd\u00e9cla\u00adr\u00e9 dans notre pre\u00admier num\u00e9\u00adro, nous&nbsp;nous<br>\nbor\u00adne\u00adrons \u00e0 annon\u00adcer, pure\u00adment et sim\u00adple\u00adment, les livres de<br>\nnos col\u00adla\u00adbo\u00adra\u00adteurs&nbsp;; non pas que nous aurions crainte de&nbsp;nous<br>\ndire mutuel\u00adle\u00adment la v\u00e9ri\u00adt\u00e9,\u200a\u2014\u200anos collaborateurs<br>\nsont, cer\u00adtai\u00adne\u00adment, au-des\u00adsus des ques\u00adtions d\u2019a\u00admour-propre, et&nbsp;la<br>\nv\u00e9ri\u00adt\u00e9, m\u00eame lors\u00adqu\u2019elle est, parfois,<br>\nd\u00e9sa\u00adgr\u00e9able, ne doit pas les effrayer. Mais, dans&nbsp;la<br>\npresse, on a tel\u00adle\u00adment us\u00e9, entre cote\u00adries,&nbsp;de&nbsp;:<br>\n\u00ab&nbsp;Passe-moi la casse, je te pas\u00adse\u00adrai le&nbsp;s\u00e9n\u00e9&nbsp;\u00bb<br>\u200a\u2014\u200a\u00e0 moins que l\u2019on ne se man\u00adge\u00e2t le nez,\u200a\u2014\u200aque&nbsp;nous<br>\nvou\u00adlons \u00e9vi\u00adter jus\u00adqu\u2019\u00e0 ce qui pour\u00adrait res\u00adsem\u00adbler&nbsp;\u00e0<br>\nun esprit de camaraderie.<\/p>\n<p style=\"margin-bottom: 0cm;\" align=\"justify\">\tNos colonnes sont<br>\nouvertes \u00e0 nos col\u00adla\u00adbo\u00adra\u00adteurs&nbsp;: \u00e0 eux de s\u2019y&nbsp;faire<br>\nesti\u00admer du public, qui doit juger par lui-m\u00eame. Leur grou\u00adper&nbsp;un<br>\npublic intel\u00adli\u00adgent, c\u2019est encore la meilleure publi\u00adci\u00adt\u00e9&nbsp;que<br>\nnous puis\u00adsions leur offrir.<\/p>\n<p style=\"margin-bottom: 0cm;\" align=\"center\">\u2015 <font face=\"Times New Roman\">O<br>\n\u2015<\/font><\/p>\n<p style=\"margin-bottom: 0cm;\" align=\"justify\"><b>Le Grand Tri\u00admard<\/b>,<br>\npar Zo d\u2019Axa, illus\u00adtr\u00e9 par Anque\u00adtin, Lucien Pis\u00adsa\u00adro et&nbsp;F.<br>\nVal\u00adlo\u00adton, 1 vol., 3&nbsp;fr. 50, chez H. Kis\u00adte\u00admae\u00adckers, 73,&nbsp;rue<br>\nDupont, Bruxelles.<\/p>\n<p style=\"margin-bottom: 0cm;\" align=\"justify\">\tC\u2019est son voyage du<br>\nPalais de Jus\u00adtice \u00e0 Jaf\u00adfa, par Londres, la Hollande,<br>\nl\u2019Al\u00adle\u00admagne, etc., que raconte l\u2019a\u00admi d\u2019Axa, avec la verve et l\u2019ironie<br>\nque connaissent les anciens lec\u00adteurs de l\u2019<em>En dehors<\/em>. Voyage qui&nbsp;se<br>\nter\u00admi\u00adna par l\u2019ar\u00adres\u00adta\u00adtion de l\u2019au\u00adteur en Tur\u00adquie, en ver\u00adtu&nbsp;de<br>\ncapi\u00adtu\u00adla\u00adtions sign\u00e9es par Fran\u00ad\u00e7ois I<sup>er<\/sup>.<\/p>\n<p style=\"margin-bottom: 0cm;\" align=\"justify\">\tMais comme ce&nbsp;r\u00e9cit<br>\nest \u00e9maill\u00e9 de coups de griffes \u00e0 l\u2019autorit\u00e9,<br>\nde coups de pattes \u00e0 la famille, \u00e0 la propri\u00e9t\u00e9<br>\net \u00ab&nbsp;autres balan\u00ad\u00e7oires&nbsp;\u00bb, le&nbsp;livre<br>\nprend de suite une saveur par\u00adti\u00adcu\u00adli\u00e8re qui le recom\u00admande&nbsp;\u00e0<br>\nla lec\u00adture de nos camarades.<\/p>\n<p style=\"margin-bottom: 0cm;\" align=\"justify\">\tRele\u00advons seule\u00adment,&nbsp;en<br>\npas\u00adsant, un petit tra\u00advers de l\u2019au\u00adteur qui, ayant la haine&nbsp;de<br>\nl\u2019en\u00adr\u00e9\u00adgi\u00admen\u00adta\u00adtion,\u200a\u2014\u200ace dont nous le f\u00e9licitons&nbsp;\u2014<br>\nqui l\u2019af\u00adfir\u00adma en appe\u00adlant son jour\u00adnal l\u2019<em>En dehors<\/em>, mais qui pousse<br>\ncela au culte, au para\u00addoxe, et finit par croire lui-m\u00eame qu\u2019il<br>\nest bien en dehors de tout et de tous et ne res\u00adsemble \u00e0<br>\npersonne.<\/p>\n<p style=\"margin-bottom: 0cm;\" align=\"justify\">\tIl se trompe. C\u2019est&nbsp;un<br>\ntra\u00advers qu\u2019il a de com\u00admun avec beau\u00adcoup de jeunes litt\u00e9rateurs,<br>\nillu\u00adsion d\u2019op\u00adtique qui, par le fait qu\u2019elle est par\u00adta\u00adg\u00e9e&nbsp;par<br>\nplu\u00adsieurs indi\u00advi\u00addus, a pour effet, qu\u2019ils le veuillent ou non, de&nbsp;les<br>\ngrou\u00adper sous une m\u00eame \u00e9ti\u00adquette et de dimi\u00adnuer d\u2019autant<br>\nleur \u00ab&nbsp;en dehorsisme&nbsp;\u00bb.<\/p>\n<p style=\"margin-bottom: 0cm;\" align=\"justify\">\t\u00catre \u00ab&nbsp;en<br>\ndehors&nbsp;\u00bb n\u2019est, au fond, qu\u2019une atti\u00adtude, une pose, et&nbsp;non<br>\nun fait. Quelle que soit l\u2019o\u00adri\u00adgi\u00adna\u00adli\u00adt\u00e9 des id\u00e9es&nbsp;que<br>\nl\u2019on pro\u00adfesse, des concep\u00adtions que l\u2019on se fasse de la vie,&nbsp;nous<br>\ntrou\u00adve\u00adrons tou\u00adjours des indi\u00advi\u00addus qui pensent, plus ou moins, comme<br>\nnous. Ces id\u00e9es, ces concep\u00adtions elles-m\u00eames, ne&nbsp;nous<br>\nsont pas pous\u00ads\u00e9es spon\u00adta\u00adn\u00e9\u00adment dans le cer\u00adveau,&nbsp;nous<br>\nles tenons de notre ascen\u00addance, de notre \u00e9du\u00adca\u00adtion, de&nbsp;notre<br>\nmilieu, de nos conver\u00adsa\u00adtions, des auteurs que nous avons lus. Nous&nbsp;ne<br>\nfai\u00adsons, en somme, que reta\u00adper les vieilles id\u00e9es, en&nbsp;y<br>\nintro\u00addui\u00adsant un peu de nous-m\u00eames, mais si peu, que se croire<br>\n\u00ab&nbsp;en dehors&nbsp;\u00bb, ce n\u2019est en r\u00e9alit\u00e9<br>\nqu\u2019une variante de ceux qui se croient \u00ab&nbsp;au-dessus&nbsp;\u00bb<br>\nce qui ne rime \u00e0&nbsp;rien.<\/p>\n<p style=\"margin-bottom: 0cm;\" align=\"justify\">Vin\u00addex.<\/p>\n","protected":false},"excerpt":{"rendered":"<p>L\u2019I\u00add\u00e9e de Dieu, par \u00c9mile Cou\u00adret, bro\u00adchure \u00e0 0.15 cen\u00adtime&nbsp;;&nbsp;en vente chez l\u2019au\u00adteur, 4, rue de Sain\u00adtonge, chez M.&nbsp;Kubler, 10,&nbsp;m\u00eame rue et aux bureaux des Temps Nou\u00adveaux. Cette bro\u00adchure est&nbsp;la pre\u00admi\u00e8re d\u2019une s\u00e9rie de publi\u00adca\u00adtions du&nbsp;m\u00eame genre, publi\u00e9es par l\u2019au\u00adteur sous le titre g\u00e9n\u00e9\u00adral de&nbsp;: Les Plaies sociales. \u00c9mile Cou\u00adret&nbsp;y constate que l\u2019i\u00add\u00e9e de&nbsp;Dieu,&nbsp;[\u2026]<\/p>\n","protected":false},"author":1,"featured_media":0,"comment_status":"closed","ping_status":"closed","sticky":false,"template":"","format":"standard","meta":{"wp_typography_post_enhancements_disabled":false,"footnotes":""},"categories":[118],"tags":[],"ppma_author":[540],"class_list":["post-1006","post","type-post","status-publish","format-standard","hentry","category-les-temps-nouveaux-na7-15-21-juin-1895"],"authors":[{"term_id":540,"user_id":1,"is_guest":0,"slug":"admin_3gikpwyf","display_name":"Vincent Dubuc","avatar_url":"https:\/\/secure.gravatar.com\/avatar\/d015720652c25fd2ced191ade86430094e1f288a17483713e3b34d26dea52507?s=96&d=mm&r=g","author_category":"","user_url":"https:\/\/la-presse-anarchiste.net","last_name":"Dubuc","first_name":"Vincent","job_title":"","description":""}],"_links":{"self":[{"href":"https:\/\/la-presse-anarchiste.net\/index.php\/wp-json\/wp\/v2\/posts\/1006","targetHints":{"allow":["GET"]}}],"collection":[{"href":"https:\/\/la-presse-anarchiste.net\/index.php\/wp-json\/wp\/v2\/posts"}],"about":[{"href":"https:\/\/la-presse-anarchiste.net\/index.php\/wp-json\/wp\/v2\/types\/post"}],"author":[{"embeddable":true,"href":"https:\/\/la-presse-anarchiste.net\/index.php\/wp-json\/wp\/v2\/users\/1"}],"replies":[{"embeddable":true,"href":"https:\/\/la-presse-anarchiste.net\/index.php\/wp-json\/wp\/v2\/comments?post=1006"}],"version-history":[{"count":0,"href":"https:\/\/la-presse-anarchiste.net\/index.php\/wp-json\/wp\/v2\/posts\/1006\/revisions"}],"wp:attachment":[{"href":"https:\/\/la-presse-anarchiste.net\/index.php\/wp-json\/wp\/v2\/media?parent=1006"}],"wp:term":[{"taxonomy":"category","embeddable":true,"href":"https:\/\/la-presse-anarchiste.net\/index.php\/wp-json\/wp\/v2\/categories?post=1006"},{"taxonomy":"post_tag","embeddable":true,"href":"https:\/\/la-presse-anarchiste.net\/index.php\/wp-json\/wp\/v2\/tags?post=1006"},{"taxonomy":"author","embeddable":true,"href":"https:\/\/la-presse-anarchiste.net\/index.php\/wp-json\/wp\/v2\/ppma_author?post=1006"}],"curies":[{"name":"wp","href":"https:\/\/api.w.org\/{rel}","templated":true}]}}