{"id":1012,"date":"2007-11-12T05:00:20","date_gmt":"2007-11-12T05:00:20","guid":{"rendered":"https:\/\/la-presse-anarchiste.net\/index.php\/2007\/11\/12\/mouvement-social-27\/"},"modified":"2007-11-12T05:00:20","modified_gmt":"2007-11-12T05:00:20","slug":"mouvement-social-27","status":"publish","type":"post","link":"https:\/\/la-presse-anarchiste.net\/index.php\/2007\/11\/12\/mouvement-social-27\/","title":{"rendered":"Mouvement social"},"content":{"rendered":"<div class=\"pdfprnt-buttons pdfprnt-buttons-post pdfprnt-top-right\"><a href=\"https:\/\/la-presse-anarchiste.net\/index.php\/wp-json\/wp\/v2\/posts\/1012?print=pdf\" class=\"pdfprnt-button pdfprnt-button-pdf\" target=\"_blank\"><img decoding=\"async\" src=\"https:\/\/la-presse-anarchiste.net\/wp-content\/plugins\/pdf-print\/images\/pdf.png\" alt=\"image_pdf\" title=\"Afficher le PDF\"><\/a><a href=\"https:\/\/la-presse-anarchiste.net\/index.php\/wp-json\/wp\/v2\/posts\/1012?print=print\" class=\"pdfprnt-button pdfprnt-button-print\" target=\"_blank\"><img decoding=\"async\" src=\"https:\/\/la-presse-anarchiste.net\/wp-content\/plugins\/pdf-print\/images\/print.png\" alt=\"image_print\" title=\"Contenu imprim\u00e9\"><\/a><\/div><p style=\"margin-bottom: 0cm;\" align=\"justify\">\tLes Cama\u00adrades de la <i>Idea<br>\nLibre<\/i> (Madrid) ne cessent de conseiller aux tra\u00advailleurs de<br>\ns\u2019af\u00adfran\u00adchir tout d\u2019un coup et par leur propre effort. Le jour\u00adnal&nbsp;a<br>\nfait cam\u00adpagne contre le vote, lors des \u00e9lec\u00adtions municipales<br>\ndu mois der\u00adnier. Il s\u2019est fait repr\u00e9\u00adsen\u00adter, sur l\u2019invitation<br>\ndu Comi\u00adt\u00e9 d\u2019or\u00adga\u00adni\u00adsa\u00adtion, au Congr\u00e8s g\u00e9n\u00e9ral<br>\ndes ouvriers de che\u00admins de fer espa\u00adgnols, tenu \u00e0 Madrid du&nbsp;16<br>\nau 18&nbsp;mai.<\/p>\n<p style=\"margin-bottom: 0cm;\" align=\"justify\">\tLe gou\u00adver\u00adne\u00adment a&nbsp;beau<br>\nsai\u00adsir les jour\u00adnaux liber\u00adtaires. Chaque semaine, il en para\u00eet<br>\nun nou\u00adveau dans les villes de tra\u00advailleurs. Apr\u00e8s <i>El Eco<br>\ndel Rebelde<\/i> (Sara\u00adgosse), <i>El Pan del Pobre<\/i> vient&nbsp;de<br>\ncom\u00admen\u00adcer sa publi\u00adca\u00adtion (Mala\u00adga).<\/p>\n<p style=\"margin-bottom: 0cm;\" align=\"center\">\u2015 <font face=\"Times New Roman\">O<br>\n\u2015<\/font><\/p>\n<p style=\"margin-bottom: 0cm;\" align=\"justify\">\t\u00c0 Buenos-Ayres,<br>\npara\u00eet depuis l\u2019an der\u00adnier une revue de quin\u00adzaine, <i>La<br>\nQues\u00adtion Sociale<\/i>, r\u00e9di\u00adg\u00e9e moi\u00adti\u00e9 en italien,<br>\nmoi\u00adti\u00e9 en espa\u00adgnol. Son admi\u00adnis\u00adtra\u00adtion, Calle Corrientes,<br>\n2039, Bue\u00adnos-Ayres, four\u00adnit tous les ouvrages et tous les journaux<br>\nliber\u00adtaires publi\u00e9s en n\u2019im\u00adporte quelle langue. La propagande<br>\nmarche en Argen\u00adtine et en Uru\u00adguay. Trois p\u00e9riodiques<br>\nparaissent \u00e0 Bue\u00adnos-Ayres et \u00e0 La Pla\u00adta.&nbsp;\u00c0<br>\nMon\u00adte\u00advi\u00addeo, <i>El Dere\u00adcho \u00e0 la Vida<\/i> (Le Droit \u00e0&nbsp;la<br>\nvie) conti\u00adnue tou\u00adjours sa publication.<\/p>\n<p style=\"margin-bottom: 0cm;\" align=\"justify\">\tPar\u00admi les bro\u00adchures en<br>\nespa\u00adgnol, nous signa\u00adle\u00adrons une  cri\u00adtique de l\u2019au\u00adto\u00adri\u00adt\u00e9 et&nbsp;de<br>\nl\u2019or\u00adga\u00adni\u00adsa\u00adtion hi\u00e9\u00adrar\u00adchique, publi\u00e9e \u00e0 Barcelone<br>\nsous le titre de <i>El Esta\u00addo<\/i>&nbsp;; un r\u00e9cit du proc\u00e8s<br>\nde Jerez, <i>Los Suc\u00adce\u00adsos de Jeres<\/i>, publi\u00e9 \u00e9galement<br>\n\u00e0 Bar\u00adce\u00adlone&nbsp;; le compte ren\u00addu tr\u00e8s int\u00e9ressant<br>\net tr\u00e8s docu\u00admen\u00adt\u00e9 des pro\u00adc\u00e8s contre les<br>\nanar\u00adchistes de Bar\u00adce\u00adlone (1893\u200a\u2013\u200a1894), publi\u00e9 \u00e0&nbsp;la<br>\nCorogne sous le titre de <i>El Pro\u00adce\u00adso de un gran cri\u00admen<\/i>. Enfin,<br>\nla com\u00adpagne Anna-Maria Moz\u00adzo\u00adni a inau\u00adgu\u00adr\u00e9&nbsp;\u00e0<br>\nBue\u00adnos-Ayres une pro\u00adpa\u00adgande par\u00admi les femmes, par l\u2019ap\u00adpel intitul\u00e9&nbsp;:<br>\n<i>A las Hijas del Pue\u00adblo<\/i> (Aux filles du peuple). En voi\u00adci&nbsp;la<br>\nconclu\u00adsion&nbsp;: \u00ab&nbsp;Vic\u00adtime de toutes les injus\u00adtices&nbsp;des<br>\nhommes, l\u2019in\u00adfime et l\u2019ul\u00adtime par\u00admi les esclaves, vic\u00adtime expiatoire<br>\nde tous les p\u00e9ch\u00e9s du monde, fille du peuple, le&nbsp;jour<br>\no\u00f9 tu te feras rendre jus\u00adtice, l\u2019\u00e9\u00adgo\u00efsme des<br>\nhommes sera domp\u00adt\u00e9. et l\u2019hu\u00adma\u00adni\u00adt\u00e9 sera affranchie.&nbsp;\u00bb<\/p>\n<p style=\"margin-bottom: 0cm;\" align=\"justify\">Un cama\u00adrade<\/p>\n","protected":false},"excerpt":{"rendered":"<p>Les Cama\u00adrades de la Idea Libre (Madrid) ne cessent de conseiller aux tra\u00advailleurs de s\u2019af\u00adfran\u00adchir tout d\u2019un coup et par leur propre effort. Le jour\u00adnal&nbsp;a fait cam\u00adpagne contre le vote, lors des \u00e9lec\u00adtions muni\u00adci\u00adpales du mois der\u00adnier. Il s\u2019est fait repr\u00e9\u00adsen\u00adter, sur l\u2019invitation du Comi\u00adt\u00e9 d\u2019or\u00adga\u00adni\u00adsa\u00adtion, au Congr\u00e8s g\u00e9n\u00e9\u00adral des ouvriers de che\u00admins de&nbsp;fer&nbsp;[\u2026]<\/p>\n","protected":false},"author":1,"featured_media":0,"comment_status":"closed","ping_status":"closed","sticky":false,"template":"","format":"standard","meta":{"wp_typography_post_enhancements_disabled":false,"footnotes":""},"categories":[119],"tags":[],"ppma_author":[540],"class_list":["post-1012","post","type-post","status-publish","format-standard","hentry","category-les-temps-nouveaux-na8-22-28-juin-1895"],"authors":[{"term_id":540,"user_id":1,"is_guest":0,"slug":"admin_3gikpwyf","display_name":"Vincent Dubuc","avatar_url":"https:\/\/secure.gravatar.com\/avatar\/d015720652c25fd2ced191ade86430094e1f288a17483713e3b34d26dea52507?s=96&d=mm&r=g","author_category":"","user_url":"https:\/\/la-presse-anarchiste.net","last_name":"Dubuc","first_name":"Vincent","job_title":"","description":""}],"_links":{"self":[{"href":"https:\/\/la-presse-anarchiste.net\/index.php\/wp-json\/wp\/v2\/posts\/1012","targetHints":{"allow":["GET"]}}],"collection":[{"href":"https:\/\/la-presse-anarchiste.net\/index.php\/wp-json\/wp\/v2\/posts"}],"about":[{"href":"https:\/\/la-presse-anarchiste.net\/index.php\/wp-json\/wp\/v2\/types\/post"}],"author":[{"embeddable":true,"href":"https:\/\/la-presse-anarchiste.net\/index.php\/wp-json\/wp\/v2\/users\/1"}],"replies":[{"embeddable":true,"href":"https:\/\/la-presse-anarchiste.net\/index.php\/wp-json\/wp\/v2\/comments?post=1012"}],"version-history":[{"count":0,"href":"https:\/\/la-presse-anarchiste.net\/index.php\/wp-json\/wp\/v2\/posts\/1012\/revisions"}],"wp:attachment":[{"href":"https:\/\/la-presse-anarchiste.net\/index.php\/wp-json\/wp\/v2\/media?parent=1012"}],"wp:term":[{"taxonomy":"category","embeddable":true,"href":"https:\/\/la-presse-anarchiste.net\/index.php\/wp-json\/wp\/v2\/categories?post=1012"},{"taxonomy":"post_tag","embeddable":true,"href":"https:\/\/la-presse-anarchiste.net\/index.php\/wp-json\/wp\/v2\/tags?post=1012"},{"taxonomy":"author","embeddable":true,"href":"https:\/\/la-presse-anarchiste.net\/index.php\/wp-json\/wp\/v2\/ppma_author?post=1012"}],"curies":[{"name":"wp","href":"https:\/\/api.w.org\/{rel}","templated":true}]}}