{"id":1014,"date":"2007-11-12T05:14:37","date_gmt":"2007-11-12T05:14:37","guid":{"rendered":"https:\/\/la-presse-anarchiste.net\/index.php\/2007\/11\/12\/mouvement-social-29\/"},"modified":"2007-11-12T05:14:37","modified_gmt":"2007-11-12T05:14:37","slug":"mouvement-social-29","status":"publish","type":"post","link":"https:\/\/la-presse-anarchiste.net\/index.php\/2007\/11\/12\/mouvement-social-29\/","title":{"rendered":"Mouvement social"},"content":{"rendered":"<div class=\"pdfprnt-buttons pdfprnt-buttons-post pdfprnt-top-right\"><a href=\"https:\/\/la-presse-anarchiste.net\/index.php\/wp-json\/wp\/v2\/posts\/1014?print=pdf\" class=\"pdfprnt-button pdfprnt-button-pdf\" target=\"_blank\"><img decoding=\"async\" src=\"https:\/\/la-presse-anarchiste.net\/wp-content\/plugins\/pdf-print\/images\/pdf.png\" alt=\"image_pdf\" title=\"Afficher le PDF\"><\/a><a href=\"https:\/\/la-presse-anarchiste.net\/index.php\/wp-json\/wp\/v2\/posts\/1014?print=print\" class=\"pdfprnt-button pdfprnt-button-print\" target=\"_blank\"><img decoding=\"async\" src=\"https:\/\/la-presse-anarchiste.net\/wp-content\/plugins\/pdf-print\/images\/print.png\" alt=\"image_print\" title=\"Contenu imprim\u00e9\"><\/a><\/div><p style=\"margin-bottom: 0cm;\" align=\"justify\">\tPARIS.\u200a\u2014\u200aDimanche<br>\nder\u00adnier, notre col\u00adla\u00adbo\u00adra\u00adteur V. Bar\u00adru\u00adcand a don\u00adn\u00e9&nbsp;la<br>\nconf\u00e9\u00adrence annon\u00adc\u00e9e sur le <i>Pain gra\u00adtuit<\/i>. Notre<br>\ncama\u00adrade a trai\u00adt\u00e9 avec convic\u00adtion et talent son sujet, qu\u2019il&nbsp;a<br>\nd\u00e9j\u00e0, du reste, d\u00e9ve\u00adlop\u00adp\u00e9 dans&nbsp;deux<br>\narticles de la <i>Revue Blanche<\/i>.<\/p>\n<p style=\"margin-bottom: 0cm;\" align=\"justify\">\tNous ne vou\u00addrions pas<br>\ntrop jeter d\u2019eau sur le feu des enthou\u00adsiasmes, mais nous ne pouvons<br>\nnous emp\u00ea\u00adcher de faire quelques r\u00e9serves sur&nbsp;cette<br>\nr\u00e9forme qui, selon notre ami, pour\u00adra se trans\u00adfor\u00admer en arme&nbsp;de<br>\nguerre contre la soci\u00e9t\u00e9.<\/p>\n<p style=\"margin-bottom: 0cm;\" align=\"justify\">\tBar\u00adru\u00adcand se d\u00e9fend<br>\nde faire appel \u00e0 la l\u00e9gis\u00adla\u00adtion,&nbsp;\u00e0<br>\nl\u2019in\u00adter\u00adven\u00adtion de l\u2019\u00c9\u00adtat, mais, qu\u2019il le veuille ou non,&nbsp;si<br>\ncette r\u00e9forme \u00e9tait prise en consid\u00e9ration,<br>\nfor\u00adc\u00e9\u00adment elle n\u00e9ces\u00adsi\u00adte\u00adrait une l\u00e9gislation<br>\nnou\u00advelle. Ce pain que l\u2019on don\u00adne\u00adrait gra\u00adtuit, il fau\u00addrait des imp\u00f4ts<br>\npour le payer, et comme le riche a tou\u00adjours moyen de faire payer, \u00e0<br>\nceux qu\u2019il exploite, les imp\u00f4ts dont il fait l\u2019a\u00advance, nous&nbsp;ne<br>\nvoyons pas. trop ce que le tra\u00advailleur y gagne\u00adrait.\u200a\u2014\u200aUne<br>\naug\u00admen\u00adta\u00adtion de l\u2019in\u00adg\u00e9\u00adrence de l\u2019\u00c9\u00adtat&nbsp;!\u200a\u2014\u200aCe<br>\nn\u2019est pas ce que nous, anar\u00adchistes, d\u00e9sirons.<\/p>\n<p style=\"margin-bottom: 0cm;\" align=\"justify\">\tBar\u00adru\u00adcand, il est&nbsp;vrai,<br>\nparle d\u2019en faire une \u0153uvre de soli\u00adda\u00adri\u00adt\u00e9 et de trou\u00adver,&nbsp;dans<br>\ndes sous\u00adcrip\u00adtions volon\u00adtaires, l\u2019argent n\u00e9ces\u00adsaire&nbsp;\u00e0<br>\nl\u2019\u00e9\u00adta\u00adblis\u00adse\u00adment du pain pour tous. Mais, si nous par\u00adve\u00adnions&nbsp;\u00e0<br>\name\u00adner les bour\u00adgeois \u00e0 com\u00adprendre que tout le monde a le&nbsp;droit<br>\nde man\u00adger, il ne serait pas plus. dif\u00adfi\u00adcile de leur faire comprendre<br>\nqu\u2019a\u00advec le pain, il faut le v\u00eate\u00adment, le loge\u00adment, le beurre et<br>\nle reste&nbsp;; qu\u2019\u00e0 c\u00f4t\u00e9 des besoins mat\u00e9riels,<br>\nil y a les besoins moraux et intel\u00adlec\u00adtuels. Pour\u00adquoi,&nbsp;alors,<br>\nrape\u00adtis\u00adser \u00e0 plai\u00adsir nos reven\u00addi\u00adca\u00adtions&nbsp;? Cela&nbsp;n\u2019est<br>\nutile qu\u2019aux cou\u00adreurs de plates-formes \u00e9lec\u00adto\u00adrales. Libre&nbsp;aux<br>\nindi\u00advi\u00addua\u00adli\u00adt\u00e9s de se pas\u00adsion\u00adner pour une davan\u00adtage que&nbsp;pour<br>\nd\u2019autres. Mais nous, en tant qu\u2019a\u00adnar\u00adchistes, nous ne les s\u00e9parons<br>\npas l\u2019une de l\u2019autre.<\/p>\n<p style=\"margin-bottom: 0cm;\" align=\"justify\">Vin\u00addex<\/p>\n<p style=\"margin-bottom: 0cm;\" align=\"center\">\u2015 <font face=\"Times New Roman\">O<br>\n\u2015<\/font><\/p>\n<p style=\"margin-bottom: 0cm;\" align=\"justify\">\tOn lit dans la <i>Jus\u00adtice<\/i><br>\ndu 14&nbsp;juin&nbsp;:<\/p>\n<p style=\"margin-bottom: 0cm;\" align=\"justify\">\t\u00ab&nbsp;On n\u2019a&nbsp;pas<br>\noubli\u00e9 les faits qui se sont pas\u00ads\u00e9s, il y a aujourd\u2019hui<br>\nhuit jours, \u00e0 Avesnes-l\u00e8s-Aubert.<\/p>\n<p style=\"margin-bottom: 0cm;\" align=\"justify\">\t\u00ab&nbsp;Des<br>\nd\u00e9l\u00e9\u00adgu\u00e9s des ouvriers tis\u00adseurs se pr\u00e9sentaient<br>\nchez un patron, M.&nbsp;Nico\u00adlas Moreau, pour lui sou\u00admettre le&nbsp;tarif<br>\n\u00e9la\u00adbo\u00adr\u00e9 par les chambres syn\u00addi\u00adcales. En homme&nbsp;qui<br>\nconna\u00eet la dis\u00adtance qui s\u00e9pare l\u2019employeur des employ\u00e9s,<br>\nM.&nbsp;Moreau\u200a\u2014\u200aNico\u00adlas\u200a\u2014\u200amit les d\u00e9l\u00e9\u00adgu\u00e9s&nbsp;\u00e0<br>\nla porte en les trai\u00adtant de l\u00e2ches et de fain\u00e9ants.<br>\nAccueilli par les hu\u00e9es de la foule, le sieur Moreau fit<br>\nfer\u00admer les grilles de son \u00e9ta\u00adblis\u00adse\u00adment, et, rassur\u00e9<br>\npar cette bar\u00adri\u00e8re pro\u00adtec\u00adtrice, ramas\u00adsa cou\u00adra\u00adgeu\u00adse\u00adment&nbsp;une<br>\npierre qu\u2019il lan\u00ad\u00e7a sur un enfant. La foule, en voyant l\u2019enfant<br>\nbles\u00ads\u00e9, ripos\u00adta, et une gr\u00eale de cailloux s\u2019a\u00adbat\u00adtit&nbsp;sur<br>\nla maison.<\/p>\n<p style=\"margin-bottom: 0cm;\" align=\"justify\">\t\u00ab&nbsp;M.&nbsp;Moreau<br>\ns\u2019ar\u00adma alors d\u2019un revol\u00adver, qu\u2019il pr\u00e9\u00adtend avoir d\u00e9charg\u00e9<br>\nen l\u2019air, tan\u00addis que son fils Anthime pre\u00adnait une cara\u00adbine Flo\u00adbert&nbsp;et<br>\ntirait sur les assis\u00adtants deux coups char\u00adg\u00e9s \u00e0&nbsp;plomb.<br>\nPlu\u00adsieurs per\u00adsonnes furent bles\u00ads\u00e9es, notam\u00adment deux jeunes<br>\nfilles de seize ans et une de dix-huit., un jeune gar\u00ad\u00e7on&nbsp;de<br>\nqua\u00adtorze ans, et un ouvrier \u00e2g\u00e9 de qua\u00adrante-huit ans.&nbsp;Il<br>\ny avait l\u00e0 sept cents ouvriers, qui \u00e9taient venus<br>\nescor\u00adter les d\u00e9l\u00e9\u00adgu\u00e9s. Ils pou\u00advaient mettre \u00e0<br>\nsac la mai\u00adson des deux Moreau, tirer de san\u00adglantes repr\u00e9sailles<br>\nde leur agres\u00adsion. Ils s\u2019\u00e9\u00adloi\u00adgn\u00e8rent sage\u00adment, laissant<br>\n\u00e0 la jus\u00adtice le soin de tirer la morale de l\u2019incident.<\/p>\n<p style=\"margin-bottom: 0cm;\" align=\"justify\">\t\u00ab&nbsp;Elle&nbsp;vient<br>\nde rendre son arr\u00eat. M.&nbsp;Moreau\u200a\u2014\u200aAnthime a&nbsp;\u00e9t\u00e9<br>\ncondam\u00adn\u00e9 \u00e0 cent francs d\u2019a\u00admende avec appli\u00adca\u00adtion de&nbsp;la<br>\nloi B\u00e9renger.<\/p>\n<p style=\"margin-bottom: 0cm;\" align=\"justify\">\t\u00ab&nbsp;Il&nbsp;faut<br>\nsavoir gr\u00e9 aux juges de Cam\u00adbrai de n\u2019a\u00advoir pas pour\u00adsui\u00advi&nbsp;les<br>\njeunes filles, l\u2019en\u00adfant et. l\u2019ou\u00advrier bles\u00ads\u00e9s, et de ne&nbsp;leur<br>\navoir pas octroy\u00e9 plu\u00adsieurs semaines de pri\u00adson. C\u2019est&nbsp;la<br>\nration ordi\u00adnaire qu\u2019on accorde, en cas de troubles, aux \u00e9tudiants<br>\net aux ouvriers arr\u00ea\u00adt\u00e9s pour avoir re\u00e7u les&nbsp;coups<br>\nde casse-t\u00eate ou les ren\u00adfon\u00adce\u00adments dis\u00adtri\u00adbu\u00e9s par&nbsp;les<br>\nagents. Le tri\u00adbu\u00adnal pou\u00advait, par sur\u00adcro\u00eet, adres\u00adser&nbsp;des<br>\nf\u00e9li\u00adci\u00adta\u00adtions aux deux Moreau, comme firent les magistrats<br>\nver\u00adsaillais en acquit\u00adtant le garde de Meu\u00addon, qui avait assassin\u00e9<br>\nle sourd-muet Lecomte. D\u00e9ci\u00add\u00e9\u00adment, il faut don\u00adner&nbsp;un<br>\nbon point aux juges de Cambrai.&nbsp;\u00bb<\/p>\n<p style=\"margin-bottom: 0cm;\" align=\"center\">\u2015 <font face=\"Times New Roman\">O<br>\n\u2015<\/font><\/p>\n<p style=\"margin-bottom: 0cm;\" align=\"justify\">\tBORDEAUX\u200a\u2014\u200aUn groupe<br>\nd\u2019ou\u00advriers ayant vou\u00adlu prendre part \u00e0 l\u2019Ex\u00adpo\u00adsi\u00adtion&nbsp;de<br>\nBor\u00addeaux, char\u00adgea l\u2019un de ses membres d\u2019y ins\u00adtal\u00adler une biblioth\u00e8que<br>\ndes\u00adti\u00adn\u00e9e \u00e0 rece\u00advoir les objets \u00e0 exposer.<br>\nCelui-ci choi\u00adsit par\u00admi les places dis\u00adpo\u00adnibles celle qui lui parut&nbsp;la<br>\nplus favo\u00adrable et y fixa le meuble en ques\u00adtion. Quel ne fut pas&nbsp;son<br>\n\u00e9ton\u00adne\u00adment, le len\u00adde\u00admain, \u00e0 son arri\u00adv\u00e9e,&nbsp;de<br>\ntrou\u00adver la biblio\u00adth\u00e8que arra\u00adch\u00e9e (non-pas d\u00e9plac\u00e9e,<br>\nmais arra\u00adch\u00e9e vio\u00adlem\u00adment) et en par\u00adtie d\u00e9mo\u00adlie&nbsp;?&nbsp;\u00c0<br>\nsa place s\u2019\u00e9\u00adta\u00adlait un tableau appar\u00adte\u00adnant \u00e0 une grande<br>\nsoci\u00e9\u00adt\u00e9 finan\u00adci\u00e8re de Paris. Les r\u00e9clamations<br>\nde l\u2019ou\u00advrier ne furent pas \u00e9cou\u00adt\u00e9es, mais on daigna<br>\ntou\u00adte\u00adfois lui conc\u00e9\u00adder une autre place, d\u2019o\u00f9 il&nbsp;fut<br>\nencore chas\u00ads\u00e9. En pr\u00e9\u00adsence de ces abus de force brutale<br>\net jugeant la r\u00e9sis\u00adtance inutile, il ne se repr\u00e9senta<br>\nplus. \u00ab&nbsp;La rai\u00adson du plus fort est tou\u00adjours&nbsp;la<br>\nmeilleure.&nbsp;\u00bb<\/p>\n<p style=\"margin-bottom: 0cm;\" align=\"center\">\u2015 <font face=\"Times New Roman\">O<br>\n\u2015<\/font><\/p>\n<p style=\"margin-bottom: 0cm;\" align=\"justify\">BIRIBI.\u200a\u2014\u200aDans&nbsp;ses<br>\nnum\u00e9\u00adros du 31 mai et du 7 juin, <i>l\u2019In\u00adtran\u00adsi\u00adgeant<\/i><br>\nsignale, avec docu\u00adments et attes\u00adta\u00adtions \u00e0 l\u2019ap\u00adpui,&nbsp;les<br>\ncruau\u00adt\u00e9s inou\u00efes dont sont vic\u00adtimes&nbsp;les<br>\n\u00ab&nbsp;dis\u00adci\u00adpli\u00adnaires&nbsp;\u00bb en Afrique. On ne saurait<br>\ntrop faire d\u2019a\u00adgi\u00adta\u00adtion autour de pareilles atro\u00adci\u00adt\u00e9s et il&nbsp;est<br>\ndu devoir de tout homme de c\u0153ur de s\u2019\u00e9\u00adle\u00adver publiquement<br>\ncontre ces sc\u00e8nes sans nom qui r\u00e9vol\u00adte\u00adraient le<br>\ncan\u00adni\u00adbale le plus f\u00e9roce. Non qu\u2019il y ait,&nbsp;h\u00e9las!,<br>\n\u00e0 en esp\u00e9\u00adrer la sup\u00adpres\u00adsion. Ces faits sont&nbsp;la<br>\ncons\u00e9\u00adquence in\u00e9vi\u00adtable de l\u2019au\u00adto\u00adri\u00adt\u00e9 illimit\u00e9e<br>\nque la dis\u00adci\u00adpline mili\u00adtaire conf\u00e8re sur ses subordonn\u00e9s<br>\n\u00e0 tout sou\u00addard dont la manche est orn\u00e9e d\u2019un galon. Que<br>\nle ministre de la guerre soit inter\u00adpel\u00adl\u00e9 \u00e0 ce sujet, il<br>\nfera celui qui ignore, pro\u00admet\u00adtra une enqu\u00eate, voire&nbsp;m\u00eame<br>\nune r\u00e9pres\u00adsion s\u00e9v\u00e8re, mais, pour l\u2019hon\u00adneur&nbsp;du<br>\ndra\u00adpeau et du prin\u00adcipe de la hi\u00e9\u00adrar\u00adchie, plaidera<br>\nl\u2019exa\u00adg\u00e9\u00adra\u00adtion, insi\u00adnue\u00adra que ces r\u00e9v\u00e9lations<br>\nsont le fait de ven\u00adgeances ou de ran\u00adcunes per\u00adson\u00adnelles&nbsp;;&nbsp;les<br>\nd\u00e9pu\u00adt\u00e9s, qui, au fond, s\u2019en fichent, vote\u00adront un&nbsp;ordre<br>\ndu jour de confiance et l\u2019on conti\u00adnue\u00adra \u00e0 assas\u00adsi\u00adner l\u00e0-bas<br>\ndes mal\u00adheu\u00adreux dont le tort prin\u00adci\u00adpal est de n\u2019a\u00advoir su com\u00adprendre la<br>\ngran\u00addeur de l\u2019es\u00adprit d\u2019ab\u00adn\u00e9\u00adga\u00adtion pous\u00ads\u00e9 jusqu\u2019\u00e0<br>\nl\u2019o\u00adb\u00e9is\u00adsance pas\u00adsive. Mais, au moins, le public sera \u00e9clair\u00e9,<br>\ndes m\u00e8res de famille sau\u00adront \u00e0 quel r\u00e9gime sont<br>\nsou\u00admis leurs fils, et les imb\u00e9\u00adciles qui se pros\u00adternent devant<br>\nle dieu Patrie, appren\u00addront quels sacri\u00adfices humains sont perp\u00e9tr\u00e9s<br>\nau nom de leur divi\u00adni\u00adt\u00e9 r\u00e9v\u00e9r\u00e9e.<br>\nPeut-\u00eatre leur fer\u00adveur en sera-t-elle quelque peu refroidie&nbsp;!<\/p>\n<p style=\"margin-bottom: 0cm;\" align=\"justify\">\t<i>L\u2019In\u00adtran\u00adsi\u00adgeant<\/i><br>\nraconte l\u2019his\u00adtoire du sol\u00addat Cailleux, qui, pour un paque\u00adtage&nbsp;mal<br>\nfait, fut atta\u00adch\u00e9 \u00e0 la cra\u00adpau\u00addine, puis frap\u00adp\u00e9&nbsp;\u00e0<br>\ncoups de nerf de b\u0153uf par le ser\u00adgent Pia\u00adnel\u00adli et demeu\u00adra une&nbsp;heure<br>\ndans cette posi\u00adtion. Cet homme, qui d\u00e9ser\u00adta la nuit suivante<br>\n(on le com\u00adpren\u00addrait \u00e0 moins), fut condam\u00adn\u00e9 \u00e0&nbsp;dix<br>\nans de r\u00e9clusion.<\/p>\n<p style=\"margin-bottom: 0cm;\" align=\"justify\">\tC\u2019est ensuite le&nbsp;nomm\u00e9<br>\nRey, qui, li\u00e9 \u00e0 la cra\u00adpau\u00addine, fut expo\u00ads\u00e9&nbsp;au<br>\nsoleil pen\u00addant une jour\u00adn\u00e9e enti\u00e8re. Il en devint fou.<br>\nEnsuite, un nom\u00adm\u00e9 Lar\u00addin est frap\u00adp\u00e9 par son caporal&nbsp;:<br>\nil lui rend un coup de poing et est condam\u00adn\u00e9 \u00e0 cinq&nbsp;ans<br>\nde tra\u00advaux publics. C\u2019est le nom\u00adm\u00e9 Stahl, qui, atteint des<br>\nfi\u00e8vres palu\u00add\u00e9ennes, est contraint par ses sup\u00e9rieurs<br>\n\u00e0 tra\u00ee\u00adner une brouette jus\u00adqu\u2019\u00e0 6 heures du&nbsp;soir&nbsp;;<br>\n\u00e0 9 heures, il expi\u00adrait. Et ain\u00adsi de suite&nbsp;! Il n\u2019y&nbsp;a<br>\nqu\u2019\u00e0 se bais\u00adser pour en prendre.<\/p>\n<p style=\"margin-bottom: 0cm;\" align=\"justify\">\t\u00c0 ces faits&nbsp;nous<br>\nen ajou\u00adte\u00adrons d\u2019autres dont nous garan\u00adtis\u00adsons l\u2019authenticit\u00e9<br>\nabsolue&nbsp;:<\/p>\n<p style=\"margin-bottom: 0cm;\" align=\"justify\">\tLe ser\u00adgent Thomas,<br>\nancien sou\u00adte\u00adneur \u00e0 Tou\u00adlouse, pour\u00advu d\u2019un casier judi\u00adciaire sur<br>\nlequel figurent 7 ou 8 condam\u00adna\u00adtions, traite ses subordonn\u00e9s<br>\nde \u00ab&nbsp;for\u00adbans&nbsp;\u00bb et de \u00ab&nbsp;crapules&nbsp;\u00bb.<br>\nC\u2019est \u00e0 lui que le com\u00adman\u00addant Schmi\u00adte\u00adlin dit&nbsp;: \u00ab&nbsp;Je<br>\nvous aban\u00addonne ces hommes, vous pou\u00advez en faire ce que&nbsp;vous<br>\nvou\u00addrez.&nbsp;\u00bb Ce qu\u2019il en fit se devine par le&nbsp;r\u00e9cit<br>\ndes faits que l\u2019on conna\u00eet. Ce ser\u00adgent Tho\u00admas, renomm\u00e9<br>\nau 3<sup>e<\/sup> bataillon d\u2019A\u00adfrique pour sa f\u00e9rocit\u00e9,<br>\neut une fin digne de lui. Envoy\u00e9 au Daho\u00admey, il fut un&nbsp;jour,<br>\npar hasard, puni de quinze jours de pri\u00adson pour avoir outrepass\u00e9<br>\nla mesure per\u00admise m\u00eame en Afrique, en bru\u00adta\u00adli\u00adsant un&nbsp;homme.<br>\nFurieux, autant que sur\u00adpris, d\u2019a\u00advoir \u00e9t\u00e9 puni pour&nbsp;un<br>\npareil motif, il eut un acc\u00e8s de rage tel qu\u2019il en mourut.<\/p>\n<p style=\"margin-bottom: 0cm;\" align=\"justify\">\tVoi\u00adci quelques faits. En<br>\nsep\u00adtembre 1892, le dis\u00adci\u00adpli\u00adnaire Cha\u00adzot, gra\u00adve\u00adment malade, est<br>\nconduit \u00e0 l\u2019h\u00f4\u00adpi\u00adtal par un capo\u00adral&nbsp;; la conduite se<br>\nfait \u00e0 la matraque, comme il convient \u00e0 des malades de<br>\ncet aca\u00adbit&nbsp;: Cha\u00adzot tombe d\u2019\u00e9\u00adpui\u00adse\u00adment en arri\u00advant&nbsp;\u00e0<br>\nla grille de l\u2019h\u00f4\u00adpi\u00adtal&nbsp;; le gra\u00add\u00e9 qui l\u2019accompagne<br>\nle rel\u00e8ve en lui criant&nbsp;: \u00ab&nbsp;Allons&nbsp;!<br>\nmarche, cha\u00adrogne&nbsp;!&nbsp;\u00bb Cha\u00adzot expire en arri\u00advant&nbsp;\u00e0<br>\nl\u2019h\u00f4\u00adpi\u00adtal\u2026 \u00c9pi\u00adlogue signi\u00adfi\u00adca\u00adtif \u00e0&nbsp;cette<br>\nhis\u00adtoire&nbsp;: le capo\u00adral est nom\u00adm\u00e9 ser\u00adgent le&nbsp;mois<br>\nsui\u00advant\u2026 En r\u00e9com\u00adpense de son z\u00e8le, sans&nbsp;doute&nbsp;?<\/p>\n<p style=\"margin-bottom: 0cm;\" align=\"justify\">\tEn f\u00e9vrier 1893,<br>\nle dimanche gras, les dis\u00adci\u00adpli\u00adnaires Dubrulle, de la 3<sup>e<\/sup>,<br>\net Fr\u00e9vent, de la 4<sup>e<\/sup> com\u00adpa\u00adgnie, tombent<br>\nd\u2019i\u00adna\u00adni\u00adtion. Le m\u00e9de\u00adcin major les envoie \u00e0 l\u2019h\u00f4pital.<br>\nFr\u00e9vent meurt de <i>faim<\/i> \u00e0 8 heures du soir,&nbsp;et<br>\nDubrulle, le lun\u00addi, \u00e0 4 heures du matin. Ce der\u00adnier portait<br>\nsur l\u2019oeil gauche la marque hor\u00adrible d\u2019un coup de poing qui lui&nbsp;avait<br>\n\u00e9t\u00e9 por\u00adt\u00e9 par le capo\u00adral Belin, de la 5<sup>e<\/sup><br>\ncompagnie.<\/p>\n<p style=\"margin-bottom: 0cm;\" align=\"justify\">\tEn veut-on encore&nbsp;?<br>\nVoi\u00adci l\u2019his\u00adtoire du mal\u00adheu\u00adreux Hen\u00adriette, qui, dans le cou\u00adrant&nbsp;de<br>\nl\u2019an\u00adn\u00e9e 1892, reste \u00e0 la barre\u200a\u2014\u200ales pieds&nbsp;li\u00e9s<br>\n\u00e0 une barre de bois et v\u00eatu d\u2019un cale\u00ad\u00e7on et&nbsp;d\u2019une<br>\nche\u00admise,\u200a\u2014\u200apen\u00addant cent onze jours et est sou\u00admis \u00e0 un&nbsp;je\u00fbne<br>\nrigou\u00adreux pen\u00addant six jours. Il en sor\u00adtit avec les pieds&nbsp;gel\u00e9s.<br>\nContraint, mal\u00adgr\u00e9 cette situa\u00adtion, de tra\u00advailler, il&nbsp;fut<br>\ntra\u00adduit au conseil de guerre et condam\u00adn\u00e9 \u00e0 deux ans&nbsp;de<br>\npri\u00adson pour refus d\u2019o\u00adb\u00e9is\u00adsance. Durant sa pr\u00e9vention,<br>\non l\u2019a\u00advait mis en cel\u00adlule, Mais en pr\u00e9\u00adsence de son&nbsp;\u00e9tat<br>\nde san\u00adt\u00e9, on est for\u00adc\u00e9 de le por\u00adter \u00e0 l\u2019h\u00f4pital.<br>\nLe der\u00adnier jour qu\u2019il est au kef, dans le maga\u00adsin d\u2019ha\u00adbille\u00adment de&nbsp;la<br>\n3<sup>e<\/sup> com\u00adpa\u00adgnie o\u00f9 on lui donne une tenue pour&nbsp;se<br>\npr\u00e9\u00adsen\u00adter au conseil de guerre \u00e0 Tunis, cre\u00advant&nbsp;de<br>\nfaim, il implore du capo\u00adral Ulput un mor\u00adceau de pain, r\u00e9duit<br>\npour l\u2019ob\u00adte\u00adnir, \u00e0 pro\u00admettre \u00e0 ce gra\u00add\u00e9 certaines<br>\nfaveurs qu\u2019on ne peut sp\u00e9\u00adci\u00adfier autrement.<\/p>\n<p style=\"margin-bottom: 0cm;\" align=\"justify\">\tVoi\u00adl\u00e0 des&nbsp;faits,<br>\nil en est d\u2019autres que nous conte\u00adrons par la suite. Assez \u00e9loquents<br>\npar eux-m\u00eames, ils n\u2019ont besoin d\u2019\u00eatre sui\u00advis d\u2019aucun<br>\ncommentaire.<\/p>\n<p style=\"margin-bottom: 0cm;\" align=\"justify\">Andr\u00e9 Girard<\/p>\n","protected":false},"excerpt":{"rendered":"<p>PARIS.\u200a\u2014\u200aDimanche der\u00adnier, notre col\u00adla\u00adbo\u00adra\u00adteur V. Bar\u00adru\u00adcand a don\u00adn\u00e9&nbsp;la conf\u00e9\u00adrence annon\u00adc\u00e9e sur le Pain gra\u00adtuit. Notre cama\u00adrade a trai\u00adt\u00e9 avec convic\u00adtion et talent son sujet, qu\u2019il&nbsp;a d\u00e9j\u00e0, du reste, d\u00e9ve\u00adlop\u00adp\u00e9 dans&nbsp;deux articles de la Revue Blanche. Nous ne vou\u00addrions pas trop jeter d\u2019eau sur le feu des enthou\u00adsiasmes, mais nous ne pou\u00advons nous emp\u00ea\u00adcher de&nbsp;faire&nbsp;[\u2026]<\/p>\n","protected":false},"author":1,"featured_media":0,"comment_status":"closed","ping_status":"closed","sticky":false,"template":"","format":"standard","meta":{"wp_typography_post_enhancements_disabled":false,"footnotes":""},"categories":[119],"tags":[],"ppma_author":[540],"class_list":["post-1014","post","type-post","status-publish","format-standard","hentry","category-les-temps-nouveaux-na8-22-28-juin-1895"],"authors":[{"term_id":540,"user_id":1,"is_guest":0,"slug":"admin_3gikpwyf","display_name":"Vincent Dubuc","avatar_url":"https:\/\/secure.gravatar.com\/avatar\/d015720652c25fd2ced191ade86430094e1f288a17483713e3b34d26dea52507?s=96&d=mm&r=g","author_category":"","user_url":"https:\/\/la-presse-anarchiste.net","last_name":"Dubuc","first_name":"Vincent","job_title":"","description":""}],"_links":{"self":[{"href":"https:\/\/la-presse-anarchiste.net\/index.php\/wp-json\/wp\/v2\/posts\/1014","targetHints":{"allow":["GET"]}}],"collection":[{"href":"https:\/\/la-presse-anarchiste.net\/index.php\/wp-json\/wp\/v2\/posts"}],"about":[{"href":"https:\/\/la-presse-anarchiste.net\/index.php\/wp-json\/wp\/v2\/types\/post"}],"author":[{"embeddable":true,"href":"https:\/\/la-presse-anarchiste.net\/index.php\/wp-json\/wp\/v2\/users\/1"}],"replies":[{"embeddable":true,"href":"https:\/\/la-presse-anarchiste.net\/index.php\/wp-json\/wp\/v2\/comments?post=1014"}],"version-history":[{"count":0,"href":"https:\/\/la-presse-anarchiste.net\/index.php\/wp-json\/wp\/v2\/posts\/1014\/revisions"}],"wp:attachment":[{"href":"https:\/\/la-presse-anarchiste.net\/index.php\/wp-json\/wp\/v2\/media?parent=1014"}],"wp:term":[{"taxonomy":"category","embeddable":true,"href":"https:\/\/la-presse-anarchiste.net\/index.php\/wp-json\/wp\/v2\/categories?post=1014"},{"taxonomy":"post_tag","embeddable":true,"href":"https:\/\/la-presse-anarchiste.net\/index.php\/wp-json\/wp\/v2\/tags?post=1014"},{"taxonomy":"author","embeddable":true,"href":"https:\/\/la-presse-anarchiste.net\/index.php\/wp-json\/wp\/v2\/ppma_author?post=1014"}],"curies":[{"name":"wp","href":"https:\/\/api.w.org\/{rel}","templated":true}]}}