{"id":1016,"date":"2007-11-16T17:19:15","date_gmt":"2007-11-16T17:19:15","guid":{"rendered":"https:\/\/la-presse-anarchiste.net\/index.php\/2007\/11\/16\/les-greves\/"},"modified":"2007-11-16T17:19:15","modified_gmt":"2007-11-16T17:19:15","slug":"les-greves","status":"publish","type":"post","link":"https:\/\/la-presse-anarchiste.net\/index.php\/2007\/11\/16\/les-greves\/","title":{"rendered":"Les gr\u00e8ves"},"content":{"rendered":"<div class=\"pdfprnt-buttons pdfprnt-buttons-post pdfprnt-top-right\"><a href=\"https:\/\/la-presse-anarchiste.net\/index.php\/wp-json\/wp\/v2\/posts\/1016?print=pdf\" class=\"pdfprnt-button pdfprnt-button-pdf\" target=\"_blank\"><img decoding=\"async\" src=\"https:\/\/la-presse-anarchiste.net\/wp-content\/plugins\/pdf-print\/images\/pdf.png\" alt=\"image_pdf\" title=\"Afficher le PDF\"><\/a><a href=\"https:\/\/la-presse-anarchiste.net\/index.php\/wp-json\/wp\/v2\/posts\/1016?print=print\" class=\"pdfprnt-button pdfprnt-button-print\" target=\"_blank\"><img decoding=\"async\" src=\"https:\/\/la-presse-anarchiste.net\/wp-content\/plugins\/pdf-print\/images\/print.png\" alt=\"image_print\" title=\"Contenu imprim\u00e9\"><\/a><\/div><p style=\"margin-bottom: 0cm;\" align=\"justify\">\tD\u00e8s les d\u00e9buts<br>\nde l\u2019As\u00adso\u00adcia\u00adtion inter\u00adna\u00adtio\u00adnale des Tra\u00advailleurs, les gr\u00e8ves<br>\nfurent l\u2019ob\u00adjet de vives dis\u00adcus\u00adsions. Il est cer\u00adtain que l\u2019appui<br>\nfra\u00adter\u00adnel, trou\u00adv\u00e9 par des gr\u00e9\u00advistes fran\u00ad\u00e7ais&nbsp;en<br>\nAngle\u00adterre, et r\u00e9ci\u00adpro\u00adque\u00adment, avait immens\u00e9ment<br>\ncontri\u00adbu\u00e9 aux pro\u00adgr\u00e8s de l\u2019As\u00adso\u00adcia\u00adtion. L\u2019empressement<br>\navec lequel des m\u00e9tiers, jadis indif\u00adf\u00e9\u00adrents ou&nbsp;m\u00eame<br>\nhos\u00adtiles les uns aux autres, s\u2019ap\u00adpuyaient dans leurs gr\u00e8ves,<br>\ndon\u00adnait \u00e0 la grande Asso\u00adcia\u00adtion un carac\u00adt\u00e8re de r\u00e9alit\u00e9<br>\nqu\u2019elle n\u2019au\u00adrait jamais eu, si elle se bor\u00adnait \u00e0&nbsp;des<br>\nd\u00e9cla\u00adra\u00adtions pla\u00adto\u00adniques de solidarit\u00e9.<\/p>\n<p style=\"margin-bottom: 0cm;\" align=\"justify\">\tMais on remarque aussi,<br>\nd\u00e8s les d\u00e9buts, que tr\u00e8s sou\u00advent les gr\u00e8ves<br>\n\u00e9taient imbues d\u2019un \u00e9go\u00efsme \u00e9troit. En&nbsp;vue<br>\nd\u2019une gr\u00e8ve, les sec\u00adtions gros\u00adsis\u00adsaient \u00e0 vue&nbsp;d\u2019\u0153il.<br>\nMais, la gr\u00e8ve une fois ter\u00admi\u00adn\u00e9e, soit par&nbsp;une<br>\nvic\u00adtoire, soit par une d\u00e9faite, les tra\u00advailleurs se retiraient<br>\ndes sec\u00adtions pour jouir des fruits de la vic\u00adtoire, ou bien&nbsp;par<br>\nd\u00e9couragement.<\/p>\n<p style=\"margin-bottom: 0cm;\" align=\"justify\">\tPeu \u00e0 peu, on&nbsp;en<br>\narri\u00adva \u00e0 trai\u00adter la gr\u00e8ve comme une arme r\u00e9actionnaire,<br>\net cette mani\u00e8re de voir pr\u00e9\u00adva\u00adlut, pen\u00addant un certain<br>\ntemps, dans les milieux r\u00e9vo\u00adlu\u00adtion\u00adnaires, d\u2019au\u00adtant plus&nbsp;que<br>\nchaque gr\u00e8ve plus ou moins impor\u00adtante \u00e9tait exploit\u00e9e<br>\npar des poli\u00adti\u00adciens en qu\u00eate de candidatures.<\/p>\n<p style=\"margin-bottom: 0cm;\" align=\"center\">\u2015 <font face=\"Times New Roman\">O<br>\n\u2015<\/font>\t<\/p>\n<p style=\"margin-bottom: 0cm;\" align=\"justify\">\tEntre temps, la&nbsp;vie<br>\nconti\u00adnuait \u00e0 mar\u00adcher dans les milieux ouvriers. Les gr\u00e8ves<br>\nconti\u00adnuaient. D\u2019an\u00adn\u00e9e en ann\u00e9e, elles pre\u00adnaient un<br>\ncarac\u00adt\u00e8re de plus en plus gran\u00addiose. Ce que l\u2019on d\u00e9crivait<br>\nautre\u00adfois comme \u00ab&nbsp;une guerre des bras crois\u00e9s&nbsp;\u00bb<br>\npre\u00adnait peu \u00e0 peu le carac\u00adt\u00e8re d\u2019\u00e9meutes<br>\npopu\u00adlaires contre le capi\u00adtal et sou\u00advent contre l\u2019\u00c9tat.<br>\nL\u2019es\u00adprit de soli\u00adda\u00adri\u00adt\u00e9 p\u00e9n\u00e9\u00adtrait les masses<br>\nouvri\u00e8res, et la soli\u00adda\u00adri\u00adt\u00e9 internationale<br>\ns\u2019\u00e9\u00adta\u00adblis\u00adsait de plus en plus, spon\u00adta\u00adn\u00e9\u00adment, dans&nbsp;les<br>\nrap\u00adports entre tra\u00advailleurs de diverses nations.<\/p>\n<p style=\"margin-bottom: 0cm;\" align=\"justify\">\tDes gr\u00e8ves<br>\n\u00e9cla\u00adtaient, englo\u00adbant des cen\u00adtaines de mille tra\u00advailleurs \u00e0<br>\nla fois. \u00c0 plu\u00adsieurs reprises, on fut \u00e0 deux doigts<br>\nd\u2019une gr\u00e8ve g\u00e9n\u00e9\u00adrale. Et, avec l\u2019ir\u00adri\u00adta\u00adtion&nbsp;qui<br>\nnais\u00adsait dans la lutte, la gr\u00e8ve deve\u00adnait \u00e9meute,<br>\ninsur\u00adrec\u00adtion ouvri\u00e8re.<\/p>\n<p style=\"margin-bottom: 0cm;\" align=\"justify\">\tForce est donc&nbsp;de<br>\nrecon\u00adna\u00eetre aujourd\u2019\u00adhui que, mal\u00adgr\u00e9 tous&nbsp;ses<br>\nincon\u00adv\u00e9\u00adnients, mal\u00adgr\u00e9 son carac\u00adt\u00e8re sou\u00advent&nbsp;si<br>\n\u00e9go\u00efste, la gr\u00e8ve est encore une des armes&nbsp;les<br>\nplus puis\u00adsantes pour \u00e9ta\u00adblir, dans les faits aus\u00adsi bien&nbsp;que<br>\ndans les id\u00e9es, un sen\u00adti\u00adment de soli\u00adda\u00adri\u00adt\u00e9&nbsp;entre<br>\ntra\u00advailleurs de dif\u00adf\u00e9\u00adrentes branches de m\u00e9tier, de&nbsp;les<br>\nunir en une lutte com\u00admune contre les exploi\u00adteurs, de r\u00e9veiller<br>\nl\u2019es\u00adprit de r\u00e9volte contre le capi\u00adtal et contre l\u2019\u00c9tat<br>\nqui, tou\u00adjours, prend par\u00adti pour le capi\u00adta\u00adliste contre le travailleur.<\/p>\n<p style=\"margin-bottom: 0cm;\" align=\"justify\">\tEnfin, l\u2019id\u00e9e<br>\nd\u2019une gr\u00e8ve g\u00e9n\u00e9\u00adrale, englo\u00adbant tous les m\u00e9tiers<br>\nvitaux d\u2019une nation, et sou\u00adte\u00adnue inter\u00adna\u00adtio\u00adna\u00adle\u00adment par des gr\u00e8ves<br>\nimmenses\u200a\u2014\u200acette id\u00e9e que l\u2019In\u00adter\u00adna\u00adtio\u00adnale avait \u00e9nonc\u00e9e<br>\nd\u00e8s ses d\u00e9buts\u200a\u2014\u200acom\u00admence \u00e0 prendre corps&nbsp;et,<br>\nd\u2019an\u00adn\u00e9e en ann\u00e9e, approche de sa r\u00e9a\u00adli\u00adsa\u00adtion.&nbsp;Un<br>\ntra\u00advail immense\u200a\u2014\u200ad\u2019au\u00adtant plus puis\u00adsant qu\u2019il est spontan\u00e9<br>\u200a\u2014\u200ase pro\u00adduit dans cette direc\u00adtion dans les milieux ouvriers du<br>\nmonde entier.<\/p>\n<p style=\"margin-bottom: 0cm;\" align=\"center\">\u2015 <font face=\"Times New Roman\">O<br>\n\u2015<\/font><\/p>\n<p style=\"margin-bottom: 0cm;\" align=\"justify\">\tIl est tout natu\u00adrel&nbsp;que<br>\nles \u00e9co\u00adno\u00admistes uni\u00adver\u00adsi\u00adtaires, sala\u00adri\u00e9s par&nbsp;la<br>\nbour\u00adgeoi\u00adsie, se mettent en cam\u00adpagne contre ce mou\u00adve\u00adment&nbsp;et<br>\ns\u2019ef\u00adforcent de l\u2019en\u00adrayer par tous les moyens.<\/p>\n<p style=\"margin-bottom: 0cm;\" align=\"justify\">\tLeur argu\u00adment favori,<br>\nc\u2019est l\u2019i\u00adnu\u00adti\u00adli\u00adt\u00e9 des gr\u00e8ves. \u00c0 croire les<br>\nchiffres de pertes subies par les tra\u00advailleurs pen\u00addant les gr\u00e8ves,<br>\u200a\u2014\u200achiffres par les\u00adquels les \u00e9co\u00adno\u00admistes aiment \u00e0<br>\nfrap\u00adper l\u2019i\u00adma\u00adgi\u00adna\u00adtion de leurs lec\u00adteurs,\u200a\u2014\u200ale tra\u00advailleur perd<br>\ntou\u00adjours plus qu\u2019il ne gagne par une gr\u00e8ve, alors&nbsp;m\u00eame<br>\nqu\u2019elle a r\u00e9us\u00adsi. Chaque gr\u00e8ve ruine l\u2019industrie<br>\nnatio\u00adnale. Les salaires montent en ver\u00adtu des \u00ab&nbsp;lois&nbsp;\u00bb<br>\n\u00e9co\u00adno\u00admiques, aux\u00adquelles les patrons s\u2019empressent, para\u00eet-il,<br>\nd\u2019o\u00adb\u00e9ir, en offrant aux tra\u00advailleurs de par\u00adta\u00adger&nbsp;leurs<br>\nb\u00e9n\u00e9\u00adfices, et les gr\u00e8ves n\u2019y sont pour&nbsp;rien.<br>\nL\u2019i\u00adgno\u00adrance seule des tra\u00advailleurs et l\u2019am\u00adbi\u00adtion de leurs meneurs<br>\nam\u00e8nent ces calamit\u00e9s.<\/p>\n<p style=\"margin-bottom: 0cm;\" align=\"center\">\u2015 <font face=\"Times New Roman\">O<br>\n\u2015<\/font><\/p>\n<p style=\"margin-bottom: 0cm;\" align=\"justify\">\tLes tra\u00advailleurs savent,<br>\nheu\u00adreu\u00adse\u00adment, \u00e0 quoi s\u2019en tenir sur ces raisonnements<br>\nint\u00e9ress\u00e9s.<\/p>\n<p style=\"margin-bottom: 0cm;\" align=\"justify\">\tIls savent que<br>\nlors\u00adqu\u2019une indus\u00adtrie est jet\u00e9e dans le marasme par la cupidit\u00e9<br>\net l\u2019i\u00adgno\u00adrance des patrons, la gr\u00e8ve est condamn\u00e9e<br>\nd\u2019a\u00advance \u00e0 la d\u00e9faite&nbsp;; mais que, presque<br>\ntou\u00adjours, elle emp\u00eache, du moins, les salaires de tomber<br>\njus\u00adqu\u2019au niveau de la mis\u00e8re sans phrases.<\/p>\n<p style=\"margin-bottom: 0cm;\" align=\"justify\">\tQuant aux moments de<br>\npros\u00adp\u00e9\u00adri\u00adt\u00e9 rela\u00adtive de l\u2019in\u00addus\u00adtrie, mes\u00adsieurs les<br>\npatrons ob\u00e9issent si peu aux soi-disant \u00ab&nbsp;lois&nbsp;\u00bb<br>\n\u00e9co\u00adno\u00admiques, que c\u2019est seule\u00adment en met\u00adtant le cou\u00adteau sur&nbsp;la<br>\ngorge du patron que le tra\u00advailleur obtient la moindre aug\u00admen\u00adta\u00adtion&nbsp;de<br>\nson salaire ou la moindre dimi\u00adnu\u00adtion de sa jour\u00adn\u00e9e. Pour&nbsp;un<br>\nseul patron qui se d\u00e9cide \u00e0 ob\u00e9ir \u00ab&nbsp;de<br>\nbon gr\u00e9&nbsp;\u00bb aux \u00ab&nbsp;lois&nbsp;\u00bb<br>\n\u00e9co\u00adno\u00admiques,\u200a\u2014\u200ac\u2019est-\u00e0-dire sous la menace des<br>\ntra\u00advailleurs, il y en a tou\u00adjours dix, au moins, qui esp\u00e8rent,<br>\navec l\u2019aide de la police, de l\u2019ar\u00adm\u00e9e et des juges, retarder<br>\nl\u2019heure de l\u2019o\u00adb\u00e9is\u00adsance&nbsp;; la gr\u00e8ve seule&nbsp;les<br>\nd\u00e9cide \u00e0 d\u00e9bour\u00adser quelques sous de&nbsp;leurs<br>\nb\u00e9n\u00e9fices.<\/p>\n<p style=\"margin-bottom: 0cm;\" align=\"justify\">\tChaque sou de salaire en<br>\nplus, chaque minute de tra\u00advail en moins, chaque liber\u00adt\u00e9&nbsp;dans<br>\nl\u2019a\u00adte\u00adlier, si minimes qu\u2019ils soient, ont \u00e9t\u00e9 arrach\u00e9s<br>\naux requins de l\u2019in\u00addus\u00adtrie par des conju\u00adra\u00adtions de la faim, par&nbsp;des<br>\nmois de mis\u00e8re in\u00e9\u00adnar\u00adrable, sans comp\u00adter les gr\u00e9vistes<br>\nempri\u00adson\u00adn\u00e9s, sabr\u00e9s et fusill\u00e9s par&nbsp;les<br>\nser\u00advi\u00adteurs du capi\u00adtal\u200a\u2014\u200ala jus\u00adtice, la police et l\u2019arm\u00e9e.<\/p>\n<p style=\"margin-bottom: 0cm;\" align=\"justify\">\t\u00c0 part la r\u00e9volte<br>\net la gr\u00e8ve, le tra\u00advailleur n\u2019a pas d\u2019autre arme pour emp\u00eacher<br>\nle patron d\u2019a\u00advi\u00adlir les salaires.<\/p>\n<p style=\"margin-bottom: 0cm;\" align=\"center\">\u2015 <font face=\"Times New Roman\">O<br>\n\u2015<\/font><\/p>\n<p style=\"margin-bottom: 0cm;\" align=\"justify\">\tQuant aux chiffres, si<br>\nchers aux \u00e9co\u00adno\u00admistes de la bour\u00adgeoi\u00adsie, ceux que les Bureaux<br>\ndu Tra\u00advail aux \u00c9tats-Unis ont publi\u00e9s r\u00e9cemment<br>\nsont assez instructifs.<\/p>\n<p style=\"margin-bottom: 0cm;\" align=\"justify\">\tLes pertes des<br>\ntra\u00advailleurs dans les gr\u00e8ves, en effet, sont \u00e9normes.<br>\nCaroll Wright, dans un tra\u00advail tr\u00e8s soi\u00adgn\u00e9 concernant<br>\nles gr\u00e8ves des Etats-Unis de 1880 \u00e0 87 (un volume de<br>\n1200 pages, publi\u00e9 aux frais de l\u2019\u00c9\u00adtat), nous montre<br>\nque les pertes des tra\u00advailleurs se sont mon\u00adt\u00e9es, dans&nbsp;ces<br>\nann\u00e9es, \u00e0 299&nbsp;862&nbsp;200 francs&nbsp;; ce qui fait&nbsp;une<br>\nmoyenne de 200 francs par gr\u00e9\u00adviste. La m\u00e8re ouvri\u00e8re,<br>\nseule, sau\u00adra appr\u00e9\u00adcier ce que signi\u00adfie ce tri\u00adbut \u00e9norme<br>\nde 200 francs par t\u00eate pr\u00e9\u00adle\u00adv\u00e9 par la&nbsp;b\u00eate<br>\ncapitaliste.<\/p>\n<p style=\"margin-bottom: 0cm;\" align=\"justify\">\tMais il r\u00e9sulte<br>\nde ce m\u00eame tra\u00advail que, dans les gr\u00e8ves gagn\u00e9es,<br>\nles pertes ont \u00e9t\u00e9 com\u00adpen\u00ads\u00e9es par l\u2019augmentation<br>\ndes salaires en une moyenne de 76 jours&nbsp;; et que, dans&nbsp;les<br>\ngr\u00e8ves gagn\u00e9es par\u00adtiel\u00adle\u00adment, les pertes ont&nbsp;\u00e9t\u00e9<br>\ncou\u00advertes en une moyenne de 361 jours&nbsp;; apr\u00e8s quoi il y&nbsp;a<br>\neu gain&nbsp;net.&nbsp;<\/p>\n<p style=\"margin-bottom: 0cm;\" align=\"justify\">\tCela change d\u00e9j\u00e0<br>\nun peu le tableau.<\/p>\n<p style=\"margin-bottom: 0cm;\" align=\"justify\">\tQuant au nombre de<br>\ngr\u00e8ves gagn\u00e9es et per\u00addues, tout d\u00e9pend (dans&nbsp;des<br>\ncondi\u00adtions moyennes d\u2019in\u00addus\u00adtrie) de l\u2019en\u00adtente pr\u00e9a\u00adlable&nbsp;entre<br>\ntra\u00advailleurs. Si cette entente existe, comme elle exis\u00adtait&nbsp;aux<br>\n\u00c9tats-Unis, o\u00f9 l\u2019on a vu en une seule&nbsp;ann\u00e9e<br>\n(1890) une gr\u00e8ve sur huit \u00e9cla\u00adter pour sou\u00adte\u00adnir&nbsp;des<br>\ncama\u00adrades en gr\u00e8ve (732 gr\u00e8ves \u00ab&nbsp;de<br>\nsoli\u00adda\u00adri\u00adt\u00e9&nbsp;\u00bb sur un total de 6199),\u200a\u2014\u200aalors&nbsp;les<br>\ngr\u00e8ves per\u00addues sont rares. Sur 6199 gr\u00e8ves et&nbsp;3711<br>\nmenaces de gr\u00e8ve, aux\u00adquelles les patrons ont&nbsp;c\u00e9d\u00e9,<br>\nil n\u2019y a eu, cette ann\u00e9e, que 446 gr\u00e8ves perdues.<\/p>\n<p style=\"margin-bottom: 0cm;\" align=\"center\">\u2015 <font face=\"Times New Roman\">O<br>\n\u2015<\/font><\/p>\n<p style=\"margin-bottom: 0cm;\" align=\"justify\">\tNous ferons donc bien&nbsp;de<br>\nnous tenir sur nos gardes en par\u00adcou\u00adrant les gros chiffres de pertes<br>\nqui font si sou\u00advent le tour de la presse bourgeoise.<\/p>\n<p style=\"margin-bottom: 0cm;\" align=\"justify\">\tEt, quant aux gr\u00e8ves<br>\nper\u00addues, nous ferons encore bien de consul\u00adter leurs r\u00e9sultats<br>\nsecondaires.<\/p>\n<p style=\"margin-bottom: 0cm;\" align=\"justify\">\tAin\u00adsi, rare\u00adment&nbsp;une<br>\ngr\u00e8ve s\u2019est ter\u00admi\u00adn\u00e9e par une d\u00e9faite aussi<br>\nter\u00adrible que la grande gr\u00e8ve de Homes\u00adtead, aux \u00c9tats-Unis<br>\n(celle o\u00f9 le direc\u00adteur Frick fut frap\u00adp\u00e9 par Berckmann<br>\net o\u00f9 les gr\u00e9\u00advistes mas\u00adsa\u00adcr\u00e8rent la soldatesque<br>\nmer\u00adce\u00adnaire du capi\u00adtal\u200a\u2014\u200ales sol\u00addats de Pin\u00adcker\u00adton). Cette&nbsp;gr\u00e8ve<br>\nse ter\u00admi\u00adna par une d\u00e9route com\u00adpl\u00e8te. Elle&nbsp;co\u00fbta<br>\nplus de sept mil\u00adlions aux tra\u00advailleurs et, apr\u00e8s la d\u00e9faite,<br>\ntrois mille ouvriers durent quit\u00adter le pays. Les unions ouvri\u00e8res<br>\nper\u00addirent, en outre, le contr\u00f4le qu\u2019elles poss\u00e9daient<br>\naupa\u00adra\u00advant sur la pro\u00adduc\u00adtion \u00e0 Homestead.<\/p>\n<p style=\"margin-bottom: 0cm;\" align=\"justify\">\tMais puisque, dans&nbsp;cette<br>\nbataille per\u00addue, les ouvriers ont fait preuve d\u2019une immense \u00e9nergie,<br>\npuis\u00adqu\u2019ils ont com\u00adbat\u00adtu les sol\u00addats de Pin\u00adcker\u00adton les armes&nbsp;\u00e0<br>\nla main,\u200a\u2014\u200ac\u2019est encore les Bureaux du Tra\u00advail qui nous le disent&nbsp;\u2014<br>\nm\u00eame cette gr\u00e8ve per\u00addue a plus fait pour mettre la<br>\nques\u00adtion sociale au pre\u00admier plan que toutes les gr\u00e8ves des<br>\n\u00c9tats-Unis, prises ensemble.<\/p>\n<p style=\"margin-bottom: 0cm;\" align=\"justify\">\tLa bataille sanglante<br>\ncontre les Pin\u00adcker\u00adton,\u200a\u2014\u200anous dit la presse am\u00e9ricaine&nbsp;\u2014<br>\nles pro\u00adc\u00e8s qui sui\u00advirent la gr\u00e8ve, les calomnies<br>\nignobles que les patrons firent cir\u00adcu\u00adler dans des pro\u00adc\u00e8s&nbsp;sans<br>\nnombre inten\u00adt\u00e9s \u00e0 des tra\u00advailleurs connus sur les&nbsp;lieux<br>\nde longue date, l\u2019at\u00adti\u00adtude arro\u00adgante et l\u00e2che \u00e0 la&nbsp;fois<br>\ndes capi\u00adta\u00adlistes, ont mis toutes les sym\u00adpa\u00adthies du&nbsp;c\u00f4t\u00e9<br>\ndes ouvriers.<\/p>\n<p style=\"margin-bottom: 0cm;\" align=\"justify\">\tOn a com\u00adpris, dans&nbsp;les<br>\nmilieux jadis indif\u00adf\u00e9\u00adrents, qu\u2019il ne peut pas y avoir&nbsp;de<br>\nconci\u00adlia\u00adtion pos\u00adsible entre le capi\u00adtal et le tra\u00advail&nbsp;; que&nbsp;ce<br>\nsont deux forces oppo\u00ads\u00e9es dont l\u2019une doit d\u00e9truire<br>\nl\u2019autre&nbsp;; et que, sou\u00adte\u00adnir le capi\u00adtal, c\u2019est pr\u00e9\u00adpa\u00adrer&nbsp;la<br>\nguerre sociale avec toutes ses cons\u00e9\u00adquences ter\u00adribles et<br>\nimpr\u00e9vues.<\/p>\n<p style=\"margin-bottom: 0cm;\" align=\"justify\">\tEt c\u2019est pour\u00adquoi&nbsp;cette<br>\nid\u00e9e de pro\u00adcla\u00admer la guerre au capi\u00adtal dans un ter\u00adri\u00adtoire&nbsp;de<br>\nl\u2019Ouest\u200a\u2014\u200aid\u00e9e qui sera riche en cons\u00e9\u00adquence\u200a\u2014\u200aa<br>\nger\u00adm\u00e9 par\u00admi les tra\u00advailleurs et m\u00eame par\u00admi des hommes<br>\nd\u2019es\u00adprit ind\u00e9\u00adpen\u00addant au sein de la bour\u00adgeoi\u00adsie, pen\u00addant&nbsp;la<br>\nder\u00adni\u00e8re gr\u00e8ve des che\u00admins de fer (ate\u00adliers Pulmann).<\/p>\n<p style=\"margin-bottom: 0cm;\" align=\"center\">\u2015 <font face=\"Times New Roman\">O<br>\n\u2015<\/font><\/p>\n<p style=\"margin-bottom: 0cm;\" align=\"justify\">\tTelle est la&nbsp;le\u00e7on<br>\ndon\u00adn\u00e9e aux \u00c9tats-Unis par cette gr\u00e8ve perdue,<br>\nmais per\u00addue en com\u00adbat\u00adtant, comme la Com\u00admune de&nbsp;1871.<\/p>\n<p style=\"margin-bottom: 0cm;\" align=\"justify\">\tC\u2019est que le progr\u00e8s<br>\nne se mesure pas par des francs et des dol\u00adlars. Il se mesure par<br>\nl\u2019\u00e9ner\u00adgie, la force des convic\u00adtions, l\u2019es\u00adprit de solidarit\u00e9<br>\nque la bataille a r\u00e9veill\u00e9s. Et l\u2019on sait de quel&nbsp;c\u00f4t\u00e9<br>\nsont ces moteurs du progr\u00e8s.<\/p>\n<p style=\"margin-bottom: 0cm;\" align=\"justify\">\tPer\u00addant foi dans&nbsp;sa<br>\npropre cause, le capi\u00adta\u00adliste ne se sent cou\u00adra\u00adgeux que sous&nbsp;la<br>\npro\u00adtec\u00adtion des ba\u00efon\u00adnettes de l\u2019\u00c9\u00adtat. Et chaque gr\u00e8ve<br>\ncreuse davan\u00adtage le fos\u00ads\u00e9 entre le tra\u00advailleur qui marche vers<br>\nle pro\u00adgr\u00e8s et le capi\u00adta\u00adliste et son seul sup\u00adp\u00f4t, l\u2019\u00c9tat.<\/p>\n<p style=\"margin-bottom: 0cm;\" align=\"justify\">\n_<\/p>\n<p style=\"margin-bottom: 0cm;\" align=\"justify\">Vin\u00addex<\/p>\n","protected":false},"excerpt":{"rendered":"<p>D\u00e8s les d\u00e9buts de l\u2019As\u00adso\u00adcia\u00adtion inter\u00adna\u00adtio\u00adnale des Tra\u00advailleurs, les gr\u00e8ves furent l\u2019ob\u00adjet de vives dis\u00adcus\u00adsions. Il est cer\u00adtain que l\u2019appui fra\u00adter\u00adnel, trou\u00adv\u00e9 par des gr\u00e9\u00advistes fran\u00ad\u00e7ais&nbsp;en Angle\u00adterre, et r\u00e9ci\u00adpro\u00adque\u00adment, avait immen\u00ads\u00e9\u00adment contri\u00adbu\u00e9 aux pro\u00adgr\u00e8s de l\u2019As\u00adso\u00adcia\u00adtion. L\u2019empressement avec lequel des m\u00e9tiers, jadis indif\u00adf\u00e9\u00adrents ou&nbsp;m\u00eame hos\u00adtiles les uns aux autres, s\u2019ap\u00adpuyaient dans leurs gr\u00e8ves, don\u00adnait&nbsp;\u00e0&nbsp;[\u2026]<\/p>\n","protected":false},"author":1,"featured_media":0,"comment_status":"closed","ping_status":"closed","sticky":false,"template":"","format":"standard","meta":{"wp_typography_post_enhancements_disabled":false,"footnotes":""},"categories":[119],"tags":[],"ppma_author":[540],"class_list":["post-1016","post","type-post","status-publish","format-standard","hentry","category-les-temps-nouveaux-na8-22-28-juin-1895"],"authors":[{"term_id":540,"user_id":1,"is_guest":0,"slug":"admin_3gikpwyf","display_name":"Vincent Dubuc","avatar_url":"https:\/\/secure.gravatar.com\/avatar\/d015720652c25fd2ced191ade86430094e1f288a17483713e3b34d26dea52507?s=96&d=mm&r=g","author_category":"","user_url":"https:\/\/la-presse-anarchiste.net","last_name":"Dubuc","first_name":"Vincent","job_title":"","description":""}],"_links":{"self":[{"href":"https:\/\/la-presse-anarchiste.net\/index.php\/wp-json\/wp\/v2\/posts\/1016","targetHints":{"allow":["GET"]}}],"collection":[{"href":"https:\/\/la-presse-anarchiste.net\/index.php\/wp-json\/wp\/v2\/posts"}],"about":[{"href":"https:\/\/la-presse-anarchiste.net\/index.php\/wp-json\/wp\/v2\/types\/post"}],"author":[{"embeddable":true,"href":"https:\/\/la-presse-anarchiste.net\/index.php\/wp-json\/wp\/v2\/users\/1"}],"replies":[{"embeddable":true,"href":"https:\/\/la-presse-anarchiste.net\/index.php\/wp-json\/wp\/v2\/comments?post=1016"}],"version-history":[{"count":0,"href":"https:\/\/la-presse-anarchiste.net\/index.php\/wp-json\/wp\/v2\/posts\/1016\/revisions"}],"wp:attachment":[{"href":"https:\/\/la-presse-anarchiste.net\/index.php\/wp-json\/wp\/v2\/media?parent=1016"}],"wp:term":[{"taxonomy":"category","embeddable":true,"href":"https:\/\/la-presse-anarchiste.net\/index.php\/wp-json\/wp\/v2\/categories?post=1016"},{"taxonomy":"post_tag","embeddable":true,"href":"https:\/\/la-presse-anarchiste.net\/index.php\/wp-json\/wp\/v2\/tags?post=1016"},{"taxonomy":"author","embeddable":true,"href":"https:\/\/la-presse-anarchiste.net\/index.php\/wp-json\/wp\/v2\/ppma_author?post=1016"}],"curies":[{"name":"wp","href":"https:\/\/api.w.org\/{rel}","templated":true}]}}