{"id":1032,"date":"2007-11-17T15:10:57","date_gmt":"2007-11-17T15:10:57","guid":{"rendered":"https:\/\/la-presse-anarchiste.net\/index.php\/2007\/11\/17\/actuelles\/"},"modified":"2007-11-17T15:10:57","modified_gmt":"2007-11-17T15:10:57","slug":"actuelles","status":"publish","type":"post","link":"https:\/\/la-presse-anarchiste.net\/index.php\/2007\/11\/17\/actuelles\/","title":{"rendered":"Actuelles"},"content":{"rendered":"<div class=\"pdfprnt-buttons pdfprnt-buttons-post pdfprnt-top-right\"><a href=\"https:\/\/la-presse-anarchiste.net\/index.php\/wp-json\/wp\/v2\/posts\/1032?print=pdf\" class=\"pdfprnt-button pdfprnt-button-pdf\" target=\"_blank\"><img decoding=\"async\" src=\"https:\/\/la-presse-anarchiste.net\/wp-content\/plugins\/pdf-print\/images\/pdf.png\" alt=\"image_pdf\" title=\"Afficher le PDF\"><\/a><a href=\"https:\/\/la-presse-anarchiste.net\/index.php\/wp-json\/wp\/v2\/posts\/1032?print=print\" class=\"pdfprnt-button pdfprnt-button-print\" target=\"_blank\"><img decoding=\"async\" src=\"https:\/\/la-presse-anarchiste.net\/wp-content\/plugins\/pdf-print\/images\/print.png\" alt=\"image_print\" title=\"Contenu imprim\u00e9\"><\/a><\/div><p style=\"margin-right: 0.55cm; text-indent: 1.52cm; margin-bottom: 0cm;\" align=\"justify\">\n<font face=\"Garamond, serif\"><font style=\"font-size: 13pt;\" size=\"3\"><span lang=\"fr-FR\">\u2026<br>\nIl faut bien le dire nous n\u2019avons pas \u00e9t\u00e9&nbsp;g\u00e2t\u00e9s<br>\nen grands exemples. Je ne parle m\u00eame pas de l\u2019affaiblissement<br>\ng\u00e9n\u00e9\u00adral du carac\u00adt\u00e8re et de l\u2019intelligence<br>\npar\u00admi ceux dont la fonc\u00adtion \u00e9tait de nous gou\u00adver\u00adner ou de&nbsp;nous<br>\nrepr\u00e9\u00adsen\u00adter. Mais pour en res\u00adter au seul domaine de la pens\u00e9e,<br>\nles hommes de ma g\u00e9n\u00e9\u00adra\u00adtion, n\u00e9s \u00e0 la&nbsp;vie<br>\nhis\u00adto\u00adrique avec la prise du pou\u00advoir par Hit\u00adler et les proc\u00e8s<br>\nde Mos\u00adcou, ont vu d\u2019abord les phi\u00adlo\u00adsophes de droite, par&nbsp;haine<br>\nd\u2019une par\u00adtie de la nation, jus\u00adti\u00adfier l\u2019asservissement de&nbsp;toute<br>\ncette nation sous une arm\u00e9e et une police \u00e9trang\u00e8res.<br>\nIl fal\u00adlut alors que l\u2019intelligence, elle aus\u00adsi, prenne les&nbsp;armes<br>\npour rec\u00adti\u00adfier ce regret\u00adtable raisonnement.<\/span><\/font><\/font><\/p>\n<p style=\"margin-right: 0.55cm; text-indent: 1.52cm; margin-bottom: 0cm;\" align=\"justify\">\n<font face=\"Garamond, serif\"><font style=\"font-size: 13pt;\" size=\"3\"><span lang=\"fr-FR\">A<br>\npeine avions-nous retrou\u00adv\u00e9 la paix et l\u2019honneur qu\u2019une<br>\nnou\u00advelle conspi\u00adra\u00adtion, encore plus dou\u00adlou\u00adreuse pour&nbsp;nous,<br>\ns\u2019\u00e9tablissait contre l\u2019intelligence et ses libert\u00e9s.<br>\nNous avons vu, nous voyons encore des pen\u00adseurs de gauche, par&nbsp;haine<br>\nd\u2019une autre par\u00adtie de la nation, jus\u00adti\u00adfier dans de&nbsp;beaux<br>\nrai\u00adson\u00adne\u00adments la sup\u00adpres\u00adsion du droit de gr\u00e8ve et&nbsp;des<br>\nconqu\u00eates ouvri\u00e8res, le r\u00e9gime<br>\nconcen\u00adtra\u00adtion\u00adnaire, l\u2019abolition de toutes les liber\u00adt\u00e9s&nbsp;de<br>\npen\u00ads\u00e9e et d\u2019expression et m\u00eame l\u2019antis\u00e9mitisme,<br>\n\u00e0 la seule condi\u00adtion qu\u2019il soit pro\u00adfes\u00ads\u00e9 et exerc\u00e9<br>\nsous des \u00e9ti\u00adquettes huma\u00adnistes. Un froid d\u00e9lire<br>\nd\u2019auto-punition a fait ain\u00adsi \u00e0 dix ans d\u2019intervalle, de<br>\nnos th\u00e9o\u00adri\u00adciens de la nation ou de la liber\u00adt\u00e9,&nbsp;les<br>\nser\u00advi\u00adteurs pas\u00adsion\u00adn\u00e9s des pires tyran\u00adnies qui se soient<br>\n\u00e9ten\u00addues sur le monde et, pour tout dire en un mot,&nbsp;les<br>\nado\u00adra\u00adteurs du fait accom\u00adpli. Trop de nos intel\u00adlec\u00adtuels et de&nbsp;nos<br>\nartistes, sai\u00adsis de ces d\u00e9lires, ont fini par res\u00adsem\u00adbler&nbsp;\u00e0<br>\nces filles qui, devant l\u2019auberge de Pei\u00adre\u00adbeilhe, chan\u00adtaient de<br>\ntoute leur gorge pour cou\u00advrir les cris des voya\u00adgeurs \u00e9gorg\u00e9s<br>\npar leurs ver\u00adtueux parents\u2026<\/span><\/font><\/font><\/p>\n<p style=\"margin-right: 0.55cm; text-indent: 1.52cm; margin-bottom: 0cm;\" align=\"justify\">\n<font face=\"Garamond, serif\"><font style=\"font-size: 13pt;\" size=\"3\"><span lang=\"fr-FR\"><i>(Le<br>\nPar\u00adti de la Liber\u00adt\u00e9 <\/i>\u2014 dis\u00adcours pro\u00adnon\u00adc\u00e9&nbsp;par<br>\nAlbert Camus, en hom\u00admage \u00e0 Sal\u00adva\u00addor de Mada\u00adria\u00adga, le&nbsp;30<br>\noctobre 1956)<\/span><\/font><\/font><\/p>\n<p style=\"margin-right: 0.55cm; text-indent: 1.52cm; margin-bottom: 0cm;\" align=\"justify\" lang=\"fr-FR\">\n<font face=\"Garamond, serif\"><font style=\"font-size: 13pt;\" size=\"3\"><strong><em>*<br>\n *  *  *<\/em><\/strong><\/font><\/font><\/p>\n<p style=\"margin-right: 0.55cm; text-indent: 1.52cm; margin-bottom: 0cm;\" align=\"justify\">\n<font face=\"Garamond, serif\"><font style=\"font-size: 13pt;\" size=\"3\"><span lang=\"fr-FR\">\u2026<br>\n\u00ab&nbsp;La terre tourne tou\u00adjours&nbsp;\u00bb, a dit le ministre<br>\ndes affaires \u00e9tran\u00adg\u00e8res Che\u00adpi\u00adlov apr\u00e8s&nbsp;avoir<br>\nren\u00addu compte de la sau\u00advage inter\u00adven\u00adtion des troupes russes. Elle<br>\ntourne en effet et\u2026 le men\u00adsonge long\u00adtemps triom\u00adphant d\u00e9cline,<br>\nla v\u00e9ri\u00adt\u00e9 long\u00adtemps obs\u00adcur\u00adcie com\u00admence de&nbsp;nous<br>\n\u00e9clai\u00adrer. Des mondes arti\u00adfi\u00adciels, dont le seul ciment \u00e9tait<br>\nle sang et la ter\u00adreur, s\u2019\u00e9croulent, dans le d\u00e9sarroi<br>\net le silence de ceux qui en chan\u00adtaient les ver\u00adtus. La libert\u00e9<br>\ndont on nous avait annon\u00adc\u00e9 et d\u00e9mon\u00adtr\u00e9 la vanit\u00e9<br>\net la dis\u00adpa\u00adri\u00adtion n\u00e9ces\u00adsaire dis\u00adperse en un jour les milliers<br>\nde doctes volumes et les arm\u00e9es sous les\u00adquelles on la tenait<br>\nenter\u00adr\u00e9e. Elle marche \u00e0 nou\u00adveau, et des millions<br>\nd\u2019hommes savent, de nou\u00adveau, qu\u2019elle est le seul levain de<br>\nl\u2019histoire, leur seule rai\u00adson de vivre, et le seul pain dont on&nbsp;ne<br>\nse ras\u00adsa\u00adsie&nbsp;pas.<\/span><\/font><\/font><\/p>\n<p style=\"margin-right: 0.55cm; text-indent: 1.52cm; margin-bottom: 0cm;\" align=\"justify\" lang=\"fr-FR\">\n<font face=\"Garamond, serif\"><font style=\"font-size: 13pt;\" size=\"3\"><i>(Idem)<\/i><\/font><\/font><\/p>\n<p style=\"margin-right: 0.55cm; text-indent: 1.52cm; margin-bottom: 0cm;\" align=\"justify\" lang=\"fr-FR\">\n<font face=\"Garamond, serif\"><font style=\"font-size: 13pt;\" size=\"3\"><i><strong><em>*<br>\n *  *  *<\/em><\/strong><\/i><\/font><\/font><\/p>\n<p style=\"margin-right: 0.55cm; text-indent: 1.52cm; margin-bottom: 0cm;\" align=\"justify\">\n<font face=\"Garamond, serif\"><font style=\"font-size: 13pt;\" size=\"3\"><span lang=\"fr-FR\">Ce<br>\nque fut l\u2019Espagne pour nous il y a vingt ans, la Hon\u00adgrie le&nbsp;sera<br>\naujourd\u2019hui. Les nuances sub\u00adtiles, les arti\u00adfices de lan\u00adgage et&nbsp;les<br>\nconsi\u00add\u00e9\u00adra\u00adtions savantes dont on essaie encore de maquiller la<br>\nv\u00e9ri\u00adt\u00e9 ne nous int\u00e9\u00adressent pas. La concurrence<br>\ndont on nous entre\u00adtient entre Rako\u00adsi et Kadar est sans importance.<br>\nLes deux sont de la m\u00eame race. Ils dif\u00adf\u00e8rent seulement<br>\npar leur tableau de chasse et, si celui de Rako\u00adsi est le&nbsp;plus<br>\nsan\u00adglant, ce n\u2019est pas pour longtemps.<\/span><\/font><\/font><\/p>\n<p style=\"margin-right: 0.55cm; text-indent: 1.52cm; margin-bottom: 0cm;\" align=\"justify\">\n<font face=\"Garamond, serif\"><font style=\"font-size: 13pt;\" size=\"3\"><span lang=\"fr-FR\">Dans<br>\ntous les cas, que ce soit le tueur chauve ou le pers\u00e9cut\u00e9<br>\nper\u00ads\u00e9\u00adcu\u00adteur qui dirige, la Hon\u00adgrie ne fait pas de diff\u00e9rence<br>\nquant \u00e0 la liber\u00adt\u00e9 de ce pays. Je regrette \u00e0&nbsp;cet<br>\n\u00e9gard de devoir encore jouer les Cas\u00adsandre, et de d\u00e9cevoir<br>\nles nou\u00adveaux espoirs de cer\u00adtains confr\u00e8res infa\u00adti\u00adgables, mais<br>\nil n\u2019y a pas d\u2019\u00e9volution pos\u00adsible dans une soci\u00e9t\u00e9<br>\ntota\u00adli\u00adtaire. La ter\u00adreur n\u2019\u00e9volue pas, sinon vers le&nbsp;pire,<br>\nl\u2019\u00e9chafaud ne se lib\u00e9\u00adra\u00adlise pas, la potence n\u2019est<br>\npas tol\u00e9\u00adrante. Nulle part au monde on n\u2019a pu voir un&nbsp;parti<br>\nou un homme dis\u00adpo\u00adsant du pou\u00advoir abso\u00adlu ne pas en user absolument.<\/span><\/font><\/font><\/p>\n<p style=\"margin-right: 0.55cm; text-indent: 1.52cm; margin-bottom: 0cm;\" align=\"justify\">\n<font face=\"Garamond, serif\"><font style=\"font-size: 13pt;\" size=\"3\"><span lang=\"fr-FR\">Ce<br>\nqui d\u00e9fi\u00adnit la soci\u00e9\u00adt\u00e9 tota\u00adli\u00adtaire, de droite ou<br>\nde gauche, c\u2019est d\u2019abord le par\u00adti unique, et le par\u00adti unique n\u2019a<br>\naucune rai\u00adson de se d\u00e9truire lui-m\u00eame. C\u2019est pourquoi<br>\nla seule soci\u00e9\u00adt\u00e9 capable d\u2019\u00e9volution et<br>\nlib\u00e9\u00adra\u00adli\u00adsa\u00adtion, la seule qui doive gar\u00adder notre sym\u00adpa\u00adthie&nbsp;\u00e0<br>\nla fois cri\u00adtique et agis\u00adsante, est celle o\u00f9 la pluralit\u00e9<br>\ndes par\u00adtis est d\u2019institution. Elle seule per\u00admet de d\u00e9noncer<br>\nl\u2019injustice et le crime, donc de les cor\u00adri\u00adger. Elle&nbsp;seule<br>\naujourd\u2019hui per\u00admet de d\u00e9non\u00adcer la tor\u00adture, l\u2019ignoble<br>\ntor\u00adture, aus\u00adsi m\u00e9pri\u00adsable \u00e0 Alger qu\u2019\u00e0<br>\nBudapest\u2026<\/span><\/font><\/font><\/p>\n<p style=\"margin-right: 0.55cm; text-indent: 1.52cm; margin-bottom: 0cm;\" align=\"justify\">\n<font face=\"Garamond, serif\"><font style=\"font-size: 13pt;\" size=\"3\"><span lang=\"fr-FR\">Les<br>\ntares de l\u2019Occident sont innom\u00adbrables, ses crimes et ses fautes<br>\nr\u00e9els. Mais, fina\u00adle\u00adment, n\u2019oublions pas que nous sommes les<br>\nseuls \u00e0 d\u00e9te\u00adnir ce pou\u00advoir de per\u00adfec\u00adtion\u00adne\u00adment&nbsp;et<br>\nd\u2019\u00e9mancipation qui r\u00e9side dans le libre&nbsp;g\u00e9nie.<br>\nN\u2019oublions pas que lorsque la soci\u00e9\u00adt\u00e9 totalitaire,<br>\npar ses prin\u00adcipes m\u00eames, oblige l\u2019ami \u00e0 livrer l\u2019ami,<br>\nla soci\u00e9\u00adt\u00e9 d\u2019Occident, mal\u00adgr\u00e9 tous&nbsp;ses<br>\n\u00e9ga\u00adre\u00adments, pro\u00adduit tou\u00adjours cette race d\u2019hommes qui<br>\nmain\u00adtiennent l\u2019honneur de vivre, je veux dire la race de ceux&nbsp;qui<br>\ntendent la main \u00e0 l\u2019ennemi lui-m\u00eame pour le sau\u00adver&nbsp;du<br>\nmal\u00adheur ou de la&nbsp;mort.<\/span><\/font><\/font><\/p>\n<p style=\"margin-right: 0.55cm; text-indent: 1.52cm; margin-bottom: 0cm;\" align=\"justify\">\n<font face=\"Garamond, serif\"><font style=\"font-size: 13pt;\" size=\"3\"><span lang=\"fr-FR\">Lorsque<br>\nle ministre Che\u00adpi\u00adlov, reve\u00adnant de Paris, ose \u00e9crire que<br>\nl\u2019\u00ab&nbsp;art occi\u00adden\u00adtal est des\u00adti\u00adn\u00e9 \u00e0 \u00e9carteler<br>\nl\u2019\u00e2me humaine et \u00e0 for\u00admer des mas\u00adsa\u00adcreurs de&nbsp;toute<br>\nesp\u00e8ce&nbsp;\u00bb, il est temps de lui r\u00e9pondre que<br>\nnos \u00e9cri\u00advains et nos artistes, eux du moins, n\u2019ont jamais<br>\nmas\u00adsa\u00adcr\u00e9 per\u00adsonne et qu\u2019ils<i> <\/i>ont cepen\u00addant assez&nbsp;de<br>\ng\u00e9n\u00e9\u00adro\u00adsi\u00adt\u00e9 pour ne pas accu\u00adser la th\u00e9orie<br>\ndu r\u00e9a\u00adlisme socia\u00adliste des mas\u00adsacres cou\u00adverts ou ordonn\u00e9s<br>\npar Che\u00adpi\u00adlov et ceux qui lui ressemblent.<\/span><\/font><\/font><\/p>\n<p style=\"margin-right: 0.55cm; text-indent: 1.52cm; margin-bottom: 0cm;\" align=\"justify\" lang=\"fr-FR\">\n<font face=\"Garamond, serif\"><font style=\"font-size: 13pt;\" size=\"3\">La<br>\nv\u00e9ri\u00adt\u00e9 est qu\u2019il y a place pour tout par\u00admi nous,&nbsp;m\u00eame<br>\npour le mal, et m\u00eame pour les \u00e9cri\u00advains de Chepilov,<br>\nmais aus\u00adsi pour l\u2019honneur, pour la vie libre du d\u00e9sir, pour<br>\nl\u2019aventure de l\u2019intelligence. Tan\u00addis qu\u2019il n\u2019y a place&nbsp;pour<br>\nrien dans la culture sta\u00adli\u00adnienne, sinon pour les ser\u00admons&nbsp;de<br>\npatro\u00adnage, la vie grise et le cat\u00e9\u00adchisme de la pro\u00adpa\u00adgande. A<br>\nceux qui pou\u00advaient encore en dou\u00adter, les \u00e9cri\u00advains hongrois<br>\nviennent de le crier, avant de mani\u00adfes\u00adter leur choix d\u00e9finitif<br>\npuisqu\u2019ils pr\u00e9\u00adf\u00e8rent se taire aujourd\u2019hui plut\u00f4t<br>\nque de men\u00adtir sur&nbsp;ordre.<\/font><\/font><\/p>\n<p style=\"margin-right: 0.55cm; text-indent: 1.52cm; margin-bottom: 0cm;\" align=\"justify\" lang=\"fr-FR\">\n<font face=\"Garamond, serif\"><font style=\"font-size: 13pt;\" size=\"3\">Nous<br>\naurons bien du mal \u00e0 \u00eatre dignes de tant de sacrifices.<br>\nMais nous devons l\u2019essayer, dans une Europe enfin unie, en oubliant<br>\nnos que\u00adrelles, en fai\u00adsant jus\u00adtice de nos propres fautes, en<br>\nmul\u00adti\u00adpliant nos cr\u00e9a\u00adtions et notre soli\u00adda\u00adri\u00adt\u00e9. A&nbsp;ceux<br>\nenfin qui ont vou\u00adlu nous abais\u00adser et nous faire croire que l\u2019histoire<br>\npou\u00advait jus\u00adti\u00adfier la ter\u00adreur, nous r\u00e9pon\u00addrons par notre&nbsp;vraie<br>\nfoi, celle que nous par\u00adta\u00adgeons, nous le savons main\u00adte\u00adnant, avec&nbsp;les<br>\n\u00e9cri\u00advains hon\u00adgrois, polo\u00adnais et m\u00eame, oui, avec&nbsp;les<br>\n\u00e9cri\u00advains russes, b\u00e2illon\u00adn\u00e9s eux&nbsp;aussi.<\/font><\/font><\/p>\n<p style=\"margin-right: 0.55cm; text-indent: 1.52cm; margin-bottom: 0cm;\" align=\"justify\" lang=\"fr-FR\">\n<font face=\"Garamond, serif\"><font style=\"font-size: 13pt;\" size=\"3\">Notre<br>\nfoi est qu\u2019il y a en marche dans le monde paral\u00adl\u00e8\u00adle\u00adment&nbsp;\u00e0<br>\nla force de contrainte et de mort qui obs\u00adcur\u00adcit l\u2019histoire, une<br>\nforce de per\u00adsua\u00adsion et de vie, un immense mou\u00adve\u00adment d\u2019\u00e9mancipation<br>\nqui s\u2019appelle la culture et qui se fait en m\u00eame temps par&nbsp;la<br>\ncr\u00e9a\u00adtion libre et le tra\u00advail&nbsp;libre.<\/font><\/font><\/p>\n<p style=\"margin-right: 0.55cm; text-indent: 1.52cm; margin-bottom: 0cm;\" align=\"justify\">\n<font face=\"Garamond, serif\"><font style=\"font-size: 13pt;\" size=\"3\"><span lang=\"fr-FR\">Notre<br>\nt\u00e2che quo\u00adti\u00addienne, notre longue voca\u00adtion est d\u2019ajouter par<br>\nnos tra\u00advaux \u00e0 cette culture, et non d\u2019y retran\u00adcher quoi&nbsp;que<br>\nce soit, m\u00eame pro\u00advi\u00adsoi\u00adre\u00adment. Mais notre devoir le plus&nbsp;fier<br>\nest de d\u00e9fendre per\u00adson\u00adnel\u00adle\u00adment et jusqu\u2019au bout, contre la<br>\nforce de contrainte et de<i> <\/i>mort, d\u2019o\u00f9 qu\u2019elle<br>\nvienne, la liber\u00adt\u00e9 de cette culture, c\u2019est-\u00e0-dire la<i><br>\n<\/i>liber\u00adt\u00e9 du tra\u00advail et de la cr\u00e9ation.<\/span><\/font><\/font><\/p>\n<p style=\"margin-right: 0.55cm; text-indent: 1.52cm; margin-bottom: 0cm;\" align=\"justify\" lang=\"fr-FR\">\n<font face=\"Garamond, serif\"><font style=\"font-size: 13pt;\" size=\"3\">Ces<br>\nouvriers et ces intel\u00adlec\u00adtuels hon\u00adgrois, aupr\u00e8s des\u00adquels&nbsp;nous<br>\nnous tenons aujourd\u2019hui avec tant de cha\u00adgrin impuis\u00adsant,&nbsp;ont<br>\ncom\u00adpris cela et nous l\u2019ont fait mieux com\u00adprendre. C\u2019est pourquoi<br>\nsi leur mal\u00adheur est le n\u00f4tre, leur espoir nous appartient<br>\naus\u00adsi. Mal\u00adgr\u00e9 leur mis\u00e8re, leur exil, leurs cha\u00eenes,<br>\nils nous ont lais\u00ads\u00e9 un royal h\u00e9ri\u00adtage que nous avons&nbsp;\u00e0<br>\nm\u00e9ri\u00adter&nbsp;: la liber\u00adt\u00e9 qu\u2019ils n\u2019ont pas choisie,<br>\nmais qu\u2019en un seul jour ils nous ont rendue&nbsp;!<\/font><\/font><\/p>\n<p style=\"margin-right: 0.55cm; text-indent: 1.52cm; margin-bottom: 0cm;\" align=\"justify\" lang=\"fr-FR\">\n<font face=\"Garamond, serif\"><font style=\"font-size: 13pt;\" size=\"3\"><b>Albert<br>\nCamus<\/b><\/font><\/font><\/p>\n<p style=\"margin-right: 0.55cm; text-indent: 1.52cm; margin-bottom: 0cm;\" align=\"justify\" lang=\"fr-FR\">\n<font face=\"Garamond, serif\"><font style=\"font-size: 13pt;\" size=\"3\">(Dis\u00adcours<br>\npro\u00adnon\u00adc\u00e9 \u00e0 la salle Wagram, le ven\u00addre\u00addi 15 mars&nbsp;1957)<\/font><\/font><\/p>\n","protected":false},"excerpt":{"rendered":"<p>\u2026 Il faut bien le dire nous n\u2019avons pas \u00e9t\u00e9&nbsp;g\u00e2t\u00e9s en grands exemples. Je ne parle m\u00eame pas de l\u2019affaiblissement g\u00e9n\u00e9\u00adral du carac\u00adt\u00e8re et de l\u2019intelligence par\u00admi ceux dont la fonc\u00adtion \u00e9tait de nous gou\u00adver\u00adner ou de&nbsp;nous repr\u00e9\u00adsen\u00adter. Mais pour en res\u00adter au seul domaine de la pen\u00ads\u00e9e, les hommes de ma g\u00e9n\u00e9\u00adra\u00adtion, n\u00e9s&nbsp;\u00e0&nbsp;[\u2026]<\/p>\n","protected":false},"author":1,"featured_media":0,"comment_status":"closed","ping_status":"closed","sticky":false,"template":"","format":"standard","meta":{"wp_typography_post_enhancements_disabled":false,"footnotes":""},"categories":[114],"tags":[],"ppma_author":[540],"class_list":["post-1032","post","type-post","status-publish","format-standard","hentry","category-temoins-n17-ete-1957"],"authors":[{"term_id":540,"user_id":1,"is_guest":0,"slug":"admin_3gikpwyf","display_name":"Vincent Dubuc","avatar_url":"https:\/\/secure.gravatar.com\/avatar\/d015720652c25fd2ced191ade86430094e1f288a17483713e3b34d26dea52507?s=96&d=mm&r=g","author_category":"","user_url":"https:\/\/la-presse-anarchiste.net","last_name":"Dubuc","first_name":"Vincent","job_title":"","description":""}],"_links":{"self":[{"href":"https:\/\/la-presse-anarchiste.net\/index.php\/wp-json\/wp\/v2\/posts\/1032","targetHints":{"allow":["GET"]}}],"collection":[{"href":"https:\/\/la-presse-anarchiste.net\/index.php\/wp-json\/wp\/v2\/posts"}],"about":[{"href":"https:\/\/la-presse-anarchiste.net\/index.php\/wp-json\/wp\/v2\/types\/post"}],"author":[{"embeddable":true,"href":"https:\/\/la-presse-anarchiste.net\/index.php\/wp-json\/wp\/v2\/users\/1"}],"replies":[{"embeddable":true,"href":"https:\/\/la-presse-anarchiste.net\/index.php\/wp-json\/wp\/v2\/comments?post=1032"}],"version-history":[{"count":0,"href":"https:\/\/la-presse-anarchiste.net\/index.php\/wp-json\/wp\/v2\/posts\/1032\/revisions"}],"wp:attachment":[{"href":"https:\/\/la-presse-anarchiste.net\/index.php\/wp-json\/wp\/v2\/media?parent=1032"}],"wp:term":[{"taxonomy":"category","embeddable":true,"href":"https:\/\/la-presse-anarchiste.net\/index.php\/wp-json\/wp\/v2\/categories?post=1032"},{"taxonomy":"post_tag","embeddable":true,"href":"https:\/\/la-presse-anarchiste.net\/index.php\/wp-json\/wp\/v2\/tags?post=1032"},{"taxonomy":"author","embeddable":true,"href":"https:\/\/la-presse-anarchiste.net\/index.php\/wp-json\/wp\/v2\/ppma_author?post=1032"}],"curies":[{"name":"wp","href":"https:\/\/api.w.org\/{rel}","templated":true}]}}