{"id":1038,"date":"2007-11-22T12:50:46","date_gmt":"2007-11-22T12:50:46","guid":{"rendered":"https:\/\/la-presse-anarchiste.net\/index.php\/2007\/11\/22\/le-nouveau-capitalisme\/"},"modified":"2007-11-22T12:50:46","modified_gmt":"2007-11-22T12:50:46","slug":"le-nouveau-capitalisme","status":"publish","type":"post","link":"https:\/\/la-presse-anarchiste.net\/index.php\/2007\/11\/22\/le-nouveau-capitalisme\/","title":{"rendered":"Le nouveau capitalisme"},"content":{"rendered":"<div class=\"pdfprnt-buttons pdfprnt-buttons-post pdfprnt-top-right\"><a href=\"https:\/\/la-presse-anarchiste.net\/index.php\/wp-json\/wp\/v2\/posts\/1038?print=pdf\" class=\"pdfprnt-button pdfprnt-button-pdf\" target=\"_blank\"><img decoding=\"async\" src=\"https:\/\/la-presse-anarchiste.net\/wp-content\/plugins\/pdf-print\/images\/pdf.png\" alt=\"image_pdf\" title=\"Afficher le PDF\"><\/a><a href=\"https:\/\/la-presse-anarchiste.net\/index.php\/wp-json\/wp\/v2\/posts\/1038?print=print\" class=\"pdfprnt-button pdfprnt-button-print\" target=\"_blank\"><img decoding=\"async\" src=\"https:\/\/la-presse-anarchiste.net\/wp-content\/plugins\/pdf-print\/images\/print.png\" alt=\"image_print\" title=\"Contenu imprim\u00e9\"><\/a><\/div><p>[( <\/p>\n<p style=\"margin-right: 0.55cm; text-indent: 1.49cm; margin-bottom: 0cm;\" align=\"justify\">\n<font face=\"Garamond, serif\"><font style=\"font-size: 13pt;\" size=\"3\"><span lang=\"fr-FR\"><i>Sous<br>\nce titre, Igna\u00adzio Silone vient de consa\u00adcrer dans <\/i>Epo\u00adca <i>(num\u00e9\u00adro<br>\ndu 8 nov.) une \u00e9tude au livre de Dji\u00adlas, <\/i>la Nou\u00advelle<br>\nClasse, <i>et dont nous ne vou\u00adlons pas man\u00adquer de signa\u00adler au moins&nbsp;\u00e0<br>\nnos lec\u00adteurs quelques-uns des pas\u00adsages les plus p\u00e9n\u00e9trants.<br>\nUne remarque pr\u00e9a\u00adlable, cepen\u00addant, s\u2019impose. Sans doute&nbsp;pour<br>\nla com\u00admo\u00addi\u00adt\u00e9 du dis\u00adcours, Silone iden\u00adti\u00adfie le r\u00e9gime<br>\nactuel\u00adle\u00adment en vigueur en Rus\u00adsie avec le <\/i>capi\u00adta\u00adlisme d\u2019Etat,<br>\n<i>alors que, comme on l\u2019a pu voir dans le pre\u00admier article de&nbsp;ce<br>\ncahier, Dji\u00adlas insiste sur la n\u00e9ces\u00adsi\u00adt\u00e9 d\u2019en<br>\nsou\u00adli\u00adgner le carac\u00adt\u00e8re non point \u00e9ta\u00adtiste, mais<br>\nessen\u00adtiel\u00adle\u00adment bureau\u00adcra\u00adtique, le soi-disant \u00e9ta\u00adtisme&nbsp;de<br>\nl\u2019ensemble n\u2019\u00e9tant qu\u2019un masque du pou\u00advoir&nbsp;r\u00e9el<br>\nexclu\u00adsif de la \u00ab&nbsp;nou\u00advelle classe&nbsp;\u00bb. Ce&nbsp;qui<br>\nn\u2019emp\u00eache pas que L\u00e9nine lui-m\u00eame a&nbsp;cru<br>\ns\u2019embarquer sur la voie du capi\u00adta\u00adlisme d\u2019Etat pro\u00adpre\u00adment&nbsp;dit<br>\n(mal\u00adgr\u00e9 l\u2019opposition de Bou\u00adkha\u00adrine et des com\u00admu\u00adnistes de<br>\ngauche). Silone a tenu \u00e0 rap\u00adpe\u00adler d\u2019abord (apr\u00e8s<br>\nJules Hum\u00adbert-Droz) cette na\u00efve et grave illu\u00adsion l\u00e9ninienne,<br>\nd\u2019o\u00f9 devait d\u00e9cou\u00adler tout le&nbsp;reste&nbsp;:<\/i><\/span><\/font><\/font><\/p>\n<p style=\"margin-right: 0.55cm; text-indent: 1.49cm; margin-bottom: 0cm;\" align=\"justify\" lang=\"fr-FR\">)]<\/p>\n<p style=\"margin-right: 0.55cm; text-indent: 1.49cm; margin-bottom: 0cm;\" align=\"justify\">\n<font face=\"Garamond, serif\"><font style=\"font-size: 13pt;\" size=\"3\"><span lang=\"fr-FR\">\u00ab<br>&nbsp;Il suf\u00adfit de repro\u00adduire le texte de L\u00e9nine paru dans la <i>Prav\u00adda<b><br>\n<\/b><\/i>du 9 mai 1918 et inti\u00adtu\u00adl\u00e9 \u00ab&nbsp;L\u2019infantilisme<br>\nde gauche et l\u2019esprit petit-bour\u00adgeois&nbsp;\u00bb, pour entrevoir<br>\nla route fatale sur laquelle s\u2019engagea alors la r\u00e9volution.<br>\nVoi\u00adci ce texte [[Nous le don\u00adnons ici retra\u00adduit de l\u2019italien.]]&nbsp;: \u00ab&nbsp;Le capi\u00adta\u00adlisme d\u2019Etat sera<br>\npour nous un grand pas en avant. La vic\u00adtoire sur le d\u00e9sordre,<br>\nles des\u00adtruc\u00adtions, la n\u00e9gli\u00adgence est plus impor\u00adtante que&nbsp;tout<br>\nle reste\u2026 Le capi\u00adta\u00adlisme d\u2019Etat est de beau\u00adcoup sup\u00e9rieur<br>\n\u00e0 notre \u00e9co\u00adno\u00admie actuelle. Il n\u2019a rien de dangereux,<br>\npuisque l\u2019Etat sovi\u00e9\u00adtique est un Etat dans lequel le pouvoir<br>\nest assu\u00adr\u00e9 aux ouvriers et \u00e0 la popu\u00adla\u00adtion pauvre. Tant<br>\nque l\u2019Allemagne tar\u00adde\u00adra \u00e0 faire sa r\u00e9vo\u00adlu\u00adtion,&nbsp;notre<br>\ndevoir est d\u2019apprendre des Alle\u00admands le capi\u00adta\u00adlisme d\u2019Etat&nbsp;;<br>\nd\u2019assimiler le capi\u00adta\u00adlisme d\u2019Etat de toutes nos forces, sans<br>\nrecu\u00adler devant aucune mesure dic\u00adta\u00adto\u00adriale ten\u00addant \u00e0 acc\u00e9l\u00e9rer<br>\ncette assi\u00admi\u00adla\u00adtion \u00e0 un rythme encore plus rapide que ne l\u2019a<br>\nfait Pierre le Grand pour assi\u00admi\u00adler la culture occi\u00adden\u00adtale&nbsp;\u00e0<br>\nla Rus\u00adsie bar\u00adbare,\u200a\u2014\u200asans recu\u00adler devant aucun moyen bar\u00adbare&nbsp;dans<br>\nnotre lutte contre la barbarie\u2026&nbsp;\u00bb<\/span><\/font><\/font><\/p>\n<p style=\"margin-right: 0.55cm; text-indent: 1.49cm; margin-bottom: 0cm;\" align=\"justify\">\n<font face=\"Garamond, serif\"><font style=\"font-size: 13pt;\" size=\"3\"><span lang=\"fr-FR\">\u2026<br>\nLe texte \u00e0 l\u2019instant repro\u00adduit est his\u00adto\u00adri\u00adque\u00adment&nbsp;la<br>\npre\u00admi\u00e8re annonce du futur sta\u00adli\u00adnisme. Or, l\u2019oraison fun\u00e8bre<br>\nde l\u2019esp\u00e9rance l\u00e9ni\u00adnienne dans la popu\u00adla\u00adtion pauvre,<br>\nqui e\u00fbt d\u00fb contr\u00f4\u00adler l\u2019Etat, nous la trouvons<br>\ndans le r\u00e9cent livre de Milo\u00advan Dji\u00adlas, <i>la Nou\u00advelle<br>\nclasse\u2026<\/i><\/span><\/font><\/font><\/p>\n<p style=\"margin-right: 0.55cm; text-indent: 1.49cm; margin-bottom: 0cm;\" align=\"justify\">\n<font face=\"Garamond, serif\"><font style=\"font-size: 13pt;\" size=\"3\"><span lang=\"fr-FR\">\u2026<br>\nIl fau\u00addra \u00e0 l\u2019avenir ren\u00advoyer \u00e0 ce livre quiconque<br>\nose\u00adra encore, de bonne foi, par\u00adler d\u2019une Rus\u00adsie socia\u00adliste, et<br>\nqui\u00adconque s\u2019ent\u00eatera \u00e0 croire que les nationalisations<br>\nrepr\u00e9\u00adsentent la voie royale condui\u00adsant \u00e0 la soci\u00e9t\u00e9<br>\nnou\u00advelle\u2026 Le livre de Dji\u00adlas consti\u00adtue le d\u00e9masquement<br>\nd\u00e9fi\u00adni\u00adtif du nomi\u00adna\u00adlisme sovi\u00e9\u00adtique. Il a fait pour&nbsp;la<br>\n\u00ab&nbsp;d\u00e9mo\u00adcra\u00adtie \u00e9co\u00adno\u00admique formelle&nbsp;\u00bb<br>\ndes r\u00e9gimes com\u00admu\u00adnistes et de d\u00e9mo\u00adcra\u00adtie popu\u00adlaire, ce<br>\nque Marx avait fait pour la \u00ab&nbsp;d\u00e9mo\u00adcra\u00adtie politique<br>\nfor\u00admelle&nbsp;\u00bb des pays capi\u00adta\u00adlistes&nbsp;; avec&nbsp;cette<br>\ndif\u00adf\u00e9\u00adrence que, apr\u00e8s de nom\u00adbreuses luttes et<br>\ndif\u00adfi\u00adcul\u00adt\u00e9s, les liber\u00adt\u00e9s poli\u00adtiques, dans ces derniers<br>\npays, sont deve\u00adnues moins fic\u00adtives, alors que, pour le moment, la<br>\n\u00ab&nbsp;nou\u00advelle classe&nbsp;\u00bb sovi\u00e9\u00adtique&nbsp;tient<br>\nbar\u00adr\u00e9es toutes les voies d\u2019un d\u00e9veloppement<br>\nd\u00e9mo\u00adcra\u00adtique. La cri\u00adtique de Dji\u00adlas, il faut le reconna\u00eetre,<br>\nn\u2019\u00e9pargne pas non plus l\u2019actuel r\u00e9gime yougoslave.<br>\nLui qui a \u00e9t\u00e9, avec Tito, l\u2019un des chefs de&nbsp;la<br>\nr\u00e9sis\u00adtance you\u00adgo\u00adslave, avait esp\u00e9\u00adr\u00e9&nbsp;que<br>\nl\u2019introduction des conseils d\u2019usine pour\u00adrait conduire \u00e0<br>\nune forme d\u2019\u00e9conomie de mar\u00adch\u00e9 d\u00e9centralis\u00e9e,<br>\nsous contr\u00f4le popu\u00adlaire imm\u00e9\u00addiat. Mais l\u2019exp\u00e9rience<br>\nyou\u00adgo\u00adslave est res\u00adt\u00e9e sur le papier. Com\u00adment pou\u00advait-il en<br>\n\u00eatre autre\u00adment&nbsp;? Il ne peut y avoir d\u2019\u00e9conomie<br>\nd\u00e9cen\u00adtra\u00adli\u00ads\u00e9e sous la direc\u00adtion d\u2019un&nbsp;parti<br>\ntota\u00adli\u00adtaire for\u00adte\u00adment cen\u00adtra\u00adliste tel qu\u2019est encore celui de&nbsp;Tito.<br>\nMais, au-del\u00e0 de la pol\u00e9\u00admique poli\u00adtique imm\u00e9diate,<br>\nil faut dire ici que c\u2019est tout le pro\u00adbl\u00e8me&nbsp;des<br>\nnatio\u00adna\u00adli\u00adsa\u00adtions qui se trouve ain\u00adsi mis en&nbsp;cause.<\/span><\/font><\/font><\/p>\n<p style=\"margin-right: 0.55cm; text-indent: 1.49cm; margin-bottom: 0cm;\" align=\"justify\" lang=\"fr-FR\">\n[(<\/p>\n<p style=\"margin-right: 0.55cm; text-indent: 1.49cm; margin-bottom: 0cm;\" align=\"justify\">\n<font face=\"Garamond, serif\"><font style=\"font-size: 13pt;\" size=\"3\"><span lang=\"fr-FR\"><i>Apr\u00e8s<br>\nun rap\u00adpro\u00adche\u00adment des ana\u00adlyses de Dji\u00adlas avec celles qu\u2019a formul\u00e9es<br>\nArthur Wau\u00adters en un article inti\u00adtu\u00adl\u00e9 \u00ab&nbsp;<\/i>L\u2019\u00c9tat<br>\ncontre le socia\u00adlisme&nbsp;\u00bb <i>(titre qui, \u00e9crit Silone,<br>\nne va pas sans rap\u00adpe\u00adler, par contraste, celui du fameux livre&nbsp;de<br>\nVan\u00adder\u00advelde, <\/i>le Socia\u00adlisme contre l\u2019Etat), <i>paru dans&nbsp;la<br>\n<\/i>Revue des sciences \u00e9co\u00adno\u00admiques, <i>Silone ajoute&nbsp;:<\/i><\/span><\/font><\/font><\/p>\n<p style=\"margin-right: 0.55cm; text-indent: 1.49cm; margin-bottom: 0cm;\" align=\"justify\" lang=\"fr-FR\">)]<\/p>\n<p style=\"margin-right: 0.55cm; text-indent: 1.49cm; margin-bottom: 0cm;\" align=\"justify\">\n<font face=\"Garamond, serif\"><font style=\"font-size: 13pt;\" size=\"3\"><span lang=\"fr-FR\">\u2026<br>\nLa th\u00e9o\u00adrie m\u00eame des classes, telle qu\u2019elle a&nbsp;\u00e9t\u00e9<br>\nfor\u00admu\u00adl\u00e9e par les mar\u00adxistes, devra donc \u00eatre revue&nbsp;\u00e0<br>\nla lumi\u00e8re de ce ph\u00e9\u00adno\u00adm\u00e8ne impr\u00e9\u00advu (la<br>\nnais\u00adsance de la classe bureau\u00adcra\u00adti\u00adco-tech\u00adno\u00adcrate). (Un pas de&nbsp;plus<br>\net, tant Wau\u00adters que Dji\u00adlas, comme qui\u00adconque r\u00e9fl\u00e9chit<br>\n\u00e0 fond \u00e0 ces<b> <\/b>pro\u00adbl\u00e8mes, se trouverait<br>\nconfron\u00adt\u00e9 avec cette ques\u00adtion sou\u00adle\u00adv\u00e9e par Simone<br>\nWeil&nbsp;: une fois \u00e9car\u00adt\u00e9es toutes les autres formes<br>\nd\u2019exploitation,<b> <\/b>est-ce que la der\u00adni\u00e8re ne subsistera<br>\npas, la plus oppres\u00adsive et la plus humi\u00adliante, in\u00e9liminable<br>\nd\u2019une soci\u00e9\u00adt\u00e9 indus\u00adtrielle tou\u00adjours plus fortement<br>\nhi\u00e9\u00adrar\u00adchi\u00ads\u00e9e&nbsp;: la tyran\u00adnie des fonctions&nbsp;?<br>\nCom\u00adment \u00e9vi\u00adter que les d\u00e9ten\u00adteurs d\u2019une fonction<br>\nsup\u00e9\u00adrieure consti\u00adtuent une classe pour&nbsp;soi&nbsp;?)<\/span><\/font><\/font><\/p>\n<p style=\"margin-right: 0.55cm; text-indent: 1.49cm; margin-bottom: 0cm;\" align=\"justify\">\n<font face=\"Garamond, serif\"><font style=\"font-size: 13pt;\" size=\"3\"><span lang=\"fr-FR\">\u2026<br>\nLa d\u00e9mys\u00adti\u00adfi\u00adca\u00adtion sociale du r\u00e9gime a&nbsp;\u00f4t\u00e9<br>\n\u00e0 la bureau\u00adcra\u00adtie com\u00admu\u00adniste les der\u00adniers restes de bonne&nbsp;foi,<br>\nen m\u00eame temps que la pr\u00e9\u00adten\u00adtion d\u2019\u00eatre la&nbsp;force<br>\nmotrice du Pro\u00adgr\u00e8s, la loco\u00admo\u00adtive de l\u2019Histoire.<b> <\/b>Son<br>\nagi\u00adta\u00adtion fr\u00e9\u00adn\u00e9\u00adtique pour les reven\u00addi\u00adca\u00adtions imm\u00e9diates<br>\ndes couches<b> <\/b>labo\u00adrieuses ne r\u00e9us\u00adsit plus&nbsp;\u00e0<br>\nmas\u00adquer son embar\u00adras id\u00e9o\u00adlo\u00adgique dans les<b> <\/b>ques\u00adtions<br>\nsup\u00e9\u00adrieures. Si vous deman\u00addez aux bureau\u00adcrates ce qu\u2019ils<br>\npensent, main\u00adte\u00adnant, des formes poli\u00adtiques du pas\u00adsage du capitalisme<br>\nau<b> <\/b>socia\u00adlisme et s\u2019ils estiment tou\u00adjours fatalement<br>\nn\u00e9ces\u00adsaire une p\u00e9riode de ter\u00adreur com\u00adpor\u00adtant&nbsp;la<br>\ndes\u00adtruc\u00adtion com\u00adpl\u00e8te de l\u2019appareil \u00e9tatique<br>\nbour\u00adgeois, la sup\u00adpres\u00adsion du Par\u00adle\u00adment et du suf\u00adfrage uni\u00adver\u00adsel,&nbsp;la<br>\ndis\u00adso\u00adlu\u00adtion de tous les autres par\u00adtis et la dic\u00adta\u00adture prol\u00e9tarienne,<br>\nils ne savent plus que r\u00e9pondre. Ce n\u2019est pas un silence de<br>\ncir\u00adcons\u00adtance ou de timi\u00addi\u00adt\u00e9 tac\u00adtique&nbsp;; en fait,&nbsp;la<br>\nd\u00e9mys\u00adti\u00adfi\u00adca\u00adtion russe a para\u00adly\u00ads\u00e9 leurs esprits. Ils&nbsp;ne<br>\nsavent plus que pen\u00adser des pro\u00adbl\u00e8mes fon\u00adda\u00admen\u00adtaux,&nbsp;m\u00eame<br>\nsi dans leurs \u00e9coles, comme en Rus\u00adsie, les vieux manuels sont<br>\nencore en vigueur. Telle est la bureau\u00adcra\u00adtie&nbsp;: tant que&nbsp;ne<br>\nparaissent point de nou\u00adveaux livres avec de nou\u00adveaux prin\u00adcipes (mais<br>\nqui ose\u00adra les inven\u00adter&nbsp;?) on conti\u00adnue \u00e0 \u00e9tudier<br>\nd\u2019apr\u00e8s les anciens.<\/span><\/font><\/font><\/p>\n<p style=\"margin-right: 0.55cm; text-indent: 1.49cm; margin-bottom: 0cm;\" align=\"justify\">\n<font face=\"Garamond, serif\"><font style=\"font-size: 13pt;\" size=\"3\"><span lang=\"fr-FR\">La<br>\nfra\u00adgi\u00adli\u00adt\u00e9 extr\u00eame de la situa\u00adtion russe, sa&nbsp;crise<br>\nper\u00adma\u00adnente est l\u00e0 tout enti\u00e8re. Elle s\u2019appuie par&nbsp;la<br>\nforce sur ce men\u00adsonge&nbsp;: une id\u00e9o\u00adlo\u00adgie officielle<br>\n\u00e9ga\u00adli\u00adtaire et une r\u00e9a\u00adli\u00adt\u00e9 sociale domin\u00e9e<br>\npar une nou\u00advelle classe pri\u00advi\u00adl\u00e9\u00adgi\u00e9e. Ain\u00adsi s\u2019explique<br>\naus\u00adsi que les vel\u00adl\u00e9i\u00adt\u00e9s de lib\u00e9\u00adra\u00adli\u00adsa\u00adtion&nbsp;du<br>\nr\u00e9gime de la presse, de la lit\u00adt\u00e9\u00adra\u00adture et de l\u2019art, \u00e0<br>\ndiverses reprises expri\u00adm\u00e9es par Khroucht\u00adchev, res\u00adtent lettre<br>\nmorte. La cen\u00adsure ne peut pas \u00eatre \u00e9li\u00admi\u00adn\u00e9e d\u2019une<br>\nsoci\u00e9\u00adt\u00e9 qui repose sur une contra\u00addic\u00adtion \u00e0&nbsp;tel<br>\npoint criante entre la loi et les faits. C\u2019est la condi\u00adtion typique<br>\nde tous les r\u00e9gimes r\u00e9actionnaires.<\/span><\/font><\/font><\/p>\n<p style=\"margin-right: 0.55cm; text-indent: 1.49cm; margin-bottom: 0cm;\" align=\"justify\">\n<font face=\"Garamond, serif\"><font style=\"font-size: 13pt;\" size=\"3\"><span lang=\"fr-FR\">Tou\u00adte\u00adfois,<br>\nsur un point impor\u00adtant, je ne suis pas d\u2019accord avec Dji\u00adlas,\u200a\u2014\u200aje<br>\nveux dire sur la soli\u00addi\u00adt\u00e9 de la \u00ab&nbsp;nouvelle<br>\nclasse&nbsp;\u00bb. Si cer\u00adtains des fils de la bour\u00adgeoi\u00adsie ont&nbsp;au<br>\nsi\u00e8cle der\u00adnier don\u00adn\u00e9 forme au mou\u00adve\u00adment ouvrier,<br>\npour\u00adquoi des trans\u00adfuges de la \u00ab&nbsp;nou\u00advelle classe&nbsp;\u00bb<br>\nne pour\u00adraient-ils pas faire cause com\u00admune avec le peuple&nbsp;?&nbsp;Cela<br>\ns\u2019est d\u00e9j\u00e0 pro\u00adduit en Pologne et en Hon\u00adgrie, et l\u2019on<br>\nen a d\u00e9j\u00e0 vu les pre\u00admiers symp\u00adt\u00f4mes \u00e9galement<br>\n\u00e0 Mos\u00adcou et \u00e0 L\u00e9nin\u00adgrad, avec les manifestations<br>\ndes \u00e9tu\u00addiants, les\u00adquels sont pr\u00e9\u00adci\u00ads\u00e9\u00adment&nbsp;les<br>\n\u00ab&nbsp;fils \u00e0 papa&nbsp;\u00bb de la \u00ab&nbsp;nouvelle<br>\nclasse&nbsp;\u00bb. Il ne faut pas, sur\u00adtout dans les situations<br>\nd\u00e9ses\u00adp\u00e9\u00adr\u00e9es, man\u00adquer d\u2019accorder leur&nbsp;juste<br>\npoids aux res\u00adsources de la conscience.<\/span><\/font><\/font><\/p>\n<p style=\"margin-right: 0.55cm; text-indent: 1.49cm; margin-bottom: 0cm;\" align=\"justify\">\n<font face=\"Garamond, serif\"><font style=\"font-size: 13pt;\" size=\"3\"><span lang=\"fr-FR\">Quand,<br>\n\u00e0 pr\u00e9\u00adsent, on dit Bel\u00adgrade, les diplo\u00admates, les<br>\nmili\u00adtaires, les ban\u00adquiers pensent natu\u00adrel\u00adle\u00adment \u00e0&nbsp;Tito&nbsp;;<br>\nmais pour nous et pour les cen\u00adtaines de mil\u00adliers d\u2019hommes de&nbsp;tous<br>\npays qui lisent son livre, Bel\u00adgrade, c\u2019est Dji\u00adlas. Bien qu\u2019enferm\u00e9<br>\ndans une f\u00e9tide cel\u00adlule de pri\u00adson, bien que malade, bien&nbsp;que<br>\npri\u00adv\u00e9 de cor\u00adres\u00adpon\u00addance, de jour\u00adnaux, de livres, cet homme&nbsp;est<br>\naujourd\u2019hui l\u2019une des prin\u00adci\u00adpales forces de la conscience<br>\nhumaine.<\/span><\/font><\/font><\/p>\n<p style=\"margin-right: 0.55cm; text-indent: 1.49cm; margin-bottom: 0cm;\" align=\"justify\" lang=\"fr-FR\">\n<font face=\"Garamond, serif\"><font style=\"font-size: 13pt;\" size=\"3\"><b>Igna\u00adzio<br>\nSilone<\/b><\/font><\/font><\/p>\n","protected":false},"excerpt":{"rendered":"<p>[( Sous ce titre, Igna\u00adzio Silone vient de consa\u00adcrer dans Epo\u00adca (num\u00e9\u00adro du 8 nov.) une \u00e9tude au livre de Dji\u00adlas, la Nou\u00advelle Classe, et dont nous ne vou\u00adlons pas man\u00adquer de signa\u00adler au moins&nbsp;\u00e0 nos lec\u00adteurs quelques-uns des pas\u00adsages les plus p\u00e9n\u00e9\u00adtrants. Une remarque pr\u00e9a\u00adlable, cepen\u00addant, s\u2019impose. Sans doute&nbsp;pour la com\u00admo\u00addi\u00adt\u00e9 du dis\u00adcours, Silone&nbsp;[\u2026]<\/p>\n","protected":false},"author":1,"featured_media":0,"comment_status":"closed","ping_status":"closed","sticky":false,"template":"","format":"standard","meta":{"wp_typography_post_enhancements_disabled":false,"footnotes":""},"categories":[120],"tags":[],"ppma_author":[540],"class_list":["post-1038","post","type-post","status-publish","format-standard","hentry","category-temoins-n18-19-automne-1957-hiver-1958"],"authors":[{"term_id":540,"user_id":1,"is_guest":0,"slug":"admin_3gikpwyf","display_name":"Vincent Dubuc","avatar_url":"https:\/\/secure.gravatar.com\/avatar\/d015720652c25fd2ced191ade86430094e1f288a17483713e3b34d26dea52507?s=96&d=mm&r=g","author_category":"","user_url":"https:\/\/la-presse-anarchiste.net","last_name":"Dubuc","first_name":"Vincent","job_title":"","description":""}],"_links":{"self":[{"href":"https:\/\/la-presse-anarchiste.net\/index.php\/wp-json\/wp\/v2\/posts\/1038","targetHints":{"allow":["GET"]}}],"collection":[{"href":"https:\/\/la-presse-anarchiste.net\/index.php\/wp-json\/wp\/v2\/posts"}],"about":[{"href":"https:\/\/la-presse-anarchiste.net\/index.php\/wp-json\/wp\/v2\/types\/post"}],"author":[{"embeddable":true,"href":"https:\/\/la-presse-anarchiste.net\/index.php\/wp-json\/wp\/v2\/users\/1"}],"replies":[{"embeddable":true,"href":"https:\/\/la-presse-anarchiste.net\/index.php\/wp-json\/wp\/v2\/comments?post=1038"}],"version-history":[{"count":0,"href":"https:\/\/la-presse-anarchiste.net\/index.php\/wp-json\/wp\/v2\/posts\/1038\/revisions"}],"wp:attachment":[{"href":"https:\/\/la-presse-anarchiste.net\/index.php\/wp-json\/wp\/v2\/media?parent=1038"}],"wp:term":[{"taxonomy":"category","embeddable":true,"href":"https:\/\/la-presse-anarchiste.net\/index.php\/wp-json\/wp\/v2\/categories?post=1038"},{"taxonomy":"post_tag","embeddable":true,"href":"https:\/\/la-presse-anarchiste.net\/index.php\/wp-json\/wp\/v2\/tags?post=1038"},{"taxonomy":"author","embeddable":true,"href":"https:\/\/la-presse-anarchiste.net\/index.php\/wp-json\/wp\/v2\/ppma_author?post=1038"}],"curies":[{"name":"wp","href":"https:\/\/api.w.org\/{rel}","templated":true}]}}