{"id":1042,"date":"2007-11-22T14:07:21","date_gmt":"2007-11-22T14:07:21","guid":{"rendered":"https:\/\/la-presse-anarchiste.net\/index.php\/2007\/11\/22\/pour-dostoievski\/"},"modified":"2007-11-22T14:07:21","modified_gmt":"2007-11-22T14:07:21","slug":"pour-dostoievski","status":"publish","type":"post","link":"https:\/\/la-presse-anarchiste.net\/index.php\/2007\/11\/22\/pour-dostoievski\/","title":{"rendered":"Pour Dosto\u00efevski"},"content":{"rendered":"<div class=\"pdfprnt-buttons pdfprnt-buttons-post pdfprnt-top-right\"><a href=\"https:\/\/la-presse-anarchiste.net\/index.php\/wp-json\/wp\/v2\/posts\/1042?print=pdf\" class=\"pdfprnt-button pdfprnt-button-pdf\" target=\"_blank\"><img decoding=\"async\" src=\"https:\/\/la-presse-anarchiste.net\/wp-content\/plugins\/pdf-print\/images\/pdf.png\" alt=\"image_pdf\" title=\"Afficher le PDF\"><\/a><a href=\"https:\/\/la-presse-anarchiste.net\/index.php\/wp-json\/wp\/v2\/posts\/1042?print=print\" class=\"pdfprnt-button pdfprnt-button-print\" target=\"_blank\"><img decoding=\"async\" src=\"https:\/\/la-presse-anarchiste.net\/wp-content\/plugins\/pdf-print\/images\/print.png\" alt=\"image_print\" title=\"Contenu imprim\u00e9\"><\/a><\/div><p class=\"post_excerpt\">[[Ce texte in\u00e9dit a \u00e9t\u00e9 \u00e9crit en 1955 \u00e0 l\u2019occasion d\u2019un hom\u00admage col\u00adlec\u00adtif de Radio Europe \u00e0 Dosto\u00efevski.]]<\/p>\n<p><!--more--><\/p>\n<p style=\"margin-right: 0.48cm; text-indent: 1.49cm; margin-bottom: 0cm;\" align=\"justify\">\n<font face=\"Garamond, serif\"><font style=\"font-size: 13pt;\" size=\"3\"><span lang=\"fr-FR\">Je<br>\nrece\u00advais, il y a quelques mois, un jeune et sym\u00adpa\u00adthique sovi\u00e9tique<br>\nqui m\u2019\u00e9tonna beau\u00adcoup en se plai\u00adgnant de ce que les grands<br>\n\u00e9cri\u00advains russes ne fussent pas suf\u00adfi\u00adsam\u00adment tra\u00adduits&nbsp;en<br>\nfran\u00ad\u00e7ais. Je lui appris que la grande lit\u00adt\u00e9\u00adra\u00adture&nbsp;russe<br>\ndu 19<sup>e<\/sup> si\u00e8cle \u00e9tait, de toutes les litt\u00e9ratures<br>\nde cette \u00e9poque, celle qui a \u00e9t\u00e9 le plus et&nbsp;le<br>\nmieux tra\u00adduite chez nous. Et je mis le comble \u00e0&nbsp;son<br>\n\u00e9ton\u00adne\u00adment, \u00e0 mon tour, en lui affir\u00admant que&nbsp;sans<br>\nDos\u00adto\u00efevs\u00adki la lit\u00adt\u00e9\u00adra\u00adture fran\u00ad\u00e7aise du 20<sup>e<\/sup> si\u00e8cle<br>\nne serait pas ce qu\u2019elle est. Pour ache\u00adver de le convaincre je&nbsp;lui<br>\ndis enfin&nbsp;: \u00ab&nbsp;Vous \u00eates dans le bureau d\u2019un \u00e9crivain<br>\nfran\u00ad\u00e7ais tr\u00e8s m\u00eal\u00e9 au mou\u00adve\u00adment d\u2019id\u00e9es<br>\nde son temps. Quels sont les deux seuls por\u00adtraits qui se trouvent<br>\ndans ce bureau&nbsp;?&nbsp;\u00bb Il se retour\u00adna dans la direc\u00adtion que je&nbsp;lui<br>\nindi\u00adquais et son visage s\u2019\u00e9claira en voyant les por\u00adtraits de<br>\nTol\u00adsto\u00ef et de Dosto\u00efevski.<\/span><\/font><\/font><\/p>\n<p style=\"margin-right: 0.48cm; text-indent: 1.49cm; margin-bottom: 0cm;\" align=\"justify\">\n<font face=\"Garamond, serif\"><font style=\"font-size: 13pt;\" size=\"3\"><span lang=\"fr-FR\">Cette<br>\nlumi\u00e8re que j\u2019ai vue sur le visage de mon jeune ami et&nbsp;qui,<br>\n\u00e0 elle seule, ferait oublier toutes les b\u00eatises et&nbsp;les<br>\ncruau\u00adt\u00e9s qu\u2019on accu\u00admule aujourd\u2019hui pour s\u00e9parer<br>\nles hommes, je ne l\u2019ai pas por\u00adt\u00e9e au compte de la Rus\u00adsie&nbsp;ni<br>\nde la France, mais du g\u00e9nie de la cr\u00e9a\u00adtion&nbsp;qui<br>\nres\u00adplen\u00addit au-des\u00adsus des fron\u00adti\u00e8res et qu\u2019on sent au travail<br>\npresque sans tr\u00eave, dans toute l\u2019\u0153uvre de Dosto\u00efevski.<\/span><\/font><\/font><\/p>\n<p style=\"margin-right: 0.48cm; text-indent: 1.49cm; margin-bottom: 0cm;\" align=\"justify\">\n<font face=\"Garamond, serif\"><font style=\"font-size: 13pt;\" size=\"3\"><span lang=\"fr-FR\">J\u2019ai<br>\nren\u00adcon\u00adtr\u00e9 cette \u0153uvre \u00e0 vingt ans et l\u2019\u00e9branlement<br>\nque j\u2019en ai re\u00e7u dure encore, apr\u00e8s vingt autres<br>\nann\u00e9es. Je mets <i>les Pos\u00ads\u00e9\u00add\u00e9s<\/i> \u00e0<br>\nc\u00f4t\u00e9 de trois ou  quatre grandes \u0153uvres telles<br>\n<i>l\u2019Odyss\u00e9e, la Guerre et la Paix, Don Qui\u00adchotte <\/i>et le<br>\nth\u00e9\u00e2tre de Sha\u00adkes\u00adpeare, qui cou\u00adronnent l\u2019\u00e9norme<br>\nentas\u00adse\u00adment des cr\u00e9a\u00adtions de l\u2019esprit. J\u2019ai d\u2019abord<br>\nadmi\u00adr\u00e9 Dos\u00adto\u00efevs\u00adki \u00e0 cause de ce qu\u2019il&nbsp;me<br>\nr\u00e9v\u00e9\u00adlait de la nature humaine. R\u00e9v\u00e9ler<br>\nest le mot. Car il nous apprend seule\u00adment ce que nous savons, mais<br>\nque nous refu\u00adsons de recon\u00adna\u00eetre. De plus il satis\u00adfai\u00adsait&nbsp;chez<br>\nmoi un go\u00fbt assez com\u00adplai\u00adsant de la luci\u00addi\u00adt\u00e9&nbsp;pour<br>\nelle-m\u00eame. Mais tr\u00e8s vite, \u00e0 mesure que je vivais<br>\nplus cruel\u00adle\u00adment le drame de mon \u00e9poque, j\u2019ai&nbsp;aim\u00e9<br>\ndans Dos\u00adto\u00efevs\u00adki celui qui a v\u00e9cu et expri\u00adm\u00e9&nbsp;le<br>\nplus pro\u00adfon\u00add\u00e9\u00adment notre des\u00adtin his\u00adto\u00adrique. Pour&nbsp;moi,<br>\nDos\u00adto\u00efevs\u00adki est d\u2019abord l\u2019\u00e9crivain qui, bien&nbsp;avant<br>\nNietzsche, a su dis\u00adcer\u00adner le nihi\u00adlisme contem\u00adpo\u00adrain, le d\u00e9finir,<br>\npr\u00e9\u00addire ses suites mons\u00adtrueuses, et ten\u00adter d\u2019indiquer les<br>\nvoies du salut. Son sujet prin\u00adci\u00adpal est ce qu\u2019il appelle lui-m\u00eame<br>\n\u00ab&nbsp;l\u2019esprit pro\u00adfond, l\u2019esprit de n\u00e9ga\u00adtion et de&nbsp;mort&nbsp;\u00bb,<br>\nl\u2019esprit qui, reven\u00addi\u00adquant la liber\u00adt\u00e9 illi\u00admi\u00adt\u00e9e&nbsp;du<br>\ntout est per\u00admis, d\u00e9bouche dans la des\u00adtruc\u00adtion de tout ou&nbsp;dans<br>\nla ser\u00advi\u00adtude de tous. Sa souf\u00adfrance per\u00adson\u00adnelle est d\u2019y participer<br>\net de le refu\u00adser \u00e0 la fois. Son esp\u00e9\u00adrance tra\u00adgique&nbsp;est<br>\nde gu\u00e9\u00adrir l\u2019humiliation par l\u2019humilit\u00e9 et&nbsp;le<br>\nnihi\u00adlisme par le renoncement.<\/span><\/font><\/font><\/p>\n<p style=\"margin-right: 0.48cm; text-indent: 1.49cm; margin-bottom: 0cm;\" align=\"justify\">\n<font face=\"Garamond, serif\"><font style=\"font-size: 13pt;\" size=\"3\"><span lang=\"fr-FR\">L\u2019homme<br>\nqui a \u00e9crit \u00ab&nbsp;Les ques\u00adtions de Dieu et de l\u2019immortalit\u00e9<br>\nsont les m\u00eames que les ques\u00adtions du socia\u00adlisme mais sous&nbsp;un<br>\nautre angle&nbsp;\u00bb savait que d\u00e9sormais\u00ad notre<br>\ncivi\u00adli\u00adsa\u00adtion reven\u00addi\u00adque\u00adrait le salut pour tous ou pour per\u00adsonne. Mais<br>\nil savait que le salut ne pour\u00adrait \u00eatre \u00e9ten\u00addu&nbsp;\u00e0<br>\ntous, si l\u2019on oubliait la souf\u00adfrance d\u2019un seul. Autre\u00adment dit,&nbsp;il<br>\nne vou\u00adlait pas d\u2019une reli\u00adgion qui ne f\u00fbt pas socia\u00adliste, au<br>\nsens le plus large du mot, mais il refu\u00adsait un socia\u00adlisme qui ne&nbsp;f\u00fbt<br>\npas reli\u00adgieux, au sens le plus large du terme. Il a sau\u00adv\u00e9&nbsp;de<br>\ncette mani\u00e8re l\u2019avenir de la vraie reli\u00adgion et du&nbsp;vrai<br>\nsocia\u00adlisme, bien que le monde d\u2019aujourd\u2019hui semble lui donner<br>\ntort sur les deux plans. La gran\u00addeur de Dos\u00adto\u00efevs\u00adki, pourtant<br>\n(comme celle de Tol\u00adsto\u00ef, qui n\u2019a rien dit d\u2019autre quoique<br>\nd\u2019une mani\u00e8re dif\u00adf\u00e9\u00adrente), ne ces\u00adse\u00adra de cro\u00eetre,<br>\ncar notre monde mour\u00adra ou lui don\u00adne\u00adra rai\u00adson. Que ce monde meure&nbsp;ou<br>\nqu\u2019il renaisse, Dos\u00adto\u00efevs\u00adki, dans les deux cas, sera justifi\u00e9.<br>\nC\u2019est pour\u00adquoi, il domine de toute sa sta\u00adture, en d\u00e9pit et&nbsp;\u00e0<br>\ncause de ses infir\u00admi\u00adt\u00e9s, nos lit\u00adt\u00e9\u00adra\u00adtures et&nbsp;notre<br>\nhis\u00adtoire. Aujourd\u2019hui encore il nous aide \u00e0 vivre et&nbsp;\u00e0<br>\nesp\u00e9rer.<\/span><\/font><\/font><\/p>\n<p style=\"margin-right: 0.48cm; text-indent: 1.49cm; margin-bottom: 0cm;\" align=\"justify\" lang=\"fr-FR\">\n<font face=\"Garamond, serif\"><font style=\"font-size: 13pt;\" size=\"3\"><b>Albert<br>\nCamus<\/b><\/font><\/font><\/p>\n","protected":false},"excerpt":{"rendered":"<p>[[Ce texte in\u00e9dit a \u00e9t\u00e9 \u00e9crit en 1955 \u00e0 l\u2019occasion d\u2019un hom\u00admage col\u00adlec\u00adtif de Radio Europe \u00e0 Dosto\u00efevski.]]<\/p>\n","protected":false},"author":1,"featured_media":0,"comment_status":"closed","ping_status":"closed","sticky":false,"template":"","format":"standard","meta":{"wp_typography_post_enhancements_disabled":false,"footnotes":""},"categories":[120],"tags":[],"ppma_author":[540],"class_list":["post-1042","post","type-post","status-publish","format-standard","hentry","category-temoins-n18-19-automne-1957-hiver-1958"],"authors":[{"term_id":540,"user_id":1,"is_guest":0,"slug":"admin_3gikpwyf","display_name":"Vincent Dubuc","avatar_url":"https:\/\/secure.gravatar.com\/avatar\/d015720652c25fd2ced191ade86430094e1f288a17483713e3b34d26dea52507?s=96&d=mm&r=g","author_category":"","user_url":"https:\/\/la-presse-anarchiste.net","last_name":"Dubuc","first_name":"Vincent","job_title":"","description":""}],"_links":{"self":[{"href":"https:\/\/la-presse-anarchiste.net\/index.php\/wp-json\/wp\/v2\/posts\/1042","targetHints":{"allow":["GET"]}}],"collection":[{"href":"https:\/\/la-presse-anarchiste.net\/index.php\/wp-json\/wp\/v2\/posts"}],"about":[{"href":"https:\/\/la-presse-anarchiste.net\/index.php\/wp-json\/wp\/v2\/types\/post"}],"author":[{"embeddable":true,"href":"https:\/\/la-presse-anarchiste.net\/index.php\/wp-json\/wp\/v2\/users\/1"}],"replies":[{"embeddable":true,"href":"https:\/\/la-presse-anarchiste.net\/index.php\/wp-json\/wp\/v2\/comments?post=1042"}],"version-history":[{"count":0,"href":"https:\/\/la-presse-anarchiste.net\/index.php\/wp-json\/wp\/v2\/posts\/1042\/revisions"}],"wp:attachment":[{"href":"https:\/\/la-presse-anarchiste.net\/index.php\/wp-json\/wp\/v2\/media?parent=1042"}],"wp:term":[{"taxonomy":"category","embeddable":true,"href":"https:\/\/la-presse-anarchiste.net\/index.php\/wp-json\/wp\/v2\/categories?post=1042"},{"taxonomy":"post_tag","embeddable":true,"href":"https:\/\/la-presse-anarchiste.net\/index.php\/wp-json\/wp\/v2\/tags?post=1042"},{"taxonomy":"author","embeddable":true,"href":"https:\/\/la-presse-anarchiste.net\/index.php\/wp-json\/wp\/v2\/ppma_author?post=1042"}],"curies":[{"name":"wp","href":"https:\/\/api.w.org\/{rel}","templated":true}]}}