{"id":1043,"date":"2007-11-22T14:11:37","date_gmt":"2007-11-22T14:11:37","guid":{"rendered":"https:\/\/la-presse-anarchiste.net\/index.php\/2007\/11\/22\/vie-du-mot-homme-suivi-de-a-lombre-de-la-pluie\/"},"modified":"2007-11-22T14:11:37","modified_gmt":"2007-11-22T14:11:37","slug":"vie-du-mot-homme-suivi-de-a-lombre-de-la-pluie","status":"publish","type":"post","link":"https:\/\/la-presse-anarchiste.net\/index.php\/2007\/11\/22\/vie-du-mot-homme-suivi-de-a-lombre-de-la-pluie\/","title":{"rendered":"<i>Vie du mot Homme<\/i> suivi de <i>A l\u2019ombre de la&nbsp;pluie<\/i>"},"content":{"rendered":"<div class=\"pdfprnt-buttons pdfprnt-buttons-post pdfprnt-top-right\"><a href=\"https:\/\/la-presse-anarchiste.net\/index.php\/wp-json\/wp\/v2\/posts\/1043?print=pdf\" class=\"pdfprnt-button pdfprnt-button-pdf\" target=\"_blank\"><img decoding=\"async\" src=\"https:\/\/la-presse-anarchiste.net\/wp-content\/plugins\/pdf-print\/images\/pdf.png\" alt=\"image_pdf\" title=\"Afficher le PDF\"><\/a><a href=\"https:\/\/la-presse-anarchiste.net\/index.php\/wp-json\/wp\/v2\/posts\/1043?print=print\" class=\"pdfprnt-button pdfprnt-button-print\" target=\"_blank\"><img decoding=\"async\" src=\"https:\/\/la-presse-anarchiste.net\/wp-content\/plugins\/pdf-print\/images\/print.png\" alt=\"image_print\" title=\"Contenu imprim\u00e9\"><\/a><\/div><poesie>J\u2019ai v\u00e9cu haletant<br>\nSans sommeil<br>\nChaque heure au mirador<br>\nJe guet\u00adtais les incendies<br>\nCha\u00adpe\u00adlet d\u00e9cha\u00een\u00e9<br>\nChaque jour quelques cendres<br>\nL\u00e2ch\u00e9es au&nbsp;vent.<br>\nJamais de terre&nbsp;s\u00e8che<br>\nTou\u00adjours saignant<br>\nJe sais com\u00adment se vit le mot&nbsp;Homme.<br>\nEt il y a tant d\u2019emb\u00fbches<br>\nTant de&nbsp;marge<br>\nEt sur mon&nbsp;corps<br>\nTant de trous&nbsp;noirs<br>\nRose de pierre<br>\nEn plein ciel de&nbsp;chair<br>\nChair d\u2019homme<br>\nJe ne connais que&nbsp;toi.<\/poesie>\n<p><strong>\u00c0 l\u2019ombre de la&nbsp;pluie<\/strong><\/p>\n<poesie>Et nos longues marches \u00e0 l\u2019ombre de la&nbsp;pluie.<br>\n<br>_\u200b _\u200b\n<p>P\u00e9trole roux de deux souffles<br>\nTout le bleu du&nbsp;monde<br>\nFlambe l\u00e0.<br>\n<br>_\u200b _\u200b<\/p>\n<p>Figure ouverte<br>\nL\u00e8vres brunes.<br>\nTous les grains d\u2019une grenade<br>\nDans les che\u00adveux d\u2019une&nbsp;femme<br>\nLa halte sur le chemin<br>\nPierre contre pierre<br>\nLe lit de la nuit son ciel et l\u2019oubli<br>\nDans les che\u00adveux d\u2019une&nbsp;femme.<br>\n<br>_\u200b _\u200b<\/p>\n<p>Il n\u2019y a pas d\u2019\u00e2ge pour la pre\u00admi\u00e8re colchique.<br>\n<br>_\u200b _\u200b<\/p>\n<p>Fleur mal venue entre deux cailloux<br>\nL\u2019homme libre est d\u00e9j\u00e0 condamn\u00e9.<br>\n<br>_\u200b _\u200b<\/p>\n<p>Plante qu\u2019on mutile ne meurt pas toujours.<br>\n<br>_\u200b _\u200b<\/p>\n<p>Pour ces com\u00adbats inutiles qui sans cesse menacent com\u00adbien sommes-nous vrai\u00adment qui comme \u00ab&nbsp;l\u2019autre&nbsp;\u00bb n\u2019aurons jamais notre&nbsp;main&nbsp;?<br>\n<br>_\u200b _\u200b<\/p>\n<p>\u00d4 mes faims de&nbsp;loup<br>\nLe chien de l\u2019aveugle<br>\nEt le th\u00e9 refroi\u00addi de Crevel<br>\n<br>_\u200b _\u200b<\/p>\n<p>Devant le d\u00e9sert et le ciel pareil\u200a\u2014\u200apareil\u2026<br>\nAmours\u200a\u2014\u200afleurs de ciel d\u00e9lav\u00e9.<\/p><\/poesie>\n<p>Jean-Jacques Mor\u00advan<\/p>\n","protected":false},"excerpt":{"rendered":"<p>J\u2019ai v\u00e9cu hale\u00adtant Sans som\u00admeil Chaque heure au mira\u00addor Je guet\u00adtais les incen\u00addies Cha\u00adpe\u00adlet d\u00e9cha\u00ee\u00adn\u00e9 Chaque jour quelques cendres L\u00e2ch\u00e9es au&nbsp;vent. Jamais de terre&nbsp;s\u00e8che Tou\u00adjours sai\u00adgnant Je sais com\u00adment se vit le mot&nbsp;Homme. Et il y a tant d\u2019emb\u00fbches Tant de&nbsp;marge Et sur mon&nbsp;corps Tant de trous&nbsp;noirs Rose de pierre En plein ciel de&nbsp;chair Chair&nbsp;[\u2026]<\/p>\n","protected":false},"author":1,"featured_media":0,"comment_status":"closed","ping_status":"closed","sticky":false,"template":"","format":"standard","meta":{"wp_typography_post_enhancements_disabled":false,"footnotes":""},"categories":[120],"tags":[],"ppma_author":[540],"class_list":["post-1043","post","type-post","status-publish","format-standard","hentry","category-temoins-n18-19-automne-1957-hiver-1958"],"authors":[{"term_id":540,"user_id":1,"is_guest":0,"slug":"admin_3gikpwyf","display_name":"Vincent Dubuc","avatar_url":"https:\/\/secure.gravatar.com\/avatar\/d015720652c25fd2ced191ade86430094e1f288a17483713e3b34d26dea52507?s=96&d=mm&r=g","author_category":"","user_url":"https:\/\/la-presse-anarchiste.net","last_name":"Dubuc","first_name":"Vincent","job_title":"","description":""}],"_links":{"self":[{"href":"https:\/\/la-presse-anarchiste.net\/index.php\/wp-json\/wp\/v2\/posts\/1043","targetHints":{"allow":["GET"]}}],"collection":[{"href":"https:\/\/la-presse-anarchiste.net\/index.php\/wp-json\/wp\/v2\/posts"}],"about":[{"href":"https:\/\/la-presse-anarchiste.net\/index.php\/wp-json\/wp\/v2\/types\/post"}],"author":[{"embeddable":true,"href":"https:\/\/la-presse-anarchiste.net\/index.php\/wp-json\/wp\/v2\/users\/1"}],"replies":[{"embeddable":true,"href":"https:\/\/la-presse-anarchiste.net\/index.php\/wp-json\/wp\/v2\/comments?post=1043"}],"version-history":[{"count":0,"href":"https:\/\/la-presse-anarchiste.net\/index.php\/wp-json\/wp\/v2\/posts\/1043\/revisions"}],"wp:attachment":[{"href":"https:\/\/la-presse-anarchiste.net\/index.php\/wp-json\/wp\/v2\/media?parent=1043"}],"wp:term":[{"taxonomy":"category","embeddable":true,"href":"https:\/\/la-presse-anarchiste.net\/index.php\/wp-json\/wp\/v2\/categories?post=1043"},{"taxonomy":"post_tag","embeddable":true,"href":"https:\/\/la-presse-anarchiste.net\/index.php\/wp-json\/wp\/v2\/tags?post=1043"},{"taxonomy":"author","embeddable":true,"href":"https:\/\/la-presse-anarchiste.net\/index.php\/wp-json\/wp\/v2\/ppma_author?post=1043"}],"curies":[{"name":"wp","href":"https:\/\/api.w.org\/{rel}","templated":true}]}}