{"id":1049,"date":"1980-09-01T00:04:15","date_gmt":"1980-09-01T00:04:15","guid":{"rendered":"https:\/\/la-presse-anarchiste.net\/index.php\/2007\/11\/22\/gdansk-la-greve-politique\/"},"modified":"2024-05-12T08:15:04","modified_gmt":"2024-05-12T08:15:04","slug":"gdansk-la-greve-politique","status":"publish","type":"post","link":"https:\/\/la-presse-anarchiste.net\/index.php\/1980\/09\/01\/gdansk-la-greve-politique\/","title":{"rendered":"Gdansk, la gr\u00e8ve politique"},"content":{"rendered":"<div class=\"pdfprnt-buttons pdfprnt-buttons-post pdfprnt-top-right\"><a href=\"https:\/\/la-presse-anarchiste.net\/index.php\/wp-json\/wp\/v2\/posts\/1049?print=pdf\" class=\"pdfprnt-button pdfprnt-button-pdf\" target=\"_blank\"><img decoding=\"async\" src=\"https:\/\/la-presse-anarchiste.net\/wp-content\/plugins\/pdf-print\/images\/pdf.png\" alt=\"image_pdf\" title=\"Afficher le PDF\"><\/a><a href=\"https:\/\/la-presse-anarchiste.net\/index.php\/wp-json\/wp\/v2\/posts\/1049?print=print\" class=\"pdfprnt-button pdfprnt-button-print\" target=\"_blank\"><img decoding=\"async\" src=\"https:\/\/la-presse-anarchiste.net\/wp-content\/plugins\/pdf-print\/images\/print.png\" alt=\"image_print\" title=\"Contenu imprim\u00e9\"><\/a><\/div><h5 align=\"justify\"><span lang=\"fr-FR\">D\u00e9claration du Comit\u00e9 Inter-entreprises \/\u200b MKS \/\u200b si\u00e9geant au Chantiers navals L\u00e9nine de Gdansk<\/span><\/h5>\n<p align=\"justify\">Gdansk, le 21\/\u200b08\/\u200b1980<\/p>\n<p align=\"justify\">Par suite d\u2019une pro\u00adpa\u00adgande fausse et pro\u00advo\u00adca\u00adtrice men\u00e9e par les milieux offi\u00adciels et qui s\u2019am\u00adpli\u00adfie le MKS juge \u00e0 pro\u00adpos de consta\u00adter ce qui&nbsp;suit&nbsp;:<\/p>\n<p align=\"justify\"><span lang=\"fr-FR\"> Le monde du tra\u00advail n\u2019est pas sur\u00adpris par les basses m\u00e9thodes de la lutte psy\u00adcho\u00adlo\u00adgique men\u00e9e par les milieux offi\u00adciels et visant \u00e0 d\u00e9ve\u00adlop\u00adper un ferment et \u00e0 induire en erreur l\u2019o\u00adpi\u00adnion publique. La dif\u00adfu\u00adsion de tracts au conte\u00adnu men\u00adson\u00adger sur le monde du tra\u00advail m\u00e9rite une condam\u00adna\u00adtion par toute la soci\u00e9\u00adt\u00e9. Tout le monde sait que l\u2019on fait tra\u00ee\u00adner expr\u00e8s, pour pro\u00advo\u00adquer, l\u2019ou\u00adver\u00adture des n\u00e9go\u00adcia\u00adtions. A tra\u00advers cela, les auto\u00adri\u00adt\u00e9s montrent leur vrai visage encore une fois. La classe ouvri\u00e8re et tous ceux qui tra\u00advaillent n\u2019ont jamais trom\u00adp\u00e9 et ne trom\u00adpe\u00adront jamais. Aujourd\u2019\u00adhui ils en donnent une preuve admi\u00adrable par leur sagesse poli\u00adtique, leur dis\u00adci\u00adpline et leur d\u00e9sir ardent bon pour toute la nation. Le MKS, qui repr\u00e9\u00adsente toutes les entre\u00adprises, appelle encore une fois les auto\u00adri\u00adt\u00e9s \u00e0 entre\u00adprendre des n\u00e9go\u00adcia\u00adtions. Son but est la satis\u00adfac\u00adtion des demandes trans\u00admises \u00e0 la com\u00admis\u00adsion gou\u00adver\u00adne\u00admen\u00adtale, remises en main propre au vo\u00ee\u00advode (maire) de Gdansk, le pro\u00adfes\u00adseur Jer\u00adzy Kolod\u00adzie\u00adjs\u00adki, par une d\u00e9l\u00e9\u00adga\u00adtion du MKS. Seul un dia\u00adlogue hon\u00adn\u00eate et men\u00e9 d\u00e9mo\u00adcra\u00adti\u00adque\u00adment peut mettre fin \u00e0 la gr\u00e8ve. Seule la sou\u00admis\u00adsion \u00e0 la volon\u00adt\u00e9 des masses tra\u00advailleuses en satis\u00adfai\u00adsant les reven\u00addi\u00adca\u00adtions avan\u00adc\u00e9es par ces masses peut garan\u00adtir la vie nor\u00admale de notre pays, Les gr\u00e9\u00advistes ne brisent pas l\u2019u\u00adni\u00adt\u00e9 de la nation polo\u00adnaise et ne causent pas de tort \u00e0 l\u2019\u00c9\u00adtat polo\u00adnais. Si les auto\u00adri\u00adt\u00e9s veulent s\u2019en convaincre, qu\u2019elles viennent chez les gr\u00e9\u00advistes, qu\u2019elles prennent connais\u00adsance des d\u00e9ci\u00adsions du MKS qui les repr\u00e9\u00adsente. Il faut cher\u00adcher ici la v\u00e9ri\u00adt\u00e9, et non dans le b\u00e2ti\u00adment du Conseil Natio\u00adnal de la Voi\u00advo\u00addie. Les employ\u00e9s des chan\u00adtiers navals de Gdansk, dont l\u2019en\u00adtre\u00adprise est le si\u00e8ge du MKS, garan\u00adtissent une totale s\u00e9cu\u00adri\u00adt\u00e9 \u00e0 la d\u00e9l\u00e9\u00adga\u00adtion gou\u00adver\u00adne\u00admen\u00adtale dans l\u2019en\u00adceinte de leur entre\u00adprise pen\u00addant les n\u00e9go\u00adcia\u00adtions. Il y a de sem\u00adblables garan\u00adties de la part des autres entre\u00adprises repr\u00e9\u00adsen\u00adt\u00e9es au&nbsp;MKS.<\/span><\/p>\n<p style=\"text-align: right;\" align=\"justify\">Comi\u00adt\u00e9 Inter-entre\u00adprises de&nbsp;gr\u00e8ve.<\/p>\n<h5 align=\"justify\"><span lang=\"fr-FR\">Revendication des gr\u00e9vistes des entreprises repr\u00e9sent\u00e9es par le Comit\u00e9 Inter-entreprises de&nbsp;gr\u00e8ve&nbsp;<\/span><\/h5>\n<p align=\"justify\">Le Comi\u00adt\u00e9 Inter-entre\u00adprises de gr\u00e8ve repr\u00e9\u00adsente aus\u00adsi les tra\u00advailleurs des entre\u00adprises et ins\u00adti\u00adtu\u00adtions dont le fonc\u00adtion\u00adne\u00adment est indis\u00adpen\u00adsable \u00e0 la soci\u00e9\u00adt\u00e9. Ce comi\u00adt\u00e9 a pour but de faire abou\u00adtir les n\u00e9go\u00adcia\u00adtions que les gr\u00e9\u00advistes attendent.<\/p>\n<p align=\"justify\">L\u2019une des pre\u00admi\u00e8res condi\u00adtions \u00e0 l\u2019ou\u00adver\u00adture des n\u00e9go\u00adcia\u00adtions est le d\u00e9blo\u00adcage de toutes les com\u00admu\u00adni\u00adca\u00adtions t\u00e9l\u00e9phoniques.<\/p>\n<p align=\"justify\">Les reven\u00addi\u00adca\u00adtions des gr\u00e9\u00advistes repr\u00e9\u00adsen\u00adt\u00e9s par le Comi\u00adt\u00e9 Inter-entre\u00adprises de gr\u00e8ve sont les suivantes&nbsp;:<\/p>\n<ol>\n<li>Recon\u00adnais\u00adsance de syn\u00addi\u00adcats libres ind\u00e9\u00adpen\u00addants du Par\u00adti et des employeurs sur la base de la conven\u00adtion n\u00b087 de l\u2019Or\u00adga\u00adni\u00adsa\u00adtion Inter\u00adna\u00adtio\u00adnale du tra\u00advail rati\u00adfi\u00e9e par la Pologne.<\/li>\n<li>Garan\u00adtie du res\u00adpect du droit de gr\u00e8ve, de la s\u00e9cu\u00adri\u00adt\u00e9 des gr\u00e9\u00advistes et des per\u00adsonnes qui les aident.<\/li>\n<li>Res\u00adpect des liber\u00adt\u00e9s d\u2019ex\u00adpres\u00adsion, de publi\u00adca\u00adtion et d\u2019im\u00adpres\u00adsion garan\u00adties par la Consti\u00adtu\u00adtion. Arr\u00eat de la r\u00e9pres\u00adsion contre les publi\u00adca\u00adtions ind\u00e9\u00adpen\u00addantes et acc\u00e8s aux m\u00e9dias des repr\u00e9\u00adsen\u00adtants de chaque \u00c9glise.<\/li>\n<li>A. R\u00e9ta\u00adblis\u00adse\u00adment des droits des per\u00adsonnes licen\u00adci\u00e9es abu\u00adsi\u00adve\u00adment apr\u00e8s les gr\u00e8ves de 1970 et 1976 et des \u00e9tu\u00addiants exclus de l\u2019en\u00adsei\u00adgne\u00adment sup\u00e9\u00adrieur \u00e0 cause de leurs opi\u00adnions poli\u00adtiques. B. Lib\u00e9\u00adra\u00adtion de tous les pri\u00adson\u00adniers poli\u00adtiques, notam\u00adment Edmund Zadro\u00adzyns\u00adki, Jan Koz\u00adlows\u00adki et Marek Koz1owski. C. Et arr\u00eat des repr\u00e9\u00adsailles pour rai\u00adson d\u2019opinion.<\/li>\n<li>Dif\u00adfu\u00adsion par les mass-medias de l\u2019in\u00adfor\u00adma\u00adtion sur la cr\u00e9a\u00adtion du comi\u00adt\u00e9 inter-entre\u00adprises de gr\u00e8ve et publi\u00adca\u00adtion de ses revendications.<\/li>\n<li>Lan\u00adce\u00adment d\u2019ac\u00adtions r\u00e9elles pour sor\u00adtir le pays de la situa\u00adtion de crise, par exemple&nbsp;: dif\u00adfu\u00adsion publique de toutes les infor\u00adma\u00adtions sur la situa\u00adtion socio-\u00e9co\u00adno\u00admique de la Pologne, pos\u00adsi\u00adbi\u00adli\u00adt\u00e9 don\u00adn\u00e9e \u00e0 tous les milieux et couches sociales de par\u00adti\u00adci\u00adper aux dis\u00adcus\u00adsions sur un pro\u00adgramme de r\u00e9formes.<\/li>\n<li><span lang=\"fr-FR\">Paie\u00adment de tous les gr\u00e9\u00advistes comme pour les cong\u00e9s avec les fonds du syn\u00addi\u00adcat officiel.&nbsp;<\/span><\/li>\n<li>Aug\u00admen\u00adta\u00adtion du salaire de base de chaque tra\u00advailleur de 2000 zlo\u00adtys par mois pour com\u00adpen\u00adser l\u2019aug\u00admen\u00adta\u00adtion du prix de la viande.<\/li>\n<li>\u00c9chelle mobile des salaires.<\/li>\n<li><span lang=\"fr-FR\">R\u00e9a\u00adli\u00adsa\u00adtion d\u2019un appro\u00advi\u00adsion\u00adne\u00adment \u00e0 plein du mar\u00adch\u00e9 int\u00e9\u00adrieur en pro\u00adduits ali\u00admen\u00adtaires et limi\u00adta\u00adtion des expor\u00adta\u00adtions aux surplus.&nbsp;<\/span><\/li>\n<li><span lang=\"fr-FR\">Intro\u00adduc\u00adtion de cartes de ration\u00adne\u00adment pour la viande jus\u00adqu\u2019\u00e0 la sta\u00adbi\u00adli\u00adsa\u00adtion du march\u00e9.&nbsp;<\/span><\/li>\n<li>Sup\u00adpres\u00adsion des prix com\u00admer\u00adciaux et des ventes en devises \u00e9tran\u00adg\u00e8res sur le mar\u00adch\u00e9 int\u00e9rieur.<\/li>\n<li><span lang=\"fr-FR\">D\u00e9si\u00adgna\u00adtion des mana\u00adgers en se basant uni\u00adque\u00adment sur leur qua\u00adli\u00adfi\u00adca\u00adtion et non sur l\u2019ap\u00adpar\u00adte\u00adnance au Par\u00adti. Sup\u00adpres\u00adsion des pri\u00advi\u00adl\u00e8ges de la police, des ser\u00advices de s\u00e9cu\u00adri\u00adt\u00e9 et de l\u2019ap\u00adpa\u00adreil du Par\u00adti par l\u2019\u00e9\u00adga\u00adli\u00adsa\u00adtion des allo\u00adca\u00adtions fami\u00adliales et la sup\u00adpres\u00adsion du sys\u00adt\u00e8me des ventes sp\u00e9ciales.<br>\n<\/span><\/li>\n<li>Droit \u00e0 la retraite apr\u00e8s 35 ans de tra\u00advail, \u00e0 50 ans pour les femmes et \u00e0 55 ans pour les hommes.<\/li>\n<li><span lang=\"fr-FR\">Sup\u00adpres\u00adsion des dif\u00adf\u00e9\u00adrences entre les deux sys\u00adt\u00e8mes de pen\u00adsion et de retraite par l\u2019a\u00adli\u00adgne\u00adment sur le plus favorable.&nbsp;<\/span><\/li>\n<li>Am\u00e9\u00adlio\u00adra\u00adtion des condi\u00adtions de tra\u00advail des ser\u00advices m\u00e9di\u00adcaux afin d\u2019as\u00adsu\u00adrer aux tra\u00advailleurs les pres\u00adta\u00adtions aux\u00adquelles ils ont&nbsp;droit.<\/li>\n<li><span lang=\"fr-FR\">Cr\u00e9a\u00adtion de cr\u00e8ches et d\u2019\u00e9\u00adcoles mater\u00adnelles en nombre suf\u00adfi\u00adsant pour les enfants des m\u00e8res qui travaillent.&nbsp;<\/span><\/li>\n<li>Exten\u00adsion de la dur\u00e9e du cong\u00e9 mater\u00adnel pay\u00e9 \u00e0 3&nbsp;ans.<\/li>\n<li>Limi\u00adta\u00adtion du temps d\u2019at\u00adtente pour l\u2019at\u00adtri\u00adbu\u00adtion des appartements.<\/li>\n<li>Aug\u00admen\u00adta\u00adtion de 40 \u00e0 100 zlo\u00adtys des frais de d\u00e9placement.<\/li>\n<li><span lang=\"fr-FR\">Com\u00adpen\u00adsa\u00adtion dans les usines tra\u00advaillant \u00e0 plein temps de l\u2019ab\u00adsence du same\u00addi libre par l\u2019al\u00adlon\u00adge\u00adment des cong\u00e9s ou par l\u2019in\u00adtro\u00adduc\u00adtion de jours f\u00e9ri\u00e9s particuliers.&nbsp;<\/span><\/li>\n<\/ol>\n<p style=\"text-align: right;\" align=\"justify\">Comi\u00adt\u00e9 Inter-entre\u00adprise de Gr\u00e8ve, Gdansk<br>\nle 22 ao\u00fbt&nbsp;1980<br>\n(Impri\u00adme\u00adrie libre des chan\u00adtiers navals de Gdynie)<\/p>\n<h5 align=\"justify\">Communiqu\u00e9 du MKS du 22\/\u200b08\/\u200b1980<\/h5>\n<p align=\"justify\">Les nou\u00advelles d\u00e9l\u00e9\u00adga\u00adtions de gr\u00e9\u00advistes seront enre\u00adgis\u00adtr\u00e9es et infor\u00adm\u00e9es au point d\u2019enregistrement.<\/p>\n<p align=\"justify\">La d\u00e9l\u00e9\u00adga\u00adtion apporte la preuve la plus s\u00e9rieuse Que le MKS repr\u00e9\u00adsen\u00adte\u00adra ses int\u00e9r\u00eats.<\/p>\n<p align=\"justify\">Pour des consi\u00add\u00e9\u00adra\u00adtions d\u2019or\u00adga\u00adni\u00adsa\u00adtion le MKS ne peut pas aug\u00admen\u00adter le nombre des d\u00e9l\u00e9\u00adgu\u00e9s auto\u00adri\u00ads\u00e9s \u00e0 p\u00e9n\u00e9\u00adtrer dans les Chan\u00adtiers Navals et \u00e0&nbsp;voter.<\/p>\n<p style=\"text-align: right;\" align=\"justify\">Le Comi\u00adt\u00e9 inter-entre\u00adprise de&nbsp;gr\u00e8ve<\/p>\n","protected":false},"excerpt":{"rendered":"<p>D\u00e9cla\u00adra\u00adtion du Comi\u00adt\u00e9 Inter-entre\u00adprises \/\u200b\u200b MKS \/\u200b\u200b si\u00e9\u00adgeant au Chan\u00adtiers navals L\u00e9nine de Gdansk Gdansk, le 21\/\u200b\u200b08\/\u200b\u200b1980 Par suite d\u2019une pro\u00adpa\u00adgande fausse et pro\u00advo\u00adca\u00adtrice men\u00e9e par les milieux offi\u00adciels et qui s\u2019am\u00adpli\u00adfie le MKS juge \u00e0 pro\u00adpos de consta\u00adter ce qui&nbsp;suit&nbsp;: Le monde du tra\u00advail n\u2019est pas sur\u00adpris par les basses m\u00e9thodes de la&nbsp;lutte&nbsp;[\u2026]<\/p>\n","protected":false},"author":8,"featured_media":5945,"comment_status":"closed","ping_status":"closed","sticky":false,"template":"wp-custom-template-page-d-article","format":"standard","meta":{"wp_typography_post_enhancements_disabled":false,"footnotes":""},"categories":[121],"tags":[602,889,969],"ppma_author":[680],"class_list":["post-1049","post","type-post","status-publish","format-standard","has-post-thumbnail","hentry","category-iztok-n2-septembre-1980-supplement","tag-etats-communistes","tag-luttes-sociales","tag-pologne"],"authors":[{"term_id":680,"user_id":8,"is_guest":0,"slug":"anonyme","display_name":"Anonyme","avatar_url":"https:\/\/secure.gravatar.com\/avatar\/cdccebf2bbf18d75df96a6721f7ce7f7ec80d026f1b8ec6be93de563bca5236b?s=96&d=mm&r=g","author_category":"","user_url":"","last_name":"","first_name":"","job_title":"","description":""}],"_links":{"self":[{"href":"https:\/\/la-presse-anarchiste.net\/index.php\/wp-json\/wp\/v2\/posts\/1049","targetHints":{"allow":["GET"]}}],"collection":[{"href":"https:\/\/la-presse-anarchiste.net\/index.php\/wp-json\/wp\/v2\/posts"}],"about":[{"href":"https:\/\/la-presse-anarchiste.net\/index.php\/wp-json\/wp\/v2\/types\/post"}],"author":[{"embeddable":true,"href":"https:\/\/la-presse-anarchiste.net\/index.php\/wp-json\/wp\/v2\/users\/8"}],"replies":[{"embeddable":true,"href":"https:\/\/la-presse-anarchiste.net\/index.php\/wp-json\/wp\/v2\/comments?post=1049"}],"version-history":[{"count":3,"href":"https:\/\/la-presse-anarchiste.net\/index.php\/wp-json\/wp\/v2\/posts\/1049\/revisions"}],"predecessor-version":[{"id":7448,"href":"https:\/\/la-presse-anarchiste.net\/index.php\/wp-json\/wp\/v2\/posts\/1049\/revisions\/7448"}],"wp:featuredmedia":[{"embeddable":true,"href":"https:\/\/la-presse-anarchiste.net\/index.php\/wp-json\/wp\/v2\/media\/5945"}],"wp:attachment":[{"href":"https:\/\/la-presse-anarchiste.net\/index.php\/wp-json\/wp\/v2\/media?parent=1049"}],"wp:term":[{"taxonomy":"category","embeddable":true,"href":"https:\/\/la-presse-anarchiste.net\/index.php\/wp-json\/wp\/v2\/categories?post=1049"},{"taxonomy":"post_tag","embeddable":true,"href":"https:\/\/la-presse-anarchiste.net\/index.php\/wp-json\/wp\/v2\/tags?post=1049"},{"taxonomy":"author","embeddable":true,"href":"https:\/\/la-presse-anarchiste.net\/index.php\/wp-json\/wp\/v2\/ppma_author?post=1049"}],"curies":[{"name":"wp","href":"https:\/\/api.w.org\/{rel}","templated":true}]}}