{"id":1052,"date":"2007-11-23T22:01:10","date_gmt":"2007-11-23T22:01:10","guid":{"rendered":"https:\/\/la-presse-anarchiste.net\/index.php\/2007\/11\/23\/introduction-2\/"},"modified":"2007-11-23T22:01:10","modified_gmt":"2007-11-23T22:01:10","slug":"introduction-2","status":"publish","type":"post","link":"https:\/\/la-presse-anarchiste.net\/index.php\/2007\/11\/23\/introduction-2\/","title":{"rendered":"Introduction"},"content":{"rendered":"<div class=\"pdfprnt-buttons pdfprnt-buttons-post pdfprnt-top-right\"><a href=\"https:\/\/la-presse-anarchiste.net\/index.php\/wp-json\/wp\/v2\/posts\/1052?print=pdf\" class=\"pdfprnt-button pdfprnt-button-pdf\" target=\"_blank\"><img decoding=\"async\" src=\"https:\/\/la-presse-anarchiste.net\/wp-content\/plugins\/pdf-print\/images\/pdf.png\" alt=\"image_pdf\" title=\"Afficher le PDF\"><\/a><a href=\"https:\/\/la-presse-anarchiste.net\/index.php\/wp-json\/wp\/v2\/posts\/1052?print=print\" class=\"pdfprnt-button pdfprnt-button-print\" target=\"_blank\"><img decoding=\"async\" src=\"https:\/\/la-presse-anarchiste.net\/wp-content\/plugins\/pdf-print\/images\/print.png\" alt=\"image_print\" title=\"Contenu imprim\u00e9\"><\/a><\/div><p style=\"margin-right: 0.55cm; text-indent: 1.52cm; margin-bottom: 0cm;\" align=\"justify\">\n<font face=\"Garamond, serif\"><font style=\"font-size: 13pt;\" size=\"3\"><span lang=\"fr-FR\">Dans<br>\nnotre tra\u00advail de recherches et d\u2019information sur l\u2019action non<br>\nvio\u00adlente, nous avons vou\u00adlu, entre autres, conna\u00eetre ce&nbsp;qui<br>\ns\u2019\u00e9tait accom\u00adpli dans le genre et aus\u00adsi les r\u00e9alisations<br>\nde notre temps se d\u00e9rou\u00adlant qua\u00adsi\u00adment sous nos yeux, mais&nbsp;que<br>\nla grande presse igno\u00adrait volon\u00adtai\u00adre\u00adment et que la petite (la&nbsp;n\u00f4tre)<br>\nn\u00e9gli\u00adgeait ou du moins ne sui\u00advait pas syst\u00e9matiquement.<\/span><\/font><\/font><\/p>\n<p style=\"margin-right: 0.55cm; text-indent: 1.52cm; margin-bottom: 0cm;\" align=\"justify\">\n<font face=\"Garamond, serif\"><font style=\"font-size: 13pt;\" size=\"3\"><span lang=\"fr-FR\">A<br>\n\u00e9ch\u00e9ance, nous vou\u00adlons d\u00e9bou\u00adcher nous-m\u00eames<br>\nsur l\u2019action&nbsp;: il faut dire que cer\u00adtains ont&nbsp;d\u00e9j\u00e0<br>\npar\u00adti\u00adci\u00adp\u00e9 \u00e0 des actions non vio\u00adlentes, que d\u2019autres<br>\nactuel\u00adle\u00adment sont objec\u00adteurs, ren\u00advoyeurs de livret mili\u00adtaires, etc.,<br>\nque d\u2019autres se pr\u00e9parent\u2026A cause de nos moyens<br>\nres\u00adtreints, nous avons conscience de n\u2019avoir pas&nbsp;\u00e9t\u00e9<br>\nsuf\u00adfi\u00adsam\u00adment \u00e0 la hau\u00adteur de notre&nbsp;t\u00e2che.<\/span><\/font><\/font><\/p>\n<p style=\"margin-right: 0.55cm; text-indent: 1.52cm; margin-bottom: 0cm;\" align=\"justify\">\n<font face=\"Garamond, serif\"><font style=\"font-size: 13pt;\" size=\"3\"><span lang=\"fr-FR\">Dans<br>\nce num\u00e9\u00adro, nous essayons de pr\u00e9\u00adsen\u00adter une vision<br>\nglo\u00adbale de l\u2019action non vio\u00adlente actuelle en France. Nous<br>\nrevien\u00addrons ult\u00e9\u00adrieu\u00adre\u00adment sur cer\u00adtains points impor\u00adtants&nbsp;et<br>\nd\u00e9ve\u00adlop\u00adpe\u00adrons aus\u00adsi d\u2019autres aspects.<\/span><\/font><\/font><\/p>\n<p style=\"margin-right: 0.55cm; text-indent: 1.52cm; margin-bottom: 0cm;\" align=\"justify\">\n<font face=\"Garamond, serif\"><font style=\"font-size: 13pt;\" size=\"3\"><span lang=\"fr-FR\">Nous<br>\nregret\u00adtons que cha\u00adcun se can\u00adtonne dans sa propre action et&nbsp;son<br>\nhori\u00adzon id\u00e9o\u00adlo\u00adgique sans se sen\u00adtir concer\u00adn\u00e9&nbsp;par<br>\nl\u2019action de son voi\u00adsin, et par\u00adfois m\u00eame sans vou\u00adloir en&nbsp;\u00eatre<br>\ninfor\u00adm\u00e9. Alors qu\u2019une syn\u00adth\u00e8se est sou\u00adhai\u00adtable\u2026 Une<br>\nplate-forme non vio\u00adlente per\u00admet\u00adtrait et ouvri\u00adrait de nouvelles<br>\npossibilit\u00e9s\u2026<\/span><\/font><\/font><\/p>\n<p style=\"margin-right: 0.55cm; text-indent: 1.52cm; margin-bottom: 0cm;\" align=\"center\" lang=\"fr-FR\">\n<font face=\"Garamond, serif\"><font style=\"font-size: 16pt;\" size=\"4\"><font face=\"ZDingbats\">n<br>\n n  n&nbsp;n<\/font><\/font><\/font><\/p>\n<p style=\"margin-right: 0.55cm; text-indent: 1.52cm; margin-bottom: 0cm;\" align=\"justify\">\n<font face=\"Garamond, serif\"><font style=\"font-size: 13pt;\" size=\"3\"><span lang=\"fr-FR\">Sous<br>\nle titre \u00ab&nbsp;Action&nbsp;\u00bb, nous pr\u00e9\u00adsen\u00adtons dans ce num\u00e9ro<br>\ndes exemples pas\u00ads\u00e9s, pr\u00e9\u00adsents ou \u00e0&nbsp;venir<br>\nd\u2019actions directes non vio\u00adlentes. L\u2019\u00e9valuation cri\u00adtique&nbsp;de<br>\nces actions devrait nous per\u00admettre de d\u00e9ga\u00adger une m\u00e9thodologie<br>\nde l\u2019action, c\u2019est-\u00e0-dire&nbsp;:<\/span><\/font><\/font><\/p>\n<p style=\"margin-right: 0.55cm; text-indent: 1.52cm; margin-bottom: 0cm;\" align=\"justify\">\n<font face=\"Garamond, serif\"><font style=\"font-size: 13pt;\" size=\"3\"><span lang=\"fr-FR\">\u2013<br>\nde mettre en lumi\u00e8re les points com\u00admuns entre les divers types<br>\nd\u2019actions exis\u00adtantes et de les <b>coor\u00addon\u00adner,<\/b><\/span><\/font><\/font><\/p>\n<p style=\"margin-right: 0.55cm; text-indent: 1.52cm; margin-bottom: 0cm;\" align=\"justify\">\n<font face=\"Garamond, serif\"><font style=\"font-size: 13pt;\" size=\"3\"><span lang=\"fr-FR\">\u2013<br>\nde d\u00e9fi\u00adnir les prin\u00adcipes de la <b>recherche<\/b> d\u2019actions<br>\nnou\u00advelles adap\u00adt\u00e9s aux situa\u00adtions et aux \u00e9v\u00e9nements<br>\n\u00e0 l\u2019ordre du&nbsp;jour,<\/span><\/font><\/font><\/p>\n<p style=\"margin-right: 0.55cm; text-indent: 1.52cm; margin-bottom: 0cm;\" align=\"justify\" lang=\"fr-FR\">\n<font face=\"Garamond, serif\"><font style=\"font-size: 13pt;\" size=\"3\">\u2013<br>\nde mettre au point le sou\u00adtien aux actions engag\u00e9es.<\/font><\/font><\/p>\n<p style=\"margin-right: 0.55cm; text-indent: 1.52cm; margin-bottom: 0cm;\" align=\"justify\">\n<font face=\"Garamond, serif\"><font style=\"font-size: 13pt;\" size=\"3\"><span lang=\"fr-FR\">Coor\u00addi\u00adna\u00adtion,<br>\nrecherche, <b>sou\u00adtien<\/b>&nbsp;: ces trois mots cl\u00e9s manifestent<br>\nnotre volon\u00adt\u00e9 de nous <b>orga\u00adni\u00adser<\/b> pour l\u2019action.<\/span><\/font><\/font><\/p>\n<p style=\"margin-right: 0.55cm; text-indent: 1.52cm; margin-bottom: 0cm;\" align=\"justify\">\n<font face=\"Garamond, serif\"><font style=\"font-size: 13pt;\" size=\"3\"><span lang=\"fr-FR\">L\u2019expression<br>\n\u00ab&nbsp;Action directe&nbsp;\u00bb apporte appa\u00adrem\u00adment une res\u00adtric\u00adtion&nbsp;au<br>\nmot \u00ab&nbsp;action&nbsp;\u00bb. Notons que cette res\u00adtric\u00adtion qui exprime<br>\nle refus des inter\u00adm\u00e9\u00addiaires dans l\u2019affirmation des volont\u00e9s<br>\nde la \u00ab&nbsp;base&nbsp;\u00bb n\u2019en est pas une pour les anar\u00adchistes qui<br>\nentendent repous\u00adser toute hi\u00e9\u00adrar\u00adchie, toute repr\u00e9sentation<br>\nfig\u00e9e (voir <a href=\"http:\/\/www.la-presse-anarchiste.net\/spip\/spip.php?action=redirect&amp;id_article=171\">article \u00ab&nbsp;Jalons&nbsp;\u00bb d\u2019Andr\u00e9<br>\nBer\u00adnard<\/a>, ANV&nbsp;4).<\/span><\/font><\/font><\/p>\n<p style=\"margin-right: 0.55cm; text-indent: 1.52cm; margin-bottom: 0cm;\" align=\"justify\" lang=\"fr-FR\">\n<font face=\"Garamond, serif\"><font style=\"font-size: 13pt;\" size=\"3\"><b>Action<br>\net individu<\/b><\/font><\/font><\/p>\n<p style=\"margin-right: 0.55cm; text-indent: 1.52cm; margin-bottom: 0cm;\" align=\"justify\">\n<font face=\"Garamond, serif\"><font style=\"font-size: 13pt;\" size=\"3\"><span lang=\"fr-FR\">Par<br>\nson carac\u00adt\u00e8re anti\u00adhi\u00e9\u00adrar\u00adchique, l\u2019action directe<br>\nr\u00e9clame une par\u00adti\u00adci\u00adpa\u00adtion maxi\u00admale de l\u2019individu. A<br>\nfor\u00adtio\u00adri, l\u2019action directe non vio\u00adlente qui peut le conduire \u00e0<br>\naccep\u00adter de grands risques. En fait, l\u2019action <b>part<\/b> d\u2019un&nbsp;ou<br>\nde plu\u00adsieurs indi\u00advi\u00addus. Par quels m\u00e9canismes&nbsp;?<\/span><\/font><\/font><\/p>\n<p style=\"margin-right: 0.55cm; text-indent: 1.52cm; margin-bottom: 0cm;\" align=\"justify\" lang=\"fr-FR\">\n<font face=\"Garamond, serif\"><font style=\"font-size: 13pt;\" size=\"3\">Si<br>\nnous envi\u00adsa\u00adgeons nos actes quo\u00adti\u00addiens, nous pou\u00advons gros\u00adso modo&nbsp;les<br>\nclas\u00adser en deux cat\u00e9gories&nbsp;:<\/font><\/font><\/p>\n<p style=\"margin-right: 0.55cm; text-indent: 1.52cm; margin-bottom: 0cm;\" align=\"justify\">\n<font face=\"Garamond, serif\"><font style=\"font-size: 13pt;\" size=\"3\"><span lang=\"fr-FR\">\u2013<br>\nles actes \u00ab&nbsp;r\u00e9flexes&nbsp;\u00bb, r\u00e9ponses quasi<br>\nauto\u00adma\u00adtiques aux pres\u00adsions de l\u2019environnement, dont l\u2019ensemble<br>\nconsti\u00adtue notre <b>com\u00adpor\u00adte\u00adment,<\/b><\/span><\/font><\/font><\/p>\n<p style=\"margin-right: 0.55cm; text-indent: 1.52cm; margin-bottom: 0cm;\" align=\"justify\" lang=\"fr-FR\">\n<font face=\"Garamond, serif\"><font style=\"font-size: 13pt;\" size=\"3\">\u2013<br>\nles actes \u00ab&nbsp;r\u00e9fl\u00e9\u00adchis&nbsp;\u00bb, qui impliquent une<br>\nd\u00e9ci\u00adsion donc un choix entre plu\u00adsieurs solutions.<\/font><\/font><\/p>\n<p style=\"margin-right: 0.55cm; text-indent: 1.52cm; margin-bottom: 0cm;\" align=\"justify\">\n<font face=\"Garamond, serif\"><font style=\"font-size: 13pt;\" size=\"3\"><span lang=\"fr-FR\">Cette<br>\ndis\u00adtinc\u00adtion peut para\u00eetre de pure forme&nbsp;; en effet, cer\u00adtains&nbsp;de<br>\nnos actes r\u00e9flexes sont la cons\u00e9\u00adquence d\u2019un&nbsp;choix<br>\nd\u00e9fi\u00adni\u00adtif fait dans pas\u00ads\u00e9. Mais ils sont aus\u00adsi&nbsp;le<br>\nr\u00e9sul\u00adtat de l\u2019\u00e9ducation, des id\u00e9es re\u00e7ues&nbsp;: la plu\u00adpart du temps, le choix n\u2019a pas \u00e9t\u00e9&nbsp;libre,<br>\nmais impo\u00ads\u00e9 de l\u2019ext\u00e9rieur sans que sa n\u00e9cessit\u00e9<br>\nait \u00e9t\u00e9 per\u00ad\u00e7ue. Cela se tra\u00adduit, pour chacun,<br>\npar l\u2019existence d\u2019un \u00ab&nbsp;mod\u00e8le men\u00adtal&nbsp;\u00bb auquel il<br>\nse r\u00e9f\u00e8re incons\u00adciem\u00adment pour agir. Cepen\u00addant,&nbsp;des<br>\n\u00e9v\u00e9\u00adne\u00adments peuvent prendre en d\u00e9faut ce mod\u00e8le,<br>\name\u00adnant la n\u00e9ces\u00adsi\u00adt\u00e9 de l\u2019enrichir ou de le remettre<br>\nen ques\u00adtion. Dans la mesure o\u00f9 il se trouve contraint de<br>\nr\u00e9fl\u00e9\u00adchir de plus en plus avant d\u2019agir, l\u2019individu<br>\nva se sen\u00adtir <b>concer\u00adn\u00e9<\/b> par un cer\u00adtain nombre de<br>\npro\u00adbl\u00e8mes&nbsp;: <b>il se pro\u00adduit une crise dans son comportement.<\/b><\/span><\/font><\/font><\/p>\n<p style=\"margin-right: 0.55cm; text-indent: 1.52cm; margin-bottom: 0cm;\" align=\"justify\">\n<font face=\"Garamond, serif\"><font style=\"font-size: 13pt;\" size=\"3\"><span lang=\"fr-FR\">Cette<br>\ncrise peut res\u00adter un simple d\u00e9bat int\u00e9\u00adrieur qui&nbsp;se<br>\ntra\u00addui\u00adra par une \u00e9vo\u00adlu\u00adtion <b>du com\u00adpor\u00adte\u00adment. <\/b>Mais, selon<br>\nsa <b>situa\u00adtion, <\/b>l\u2019individu peut choi\u00adsir de r\u00e9soudre sa<br>\ncrise int\u00e9\u00adrieure par une v\u00e9ri\u00adtable <b>r\u00e9vo\u00adlu\u00adtion<br>\ndu com\u00adpor\u00adte\u00adment <\/b>: <b>il s\u2019engage, <\/b>ou, plus rare\u00adment,&nbsp;se<br>\nreplie dans le per\u00adfec\u00adtion\u00adne\u00adment de son \u00ab&nbsp;moi&nbsp;\u00bb. Par\u00admi&nbsp;les<br>\n\u00e9l\u00e9\u00adments impor\u00adtants<b> <\/b>de la situa\u00adtion,&nbsp;nous<br>\nciterons&nbsp;:<\/span><\/font><\/font><\/p>\n<p style=\"margin-right: 0.55cm; text-indent: 1.52cm; margin-bottom: 0cm;\" align=\"justify\">\n<font face=\"Garamond, serif\"><font style=\"font-size: 13pt;\" size=\"3\"><span lang=\"fr-FR\">\u2013<br>\nl\u2019intensit\u00e9 de la crise travers\u00e9e,<\/span><\/font><\/font><\/p>\n<p style=\"margin-right: 0.55cm; text-indent: 1.52cm; margin-bottom: 0cm;\" align=\"justify\">\n<font face=\"Garamond, serif\"><font style=\"font-size: 13pt;\" size=\"3\"><span lang=\"fr-FR\">\u2013<br>\nl\u2019urgence des d\u00e9ci\u00adsions \u00e0 prendre,<\/span><\/font><\/font><\/p>\n<p style=\"margin-right: 0.55cm; text-indent: 1.52cm; margin-bottom: 0cm;\" align=\"justify\">\n<font face=\"Garamond, serif\"><font style=\"font-size: 13pt;\" size=\"3\"><span lang=\"fr-FR\">\u2013<br>\nl\u2019existence de \u00ab&nbsp;freins&nbsp;\u00bb tels que&nbsp;: posi\u00adtion familiale,<br>\npro\u00adfes\u00adsion\u00adnelle, etc.<\/span><\/font><\/font><\/p>\n<p style=\"margin-right: 0.55cm; text-indent: 1.52cm; margin-bottom: 0cm;\" align=\"justify\" lang=\"fr-FR\">\n<font face=\"Garamond, serif\"><font style=\"font-size: 13pt;\" size=\"3\"><b>Enga\u00adge\u00adment<br>\nindi\u00advi\u00adduel = r\u00e9vo\u00adlu\u00adtion com\u00admen\u00adc\u00e9e par soi-m\u00eame.<\/b><\/font><\/font><\/p>\n<p style=\"margin-right: 0.55cm; text-indent: 1.52cm; margin-bottom: 0cm;\" align=\"justify\">\n<font face=\"Garamond, serif\"><font style=\"font-size: 13pt;\" size=\"3\"><span lang=\"fr-FR\">L\u2019engagement<br>\ndans une action directe appa\u00adra\u00eet donc comme la manifestation<br>\npublique d\u2019une r\u00e9vo\u00adlu\u00adtion. int\u00e9\u00adrieure de l\u2019individu.<br>\nPen\u00addant la dur\u00e9e de l\u2019action pro\u00adpre\u00adment dite, un haut&nbsp;degr\u00e9<br>\nde ten\u00adsion est atteint qui ne peut \u00e9vi\u00addem\u00adment&nbsp;\u00eatre<br>\nmain\u00adte\u00adnu long\u00adtemps. L\u2019important est de ne pas retom\u00adber&nbsp;\u00e0<br>\nl\u2019\u00e9tat ant\u00e9\u00adrieur, ou m\u00eame plus bas \u00e0&nbsp;la<br>\nsuite d\u2019\u00e9checs ou de d\u00e9s\u00adillu\u00adsions. Au niveau<br>\nindi\u00advi\u00adduel, le cri\u00adt\u00e8re d\u2019efficacit\u00e9 n\u2019est ni&nbsp;la<br>\nr\u00e9us\u00adsite ni la por\u00adt\u00e9e de l\u2019action, mais l\u2019empreinte<br>\nqu\u2019elle laisse dans la conduite de son auteur&nbsp;: le geste rageur et<br>\nsans len\u00adde\u00admain ne peut \u00eatre consi\u00add\u00e9\u00adr\u00e9 comme&nbsp;un<br>\nenga\u00adge\u00adment s\u00e9rieux, mais seule\u00adment comme un \u00ab&nbsp;d\u00e9foulement<br>&nbsp;\u00bb.<\/span><\/font><\/font><\/p>\n<p style=\"margin-right: 0.55cm; text-indent: 1.52cm; margin-bottom: 0cm;\" align=\"justify\">\n<font face=\"Garamond, serif\"><font style=\"font-size: 13pt;\" size=\"3\"><span lang=\"fr-FR\">A<br>\nla p\u00e9riode d\u2019action intense doit donc suc\u00adc\u00e9\u00adder&nbsp;une<br>\np\u00e9riode de r\u00e9flexion et de cri\u00adtique, pr\u00e9parant<br>\ndes actions futures, une p\u00e9riode <b>d\u2019\u00e9volution <\/b>et<br>\nnon de stagnation.<\/span><\/font><\/font><\/p>\n<p style=\"margin-right: 0.55cm; text-indent: 1.52cm; margin-bottom: 0cm;\" align=\"justify\">\n<font face=\"Garamond, serif\"><font style=\"font-size: 13pt;\" size=\"3\"><span lang=\"fr-FR\">Nous<br>\nvoyons, une fois de plus, \u00e0 ce stade indi\u00advi\u00adduel, qu\u2019\u00e9volution<br>\net r\u00e9vo\u00adlu\u00adtion ne sont pas contra\u00addic\u00adtoires mais<br>\ncom\u00adpl\u00e9\u00admen\u00adtaires. On peut m\u00eame affir\u00admer qu\u2019une<br>\n\u00e9vo\u00adlu\u00adtion sans heurts peut conduire cer\u00adtains indi\u00advi\u00addus au&nbsp;m\u00eame<br>\ndegr\u00e9 de conscience qu\u2019une suc\u00adces\u00adsion d\u2019actions directes.<\/span><\/font><\/font><\/p>\n<p style=\"margin-right: 0.55cm; text-indent: 1.52cm; margin-bottom: 0cm;\" align=\"justify\">\n<font face=\"Garamond, serif\"><font style=\"font-size: 13pt;\" size=\"3\"><span lang=\"fr-FR\">L\u2019apparent<br>\nd\u00e9ca\u00adlage entre ces deux atti\u00adtudes dis\u00adpa\u00adra\u00ee\u00adtra lorsque<br>\nles enga\u00adge\u00adments indi\u00advi\u00adduels, se d\u00e9pas\u00adsant, deviendront<br>\nenga\u00adge\u00adment de groupe&nbsp;: main\u00adte\u00adnir sa pen\u00ads\u00e9e en \u00e9volution<br>\nconstante vers un but com\u00admun, c\u2019est res\u00adter <b>dis\u00adpo\u00adnible <\/b>en<br>\nper\u00adma\u00adnence pour l\u2019action. \u00ab&nbsp;Dis\u00adpo\u00adnible\u00bb&nbsp;; et \u00ab&nbsp;engag\u00e9&nbsp;\u00bb<br>\nsont \u00e9ga\u00adle\u00adment n\u00e9ces\u00adsaires \u00e0 la vie du groupe<br>\n(tant pis si ce jar\u00adgon semble un peu militaire\u2026).<\/span><\/font><\/font><\/p>\n<p style=\"margin-right: 0.55cm; text-indent: 1.52cm; margin-bottom: 0cm;\" align=\"justify\" lang=\"fr-FR\">\n<font face=\"Garamond, serif\"><font style=\"font-size: 13pt;\" size=\"3\"><b>Enga\u00adge\u00adment<br>\ndu groupe.<\/b><\/font><\/font><\/p>\n<p style=\"margin-right: 0.55cm; text-indent: 1.52cm; margin-bottom: 0cm;\" align=\"justify\">\n<font face=\"Garamond, serif\"><font style=\"font-size: 13pt;\" size=\"3\"><span lang=\"fr-FR\">Pour<br>\nqu\u2019un groupe s\u2019engage, il faut qu\u2019il existe dirait Mon\u00adsieur&nbsp;de<br>\nla Palice\u2026 \u00e9vi\u00addence dou\u00adteuse. On peut lui oppo\u00adser&nbsp;cette<br>\nphrase de Camus&nbsp;: \u00ab&nbsp;Je me r\u00e9volte donc <b>nous <\/b>sommes.&nbsp;\u00bb<br>\nAvant que n\u2019\u00e9clatent une ou plu\u00adsieurs \u00ab&nbsp;r\u00e9voltes<br>&nbsp;\u00bb indi\u00advi\u00adduelles par\u00admi ses membres, le groupe n\u2019est qu\u2019un<br>\nagr\u00e9\u00adgat flou, une somme de vell\u00e9it\u00e9s.<br>\nL\u2019irritation n\u00e9e du d\u00e9ca\u00adlage entre les discussions<br>\nth\u00e9o\u00adriques et la pas\u00adsi\u00advi\u00adt\u00e9 g\u00e9n\u00e9\u00adrale&nbsp;est<br>\nd\u2019ailleurs au nombre des moti\u00adva\u00adtions qui poussent cer\u00adtains&nbsp;\u00e0<br>\nagir. Le ras\u00adsem\u00adble\u00adment, dans un but d\u2019\u00e9tude, d\u2019individus<br>\naffi\u00adni\u00adtaires n\u2019est donc pas n\u00e9ga\u00adtif&nbsp;: il consti\u00adtue&nbsp;un<br>\nter\u00adrain tr\u00e8s favo\u00adrable \u00e0 l\u2019\u00e9closion de<br>\nvoca\u00adtions, puis d\u2019un v\u00e9ri\u00adtable groupe r\u00e9volutionnaire.<\/span><\/font><\/font><\/p>\n<p style=\"margin-right: 0.55cm; text-indent: 1.52cm; margin-bottom: 0cm;\" align=\"justify\">\n<font face=\"Garamond, serif\"><font style=\"font-size: 13pt;\" size=\"3\"><span lang=\"fr-FR\">En<br>\nce qui nous concerne, la revue a jou\u00e9 un&nbsp;r\u00f4le<br>\npr\u00e9\u00adpa\u00adra\u00adtoire impor\u00adtant en emp\u00ea\u00adchant des individus<br>\nvisi\u00adble\u00adment faits pour agir ensemble de se dis\u00adper\u00adser.&nbsp;Mais<br>\nexis\u00adtait-il un groupe ANV&nbsp;? On peut en dou\u00adter&nbsp;; disons qu\u2019il<br>\nexis\u00adtait une pos\u00adsi\u00adbi\u00adli\u00adt\u00e9 de groupe, ne deman\u00addant qu\u2019\u00e0<br>\nse mani\u00adfes\u00adter. <b>C\u2019est dans l\u2019action qu\u2019appara\u00eet la<br>\ndimen\u00adsion essen\u00adtielle du groupe <\/b>: <b>la soli\u00adda\u00adri\u00adt\u00e9.<\/b><\/span><\/font><\/font><\/p>\n<p style=\"margin-right: 0.55cm; text-indent: 1.52cm; margin-bottom: 0cm;\" align=\"justify\" lang=\"fr-FR\">\n<font face=\"Garamond, serif\"><font style=\"font-size: 13pt;\" size=\"3\"><b>De<br>\nla soli\u00adda\u00adri\u00adt\u00e9 \u00e0 la fraternit\u00e9.<\/b><\/font><\/font><\/p>\n<p style=\"margin-right: 0.55cm; text-indent: 1.52cm; margin-bottom: 0cm;\" align=\"justify\">\n<font face=\"Garamond, serif\"><font style=\"font-size: 13pt;\" size=\"3\"><span lang=\"fr-FR\">Etre<br>\nsoli\u00addaire, au sens \u00e9ty\u00admo\u00adlo\u00adgique, c\u2019est \u00ab&nbsp;\u00eatre&nbsp;li\u00e9<br>\n\u00e0&nbsp;\u00bb, \u00ab&nbsp;for\u00admer un solide avec&nbsp;\u00bb (ex. un boulon<br>\nsoli\u00addaire d\u2019un \u00e9crou). A prio\u00adri, on ne peut consid\u00e9rer<br>\nla soli\u00adda\u00adri\u00adt\u00e9 comme une \u00ab&nbsp;ver\u00adtu&nbsp;\u00bb individuelle.<br>\nC\u2019est plu\u00adt\u00f4t un fait objec\u00adtif&nbsp;: on est soli\u00addaire <b>par<\/b><br>\nla menace de r\u00e9pres\u00adsion et <b>pour <\/b>la r\u00e9a\u00adli\u00adsa\u00adtion<br>\nd\u2019un objec\u00adtif com\u00admun. Il est indis\u00adpen\u00adsable que cha\u00adcun prenne<br>\nconscience de la soli\u00adda\u00adri\u00adt\u00e9 du groupe, <b>des liens<br>\nd\u2019interd\u00e9pendance qu\u2019elle implique, <\/b>car le libre&nbsp;choix<br>\nde ces liens est fon\u00adda\u00admen\u00adtal. Au sens \u00e9ty\u00admo\u00adlo\u00adgique&nbsp;d\u00e9j\u00e0<br>\ncit\u00e9, le groupe passe de l\u2019\u00e9tat fluide \u00e0<br>\nl\u2019\u00e9tat <b>solide <\/b>et il importe d\u2019\u00e9viter la<br>\n\u00ab&nbsp;cris\u00adtal\u00adli\u00adsa\u00adtion&nbsp;\u00bb de struc\u00adtures plus ou&nbsp;moins<br>\nhi\u00e9\u00adrar\u00adchi\u00ads\u00e9es&nbsp;! Cela ne se peut que si cha\u00adcun se&nbsp;sent<br>\n<b>res\u00adpon\u00adsable <\/b>: le groupe na\u00eet de la soli\u00adda\u00adri\u00adt\u00e9&nbsp;de<br>\nses membres, il vit par leur res\u00adpon\u00adsa\u00adbi\u00adli\u00adt\u00e9. Les plus engag\u00e9s<br>\nsont res\u00adpon\u00adsables devant les autres du s\u00e9rieux de&nbsp;leur<br>\nenga\u00adge\u00adment, les moins enga\u00adg\u00e9s du s\u00e9rieux de&nbsp;leur<br>\nsou\u00adtien. Rapi\u00adde\u00adment d\u2019ailleurs, cha\u00adcun se retrou\u00adve\u00adra&nbsp;aussi&nbsp;\u00ab<br>&nbsp;mouill\u00e9&nbsp;\u00bb que le voi\u00adsin. For\u00adm\u00e9 d\u2019individus<br>\nLIBREMENT SOLIDAIRES ET EGALEMENT RESPONSABLES, le groupe tendra<br>\nnatu\u00adrel\u00adle\u00adment vers une com\u00admu\u00adnau\u00adt\u00e9 fraternelle.<\/span><\/font><\/font><\/p>\n<p style=\"margin-right: 0.55cm; text-indent: 1.52cm; margin-bottom: 0cm;\" align=\"justify\">\n<font face=\"Garamond, serif\"><font style=\"font-size: 13pt;\" size=\"3\"><span lang=\"fr-FR\">Cette<br>\ncom\u00admu\u00adnau\u00adt\u00e9 n\u2019est certes pas une fin en soi, m\u00eame&nbsp;si<br>\nelle est une esquisse de la soci\u00e9\u00adt\u00e9 telle que nous&nbsp;la<br>\nvou\u00adlons&nbsp;: elle est avant tout un moyen puis\u00adsant au ser\u00advice&nbsp;de<br>\nl\u2019action. Non seule\u00adment le groupe faci\u00adlite l\u2019action par&nbsp;son<br>\nsou\u00adtien, mais il la suscite.<\/span><\/font><\/font><\/p>\n<p style=\"margin-right: 0.55cm; text-indent: 1.52cm; margin-bottom: 0cm;\" align=\"justify\">\n<font face=\"Garamond, serif\"><font style=\"font-size: 13pt;\" size=\"3\"><span lang=\"fr-FR\">Enfin,<br>\npar la cri\u00adtique, la recherche, la r\u00e9flexion com\u00admunes, il<br>\nper\u00admet de per\u00adfec\u00adtion\u00adner les tech\u00adniques d\u2019action en confron\u00adtant&nbsp;les<br>\nexp\u00e9\u00adriences de chacun.<\/span><\/font><\/font><\/p>\n<p style=\"margin-right: 0.55cm; text-indent: 1.52cm; margin-bottom: 0cm;\" align=\"justify\">\n<font face=\"Garamond, serif\"><font style=\"font-size: 13pt;\" size=\"3\"><b><span lang=\"fr-FR\">Dif\u00adfi\u00adcul\u00adt\u00e9s<br>\ndans l\u2019action et dans son organisation.<\/span><\/b><\/font><\/font><\/p>\n<p style=\"margin-right: 0.55cm; text-indent: 1.52cm; margin-bottom: 0cm;\" align=\"justify\">\n<font face=\"Garamond, serif\"><font style=\"font-size: 13pt;\" size=\"3\"><span lang=\"fr-FR\">L\u2019action<br>\net son orga\u00adni\u00adsa\u00adtion se heurtent \u00e0 un cer\u00adtain nombre de<br>\ndif\u00adfi\u00adcul\u00adt\u00e9s. Au nombre de celles-ci, il importe de mettre en<br>\nlumi\u00e8re celles qui sont inh\u00e9\u00adrentes aux individus<br>\neux-m\u00eames et \u00e0 leurs rap\u00adports dans le groupe&nbsp;: les<br>\ndif\u00adfi\u00adcul\u00adt\u00e9s de <b>rela\u00adtion.<\/b><\/span><\/font><\/font><\/p>\n<p style=\"margin-right: 0.55cm; text-indent: 1.52cm; margin-bottom: 0cm;\" align=\"justify\">\n<font face=\"Garamond, serif\"><font style=\"font-size: 13pt;\" size=\"3\"><span lang=\"fr-FR\">Nous<br>\navons vu que le groupe se carac\u00adt\u00e9\u00adrise par l\u2019existence de<br>\nliens de soli\u00adda\u00adri\u00adt\u00e9 entre ses membres. Par\u00admi ces liens, une<br>\ncat\u00e9\u00adgo\u00adrie impor\u00adtante est consti\u00adtu\u00e9e par les <b>\u00e9changes<br>\nd\u2019informations. <\/b>Si ces \u00e9changes se font mal, on ne&nbsp;peut<br>\nesp\u00e9\u00adrer une action <b>coor\u00addon\u00adn\u00e9e <\/b>du groupe. Si,&nbsp;au<br>\nplan humain, \u00ab&nbsp;la dimen\u00adsion essen\u00adtielle du groupe est&nbsp;la<br>\nsoli\u00adda\u00adri\u00adt\u00e9&nbsp;\u00bb, d\u2019un point de vue plus scien\u00adti\u00adfique, elle<br>\nest la \u00ab&nbsp;<b>com\u00admu\u00adni\u00adca\u00adtion&nbsp;\u00bb<\/b> ou mieux (\u00f4 Bergman&nbsp;!<br>\n) la \u00ab&nbsp;communicabilit\u00e9&nbsp;\u00bb.<\/span><\/font><\/font><\/p>\n<p style=\"margin-right: 0.55cm; text-indent: 1.52cm; margin-bottom: 0cm;\" align=\"justify\" lang=\"fr-FR\">\n<font face=\"Garamond, serif\"><font style=\"font-size: 13pt;\" size=\"3\"><b>Du<br>\nlangage.<\/b><\/font><\/font><\/p>\n<p style=\"margin-right: 0.55cm; text-indent: 1.52cm; margin-bottom: 0cm;\" align=\"justify\">\n<font face=\"Garamond, serif\"><font style=\"font-size: 13pt;\" size=\"3\"><span lang=\"fr-FR\">Pour<br>\nqu\u2019il y ait com\u00admu\u00adni\u00adca\u00adtion, il faut, au mini\u00admum, qu\u2019il existe<br>\nentre les inter\u00adlo\u00adcu\u00adteurs cer\u00adtaines connais\u00adsances com\u00admunes appel\u00e9es<br>\n\u00ab&nbsp;code&nbsp;\u00bb dans les cas simples, ou plus g\u00e9n\u00e9ralement<br>\n\u00ab&nbsp;lan\u00adgage&nbsp;\u00bb. Si, pour les termes concrets, le langage<br>\nhumain ne com\u00adporte gu\u00e8re d\u2019ambigu\u00eft\u00e9, il devient<br>\npar contre ter\u00adri\u00adble\u00adment vague pour les termes abs\u00adtraits. A quelle<br>\nsauce n\u2019a\u2011t-on pas accom\u00admo\u00add\u00e9 des mots comme \u00ab&nbsp;libert\u00e9&nbsp;\u00bb<br>\nou \u00ab&nbsp;\u00e9ga\u00adli\u00adt\u00e9&nbsp;\u00bb&nbsp;! En fait, cha\u00adcun leur&nbsp;donne<br>\nle sens qu\u2019il veut. Or, on ne peut com\u00admu\u00adni\u00adquer s\u00fbre\u00adment&nbsp;que<br>\nsi <b>chaque mot a un sens et un seul <\/b>pour tous. Le mythe&nbsp;de<br>\nBabel n\u2019en est pas un&nbsp;; c\u2019est une v\u00e9ri\u00adt\u00e9 profonde&nbsp;:<br>\nla confu\u00adsion du lan\u00adgage am\u00e8ne les pires conflits. Deux&nbsp;cas<br>\nextr\u00eames&nbsp;:<\/span><\/font><\/font><\/p>\n<p style=\"margin-right: 0.55cm; text-indent: 1.52cm; margin-bottom: 0cm;\" align=\"justify\">\n<font face=\"Garamond, serif\"><font style=\"font-size: 13pt;\" size=\"3\"><span lang=\"fr-FR\">\u2013<br>\nDeux hommes se dis\u00adputent \u00e2pre\u00adment alors qu\u2019ils sont, sans&nbsp;le<br>\nsavoir, enti\u00e8\u00adre\u00adment d\u2019accord&nbsp;: ceci parce qu\u2019un&nbsp;mot<br>\n\u00ab&nbsp;accroche&nbsp;\u00bb, d\u00e9na\u00adtu\u00adrant le sens des pro\u00adpos \u00e9chang\u00e9s<br>&nbsp;;<\/span><\/font><\/font><\/p>\n<p style=\"margin-right: 0.55cm; text-indent: 1.52cm; margin-bottom: 0cm;\" align=\"justify\">\n<font face=\"Garamond, serif\"><font style=\"font-size: 13pt;\" size=\"3\"><span lang=\"fr-FR\">\u2013<br>\nDeux hommes se quittent bons amis, s\u00fbrs d\u2019\u00eatre<br>\nd\u2019accord. Or leurs opi\u00adnions sont oppo\u00ads\u00e9es. Pour les&nbsp;m\u00eames<br>\nrai\u00adsons que pr\u00e9\u00adc\u00e9\u00addem\u00adment ils ont pra\u00adti\u00adqu\u00e9&nbsp;un<br>\ndia\u00adlogue de sourds.<\/span><\/font><\/font><\/p>\n<p style=\"margin-right: 0.55cm; text-indent: 1.52cm; margin-bottom: 0cm;\" align=\"justify\">\n<font face=\"Garamond, serif\"><font style=\"font-size: 13pt;\" size=\"3\"><span lang=\"fr-FR\">Le<br>\nsecond cas est sans doute plus tra\u00adgique que le pre\u00admier&nbsp;: de&nbsp;la<br>\ndis\u00adpute na\u00ee\u00adtra peut-\u00eatre la prise de conscience de&nbsp;ses<br>\ncauses, tan\u00addis qu\u2019une fausse entente ne vide pas l\u2019abc\u00e8s.<\/span><\/font><\/font><\/p>\n<p style=\"margin-right: 0.55cm; text-indent: 1.52cm; margin-bottom: 0cm;\" align=\"justify\">\n<font face=\"Garamond, serif\"><font style=\"font-size: 13pt;\" size=\"3\"><span lang=\"fr-FR\">Dans<br>\nles pr\u00e9\u00adc\u00e9\u00addents num\u00e9\u00adros de cette revue, nous<br>\navons ten\u00adt\u00e9 de d\u00e9fi\u00adnir le sens de quelques mots&nbsp;cl\u00e9s<br>\n(force, vio\u00adlence, action directe, etc.)&nbsp;: ce n\u2019est pas de&nbsp;la<br>\nsodo\u00admi\u00adsa\u00adtion d\u2019insectes, mais une d\u00e9marche fon\u00adda\u00admen\u00adtale,&nbsp;la<br>\nrecherche de <b>notre <\/b>lan\u00adgage.<\/span><\/font><\/font><\/p>\n<p style=\"margin-right: 0.55cm; text-indent: 1.52cm; margin-bottom: 0cm;\" align=\"justify\" lang=\"fr-FR\">\n<font face=\"Garamond, serif\"><font style=\"font-size: 13pt;\" size=\"3\"><b>Lan\u00adgage<br>\net&nbsp;bruit.<\/b><\/font><\/font><\/p>\n<p style=\"margin-right: 0.55cm; text-indent: 1.52cm; margin-bottom: 0cm;\" align=\"justify\">\n<font face=\"Garamond, serif\"><font style=\"font-size: 13pt;\" size=\"3\"><span lang=\"fr-FR\">On<br>\npour\u00adrait pen\u00adser que tous les pro\u00adbl\u00e8mes de com\u00admu\u00adni\u00adca\u00adtion&nbsp;sont<br>\nr\u00e9so\u00adlus lorsqu\u2019on a mis sur pied un voca\u00adbu\u00adlaire com\u00admun.&nbsp;Mais<br>\nce serait l\u00e0 une concep\u00adtion trop sta\u00adtique. Communiquer<br>\nimplique une trans\u00admis\u00adsion, donc une dyna\u00admique&nbsp;: \u00e9mission,<br>\npro\u00adpa\u00adga\u00adtion, r\u00e9cep\u00adtion. Or, toutes ces op\u00e9\u00adra\u00adtions&nbsp;sont<br>\nimpar\u00adfaites&nbsp;: ces imper\u00adfec\u00adtions consti\u00adtuent le <b>bruit. <\/b>Lorsqu\u2019on<br>\nparle, on ne met pas tou\u00adjours l\u2019accent sur les mots qu\u2019il&nbsp;faut,<br>\nlorsqu\u2019on \u00e9coute on entend des mots sans impor\u00adtance&nbsp;et<br>\nsou\u00advent pas l\u2019essentiel&nbsp;; enfin, dans le brou\u00adha\u00adha d\u2019une r\u00e9union,<br>\nles mur\u00admures, les rica\u00adne\u00adments, les inter\u00adpel\u00adla\u00adtions arrivent \u00e0<br>\nd\u00e9na\u00adtu\u00adrer com\u00adpl\u00e8\u00adte\u00adment les pro\u00adpos tenus. Notons que<br>\nl\u2019impr\u00e9cision du lan\u00adgage \u00e9vo\u00adqu\u00e9e plus&nbsp;haut<br>\nconsti\u00adtue elle aus\u00adsi un bruit. A ce bruit intrin\u00ads\u00e8que, d\u00fb<br>\nau lan\u00adgage, s\u2019ajoutant le bruit extrin\u00ads\u00e8que, d\u00fb&nbsp;\u00e0<br>\nsa trans\u00admis\u00adsion, il devient presque t\u00e9m\u00e9\u00adraire&nbsp;de<br>\nvou\u00adloir com\u00admu\u00adni\u00adquer\u2026 Com\u00adment d\u00e9ce\u00adler, noy\u00e9e dans&nbsp;le<br>\nbruit, la pr\u00e9\u00adcieuse infor\u00adma\u00adtion&nbsp;? II y a une recette&nbsp;: le<br>\ndialogue.<\/span><\/font><\/font><\/p>\n<p style=\"margin-right: 0.55cm; text-indent: 1.52cm; margin-bottom: 0cm;\" align=\"justify\">\n<font face=\"Garamond, serif\"><font style=\"font-size: 13pt;\" size=\"3\"><span lang=\"fr-FR\"><b>Du<br>\ndia\u00adlogue consi\u00add\u00e9\u00adr\u00e9 comme <\/b>un <b>outil.<\/b><\/span><\/font><\/font><\/p>\n<p style=\"margin-right: 0.55cm; text-indent: 1.52cm; margin-bottom: 0cm;\" align=\"justify\">\n<font face=\"Garamond, serif\"><font style=\"font-size: 13pt;\" size=\"3\"><span lang=\"fr-FR\">\u00c9car\u00adtant<br>\ntoute \u00ab&nbsp;mys\u00adtique&nbsp;\u00bb du dia\u00adlogue, consi\u00add\u00e9\u00adrons-le comme<br>\nun moyen de <b>contr\u00f4le. <\/b>Un exemple simple illustre bien<br>\ncette notion&nbsp;: celui des trans\u00admis\u00adsions t\u00e9l\u00e9graphiques.<br>\nUn mes\u00adsage trans\u00admis en morse a toutes chances d\u2019\u00eatre d\u00e9form\u00e9<br>&nbsp;: erreurs de mani\u00adpu\u00adla\u00adtion, erreurs de lec\u00adture, brouillage, etc.&nbsp;Mais<br>\nles t\u00e9l\u00e9\u00adgra\u00adphistes s\u2019en sortent tout de&nbsp;m\u00eame,<br>\nen fai\u00adsant r\u00e9p\u00e9\u00adter des pas\u00adsages dou\u00adteux par&nbsp;leur<br>\ncor\u00adres\u00adpon\u00addant autant de fois qu\u2019il le faut&nbsp;: une liaison<br>\nradio\u00adt\u00e9\u00adl\u00e9\u00adgra\u00adphique est <b>tou\u00adjours <\/b>un dia\u00adlogue.<br>\nAin\u00adsi, dans une r\u00e9union de groupe, qu\u2019il s\u2019agisse de<br>\ndis\u00adcus\u00adsion th\u00e9o\u00adrique, de pr\u00e9\u00adpa\u00adra\u00adtion \u00e0 l\u2019action<br>\nou de cri\u00adtique de l\u2019action, il importe d\u2019\u00e9viter \u00e0<br>\ntout prix les monologues.<\/span><\/font><\/font><\/p>\n<p style=\"margin-right: 0.55cm; text-indent: 1.52cm; margin-bottom: 0cm;\" align=\"justify\">\n<font face=\"Garamond, serif\"><font style=\"font-size: 13pt;\" size=\"3\"><span lang=\"fr-FR\">Le<br>\nmono\u00adlogue na\u00eet, non pas du d\u00e9sir d\u2019un indi\u00advi\u00addu&nbsp;de<br>\ns\u2019imposer, mais du silence des autres. Dis\u00adsi\u00adpons une \u00e9quivoque<br>\ncou\u00adrante&nbsp;: <b>le silence n\u2019est pas por\u00adteur d\u2019information. <\/b>Cela<br>\nne veut pas dire qu\u2019il est sans valeur. Une fois de plus, c\u2019est<br>\nen \u00e9car\u00adtant toute vue mys\u00adtique et en consi\u00add\u00e9\u00adrant&nbsp;le<br>\nsilence comme moyen que nous en d\u00e9cou\u00advri\u00adrons la valeur. Dans<br>\nun d\u00e9bat, un temps de silence cor\u00adres\u00adpond au besoin pour chacun<br>\nde mettre en ordre dans sa m\u00e9moire les id\u00e9es&nbsp;qui<br>\nviennent d\u2019\u00eatre \u00e9chan\u00adg\u00e9es. <b>Par<br>\nl\u2019interm\u00e9diaire de sa m\u00e9moire, cha\u00adcun est&nbsp;\u00e0<br>\nl\u2019\u00e9coute des autres. <\/b>Le dia\u00adlogue per\u00admet de contr\u00f4ler<br>\nque l\u2019on s\u2019est bien com\u00adpris&nbsp;: s\u2019il d\u00e9vie, s\u2019\u00e9gare,<br>\ntourne \u00e0 la pol\u00e9\u00admique, <b>le silence concert\u00e9<br>\n<\/b>est un moyen de retrou\u00adver le fil de la discussion.<\/span><\/font><\/font><\/p>\n<p style=\"margin-right: 0.55cm; text-indent: 1.52cm; margin-bottom: 0cm;\" align=\"justify\">\n<font face=\"Garamond, serif\"><font style=\"font-size: 13pt;\" size=\"3\"><b><span lang=\"fr-FR\">Dia\u00adlogue<br>\ndu groupe avec l\u2019ext\u00e9rieur.<\/span><\/b><\/font><\/font><\/p>\n<p style=\"margin-right: 0.55cm; text-indent: 1.52cm; margin-bottom: 0cm;\" align=\"justify\">\n<font face=\"Garamond, serif\"><font style=\"font-size: 13pt;\" size=\"3\"><span lang=\"fr-FR\">Si<br>\nle dia\u00adlogue est un outil pr\u00e9\u00adcieux au sein du groupe, il&nbsp;ne<br>\nl\u2019est pas moins dans les rela\u00adtions ext\u00e9\u00adrieures. Les groupes<br>\nou per\u00adson\u00adna\u00adli\u00adt\u00e9s amies qui acceptent le dia\u00adlogue (en<br>\npar\u00adti\u00adcu\u00adlier les lec\u00adteurs de la revue) nous rendent l\u2019immense<br>\nser\u00advice de nous four\u00adnir une cri\u00adtique vue du dehors que nous&nbsp;ne<br>\npou\u00advons faire nous-m\u00eames.<\/span><\/font><\/font><\/p>\n<p style=\"margin-right: 0.55cm; text-indent: 1.52cm; margin-bottom: 0cm;\" align=\"justify\">\n<font face=\"Garamond, serif\"><font style=\"font-size: 13pt;\" size=\"3\"><span lang=\"fr-FR\">Ce<br>\ndia\u00adlogue devient fon\u00adda\u00admen\u00adtal lorsque le groupe s\u2019engage dans<br>\nl\u2019action. II est alors le seul moyen de mesu\u00adrer la por\u00adt\u00e9e&nbsp;de<br>\nl\u2019action ain\u00adsi que l\u2019existence et l\u2019importance des erreurs<br>\ncom\u00admises. Dans le cas d\u2019une action pro\u00adlon\u00adg\u00e9e,&nbsp;ces<br>\ninfor\u00adma\u00adtions per\u00admet\u00adtront de r\u00e9orien\u00adter les d\u00e9ci\u00adsions&nbsp;en<br>\nfonc\u00adtion des r\u00e9sul\u00adtats par\u00adtiels acquis.<\/span><\/font><\/font><\/p>\n<p style=\"margin-right: 0.55cm; text-indent: 1.52cm; margin-bottom: 0cm;\" align=\"justify\">\n<font face=\"Garamond, serif\"><font style=\"font-size: 13pt;\" size=\"3\"><span lang=\"fr-FR\">Mais<br>\nsi l\u2019on ne dia\u00adlogue qu\u2019avec les amis, on en vient rapi\u00adde\u00adment&nbsp;\u00e0<br>\nse faire des illu\u00adsions. L\u2019article \u00ab&nbsp;Pro\u00adjet pour b\u00e2tir&nbsp;la<br>\npaix&nbsp;\u00bb (<a href=\"http:\/\/www.la-presse-anarchiste.net\/spip\/spip.php?action=redirect&amp;id_article=866\">voir ANV 10<\/a>.) montre tout l\u2019int\u00e9r\u00eat du<br>\ndia\u00adlogue avec l\u2019adversaire. En sus des avan\u00adtages d\u00e9crits<br>\nplus hauts, l\u2019action de nos amis am\u00e9\u00adri\u00adcains, si modestes<br>\nqu\u2019en soient les r\u00e9sul\u00adtats, montre que le dia\u00adlogue&nbsp;peut<br>\ndeve\u00adnir un v\u00e9ri\u00adtable moyen r\u00e9vo\u00adlu\u00adtion\u00adnaire en lui-m\u00eame.<br>\nLes quelques actions directes actuel\u00adle\u00adment enga\u00adg\u00e9es pourraient<br>\npeut \u00eatre s\u2019orienter par la suite dans cette&nbsp;voie.<\/span><\/font><\/font><\/p>\n<p style=\"margin-right: 0.55cm; text-indent: 1.52cm; margin-bottom: 0cm;\" align=\"justify\" lang=\"fr-FR\">\n<font face=\"Garamond, serif\"><font style=\"font-size: 13pt;\" size=\"3\"><b>Jean-Pierre<br>\nMACHY<\/b><\/font><\/font><\/p>\n","protected":false},"excerpt":{"rendered":"<p>Dans notre tra\u00advail de recherches et d\u2019information sur l\u2019action non vio\u00adlente, nous avons vou\u00adlu, entre autres, conna\u00eetre ce&nbsp;qui s\u2019\u00e9tait accom\u00adpli dans le genre et aus\u00adsi les r\u00e9a\u00adli\u00adsa\u00adtions de notre temps se d\u00e9rou\u00adlant qua\u00adsi\u00adment sous nos yeux, mais&nbsp;que la grande presse igno\u00adrait volon\u00adtai\u00adre\u00adment et que la petite (la&nbsp;n\u00f4tre) n\u00e9gli\u00adgeait ou du moins ne sui\u00advait pas syst\u00e9matiquement.&nbsp;[\u2026]<\/p>\n","protected":false},"author":1,"featured_media":0,"comment_status":"closed","ping_status":"closed","sticky":false,"template":"","format":"standard","meta":{"wp_typography_post_enhancements_disabled":false,"footnotes":""},"categories":[122],"tags":[],"ppma_author":[540],"class_list":["post-1052","post","type-post","status-publish","format-standard","hentry","category-anarchisme-et-non-violence-na13-avril-1968"],"authors":[{"term_id":540,"user_id":1,"is_guest":0,"slug":"admin_3gikpwyf","display_name":"Vincent Dubuc","avatar_url":"https:\/\/secure.gravatar.com\/avatar\/d015720652c25fd2ced191ade86430094e1f288a17483713e3b34d26dea52507?s=96&d=mm&r=g","author_category":"","user_url":"https:\/\/la-presse-anarchiste.net","last_name":"Dubuc","first_name":"Vincent","job_title":"","description":""}],"_links":{"self":[{"href":"https:\/\/la-presse-anarchiste.net\/index.php\/wp-json\/wp\/v2\/posts\/1052","targetHints":{"allow":["GET"]}}],"collection":[{"href":"https:\/\/la-presse-anarchiste.net\/index.php\/wp-json\/wp\/v2\/posts"}],"about":[{"href":"https:\/\/la-presse-anarchiste.net\/index.php\/wp-json\/wp\/v2\/types\/post"}],"author":[{"embeddable":true,"href":"https:\/\/la-presse-anarchiste.net\/index.php\/wp-json\/wp\/v2\/users\/1"}],"replies":[{"embeddable":true,"href":"https:\/\/la-presse-anarchiste.net\/index.php\/wp-json\/wp\/v2\/comments?post=1052"}],"version-history":[{"count":0,"href":"https:\/\/la-presse-anarchiste.net\/index.php\/wp-json\/wp\/v2\/posts\/1052\/revisions"}],"wp:attachment":[{"href":"https:\/\/la-presse-anarchiste.net\/index.php\/wp-json\/wp\/v2\/media?parent=1052"}],"wp:term":[{"taxonomy":"category","embeddable":true,"href":"https:\/\/la-presse-anarchiste.net\/index.php\/wp-json\/wp\/v2\/categories?post=1052"},{"taxonomy":"post_tag","embeddable":true,"href":"https:\/\/la-presse-anarchiste.net\/index.php\/wp-json\/wp\/v2\/tags?post=1052"},{"taxonomy":"author","embeddable":true,"href":"https:\/\/la-presse-anarchiste.net\/index.php\/wp-json\/wp\/v2\/ppma_author?post=1052"}],"curies":[{"name":"wp","href":"https:\/\/api.w.org\/{rel}","templated":true}]}}