{"id":1054,"date":"2007-11-23T22:15:29","date_gmt":"2007-11-23T22:15:29","guid":{"rendered":"https:\/\/la-presse-anarchiste.net\/index.php\/2007\/11\/23\/le-jeune-la-greve-de-la-faim\/"},"modified":"2007-11-23T22:15:29","modified_gmt":"2007-11-23T22:15:29","slug":"le-jeune-la-greve-de-la-faim","status":"publish","type":"post","link":"https:\/\/la-presse-anarchiste.net\/index.php\/2007\/11\/23\/le-jeune-la-greve-de-la-faim\/","title":{"rendered":"Le je\u00fbne, la gr\u00e8ve de la&nbsp;faim"},"content":{"rendered":"<div class=\"pdfprnt-buttons pdfprnt-buttons-post pdfprnt-top-right\"><a href=\"https:\/\/la-presse-anarchiste.net\/index.php\/wp-json\/wp\/v2\/posts\/1054?print=pdf\" class=\"pdfprnt-button pdfprnt-button-pdf\" target=\"_blank\"><img decoding=\"async\" src=\"https:\/\/la-presse-anarchiste.net\/wp-content\/plugins\/pdf-print\/images\/pdf.png\" alt=\"image_pdf\" title=\"Afficher le PDF\"><\/a><a href=\"https:\/\/la-presse-anarchiste.net\/index.php\/wp-json\/wp\/v2\/posts\/1054?print=print\" class=\"pdfprnt-button pdfprnt-button-print\" target=\"_blank\"><img decoding=\"async\" src=\"https:\/\/la-presse-anarchiste.net\/wp-content\/plugins\/pdf-print\/images\/print.png\" alt=\"image_print\" title=\"Contenu imprim\u00e9\"><\/a><\/div><p style=\"margin-right: 0.55cm; text-indent: 1.44cm; margin-bottom: 0cm;\" align=\"justify\">\n<font face=\"Garamond, serif\"><font style=\"font-size: 13pt;\" size=\"3\"><span lang=\"fr-FR\">Ces<br>\ndeux formes d\u2019action ont \u00e9t\u00e9 fr\u00e9quemment<br>\nemploy\u00e9es par les par\u00adti\u00adsans de la non-vio\u00adlence. Il&nbsp;faut<br>\ncepen\u00addant dis\u00adtin\u00adguer l\u2019une de l\u2019autre.<\/span><\/font><\/font><\/p>\n<p style=\"margin-right: 0.55cm; text-indent: 1.44cm; margin-bottom: 0cm;\" align=\"justify\">\n<font face=\"Garamond, serif\"><font style=\"font-size: 13pt;\" size=\"3\"><span lang=\"fr-FR\"><i>Le<br>\nje\u00fbne <\/i>d\u2019une dur\u00e9e limi\u00adt\u00e9e est une marque de<br>\npro\u00adtes\u00adta\u00adtion, de soli\u00adda\u00adri\u00adt\u00e9, de sou\u00adtien. Il faci\u00adlite \u00e9galement<br>\nun cer\u00adtain recul vis-\u00e0-vis des actions entre\u00adprises, une<br>\nr\u00e9flexion sur l\u2019action et sur le com\u00adpor\u00adte\u00adment individuel.<\/span><\/font><\/font><\/p>\n<p style=\"margin-right: 0.55cm; text-indent: 1.44cm; margin-bottom: 0cm;\" align=\"justify\">\n<font face=\"Garamond, serif\"><font style=\"font-size: 13pt;\" size=\"3\"><span lang=\"fr-FR\"><i>La<br>\ngr\u00e8ve de la faim <\/i>est d\u2019une cer\u00adtaine mani\u00e8re plus<br>\nd\u00e9ses\u00adp\u00e9\u00adr\u00e9e. Elle ne s\u2019ach\u00e8ve en<br>\nprin\u00adcipe qu\u2019\u00e0 la satis\u00adfac\u00adtion de ce qui est demand\u00e9<br>\nou \u00e0 la mort par ina\u00adni\u00adtion du gr\u00e9\u00adviste. Elle&nbsp;est<br>\ndavan\u00adtage une pres\u00adsion morale qui place l\u2019autre en face de&nbsp;ses<br>\nres\u00adpon\u00adsa\u00adbi\u00adli\u00adt\u00e9s. Elle implique g\u00e9n\u00e9ralement<br>\nquelque chose d\u2019insupportable pour l\u2019individu qui pr\u00e9f\u00e8re<br>\nse lais\u00adser mou\u00adrir plu\u00adt\u00f4t que de conti\u00adnuer \u00e0&nbsp;subir<br>\nl\u2019injustice dont il est ou dont d\u2019autres sont vic\u00adtimes. Elle&nbsp;ne<br>\ns\u2019emploie g\u00e9n\u00e9\u00adra\u00adle\u00adment que quand il n\u2019y a&nbsp;plus<br>\nd\u2019autre pos\u00adsi\u00adbi\u00adli\u00adt\u00e9 (en pri\u00adson, quand tous les recours<br>\npos\u00adsibles ont \u00e9t\u00e9 employ\u00e9s\u2026).<\/span><\/font><\/font><\/p>\n<p style=\"margin-right: 0.55cm; text-indent: 1.44cm; margin-bottom: 0cm;\" align=\"justify\">\n<font face=\"Garamond, serif\"><font style=\"font-size: 13pt;\" size=\"3\"><span lang=\"fr-FR\">Du<br>\npoint de vue indi\u00advi\u00adduel, le je\u00fbne pr\u00e9\u00adsente de nombreux<br>\navan\u00adtages th\u00e9\u00adra\u00adpeu\u00adtiques pour l\u2019organisme, de repli et&nbsp;de<br>\nconcen\u00adtra\u00adtion pour la pen\u00ads\u00e9e. Il implique bien enten\u00addu,&nbsp;comme<br>\nla gr\u00e8ve de la faim, l\u2019absence totale de nour\u00adri\u00adture,&nbsp;le<br>\nje\u00fb\u00adneur ou le gr\u00e9\u00adviste ne se per\u00admet qu\u2019un peu d\u2019eau<br>\npure.<\/span><\/font><\/font><\/p>\n<p style=\"margin-right: 0.55cm; text-indent: 1.44cm; margin-bottom: 0cm;\" align=\"justify\">\n<font face=\"Garamond, serif\"><font style=\"font-size: 13pt;\" size=\"3\"><span lang=\"fr-FR\">Au<br>\npoint de vue effi\u00adcience, le fait qu\u2019un indi\u00advi\u00addu ou qu\u2019un groupe<br>\nje\u00fbne ou entre\u00adprenne une gr\u00e8ve de la faim a g\u00e9n\u00e9ralement<br>\nde grandes r\u00e9per\u00adcus\u00adsions. En effet, la nour\u00adri\u00adture a une grosse<br>\nimpor\u00adtance sociale, elle est syno\u00adnyme de vie et le fait de s\u2019en<br>\npri\u00adver volon\u00adtai\u00adre\u00adment repr\u00e9\u00adsente une grande force de caract\u00e8re<br>\nou un immense d\u00e9sespoir.<\/span><\/font><\/font><\/p>\n<p style=\"margin-right: 0.55cm; text-indent: 1.44cm; margin-bottom: 0cm;\" align=\"justify\">\n<font face=\"Garamond, serif\"><font style=\"font-size: 13pt;\" size=\"3\"><span lang=\"fr-FR\">Citons<br>\ntr\u00e8s bri\u00e8\u00adve\u00adment pour m\u00e9moire&nbsp;: en France, la<br>\ngr\u00e8ve de la faim qu\u2019entreprit Louis Lecoin en 1962&nbsp;pour<br>\nobte\u00adnir le sta\u00adtut des objec\u00adteurs et qui dura 28 jours, gr\u00e8ve<br>\nqui a consi\u00add\u00e9\u00adra\u00adble\u00adment \u00e9mu l\u2019opinion publique. En<br>\nIta\u00adlie, celle entre\u00adprise par Dani\u00adlo Dol\u00adci en 1952 afin que&nbsp;les<br>\nauto\u00adri\u00adt\u00e9s daignent s\u2019int\u00e9resser au sort des Siciliens<br>\nqui vivent dans des condi\u00adtions de mis\u00e8re indignes\u2026 En&nbsp;Inde,<br>\ncelle que fit Gand\u00adhi lors de son empri\u00adson\u00adne\u00adment par les Anglais.<\/span><\/font><\/font><\/p>\n<p style=\"margin-right: 0.55cm; text-indent: 1.44cm; margin-bottom: 0cm;\" align=\"justify\">\n<font face=\"Garamond, serif\"><font style=\"font-size: 13pt;\" size=\"3\"><span lang=\"fr-FR\">Actuel\u00adle\u00adment,<br>\nde nom\u00adbreux je\u00fbnes et gr\u00e8ves de la faim ont&nbsp;\u00e9t\u00e9<br>\nsou\u00advent entre\u00adpris pour mani\u00adfes\u00adter une soli\u00adda\u00adri\u00adt\u00e9 ou&nbsp;pour<br>\npro\u00adtes\u00adter contre la guerre du Viet\u00adnam. Mais ils res\u00adtent trop souvent<br>\nle fait d\u2019individus iso\u00adl\u00e9s ou trop ext\u00e9\u00adrieurs pour<br>\navoir une grande efficience.<\/span><\/font><\/font><\/p>\n<p style=\"margin-right: 0.55cm; text-indent: 1.44cm; margin-bottom: 0cm;\" align=\"justify\" lang=\"fr-FR\">\n<font face=\"Garamond, serif\"><font style=\"font-size: 13pt;\" size=\"3\"><b>Daniel<br>\nBesan\u00e7on<\/b><\/font><\/font><\/p>\n","protected":false},"excerpt":{"rendered":"<p>Ces deux formes d\u2019action ont \u00e9t\u00e9 fr\u00e9\u00adquem\u00adment employ\u00e9es par les par\u00adti\u00adsans de la non-vio\u00ad\u00adlence. Il&nbsp;faut cepen\u00addant dis\u00adtin\u00adguer l\u2019une de l\u2019autre. Le je\u00fbne d\u2019une dur\u00e9e limi\u00adt\u00e9e est une marque de pro\u00adtes\u00adta\u00adtion, de soli\u00adda\u00adri\u00adt\u00e9, de sou\u00adtien. Il faci\u00adlite \u00e9ga\u00adle\u00adment un cer\u00adtain recul vis-\u00e0-vis des actions entre\u00adprises, une r\u00e9flexion sur l\u2019action et sur le com\u00adpor\u00adte\u00adment indi\u00advi\u00adduel. La&nbsp;gr\u00e8ve&nbsp;[\u2026]<\/p>\n","protected":false},"author":1,"featured_media":0,"comment_status":"closed","ping_status":"closed","sticky":false,"template":"","format":"standard","meta":{"wp_typography_post_enhancements_disabled":false,"footnotes":""},"categories":[122],"tags":[],"ppma_author":[540],"class_list":["post-1054","post","type-post","status-publish","format-standard","hentry","category-anarchisme-et-non-violence-na13-avril-1968"],"authors":[{"term_id":540,"user_id":1,"is_guest":0,"slug":"admin_3gikpwyf","display_name":"Vincent Dubuc","avatar_url":"https:\/\/secure.gravatar.com\/avatar\/d015720652c25fd2ced191ade86430094e1f288a17483713e3b34d26dea52507?s=96&d=mm&r=g","author_category":"","user_url":"https:\/\/la-presse-anarchiste.net","last_name":"Dubuc","first_name":"Vincent","job_title":"","description":""}],"_links":{"self":[{"href":"https:\/\/la-presse-anarchiste.net\/index.php\/wp-json\/wp\/v2\/posts\/1054","targetHints":{"allow":["GET"]}}],"collection":[{"href":"https:\/\/la-presse-anarchiste.net\/index.php\/wp-json\/wp\/v2\/posts"}],"about":[{"href":"https:\/\/la-presse-anarchiste.net\/index.php\/wp-json\/wp\/v2\/types\/post"}],"author":[{"embeddable":true,"href":"https:\/\/la-presse-anarchiste.net\/index.php\/wp-json\/wp\/v2\/users\/1"}],"replies":[{"embeddable":true,"href":"https:\/\/la-presse-anarchiste.net\/index.php\/wp-json\/wp\/v2\/comments?post=1054"}],"version-history":[{"count":0,"href":"https:\/\/la-presse-anarchiste.net\/index.php\/wp-json\/wp\/v2\/posts\/1054\/revisions"}],"wp:attachment":[{"href":"https:\/\/la-presse-anarchiste.net\/index.php\/wp-json\/wp\/v2\/media?parent=1054"}],"wp:term":[{"taxonomy":"category","embeddable":true,"href":"https:\/\/la-presse-anarchiste.net\/index.php\/wp-json\/wp\/v2\/categories?post=1054"},{"taxonomy":"post_tag","embeddable":true,"href":"https:\/\/la-presse-anarchiste.net\/index.php\/wp-json\/wp\/v2\/tags?post=1054"},{"taxonomy":"author","embeddable":true,"href":"https:\/\/la-presse-anarchiste.net\/index.php\/wp-json\/wp\/v2\/ppma_author?post=1054"}],"curies":[{"name":"wp","href":"https:\/\/api.w.org\/{rel}","templated":true}]}}