{"id":1056,"date":"2007-11-23T22:35:30","date_gmt":"2007-11-23T22:35:30","guid":{"rendered":"https:\/\/la-presse-anarchiste.net\/index.php\/2007\/11\/23\/refus-de-militarisation\/"},"modified":"2007-11-23T22:35:30","modified_gmt":"2007-11-23T22:35:30","slug":"refus-de-militarisation","status":"publish","type":"post","link":"https:\/\/la-presse-anarchiste.net\/index.php\/2007\/11\/23\/refus-de-militarisation\/","title":{"rendered":"Refus de militarisation"},"content":{"rendered":"<div class=\"pdfprnt-buttons pdfprnt-buttons-post pdfprnt-top-right\"><a href=\"https:\/\/la-presse-anarchiste.net\/index.php\/wp-json\/wp\/v2\/posts\/1056?print=pdf\" class=\"pdfprnt-button pdfprnt-button-pdf\" target=\"_blank\"><img decoding=\"async\" src=\"https:\/\/la-presse-anarchiste.net\/wp-content\/plugins\/pdf-print\/images\/pdf.png\" alt=\"image_pdf\" title=\"Afficher le PDF\"><\/a><a href=\"https:\/\/la-presse-anarchiste.net\/index.php\/wp-json\/wp\/v2\/posts\/1056?print=print\" class=\"pdfprnt-button pdfprnt-button-print\" target=\"_blank\"><img decoding=\"async\" src=\"https:\/\/la-presse-anarchiste.net\/wp-content\/plugins\/pdf-print\/images\/print.png\" alt=\"image_print\" title=\"Contenu imprim\u00e9\"><\/a><\/div><p>[( <\/p>\n<p style=\"margin-right: 0.55cm; text-indent: 1.44cm; margin-bottom: 0cm;\" align=\"justify\">\n<font face=\"Garamond, serif\"><font style=\"font-size: 13pt;\" size=\"3\"><span lang=\"fr-FR\">Jean<br>\nCou\u00adlar\u00addeau, \u00e9tu\u00addiant en psy\u00adcho-socio\u00adlo\u00adgie, a refus\u00e9,<br>\nd\u2019accomplir son ser\u00advice mili\u00adtaire. Il n\u2019a pas deman\u00add\u00e9&nbsp;\u00e0<br>\nb\u00e9n\u00e9\u00adfi\u00adcier du sta\u00adtut des objec\u00adteurs de conscience<br>\npen\u00adsant que celui-ci n\u2019est qu\u2019un mar\u00adch\u00e9 de dupes&nbsp;qui<br>\n\u00e9touffe la voix de ceux qui l\u2019acceptent et ne per\u00admet plus&nbsp;de<br>\nd\u00e9non\u00adcer la mili\u00adta\u00adri\u00adsa\u00adtion crois\u00adsante du pays (mise en&nbsp;place<br>\ndu sys\u00adt\u00e8me de d\u00e9fense nationale).<\/span><\/font><\/font><\/p>\n<p style=\"margin-right: 0.55cm; text-indent: 1.44cm; margin-bottom: 0cm;\" align=\"justify\" lang=\"fr-FR\">\n<font face=\"Garamond, serif\"><font style=\"font-size: 13pt;\" size=\"3\">Le<br>\n27 novembre 1967, il a \u00e9t\u00e9 arr\u00ea\u00adt\u00e9&nbsp;et<br>\nenfer\u00adm\u00e9 dans une caserne de Libourne. Au cours du mois&nbsp;de<br>\nd\u00e9cembre, des amis ont pu le voir. Sa pr\u00e9\u00adsence causait<br>\nune cer\u00adtaine effer\u00adves\u00adcence et des \u00ab&nbsp;appel\u00e9s&nbsp;\u00bb<br>\ncom\u00admen\u00ad\u00e7aient \u00e0 se poser des ques\u00adtions quant&nbsp;\u00e0<br>\nleur propre atti\u00adtude face \u00e0 la dis\u00adci\u00adpline militaire.<\/font><\/font><\/p>\n<p style=\"margin-right: 0.55cm; text-indent: 1.44cm; margin-bottom: 0cm;\" align=\"justify\">\n<font face=\"Garamond, serif\"><font style=\"font-size: 13pt;\" size=\"3\"><span lang=\"fr-FR\">Le<br>\n29 d\u00e9cembre, chan\u00adge\u00adment de r\u00e9gime&nbsp;: sup\u00adpres\u00adsion&nbsp;des<br>\nvisites, etc. II demande \u00e0 voir le colo\u00adnel, ce qui lui&nbsp;\u00e9tait<br>\nrefu\u00ads\u00e9. Il com\u00admence alors (30 d\u00e9cembre) une&nbsp;gr\u00e8ve<br>\nde la faim. L\u2019aum\u00f4nier pro\u00adtes\u00adtant demande \u00e0 voir&nbsp;le<br>\ncolo\u00adnel \u00e0 son sujet. Devant le refus qui lui est oppos\u00e9,<br>\nil d\u00e9mis\u00adsionne de sa fonc\u00adtion d\u2019aum\u00f4nier de&nbsp;la<br>\ncaserne.<\/span><\/font><\/font><\/p>\n<p style=\"margin-right: 0.55cm; text-indent: 1.44cm; margin-bottom: 0cm;\" align=\"justify\">\n<font face=\"Garamond, serif\"><font style=\"font-size: 13pt;\" size=\"3\"><span lang=\"fr-FR\">D\u2019autre<br>\npart, le comi\u00adt\u00e9 bor\u00adde\u00adlais de sou\u00adtien aux objec\u00adteurs d\u00e9cide<br>\nd\u2019aller mani\u00adfes\u00adter \u00e0 Libourne devant la caserne. Cette<br>\nmani\u00adfes\u00adta\u00adtion n\u2019aura pas lieu, Jean \u00e9tant transf\u00e9r\u00e9<br>\n\u00e0 la pri\u00adson de Gra\u00addi\u00adgnan \u00e0 quelques kilom\u00e8tres<br>\nde Bordeaux.<\/span><\/font><\/font><\/p>\n<p style=\"margin-right: 0.55cm; text-indent: 1.44cm; margin-bottom: 0cm;\" align=\"justify\">\n<font face=\"Garamond, serif\"><font style=\"font-size: 13pt;\" size=\"3\"><span lang=\"fr-FR\">Jean<br>\naccep\u00adte\u00adrait un ser\u00advice civil aux condi\u00adtions sui\u00advantes<b>&nbsp;:<\/b><\/span><\/font><\/font><\/p>\n<p style=\"margin-right: 0.55cm; text-indent: 1.44cm; margin-bottom: 0cm;\" align=\"justify\">\n<font face=\"Garamond, serif\"><font style=\"font-size: 13pt;\" size=\"3\"><span lang=\"fr-FR\">\u2013<br>\nInd\u00e9\u00adpen\u00addance totale et d\u00e9fi\u00adni\u00adtive de l\u2019arm\u00e9e,<\/span><\/font><\/font><\/p>\n<p style=\"margin-right: 0.55cm; text-indent: 1.44cm; margin-bottom: 0cm;\" align=\"justify\">\n<font face=\"Garamond, serif\"><font style=\"font-size: 13pt;\" size=\"3\"><span lang=\"fr-FR\">\u2013<br>\nSer\u00advice inter\u00adna\u00adtio\u00adnal et d\u2019aide aux sinistr\u00e9s,<\/span><\/font><\/font><\/p>\n<p style=\"margin-right: 0.55cm; text-indent: 1.44cm; margin-bottom: 0cm;\" align=\"justify\">\n<font face=\"Garamond, serif\"><font style=\"font-size: 13pt;\" size=\"3\"><span lang=\"fr-FR\">\u2013<br>\nNe pas prendre la place de ch\u00f4\u00admeurs ou de gr\u00e9vistes.<\/span><\/font><\/font><\/p>\n<p style=\"margin-right: 0.55cm; text-indent: 1.44cm; margin-bottom: 0cm;\" align=\"justify\" lang=\"fr-FR\">\n<font face=\"Garamond, serif\"><font style=\"font-size: 13pt;\" size=\"3\">Ces<br>\ndeux der\u00adni\u00e8res condi\u00adtions sont pra\u00adti\u00adque\u00adment r\u00e9alis\u00e9es<br>\net d\u00e9pendent exclu\u00adsi\u00adve\u00adment du choix des objecteurs.<\/font><\/font><\/p>\n<p style=\"margin-right: 0.55cm; text-indent: 1.44cm; margin-bottom: 0cm;\" align=\"justify\">\n<font face=\"Garamond, serif\"><font style=\"font-size: 13pt;\" size=\"3\"><span lang=\"fr-FR\">En<br>\nce qui concerne la pre\u00admi\u00e8re condi\u00adtion, le r\u00f4le de&nbsp;la<br>\nPro\u00adtec\u00adtion civile se limite \u00e0 l\u2019incorporation, la<br>\nd\u00e9mo\u00adbi\u00adli\u00adsa\u00adtion et \u00e0 l\u2019entretien finan\u00adcier (des<br>\nam\u00e9\u00adlio\u00adra\u00adtions sont effec\u00adti\u00adve\u00adment sou\u00adhai\u00adtables sur ce&nbsp;point).<\/span><\/font><\/font><\/p>\n<p style=\"margin-right: 0.55cm; text-indent: 1.44cm; margin-bottom: 0cm;\" align=\"justify\">\n<font face=\"Garamond, serif\"><font style=\"font-size: 13pt;\" size=\"3\"><span lang=\"fr-FR\">Voi\u00adci<br>\nla lettre qu\u2019il a envoy\u00e9e au ministre des Arm\u00e9es le<br>\n1<sup>er<\/sup> sep\u00adtembre 1967&nbsp;:<\/span><\/font><\/font><\/p>\n<p style=\"margin-right: 0.55cm; text-indent: 1.44cm; margin-bottom: 0cm;\" align=\"justify\"><font face=\"Garamond, serif\"><font style=\"font-size: 13pt;\" size=\"3\"><span lang=\"fr-FR\">)]<\/span><\/font><\/font><\/p>\n<p style=\"margin-right: 0.55cm; text-indent: 1.44cm; margin-bottom: 0cm;\" align=\"justify\">\n<font face=\"Garamond, serif\"><font style=\"font-size: 13pt;\" size=\"3\"><span lang=\"fr-FR\"><i>Je<br>\nsuis incor\u00adpo\u00adrable pro\u00adchai\u00adne\u00adment dans l\u2019arm\u00e9e que&nbsp;vous<br>\ndiri\u00adgez, tr\u00e8s exac\u00adte\u00adment \u00e0 par\u00adtir du 1<sup>er<\/sup><\/i> <i>sep\u00adtembre<br>\n1967.<\/i><\/span><\/font><\/font><\/p>\n<p style=\"margin-right: 0.55cm; text-indent: 1.44cm; margin-bottom: 0cm;\" align=\"justify\">\n<font face=\"Garamond, serif\"><font style=\"font-size: 13pt;\" size=\"3\"><i><span lang=\"fr-FR\">Or<br>\nje suis objec\u00adteur de conscience. N\u2019entendez pas par l\u00e0&nbsp;que<br>\nje refuse uni\u00adque\u00adment de por\u00adter ou de faire usage des armes. Ce serait<br>\npu\u00e9\u00adril et hypocrite.<\/span><\/i><\/font><\/font><\/p>\n<p style=\"margin-right: 0.55cm; text-indent: 1.44cm; margin-bottom: 0cm;\" align=\"justify\">\n<font face=\"Garamond, serif\"><font style=\"font-size: 13pt;\" size=\"3\"><i><span lang=\"fr-FR\">L\u2019objection<br>\nde conscience est \u00e0 mon sens beau\u00adcoup plus vaste, beaucoup<br>\nplus riche. Elle consiste en refus total et sans d\u00e9tour de<br>\nl\u2019arm\u00e9e.<\/span><\/i><\/font><\/font><\/p>\n<p style=\"margin-right: 0.55cm; text-indent: 1.44cm; margin-bottom: 0cm;\" align=\"justify\">\n<font face=\"Garamond, serif\"><font style=\"font-size: 13pt;\" size=\"3\"><span lang=\"fr-FR\"><i>Pour\u00adquoi<br>\nai-je choi\u00adsi l\u2019arm\u00e9e comme cible (si vous me permettez<br>\nl\u2019expression) dans un monde o\u00f9 r\u00e8gne la vio\u00adlence&nbsp;et<br>\nl\u2019injustice&nbsp;? En un mot parce qu\u2019elle concentre en son sein&nbsp;tout<br>\nce que la soci\u00e9\u00adt\u00e9 pro\u00adduit de n\u00e9faste \u00e0<br>\nl\u2019Homme, avec un grand H. Elle sym\u00adbo\u00adlise la fin de l\u2019humain, le<br>\nlieu o\u00f9 les hommes se com\u00adportent comme des<\/i><b> <\/b><i>b\u00eates<br>\nsau\u00advages et non plus comme des indi\u00advi\u00addus civilis\u00e9s.<\/i><\/span><\/font><\/font><\/p>\n<p style=\"margin-right: 0.55cm; text-indent: 1.44cm; margin-bottom: 0cm;\" align=\"justify\">\n<font face=\"Garamond, serif\"><font style=\"font-size: 13pt;\" size=\"3\"><i><span lang=\"fr-FR\">L\u2019arm\u00e9e<br>\nest l\u2019expression la plus par\u00adfaite de la domi\u00adna\u00adtion des dirigeants<br>\nqui font se dres\u00adser les peuples les uns contre les autres, usant&nbsp;de<br>\nforces et d\u2019\u00e9nergies qui seraient mieux employ\u00e9es \u00e0<br>\nlib\u00e9\u00adrer qu\u2019\u00e0 tuer. Mais il faut recon\u00adna\u00eetre que<br>\ns\u2019il n\u2019en \u00e9tait pas ain\u00adsi la liber\u00adt\u00e9 acquise par<br>\nvos sujets signi\u00adfie\u00adrait la fin de votre r\u00e8gne. Les dirigeants<br>\ndis\u00adpa\u00adra\u00ee\u00adtraient de la pla\u00adn\u00e8te et ne seraient plus<br>\nremplac\u00e9s.<\/span><\/i><\/font><\/font><\/p>\n<p style=\"margin-right: 0.55cm; text-indent: 1.44cm; margin-bottom: 0cm;\" align=\"justify\">\n<font face=\"Garamond, serif\"><font style=\"font-size: 13pt;\" size=\"3\"><i><span lang=\"fr-FR\">Vous<br>\npr\u00e9\u00adten\u00addez faire la guerre pour sau\u00adve\u00adgar\u00adder les libert\u00e9s<br>\nacquises, mais en fait il en est tout autre\u00adment. Ou, du moins, ne<br>\ns\u2019agit-il pas de d\u00e9fendre la liber\u00adt\u00e9 de tous, mais&nbsp;la<br>\nv\u00f4tre, autre\u00adment dit votre pri\u00advi\u00adl\u00e8ge. Tout est mis&nbsp;en<br>\n\u0153uvre pour que nous res\u00adtions igno\u00adrants et b\u00eates. Vous&nbsp;nous<br>\npre\u00adnez pour des \u00ab&nbsp;gobe-lune&nbsp;\u00bb, des mou\u00adtons, soit donc&nbsp;le<br>\ncontraire d\u2019hommes libres.<\/span><\/i><\/font><\/font><\/p>\n<p style=\"margin-right: 0.55cm; text-indent: 1.44cm; margin-bottom: 0cm;\" align=\"justify\">\n<font face=\"Garamond, serif\"><font style=\"font-size: 13pt;\" size=\"3\"><i><span lang=\"fr-FR\">Car<br>\nenfin, expli\u00adquez-moi pour\u00adquoi le gou\u00adver\u00adne\u00adment dont vous faites<br>\npar\u00adtie, sp\u00e9\u00adcule sur la super\u00adsti\u00adtion pour gagner de l\u2019argent<br>\nen fai\u00adsant de la publi\u00adci\u00adt\u00e9 pour la Lote\u00adrie natio\u00adnale&nbsp;les<br>\nven\u00addre\u00addis 13 entre autres. Mani\u00e8re pour le moins \u00e9trange<br>\nde rem\u00adplir la t\u00e2che \u00e9du\u00adca\u00adtive que vous pr\u00e9tendez<br>\nassu\u00admer. Vous com\u00adpren\u00addrez ais\u00e9\u00adment que je n\u2019aie&nbsp;pas<br>\nl\u2019intention de mou\u00adrir et de tuer pour sau\u00adver de la \u00ab&nbsp;barbarie<br>\nenne\u00admie&nbsp;\u00bb (sui\u00advant l\u2019expression consa\u00adcr\u00e9e&nbsp;;&nbsp;les<br>\nbar\u00adbares variant avec les alliances poli\u00adtiques) des superstitions<br>\naux\u00adquelles vous ne croyez m\u00eame pas, vous le chef, du moins&nbsp;je<br>\nl\u2019esp\u00e8re. Mais apr\u00e8s tout peut-\u00eatre jouez-vous<br>\nau tier\u00adc\u00e9 le dimanche avec L\u00e9on Zitrone et achetez-vous<br>\nun billet de la Lote\u00adrie natio\u00adnale pour \u00ab&nbsp;ten\u00adter votre chance&nbsp;\u00bb.<br>\nDans cette der\u00adni\u00e8re hypo\u00adth\u00e8se, conti\u00adnuons comme par&nbsp;le<br>\npas\u00ads\u00e9, jouez seul, si vous gagnez, je ne serai pas jaloux,<br>\npour ma part, \u00e7a ne prend&nbsp;pas.<\/span><\/i><\/font><\/font><\/p>\n<p style=\"margin-right: 0.55cm; text-indent: 1.44cm; margin-bottom: 0cm;\" align=\"justify\">\n<font face=\"Garamond, serif\"><font style=\"font-size: 13pt;\" size=\"3\"><i><span lang=\"fr-FR\">Mais<br>\nl\u2019arm\u00e9e ce n\u2019est pas seule\u00adment des sol\u00addats en uni\u00adforme&nbsp;et<br>\ndes guerres plus ou moins justes et saintes. C\u2019est aus\u00adsi un esprit,<br>\nune forme d\u2019organisation.<\/span><\/i><\/font><\/font><\/p>\n<p style=\"margin-right: 0.55cm; text-indent: 1.44cm; margin-bottom: 0cm;\" align=\"justify\">\n<font face=\"Garamond, serif\"><font style=\"font-size: 13pt;\" size=\"3\"><span lang=\"fr-FR\"><i>Depuis<br>\nle 7 jan\u00advier 1959, la France est deve\u00adnue une immense arm\u00e9e<br>\nl\u00e9gale et psy\u00adcho\u00adlo\u00adgique. L\u00e9gale d\u2019une part, en&nbsp;vertu<br>\nde l\u2019ordonnance n\u00b0&nbsp;59\u200a\u2013\u200a147 du 7 jan\u00advier 1959 et de tous&nbsp;les<br>\ntextes qui furent vot\u00e9s par la suite en vue de la compl\u00e9ter<br>\net de la pr\u00e9\u00adci\u00adser. Chaque citoyen (homme ou femme) peut d\u2019une<br>\nminute \u00e0 l\u2019autre se trou\u00adver pla\u00adc\u00e9 \u00e0&nbsp;votre<br>\nser\u00advice, et cela quand bon vous sem\u00adble\u00adra. <\/i>[\u2026]<\/span><\/font><\/font><\/p>\n<p style=\"margin-right: 0.55cm; text-indent: 1.44cm; margin-bottom: 0cm;\" align=\"justify\">\n<font face=\"Garamond, serif\"><font style=\"font-size: 13pt;\" size=\"3\"><i><span lang=\"fr-FR\">Psy\u00adcho\u00adlo\u00adgique<br>\nd\u2019autre part, par\u00adti\u00adcu\u00adli\u00e8\u00adre\u00adment par le tru\u00adche\u00adment&nbsp;du<br>\nnatio\u00adna\u00adlisme, de la hi\u00e9\u00adrar\u00adchie et de la reli\u00adgion.&nbsp;Le<br>\nnatio\u00adna\u00adlisme est \u00e0 l\u2019ordre du jour&nbsp;: on hurle contre les<br>\nAm\u00e9\u00adri\u00adcains au Viet\u00adnam, mais on approuve l\u2019action de l\u2019arm\u00e9e<br>\nfran\u00ad\u00e7aise en Soma\u00adlie&nbsp;; on crie au g\u00e9no\u00adcide contre la<br>\nbombe ato\u00admique sur Hiro\u00adshi\u00adma, mais la France pavoise \u00e0 chaque<br>\ncham\u00adpi\u00adgnon de Muru\u00adroa. La hi\u00e9\u00adrar\u00adchie ne se dis\u00adcute plus,&nbsp;on<br>\nob\u00e9it. La reli\u00adgion et son into\u00adl\u00e9\u00adrance reprennent le<br>\ndes\u00adsus&nbsp;: inter\u00addic\u00adtion de \u00ab&nbsp;La Reli\u00adgieuse&nbsp;\u00bb, oppo\u00adsi\u00adtion&nbsp;aux<br>\ncontraceptifs.<\/span><\/i><\/font><\/font><\/p>\n<p style=\"margin-right: 0.55cm; text-indent: 1.44cm; margin-bottom: 0cm;\" align=\"justify\">\n<font face=\"Garamond, serif\"><font style=\"font-size: 13pt;\" size=\"3\"><i><span lang=\"fr-FR\">Certes,<br>\nje suis un rouage de la nation et vous m\u2019utilisez mal\u00adgr\u00e9&nbsp;ma<br>\nvolon\u00adt\u00e9 pro\u00adfonde. Mais il est une limite au del\u00e0&nbsp;de<br>\nlaquelle vivre n\u2019a pas de signi\u00adfi\u00adca\u00adtion. Je n\u2019ai pas pour but&nbsp;de<br>\nfabri\u00adquer et d\u2019acheter des r\u00e9fri\u00adg\u00e9\u00adra\u00adteurs et&nbsp;des<br>\nt\u00e9l\u00e9\u00advi\u00adseurs. Je d\u00e9sire confor\u00admer au maxi\u00admum&nbsp;mes<br>\nactes \u00e0 mes pen\u00ads\u00e9es. Il est tou\u00adjours pos\u00adsible de&nbsp;faire<br>\ndes conces\u00adsions, mais \u00e0 par\u00adtir d\u2019un moment, il n\u2019est&nbsp;plus<br>\nde d\u00e9ro\u00adga\u00adtions accep\u00adtables avec soi-m\u00eame. Accepter<br>\nl\u2019arm\u00e9e me contrain\u00addrait \u00e0 me renier, \u00e9quivaudrait<br>\n\u00e0 me sui\u00adci\u00adder. Car, \u00e0 mon avis, le plus impor\u00adtant&nbsp;chez<br>\nl\u2019homme r\u00e9side dans son esprit cri\u00adtique et non dans&nbsp;sa<br>\ncapa\u00adci\u00adt\u00e9 productive.<\/span><\/i><\/font><\/font><\/p>\n<p style=\"margin-right: 0.55cm; text-indent: 1.44cm; margin-bottom: 0cm;\" align=\"justify\">\n<font face=\"Garamond, serif\"><font style=\"font-size: 13pt;\" size=\"3\"><i><span lang=\"fr-FR\">Logi\u00adque\u00adment<br>\nvous ne pou\u00advez rien m\u2019offrir sinon la mort. Le soi-disant statut<br>\ndes objec\u00adteurs de conscience (loi rela\u00adtive \u00e0 certaines<br>\nmoda\u00adli\u00adt\u00e9s d\u2019accomplissement des obli\u00adga\u00adtions impos\u00e9es<br>\npar la loi sur le recru\u00adte\u00adment) est un mar\u00adch\u00e9 de dupes. Car<br>\ns\u2019il rem\u00adplace le ser\u00advice mili\u00adtaire, et \u00e0 quel prix&nbsp;: temps<br>\ndouble, emplois inter\u00addits\u2026, il ne dis\u00adpense pas du ser\u00advice&nbsp;de<br>\nd\u00e9fense, ni m\u00eame de l\u2019autorit\u00e9 mili\u00adtaire&nbsp;comme<br>\nle prouve la note de ser\u00advice du ministre Roger Frey (P.C.\/C.A.B. N\u00b0&nbsp;2251) qui pr\u00e9\u00adcise&nbsp;: \u00ab\u2026 les appe\u00adl\u00e9s vers\u00e9s<br>\ndans ces for\u00adma\u00adtions (for\u00adma\u00adtions civiles assu\u00adrant un tra\u00advail d\u2019int\u00e9r\u00eat<br>\ng\u00e9n\u00e9\u00adral) sont sou\u00admis aux r\u00e8gles de discipline<br>\ndes forces arm\u00e9es et res\u00adtent jus\u00adti\u00adciables des tribunaux<br>\nmilitaires.&nbsp;\u00bb<\/span><\/i><\/font><\/font><\/p>\n<p style=\"margin-right: 0.55cm; text-indent: 1.44cm; margin-bottom: 0cm;\" align=\"justify\">\n<font face=\"Garamond, serif\"><font style=\"font-size: 13pt;\" size=\"3\"><i><span lang=\"fr-FR\">Logique<br>\navec moi-m\u00eame je ne peux pas accep\u00adter vos condi\u00adtions. Vous<br>\ntrou\u00adve\u00adrez donc ci-joint mon livret mili\u00adtaire dont je n\u2019ai&nbsp;que<br>\nfaire. Ce ren\u00advoi sym\u00adbo\u00adlise \u00e0 mes yeux deux choses&nbsp;: en premier<br>\nlieu, je signi\u00adfie ain\u00adsi ma volon\u00adt\u00e9 de rup\u00adture avec l\u2019arm\u00e9e&nbsp;; en deuxi\u00e8me lieu, je m\u2019associe au geste sem\u00adblable de<br>\nGeorges Pinet que vos ser\u00advices ont r\u00e9cem\u00adment&nbsp;jug\u00e9.<\/span><\/i><\/font><\/font><\/p>\n<p style=\"margin-right: 0.55cm; text-indent: 1.44cm; margin-bottom: 0cm;\" align=\"justify\">\n<font face=\"Garamond, serif\"><font style=\"font-size: 13pt;\" size=\"3\"><i><span lang=\"fr-FR\">Mon<br>\nrefus ne vous emp\u00ea\u00adche\u00adra pas de conti\u00adnuer \u00e0&nbsp;r\u00e9gir<br>\nmes sem\u00adblables. Il n\u2019a de valeur qu\u2019au niveau indi\u00advi\u00adduel,&nbsp;tout<br>\ncomme celui de Marie Laf\u00adfranque qui, \u00e0 Tou\u00adlouse, refuse de<br>\npayer la par\u00adtie de ses imp\u00f4ts offi\u00adciel\u00adle\u00adment consa\u00adcr\u00e9e&nbsp;\u00e0<br>\nla bombe atomique.<\/span><\/i><\/font><\/font><\/p>\n<p style=\"margin-right: 0.55cm; text-indent: 1.44cm; margin-bottom: 0cm;\" align=\"justify\">\n<font face=\"Garamond, serif\"><font style=\"font-size: 13pt;\" size=\"3\"><span lang=\"fr-FR\"><i>Aus\u00adsi<br>\nforte que soit ma d\u00e9ter\u00admi\u00adna\u00adtion, je dois recon\u00adna\u00eetre que<br>\nvous \u00eates <\/i>mat\u00e9\u00adriel\u00adle\u00adment <i>le plus puis\u00adsant.&nbsp;Aussi<br>\nn\u2019essaierai-je pas de vous \u00e9chap\u00adper. Je pr\u00e9f\u00e8re<br>\naffron\u00adter l\u2019adversaire que le fuir. J\u2019attends donc&nbsp;vos<br>\nex\u00e9\u00adcu\u00adtants, en l\u2019occurrence vos gendarmes.<\/i><\/span><\/font><\/font><\/p>\n<p style=\"margin-right: 0.55cm; text-indent: 1.44cm; margin-bottom: 0cm;\" align=\"justify\">\n<font face=\"Garamond, serif\"><font style=\"font-size: 13pt;\" size=\"3\"><i><span lang=\"fr-FR\">Ma<br>\nconvic\u00adtion est solide, beau\u00adcoup pour\u00adront en t\u00e9moi\u00adgner,&nbsp;et<br>\nhor\u00admis un lavage de cer\u00adveau, je ne chan\u00adge\u00adrai pas sur ce point. L\u00e0<br>\nr\u00e9side ma force et par cons\u00e9\u00adquent votre fai\u00adblesse. Vous<br>\npou\u00advez me contraindre \u00e0 tout, sauf (pour le moment, car&nbsp;les<br>\npro\u00adgr\u00e8s de la psy\u00adcho\u00adso\u00adcio\u00adlo\u00adgie de masse peuvent vous laisser<br>\nesp\u00e9\u00adrer) \u00e0 pen\u00adser selon votre d\u00e9sir. Je ne&nbsp;vous<br>\nen veux pas, vous faites votre m\u00e9tier de ministre, pour&nbsp;ma<br>\npart je fais le mien, celui d\u2019homme.<\/span><\/i><\/font><\/font><\/p>\n<p style=\"margin-right: 0.55cm; text-indent: 1.44cm; margin-bottom: 0cm;\" align=\"justify\" lang=\"fr-FR\">\n <font face=\"Garamond, serif\"><font style=\"font-size: 13pt;\" size=\"3\"><i>[Jean<br>\nCoulardeau]<\/i><\/font><\/font><\/p>\n<p style=\"margin-right: 0.55cm; text-indent: 1.44cm; margin-bottom: 0cm;\" align=\"justify\">\n<font face=\"Garamond, serif\"><font style=\"font-size: 13pt;\" size=\"3\"><span lang=\"fr-FR\"><b>Pour<br>\nle sou\u00adtien \u00e0 Jean Cou\u00adlar\u00addeau, s\u2019adresser au Comit\u00e9<br>\nbor\u00adde\u00adlais de sou\u00adtien aux objec\u00adteurs<\/b><i>&nbsp;: <\/i><\/span><\/font><\/font><\/p>\n<p style=\"margin-right: 0.55cm; text-indent: 1.44cm; margin-bottom: 0cm;\" align=\"justify\" lang=\"fr-FR\">\n<font face=\"Garamond, serif\"><font style=\"font-size: 13pt;\" size=\"3\"><b>Sou\u00adtien<br>\nfinancier&nbsp;:<br>\n_Dani\u00e8le<br>\nDACCORD,<br>\n_CCP<br>\n3403.84 Bordeaux<\/b><\/font><\/font><\/p>\n<p style=\"margin-right: 0.55cm; text-indent: 1.44cm; margin-bottom: 0cm;\" align=\"justify\" lang=\"fr-FR\">\n<font face=\"Garamond, serif\"><font style=\"font-size: 13pt;\" size=\"3\"><span lang=\"fr-FR\"><b>Secr\u00e9\u00adta\u00adriat<br>\net cor\u00adres\u00adpon\u00addance<\/b><i>&nbsp;:<\/i><\/span><br>\n_\u200b<b>Guy<br>\nGOUJON,9,<br>\nrue Debus\u00adsy, 33 \u2013 Talence<\/b><\/font><\/font><\/p>\n<p style=\"margin-right: 0.5cm; text-indent: 1.47cm; margin-bottom: 0cm;\" align=\"justify\" lang=\"fr-FR\">\n<font face=\"Garamond, serif\"><font style=\"font-size: 13pt;\" size=\"3\"><strong><em>*&nbsp; *&nbsp;<br>\n*&nbsp;  *<\/em><\/strong><\/font><\/font><\/p>\n<p style=\"margin-right: 0.5cm; text-indent: 1.47cm; margin-bottom: 0cm;\" align=\"justify\">\n<font face=\"Garamond, serif\"><font style=\"font-size: 13pt;\" size=\"3\"><span lang=\"fr-FR\">[(<\/span><\/font><\/font><\/p>\n<p style=\"margin-right: 0.5cm; text-indent: 1.47cm; margin-bottom: 0cm;\" align=\"justify\"><font face=\"Garamond, serif\"><font style=\"font-size: 13pt;\" size=\"3\"><span lang=\"fr-FR\">[\u2026]<br>\nUne autre rai\u00adson que j\u2019ai de choi\u00adsir le sta\u00adtut. Il me semble plus<br>\napte \u00e0 favo\u00adri\u00adser la prise de conscience d\u2019un plus&nbsp;grand<br>\nnombre, plus \u00e9du\u00adca\u00adtif pour la plu\u00adpart car moins abrupt qu\u2019une<br>\ncontes\u00adta\u00adtion tel\u00adle\u00adment radi\u00adcale qu\u2019elle exclut dans l\u2019imm\u00e9diat<br>\nl\u2019id\u00e9e de ser\u00advice, telle la contes\u00adta\u00adtion de Jean Coulardeau.<\/span><\/font><\/font><\/p>\n<p style=\"margin-right: 0.5cm; text-indent: 1.47cm; margin-bottom: 0cm;\" align=\"justify\">\n<font face=\"Garamond, serif\"><font style=\"font-size: 13pt;\" size=\"3\"><span lang=\"fr-FR\">Mais<br>\npeut-\u00eatre ces argu\u00adments n\u2019ont-ils rien de d\u00e9ci\u00adsif&nbsp;car<br>\nqui peut pr\u00e9\u00advoir les cons\u00e9\u00adquences du refus de Jean&nbsp;si<br>\nnous savons com\u00adprendre et faire com\u00adprendre son argu\u00admen\u00adta\u00adtion&nbsp;? Il&nbsp;me<br>\nsemble en par\u00adti\u00adcu\u00adlier impor\u00adtant de rap\u00adpro\u00adcher la volon\u00adt\u00e9&nbsp;de<br>\n\u00ab&nbsp;rup\u00adture avec l\u2019arm\u00e9e&nbsp;\u00bb de Jean de l\u2019id\u00e9e<br>\nde ser\u00advice volon\u00adtaire d\u00e9ga\u00adg\u00e9 de l\u2019arm\u00e9e dont<br>\nC. Duval rap\u00adpe\u00adlait que c\u2019\u00e9tait la reven\u00addi\u00adca\u00adtion premi\u00e8re<br>\ndes objec\u00adteurs pen\u00addant la guerre d\u2019Alg\u00e9rie. En ce sens,&nbsp;une<br>\n\u00e9tape impor\u00adtante de l\u2019\u00e9volution du statut<br>\nconsis\u00adte\u00adrait \u00e0 faire accom\u00adpa\u00adgner la demande de sta\u00adtut&nbsp;du<br>\nren\u00advoi du livret mili\u00adtaire. Ce point que Jean int\u00e8gre dans&nbsp;sa<br>\ncontes\u00adta\u00adtion, il fau\u00addra l\u2019int\u00e9grer un jour ou l\u2019autre,<br>\nnous qui choi\u00adsis\u00adsons le sta\u00adtut&nbsp;; le jour o\u00f9 nous serons pr\u00eats.<\/span><\/font><\/font><\/p>\n<p style=\"margin-right: 0.5cm; text-indent: 1.47cm; margin-bottom: 0cm;\" align=\"justify\">\n<font face=\"Garamond, serif\"><font style=\"font-size: 13pt;\" size=\"3\"><span lang=\"fr-FR\">Marc<br>\nGuiraud<\/span><\/font><\/font><\/p>\n<p style=\"margin-right: 0.5cm; text-indent: 1.47cm; margin-bottom: 0cm;\" align=\"justify\">\n<font face=\"Garamond, serif\"><font style=\"font-size: 13pt;\" size=\"3\"><span lang=\"fr-FR\">(Extraits<br>\ndu bul\u00adle\u00adtin de liai\u00adson des groupes de pr\u00e9\u00adpa\u00adra\u00adtion&nbsp;\u00e0<br>\nl\u2019action non violente).<\/span><\/font><\/font><\/p>\n<p style=\"margin-right: 0.5cm; text-indent: 1.47cm; margin-bottom: 0cm;\" align=\"justify\"><font face=\"Garamond, serif\"><font style=\"font-size: 13pt;\" size=\"3\"><span lang=\"fr-FR\">)]<\/span><\/font><\/font><\/p>\n<p style=\"margin-right: 0.5cm; text-indent: 1.47cm; margin-bottom: 0cm;\" align=\"justify\" lang=\"fr-FR\">\n<font face=\"Garamond, serif\"><font style=\"font-size: 13pt;\" size=\"3\"><strong><em>*&nbsp;<br>\n*&nbsp;  *<\/em><\/strong><\/font><\/font><\/p>\n<p style=\"margin-right: 0.5cm; text-indent: 1.47cm; margin-bottom: 0cm;\" align=\"justify\">\n<font face=\"Garamond, serif\"><font style=\"font-size: 13pt;\" size=\"3\"><span lang=\"fr-FR\">Voi\u00adci<br>\nla lettre d\u2019un futur objec\u00adteur, Jacques Pois\u00adson, dont la d\u00e9marche<br>\nrejoint celle de Jean Coulardeau&nbsp;:<\/span><\/font><\/font><\/p>\n<p style=\"margin-right: 0.5cm; text-indent: 1.47cm; margin-bottom: 0cm;\" align=\"justify\" lang=\"fr-FR\">\n<font face=\"Garamond, serif\"><font style=\"font-size: 13pt;\" size=\"3\"><i>Bur\u00adret,<br>\nle 28 jan\u00advier&nbsp;1968<\/i><\/font><\/font><\/p>\n<p style=\"margin-right: 0.5cm; text-indent: 1.47cm; margin-bottom: 0cm;\" align=\"justify\">\n<font face=\"Garamond, serif\"><font style=\"font-size: 13pt;\" size=\"3\"><i><span lang=\"fr-FR\">Dans<br>\nquelques mois, vos ser\u00advices devront pro\u00adc\u00e9\u00adder \u00e0&nbsp;mon<br>\nincor\u00adpo\u00adra\u00adtion. Je vous informe aujourd\u2019hui que je suis objec\u00adteur&nbsp;de<br>\nconscience, et qu\u2019\u00e0 l\u2019expiration de mon sur\u00adsis je n\u2019irai<br>\npoint apprendre le m\u00e9tier des armes dans l\u2019une quel\u00adconque de<br>\nvos casernes.<\/span><\/i><\/font><\/font><\/p>\n<p style=\"margin-right: 0.5cm; text-indent: 1.47cm; margin-bottom: 0cm;\" align=\"justify\">\n<font face=\"Garamond, serif\"><font style=\"font-size: 13pt;\" size=\"3\"><span lang=\"fr-FR\"><i>Parce<br>\nque la France conti\u00adnue \u00e0 fabri\u00adquer en s\u00e9rie et&nbsp;\u00e0<br>\nexp\u00e9\u00adri\u00admen\u00adter, sans se sou\u00adcier des dan\u00adgers qu\u2019encourent les<br>\npopu\u00adla\u00adtions alen\u00adtour, de ter\u00adri\u00adfiants engins d\u2019extermination<br>\nmas\u00adsive, parce que l\u2019\u00e9tat-major de son arm\u00e9e pr\u00e9voit<br>\nd\u2019utiliser ces bombes contre des popu\u00adla\u00adtions civiles&nbsp;; parce que&nbsp;la<br>\nFrance jette en pri\u00adson les hommes conscients et r\u00e9so\u00adlus&nbsp;qui<br>\nosent n\u2019\u00eatre point seule\u00adment de pai\u00adsibles \u00ab&nbsp;mou\u00adtons&nbsp;\u00bb<\/i>:<br>\n<i>je ne veux rien avoir \u00e0 faire avec son&nbsp;arm\u00e9e.<\/i><\/span><\/font><\/font><\/p>\n<p style=\"margin-right: 0.5cm; text-indent: 1.47cm; margin-bottom: 0cm;\" align=\"justify\">\n<font face=\"Garamond, serif\"><font style=\"font-size: 13pt;\" size=\"3\"><i><span lang=\"fr-FR\">Si<br>\nla loi du 21 d\u00e9cembre 1963 \u00ab&nbsp;rela\u00adtive \u00e0 certaines<br>\nmoda\u00adli\u00adt\u00e9s d\u2019accomplissement des obli\u00adga\u00adtions impos\u00e9es<br>\npar la loi sur le recru\u00adte\u00adment&nbsp;\u00bb \u00e9tait effec\u00adti\u00adve\u00adment&nbsp;un<br>\nsta\u00adtut des objec\u00adteurs de conscience, je vous en deman\u00adde\u00adrais&nbsp;le<br>\nb\u00e9n\u00e9\u00adfice imm\u00e9\u00addia\u00adte\u00adment. Mais vous me&nbsp;voyez<br>\nembar\u00adras\u00ads\u00e9 en face d\u2019une alter\u00adna\u00adtive d\u00e9li\u00adcate&nbsp;\u00e0<br>\nr\u00e9soudre.<\/span><\/i><\/font><\/font><\/p>\n<p style=\"margin-right: 0.5cm; text-indent: 1.47cm; margin-bottom: 0cm;\" align=\"justify\">\n<font face=\"Garamond, serif\"><font style=\"font-size: 13pt;\" size=\"3\"><i><span lang=\"fr-FR\">Deman\u00adder<br>\nl\u2019application de cette loi, c\u2019est en quelque sorte cau\u00adtion\u00adner&nbsp;la<br>\ndis\u00adcri\u00admi\u00adna\u00adtion contraire \u00e0 la D\u00e9cla\u00adra\u00adtion universelle<br>\ndes Droits de l\u2019Homme qu\u2019introduit son article 12&nbsp;; c\u2019est&nbsp;aussi<br>\naccep\u00adter d\u2019\u00eatre encore jus\u00adti\u00adciable de la juridiction<br>\nmilitaire.<\/span><\/i><\/font><\/font><\/p>\n<p style=\"margin-right: 0.5cm; text-indent: 1.47cm; margin-bottom: 0cm;\" align=\"justify\">\n<font face=\"Garamond, serif\"><font style=\"font-size: 13pt;\" size=\"3\"><i><span lang=\"fr-FR\">Refu\u00adser<br>\npure\u00adment et sim\u00adple\u00adment d\u2019effectuer un ser\u00advice mili\u00adtaire\u2026 vous<br>\nentra\u00ee\u00adne\u00adrait pro\u00adba\u00adble\u00adment \u00e0 me faire incarc\u00e9rer.<br>\n(Croyez bien que cette pers\u00adpec\u00adtive ne m\u2019effraie abso\u00adlu\u00adment&nbsp;pas.)<br>\nMais je pense que je puis \u00eatre plus utile \u00e0 la cause&nbsp;que<br>\nj\u2019entends d\u00e9fendre&nbsp;: la Paix uni\u00adver\u00adselle, en me met\u00adtant&nbsp;au<br>\nser\u00advice des exploi\u00adt\u00e9s plu\u00adt\u00f4t que der\u00adri\u00e8re&nbsp;les<br>\nmurs de quelque ge\u00f4le.<\/span><\/i><\/font><\/font><\/p>\n<p style=\"margin-right: 0.5cm; text-indent: 1.47cm; margin-bottom: 0cm;\" align=\"justify\">\n<font face=\"Garamond, serif\"><font style=\"font-size: 13pt;\" size=\"3\"><i><span lang=\"fr-FR\">J\u2019ai<br>\nle choix entre une atti\u00adtude stric\u00adte\u00adment n\u00e9ga\u00adtive et&nbsp;une<br>\natti\u00adtude fran\u00adche\u00adment posi\u00adtive. Je choi\u00adsis la seconde&nbsp;; tout en&nbsp;me<br>\nr\u00e9ser\u00advant le droit, en tant que citoyen de ce pays, et&nbsp;du<br>\nmonde, de me battre pour la sup\u00adpres\u00adsion de toutes les arm\u00e9es,<br>\nde toutes les polices, de toute exploi\u00adta\u00adtion de l\u2019homme par<br>\nl\u2019homme, pour la dis\u00adpa\u00adri\u00adtion de toute cause de vio\u00adlence\u2026 Le&nbsp;jour<br>\no\u00f9 il exis\u00adte\u00adra par\u00adtout un authen\u00adtique sta\u00adtut de l\u2019objection<br>\nde conscience, un grand pas aura d\u00e9j\u00e0&nbsp;\u00e9t\u00e9<br>\nfait pour la construc\u00adtion d\u00e9fi\u00adni\u00adtive d\u2019une paix durable<br>\nentre les hommes.<\/span><\/i><\/font><\/font><\/p>\n<p style=\"margin-right: 0.5cm; text-indent: 1.47cm; margin-bottom: 0cm;\" align=\"justify\">\n<font face=\"Garamond, serif\"><font style=\"font-size: 13pt;\" size=\"3\"><i><span lang=\"fr-FR\">J\u2019accepterai<br>\ndonc que me soient appli\u00adqu\u00e9s les termes de la loi du&nbsp;21<br>\nd\u00e9cembre 1963. \u00c0 la condi\u00adtion cepen\u00addant d\u2019\u00eatre mis&nbsp;\u00e0<br>\nla dis\u00adpo\u00adsi\u00adtion de l\u2019association des Amis du Ser\u00advice&nbsp;civil<br>\ninter\u00adna\u00adtio\u00adnal&nbsp;; et que je n\u2019aie de comptes \u00e0 rendre, pendant<br>\nle temps de ser\u00advice dont je choi\u00adsi\u00adrai moi-m\u00eame la lon\u00adgueur (au<br>\nmoins \u00e9gale \u00e9vi\u00addem\u00adment au double du temps&nbsp;l\u00e9gal<br>\nde ser\u00advice mili\u00adtaire), qu\u2019aux res\u00adpon\u00adsables \u00e9lus de&nbsp;cette<br>\nasso\u00adcia\u00adtion. Mon objec\u00adtion de conscience d\u00e9pas\u00adse\u00adra ain\u00adsi&nbsp;le<br>\nsimple refus de l\u2019arm\u00e9e, en fai\u00adsant \u0153uvre construc\u00adtive&nbsp;de<br>\nPaix.<\/span><\/i><\/font><\/font><\/p>\n<p style=\"margin-right: 0.5cm; text-indent: 1.47cm; margin-bottom: 0cm;\" align=\"justify\">\n<font face=\"Garamond, serif\"><font style=\"font-size: 13pt;\" size=\"3\"><span lang=\"fr-FR\"><i>En<br>\nvous ren\u00advoyant mon livret mili\u00adtaire que vous trou\u00adve\u00adrez ci-joint, et<br>\ndont je n\u2019ai que faire, je m\u2019associe aux fermes prises de<br>\nposi\u00adtion indi\u00advi\u00adduelles de Georges Pinet, de Marie Laf\u00adfranque, de&nbsp;Jean<br>\nCou\u00adlar\u00addeau, de Jean-Pierre Machy\u2026&nbsp;; et j\u2019ose esp\u00e9\u00adrer&nbsp;que<br>\ntous ces actes de d\u00e9so\u00adb\u00e9is\u00adsance civique, qui vont&nbsp;aller<br>\nen se mul\u00adti\u00adpliant durant les mois <\/i>\u00e0 <i>venir, soyez&nbsp;en<br>\ncer\u00adtain, feront com\u00adprendre aux Fran\u00ad\u00e7ais la lourde part&nbsp;de<br>\nres\u00adpon\u00adsa\u00adbi\u00adli\u00adt\u00e9 que porte leur pays dans les g\u00e9nocides<br>\nqui s\u2019accomplissent de par le&nbsp;monde.<\/i><\/span><\/font><\/font><\/p>\n","protected":false},"excerpt":{"rendered":"<p>[( Jean Cou\u00adlar\u00addeau, \u00e9tu\u00addiant en psy\u00ad\u00adcho-socio\u00ad\u00adlo\u00ad\u00adgie, a refu\u00ads\u00e9, d\u2019accomplir son ser\u00advice mili\u00adtaire. Il n\u2019a pas deman\u00add\u00e9&nbsp;\u00e0 b\u00e9n\u00e9\u00adfi\u00adcier du sta\u00adtut des objec\u00adteurs de conscience pen\u00adsant que celui-ci n\u2019est qu\u2019un mar\u00adch\u00e9 de dupes&nbsp;qui \u00e9touffe la voix de ceux qui l\u2019acceptent et ne per\u00admet plus&nbsp;de d\u00e9non\u00adcer la mili\u00adta\u00adri\u00adsa\u00adtion crois\u00adsante du pays (mise en&nbsp;place du sys\u00adt\u00e8me de d\u00e9fense nationale).&nbsp;[\u2026]<\/p>\n","protected":false},"author":1,"featured_media":0,"comment_status":"closed","ping_status":"closed","sticky":false,"template":"","format":"standard","meta":{"wp_typography_post_enhancements_disabled":false,"footnotes":""},"categories":[122],"tags":[],"ppma_author":[540],"class_list":["post-1056","post","type-post","status-publish","format-standard","hentry","category-anarchisme-et-non-violence-na13-avril-1968"],"authors":[{"term_id":540,"user_id":1,"is_guest":0,"slug":"admin_3gikpwyf","display_name":"Vincent Dubuc","avatar_url":"https:\/\/secure.gravatar.com\/avatar\/d015720652c25fd2ced191ade86430094e1f288a17483713e3b34d26dea52507?s=96&d=mm&r=g","author_category":"","user_url":"https:\/\/la-presse-anarchiste.net","last_name":"Dubuc","first_name":"Vincent","job_title":"","description":""}],"_links":{"self":[{"href":"https:\/\/la-presse-anarchiste.net\/index.php\/wp-json\/wp\/v2\/posts\/1056","targetHints":{"allow":["GET"]}}],"collection":[{"href":"https:\/\/la-presse-anarchiste.net\/index.php\/wp-json\/wp\/v2\/posts"}],"about":[{"href":"https:\/\/la-presse-anarchiste.net\/index.php\/wp-json\/wp\/v2\/types\/post"}],"author":[{"embeddable":true,"href":"https:\/\/la-presse-anarchiste.net\/index.php\/wp-json\/wp\/v2\/users\/1"}],"replies":[{"embeddable":true,"href":"https:\/\/la-presse-anarchiste.net\/index.php\/wp-json\/wp\/v2\/comments?post=1056"}],"version-history":[{"count":0,"href":"https:\/\/la-presse-anarchiste.net\/index.php\/wp-json\/wp\/v2\/posts\/1056\/revisions"}],"wp:attachment":[{"href":"https:\/\/la-presse-anarchiste.net\/index.php\/wp-json\/wp\/v2\/media?parent=1056"}],"wp:term":[{"taxonomy":"category","embeddable":true,"href":"https:\/\/la-presse-anarchiste.net\/index.php\/wp-json\/wp\/v2\/categories?post=1056"},{"taxonomy":"post_tag","embeddable":true,"href":"https:\/\/la-presse-anarchiste.net\/index.php\/wp-json\/wp\/v2\/tags?post=1056"},{"taxonomy":"author","embeddable":true,"href":"https:\/\/la-presse-anarchiste.net\/index.php\/wp-json\/wp\/v2\/ppma_author?post=1056"}],"curies":[{"name":"wp","href":"https:\/\/api.w.org\/{rel}","templated":true}]}}