{"id":1057,"date":"2007-11-23T22:51:38","date_gmt":"2007-11-23T22:51:38","guid":{"rendered":"https:\/\/la-presse-anarchiste.net\/index.php\/2007\/11\/23\/renvois-de-livrets\/"},"modified":"2007-11-23T22:51:38","modified_gmt":"2007-11-23T22:51:38","slug":"renvois-de-livrets","status":"publish","type":"post","link":"https:\/\/la-presse-anarchiste.net\/index.php\/2007\/11\/23\/renvois-de-livrets\/","title":{"rendered":"Renvois de livrets"},"content":{"rendered":"<div class=\"pdfprnt-buttons pdfprnt-buttons-post pdfprnt-top-right\"><a href=\"https:\/\/la-presse-anarchiste.net\/index.php\/wp-json\/wp\/v2\/posts\/1057?print=pdf\" class=\"pdfprnt-button pdfprnt-button-pdf\" target=\"_blank\"><img decoding=\"async\" src=\"https:\/\/la-presse-anarchiste.net\/wp-content\/plugins\/pdf-print\/images\/pdf.png\" alt=\"image_pdf\" title=\"Afficher le PDF\"><\/a><a href=\"https:\/\/la-presse-anarchiste.net\/index.php\/wp-json\/wp\/v2\/posts\/1057?print=print\" class=\"pdfprnt-button pdfprnt-button-print\" target=\"_blank\"><img decoding=\"async\" src=\"https:\/\/la-presse-anarchiste.net\/wp-content\/plugins\/pdf-print\/images\/print.png\" alt=\"image_print\" title=\"Contenu imprim\u00e9\"><\/a><\/div><p style=\"margin-right: 0.5cm; text-indent: 1.47cm; margin-bottom: 0cm;\" align=\"justify\">\n<font face=\"Garamond, serif\"><font style=\"font-size: 13pt;\" size=\"3\"><b><span lang=\"fr-FR\">Pen\u00addant<br>\nla guerre d\u2019Alg\u00e9rie, pour mani\u00adfes\u00adter leur oppo\u00adsi\u00adtion&nbsp;\u00e0<br>\ncette guerre et par soli\u00adda\u00adri\u00adt\u00e9 avec les objec\u00adteurs&nbsp;de<br>\nconscience, un cer\u00adtain nombre de mili\u00adtants de l\u2019Action civique non<br>\nvio\u00adlente ren\u00advoy\u00e8rent leur livret mili\u00adtaire. L\u2019ind\u00e9pendance<br>\nobte\u00adnue, il y eut d\u2019autres ren\u00advois qui alors expri\u00adm\u00e8rent la<br>\nd\u00e9sap\u00adpro\u00adba\u00adtion \u00e0 la poli\u00adtique nucl\u00e9aire du<br>\ngouvernement.<\/span><\/b><\/font><\/font><\/p>\n<p style=\"margin-right: 0.5cm; text-indent: 1.47cm; margin-bottom: 0cm;\" align=\"justify\" lang=\"fr-FR\">\n<font face=\"Garamond, serif\"><font style=\"font-size: 13pt;\" size=\"3\"><b>A<br>\nchaque fois, ces gestes indi\u00advi\u00adduels se situaient dans une certaine<br>\nactua\u00adli\u00adt\u00e9&nbsp;; gestes de pro\u00adtes\u00adta\u00adtion, ils ten\u00addaient pour\u00adtant&nbsp;\u00e0<br>\nune contes\u00adta\u00adtion plus glo\u00adbale des struc\u00adtures de la soci\u00e9t\u00e9.<\/b><\/font><\/font><\/p>\n<p style=\"margin-right: 0.5cm; text-indent: 1.47cm; margin-bottom: 0cm;\" align=\"justify\">\n<font face=\"Garamond, serif\"><font style=\"font-size: 13pt;\" size=\"3\"><b><span lang=\"fr-FR\">C\u2019est<br>\navec le ren\u00advoi du livret de Georges Pinet, avo\u00adcat, sa condam\u00adna\u00adtion&nbsp;\u00e0<br>\n4 mois de pri\u00adson ferme et 1.000 F d\u2019amende, que l\u2019acte de renvoi<br>\natteint \u00e0 une cer\u00adtaine noto\u00adri\u00e9\u00adt\u00e9&nbsp;: la profession<br>\ndu ren\u00advoyeur y contri\u00adbuait pour beau\u00adcoup. Le reten\u00adtis\u00adse\u00adment&nbsp;donn\u00e9<br>\n\u00e0 un geste bien qu\u2019isol\u00e9 acc\u00e9\u00adl\u00e9\u00adra&nbsp;sans<br>\ndoute la prise de conscience et la d\u00e9ter\u00admi\u00adna\u00adtion&nbsp;des<br>\n\u00ab&nbsp;ren\u00advoyeur&nbsp;\u00bb actuels. Des contacts indi\u00advi\u00adduels furent pris,<br>\ndes id\u00e9es \u00e9chan\u00adg\u00e9es qui condui\u00adsirent les futurs<br>\n\u00ab&nbsp;ren\u00advoyeurs&nbsp;\u00bb \u00e0 envi\u00adsa\u00adger un acte col\u00adlec\u00adtif malgr\u00e9<br>\nleurs options morales, reli\u00adgieuses, poli\u00adtiques et sociales les&nbsp;plus<br>\ndiverses.<\/span><\/b><\/font><\/font><\/p>\n<p style=\"margin-right: 0.5cm; text-indent: 1.47cm; margin-bottom: 0cm;\" align=\"justify\">\n<font face=\"Garamond, serif\"><font style=\"font-size: 13pt;\" size=\"3\"><b><span lang=\"fr-FR\">Ces<br>\n\u00e9changes abou\u00adtirent \u00e0 la r\u00e9dac\u00adtion d\u2019un&nbsp;texte<br>\ncom\u00admun, d\u2019une pla\u00adte\u00adforme qui res\u00adtreint sans doute l\u2019expression de<br>\ncha\u00adcun et qui, sans \u00eatre une syn\u00adth\u00e8se, a le m\u00e9rite<br>\nde mettre en \u00e9vi\u00addence ce qui les unit alors qu\u2019on pourrait<br>\npen\u00adser que tout les divise. Nous ne publions pas toutes les lettres<br>\naccom\u00adpa\u00adgnant chaque ren\u00advoi de livret, mais nous pour\u00adrions les fournir<br>\naux lec\u00adteurs int\u00e9ress\u00e9s.<\/span><\/b><\/font><\/font><\/p>\n<p style=\"margin-right: 0.5cm; text-indent: 1.47cm; margin-bottom: 0cm;\" align=\"justify\">\n<font face=\"Garamond, serif\"><font style=\"font-size: 13pt;\" size=\"3\"><b><span lang=\"fr-FR\">La<br>\ncons\u00e9\u00adquence pra\u00adtique du ren\u00advoi&nbsp;: il signi\u00adfie que&nbsp;le<br>\n\u00ab&nbsp;ren\u00advoyeur&nbsp;\u00bb met l\u2019administration mili\u00adtaire&nbsp;dans<br>\nl\u2019impossibilit\u00e9 de le mobi\u00adli\u00adser nor\u00adma\u00adle\u00adment en cas&nbsp;de<br>\nconflit ou de lui don\u00adner une affec\u00adta\u00adtion en temps de&nbsp;paix.<\/span><\/b><\/font><\/font><\/p>\n<p style=\"margin-right: 0.5cm; text-indent: 1.47cm; margin-bottom: 0cm;\" align=\"justify\">\n<font face=\"Garamond, serif\"><font style=\"font-size: 13pt;\" size=\"3\"><b><span lang=\"fr-FR\">Nous<br>\npublions ci-des\u00adsous la lettre col\u00adlec\u00adtive et les lettres de deux&nbsp;de<br>\nnos cama\u00adrades, mais il serait sou\u00adhai\u00adtable qu\u2019une sorte de \u00ab&nbsp;livre<br>\nblanc&nbsp;\u00bb r\u00e9unisse l\u2019ensemble des lettres actuelles et<br>\ncelles \u00e0 venir car cer\u00adtai\u00adne\u00adment d\u2019autres sont&nbsp;en<br>\npr\u00e9paration.<\/span><\/b><\/font><\/font><\/p>\n<p style=\"margin-right: 0.5cm; text-indent: 1.47cm; margin-bottom: 0cm;\" align=\"justify\" lang=\"fr-FR\">\n<font face=\"Garamond, serif\"><font style=\"font-size: 13pt;\" size=\"3\"><b>Apr\u00e8s<br>\nMe Georges Pinet, Domi\u00adnique Hal\u00e9\u00advy, Roland Grun, Jacques<br>\nAtger, Jean Cou\u00adlar\u00addeau, Ren\u00e9 Huard, Guy Cha\u00adte\u00adlan, Jean-Pierre<br>\nPer\u00adrin, Aim\u00e9 L\u00e9aud, Jean Des\u00adbois, Jean-Marie Muller,<br>\nJacques Pois\u00adson et Alain V\u00e9ri\u00adgnon ont ren\u00advoy\u00e9&nbsp;leur<br>\nlivret militaire.<\/b><\/font><\/font><\/p>\n<p style=\"margin-right: 0.5cm; text-indent: 1.47cm; margin-bottom: 0cm;\" align=\"justify\">\n<font face=\"Garamond, serif\"><font style=\"font-size: 13pt;\" size=\"3\"><b><span lang=\"fr-FR\">D\u2019autres<br>\nl\u2019ont fait \u00e9ga\u00adle\u00adment en signant la d\u00e9claration<br>\ncom\u00admune sui\u00advante. Ce sont&nbsp;: Bru\u00adno Abeille, Adolphe Bedoin,<br>\nJean-Pierre Ber\u00adtrand, Hughes Fay\u00adnel, Jean-Phi\u00adlippe Hamon, Jean-Pierre<br>\nMachy, Yves Ruel\u00adlan et Pierre-Luc S\u00e9guillon.<\/span><\/b><\/font><\/font><\/p>\n<p style=\"margin-right: 0.5cm; text-indent: 1.47cm; margin-bottom: 0cm;\" align=\"justify\">\n <font face=\"Garamond, serif\"><font style=\"font-size: 13pt;\" size=\"3\"><i><span lang=\"fr-FR\">\u00ab&nbsp;Nous<br>\navons ren\u00advoy\u00e9 notre LIVRET MILITAIRE au ministre des Arm\u00e9es&nbsp;? Pour\u00adquoi avons-nous accom\u00adpli ce geste&nbsp;? Parce que, venus d\u2019horizons<br>\nphi\u00adlo\u00adso\u00adphiques et sociaux tr\u00e8s dif\u00adf\u00e9\u00adrents, mais&nbsp;ayant<br>\npour exi\u00adgence com\u00admune le res\u00adpect de l\u2019homme, nous refusons<br>\nl\u2019actuelle course aux arme\u00adments, et sp\u00e9\u00adcia\u00adle\u00adment&nbsp;aux<br>\narme\u00adments ato\u00admiques. Notre acte, bien que pos\u00e9 dans&nbsp;notre<br>\npays, concerne une situa\u00adtion mondiale.<\/span><\/i><\/font><\/font><\/p>\n<p style=\"margin-right: 0.5cm; text-indent: 1.47cm; margin-bottom: 0cm;\" align=\"justify\">\n<font face=\"Garamond, serif\"><font style=\"font-size: 13pt;\" size=\"3\"><i><span lang=\"fr-FR\">La<br>\ncourse g\u00e9n\u00e9\u00adrale aux arme\u00adments s\u2019aggrave d\u2019ann\u00e9e<br>\nen ann\u00e9e de par le monde, et touche m\u00eame des pays&nbsp;en<br>\nvoie de d\u00e9ve\u00adlop\u00adpe\u00adment (tels l\u2019Am\u00e9rique latine, le<br>\nProche-Orient, etc.), inci\u00adt\u00e9s \u00e0 agir ain\u00adsi&nbsp;par<br>\nl\u2019attitude des grandes puissances.<\/span><\/i><\/font><\/font><\/p>\n<p style=\"margin-right: 0.5cm; text-indent: 1.47cm; margin-bottom: 0cm;\" align=\"justify\">\n<font face=\"Garamond, serif\"><font style=\"font-size: 13pt;\" size=\"3\"><span lang=\"fr-FR\"><i>M\u00eame<br>\nsi la force de frappe fran\u00ad\u00e7aise consti\u00adtue pour le moment un<br>\npro\u00adc\u00e9\u00add\u00e9 de \u00ab&nbsp;dis\u00adsua\u00adsion&nbsp;\u00bb (<code>!<\/code>), elle&nbsp;ne<br>\nsau\u00adrait en aucune mani\u00e8re \u00eatre une voie s\u00fbre&nbsp;pour<br>\nle MAINTIEN DE LA PAIX&nbsp;: elle ne peut abou\u00adtir qu\u2019\u00e0&nbsp;une<br>\nimpasse, \u00e0 un impos\u00adsible <\/i>\u00ab&nbsp;<i>\u00e9qui\u00adlibre de&nbsp;la<br>\nter\u00adreur&nbsp;\u00bb. Loin d\u2019\u00e9liminer les causes de la guerre,<br>\nnous sommes res\u00adpon\u00adsables de leur aggra\u00adva\u00adtion, ain\u00adsi que des crimes<br>\nd\u2019ores et d\u00e9j\u00e0 com\u00admis au nom d\u2019exp\u00e9riences<br>\nnucl\u00e9aires pr\u00e9\u00adten\u00addues \u00ab&nbsp;propres&nbsp;\u00bb (Ex.:<br>\nPOLYN\u00c9SIE).<\/i><\/span><\/font><\/font><\/p>\n<p style=\"margin-right: 0.5cm; text-indent: 1.47cm; margin-bottom: 0cm;\" align=\"justify\">\n<font face=\"Garamond, serif\"><font style=\"font-size: 13pt;\" size=\"3\"><i><span lang=\"fr-FR\">Mal\u00adgr\u00e9<br>\nla menace nucl\u00e9aire, les conflits ensan\u00adglantent la plan\u00e8te,<br>\nen par\u00adti\u00adcu\u00adlier l\u2019atroce guerre du VIETNAM&nbsp;: nous saluons ici<br>\nfra\u00adter\u00adnel\u00adle\u00adment les mil\u00adliers de jeunes Am\u00e9\u00adri\u00adcains&nbsp;qui<br>\nren\u00advoient ou d\u00e9truisent leurs papiers mili\u00adtaires en&nbsp;signe<br>\nd\u2019opposition active \u00e0 cette guerre.<\/span><\/i><\/font><\/font><\/p>\n<p style=\"margin-right: 0.5cm; text-indent: 1.47cm; margin-bottom: 0cm;\" align=\"justify\">\n<font face=\"Garamond, serif\"><font style=\"font-size: 13pt;\" size=\"3\"><span lang=\"fr-FR\"><i>Cette<br>\ncourse aux arme\u00adments est en effet le signe le plus mani\u00adfeste et&nbsp;le<br>\nplus scan\u00adda\u00adleux de la situa\u00adtion de vio\u00adlence \u00e0 laquelle se<br>\ntrouve accu\u00adl\u00e9e l\u2019humanit\u00e9&nbsp;; ceci par suite&nbsp;de<br>\n<\/i>l\u2019exploitation in\u00e9vi\u00adtable, <i>dans notre syst\u00e8me<br>\n\u00e9co\u00adno\u00admique actuel, des pays pauvres par les puis\u00adsants&nbsp;et<br>\npri\u00advi\u00adl\u00e9\u00adgi\u00e9s dont nous sommes.<\/i><\/span><\/font><\/font><\/p>\n<p style=\"margin-right: 0.5cm; text-indent: 1.47cm; margin-bottom: 0cm;\" align=\"justify\">\n<font face=\"Garamond, serif\"><font style=\"font-size: 13pt;\" size=\"3\"><i><span lang=\"fr-FR\">Mais<br>\nsi nous d\u00e9non\u00ad\u00e7ons cet \u00e9tat de fait, c\u2019est&nbsp;que<br>\nnous croyons l\u2019homme capable de ma\u00ee\u00adtri\u00adser le d\u00e9veloppement<br>\nde l\u2019humanit\u00e9 et de l\u2019orienter vers le ser\u00advice de tous&nbsp;les<br>\nhommes, dans ce qu\u2019il y a de meilleur en eux. C\u2019est ain\u00adsi&nbsp;que<br>\nnous enten\u00addons par\u00adti\u00adci\u00adper \u00e0 la construc\u00adtion d\u2019un monde&nbsp;plus<br>\njuste et plus solidaire.<\/span><\/i><\/font><\/font><\/p>\n<p style=\"margin-right: 0.5cm; text-indent: 1.47cm; margin-bottom: 0cm;\" align=\"justify\">\n<font face=\"Garamond, serif\"><font style=\"font-size: 13pt;\" size=\"3\"><span lang=\"fr-FR\"><i>Nous<br>\nsavons que notre geste ne se suf\u00adfit pas \u00e0 lui seul et r\u00e9clame<br>\nde nous une <\/i>par\u00adti\u00adci\u00adpa\u00adtion active <i>\u00e0 toutes les formes de<br>\nlutte, ten\u00addant \u00e0 lib\u00e9\u00adrer les peuples de la FAIM et&nbsp;de<br>\nla&nbsp;PEUR.<\/i><\/span><\/font><\/font><\/p>\n<p style=\"margin-right: 0.5cm; text-indent: 1.47cm; margin-bottom: 0cm;\" align=\"justify\">\n<font face=\"Garamond, serif\"><font style=\"font-size: 13pt;\" size=\"3\"><i><span lang=\"fr-FR\">Pour<br>\ncha\u00adcun de nous, c\u2019est notre foi, notre phi\u00adlo\u00adso\u00adphie ou&nbsp;notre<br>\nid\u00e9o\u00adlo\u00adgie qui donne sa pleine signi\u00adfi\u00adca\u00adtion \u00e0&nbsp;notre<br>\nd\u00e9cision.&nbsp;\u00bb<\/span><\/i><\/font><\/font><\/p>\n<p style=\"margin-right: 0.5cm; text-indent: 1.47cm; margin-bottom: 0cm;\" align=\"justify\" lang=\"fr-FR\">\n<font face=\"Garamond, serif\"><font style=\"font-size: 13pt;\" size=\"3\"><i>En<br>\nce mois de f\u00e9vrier 1968.<\/i><\/font><\/font><\/p>\n<p style=\"margin-right: 0.5cm; text-indent: 1.47cm; margin-bottom: 0cm;\" align=\"justify\">&nbsp; <font face=\"Garamond, serif\"><font style=\"font-size: 13pt;\" size=\"3\"><b><span lang=\"fr-FR\">A<br>\nla suite de ces ren\u00advois, il s\u2019est consti\u00adtu\u00e9 dans la r\u00e9gion<br>\nlyon\u00adnaise un groupe de sou\u00adtien moral et finan\u00adcier. Fin jan\u00advier,&nbsp;170<br>\nper\u00adsonnes y avaient adh\u00e9r\u00e9.<\/span><\/b><\/font><\/font><\/p>\n<p style=\"margin-right: 0.5cm; text-indent: 1.47cm; margin-bottom: 0cm;\" align=\"justify\" lang=\"fr-FR\">\n<font face=\"Garamond, serif\"><font style=\"font-size: 13pt;\" size=\"3\"><span lang=\"fr-FR\"><b>Sou\u00adtien<br>\nfinan\u00adcier <\/b>: <\/span><b>Pau\u00adlette<br>\nDECLIPELLEIR, 19,<br>\nGrande-Rue, 69 \u2013 OULLINS, CCP<br>\nLyon 1156\u200a\u2013\u200a71<\/b><\/font><\/font><\/p>\n<p style=\"margin-right: 0.5cm; text-indent: 1.47cm; margin-bottom: 0cm;\" align=\"justify\" lang=\"fr-FR\">\n<font face=\"Garamond, serif\"><font style=\"font-size: 13pt;\" size=\"3\"><b>Secr\u00e9\u00adta\u00adriat<br>\net cor\u00adres\u00adpon\u00addance&nbsp;: Mireille<br>\nDEBARD, Oasis<br>\nall\u00e9e 1,&nbsp;3,<br>\nrue F.-Jomard 69 \u2013 OULLINS<\/b><\/font><\/font><\/p>\n<p style=\"margin-right: 0.5cm; text-indent: 1.47cm; margin-bottom: 0cm;\" align=\"justify\" lang=\"fr-FR\">\n<font face=\"Garamond, serif\"><font style=\"font-size: 13pt;\" size=\"3\"><strong><em>*&nbsp;<br>\n*&nbsp;  *<\/em><\/strong><\/font><\/font><\/p>\n<p style=\"margin-right: 0.5cm; text-indent: 1.47cm; margin-bottom: 0cm;\" align=\"justify\" lang=\"fr-FR\">\n<font face=\"Garamond, serif\"><font style=\"font-size: 13pt;\" size=\"3\"><i><b>Lettre<br>\nde Jean-Pierre Bertrand<\/b><\/i><\/font><\/font><\/p>\n<p style=\"margin-right: 0.5cm; text-indent: 1.47cm; margin-bottom: 0cm;\" align=\"justify\" lang=\"fr-FR\">\n<font face=\"Garamond, serif\"><font style=\"font-size: 13pt;\" size=\"3\"><i>Her\u00adblay,<br>\nle 21 novembre 1967<\/i><\/font><\/font><\/p>\n<p style=\"margin-right: 0.5cm; text-indent: 1.47cm; margin-bottom: 0cm;\" align=\"justify\">\n<font face=\"Garamond, serif\"><font style=\"font-size: 13pt;\" size=\"3\"><i><span lang=\"fr-FR\">La<br>\npoli\u00adtique du gou\u00adver\u00adne\u00adment actuel donne la prio\u00adri\u00adt\u00e9 \u00e0&nbsp;la<br>\nmise en place d\u2019une force de frappe moderne bas\u00e9e sur&nbsp;un<br>\narme\u00adment nucl\u00e9aire et thermonucl\u00e9aire.<\/span><\/i><\/font><\/font><\/p>\n<p style=\"margin-right: 0.5cm; text-indent: 1.47cm; margin-bottom: 0cm;\" align=\"justify\">\n<font face=\"Garamond, serif\"><font style=\"font-size: 13pt;\" size=\"3\"><i><span lang=\"fr-FR\">Cette<br>\npoli\u00adtique est inutile et abso\u00adlu\u00adment inef\u00adfi\u00adcace car, en com\u00adpa\u00adrant&nbsp;les<br>\nmoyens de l\u2019\u00c9tat fran\u00ad\u00e7ais aux pos\u00adsi\u00adbi\u00adli\u00adt\u00e9s&nbsp;des<br>\ndeux Grands, il est cer\u00adtain que l\u2019accentuation du retard existant<br>\nd\u00e9j\u00e0 ne fera que se confirmer.<\/span><\/i><\/font><\/font><\/p>\n<p style=\"margin-right: 0.5cm; text-indent: 1.47cm; margin-bottom: 0cm;\" align=\"justify\">\n<font face=\"Garamond, serif\"><font style=\"font-size: 13pt;\" size=\"3\"><i><span lang=\"fr-FR\">Cette<br>\npoli\u00adtique est dan\u00adge\u00adreuse car la construc\u00adtion de la bombe provoque<br>\nm\u00eame en temps de paix des radia\u00adtions cons\u00e9\u00adcu\u00adtives&nbsp;aux<br>\nexplo\u00adsions exp\u00e9\u00adri\u00admen\u00adtales (Muru\u00adroa) qui rendent radio-actives<br>\nla faune et la flore sous-marines envi\u00adron\u00adnantes&nbsp;; la radio-activit\u00e9<br>\nde l\u2019atmosph\u00e8re s\u2019accro\u00eet, ame\u00adnant \u00e0 plus&nbsp;ou<br>\nmoins br\u00e8ve \u00e9ch\u00e9ance une aug\u00admen\u00adta\u00adtion du nombre<br>\ndes leu\u00adc\u00e9\u00admies et des mal\u00adfor\u00adma\u00adtions cong\u00e9\u00adni\u00adtales (les<br>\ncons\u00e9\u00adquences de l\u2019explosion de la bombe d\u2019Hiroshima en<br>\n1945 se font encore ressentir).<\/span><\/i><\/font><\/font><\/p>\n<p style=\"margin-right: 0.5cm; text-indent: 1.47cm; margin-bottom: 0cm;\" align=\"justify\">\n<font face=\"Garamond, serif\"><font style=\"font-size: 13pt;\" size=\"3\"><i><span lang=\"fr-FR\">Cette<br>\npoli\u00adtique entra\u00ee\u00adne\u00adra imman\u00adqua\u00adble\u00adment l\u2019utilisation de&nbsp;la<br>\nforce ato\u00admique. Qu\u2019une guerre nucl\u00e9aire soit d\u00e9clench\u00e9e<br>\net, m\u00eame si nous y sommes \u00e9tran\u00adgers, nous serons<br>\nimm\u00e9\u00addia\u00adte\u00adment d\u00e9truits par l\u2019un des bellig\u00e9rants,<br>\nvoire les deux, afin de nous emp\u00ea\u00adcher de prendre part&nbsp;au<br>\nconflit et d\u2019utiliser nos bombes. Si nous \u00e9tions les<br>\npre\u00admiers \u00e0 nous en ser\u00advir, une riposte imm\u00e9\u00addiate&nbsp;nous<br>\ncondui\u00adrait \u00e9ga\u00adle\u00adment au d\u00e9sastre&nbsp;; d\u2019ailleurs la<br>\nconstruc\u00adtion d\u2019une \u00ab&nbsp;force de dis\u00adsua\u00adsion&nbsp;\u00bb n\u2019am\u00e8ne<br>\npas les autres puis\u00adsances \u00e0 r\u00e9fl\u00e9\u00adchir,&nbsp;comme<br>\nvous le pr\u00e9\u00adten\u00addez et comme vous essayez de nous le&nbsp;faire<br>\ncroire, mais au contraire \u00e0 pr\u00e9\u00adpa\u00adrer des armes&nbsp;plus<br>\nper\u00adfec\u00adtion\u00adn\u00e9es et plus ter\u00adribles pour rendre les n\u00f4tres<br>\ninoffensives.<\/span><\/i><\/font><\/font><\/p>\n<p style=\"margin-right: 0.5cm; text-indent: 1.47cm; margin-bottom: 0cm;\" align=\"justify\">\n<font face=\"Garamond, serif\"><font style=\"font-size: 13pt;\" size=\"3\"><i><span lang=\"fr-FR\">Enfin,<br>\nelle incite, d\u00e8s main\u00adte\u00adnant, d\u2019autres pays plus petits \u00e0<br>\nsuivre notre mau\u00advais exemple et au lieu de d\u00e9truire uniquement<br>\nle poten\u00adtiel mili\u00adtaire, les bombes an\u00e9an\u00adti\u00adront pays entiers<br>\nvoire conti\u00adnents&nbsp;; les r\u00e9per\u00adcus\u00adsions seront ter\u00adribles sur<br>\ntoute la plan\u00e8te.<\/span><\/i><\/font><\/font><\/p>\n<p style=\"margin-right: 0.5cm; text-indent: 1.47cm; margin-bottom: 0cm;\" align=\"justify\">\n<font face=\"Garamond, serif\"><font style=\"font-size: 13pt;\" size=\"3\"><i><span lang=\"fr-FR\">Cette<br>\npoli\u00adtique est rui\u00adneuse \u00e0 cause des sommes consid\u00e9rables<br>\nqu\u2019elle englou\u00adtit et qui d\u00e9passent nos moyens&nbsp;;&nbsp;elle<br>\ngas\u00adpille de l\u2019\u00e9nergie humaine qui pour\u00adrait ser\u00advir&nbsp;\u00e0<br>\npro\u00adt\u00e9\u00adger la vie plu\u00adt\u00f4t qu\u2019\u00e0 la d\u00e9truire.<br>\nComme le dit Jean Ros\u00adtand&nbsp;: \u00ab&nbsp;Peut-on ne pas fl\u00e9\u00adtrir&nbsp;la<br>\nr\u00e9vol\u00adtante dis\u00adpa\u00adri\u00adt\u00e9 entre les bud\u00adgets de la mort&nbsp;et<br>\nles bud\u00adgets de la vie, entre la muni\u00adfi\u00adcence dont on fait preuve pour<br>\nce qui tue ou qui d\u00e9truit et la l\u00e9si\u00adne\u00adrie pour ce&nbsp;qui<br>\nsou\u00adlage et qui&nbsp;sauve.&nbsp;\u00bb<\/span><\/i><\/font><\/font><\/p>\n<p style=\"margin-right: 0.5cm; text-indent: 1.47cm; margin-bottom: 0cm;\" align=\"justify\">\n<font face=\"Garamond, serif\"><font style=\"font-size: 13pt;\" size=\"3\"><span lang=\"fr-FR\"><i>C\u2019est<br>\npour\u00adquoi, en conscience, je ne peux accep\u00adter cette poli\u00adtique. Mais,<br>\nbien que je condamne l\u2019armement ato\u00admique parce qu\u2019il est un&nbsp;pas<br>\naus\u00adsi gigan\u00adtesque qu\u2019inadmissible dans le d\u00e9ve\u00adlop\u00adpe\u00adment de \u00ab&nbsp;l\u2019art de la guerre&nbsp;\u00bb<\/i>, <i>je ne sau\u00adrais pour autant<br>\napprou\u00adver l\u2019emploi des armes dites conven\u00adtion\u00adnelles. Ce que j\u2019ai<br>\nvu en Alg\u00e9\u00adrie pen\u00addant mon ser\u00advice mili\u00adtaire, bien que j\u2019aie<br>\neu la chance d\u2019avoir un poste d\u2019ins\u00adtituteur pen\u00addant&nbsp;un<br>\ncer\u00adtain temps, m\u2019a mon\u00adtr\u00e9 les cons\u00e9quences<br>\nin\u00e9vi\u00adtables de la guerre&nbsp;: r\u00e9pres\u00adsion, torture,<br>\nchan\u00adtage, haine, mis\u00e8re mat\u00e9\u00adrielle et morale, rancune,<br>\nven\u00adgeance, etc. Ce qui est condam\u00adn\u00e9 par les tri\u00adbu\u00adnaux en&nbsp;temps<br>\nde paix devient acte de cou\u00adrage en temps de guerre, ce que la morale<br>\nr\u00e9prouve devient un \u00e9tat de fait nor\u00admal&nbsp;; la mise&nbsp;en<br>\ncondi\u00adtion am\u00e8ne l\u2019ab\u00eatissement de l\u2019homme le&nbsp;plus<br>\nsens\u00e9.<\/i><\/span><\/font><\/font><\/p>\n<p style=\"margin-right: 0.5cm; text-indent: 1.47cm; margin-bottom: 0cm;\" align=\"justify\">\n<font face=\"Garamond, serif\"><font style=\"font-size: 13pt;\" size=\"3\"><span lang=\"fr-FR\"><i>Et<br>\nsi je r\u00e9prouve l\u2019emploi de la vio\u00adlence en g\u00e9n\u00e9ral<br>\net si je condamne la force de frappe en par\u00adti\u00adcu\u00adlier, c\u2019est que&nbsp;je<br>\npense que la France, au lieu d\u2019\u00eatre la gre\u00adnouille envieuse de<br>\nla fable, pour\u00adrait deve\u00adnir le pays mod\u00e8le du d\u00e9sarmement<br>\nuni\u00adla\u00adt\u00e9\u00adral et, par ses res\u00adsources ain\u00adsi lib\u00e9r\u00e9es,<br>\nouvrir des pers\u00adpec\u00adtives nou\u00advelles. Actuel\u00adle\u00adment, le gouvernement<br>\nfran\u00ad\u00e7ais favo\u00adrise le d\u00e9ve\u00adlop\u00adpe\u00adment et l\u2019expansion des<br>\nmono\u00adpoles et des grosses entre\u00adprises pri\u00adv\u00e9es, ce&nbsp;qui<br>\nenri\u00adchit les finan\u00adciers et les capi\u00adta\u00adlistes au d\u00e9tri\u00adment&nbsp;des<br>\ntra\u00advailleurs. Car une poli\u00adtique <\/i>\u00ab&nbsp;<i>sociale&nbsp;\u00bb&nbsp;ne<br>\nconsiste pas \u00e0 avoir des trans\u00adports publics ou une S\u00e9curit\u00e9<br>\nsociale \u00ab&nbsp;ren\u00adtables&nbsp;\u00bb, mais \u00e0 d\u00e9ve\u00adlop\u00adper&nbsp;le<br>\npays dans un sens tel que cha\u00adcun ait \u00e0 sa dis\u00adpo\u00adsi\u00adtion ce&nbsp;dont<br>\nil a besoin et qu\u2019il se sente \u00e0 sa place dans la soci\u00e9t\u00e9.<br>\nOr nous man\u00adquons d\u2019\u00e9coles, de loge\u00adments (sociaux),<br>\nd\u2019h\u00f4pitaux, de centres cultu\u00adrels et spor\u00adtifs, de routes et<br>\nd\u2019autoroutes, etc. Com\u00adment le Fran\u00ad\u00e7ais pour\u00adrait-il se sentir<br>\n\u00e0 sa place, \u00e0 son aise dans une soci\u00e9t\u00e9<br>\no\u00f9 il est esclave de la pro\u00adduc\u00adtion, o\u00f9 il est menac\u00e9<br>\nde ch\u00f4\u00admage \u00e0 tout moment, o\u00f9 les moyens efficaces<br>\nde ne don\u00adner la vie qu\u2019\u00e0 des enfants d\u00e9sir\u00e9s<br>\nlui sont refu\u00ads\u00e9s \u00e0 moins d\u2019enfreindre une&nbsp;loi<br>\nr\u00e9ac\u00adtion\u00adnaire qui inter\u00addit la vente des pro\u00adduits contraceptifs<br>\nain\u00adsi que l\u2019avortement th\u00e9rapeutique&nbsp;?<\/i><\/span><\/font><\/font><\/p>\n<p style=\"margin-right: 0.5cm; text-indent: 1.47cm; margin-bottom: 0cm;\" align=\"justify\">\n<font face=\"Garamond, serif\"><font style=\"font-size: 13pt;\" size=\"3\"><i><span lang=\"fr-FR\">Mais<br>\nprendre les mesures n\u00e9ces\u00adsaires exi\u00adge\u00adrait de votre part&nbsp;un<br>\nres\u00adpect de l\u2019homme que vous n\u2019avez pas et que vous ne pou\u00advez&nbsp;pas<br>\navoir car vous \u00eates au ser\u00advice du capi\u00adta\u00adlisme, car&nbsp;vous<br>\nrecher\u00adchez la gran\u00addeur de l\u2019\u00c9tat au lieu du bon\u00adheur&nbsp;de<br>\nl\u2019individu, car vous consi\u00add\u00e9\u00adrez l\u2019homme comme un pion&nbsp;que<br>\nvous d\u00e9pla\u00adcez, au gr\u00e9 de vos besoins, de&nbsp;vos<br>\nfantaisies.<\/span><\/i><\/font><\/font><\/p>\n<p style=\"margin-right: 0.5cm; text-indent: 1.47cm; margin-bottom: 0cm;\" align=\"justify\">\n<font face=\"Garamond, serif\"><font style=\"font-size: 13pt;\" size=\"3\"><i><span lang=\"fr-FR\">Face<br>\n\u00e0 la situa\u00adtion des pays moins favo\u00adri\u00ads\u00e9s ou&nbsp;moins<br>\n\u00e9vo\u00adlu\u00e9s, la France, pays riche, pour\u00adrait&nbsp;alors<br>\npra\u00adti\u00adquer, \u00e0 une \u00e9chelle bien sup\u00e9\u00adrieure \u00e0<br>\ntout ce qui a \u00e9t\u00e9 fait jusqu\u2019\u00e0 main\u00adte\u00adnant,&nbsp;une<br>\naide per\u00admet\u00adtant la for\u00adma\u00adtion de cadres comp\u00e9tents,<br>\nl\u2019acquisition de tech\u00adniques appli\u00adcables en fonc\u00adtion des probl\u00e8mes,<br>\net cela sans pater\u00adna\u00adlisme condes\u00adcen\u00addant pro\u00adfi\u00adtant aux bourgeoisies<br>\nlocales ni n\u00e9o\u00adco\u00adlo\u00adnia\u00adlisme ayant pour seul but r\u00e9el&nbsp;le<br>\n\u00ab&nbsp;pres\u00adtige&nbsp;\u00bb fran\u00e7ais.<\/span><\/i><\/font><\/font><\/p>\n<p style=\"margin-right: 0.5cm; text-indent: 1.47cm; margin-bottom: 0cm;\" align=\"justify\">\n<font face=\"Garamond, serif\"><font style=\"font-size: 13pt;\" size=\"3\"><i><span lang=\"fr-FR\">Mais<br>\nces consi\u00add\u00e9\u00adra\u00adtions ne seraient que ver\u00adbales et n\u2019auraient<br>\naucune valeur si je res\u00adtais pas\u00adsif&nbsp;; je serais com\u00adplice d\u2019une<br>\npoli\u00adtique inac\u00adcep\u00adtable. C\u2019est pour\u00adquoi je vous ren\u00advoie ci-joint mon<br>\nlivret mili\u00adtaire, sym\u00adbole d\u2019acceptation d\u2019un embri\u00adga\u00adde\u00adment&nbsp;dans<br>\nune arm\u00e9e que je condamne et signe d\u2019ob\u00e9issance \u00e0<br>\nun gou\u00adver\u00adne\u00adment qui pour\u00adsuit soli\u00adtai\u00adre\u00adment une poli\u00adtique que je&nbsp;ne<br>\npeux cautionner.<\/span><\/i><\/font><\/font><\/p>\n<p style=\"margin-right: 0.5cm; text-indent: 1.47cm; margin-bottom: 0cm;\" align=\"justify\">\n<font face=\"Garamond, serif\"><font style=\"font-size: 13pt;\" size=\"3\"><i><span lang=\"fr-FR\">Conscient<br>\ndes cons\u00e9\u00adquences judi\u00adciaires que cet acte peut entra\u00eener,<br>\nje n\u2019ai pas l\u2019intention de m\u2019y soustraire.<\/span><\/i><\/font><\/font><\/p>\n<p style=\"margin-right: 0.5cm; text-indent: 1.47cm; margin-bottom: 0cm;\" align=\"justify\">\n<font face=\"Garamond, serif\"><font style=\"font-size: 13pt;\" size=\"3\"><b><span lang=\"fr-FR\">A<br>\nla suite du ren\u00advoi de son livret, la deuxi\u00e8me chambre<br>\ncor\u00adrec\u00adtion\u00adnelle de Pon\u00adtoise a condam\u00adn\u00e9, le 27 mars 1968, J.-P.<br>\nBer\u00adtrand \u00e0 un mois de pri\u00adson avec sur\u00adsis et 500 F d\u2019amende.<\/span><\/b><\/font><\/font><\/p>\n<p style=\"margin-right: 0.5cm; text-indent: 1.47cm; margin-bottom: 0cm;\" align=\"justify\" lang=\"fr-FR\">&nbsp; <font face=\"Garamond, serif\"><font style=\"font-size: 13pt;\" size=\"3\"><i><b>Lettre<br>\nde Jean-Pierre Machy<\/b><\/i><\/font><\/font><\/p>\n<p style=\"margin-right: 0.5cm; text-indent: 1.47cm; margin-bottom: 0cm;\" align=\"justify\" lang=\"fr-FR\">\n<font face=\"Garamond, serif\"><font style=\"font-size: 13pt;\" size=\"3\"><i>Paris,<br>\nle 25 octobre 1967<\/i><\/font><\/font><\/p>\n<p style=\"margin-right: 0.5cm; text-indent: 1.47cm; margin-bottom: 0cm;\" align=\"justify\">\n<font face=\"Garamond, serif\"><font style=\"font-size: 13pt;\" size=\"3\"><i><span lang=\"fr-FR\">Enga\u00adg\u00e9<br>\nvolon\u00adtaire de 1955 \u00e0 1960, j\u2019ai par\u00adti\u00adci\u00adp\u00e9 \u00e0&nbsp;la<br>\nqua\u00adsi-tota\u00adli\u00adt\u00e9 de la guerre d\u2019Alg\u00e9rie. J\u2019en revins<br>\nconscient d\u2019avoir com\u00adbat\u00adtu en vain et pour une cause injuste&nbsp;:<br>\ncelle d\u2019un imp\u00e9\u00adria\u00adlisme d\u00e9ca\u00addent qui depuis 1945&nbsp;a<br>\naccu\u00admu\u00adl\u00e9 quinze ann\u00e9es durant les crimes au Viet\u00adnam,&nbsp;\u00e0<br>\nMada\u00adgas\u00adcar, au Maroc, en Tuni\u00adsie, en Alg\u00e9\u00adrie, en \u00c9gypte.<\/span><\/i><\/font><\/font><\/p>\n<p style=\"margin-right: 0.5cm; text-indent: 1.47cm; margin-bottom: 0cm;\" align=\"justify\">\n<font face=\"Garamond, serif\"><font style=\"font-size: 13pt;\" size=\"3\"><i><span lang=\"fr-FR\">T\u00e9moin<br>\ndes cruau\u00adt\u00e9s inex\u00adcu\u00adsables com\u00admises par l\u2019arm\u00e9e<br>\nfran\u00ad\u00e7aise en Alg\u00e9\u00adrie ain\u00adsi que des mul\u00adtiples complots<br>\nd\u2019officiers fas\u00adcistes, je nour\u00adris depuis cette \u00e9poque le<br>\nplus com\u00adplet m\u00e9pris pour la caste militaire.<\/span><\/i><\/font><\/font><\/p>\n<p style=\"margin-right: 0.5cm; text-indent: 1.47cm; margin-bottom: 0cm;\" align=\"justify\">\n<font face=\"Garamond, serif\"><font style=\"font-size: 13pt;\" size=\"3\"><i><span lang=\"fr-FR\">Les<br>\nsou\u00adve\u00adnirs de ce pas\u00ads\u00e9 d\u00e9tes\u00adtable suf\u00adfi\u00adraient \u00e0<br>\nmoti\u00adver mon refus de par\u00adti\u00adci\u00adper de quelque fa\u00e7on que ce&nbsp;soit<br>\naux affaires mili\u00adtaires. Mais, si je vous ren\u00advoie aujourd\u2019hui mon<br>\nlivret indi\u00advi\u00adduel, c\u2019est sur\u00adtout en pen\u00adsant \u00e0 l\u2019avenir&nbsp;:<br>\nl\u2019avenir des hommes de ce pays gra\u00adve\u00adment com\u00adpro\u00admis par&nbsp;la<br>\nconstruc\u00adtion de la force de frappe nucl\u00e9aire, l\u2019avenir de<br>\nl\u2019Humanit\u00e9 que la course aux arme\u00adments risque de conduire \u00e0<br>\nla guerre totale.<\/span><\/i><\/font><\/font><\/p>\n<p style=\"margin-right: 0.5cm; text-indent: 1.47cm; margin-bottom: 0cm;\" align=\"justify\">\n<font face=\"Garamond, serif\"><font style=\"font-size: 13pt;\" size=\"3\"><i><span lang=\"fr-FR\">L\u2019arme<br>\nnucl\u00e9aire est condam\u00adnable \u00e0 bien de points de vue&nbsp;et<br>\nd\u2019abord sim\u00adple\u00adment en tant qu\u2019arme. Com\u00adment, apr\u00e8s&nbsp;avoir<br>\njug\u00e9 les cri\u00admi\u00adnels nazis \u00e0 Nurem\u00adberg, osons-nous<br>\npr\u00e9\u00adpa\u00adrer des exter\u00admi\u00adna\u00adtions mas\u00adsives qu\u2019Hitler n\u2019eut&nbsp;pas<br>\nd\u00e9savou\u00e9es&nbsp;?<\/span><\/i><\/font><\/font><\/p>\n<p style=\"margin-right: 0.5cm; text-indent: 1.47cm; margin-bottom: 0cm;\" align=\"justify\">\n<font face=\"Garamond, serif\"><font style=\"font-size: 13pt;\" size=\"3\"><i><span lang=\"fr-FR\">Les<br>\nessais ato\u00admiques que le gou\u00adver\u00adne\u00adment fran\u00ad\u00e7ais s\u2019obstine \u00e0<br>\npour\u00adsuivre font par ailleurs cou\u00adrir aux popu\u00adla\u00adtions des dangers<br>\ncer\u00adtains&nbsp;; d\u2019autant plus dif\u00adfi\u00adciles \u00e0 \u00e9va\u00adluer que&nbsp;la<br>\npro\u00adpa\u00adgande offi\u00adcielle les mini\u00admise. En d\u00e9pit de vos propres<br>\naffir\u00adma\u00adtions, vous devez, Mon\u00adsieur le Ministre, conna\u00eetre ces<br>\ndan\u00adgers mieux que per\u00adsonne puisque vous f\u00fbtes irradi\u00e9<br>\nlors d\u2019une exp\u00e9\u00adrience sou\u00adter\u00adraine (donc\u2026 \u00ab&nbsp;inof\u00adfen\u00adsive&nbsp;\u00bb). A pro\u00adpos, com\u00adbien de sol\u00addats mou\u00adrurent-ils \u00e0<br>\nla suite de cette \u00ab&nbsp;bavure&nbsp;\u00bb&nbsp;?<\/span><\/i><\/font><\/font><\/p>\n<p style=\"margin-right: 0.5cm; text-indent: 1.47cm; margin-bottom: 0cm;\" align=\"justify\">\n<font face=\"Garamond, serif\"><font style=\"font-size: 13pt;\" size=\"3\"><span lang=\"fr-FR\"><i>Condam\u00adnable<br>\naus\u00adsi est la stra\u00adt\u00e9\u00adgie qu\u2019entra\u00eene la pos\u00adses\u00adsion&nbsp;de<br>\nl\u2019arme nucl\u00e9aire. \u00ab&nbsp;Stra\u00adt\u00e9\u00adgie anti-cit\u00e9s&nbsp;\u00bb<\/i>,<br>\n\u00ab&nbsp;<i>objec\u00adtifs d\u00e9mo\u00adgra\u00adphiques&nbsp;\u00bb \u00ab&nbsp;MEGAMORT\u00bb\u2026<br>\ntel est le hideux voca\u00adbu\u00adlaire des th\u00e9o\u00adri\u00adciens de l\u2019assassinat<br>\ncollectif.<\/i><\/span><\/font><\/font><\/p>\n<p style=\"margin-right: 0.5cm; text-indent: 1.47cm; margin-bottom: 0cm;\" align=\"justify\">\n<font face=\"Garamond, serif\"><font style=\"font-size: 13pt;\" size=\"3\"><i><span lang=\"fr-FR\">Com\u00adment<br>\ncroire les auteurs de pareils blas\u00adph\u00e8mes lorsqu\u2019ils nous<br>\naffirment qu\u2019ils ne tire\u00adront pas les pre\u00admiers et seule\u00adment en&nbsp;cas<br>\nde l\u00e9gi\u00adtime d\u00e9fense&nbsp;? Sur quelle loi, sur quelle morale<br>\ns\u2019appuient-ils pour \u00ab&nbsp;l\u00e9gi\u00adti\u00admer&nbsp;\u00bb le g\u00e9nocide&nbsp;?<\/span><\/i><\/font><\/font><\/p>\n<p style=\"margin-right: 0.5cm; text-indent: 1.47cm; margin-bottom: 0cm;\" align=\"justify\">\n<font face=\"Garamond, serif\"><font style=\"font-size: 13pt;\" size=\"3\"><i><span lang=\"fr-FR\">De<br>\nnom\u00adbreux auteurs ont ana\u00adly\u00ads\u00e9 les cons\u00e9quences<br>\n\u00e9co\u00adno\u00admiques de la course aux arme\u00adments ou critiqu\u00e9<br>\nl\u2019efficacit\u00e9 de la force de frappe. Je m\u2019en tiens pour&nbsp;ma<br>\npart aux argu\u00adments moraux&nbsp;: ce qui est mora\u00adle\u00adment inac\u00adcep\u00adtable l\u2019est<br>\naus\u00adsi politiquement.<\/span><\/i><\/font><\/font><\/p>\n<p style=\"margin-right: 0.5cm; text-indent: 1.47cm; margin-bottom: 0cm;\" align=\"justify\">\n<font face=\"Garamond, serif\"><font style=\"font-size: 13pt;\" size=\"3\"><i><span lang=\"fr-FR\">L\u2019arme<br>\nato\u00admique est deve\u00adnue le sym\u00adbole d\u2019une poli\u00adtique de vio\u00adlence, d\u2019une<br>\nsoci\u00e9\u00adt\u00e9, d\u2019un ordre nucl\u00e9aire o\u00f9 l\u2019on<br>\ntol\u00e8re tous les crimes pour\u00advu qu\u2019ils soient crimes d\u2019\u00c9tat.<\/span><\/i><\/font><\/font><\/p>\n<p style=\"margin-right: 0.5cm; text-indent: 1.47cm; margin-bottom: 0cm;\" align=\"justify\">\n<font face=\"Garamond, serif\"><font style=\"font-size: 13pt;\" size=\"3\"><i><span lang=\"fr-FR\">Chaque<br>\njour, vio\u00adlence est faite aux humbles, dans l\u2019indiff\u00e9rence ou<br>\navec la com\u00adpli\u00adci\u00adt\u00e9 des pou\u00advoirs publics&nbsp;: vio\u00adlence&nbsp;aux<br>\nmil\u00adlions de vieillards qui vivent dans des tau\u00addis avec cinq francs<br>\npar jour&nbsp;; vio\u00adlence aux jeunes&nbsp;; aban\u00addon\u00adn\u00e9s \u00e0&nbsp;la<br>\nd\u00e9lin\u00adquance dans les rues sans joie des ban\u00adlieues sur\u00adpeu\u00adpl\u00e9es&nbsp;; vio\u00adlence aux six cent mille malades men\u00adtaux dont cinq sur six&nbsp;ne<br>\npeuvent \u00eatre accueillis dans des centres sp\u00e9cialis\u00e9s<br>&nbsp;; vio\u00adlence aux tra\u00advailleurs les plus pauvres sans cesse vic\u00adtimes&nbsp;de<br>\nr\u00e9formes \u00e9co\u00adno\u00admiques peut-\u00eatre utiles mais<br>\nappli\u00adqu\u00e9es sans nuances.<\/span><\/i><\/font><\/font><\/p>\n<p style=\"margin-right: 0.5cm; text-indent: 1.47cm; margin-bottom: 0cm;\" align=\"justify\">\n<font face=\"Garamond, serif\"><font style=\"font-size: 13pt;\" size=\"3\"><i><span lang=\"fr-FR\">Cette<br>\nvio\u00adlence int\u00e9\u00adrieure, la France l\u2019exporte sans ver\u00adgogne&nbsp;dans<br>\nses \u00ab&nbsp;ter\u00adri\u00adtoires d\u2019outre-mer&nbsp;\u00bb o\u00f9 s\u00e9vissent<br>\nla fraude \u00e9lec\u00adto\u00adrale, la r\u00e9pres\u00adsion poli\u00adci\u00e8re&nbsp;et<br>\nles dis\u00adcri\u00admi\u00adna\u00adtions raciales, ce qui n\u2019est pas sans rappeler<br>\ndan\u00adge\u00adreu\u00adse\u00adment l\u2019Alg\u00e9rie.<\/span><\/i><\/font><\/font><\/p>\n<p style=\"margin-right: 0.5cm; text-indent: 1.47cm; margin-bottom: 0cm;\" align=\"justify\">\n<font face=\"Garamond, serif\"><font style=\"font-size: 13pt;\" size=\"3\"><i><span lang=\"fr-FR\">Elle<br>\nl\u2019exporte aus\u00adsi, mal\u00adgr\u00e9 la posi\u00adtion neu\u00adtra\u00adliste qui&nbsp;est<br>\noffi\u00adciel\u00adle\u00adment la sienne, par\u00adtout o\u00f9 des conflits menacent.<br>\nNos usines ont four\u00adni la moi\u00adti\u00e9 des armes utilis\u00e9es<br>\nlors du r\u00e9cent conflit du Moyen Orient, \u00e9quip\u00e9<br>\nl\u2019aviation du gou\u00adver\u00adne\u00adment raciste d\u2019Afrique du Sud et,&nbsp;pour<br>\ncomble, expor\u00adt\u00e9 vers les \u00c9tats-Unis des armes l\u00e9g\u00e8res,<br>\nnotam\u00adment des engins sol-sol que l\u2019industrie am\u00e9\u00adri\u00adcaine&nbsp;ne<br>\npro\u00adduit plus ET QUI SONT UTILISES EN TOTALIT\u00c9 CONTRE LE<br>\nVIETNAM.<\/span><\/i><\/font><\/font><\/p>\n<p style=\"margin-right: 0.5cm; text-indent: 1.47cm; margin-bottom: 0cm;\" align=\"justify\">\n<font face=\"Garamond, serif\"><font style=\"font-size: 13pt;\" size=\"3\"><i><span lang=\"fr-FR\">Devant<br>\nde tels faits, il m\u2019appara\u00eet impos\u00adsible de gar\u00adder un silence<br>\nr\u00e9si\u00adgn\u00e9 ou com\u00adplice. L\u2019objection de conscience reste<br>\nla seule atti\u00adtude lucide devant la course \u00e0 l\u2019ab\u00eeme.<br>\nMais mon geste n\u2019aurait pas de sens s\u2019il n\u2019\u00e9tait qu\u2019un<br>\nsimple refus&nbsp;: aux c\u00f4t\u00e9s des mili\u00adtants pacifistes,<br>\nj\u2019entends agir posi\u00adti\u00adve\u00adment en faveur des plus d\u00e9sh\u00e9rit\u00e9s.<\/span><\/i><\/font><\/font><\/p>\n<p style=\"margin-right: 0.5cm; text-indent: 1.47cm; margin-bottom: 0cm;\" align=\"justify\">\n<font face=\"Garamond, serif\"><font style=\"font-size: 13pt;\" size=\"3\"><i><span lang=\"fr-FR\">C\u2019est<br>\nl\u00e0 une t\u00e2che de jus\u00adtice ins\u00e9\u00adpa\u00adrable de la&nbsp;cause<br>\nde la Paix. Puisque l\u2019\u00c9tat a failli \u00e0 cette&nbsp;t\u00e2che,<br>\nc\u2019est d\u00e9sor\u00admais \u00e0 cha\u00adcun de s\u2019en char\u00adger,&nbsp;et<br>\nd\u2019opposer au pari de la dis\u00adsua\u00adsion par la ter\u00adreur celui de&nbsp;la<br>\nper\u00adsua\u00adsion par la non-violence.<\/span><\/i><\/font><\/font><\/p>\n<p style=\"margin-right: 0.5cm; text-indent: 1.47cm; margin-bottom: 0cm;\" align=\"justify\" lang=\"fr-FR\">\n<font face=\"Garamond, serif\"><font style=\"font-size: 13pt;\" size=\"3\"><i>Je<br>\npense, par cette atti\u00adtude, d\u00e9fendre et illus\u00adtrer mon&nbsp;pays<br>\nautant que qui\u00adconque, tout en y pr\u00e9\u00adpa\u00adrant la n\u00e9cessaire<br>\nR\u00e9vo\u00adlu\u00adtion sociale.<\/i><\/font><\/font><\/p>\n<p style=\"margin-right: 0.5cm; text-indent: 1.47cm; margin-bottom: 0cm;\" align=\"justify\">\n<font face=\"Garamond, serif\"><font style=\"font-size: 13pt;\" size=\"3\"><span lang=\"fr-FR\"><b>Pour<br>\nla r\u00e9gion pari\u00adsienne, il s\u2019est consti\u00adtu\u00e9 un groupe de<br>\nsou\u00adtien, \u00e0 Machy et \u00e0 Ber\u00adtrand, ana\u00adlogue \u00e0&nbsp;celui<br>\nde la r\u00e9gion lyon\u00adnaise. Nous y adh\u00e9\u00adrons et invi\u00adtons&nbsp;nos<br>\nlec\u00adteurs \u00e0 y par\u00adti\u00adci\u00adper. N\u2019oublions pas que ceux&nbsp;qui<br>\nren\u00advoient leur livre mili\u00adtaire prennent des risques imm\u00e9diats<br>\nmais aus\u00adsi \u00e0 longue<\/b><i> <\/i><b>\u00e9ch\u00e9ance.<\/b><\/span><\/font><\/font><\/p>\n<p style=\"margin-right: 0.5cm; text-indent: 1.47cm; margin-bottom: 0cm;\" align=\"justify\" lang=\"fr-FR\">\n<font face=\"Garamond, serif\"><font style=\"font-size: 13pt;\" size=\"3\"><span lang=\"fr-FR\"><b>Sou\u00adtien<br>\nfinan\u00adcier <\/b>: <\/span><b>Michel<br>\nCHEMIN, CCP<br>\nParis 24 827\u200a\u2013\u200a62<\/b><\/font><\/font><\/p>\n<p style=\"margin-right: 0.5cm; text-indent: 1.47cm; margin-bottom: 0cm;\" align=\"justify\" lang=\"fr-FR\">\n<font face=\"Garamond, serif\"><font style=\"font-size: 13pt;\" size=\"3\"><b>Secr\u00e9\u00adta\u00adriat<br>\net cor\u00adres\u00adpon\u00addance&nbsp;: Jacques<br>\nBOUTEMAIN, 9,<br>\nall\u00e9e Fra\u00adgo\u00adnard&nbsp;95<br> \u2013 SARCELLES-LOCHERES<\/b><\/font><\/font><\/p>\n<p style=\"margin-right: 0.5cm; text-indent: 1.47cm; margin-bottom: 0cm;\" align=\"justify\">\n<font face=\"Garamond, serif\"><font style=\"font-size: 13pt;\" size=\"3\"><span lang=\"fr-FR\"><b>Com\u00adment<br>\npar\u00adti\u00adci\u00adper<\/b>&nbsp;? <b>D\u2019abord en mani\u00adfes\u00adtant votre int\u00e9r\u00eat<br>\net votre sym\u00adpa\u00adthie en nous \u00e9cri\u00advant et en nous auto\u00adri\u00adsant,&nbsp;le<br>\ncas \u00e9ch\u00e9ant, \u00e0 faire \u00e9tat de&nbsp;votre<br>\nsignature.<\/b><\/span><\/font><\/font><\/p>\n","protected":false},"excerpt":{"rendered":"<p>Pen\u00addant la guerre d\u2019Alg\u00e9rie, pour mani\u00adfes\u00adter leur oppo\u00adsi\u00adtion&nbsp;\u00e0 cette guerre et par soli\u00adda\u00adri\u00adt\u00e9 avec les objec\u00adteurs&nbsp;de conscience, un cer\u00adtain nombre de mili\u00adtants de l\u2019Action civique non vio\u00adlente ren\u00advoy\u00e8rent leur livret mili\u00adtaire. L\u2019ind\u00e9pendance obte\u00adnue, il y eut d\u2019autres ren\u00advois qui alors expri\u00adm\u00e8rent la d\u00e9sap\u00adpro\u00adba\u00adtion \u00e0 la poli\u00adtique nucl\u00e9aire du gou\u00adver\u00adne\u00adment. A chaque fois, ces gestes individuels&nbsp;[\u2026]<\/p>\n","protected":false},"author":1,"featured_media":0,"comment_status":"closed","ping_status":"closed","sticky":false,"template":"","format":"standard","meta":{"wp_typography_post_enhancements_disabled":false,"footnotes":""},"categories":[122],"tags":[],"ppma_author":[540],"class_list":["post-1057","post","type-post","status-publish","format-standard","hentry","category-anarchisme-et-non-violence-na13-avril-1968"],"authors":[{"term_id":540,"user_id":1,"is_guest":0,"slug":"admin_3gikpwyf","display_name":"Vincent Dubuc","avatar_url":"https:\/\/secure.gravatar.com\/avatar\/d015720652c25fd2ced191ade86430094e1f288a17483713e3b34d26dea52507?s=96&d=mm&r=g","author_category":"","user_url":"https:\/\/la-presse-anarchiste.net","last_name":"Dubuc","first_name":"Vincent","job_title":"","description":""}],"_links":{"self":[{"href":"https:\/\/la-presse-anarchiste.net\/index.php\/wp-json\/wp\/v2\/posts\/1057","targetHints":{"allow":["GET"]}}],"collection":[{"href":"https:\/\/la-presse-anarchiste.net\/index.php\/wp-json\/wp\/v2\/posts"}],"about":[{"href":"https:\/\/la-presse-anarchiste.net\/index.php\/wp-json\/wp\/v2\/types\/post"}],"author":[{"embeddable":true,"href":"https:\/\/la-presse-anarchiste.net\/index.php\/wp-json\/wp\/v2\/users\/1"}],"replies":[{"embeddable":true,"href":"https:\/\/la-presse-anarchiste.net\/index.php\/wp-json\/wp\/v2\/comments?post=1057"}],"version-history":[{"count":0,"href":"https:\/\/la-presse-anarchiste.net\/index.php\/wp-json\/wp\/v2\/posts\/1057\/revisions"}],"wp:attachment":[{"href":"https:\/\/la-presse-anarchiste.net\/index.php\/wp-json\/wp\/v2\/media?parent=1057"}],"wp:term":[{"taxonomy":"category","embeddable":true,"href":"https:\/\/la-presse-anarchiste.net\/index.php\/wp-json\/wp\/v2\/categories?post=1057"},{"taxonomy":"post_tag","embeddable":true,"href":"https:\/\/la-presse-anarchiste.net\/index.php\/wp-json\/wp\/v2\/tags?post=1057"},{"taxonomy":"author","embeddable":true,"href":"https:\/\/la-presse-anarchiste.net\/index.php\/wp-json\/wp\/v2\/ppma_author?post=1057"}],"curies":[{"name":"wp","href":"https:\/\/api.w.org\/{rel}","templated":true}]}}