{"id":1062,"date":"2007-11-24T08:39:19","date_gmt":"2007-11-24T08:39:19","guid":{"rendered":"https:\/\/la-presse-anarchiste.net\/index.php\/2007\/11\/24\/a-travers-les-livres-8\/"},"modified":"2007-11-24T08:39:19","modified_gmt":"2007-11-24T08:39:19","slug":"a-travers-les-livres-8","status":"publish","type":"post","link":"https:\/\/la-presse-anarchiste.net\/index.php\/2007\/11\/24\/a-travers-les-livres-8\/","title":{"rendered":"\u00c0 travers les livres"},"content":{"rendered":"<div class=\"pdfprnt-buttons pdfprnt-buttons-post pdfprnt-top-right\"><a href=\"https:\/\/la-presse-anarchiste.net\/index.php\/wp-json\/wp\/v2\/posts\/1062?print=pdf\" class=\"pdfprnt-button pdfprnt-button-pdf\" target=\"_blank\"><img decoding=\"async\" src=\"https:\/\/la-presse-anarchiste.net\/wp-content\/plugins\/pdf-print\/images\/pdf.png\" alt=\"image_pdf\" title=\"Afficher le PDF\"><\/a><a href=\"https:\/\/la-presse-anarchiste.net\/index.php\/wp-json\/wp\/v2\/posts\/1062?print=print\" class=\"pdfprnt-button pdfprnt-button-print\" target=\"_blank\"><img decoding=\"async\" src=\"https:\/\/la-presse-anarchiste.net\/wp-content\/plugins\/pdf-print\/images\/print.png\" alt=\"image_print\" title=\"Contenu imprim\u00e9\"><\/a><\/div><p class=\"post_excerpt\">Un vol. \u00e0 3 fr. 50.\u200a\u2014\u200a\u00c9dit. Girard et Bri\u00e8re.<\/p>\n<p><!--more--><\/p>\n<p style=\"margin-bottom: 0cm;\" align=\"justify\">\tComme on pou\u00advait&nbsp;s\u2019y<br>\nattendre, \u00e0 la lec\u00adture du titre de ce volume, le citoyen<br>\nV\u00e9recque ne nous apporte rien de neuf ni d\u2019o\u00adri\u00adgi\u00adnal. Il&nbsp;se<br>\ncontente de d\u00e9layer en 256 pages tous les \u00ab&nbsp;vieux<br>\ncli\u00adch\u00e9s&nbsp;\u00bb du guesdisme.<\/p>\n<p style=\"margin-bottom: 0cm;\" align=\"justify\">\tLa <i>Conqu\u00eate<br>\nsocia\u00adliste<\/i>, c\u2019est tout sim\u00adple\u00adment une poi\u00adgn\u00e9e d\u2019individus<br>\ns\u2019emparant l\u00e9ga\u00adle\u00adment par le bul\u00adle\u00adtin de vote,&nbsp;ou<br>\nr\u00e9vo\u00adlu\u00adtion\u00adnai\u00adre\u00adment par l\u2019in\u00adsur\u00adrec\u00adtion du <i>pou\u00advoir<br>\npoli\u00adtique<\/i>, c\u2019est-\u00e0-dire de l\u2019<font face=\"Times New Roman, serif\">\u00c9<\/font>tat&nbsp;;<br>\nconcep\u00adtion pure\u00adment jaco\u00adbine, qui a trou\u00adv\u00e9 son expres\u00adsion&nbsp;au<br>\nmilieu du dix-neu\u00advi\u00e8me si\u00e8cle, dans le \u00ab&nbsp;blanquisme&nbsp;\u00bb.<\/p>\n<p style=\"margin-bottom: 0cm;\" align=\"justify\">\tPar suite&nbsp;des<br>\ntrans\u00adfor\u00adma\u00adtions qui s\u2019\u00e9\u00adtaient op\u00e9\u00adr\u00e9es dans&nbsp;la<br>\nstruc\u00adture \u00e9co\u00adno\u00admique du monde f\u00e9o\u00addal\u200a\u2014\u200atrans\u00adfor\u00adma\u00adtions que Marx et Engels ont si bien d\u00e9crites dans<br>\nle \u00ab&nbsp;Mani\u00adfeste Com\u00admu\u00adniste&nbsp;\u00bb\u200a\u2014\u200ala classe noble<br>\navait ces\u00ads\u00e9 de rem\u00adplir une fonc\u00adtion utile dans la soci\u00e9t\u00e9,<br>\nelle n\u2019\u00e9\u00adtait plus qu\u2019une classe de privil\u00e9gi\u00e9s,<br>\nde para\u00adsites vivant sut le com\u00admerce et l\u2019in\u00addus\u00adtrie, qui&nbsp;se<br>\nd\u00e9ve\u00adlop\u00adpaient en dehors d\u2019eux. Elle \u00e9tait un&nbsp;vaste<br>\norga\u00adnisme qui enser\u00adrait et para\u00adly\u00adsait, par des r\u00e8gle\u00adments&nbsp;sans<br>\nnombre, l\u2019es\u00adsor de la bour\u00adgeoi\u00adsie, qui avait besoin de libert\u00e9.<br>\nLa R\u00e9vo\u00adlu\u00adtion de 1789 bri\u00adsa ces entraves en expropriant<br>\nvio\u00adlem\u00adment la noblesse. Le sou\u00adve\u00adnir de la \u00ab&nbsp;R\u00e9volution&nbsp;\u00bb<br>\net des guerres pour la Liber\u00adt\u00e9 qui sui\u00advirent, se maintint<br>\npen\u00addant tout le dix-neu\u00advi\u00e8me si\u00e8cle dans l\u2019esprit<br>\npopu\u00adlaire. La R\u00e9vo\u00adlu\u00adtion \u00e9tait consid\u00e9r\u00e9e<br>\ncomme sacr\u00e9e, et ce n\u2019est qu\u2019as\u00adsez r\u00e9cem\u00adment que l\u2019on&nbsp;a<br>\ncom\u00admen\u00adc\u00e9 \u00e0 se faire une opi\u00adnion un peu plus posi\u00adtive&nbsp;de<br>\nson r\u00f4le r\u00e9el, et cela gr\u00e2ce, un peu, \u00e0&nbsp;la<br>\ncri\u00adtique du socia\u00adlisme mar\u00adxiste. Aus\u00adsi n\u2019est-il pas \u00e9tonnant<br>\nde consta\u00adter que tous les uto\u00adpistes, tous les r\u00e9volutionnaires<br>\nde la pre\u00admi\u00e8re moi\u00adti\u00e9 du XIX<sup>e<\/sup> si\u00e8cle,<br>\nse r\u00e9clament de la Grande R\u00e9vo\u00adlu\u00adtion. Ils consid\u00e8rent<br>\nla \u00ab&nbsp;R\u00e9vo\u00adlu\u00adtion Sociale&nbsp;\u00bb comme&nbsp;\u00e9tant<br>\nla suite de la R\u00e9vo\u00adlu\u00adtion de 1789&nbsp;; le Socia\u00adlisme&nbsp;comme<br>\nune conti\u00adnua\u00adtion logique des prin\u00adcipes d\u00e9mo\u00adcra\u00adtiques et<br>\nbourgeois.&nbsp;<\/p>\n<p style=\"margin-bottom: 0cm;\" align=\"justify\">\tLa bour\u00adgeoi\u00adsie&nbsp;avait<br>\nexpro\u00adpri\u00e9 la noblesse&nbsp;; par ana\u00adlo\u00adgie, la classe ouvri\u00e8re<br>\ndevait expro\u00adprier la bour\u00adgeoi\u00adsie. De m\u00eame que cette derni\u00e8re<br>\navait conquis l\u2019<font face=\"Times New Roman, serif\">\u00c9<\/font>tat,<br>\nle pou\u00advoir poli\u00adtique, pour (sem\u00adblait-il) trans\u00adfor\u00admer l\u2019organisme<br>\n\u00e9co\u00adno\u00admique, de m\u00eame la classe ouvri\u00e8re<br>\ns\u2019emparerait de l\u2019<font face=\"Times New Roman, serif\">\u00c9<\/font>tat<br>\net trans\u00adfor\u00adme\u00adrait le r\u00e9gime \u00e9co\u00adno\u00admique en socialisant<br>\nles ins\u00adtru\u00adments de production.<\/p>\n<p style=\"margin-bottom: 0cm;\" align=\"justify\">\tLa R\u00e9volution<br>\nsocia\u00adliste, con\u00e7ue comme trans\u00adfor\u00adma\u00adtion \u00e9co\u00adno\u00admique, se<br>\nrabat\u00adtait sur le plan d\u2019une r\u00e9vo\u00adlu\u00adtion poli\u00adtique. Cette<br>\nconcep\u00adtion pas\u00adsa dans le \u00ab&nbsp;Mani\u00adfeste Communiste\u00bb&nbsp;;<br>\nil faut se rap\u00adpe\u00adler qu\u2019\u00e0 cette \u00e9poque, en 1847,&nbsp;Marx<br>\n\u00e9tait grand admi\u00adra\u00adteur de Blan\u00adqui. Dans \u00ab&nbsp;la&nbsp;lutte<br>\ndes classes en France&nbsp;\u00bb publi\u00e9 \u00e0 la&nbsp;suite<br>\ndes \u00e9v\u00e9\u00adne\u00adments de 1848, il \u00e9crit (p.&nbsp;147):<br>\n\u00ab\u2026Le pro\u00adl\u00e9\u00adta\u00adriat se groupe de plus en&nbsp;plus<br>\nautour du socia\u00adlisme r\u00e9vo\u00adlu\u00adtion\u00adnaire, autour du communisme,<br>\nauquel la bour\u00adgeoi\u00adsie elle-m\u00eame a four\u00adni le nom de Blanqui&nbsp;\u00bb.<br>\nOn peut donc se convaincre de l\u2019in\u00adfluence de la tradition<br>\nr\u00e9vo\u00adlu\u00adtion\u00adnaire sur l\u2019es\u00adprit de&nbsp;Marx.<\/p>\n<p style=\"margin-bottom: 0cm;\" align=\"justify\">\tBern\u00adstein, et&nbsp;plus<br>\nr\u00e9cem\u00adment Sorel, ont rele\u00adv\u00e9 cette influence et&nbsp;le<br>\ndua\u00adlisme qui en est r\u00e9sul\u00adt\u00e9 pour le \u00ab&nbsp;Manifeste<br>\nCommuniste&nbsp;\u00bb.<\/p>\n<p style=\"margin-bottom: 0cm;\" align=\"justify\">\tLes mar\u00adxistes <i>offi\u00adciels<\/i>,<br>\nen par\u00adfaits dis\u00adciples, ont r\u00e9p\u00e9\u00adt\u00e9 m\u00e9caniquement<br>\nles <i>for\u00admules<\/i> conte\u00adnues dans le Mani\u00adfeste, sans cher\u00adcher&nbsp;\u00e0<br>\nse rendre compte de leur valeur&nbsp;; et V\u00e9recque, en&nbsp;bon<br>\nmar\u00adxiste, ne le cherche pas davantage.<\/p>\n<p style=\"margin-bottom: 0cm;\" align=\"justify\">\tEn r\u00e9alit\u00e9,<br>\nson livre est diri\u00adg\u00e9 contre les syn\u00addi\u00adca\u00adlistes qui sont&nbsp;assez<br>\nniais pour croire que la gr\u00e8ve g\u00e9n\u00e9\u00adrale a&nbsp;une<br>\nvaleur quel\u00adconque au point de vue des trans\u00adfor\u00adma\u00adtions sociales. La<br>\nconqu\u00eate de l\u2019<font face=\"Times New Roman, serif\">\u00c9<\/font>tat,<br>\nseule, peut chan\u00adger la soci\u00e9\u00adt\u00e9 et \u00e9man\u00adci\u00adper&nbsp;la<br>\nclasse ouvri\u00e8re. Il suf\u00adfit que l\u2019<font face=\"Times New Roman, serif\">\u00c9<\/font>tat<br>\nd\u00e9cr\u00e8te qu\u2019il faut que cela soit pour qu\u2019effectivement<br>\nle miracle s\u2019ac\u00adcom\u00adplisse. Il n\u2019y a plus aucune diff\u00e9rence<br>\nentre la soci\u00e9\u00adt\u00e9 moderne et la sc\u00e8ne du th\u00e9\u00e2tre<br>\ndu Ch\u00e2\u00adte\u00adlet. Voi\u00adci tex\u00adtuel\u00adle\u00adment ce qu\u2019\u00e9\u00adcrit le citoyen<br>\nV\u00e9recque&nbsp;: \u00ab&nbsp;Qu\u2019une mino\u00adri\u00adt\u00e9 ouvri\u00e8re<br>\nconsti\u00adtue, \u00e0 la faveur des \u00e9v\u00e9\u00adne\u00adments, un<br>\npou\u00advoir r\u00e9vo\u00adlu\u00adtion\u00adnaire et dis\u00adpose des forces diverses du<br>\npou\u00advoir poli\u00adtique enle\u00adv\u00e9 \u00e0 la bour\u00adgeoi\u00adsie. On peut&nbsp;\u00eatre<br>\nconvain\u00adcu que ses d\u00e9ci\u00adsions, que ses actes, que sa besogne<br>\nd\u2019ex\u00adpro\u00adpria\u00adtion seront plus faci\u00adle\u00adment et plus s\u00fbrement<br>\naccep\u00adt\u00e9es. Par tra\u00addi\u00adtion, par habi\u00adtude, par entra\u00eenement<br>\nou par indif\u00adf\u00e9\u00adrence m\u00eame, on se sou\u00admet \u00e0 ce&nbsp;que<br>\nd\u00e9cide l\u2019<font face=\"Times New Roman, serif\">\u00c9<\/font>tat.<br>\nOn crie un peu, mais on se sou\u00admet tout de&nbsp;m\u00eame\u2026\u00bb<br>\n(p.&nbsp;117). Apr\u00e8s cela, on peut dire que l\u2019i\u00add\u00e9e de&nbsp;gr\u00e8ve<br>\ng\u00e9n\u00e9\u00adrale est \u00ab&nbsp;un rai\u00adson\u00adne\u00adment&nbsp;d\u2019une<br>\nsim\u00adpli\u00adci\u00adt\u00e9 enfan\u00adtine&nbsp;\u00bb (p.&nbsp;109), que le mouvement<br>\nen faveur de la gr\u00e8ve g\u00e9n\u00e9\u00adrale a&nbsp;\u00e9t\u00e9<br>\n<i>inven\u00adt\u00e9<\/i> (<code>!<\/code>), <i>par des anar\u00adchistes<\/i> pour&nbsp;faire<br>\n\u00e9chec au socia\u00adlisme (p.&nbsp;104).<\/p>\n<p style=\"margin-bottom: 0cm;\" align=\"justify\">\tEt plus loin il&nbsp;se<br>\nr\u00e9fu\u00adgie der\u00adri\u00e8re l\u2019au\u00adto\u00adri\u00adt\u00e9 de Jules Guesde qui<br>\na d\u00e9cr\u00e9\u00adt\u00e9 que la gr\u00e8ve g\u00e9n\u00e9rale<br>\nest une uto\u00adpie et que \u00ab&nbsp;actuel\u00adle\u00adment, sans effort, sans<br>\nrisque d\u2019au\u00adcune sorte, il serait loi\u00adsible \u00e0 la classe ouvri\u00e8re<br>\nde voter pour elle-m\u00eame\u2026\u00bb et que la&nbsp;gr\u00e8ve<br>\n\u00ab&nbsp;serait plus longue que le suf\u00adfrage uni\u00adver\u00adsel&nbsp;\u00e0<br>\nnous conduire au but\u2026\u00bb (p. 115). Guesde a vu&nbsp;cela<br>\nder\u00adri\u00e8re ses lunettes de th\u00e9o\u00adri\u00adcien. S\u2019il avait eu&nbsp;un<br>\npeu l\u2019es\u00adprit mar\u00adxiste, il aurait com\u00adpris que la&nbsp;gr\u00e8ve<br>\nr\u00e9sul\u00adtait <i>n\u00e9ces\u00adsai\u00adre\u00adment<\/i> des condi\u00adtions de&nbsp;la<br>\npro\u00adduc\u00adtion moderne (voir Marx&nbsp;: <i>Mis\u00e8re de&nbsp;la<br>\nPhi\u00adlo\u00adso\u00adphie<\/i>), ouvriers contre patrons&nbsp;; il n\u2019y a&nbsp;pas<br>\nd\u2019autres moyens, de mani\u00adfes\u00adter l\u2019an\u00adta\u00adgo\u00adnisme des classes sur&nbsp;le<br>\nter\u00adrain \u00e9co\u00adno\u00admique, et l\u2019i\u00add\u00e9e de gr\u00e8ve g\u00e9n\u00e9rale<br>\nn\u2019est que le reflet dans l\u2019es\u00adprit des condi\u00adtions sociales actuelles.<\/p>\n<p style=\"margin-bottom: 0cm;\" align=\"justify\">\tC\u2019est parce que&nbsp;les<br>\npetits ate\u00adliers se sont fon\u00addus dans les grands, que la petite<br>\nindus\u00adtrie a fait place \u00e0 de gigan\u00adtesques trusts, que&nbsp;le<br>\ncapi\u00adta\u00adlisme, com\u00adpo\u00ads\u00e9 d\u2019a\u00adbord d\u2019in\u00addus\u00adtriels iso\u00adl\u00e9s et&nbsp;en<br>\nconcur\u00adrence les uns contre les autres devient tous les jours&nbsp;une<br>\nvaste orga\u00adni\u00adsa\u00adtion d\u2019en\u00adsemble, c\u2019est pour cela que la classe<br>\nouvri\u00e8re, elle aus\u00adsi, s\u2019est orga\u00adni\u00ads\u00e9e, unie, et que&nbsp;la<br>\ngr\u00e8ve par\u00adtielle, iso\u00adl\u00e9e, a fait place \u00e0&nbsp;des<br>\ngr\u00e8ves de plus en plus vastes, de plus en plus g\u00e9n\u00e9rales.<br>\nIl n\u2019est plus pos\u00adsible \u00e0 un ate\u00adlier de faire gr\u00e8ve&nbsp;sans<br>\nque de nom\u00adbreux ate\u00adliers soient entra\u00ee\u00adn\u00e9s dans la&nbsp;m\u00eame<br>\naction. C\u2019est encore ce que Marx affirme sous une autre&nbsp;forme&nbsp;:<br>\n\u00ab&nbsp;Si le pre\u00admier but de r\u00e9sis\u00adtance n\u2019a&nbsp;\u00e9t\u00e9<br>\nque le main\u00adtien des salaires, \u00e0 mesure que les capi\u00adta\u00adlistes, \u00e0<br>\nleur tour, se r\u00e9unissent dans une pen\u00ads\u00e9e de r\u00e9pression,<br>\nles coa\u00adli\u00adtions, d\u2019a\u00adbord iso\u00adl\u00e9es, se forment en groupes, et&nbsp;en<br>\nface du Capi\u00adtal tou\u00adjours r\u00e9uni, le main\u00adtien de l\u2019association<br>\ndevient plus n\u00e9ces\u00adsaire pour eux que celui du salaire&nbsp;\u00bb<br>\n(<i>Mis\u00e8re de la Phi\u00adlos<\/i>., p.&nbsp;249).<\/p>\n<p style=\"margin-bottom: 0cm;\" align=\"justify\">\tJe conti\u00adnue&nbsp;les<br>\ncita\u00adtions, elles sont n\u00e9ces\u00adsaires pour mon\u00adtrer que&nbsp;nos<br>\nsoi-disant mar\u00adxistes mentent gros\u00adsi\u00e8\u00adre\u00adment quand&nbsp;ils<br>\naffirment, au nom de Marx, l\u2019ab\u00adsur\u00addi\u00adt\u00e9 de la&nbsp;gr\u00e8ve<br>\ng\u00e9n\u00e9\u00adrale. \u00ab&nbsp;Quand les coa\u00adli\u00adtions et&nbsp;les<br>\ngr\u00e8ves n\u2019au\u00adraient d\u2019autre effet que de faire r\u00e9agir<br>\ncontre elles les efforts du g\u00e9nie m\u00e9ca\u00adnique, toujours<br>\nexer\u00adce\u00adraient-elles une influence immense sur le d\u00e9veloppement<br>\nde l\u2019in\u00addus\u00adtrie&nbsp;\u00bb (<i>Ibid<\/i>., p.&nbsp;241). Cette remarque a<br>\nune impor\u00adtance consi\u00add\u00e9\u00adrable pour qui\u00adconque sait quelle part<br>\nMarx fait \u00e0 l\u2019in\u00adfluence de la tech\u00adnique sur l\u2019\u00e9volution<br>\ndes soci\u00e9t\u00e9s.<\/p>\n<p style=\"margin-bottom: 0cm;\" align=\"justify\">\t\u00ab&nbsp;Mais,<br>\ndit-il, quand il s\u2019a\u00adgit de se rendre un compte exact des gr\u00e8ves,<br>\ndes coa\u00adli\u00adtions et des autres formes dans les\u00adquelles les prol\u00e9taires<br>\neffec\u00adtuent devant nos yeux leur orga\u00adni\u00adsa\u00adtion comme classe, les&nbsp;uns<br>\nsont sai\u00adsis d\u2019une crainte r\u00e9elle, les autres affichent un<br>\nd\u00e9dain trans\u00adcen\u00addan\u00adtal&nbsp;\u00bb (<i>Ibid<\/i>., p.&nbsp;250).<\/p>\n<p style=\"margin-bottom: 0cm;\" align=\"justify\">\tEt ailleurs&nbsp;: \u00ab&nbsp;Les<br>\n\u00e9co\u00adno\u00admistes veulent que les ouvriers res\u00adtent dans la soci\u00e9t\u00e9<br>\ntelle qu\u2019elle est for\u00adm\u00e9e et telle qu\u2019ils l\u2019ont consign\u00e9e<br>\net scel\u00adl\u00e9e dans leurs manuels. Les socia\u00adlistes veulent que&nbsp;les<br>\nouvriers laissent l\u00e0 la soci\u00e9\u00adt\u00e9 ancienne, pour<br>\npou\u00advoir mieux entrer dans la soci\u00e9\u00adt\u00e9 nou\u00advelle qu\u2019ils<br>\nleur ont pr\u00e9\u00adpa\u00adr\u00e9e avec tant de pr\u00e9voyance.<br>\nMal\u00adgr\u00e9 les uns et les autres, mal\u00adgr\u00e9 les manuels et&nbsp;les<br>\nuto\u00adpies, les coa\u00adli\u00adtions n\u2019ont pas ces\u00ads\u00e9 un ins\u00adtant de marcher<br>\net de gran\u00addir avec le d\u00e9ve\u00adlop\u00adpe\u00adment et l\u2019a\u00adgran\u00addis\u00adse\u00adment&nbsp;de<br>\nl\u2019in\u00addus\u00adtrie moderne&nbsp;\u00bb (p.&nbsp;247).<\/p>\n<p style=\"margin-bottom: 0cm;\" align=\"justify\">\tContrai\u00adre\u00adment&nbsp;\u00e0<br>\nl\u2019af\u00adfir\u00adma\u00adtion des gues\u00addistes, l\u2019i\u00add\u00e9e de gr\u00e8ve g\u00e9n\u00e9rale<br>\nn\u2019est donc pas une <i>inven\u00adtion<\/i>&nbsp;; elle r\u00e9sulte du<br>\nd\u00e9ve\u00adlop\u00adpe\u00adment et de l\u2019a\u00adgran\u00addis\u00adse\u00adment de l\u2019in\u00addus\u00adtrie moderne,<br>\nain\u00adsi que de la soli\u00adda\u00adri\u00adt\u00e9 qui unit les diverses par\u00adties&nbsp;de<br>\nl\u2019or\u00adga\u00adnisme \u00e9conomique.<\/p>\n<p style=\"margin-bottom: 0cm;\" align=\"justify\">\tMais le citoyen<br>\nV\u00e9recque, qui n\u2019a rien com\u00adpris au socia\u00adlisme ouvrier, continue<br>\nson r\u00e9qui\u00adsi\u00adtoire&nbsp;: \u00ab&nbsp;La gr\u00e8ve g\u00e9n\u00e9rale,<br>\nc\u2019est-\u00e0-dire la sus\u00adpen\u00adsion <i>uni\u00adver\u00adselle et simultan\u00e9e<\/i><br>\ndu tra\u00advail, est une uto\u00adpie. La gr\u00e8ve g\u00e9n\u00e9rale,<br>\noppo\u00ads\u00e9e \u00e0 l\u2019ac\u00adtion poli\u00adtique, est une dupe\u00adrie. La&nbsp;gr\u00e8ve<br>\ng\u00e9n\u00e9\u00adrale, <i>consi\u00add\u00e9\u00adr\u00e9e comme le&nbsp;seul,<br>\nl\u2019u\u00adnique et effi\u00adcace moyen<\/i> offert (sic) au prol\u00e9tariat<br>\npour s\u2019af\u00adfran\u00adchir est un mensonge.<\/p>\n<p style=\"margin-bottom: 0cm;\" align=\"justify\">\tL\u2019ac\u00adtion poli\u00adtique&nbsp;est<br>\net reste l\u2019ac\u00adtion, la seule action prin\u00adci\u00adpale. (Il va de soi que&nbsp;pour<br>\nun poli\u00adti\u00adcien pro\u00adfes\u00adsion\u00adnel la poli\u00adtique est une chose merveilleuse.)<br>\nLa lutte des classes n\u2019est effi\u00adcace que quand elle prend la&nbsp;forme<br>\npoli\u00adtique&nbsp;\u00bb (p.&nbsp;120).\u200a\u2014\u200a(Qu\u2019est-ce que \u00e7a,&nbsp;peut,<br>\nbien \u00eatre qu\u2019une lutte de classes inefficace?)<\/p>\n<p style=\"margin-bottom: 0cm;\" align=\"justify\">\tJe r\u00e9ponds&nbsp;:<br>\nil faut \u00eatre un sot, pour assi\u00admi\u00adler la poli\u00adtique parlementaire<br>\n\u00e0 la lutte des classes. Marx a dit, il est vrai, que la&nbsp;lutte<br>\nde classe \u00e0 classe \u00e9tait une lutte politique<br>\n(<i>Mis\u00e8re<\/i>\u2026, p.&nbsp;249); mais admi\u00adrez le quiproquo,<br>\nnos poli\u00adti\u00adciens rou\u00adblards affirment que toute lutte poli\u00adtique est&nbsp;une<br>\nlutte de classes, c\u2019est-\u00e0-dire qu\u2019au fond la v\u00e9ritable<br>\nlutte de classes, la <i>vraie<\/i> R\u00e9vo\u00adlu\u00adtion s\u2019op\u00e9rait<br>\nau Parlement.<\/p>\n<p style=\"margin-bottom: 0cm;\" align=\"justify\">\tEn v\u00e9rit\u00e9,<br>\no\u00f9 se pro\u00adduit la lutte de classes&nbsp;? sinon&nbsp;dans<br>\nl\u2019an\u00adta\u00adgo\u00adnisme entre pro\u00adl\u00e9\u00adtaires et bour\u00adgeois, entre patrons et<br>\nouvriers, dans les gr\u00e8ves enfin&nbsp;; et la r\u00e9volution<br>\ntotale ne pour\u00adra avoir lieu que dans la g\u00e9n\u00e9ralisation<br>\nde cette lutte, dans la gr\u00e8ve g\u00e9n\u00e9\u00adrale&nbsp;qui,<br>\natta\u00adquant l\u2019en\u00adsemble de la bour\u00adgeoi\u00adsie, consid\u00e9r\u00e9e<br>\ncomme une classe dis\u00adtincte, r\u00e9a\u00adli\u00adse\u00adra par l\u00e0&nbsp;m\u00eame<br>\nla ruine de l\u2019<font face=\"Times New Roman, serif\">\u00c9<\/font>tat,<br>\nla vraie conqu\u00eate du pou\u00advoir poli\u00adtique&nbsp;; puis\u00adqu\u2019en&nbsp;effet,<br>\n\u00ab&nbsp;l\u2019<font face=\"Times New Roman, serif\">\u00c9<\/font>tat,<br>\nain\u00adsi que l\u2019af\u00adfirme Verecque, est une orga\u00adni\u00adsa\u00adtion qui cr\u00e9e&nbsp;et<br>\nqui main\u00adtient la soci\u00e9\u00adt\u00e9 humaine divi\u00ads\u00e9e&nbsp;en<br>\nclasses&nbsp;\u00bb, ou encore \u00ab&nbsp;l\u2019<font face=\"Times New Roman, serif\">\u00c9<\/font>tat<br>\nest l\u2019or\u00adga\u00adni\u00adsa\u00adtion des forces bru\u00adtales et intel\u00adlec\u00adtuelles dont&nbsp;a<br>\nbesoin une classe pour main\u00adte\u00adnir une autre classe dans la soumission<br>\net l\u2019ex\u00adploi\u00adta\u00adtion&nbsp;\u00bb (p.&nbsp;13).<\/p>\n<p style=\"margin-bottom: 0cm;\" align=\"justify\">\tEt ici encore, nous<br>\ndevons citer Marx pour t\u00e9moi\u00adgner de l\u2019exac\u00adti\u00adtude de&nbsp;cette<br>\ninter\u00adpr\u00e9\u00adta\u00adtion de la gr\u00e8ve g\u00e9n\u00e9rale.<\/p>\n<p style=\"margin-bottom: 0cm;\" align=\"justify\">\t\u00ab\u2026<br>\nl\u2019an\u00adta\u00adgo\u00adnisme entre le pro\u00adl\u00e9\u00adta\u00adriat et la bour\u00adgeoi\u00adsie est&nbsp;une<br>\nlutte de classe \u00e0 classe, lutte qui, por\u00adt\u00e9e \u00e0&nbsp;sa<br>\nplus haute expres\u00adsion, est une r\u00e9vo\u00adlu\u00adtion totale&nbsp;\u00bb<br>\n(<i>Mis\u00e8re<\/i>\u2026, p.&nbsp;256). \u00ab&nbsp;Dans cette lutte\u200a\u2014\u200av\u00e9ri\u00adtable guerre civile\u200a\u2014\u200ase r\u00e9unissent et&nbsp;;&nbsp;se<br>\nd\u00e9ve\u00adloppent tous les \u00e9l\u00e9\u00adments n\u00e9cessaires<br>\n\u00e0 une bataille \u00e0 venir. Une fois arri\u00adv\u00e9e&nbsp;\u00e0<br>\nce point-l\u00e0, l\u2019as\u00adso\u00adcia\u00adtion prend un caract\u00e8re<br>\npoli\u00adtique&nbsp;\u00bb (<i>Ibid<\/i>., p.&nbsp;249).<\/p>\n<p style=\"margin-bottom: 0cm;\" align=\"justify\">\tIl m\u2019est impos\u00adsible&nbsp;de<br>\nm\u2019\u00e9\u00adtendre davan\u00adtage sur le livre de Verecque&nbsp;;&nbsp;je<br>\nter\u00admi\u00adne\u00adrai par quelques cita\u00adtions amusantes.<\/p>\n<p style=\"margin-bottom: 0cm;\" align=\"justify\">\t\u00ab&nbsp;Il n\u2019y&nbsp;a,<br>\nil n\u2019y a jamais eu qu\u2019un seul moyen de sub\u00adsti\u00adtuer \u00e0 la soci\u00e9t\u00e9<br>\nactuelle divi\u00ads\u00e9e contre elle-m\u00eame, une soci\u00e9t\u00e9<br>\nlibre et fra\u00adter\u00adnelle, c\u2019est l\u2019<font face=\"Times New Roman, serif\">\u00c9<\/font>tat<br>\narra\u00adch\u00e9 \u00e0 la classe bour\u00adgeoise ou capi\u00adta\u00adliste par&nbsp;le<br>\npro\u00adl\u00e9\u00adta\u00adriat et deve\u00adnant entre ses mains l\u2019ou\u00adtil de&nbsp;la<br>\ntrans\u00adfor\u00adma\u00adtion sociale, de la r\u00e9demp\u00adtion de l\u2019humanit\u00e9&nbsp;\u00bb<br>\n(p.&nbsp;102).<\/p>\n<p style=\"margin-bottom: 0cm;\" align=\"justify\">\tPeut-on \u00eatre<br>\nplus\u2026 na\u00eff!! C\u2019est se moquer de ses lecteurs&nbsp;;<br>\nle citoyen V\u00e9recque oublie seule\u00adment l\u2019his\u00adtoire. Il prend&nbsp;un<br>\ncoup d\u2019<font face=\"Times New Roman, serif\">\u00c9<\/font>tat pour<br>\nune r\u00e9vo\u00adlu\u00adtion \u00e9co\u00adno\u00admique. Je le ren\u00adver\u00adrai seule\u00adment&nbsp;\u00e0<br>\nl\u2019exemple des trois&nbsp;Dumas.<\/p>\n<p style=\"margin-bottom: 0cm;\" align=\"justify\">\t\u00ab&nbsp;Dans&nbsp;les<br>\ncir\u00adcons\u00adtances actuelles, le Par\u00adti socia\u00adliste n\u2019est et ne peut&nbsp;\u00eatre,<br>\nselon une parole de Guesde, qu\u2019un esp\u00e8ce de sergent<br>\nins\u00adtruc\u00adteur et recru\u00adteur, ins\u00adtrui\u00adsant et recru\u00adtant par tous&nbsp;les<br>\nmoyens&nbsp;\u00bb (p.&nbsp;126). Oui, sur\u00adtout recru\u00adteur&nbsp;!&nbsp;On<br>\nrecon\u00adna\u00eet l\u00e0 les pr\u00e9\u00adoc\u00adcu\u00adpa\u00adtions \u00e9lectorales.<br>\n\u00ab&nbsp;Il faut que les t\u00eates pen\u00adsantes de la classe<br>\nouvri\u00e8re soient fami\u00adlia\u00adri\u00ads\u00e9es avec la doctrine\u2026,<br>\netc.&nbsp;\u00bb (p.&nbsp;126). Il s\u2019a\u00adgit, bien enten\u00addu, non pas, de&nbsp;la<br>\ndic\u00adta\u00adture du pro\u00adl\u00e9\u00adta\u00adriat, mais des dic\u00adta\u00adteurs intel\u00adlec\u00adtuels&nbsp;du<br>\npro\u00adl\u00e9\u00adta\u00adriat char\u00adg\u00e9s de diri\u00adger la classe ouvri\u00e8re<br>\npour le plus grand bien du P.&nbsp;S.<\/p>\n<p style=\"margin-bottom: 0cm;\" align=\"justify\">\tEnfin, voi\u00adl\u00e0&nbsp;le<br>\nbou\u00adquet&nbsp;; il r\u00e9pand un par\u00adfum trop\u2026 j\u00e9suitique<br>\npour ne pas le&nbsp;citer.<\/p>\n<p style=\"margin-bottom: 0cm;\" align=\"justify\">\t\u00ab&nbsp;Quelles que<br>\nsoient les cir\u00adcons\u00adtances qui entou\u00adre\u00adront la pro\u00adchaine r\u00e9volution<br>\nsociale, quel que soit le moyen qui sera employ\u00e9 pour prendre<br>\nl\u2019<font face=\"Times New Roman, serif\">\u00c9<\/font>tat, la<br>\ntrans\u00adfor\u00adma\u00adtion sociale s\u2019o\u00adp\u00e9\u00adre\u00adra l\u00e9ga\u00adle\u00adment. La classe<br>\nouvri\u00e8re ayant pris pos\u00adses\u00adsion du pou\u00advoir poli\u00adtique, fera&nbsp;une<br>\nl\u00e9ga\u00adli\u00adt\u00e9 nou\u00advelle, et ceux qui ten\u00adte\u00adront de la violer<br>\nseront mis en demeure de ne pas nuire&nbsp;\u00bb (p.&nbsp;253).<\/p>\n<p style=\"margin-bottom: 0cm;\" align=\"justify\">\tCette \u00ab&nbsp;r\u00e9volution<br>\nsociale&nbsp;\u00bb n\u2019est-elle pas digne de figu\u00adrer dans&nbsp;les<br>\nexploits de Rocam\u00adbole&nbsp;? Qu\u2019en pen\u00adsez-vous, camarades&nbsp;?&nbsp;<\/p>\n<p style=\"margin-bottom: 0cm;\" align=\"justify\">H. Lantz.<\/p>\n","protected":false},"excerpt":{"rendered":"<p>Un vol. \u00e0 3 fr. 50.\u200a\u2014\u200a\u00c9dit. Girard et Bri\u00e8re.<\/p>\n","protected":false},"author":1,"featured_media":0,"comment_status":"closed","ping_status":"closed","sticky":false,"template":"","format":"standard","meta":{"wp_typography_post_enhancements_disabled":false,"footnotes":""},"categories":[123],"tags":[],"ppma_author":[540],"class_list":["post-1062","post","type-post","status-publish","format-standard","hentry","category-la-vie-ouvriere-n5-du-5-decembre-1909"],"authors":[{"term_id":540,"user_id":1,"is_guest":0,"slug":"admin_3gikpwyf","display_name":"Vincent Dubuc","avatar_url":"https:\/\/secure.gravatar.com\/avatar\/d015720652c25fd2ced191ade86430094e1f288a17483713e3b34d26dea52507?s=96&d=mm&r=g","author_category":"","user_url":"https:\/\/la-presse-anarchiste.net","last_name":"Dubuc","first_name":"Vincent","job_title":"","description":""}],"_links":{"self":[{"href":"https:\/\/la-presse-anarchiste.net\/index.php\/wp-json\/wp\/v2\/posts\/1062","targetHints":{"allow":["GET"]}}],"collection":[{"href":"https:\/\/la-presse-anarchiste.net\/index.php\/wp-json\/wp\/v2\/posts"}],"about":[{"href":"https:\/\/la-presse-anarchiste.net\/index.php\/wp-json\/wp\/v2\/types\/post"}],"author":[{"embeddable":true,"href":"https:\/\/la-presse-anarchiste.net\/index.php\/wp-json\/wp\/v2\/users\/1"}],"replies":[{"embeddable":true,"href":"https:\/\/la-presse-anarchiste.net\/index.php\/wp-json\/wp\/v2\/comments?post=1062"}],"version-history":[{"count":0,"href":"https:\/\/la-presse-anarchiste.net\/index.php\/wp-json\/wp\/v2\/posts\/1062\/revisions"}],"wp:attachment":[{"href":"https:\/\/la-presse-anarchiste.net\/index.php\/wp-json\/wp\/v2\/media?parent=1062"}],"wp:term":[{"taxonomy":"category","embeddable":true,"href":"https:\/\/la-presse-anarchiste.net\/index.php\/wp-json\/wp\/v2\/categories?post=1062"},{"taxonomy":"post_tag","embeddable":true,"href":"https:\/\/la-presse-anarchiste.net\/index.php\/wp-json\/wp\/v2\/tags?post=1062"},{"taxonomy":"author","embeddable":true,"href":"https:\/\/la-presse-anarchiste.net\/index.php\/wp-json\/wp\/v2\/ppma_author?post=1062"}],"curies":[{"name":"wp","href":"https:\/\/api.w.org\/{rel}","templated":true}]}}