{"id":1068,"date":"2007-11-24T13:46:20","date_gmt":"2007-11-24T13:46:20","guid":{"rendered":"https:\/\/la-presse-anarchiste.net\/index.php\/2007\/11\/24\/en-deux-mois-500-abonnes-en-quatre-1000\/"},"modified":"2007-11-24T13:46:20","modified_gmt":"2007-11-24T13:46:20","slug":"en-deux-mois-500-abonnes-en-quatre-1000","status":"publish","type":"post","link":"https:\/\/la-presse-anarchiste.net\/index.php\/2007\/11\/24\/en-deux-mois-500-abonnes-en-quatre-1000\/","title":{"rendered":"En deux mois 500 abonn\u00e9s\u200a\u2014\u200aen quatre?\u2026 1000"},"content":{"rendered":"<div class=\"pdfprnt-buttons pdfprnt-buttons-post pdfprnt-top-right\"><a href=\"https:\/\/la-presse-anarchiste.net\/index.php\/wp-json\/wp\/v2\/posts\/1068?print=pdf\" class=\"pdfprnt-button pdfprnt-button-pdf\" target=\"_blank\"><img decoding=\"async\" src=\"https:\/\/la-presse-anarchiste.net\/wp-content\/plugins\/pdf-print\/images\/pdf.png\" alt=\"image_pdf\" title=\"Afficher le PDF\"><\/a><a href=\"https:\/\/la-presse-anarchiste.net\/index.php\/wp-json\/wp\/v2\/posts\/1068?print=print\" class=\"pdfprnt-button pdfprnt-button-print\" target=\"_blank\"><img decoding=\"async\" src=\"https:\/\/la-presse-anarchiste.net\/wp-content\/plugins\/pdf-print\/images\/print.png\" alt=\"image_print\" title=\"Contenu imprim\u00e9\"><\/a><\/div><p style=\"margin-bottom: 0cm;\" align=\"justify\">\tQuelques amis nous&nbsp;ont<br>\ndeman\u00add\u00e9s, \u00e0 la suite de notre derni\u00e8re<br>\ncou\u00adver\u00adture&nbsp;: Eh bien&nbsp;! \u00e7a ne va pas&nbsp;? <font face=\"Times New Roman\">\u2015<\/font><br>\nCom\u00adment&nbsp;? \u00c7a ne va pas&nbsp;?\u200a\u2014\u200aOui, votre derni\u00e8re<br>\ncou\u00adver\u00adture \u00e9tait moins enthou\u00adsiaste, moins chaude, moins<br>\nconfiante. J\u2019a\u00advais cr\u00fb\u2026\u200a\u2014\u200aVous aviez tort, abso\u00adlu\u00adment&nbsp;tort<br>\nde croire que nous n\u2019\u00e9\u00adtions pas com\u00adpl\u00e8\u00adte\u00adment satisfaits<br>\net que la <i>Vie Ouvri\u00e8re<\/i> ne mar\u00adchait&nbsp;pas\u2026<\/p>\n<p style=\"margin-bottom: 0cm;\" align=\"justify\">\tElle marche. Elle marche<br>\n\u00e0 grands pas vers le mil\u00adlier d\u2019a\u00adbon\u00adn\u00e9s. Au moment o\u00f9<br>\nj\u2019\u00e9\u00adcris, nous avons d\u00e9pas\u00ads\u00e9 le chiffre de&nbsp;450<br>\nabon\u00adn\u00e9s&nbsp;; avant dix jours nous aurons les cinq&nbsp;cents.<\/p>\n<p style=\"margin-bottom: 0cm;\" align=\"justify\">\tCes cinq cents abonn\u00e9s<br>\nseront venus en deux mois. Qu\u2019on nous cite une revue du&nbsp;m\u00eame<br>\ngenre ayant atteint ce chiffre dans le m\u00eame temps. De nombreux<br>\namis nous avaient dit que si nous arri\u00advions \u00e0 3 ou 400 en&nbsp;un<br>\nan, ce serait rai\u00adson\u00adnable. D\u2019autres\u200a\u2014\u200ades amis&nbsp;?\u200a\u2014\u200ane&nbsp;nous<br>\ndisaient pas \u00e0 nous, mais \u00e0 qui vou\u00adlait les \u00e9couter,<br>\nque si nous arri\u00admons \u00e0 95 abon\u00adn\u00e9s ce serait un succ\u00e8s.<\/p>\n<p style=\"margin-bottom: 0cm;\" align=\"justify\">\tNous pas\u00adsant&nbsp;des<br>\nb\u00e9n\u00e9\u00addic\u00adtions de ces der\u00adniers, sur\u00admon\u00adtant les craintes<br>\nsin\u00adc\u00e8res de cer\u00adtains amis, nous nous sommes mis \u00e0&nbsp;la<br>\nbesogne, har\u00addi\u00adment. Nous esti\u00admons que notre peine, loin d\u2019\u00eatre<br>\nvaine, a \u00e9t\u00e9 lar\u00adge\u00adment r\u00e9compens\u00e9e.<\/p>\n<p style=\"margin-bottom: 0cm;\" align=\"justify\">\tMais il ne s\u2019a\u00adgit&nbsp;pas<br>\nd\u2019en res\u00adter l\u00e0. En deux mois, nous avons re\u00e7u&nbsp;cinq<br>\ncents abon\u00adne\u00adments. Il faut que dans les deux mois de d\u00e9cembre<br>\net de jan\u00advier nous en rece\u00advions cinq cents autres.<\/p>\n<p style=\"margin-bottom: 0cm;\" align=\"justify\">\tC\u2019est pos\u00adsible. Et&nbsp;du<br>\nmoment que c\u2019est pos\u00adsible, il faut \u00e0 tout prix le r\u00e9aliser.<\/p>\n<p style=\"margin-bottom: 0cm;\" align=\"justify\">\tLa plus grosse<br>\ndif\u00adfi\u00adcul\u00adt\u00e9 que nous ayons ren\u00adcon\u00adtr\u00e9e dans&nbsp;le<br>\nrecru\u00adte\u00adment des abon\u00adn\u00e9s, la voi\u00adci&nbsp;: La crainte que la&nbsp;VIE<br>\nOUVRI\u00c8RE ne vive&nbsp;pas.<\/p>\n<p style=\"margin-bottom: 0cm;\" align=\"justify\">\tQuan\u00adti\u00adt\u00e9&nbsp;de<br>\nlettres re\u00e7ues en t\u00e9moignent. Pas mal de conversations,<br>\naus\u00adsi. Que de fois on nous a dit\u200a\u2014\u200a\u00e0 nous ou \u00e0&nbsp;des<br>\namis<font face=\"Times New Roman\">\u2015<\/font>&nbsp;: je m\u2019abonnerais<br>\nbien, mais j\u2019ai peur que la <i>Vie Ouvri\u00e8re<\/i> fasse comme&nbsp;la<br>\n<i>R\u00e9vo\u00adlu\u00adtion<\/i>, qu\u2019elle meure au bout de deux&nbsp;mois.<\/p>\n<p style=\"margin-bottom: 0cm;\" align=\"justify\">\tSi vous en dou\u00adtez,&nbsp;voyez<br>\ncette lettre d\u2019un cama\u00adrade de Morez (Jura)&nbsp;:<\/p>\n<p style=\"margin-bottom: 0cm;\" align=\"justify\">\t\u00ab&nbsp;Au&nbsp;re\u00e7u<br>\ndu car\u00adnet d\u2019a\u00adbon\u00adne\u00adment de la <i>Vie Ouvri\u00e8re<\/i>, je m\u2019en&nbsp;fus<br>\ntrou\u00adver quelques cama\u00adrades sus\u00adcep\u00adtibles de s\u2019a\u00adbon\u00adner. Tous&nbsp;m\u2019ont<br>\nr\u00e9pon\u00addu&nbsp;: \u00ab&nbsp;Ah&nbsp;! oui, encore un nouvel<br>\norgane qui fera pro\u00adba\u00adble\u00adment comme la <i>R\u00e9vo\u00adlu\u00adtion<\/i>.<br>\n\u00ab&nbsp;Non&nbsp;! Non&nbsp;! Attends quelques mois. Lorsque la<br>\n<i>Vie Ouvri\u00e8re<\/i> sera s\u00fbre de pou\u00advoir vivre, nous<br>\nmarcherons.&nbsp;\u00bb<\/p>\n<p style=\"margin-bottom: 0cm;\" align=\"justify\">\t\u00ab&nbsp;En f\u00e9vrier,<br>\nlors de la cr\u00e9a\u00adtion du quo\u00adti\u00addien pr\u00e9cit\u00e9,<br>\nj\u2019a\u00advais recueilli une dizaine d\u2019a\u00adbon\u00adne\u00adments que j\u2019al\u00adlais envoyer au<br>\njour\u00adnal quand, brus\u00adque\u00adment, il som\u00adbra. Un peu confus, je rendis<br>\nl\u2019argent aux cama\u00adrades&nbsp;; ils ne per\u00addirent rien, mais rest\u00e8rent<br>\net sont encore tr\u00e8s pes\u00adsi\u00admistes au sujet de la r\u00e9ussite<br>\ndes entre\u00adprises de ce&nbsp;genre.<\/p>\n<p style=\"margin-bottom: 0cm;\" align=\"justify\">\t\u00ab&nbsp;Les<br>\nsyn\u00addi\u00adcats&nbsp;?&nbsp;N\u00e9ant\u2026<\/p>\n<p style=\"margin-bottom: 0cm;\" align=\"justify\">\t\u00ab&nbsp;Donc,&nbsp;\u00e0<br>\nMorez, pas moyen de rien faire pour le moment. Moi-m\u00eame ai&nbsp;pay\u00e9<br>\n9 francs une cin\u00adquan\u00adtaine de num\u00e9\u00adros de la <i>R\u00e9vo\u00adlu\u00adtion<\/i>.<br>\nC\u2019est assez\u200a\u2014\u200apour cette ann\u00e9e du&nbsp;moins\u2026<\/p>\n<p style=\"margin-bottom: 0cm;\" align=\"justify\">\t\u00ab&nbsp;Je regrette<br>\nsin\u00adc\u00e8\u00adre\u00adment de ne pou\u00advoir mieux faire, car les trois premiers<br>\nnum\u00e9\u00adros de la <i>Vie Ouvri\u00e8re<\/i> m\u2019ont beau\u00adcoup plu&nbsp;et<br>\nje serais heu\u00adreux de la lire r\u00e9gu\u00adli\u00e8\u00adre\u00adment. S\u2019il&nbsp;vous<br>\npla\u00eet, je gar\u00adde\u00adrai encore le car\u00adnet d\u2019a\u00adbon\u00adne\u00adment que&nbsp;vous<br>\nm\u2019a\u00advez confi\u00e9, car plus tard je pour\u00adrai, peut-\u00eatre, Le<br>\nfaire servir.<\/p>\n<p style=\"margin-bottom: 0cm;\" align=\"justify\">\t\u00ab&nbsp;Avec&nbsp;mes<br>\nsou\u00adhaits de bonne r\u00e9us\u00adsite, recevez\u2026&nbsp;\u00bb<\/p>\n<p style=\"margin-bottom: 0cm;\" align=\"justify\">\tCette lettre est<br>\nvrai\u00adment satu\u00adr\u00e9e \u00e0 la fois d\u2019a\u00admer\u00adtume et de sympathie.<br>\nD\u2019a\u00admer\u00adtume, par suite de l\u2019in\u00adsuc\u00adc\u00e8s du quo\u00adti\u00addien, et&nbsp;de<br>\nsym\u00adpa\u00adthie pour la revue naissante.<\/p>\n<p style=\"margin-bottom: 0cm;\" align=\"justify\">\tIl est natu\u00adrel que&nbsp;la<br>\nmort rapide et sou\u00addaine de la <i>R\u00e9vo\u00adlu\u00adtion<\/i> ait laiss\u00e9<br>\nder\u00adri\u00e8re elle cette amer\u00adtume et ce manque de confiance.<br>\nC\u2019\u00e9\u00adtait fatal. Et c\u2019est vrai\u00adment f\u00e2cheux, car&nbsp;le<br>\nquo\u00adti\u00addien n\u2019est pas mort de ce qu\u2019il n\u2019a\u00advait pas un public\u200a\u2014\u200ail&nbsp;en<br>\navait un <font face=\"Times New Roman\">\u2015<\/font> mais de ce qu\u2019il&nbsp;fut<br>\nmal lan\u00adc\u00e9, mal r\u00e9di\u00adg\u00e9, mal administr\u00e9.<br>\nNous sommes quelques-uns \u00e0 avoir connu l\u2019a\u00admer\u00adtume,&nbsp;non<br>\nseule\u00adment de l\u2019\u00e9\u00adchec, mais encore de la marche \u00e0<br>\nl\u2019\u00e9chec.<\/p>\n<p style=\"margin-bottom: 0cm;\" align=\"justify\">\tIl serait injuste de<br>\ns\u2019en prendre, de cet \u00e9chec, \u00e0 la masse des militants<br>\nqui n\u2019au\u00adraient pas fait leur devoir. Ils le firent pour&nbsp;la<br>\n<i>R\u00e9vo\u00adlu\u00adtion&nbsp;<\/i>; ils l\u2019ont fait encore pour la <i>Vie<br>\nOuvri\u00e8re<\/i>.<\/p>\n<p style=\"margin-bottom: 0cm;\" align=\"justify\">\tLors du lan\u00adce\u00adment de&nbsp;la<br>\nrevue, me basant sur une exp\u00e9\u00adrience de plu\u00adsieurs ann\u00e9es<br>\nde tra\u00advail dans la librai\u00adrie, sur la connais\u00adsance des m\u00e9thodes<br>\nadmi\u00adnis\u00adtra\u00adtives de la revue <i>Pages Libres<\/i> o\u00f9 je&nbsp;fus<br>\nemploy\u00e9 pen\u00addant deux ann\u00e9es, je crus que nous aurions<br>\nint\u00e9\u00adr\u00eat \u00e0 appli\u00adquer ces m\u00e9thodes pour&nbsp;la<br>\nrecherche des abon\u00adn\u00e9s de la <i>Vie Ouvri\u00e8re<\/i>. En<br>\ncons\u00e9\u00adquence, nous adres\u00ads\u00e2mes, soit le pre\u00admier, soit&nbsp;le<br>\ndeuxi\u00e8me de nos num\u00e9\u00adros \u00e0 quelques milliers<br>\nd\u2019a\u00addresses d\u2019a\u00adbon\u00adn\u00e9s pos\u00adsibles, recueillies forc\u00e9ment<br>\nun peu \u00e0 la l\u00e9g\u00e8re. Cette m\u00e9thode nous&nbsp;a<br>\ndon\u00adn\u00e9 des r\u00e9sul\u00adtats presque insi\u00adgni\u00adfiants&nbsp;;&nbsp;ce<br>\nn\u2019est pas celle qui convient pour notre public.<\/p>\n<p style=\"margin-bottom: 0cm;\" align=\"justify\">\tSi nous l\u2019avions<br>\nemploy\u00e9e seule, nous aurions, aujourd\u2019\u00adhui, 100 \u00e0&nbsp;130<br>\nabon\u00adn\u00e9s au maxi\u00admum. Mais nous avions employ\u00e9 un&nbsp;autre<br>\nsys\u00adt\u00e8me&nbsp;: le car\u00adnet d\u2019a\u00adbon\u00adne\u00adment envoy\u00e9 \u00e0<br>\ndes mili\u00adtants connus. Envi\u00adron 150 car\u00adnets furent exp\u00e9di\u00e9s,<br>\nsans lettre par\u00adti\u00adcu\u00adli\u00e8re, sans \u00eatre sui\u00advis d\u2019autre chose<br>\nque le ser\u00advice des num\u00e9ros.<\/p>\n<p style=\"margin-bottom: 0cm;\" align=\"justify\">\tJe dois m\u00eame&nbsp;dire<br>\nque nous ne comp\u00adtions pas beau\u00adcoup sur ce der\u00adnier sys\u00adt\u00e8me. <font face=\"Times New Roman, serif\">\u00c0<\/font><br>\nnos yeux, c\u2019\u00e9\u00adtait une chance de plus, rien d\u2019autre.<\/p>\n<p style=\"margin-bottom: 0cm;\" align=\"justify\">\tEh bien&nbsp;! c\u2019est&nbsp;ce<br>\nder\u00adnier sys\u00adt\u00e8me qui \u00e0 fait la force de la <i>Vie<br>\nOuvri\u00e8re<\/i>. C\u2019est lui qui a ame\u00adn\u00e9 le gros&nbsp;des<br>\nabon\u00adn\u00e9s, pr\u00e8s de&nbsp;300.<\/p>\n<p style=\"margin-bottom: 0cm;\" align=\"justify\">\tNous sommes heu\u00adreux&nbsp;de<br>\nnous \u00eatre trom\u00adp\u00e9s. Nous v\u00e9ri\u00adfions vrai\u00adment&nbsp;ainsi<br>\nque la <i>Vie Ouvri\u00e8re<\/i> n\u2019est pas une revue comme&nbsp;les<br>\nautres. Nous ne vou\u00adlions pas qu\u2019elle soit l\u2019\u0153uvre d\u2019un petit groupe<br>\nfor\u00adm\u00e9 de Pari\u00adsiens, mais bien l\u2019\u0153uvre de la col\u00adla\u00adbo\u00adra\u00adtion\u200a\u2014\u200atant pour la r\u00e9dac\u00adtion que pour l\u2019ad\u00admi\u00adnis\u00adtra\u00adtion\u200a\u2014\u200ade&nbsp;tous<br>\nles mili\u00adtants. Nous ne savions com\u00adment y arri\u00adver. Instinctivement,<br>\npar la force m\u00eame des choses, nous y sommes arri\u00adv\u00e9s.&nbsp;Et<br>\nqu\u2019on ne se figure pas que cette col\u00adla\u00adbo\u00adra\u00adtion consiste tout<br>\nbon\u00adne\u00adment \u00e0 nous ame\u00adner des abon\u00adn\u00e9s. Nen\u00adni. Ceux&nbsp;qui<br>\nnous envoient les souches de leur car\u00adnet d\u2019a\u00adbon\u00adne\u00adment ne se g\u00eanent<br>\npas pour dire\u200a\u2014\u200aet ils font bien&nbsp;! \u00e7a p\u00e8che&nbsp;par<br>\nci, \u00e7a va par&nbsp;l\u00e0.<\/p>\n<p style=\"margin-bottom: 0cm;\" align=\"justify\">C\u2019est cette m\u00e9thode<br>\nque nous conti\u00adnue\u00adrons \u00e0 appli\u00adquer, que nous g\u00e9n\u00e9raliserons<br>\npour notre lan\u00adce\u00adment de jan\u00advier. Voi\u00adci \u00e0 quoi nous&nbsp;avons<br>\npen\u00ads\u00e9&nbsp;: adres\u00adser \u00e0 des cama\u00adrades s\u00fbrs&nbsp;les<br>\ndeux num\u00e9\u00adros de jan\u00advier, plus un car\u00adnet d\u2019a\u00adbon\u00adne\u00adment,&nbsp;afin<br>\nqu\u2019ils ne nous envoient pas seule\u00adment leur abon\u00adne\u00adment per\u00adson\u00adnel,&nbsp;mais<br>\nencore ceux qu\u2019ils pour\u00adront, avec un peu d\u2019ef\u00adfort, recueillir autour<br>\nd\u2019eux.<\/p>\n<p style=\"margin-bottom: 0cm;\" align=\"justify\">\tIl nous fau\u00addrait&nbsp;mille<br>\nadresses de cama\u00adrades. Que cha\u00adcun de nos abon\u00adn\u00e9s nous envoie<br>\nune liste de ceux de ses amis qui seraient sus\u00adcep\u00adtibles de s\u2019abonner<br>\neux-m\u00eames et de faire autour d\u2019eux de la pro\u00adpa\u00adgande pour la <i>Vie<br>\nOuvri\u00e8re<\/i>.<\/p>\n<p style=\"margin-bottom: 0cm;\" align=\"justify\">\tQue ceux de nos abonn\u00e9s<br>\nqui n\u2019en ont pas nous demandent un car\u00adnet d\u2019a\u00adbon\u00adne\u00adment. Que tous&nbsp;nous<br>\nenvoient des listes de camarades.<\/p>\n<p style=\"margin-bottom: 0cm;\" align=\"justify\">\tSi nous avons ces&nbsp;mille<br>\nadresses, nous sommes cer\u00adtains de pou\u00advoir annon\u00adcer dans le num\u00e9ro<br>\ndu 5 f\u00e9vrier pro\u00adchain que nous avons d\u00e9pas\u00ads\u00e9&nbsp;le<br>\nmil\u00adlier d\u2019a\u00adbon\u00adn\u00e9s n\u00e9ces\u00adsaire, et que le syn\u00addi\u00adca\u00adlisme&nbsp;a<br>\nr\u00e9us\u00adsi, en quatre mois, \u00e0 assu\u00adrer la vie de sa&nbsp;revue<br>\nbimen\u00adsuelle, par la contri\u00adbu\u00adtion seule des abon\u00adne\u00adments. Que chacun<br>\ndonc mette la main \u00e0 la plume et la plume sur une feuille de<br>\npapier \u00e0 lettre \u00e0 notre intention.<\/p>\n<p style=\"margin-bottom: 0cm;\" align=\"justify\">P. Monatte<\/p>\n","protected":false},"excerpt":{"rendered":"<p>Quelques amis nous&nbsp;ont deman\u00add\u00e9s, \u00e0 la suite de notre der\u00adni\u00e8re cou\u00adver\u00adture&nbsp;: Eh bien&nbsp;! \u00e7a ne va pas&nbsp;? \u2015 Com\u00adment&nbsp;? \u00c7a ne va pas&nbsp;?\u200a\u2014\u200aOui, votre der\u00adni\u00e8re cou\u00adver\u00adture \u00e9tait moins enthou\u00adsiaste, moins chaude, moins confiante. J\u2019a\u00advais cr\u00fb\u2026\u200a\u2014\u200aVous aviez tort, abso\u00adlu\u00adment&nbsp;tort de croire que nous n\u2019\u00e9\u00adtions pas com\u00adpl\u00e8\u00adte\u00adment satis\u00adfaits et que la Vie Ouvri\u00e8re ne mar\u00adchait&nbsp;pas\u2026 Elle marche.&nbsp;[\u2026]<\/p>\n","protected":false},"author":1,"featured_media":0,"comment_status":"closed","ping_status":"closed","sticky":false,"template":"","format":"standard","meta":{"wp_typography_post_enhancements_disabled":false,"footnotes":""},"categories":[123],"tags":[],"ppma_author":[540],"class_list":["post-1068","post","type-post","status-publish","format-standard","hentry","category-la-vie-ouvriere-n5-du-5-decembre-1909"],"authors":[{"term_id":540,"user_id":1,"is_guest":0,"slug":"admin_3gikpwyf","display_name":"Vincent Dubuc","avatar_url":"https:\/\/secure.gravatar.com\/avatar\/d015720652c25fd2ced191ade86430094e1f288a17483713e3b34d26dea52507?s=96&d=mm&r=g","author_category":"","user_url":"https:\/\/la-presse-anarchiste.net","last_name":"Dubuc","first_name":"Vincent","job_title":"","description":""}],"_links":{"self":[{"href":"https:\/\/la-presse-anarchiste.net\/index.php\/wp-json\/wp\/v2\/posts\/1068","targetHints":{"allow":["GET"]}}],"collection":[{"href":"https:\/\/la-presse-anarchiste.net\/index.php\/wp-json\/wp\/v2\/posts"}],"about":[{"href":"https:\/\/la-presse-anarchiste.net\/index.php\/wp-json\/wp\/v2\/types\/post"}],"author":[{"embeddable":true,"href":"https:\/\/la-presse-anarchiste.net\/index.php\/wp-json\/wp\/v2\/users\/1"}],"replies":[{"embeddable":true,"href":"https:\/\/la-presse-anarchiste.net\/index.php\/wp-json\/wp\/v2\/comments?post=1068"}],"version-history":[{"count":0,"href":"https:\/\/la-presse-anarchiste.net\/index.php\/wp-json\/wp\/v2\/posts\/1068\/revisions"}],"wp:attachment":[{"href":"https:\/\/la-presse-anarchiste.net\/index.php\/wp-json\/wp\/v2\/media?parent=1068"}],"wp:term":[{"taxonomy":"category","embeddable":true,"href":"https:\/\/la-presse-anarchiste.net\/index.php\/wp-json\/wp\/v2\/categories?post=1068"},{"taxonomy":"post_tag","embeddable":true,"href":"https:\/\/la-presse-anarchiste.net\/index.php\/wp-json\/wp\/v2\/tags?post=1068"},{"taxonomy":"author","embeddable":true,"href":"https:\/\/la-presse-anarchiste.net\/index.php\/wp-json\/wp\/v2\/ppma_author?post=1068"}],"curies":[{"name":"wp","href":"https:\/\/api.w.org\/{rel}","templated":true}]}}