{"id":1086,"date":"2007-12-07T09:37:16","date_gmt":"2007-12-07T09:37:16","guid":{"rendered":"https:\/\/la-presse-anarchiste.net\/index.php\/2007\/12\/07\/limprime-la-scene-lecran-2\/"},"modified":"2007-12-07T09:37:16","modified_gmt":"2007-12-07T09:37:16","slug":"limprime-la-scene-lecran-2","status":"publish","type":"post","link":"https:\/\/la-presse-anarchiste.net\/index.php\/2007\/12\/07\/limprime-la-scene-lecran-2\/","title":{"rendered":"L\u2019imprim\u00e9, la sc\u00e8ne, l\u2019\u00e9cran"},"content":{"rendered":"<div class=\"pdfprnt-buttons pdfprnt-buttons-post pdfprnt-top-right\"><a href=\"https:\/\/la-presse-anarchiste.net\/index.php\/wp-json\/wp\/v2\/posts\/1086?print=pdf\" class=\"pdfprnt-button pdfprnt-button-pdf\" target=\"_blank\"><img decoding=\"async\" src=\"https:\/\/la-presse-anarchiste.net\/wp-content\/plugins\/pdf-print\/images\/pdf.png\" alt=\"image_pdf\" title=\"Afficher le PDF\"><\/a><a href=\"https:\/\/la-presse-anarchiste.net\/index.php\/wp-json\/wp\/v2\/posts\/1086?print=print\" class=\"pdfprnt-button pdfprnt-button-print\" target=\"_blank\"><img decoding=\"async\" src=\"https:\/\/la-presse-anarchiste.net\/wp-content\/plugins\/pdf-print\/images\/print.png\" alt=\"image_print\" title=\"Contenu imprim\u00e9\"><\/a><\/div><div align=\"justify\">A. LENNOZ. <em>Essai sur la soci\u00e9\u00adt\u00e9 contem\u00adpo\u00adraine<\/em> (100 fr., \u00e9d. de l\u2019au\u00adteur, 6 rue Sul\u00adly-Prud\u00adhomme, Vil\u00adleur\u00adbanne, Rh\u00f4ne),\u200a\u2014\u200aL\u2019au\u00adteur de ce volume est spi\u00adri\u00adtua\u00adliste, paci\u00adfiste, humain et sin\u00adc\u00e8re, ce qui n\u2019est pas peu dire. Il s\u2019at\u00adtaque avec cou\u00adrage \u00e0 tous les maux dont souffre notre soci\u00e9\u00adt\u00e9 d\u00e9sax\u00e9e, les passe en revue, entasse consta\u00adta\u00adtions, obser\u00adva\u00adtions, docu\u00adments, sta\u00adtis\u00adtiques, qu\u2019il s\u2019a\u00adgisse du social, de la poli\u00adtique, de l\u2019hy\u00adgi\u00e8ne, de l\u2019eu\u00adg\u00e9\u00adnisme. Cet effort vaut d\u2019\u00eatre sou\u00adli\u00adgn\u00e9. Le monde, selon notre auteur, ne sera accom\u00adpli que lors\u00adqu\u2019exis\u00adte\u00adra une R\u00e9pu\u00adblique mon\u00addiale, mais \u00ab&nbsp;seule la valeur indi\u00advi\u00adduelle peut sau\u00adver le monde&nbsp;\u00bb. C\u2019est pour\u00adquoi nous sen\u00adtons A. Len\u00adnoz proche de&nbsp;nous.&nbsp;\n<p>\tJEAN GALTIER-BOISSI\u00c8RE&nbsp;: <em>Mon jour\u00adnal depuis la Lib\u00e9\u00adra\u00adtion<\/em> (110 fr., Ed. de \u00ab&nbsp;La Jeune Parque&nbsp;\u00bb).\u200a\u2014\u200aNous retrou\u00advons dans ce volume l\u2019an\u00adcien \u00e9di\u00adteur du Cra\u00adpouillot \u00e9gal \u00e0 lui-m\u00eame, mor\u00addant, railleur, amer, mais indul\u00adgent et com\u00adpr\u00e9\u00adhen\u00adsif quand il le faut. Il y a \u00e0 apprendre, certes, dans ces notes r\u00e9di\u00adg\u00e9es au jour le jour et qui s\u2019\u00e9\u00adtendent du 30 ao\u00fbt 1945 au pro\u00adc\u00e8s P\u00e9tain, mais elles offrent mati\u00e8re \u00e0 maintes r\u00e9flexions. Ce n\u2019est pas Gal\u00adtier-Bois\u00adsi\u00e8re qui se laisse prendre aux sur\u00aden\u00adch\u00e8res des n\u00e9o-patriotes et aux agis\u00adse\u00adments de cer\u00adtains n\u00e9o-r\u00e9si\u00adtants. Il les d\u00e9masque sans piti\u00e9. Bravo&nbsp;!&nbsp;<\/p>\n<p>\tA. M.&nbsp;GOSSEZ&nbsp;: <em>La mau\u00advaise aven\u00adture<\/em>, po\u00e8me. (Ed. de \u00ab&nbsp;l\u2019A\u00admi\u00adti\u00e9 par le Livre&nbsp;\u00bb, Blain\u00adville-sur-Mer, Manche).\u200a\u2014\u200aLe talent po\u00e9\u00adtique du regret\u00adt\u00e9 Gos\u00adsez si nuan\u00adc\u00e9, si d\u00e9li\u00adcat, par\u00adfois sen\u00adsuel, s\u2019ex\u00adprime comme il convient dans ce volume, illus\u00adtr\u00e9 de 15 bois ori\u00adgi\u00adnaux de Til\u00admans. Je suis reve\u00adnu avec plai\u00adsir sur les pi\u00e8ces \u00ab&nbsp;Le Repos&nbsp;\u00bb, \u00ab&nbsp;R\u00e9so\u00adlu\u00adtion&nbsp;\u00bb, \u00ab&nbsp;Cour\u00adti\u00adsane d\u2019An\u00adti\u00adno\u00e9&nbsp;\u00bb, \u00ab&nbsp;Spleen&nbsp;\u00bb pour ne citer que celles-l\u00e0.&nbsp;<\/p>\n<p>\tJUAN EST\u00c8VE DULIN&nbsp;: <em>Inicia\u00adcion natu\u00adris\u00adta en seis lac\u00adciones<\/em> (Ed. Biblio\u00adte\u00adca de Edu\u00adca\u00adcion fisi\u00adca y die\u00adto\u00adlo\u00adgi\u00adca, Bue\u00adnos-Aires).\u200a\u2014\u200aL\u2019\u00e9\u00adnon\u00adc\u00e9 du conte\u00adnu du volume, que nous tra\u00addui\u00adsons de l\u2019es\u00adpa\u00adgnol, fera com\u00adprendre son impor\u00adtance&nbsp;: Ce qu\u2019en\u00adseigne l\u2019\u00c9\u00adcole Natu\u00adriste, Fon\u00adde\u00adment bio\u00adlo\u00adgique de la Morale, la Beau\u00adt\u00e9 et la Dou\u00adleur en rela\u00adtion avec la conduite, syn\u00adth\u00e8se his\u00adto\u00adrique de la M\u00e9de\u00adcine, \u00e9l\u00e9\u00adments d\u2019A\u00adna\u00adto\u00admie et de Phy\u00adsio\u00adlo\u00adgie, \u00c9du\u00adca\u00adtion phy\u00adsique et ali\u00admen\u00adta\u00adtion ration\u00adnelle, Bio\u00adchi\u00admie de l\u2019A\u00adli\u00admen\u00adta\u00adtion, Pr\u00e9\u00adpa\u00adra\u00adtion et Com\u00adbi\u00adnai\u00adson ration\u00adnelle des aliments.&nbsp;<\/p>\n<p>\tMARC S\u00c9M\u00c9NOFF&nbsp;: <em>Forces spi\u00adri\u00adtuelles et sociales de la Rus\u00adsie Sovi\u00e9\u00adtique<\/em> (60 fr., Ed. Debresse, 38 rue de l\u2019U\u00adni\u00adver\u00adsi\u00adt\u00e9, Paris).\u200a\u2014\u200aVoi\u00adci un livre curieux, docu\u00admen\u00adt\u00e9, ori\u00adgi\u00adnal. Selon l\u2019au\u00adteur la Rus\u00adsie Sovi\u00e9\u00adtique n\u2019est pas n\u00e9e de la R\u00e9vo\u00adlu\u00adtion d\u2019oc\u00adtobre 1917, elle \u00e9tait sovi\u00e9\u00adtique et r\u00e9pu\u00adbli\u00adcaine d\u00e8s l\u2019o\u00adri\u00adgine, au Moyen-Age, alors que l\u2019Oc\u00adci\u00addent subis\u00adsait la loi f\u00e9o\u00addale. et se cour\u00adbait sous le ser\u00advage. Cepen\u00addant, le mys\u00adtique qu\u2019est Marc S\u00e9m\u00e9\u00adnoff ne voit pos\u00adsible l\u2019ac\u00adcom\u00adplis\u00adse\u00adment du peuple russe que dans l\u2019in\u00adtime liai\u00adson du spi\u00adri\u00adtuel et du social. Or, cette liai\u00adson le mos\u00adco\u00advite, le russe est \u00e9mi\u00adnem\u00adment apte \u00e0 la r\u00e9aliser.&nbsp;<\/p>\n<p>\tP. V. BERTHIER&nbsp;: <em>Jose\u00adlyne et son mil\u00adlion<\/em>, roman popu\u00adlaire, inter\u00addit par la cen\u00adsure de Vichy (illus\u00adtr. de P.-J.).\u200a\u2014\u200aEnvoi c. 36 fr. \u00e0 P. V. Ber\u00adthier, 11 bis, rue Porte-Neuve, Iis\u00adsou\u00addun, Indre. C. C. Ber\u00adthier, Issou\u00addun, 249\u200a\u2013\u200a62, Limoges. (Ce n\u2019est pas un roman \u00e0&nbsp;th\u00e8se).&nbsp;<\/p>\n<p>\tLOUISE MARTIAL&nbsp;: <em>Sau\u00adve\u00adtage<\/em>, roman. (Ed. \u00ab&nbsp;L\u2019A\u00admi\u00adti\u00e9 par le Livre&nbsp;\u00bb, Blain\u00adville-sur-Mer, Manche)<\/p>\n<p>\tJEAN SOUVANANCE&nbsp;: <em>Ce qui fut<\/em>, pr\u00e9f. de Ray\u00admond Ofner, 60 fr., \u00e9d. de l\u2019au\u00adteur, \u00ab&nbsp;Ar Peuch&nbsp;\u00bb, tertre Anb\u00e9, St-Brieuc.&nbsp;<\/p>\n<p>\tFELIPE ALAIZ&nbsp;: <em>El Muni\u00adci\u00adpo espa\u00adnol desde la espo\u00adca de Roma<\/em>,\tFELIPE ALAIZ&nbsp;: <em>La fede\u00adra\u00adcion local es el muni\u00adci\u00adpio<\/em>.\u200a\u2014\u200aR. ROCKER&nbsp;: <em>Fer\u00admin Sal\u00advo\u00adchea<\/em>.\u200a\u2014\u200aFELIPE ALAIZ&nbsp;: <em>El muni\u00adci\u00adpio man\u00adda\u00adto\u00adrio de su asam\u00adblea abier\u00adta<\/em>.\u200a\u2014\u200aANTONIO CASANOVA&nbsp;: <em>Posi\u00adcion revo\u00adtu\u00adcio\u00adna\u00adria<\/em>,\u200a\u2014\u200aMAX NETTLAU&nbsp;: <em>Erri\u00adco MaIa\u00adtes\u00adta<\/em> (Ed. \u00ab&nbsp;Tier\u00adra y Liber\u00adtad&nbsp;\u00bb, n\u00b0s 13 \u00e0&nbsp;18).<\/p>\n<p>\tNous appre\u00adnons la r\u00e9ap\u00adpa\u00adri\u00adtion de la BIBLIOTH\u00c8QUE DE L\u2019ARTISTOCRATIE (nou\u00advelle s\u00e9rie tri\u00admes\u00adtrielle). Le volume paru est consa\u00adcr\u00e9 \u00e0 <em>Auguste Lumi\u00e8re et son \u0153uvre<\/em> (le pro\u00adbl\u00e8me de la tuber\u00adcu\u00adlose devant l\u2019o\u00adpi\u00adnion) cau\u00adse\u00adrie faite par G. de Lacaze-Duthiers \u00e0 notre centre \u00ab&nbsp; l\u2019U\u00adnique&nbsp;\u00bb com\u00adpl\u00e9\u00adt\u00e9e par de nou\u00adveaux documents.&nbsp;<\/p>\n<p>\tPrix de l\u2019a\u00adbon\u00adne\u00adment aux 4 volumes&nbsp;: 250 fr. frais d\u2019en\u00advoi com\u00adpris. (S\u2019a\u00addr. \u00e0 G. de Lacaze-Duthiers, 113, rue Monge, Paris\u20115, C. C. Paris 1440\u200a\u2013\u200a18). Quant au sc\u00e9\u00adna\u00adrio Mauer il para\u00ee\u00adtra d\u00e8s que le nombre de sous\u00adcrip\u00adteurs sera suf\u00adfi\u00adsant. (La sou\u00adcrip\u00adtion est por\u00adt\u00e9e de 50 fr, \u00e0 150 fr. pour un ouvrage, comp\u00adtant, 250 pages et abon\u00addam\u00adment illustr\u00e9).<\/p>\n<\/div>","protected":false},"excerpt":{"rendered":"<p>A. LENNOZ. Essai sur la soci\u00e9\u00adt\u00e9 contem\u00adpo\u00adraine (100 fr., \u00e9d. de l\u2019au\u00adteur, 6 rue Sul\u00ad\u00adly-Prud\u00ad\u00adhomme, Vil\u00adleur\u00adbanne, Rh\u00f4ne),\u200a\u2014\u200aL\u2019au\u00adteur de ce volume est spi\u00adri\u00adtua\u00adliste, paci\u00adfiste, humain et sin\u00adc\u00e8re, ce qui n\u2019est pas peu dire. Il s\u2019at\u00adtaque avec cou\u00adrage \u00e0 tous les maux dont souffre notre soci\u00e9\u00adt\u00e9 d\u00e9sax\u00e9e, les passe en revue, entasse consta\u00adta\u00adtions, obser\u00adva\u00adtions, docu\u00adments, sta\u00adtis\u00adtiques, qu\u2019il [\u2026]<\/p>\n","protected":false},"author":1,"featured_media":0,"comment_status":"closed","ping_status":"closed","sticky":false,"template":"","format":"standard","meta":{"wp_typography_post_enhancements_disabled":false,"footnotes":""},"categories":[105],"tags":[],"ppma_author":[540],"class_list":["post-1086","post","type-post","status-publish","format-standard","hentry","category-lunique-na8-mars-1946"],"authors":[{"term_id":540,"user_id":1,"is_guest":0,"slug":"admin_3gikpwyf","display_name":"Vincent Dubuc","avatar_url":"https:\/\/secure.gravatar.com\/avatar\/d015720652c25fd2ced191ade86430094e1f288a17483713e3b34d26dea52507?s=96&d=mm&r=g","author_category":"","user_url":"https:\/\/la-presse-anarchiste.net","last_name":"Dubuc","first_name":"Vincent","job_title":"","description":""}],"_links":{"self":[{"href":"https:\/\/la-presse-anarchiste.net\/index.php\/wp-json\/wp\/v2\/posts\/1086","targetHints":{"allow":["GET"]}}],"collection":[{"href":"https:\/\/la-presse-anarchiste.net\/index.php\/wp-json\/wp\/v2\/posts"}],"about":[{"href":"https:\/\/la-presse-anarchiste.net\/index.php\/wp-json\/wp\/v2\/types\/post"}],"author":[{"embeddable":true,"href":"https:\/\/la-presse-anarchiste.net\/index.php\/wp-json\/wp\/v2\/users\/1"}],"replies":[{"embeddable":true,"href":"https:\/\/la-presse-anarchiste.net\/index.php\/wp-json\/wp\/v2\/comments?post=1086"}],"version-history":[{"count":0,"href":"https:\/\/la-presse-anarchiste.net\/index.php\/wp-json\/wp\/v2\/posts\/1086\/revisions"}],"wp:attachment":[{"href":"https:\/\/la-presse-anarchiste.net\/index.php\/wp-json\/wp\/v2\/media?parent=1086"}],"wp:term":[{"taxonomy":"category","embeddable":true,"href":"https:\/\/la-presse-anarchiste.net\/index.php\/wp-json\/wp\/v2\/categories?post=1086"},{"taxonomy":"post_tag","embeddable":true,"href":"https:\/\/la-presse-anarchiste.net\/index.php\/wp-json\/wp\/v2\/tags?post=1086"},{"taxonomy":"author","embeddable":true,"href":"https:\/\/la-presse-anarchiste.net\/index.php\/wp-json\/wp\/v2\/ppma_author?post=1086"}],"curies":[{"name":"wp","href":"https:\/\/api.w.org\/{rel}","templated":true}]}}