{"id":1093,"date":"1981-03-01T00:01:19","date_gmt":"1981-03-01T00:01:19","guid":{"rendered":"https:\/\/la-presse-anarchiste.net\/index.php\/2007\/12\/06\/editorial-5\/"},"modified":"2024-05-12T10:03:20","modified_gmt":"2024-05-12T10:03:20","slug":"editorial-5","status":"publish","type":"post","link":"https:\/\/la-presse-anarchiste.net\/index.php\/1981\/03\/01\/editorial-5\/","title":{"rendered":"\u00c9ditorial"},"content":{"rendered":"<div class=\"pdfprnt-buttons pdfprnt-buttons-post pdfprnt-top-right\"><a href=\"https:\/\/la-presse-anarchiste.net\/index.php\/wp-json\/wp\/v2\/posts\/1093?print=pdf\" class=\"pdfprnt-button pdfprnt-button-pdf\" target=\"_blank\"><img decoding=\"async\" src=\"https:\/\/la-presse-anarchiste.net\/wp-content\/plugins\/pdf-print\/images\/pdf.png\" alt=\"image_pdf\" title=\"Afficher le PDF\"><\/a><a href=\"https:\/\/la-presse-anarchiste.net\/index.php\/wp-json\/wp\/v2\/posts\/1093?print=print\" class=\"pdfprnt-button pdfprnt-button-print\" target=\"_blank\"><img decoding=\"async\" src=\"https:\/\/la-presse-anarchiste.net\/wp-content\/plugins\/pdf-print\/images\/print.png\" alt=\"image_print\" title=\"Contenu imprim\u00e9\"><\/a><\/div><p style=\"text-indent: 1.5cm; margin-bottom: 0cm;\" align=\"justify\"><span style=\"font-family: georgia, palatino, serif;\"><span style=\"font-size: medium;\">En ce moment, m\u00eame sans le vou\u00adloir, on ne peut \u00e9vi\u00adter d\u2019en\u00adtendre par\u00adler de la Pologne. En effet ce qui se passe l\u00e0-bas mobi\u00adlise, avec des hauts et des bas, les m\u00e9dias occi\u00adden\u00adtaux. Pour\u00adtant ce num\u00e9\u00adro <span style=\"font-style: normal;\">d\u2019<\/span><i>Iztok<\/i> ne com\u00adprend qu\u2019un court article sur ce pays, et qui date de 1975. Il y a plu\u00adsieurs rai\u00adsons \u00e0 ce silence.<\/span><\/span><\/p>\n<p style=\"text-indent: 1.5cm; margin-bottom: 0cm;\" align=\"justify\"><span style=\"font-family: georgia, palatino, serif;\"><span style=\"font-size: medium;\">Pre\u00admi\u00e8\u00adre\u00adment, <i>Iztok<\/i> se veut d\u2019a\u00adbord une revue d\u2019in\u00adfor\u00adma\u00adtions liber\u00adtaires sur les Pays de l\u2019Est. Comme l\u2019ac\u00adti\u00advi\u00adt\u00e9 anar\u00adchiste est des plus r\u00e9duites dans les pays com\u00admu\u00adnistes, ce genre d\u2019in\u00adfor\u00adma\u00adtions est plu\u00adt\u00f4t rare. Nous publions donc aus\u00adsi des textes th\u00e9o\u00adriques, ou des sujets qui sans \u00eatre liber\u00adtaires ne sont pas ou sont peu abor\u00add\u00e9 dans la presse en g\u00e9n\u00e9\u00adral (comme par exemple dans le n\u00b03 l\u2019ar\u00adticle sur la Bul\u00adga\u00adrie). Comme nous n\u2019a\u00advons ni docu\u00adments fran\u00adche\u00adment liber\u00adtaires, ni connais\u00adsance d\u2019une quel\u00adconque acti\u00advi\u00adt\u00e9 anar\u00adchiste consciente en Pologne (tout le mou\u00adve\u00adment est lar\u00adge\u00adment empreint d\u2019un anar\u00adchisme spon\u00adta\u00adn\u00e9 mais incons\u00adcient) nous n\u2019a\u00advons rien \u00e0 publier sur le&nbsp;sujet.<\/span><\/span><\/p>\n<p style=\"text-indent: 1.5cm; margin-bottom: 0cm;\" align=\"justify\"><span style=\"font-family: georgia, palatino, serif;\"><span style=\"font-size: medium;\">Deuxi\u00e8\u00adme\u00adment <i>Iztok<\/i> ne veut pas \u00eatre, et n\u2019est pas, une revue de plus \u00e0 par\u00adler en g\u00e9n\u00e9\u00adral des Pays de l\u2019Est et des oppo\u00adsi\u00adtions qui s\u2019y d\u00e9ve\u00adloppent. Nous trou\u00advons qu\u2019il en existe d\u00e9j\u00e0 suf\u00adfi\u00adsam\u00adment qui rem\u00adplissent cor\u00adrec\u00adte\u00adment leur mis\u00adsion. Nous ne voyons aucun int\u00e9\u00adr\u00eat \u00e0 publier des docu\u00adments de \u00ab&nbsp;Soli\u00adda\u00adri\u00adt\u00e9&nbsp;\u00bb, bien qu\u2019ils soient tr\u00e8s int\u00e9\u00adres\u00adsants pour mieux com\u00adprendre les \u00e9v\u00e8\u00adne\u00adments, car des revues comme <i>l\u2019Al\u00adter\u00adna\u00adtive<\/i>, <i>Esprit<\/i>, etc. en publient suf\u00adfi\u00adsam\u00adment pour que nous n\u2019ayons pas \u00e0 le faire nous&nbsp;aussi.<\/span><\/span><\/p>\n<p style=\"text-indent: 1.5cm; margin-bottom: 0cm;\" align=\"justify\"><span style=\"font-family: georgia, palatino, serif;\"><span style=\"font-size: medium;\">Cela ne veut pas dire pour autant que nous igno\u00adrons ou que nous res\u00adtons pas\u00adsifs devant la situa\u00adtion polo\u00adnaise. Tout d\u2019a\u00adbord nous avons sor\u00adti cou\u00adrant sep\u00adtembre, \u00e0 un moment o\u00f9 pra\u00adti\u00adque\u00adment aucun texte de la gr\u00e8ve n\u2019\u00e9\u00adtait dis\u00adpo\u00adnible en France, une petite bro\u00adchure com\u00adpre\u00adnant un choix de tra\u00adduc\u00adtions qui nous parais\u00adsaient n\u00e9ces\u00adsaire pour mieux com\u00adprendre le mou\u00adve\u00adment et son esprit. Ensuite nous avons \u00e9di\u00adt\u00e9 d\u00e9but jan\u00advier le n\u00b01 d\u2019<i>Iztok<\/i> en polo\u00adnais qui com\u00adprend un article sur l\u2019a\u00adna\u00adlyse des Pays de l\u2019Est, le syn\u00addi\u00adca\u00adlisme et le fonc\u00adtion\u00adne\u00adment d\u2019une orga\u00adni\u00adsa\u00adtion, tout cela bien enten\u00addu dans une optique anar\u00adchiste. Il y a aus\u00adsi un court texte de Bakou\u00adnine et une liste d\u2019a\u00addresses \u00e0 l\u2019Ouest. Cette bro\u00adchure a \u00e9t\u00e9 \u00e9di\u00adt\u00e9e pour \u00eatre dif\u00adfu\u00ads\u00e9e en Pologne et a com\u00admen\u00adc\u00e9 \u00e0 l\u2019\u00eatre. Toutes les per\u00adsonnes qui vont en Pologne et qui d\u00e9si\u00adrent en empor\u00adter n\u2019ont qu\u2019a nous \u00e9crire pour en obte\u00adnir. Si la situa\u00adtion le per\u00admet, un second num\u00e9\u00adro d\u2019<i>Iztok<\/i> en polo\u00adnais sera publi\u00e9.<\/span><\/span><\/p>\n<p style=\"text-indent: 1.5cm; margin-bottom: 0cm;\" align=\"justify\"><span style=\"font-family: georgia, palatino, serif;\"><span style=\"font-size: medium;\">Cela ne veut pas dire non plus que nous ne pen\u00adsions rien des \u00e9v\u00e8\u00adne\u00adments actuels. Nous recon\u00adnais\u00adsons un mou\u00adve\u00adment r\u00e9el\u00adle\u00adment popu\u00adlaire, et pour l\u2019ins\u00adtant tou\u00adjours contr\u00f4\u00adl\u00e9 en grande par\u00adtie par les tra\u00advailleurs eux-m\u00eames m\u00eame s\u2019il n\u2019est pas lui non plus exempt de ten\u00adta\u00adtives de mani\u00adpu\u00adla\u00adtion de la part d\u2019as\u00adpi\u00adrants au pou\u00advoir dans \u00ab&nbsp;Soli\u00adda\u00adri\u00adt\u00e9&nbsp;\u00bb. Ce mou\u00adve\u00adment est natu\u00adrel\u00adle\u00adment liber\u00adtaire, car anti-hi\u00e9\u00adrar\u00adchique et anti-auto\u00adri\u00adtaire dans les faits, sim\u00adple\u00adment par r\u00e9ac\u00adtion au tota\u00adli\u00adta\u00adrisme qu\u2019il com\u00adbat. C\u2019est le type d\u2019op\u00adpres\u00adsion que subissent les tra\u00advailleurs dans les Pays de l\u2019Est, la dic\u00adta\u00adture d\u2019un \u00c9tat tout puis\u00adsant qui s\u2019ap\u00adpuie sur une hi\u00e9\u00adrar\u00adchie de pri\u00advi\u00adl\u00e8ges et qui contr\u00f4le pra\u00adti\u00adque\u00adment tous les aspects de la vie sociale qui fait que lors\u00adqu\u2019ils se r\u00e9voltent, ils adoptent spon\u00adta\u00adn\u00e9\u00adment une atti\u00adtude que l\u2019on peut qua\u00adli\u00adfier d\u2019a\u00adnar\u00adchiste. Mais leur anar\u00adchisme reste dans les actes, et au niveau incons\u00adcient&nbsp;: le mythe de la n\u00e9ces\u00adsi\u00adt\u00e9 de l\u2019\u00c9\u00adtat reste tou\u00adjours bien ancr\u00e9 dans la t\u00eate des gens. Mais les condi\u00adtions sont favo\u00adrables pour la dif\u00adfu\u00adsion des id\u00e9es anar\u00adchistes, \u00e0 condi\u00adtion de ne pas s\u2019y prendre mal\u00adadroi\u00adte\u00adment (en arri\u00advant muni de la recette, l\u2019a\u00adnar\u00adchisme, qui doit infailli\u00adble\u00adment conduire au para\u00addis, par exemple&nbsp;: c\u2019est un lan\u00adgage que les polo\u00adnais connaissent bien et qu\u2019ils n\u2019ap\u00adpr\u00e9\u00adcient plus gu\u00e8re). Il faut aus\u00adsi gar\u00adder les pieds sur terre&nbsp;; les polo\u00adnais ne vont pas bran\u00addir le dra\u00adpeau noir du jour au len\u00adde\u00admain, s\u2019ils le bran\u00addissent un jour. Il ne faut pas n\u00e9gli\u00adger deux fac\u00adteurs impor\u00adtants, qui sont des r\u00e9a\u00adli\u00adt\u00e9s puis\u00adsantes en Pologne et qui sont incom\u00adpa\u00adtibles avec nos id\u00e9es&nbsp;: l\u2019\u00c9\u00adglise et le natio\u00adna\u00adlisme. Mais les \u00e9v\u00e8\u00adne\u00adments actuels sont une preuve de la jus\u00adtesse de nos th\u00e9o\u00adries face aux socia\u00adlistes auto\u00adri\u00adtaires, ouvrent des pers\u00adpec\u00adtives nou\u00advelles aux\u00adquelles on \u00e9tait loin de pen\u00adser il y a seule\u00adment un an. De toute fa\u00e7on l\u2019\u00e9\u00adman\u00adci\u00adpa\u00adtion des polo\u00adnais sera l\u2019\u0153uvre des polo\u00adnais eux-m\u00eames, et les \u00e9v\u00e8\u00adne\u00adments actuels le prouvent bien. Quel que soit leur cours futur, il en res\u00adte\u00adra tou\u00adjours quelque chose.<\/span><\/span><\/p>\n<p style=\"text-indent: 1.5cm; margin-bottom: 0cm;\" align=\"justify\"><span style=\"font-family: georgia, palatino, serif;\"><span style=\"font-size: medium;\">Tout le texte qui pr\u00e9\u00adc\u00e8de est un point de vue \u00ab&nbsp;mili\u00adtant&nbsp;\u00bb sur la Pologne. Nous avons aus\u00adsi un point de vue per\u00adson\u00adnel et plus sen\u00adti\u00admen\u00adtal qui peut se r\u00e9su\u00admer en un mot tr\u00e8s popu\u00adlaire l\u00e0-bas&nbsp;: soli\u00adda\u00adri\u00adt\u00e9&nbsp;! mais sans majuscule.<\/span><\/span><\/p>\n","protected":false},"excerpt":{"rendered":"<p>En ce moment, m\u00eame sans le vou\u00adloir, on ne peut \u00e9vi\u00adter d\u2019en\u00adtendre par\u00adler de la Pologne. En effet ce qui se passe l\u00e0-bas mobi\u00adlise, avec des hauts et des bas, les m\u00e9dias occi\u00adden\u00adtaux. Pour\u00adtant ce num\u00e9\u00adro d\u2019Iztok ne com\u00adprend qu\u2019un court article sur ce pays, et qui date de 1975. Il y a plu\u00adsieurs raisons&nbsp;[\u2026]<\/p>\n","protected":false},"author":8,"featured_media":5945,"comment_status":"closed","ping_status":"closed","sticky":false,"template":"wp-custom-template-page-d-article","format":"standard","meta":{"wp_typography_post_enhancements_disabled":false,"footnotes":""},"categories":[125],"tags":[552],"ppma_author":[680],"class_list":["post-1093","post","type-post","status-publish","format-standard","has-post-thumbnail","hentry","category-iztok-na3-mars-1981","tag-vie-des-revues"],"authors":[{"term_id":680,"user_id":8,"is_guest":0,"slug":"anonyme","display_name":"Anonyme","avatar_url":"https:\/\/secure.gravatar.com\/avatar\/cdccebf2bbf18d75df96a6721f7ce7f7ec80d026f1b8ec6be93de563bca5236b?s=96&d=mm&r=g","author_category":"","user_url":"","last_name":"","first_name":"","job_title":"","description":""}],"_links":{"self":[{"href":"https:\/\/la-presse-anarchiste.net\/index.php\/wp-json\/wp\/v2\/posts\/1093","targetHints":{"allow":["GET"]}}],"collection":[{"href":"https:\/\/la-presse-anarchiste.net\/index.php\/wp-json\/wp\/v2\/posts"}],"about":[{"href":"https:\/\/la-presse-anarchiste.net\/index.php\/wp-json\/wp\/v2\/types\/post"}],"author":[{"embeddable":true,"href":"https:\/\/la-presse-anarchiste.net\/index.php\/wp-json\/wp\/v2\/users\/8"}],"replies":[{"embeddable":true,"href":"https:\/\/la-presse-anarchiste.net\/index.php\/wp-json\/wp\/v2\/comments?post=1093"}],"version-history":[{"count":2,"href":"https:\/\/la-presse-anarchiste.net\/index.php\/wp-json\/wp\/v2\/posts\/1093\/revisions"}],"predecessor-version":[{"id":7459,"href":"https:\/\/la-presse-anarchiste.net\/index.php\/wp-json\/wp\/v2\/posts\/1093\/revisions\/7459"}],"wp:featuredmedia":[{"embeddable":true,"href":"https:\/\/la-presse-anarchiste.net\/index.php\/wp-json\/wp\/v2\/media\/5945"}],"wp:attachment":[{"href":"https:\/\/la-presse-anarchiste.net\/index.php\/wp-json\/wp\/v2\/media?parent=1093"}],"wp:term":[{"taxonomy":"category","embeddable":true,"href":"https:\/\/la-presse-anarchiste.net\/index.php\/wp-json\/wp\/v2\/categories?post=1093"},{"taxonomy":"post_tag","embeddable":true,"href":"https:\/\/la-presse-anarchiste.net\/index.php\/wp-json\/wp\/v2\/tags?post=1093"},{"taxonomy":"author","embeddable":true,"href":"https:\/\/la-presse-anarchiste.net\/index.php\/wp-json\/wp\/v2\/ppma_author?post=1093"}],"curies":[{"name":"wp","href":"https:\/\/api.w.org\/{rel}","templated":true}]}}