{"id":1107,"date":"2007-12-08T15:19:38","date_gmt":"2007-12-08T15:19:38","guid":{"rendered":"https:\/\/la-presse-anarchiste.net\/index.php\/2007\/12\/08\/non-violence-et-pacifisme-integral\/"},"modified":"2007-12-08T15:19:38","modified_gmt":"2007-12-08T15:19:38","slug":"non-violence-et-pacifisme-integral","status":"publish","type":"post","link":"https:\/\/la-presse-anarchiste.net\/index.php\/2007\/12\/08\/non-violence-et-pacifisme-integral\/","title":{"rendered":"Non-violence et pacifisme int\u00e9gral"},"content":{"rendered":"<div class=\"pdfprnt-buttons pdfprnt-buttons-post pdfprnt-top-right\"><a href=\"https:\/\/la-presse-anarchiste.net\/index.php\/wp-json\/wp\/v2\/posts\/1107?print=pdf\" class=\"pdfprnt-button pdfprnt-button-pdf\" target=\"_blank\"><img decoding=\"async\" src=\"https:\/\/la-presse-anarchiste.net\/wp-content\/plugins\/pdf-print\/images\/pdf.png\" alt=\"image_pdf\" title=\"Afficher le PDF\"><\/a><a href=\"https:\/\/la-presse-anarchiste.net\/index.php\/wp-json\/wp\/v2\/posts\/1107?print=print\" class=\"pdfprnt-button pdfprnt-button-print\" target=\"_blank\"><img decoding=\"async\" src=\"https:\/\/la-presse-anarchiste.net\/wp-content\/plugins\/pdf-print\/images\/print.png\" alt=\"image_print\" title=\"Contenu imprim\u00e9\"><\/a><\/div><p>[( <\/p>\n<p style=\"text-indent: 1.5cm; margin-bottom: 0cm;\" align=\"justify\" lang=\"fr-FR\">\n<font face=\"Garamond, serif\"><font style=\"font-size: 13pt;\" size=\"3\">Le<br>\nCongr\u00e8s, qui avait lieu les 18 et 19 f\u00e9vrier 1961,&nbsp;a<br>\nsus\u00adci\u00adt\u00e9, en divers milieux, des d\u00e9bats th\u00e9oriques<br>\nint\u00e9ressants.<\/font><\/font><\/p>\n<p style=\"text-indent: 1.5cm; margin-bottom: 0cm;\" align=\"justify\"><font face=\"Garamond, serif\"><font style=\"font-size: 13pt;\" size=\"3\"><span lang=\"fr-FR\">Cer\u00adtains<br>\nse sont deman\u00add\u00e9s si nous, paci\u00adfistes int\u00e9\u00adgraux, avions<br>\nquelque rai\u00adson de nous dif\u00adf\u00e9\u00adren\u00adcier des non-vio\u00adlents&nbsp;; s\u2019il<br>\nn\u2019y aurait pas avan\u00adtage \u00e0 nous r\u00e9unir en une&nbsp;m\u00eame<br>\nassociation.<\/span><\/font><\/font><\/p>\n<p style=\"text-indent: 1.5cm; margin-bottom: 0cm;\" align=\"justify\"><font face=\"Garamond, serif\"><font style=\"font-size: 13pt;\" size=\"3\"><span lang=\"fr-FR\">Recon\u00adnais\u00adsons<br>\nimm\u00e9\u00addia\u00adte\u00adment l\u2019\u00e9troit rap\u00adport de nos points de&nbsp;vue,<br>\net leur ori\u00adgine ana\u00adlogue. L\u2019amour des autres hommes est la tendance<br>\npro\u00adfonde des non-vio\u00adlents, et elle est la n\u00f4tre&nbsp;aussi.<\/span><\/font><\/font><\/p>\n<p style=\"text-indent: 1.5cm; margin-bottom: 0cm;\" align=\"justify\" lang=\"fr-FR\">\n<font face=\"Garamond, serif\"><font style=\"font-size: 13pt;\" size=\"3\">Cepen\u00addant<br>\nde cette m\u00eame source pour\u00adraient d\u00e9cou\u00adler des conceptions<br>\nun peu diff\u00e9rentes.<\/font><\/font><\/p>\n<p style=\"text-indent: 1.5cm; margin-bottom: 0cm;\" align=\"justify\"><font face=\"Garamond, serif\"><font style=\"font-size: 13pt;\" size=\"3\"><span lang=\"fr-FR\">Que<br>\nfaut-il entendre par non-vio\u00adlence&nbsp;? Deman\u00addons-le au ma\u00eetre qui<br>\nen a fait l\u2019un des points capi\u00adtaux de sa doc\u00adtrine, notre&nbsp;cher<br>\nMahat\u00adma Gandhi.<\/span><\/font><\/font><\/p>\n<p style=\"text-indent: 1.5cm; margin-bottom: 0cm;\" align=\"justify\"><font face=\"Garamond, serif\"><font style=\"font-size: 13pt;\" size=\"3\"><span lang=\"fr-FR\">Il<br>\navait v\u00e9cu, en son enfance, dans un milieu influenc\u00e9<br>\npar une h\u00e9r\u00e9\u00adsie du brah\u00adma\u00adnisme, le dja\u00ef\u00adnisme, pour<br>\nqui l\u2019id\u00e9e morale \u00e9tait celle de l\u2019ahims\u00e2,<br>\nnon-vio\u00adlence ou plus exac\u00adte\u00adment non-nui\u00adsance. II retrou\u00adva ensuite<br>\nl\u2019id\u00e9e dans les Ecri\u00adtures saintes de l\u2019hindouisme, dans&nbsp;la<br>\nBible, dans le Koran. Il en fit alors une de ses th\u00e8ses<br>\nfondamentales.<\/span><\/font><\/font><\/p>\n<p style=\"text-indent: 1.5cm; margin-bottom: 0cm;\" align=\"justify\"><font face=\"Garamond, serif\"><font style=\"font-size: 13pt;\" size=\"3\"><span lang=\"fr-FR\">L\u2019id\u00e9e<br>\na une por\u00adt\u00e9e n\u00e9ga\u00adtive&nbsp;: ne cau\u00adser de mal \u00e0&nbsp;aucun<br>\n\u00eatre vivant&nbsp;; s\u2019interdire toute pen\u00ads\u00e9e mau\u00advaise et&nbsp;tout<br>\nmen\u00adsonge. Mais elle a aus\u00adsi un conte\u00adnu posi\u00adtif&nbsp;: bienveillance,<br>\nbien\u00adfai\u00adsance envers tous.<\/span><\/font><\/font><\/p>\n<p style=\"text-indent: 1.5cm; margin-bottom: 0cm;\" align=\"justify\"><font face=\"Garamond, serif\"><font style=\"font-size: 13pt;\" size=\"3\"><span lang=\"fr-FR\">Gand\u00adhi,<br>\ncepen\u00addant, n\u2019en fait pas un abso\u00adlu, il la limite par d\u2019autres<br>\nobli\u00adga\u00adtions morales. Nous ne pou\u00advons entre\u00adte\u00adnir notre corps&nbsp;sans<br>\nd\u00e9truire d\u2019autres exis\u00adtences. Nous pou\u00advons&nbsp;\u00eatre<br>\ncontraints de tuer pour pro\u00adt\u00e9\u00adger ceux dont nous avons&nbsp;\u00e0<br>\nprendre soin. Il ne faut pas que la non-vio\u00adlence serve&nbsp;de<br>\njus\u00adti\u00adfi\u00adca\u00adtion \u00e0 la l\u00e2che\u00adt\u00e9. S\u2019il fal\u00adlait \u2013&nbsp;ce<br>\nqui ne peut arri\u00adver qu\u2019exceptionnellement \u2013 choi\u00adsir entre violence<br>\net l\u00e2che\u00adt\u00e9, il fau\u00addrait pr\u00e9\u00adf\u00e9\u00adrer&nbsp;la<br>\nvio\u00adlence. Gand\u00adhi n\u2019aurait pas tol\u00e9\u00adr\u00e9 qu\u2019au moment<br>\nd\u2019un atten\u00adtat contre lui, son fils, sous pr\u00e9\u00adtexte&nbsp;de<br>\nnon-vio\u00adlence, se sauve ou reste inac\u00adtif. Il admet aus\u00adsi l\u2019euthanasie,<br>\nla des\u00adtruc\u00adtion d\u2019\u00eatres subis\u00adsant d\u2019atroces souf\u00adfrances, si<br>\ncelles-ci sont impos\u00adsibles \u00e0 gu\u00e9rir.<\/span><\/font><\/font><\/p>\n<p style=\"text-indent: 1.5cm; margin-bottom: 0cm;\" align=\"justify\"><font face=\"Garamond, serif\"><font style=\"font-size: 13pt;\" size=\"3\"><span lang=\"fr-FR\">Bien<br>\nenten\u00addu, la non-vio\u00adlence doit entra\u00ee\u00adner une poli\u00adtique de&nbsp;paix.<br>\nMais Gand\u00adhi, tout occu\u00adp\u00e9 \u00e0 sau\u00adve\u00adgar\u00adder d\u2019excellents<br>\nrap\u00adports entre les indi\u00advi\u00addus, ne nous para\u00eet pas avoir&nbsp;\u00e9t\u00e9<br>\nassez anti\u00admi\u00adli\u00adta\u00adriste. II n\u2019a pas \u00e9t\u00e9&nbsp;assez<br>\nscru\u00adpu\u00adleux \u00e0 l\u2019\u00e9gard de cer\u00adtaines institutions<br>\ndimi\u00adnuant les souf\u00adfrances, mais pou\u00advant aider indi\u00adrec\u00adte\u00adment&nbsp;\u00e0<br>\nla guerre.<\/span><\/font><\/font><\/p>\n<p style=\"text-indent: 1.5cm; margin-bottom: 0cm;\" align=\"justify\"><font face=\"Garamond, serif\"><font style=\"font-size: 13pt;\" size=\"3\"><span lang=\"fr-FR\">Nous<br>\nle voyons, en 1899, pen\u00addant la guerre contre les Boers, orga\u00adni\u00adser&nbsp;une<br>\nCroix-Rouge indienne&nbsp;; en 1906, pen\u00addant la r\u00e9volte des Zoulous,<br>\nun groupe de bran\u00adcar\u00addiers&nbsp;; m\u00eame, pen\u00addant la guerre mon\u00addiale, un<br>\ncorps d\u2019ambulanciers indiens.<\/span><\/font><\/font><\/p>\n<p style=\"text-indent: 1.5cm; margin-bottom: 0cm;\" align=\"justify\"><font face=\"Garamond, serif\"><font style=\"font-size: 13pt;\" size=\"3\"><span lang=\"fr-FR\">Sans<br>\nrenon\u00adcer aux d\u00e9li\u00adcats devoirs qu\u2019impose la non-violence<br>\ngand\u00adhienne, nous consi\u00add\u00e9\u00adrons que nous devons, avant&nbsp;tout,<br>\nlut\u00adter contre la pire vio\u00adlence, qui est celle de la guerre, et contre<br>\nson indis\u00adpen\u00adsable ins\u00adtru\u00adment qu\u2019est l\u2019arm\u00e9e.<\/span><\/font><\/font><\/p>\n<p style=\"text-indent: 1.5cm; margin-bottom: 0cm;\" align=\"justify\"><font face=\"Garamond, serif\"><font style=\"font-size: 13pt;\" size=\"3\"><span lang=\"fr-FR\">Nous<br>\nnous refu\u00adsons \u00e0 pla\u00adcer la guerre sur le m\u00eame plan&nbsp;que<br>\nles autres maux dont nous devrions d\u00e9li\u00advrer l\u2019humanit\u00e9.<br>\nNous pro\u00adcla\u00admons que la guerre est le mal essen\u00adtiel. Une non-violence<br>\ng\u00e9n\u00e9\u00adrale et vague ne nous suf\u00adfit pas. Nous sommes<br>\nd\u2019accord pour lut\u00adter, avant tout, contre la guerre&nbsp;; pour condamner<br>\ntoute guerre, quel que soit son pr\u00e9\u00adtexte, quelle que soit&nbsp;sa<br>\ncause&nbsp;; d\u2019accord pour repous\u00adser tout pr\u00e9\u00adpa\u00adra\u00adtif de guerre,<br>\ntout arme\u00adment col\u00adlec\u00adtif, toute orga\u00adni\u00adsa\u00adtion mili\u00adtaire, tout trait\u00e9,<br>\ntout pacte visant \u00e0 grou\u00adper cer\u00adtains pays en vue d\u2019une<br>\nguerre possible.<\/span><\/font><\/font><\/p>\n<p style=\"text-indent: 1.5cm; margin-bottom: 0cm;\" align=\"justify\"><font face=\"Garamond, serif\"><font style=\"font-size: 13pt;\" size=\"3\"><span lang=\"fr-FR\">La<br>\nguerre a tou\u00adjours \u00e9t\u00e9 l\u2019assassinat et le&nbsp;vol<br>\ng\u00e9n\u00e9\u00adra\u00adli\u00ads\u00e9s. Elle a tou\u00adjours abou\u00adti \u00e0&nbsp;la<br>\ndes\u00adtruc\u00adtion de trop nom\u00adbreuses exis\u00adtences, \u00e0 des ruines<br>\nmat\u00e9\u00adrielles innom\u00adbrables, \u00e0 d\u2019immenses souffrances.<br>\nElle an\u00e9an\u00adtit tout ce qu\u2019elle pr\u00e9\u00adtend sauver.<\/span><\/font><\/font><\/p>\n<p style=\"text-indent: 1.5cm; margin-bottom: 0cm;\" align=\"justify\"><font face=\"Garamond, serif\"><font style=\"font-size: 13pt;\" size=\"3\"><span lang=\"fr-FR\">La<br>\nguerre a tou\u00adjours \u00e9t\u00e9 le crime des crimes et la&nbsp;folie<br>\ndes folies. Si tel a \u00e9t\u00e9 le carac\u00adt\u00e8re de toutes<br>\nles guerres du pas\u00ads\u00e9, le pro\u00adgr\u00e8s de la science et de&nbsp;la<br>\ntech\u00adnique des\u00adtruc\u00adtive qu\u2019elle rend pos\u00adsible aggrave \u00e0<br>\nl\u2019infini le mal pour l\u2019avenir. Ind\u00e9\u00adpen\u00addam\u00adment des autres<br>\npro\u00adc\u00e9\u00add\u00e9s phy\u00adsiques, chi\u00admiques et bio\u00adlo\u00adgiques, il suffit<br>\nde rap\u00adpe\u00adler l\u2019immensit\u00e9 des des\u00adtruc\u00adtions que peuvent causer<br>\nles armes ato\u00admiques. Elles d\u00e9trui\u00adraient, sinon l\u2019humanit\u00e9<br>\ntout enti\u00e8re, du moins ses groupes les plus \u00e9volu\u00e9s.<\/span><\/font><\/font><\/p>\n<p style=\"text-indent: 1.5cm; margin-bottom: 0cm;\" align=\"justify\"><font face=\"Garamond, serif\"><font style=\"font-size: 13pt;\" size=\"3\"><span lang=\"fr-FR\">Oppo\u00ads\u00e9s<br>\n\u00e0 toute guerre, nous sommes, cepen\u00addant, oppo\u00ads\u00e9s&nbsp;\u00e0<br>\nsubir l\u2019oppression&nbsp;; nous sommes r\u00e9so\u00adlus \u00e0 y r\u00e9sister<br>\npar tout pro\u00adc\u00e9\u00add\u00e9 violent ou non violent, autre que&nbsp;la<br>\nguerre entre peuples.<\/span><\/font><\/font><\/p>\n<p style=\"text-indent: 1.5cm; margin-bottom: 0cm;\" align=\"justify\"><font face=\"Garamond, serif\"><font style=\"font-size: 13pt;\" size=\"3\"><span lang=\"fr-FR\">En<br>\n1939, au moment o\u00f9 la France d\u00e9cla\u00adra la guerre \u00e0<br>\nl\u2019Allemagne, un de nos cama\u00adrades, paci\u00adfiste int\u00e8gre, dont&nbsp;le<br>\nfils venait de par\u00adtir, se pro\u00admit \u00e0 lui-m\u00eame, si ce&nbsp;fils<br>\n\u00e9tait tu\u00e9, d\u2019abattre l\u2019un des res\u00adpon\u00adsables du&nbsp;grand<br>\ncrime. Il n\u2019eut pas l\u2019occasion d\u2019accomplir cet acte de courage.<br>\nIl avait, jusqu\u2019alors, men\u00e9 la douce exis\u00adtence d\u2019un<br>\nnon-violent. S\u2019il avait eu \u00e0 r\u00e9a\u00adli\u00adser sa d\u00e9cision,<br>\nil e\u00fbt pu encore \u00eatre consi\u00add\u00e9\u00adr\u00e9 comme&nbsp;un<br>\nnon-violent, mais excep\u00adt\u00e9 contre la guerre.&nbsp;[\u2026]<\/span><\/font><\/font><\/p>\n<p style=\"text-indent: 1.5cm; margin-bottom: 0cm;\" align=\"justify\" lang=\"fr-FR\">\n<font face=\"Garamond, serif\"><font style=\"font-size: 13pt;\" size=\"3\">F\u00e9li\u00adcien<br>\nChallaye<\/font><\/font><\/p>\n<p style=\"text-indent: 1.5cm; margin-bottom: 0cm;\" align=\"justify\" lang=\"fr-FR\">\n<font face=\"Garamond, serif\"><font style=\"font-size: 13pt;\" size=\"3\"><em>La<br>\nVoie de la Paix<\/em>, n\u00b0&nbsp;105, 1961<\/font><\/font><\/p>\n<p style=\"text-indent: 1.5cm; margin-bottom: 0cm;\" align=\"justify\" lang=\"fr-FR\"><font face=\"Garamond, serif\"><font style=\"font-size: 13pt;\" size=\"3\">)]<\/font><\/font><\/p>\n<p style=\"text-indent: 1.5cm; margin-bottom: 0cm;\" align=\"justify\" lang=\"fr-FR\">\n<font face=\"Garamond, serif\"><font style=\"font-size: 13pt;\" size=\"3\"><strong><em>*&nbsp; *&nbsp;<br>\n*&nbsp; *<\/em><\/strong><\/font><\/font><\/p>\n<p style=\"text-indent: 1.5cm; margin-bottom: 0cm;\" align=\"justify\" lang=\"fr-FR\">\n<font face=\"Garamond, serif\"><font style=\"font-size: 13pt;\" size=\"3\"><b>Th\u00e8mes<br>\nprincipaux<\/b><\/font><\/font><\/p>\n<p style=\"text-indent: 1.5cm; margin-bottom: 0cm;\" align=\"justify\"><font face=\"Garamond, serif\"><font style=\"font-size: 13pt;\" size=\"3\"><span lang=\"fr-FR\">1)<br>\n<b>La guerre est le mal essen\u00adtiel<\/b>&nbsp;: \u00ab&nbsp;C\u2019est le crime&nbsp;des<br>\ncrimes et la folie des folies.&nbsp;\u00bb<\/span><\/font><\/font><\/p>\n<p style=\"text-indent: 1.5cm; margin-bottom: 0cm;\" align=\"justify\"><font face=\"Garamond, serif\"><font style=\"font-size: 13pt;\" size=\"3\"><span lang=\"fr-FR\">2)<br>\n<b>R\u00e9sis\u00adtance \u00e0 la guerre&nbsp;:<\/b> \u00ab&nbsp;par&nbsp;tout<br>\npro\u00adc\u00e9\u00add\u00e9 violent ou non violent autre que la guerre<br>\nentre les peuples&nbsp;\u00bb.<\/span><\/font><\/font><\/p>\n<p style=\"text-indent: 1.5cm; margin-bottom: 0cm;\" align=\"justify\"><font face=\"Garamond, serif\"><font style=\"font-size: 13pt;\" size=\"3\"><span lang=\"fr-FR\">3)<br>\n<b>M\u00e9thode de tra\u00advail&nbsp;:<\/b> ce texte ne nous per\u00admet pas d\u2019en<br>\nd\u00e9ga\u00adger, mais nous ver\u00adrons plus loin ce que pro\u00adposent les<br>\nautres pacifistes.<\/span><\/font><\/font><\/p>\n<p style=\"text-indent: 1.5cm; margin-bottom: 0cm;\" align=\"justify\"><font face=\"Garamond, serif\"><font style=\"font-size: 13pt;\" size=\"3\"><span lang=\"fr-FR\">4)<br>\n<b>Com\u00adpr\u00e9\u00adhen\u00adsion de la non-vio\u00adlence<\/b> uni\u00adque\u00adment en fonction<br>\nde la per\u00adson\u00adna\u00adli\u00adt\u00e9 reli\u00adgieuse de Gand\u00adhi. En insis\u00adtant&nbsp;sur<br>\nl\u2019aspect col\u00adla\u00adbo\u00adra\u00adtion\u00adniste de Gand\u00adhi, qui lui est&nbsp;bien<br>\npar\u00adti\u00adcu\u00adlier, F\u00e9li\u00adcien Chal\u00adlaye pro\u00advoque une sorte de blocage<br>\ndans la com\u00adpr\u00e9\u00adhen\u00adsion r\u00e9elle de l\u2019action non<br>\nvio\u00adlente. Ain\u00adsi cer\u00adtains aspects reli\u00adgieux du voca\u00adbu\u00adlaire non violent<br>\nservent de pr\u00e9\u00adtexte \u00e0 un rejet total de l\u2019id\u00e9e<br>\nalors qu\u2019il convien\u00addrait de l\u2019adapter, de le refondre. De&nbsp;m\u00eame,<br>\nextra\u00adpo\u00adla\u00adtion trop rapide de l\u2019expression de Gand\u00adhi&nbsp;: \u00ab&nbsp;Plu\u00adt\u00f4t violent que l\u00e2che&nbsp;\u00bb pour jus\u00adti\u00adfier&nbsp;la<br>\nvio\u00adlence indi\u00advi\u00adduelle. Une phrase curieuse, jus\u00adte\u00adment, quant&nbsp;\u00e0<br>\nla com\u00adpr\u00e9\u00adhen\u00adsion de la non-vio\u00adlence, \u00ab&nbsp;il&nbsp;avait<br>\njusqu\u2019alors men\u00e9 la douce exis\u00adtence du non-violent&nbsp;\u00bb,<br>\nqui tend \u00e0 sug\u00adg\u00e9\u00adrer que la non-vio\u00adlence se situe&nbsp;dans<br>\nune calme inac\u00adtion. On note un sen\u00adti\u00admen\u00adta\u00adlisme excessif.<\/span><\/font><\/font><\/p>\n<p style=\"text-indent: 1.5cm; margin-bottom: 0cm;\" align=\"justify\"><font face=\"Garamond, serif\"><font style=\"font-size: 13pt;\" size=\"3\"><span lang=\"fr-FR\">5)<br>\n<b>Rap\u00adports avec les non-vio\u00adlents&nbsp;:<\/b> puisque \u00ab&nbsp;l\u2019amour des<br>\nautres hommes est la ten\u00addance pro\u00adfonde des non-vio\u00adlents et&nbsp;des<br>\npaci\u00adfistes&nbsp;\u00bb, cette ori\u00adgine com\u00admune devrait faci\u00adli\u00adter&nbsp;le<br>\ndia\u00adlogue. \u00ab&nbsp;ous devons unir notre action \u00e0 celle&nbsp;de<br>\ntous les non-vio\u00adlents sin\u00adc\u00e8res.&nbsp;\u00bb C\u2019est nous&nbsp;qui<br>\nsoulignons.<\/span><\/font><\/font><\/p>\n<p style=\"text-indent: 1.5cm; margin-bottom: 0cm;\" align=\"justify\" lang=\"fr-FR\">\n<font face=\"Garamond, serif\"><font style=\"font-size: 13pt;\" size=\"3\"><strong><em>*&nbsp; *&nbsp;<br>\n*&nbsp; *<\/em><\/strong><\/font><\/font><\/p>\n<p style=\"text-indent: 1.5cm; margin-bottom: 0cm;\" align=\"justify\" lang=\"fr-FR\">\n[(<\/p>\n<p style=\"text-indent: 1.5cm; margin-bottom: 0cm;\" align=\"justify\" lang=\"fr-FR\">\n<font face=\"Garamond, serif\"><font style=\"font-size: 13pt;\" size=\"3\">(Extrait<br>\nde \u00ab&nbsp;Liber\u00adt\u00e9&nbsp;\u00bb, n\u00b0&nbsp;109 du 1<sup>er<\/sup> novembre 1964)<\/font><\/font><\/p>\n<p style=\"text-indent: 1.5cm; margin-bottom: 0cm;\" align=\"justify\"><font face=\"Garamond, serif\"><font style=\"font-size: 13pt;\" size=\"3\"><span lang=\"fr-FR\">La<br>\nvie dans toute son \u00e2pre\u00adt\u00e9 n\u2019a pas un t\u00e9moin<br>\nplus vigi\u00adlant que moi. Et elle est bien trop laide, \u00e0 l\u2019\u00e9gard<br>\ndu plus grand nombre, cette exis\u00adtence, pour que je m\u2019assagisse et<br>\nme mue en mou\u00adton b\u00ealant.<\/span><\/font><\/font><\/p>\n<p style=\"text-indent: 1.5cm; margin-bottom: 0cm;\" align=\"justify\"><font face=\"Garamond, serif\"><font style=\"font-size: 13pt;\" size=\"3\"><span lang=\"fr-FR\">Au<br>\ncontraire, dans cer\u00adtains cas, si cela \u00e9tait en mon pou\u00advoir,&nbsp;je<br>\nd\u00e9ci\u00adme\u00adrais volon\u00adtiers tous les g\u00e9n\u00e9\u00adraux en&nbsp;vue<br>\nd\u2019\u00e9pargner tous les sol\u00addats&nbsp;; je n\u2019h\u00e9siterais pas&nbsp;\u00e0<br>\nfaire perdre le go\u00fbt de vivre \u00e0 tous les fau\u00adteurs&nbsp;de<br>\nguerre pour que des cen\u00adtaines de mil\u00adlions d\u2019\u00eatres humains ne<br>\ndis\u00adpa\u00adraissent point bru\u00adta\u00adle\u00adment, ignominieusement.<\/span><\/font><\/font><\/p>\n<p style=\"text-indent: 1.5cm; margin-bottom: 0cm;\" align=\"justify\"><font face=\"Garamond, serif\"><font style=\"font-size: 13pt;\" size=\"3\"><span lang=\"fr-FR\">Car<br>\nma non-vio\u00adlence, dans la soci\u00e9\u00adt\u00e9 de fauves que&nbsp;nous<br>\nsubis\u00adsons, n\u2019est que th\u00e9o\u00adrique&nbsp;; elle me conduit \u00e0<br>\nsou\u00adhai\u00adter une har\u00admo\u00adnieuse cit\u00e9 tou\u00adjours en \u00e9volution<br>\nheu\u00adreuse dans la dou\u00adceur des rap\u00adports entre ses habi\u00adtants, mais&nbsp;elle<br>\nne peut m\u2019emp\u00eacher d\u2019employer un peu de vio\u00adlence au besoin<br>\npour en d\u00e9truire beaucoup.<\/span><\/font><\/font><\/p>\n<p style=\"text-indent: 1.5cm; margin-bottom: 0cm;\" align=\"justify\" lang=\"fr-FR\">\n<font face=\"Garamond, serif\"><font style=\"font-size: 13pt;\" size=\"3\">Louis<br>\nLecoin<\/font><\/font><\/p>\n<p style=\"text-indent: 1.5cm; margin-bottom: 0cm;\" align=\"justify\" lang=\"fr-FR\">)]<\/p>\n<p style=\"text-indent: 1.5cm; margin-bottom: 0cm;\" align=\"justify\" lang=\"fr-FR\">\n<font face=\"Garamond, serif\"><font style=\"font-size: 13pt;\" size=\"3\"><strong><em>*&nbsp; *&nbsp;<br>\n*&nbsp; *<\/em><\/strong><\/font><\/font><\/p>\n<p style=\"text-indent: 1.5cm; margin-bottom: 0cm;\" align=\"justify\"><font face=\"Garamond, serif\"><font style=\"font-size: 13pt;\" size=\"3\"><span lang=\"fr-FR\">Il<br>\nn\u2019est pas pos\u00adsible de com\u00adprendre Lecoin \u00e0 par\u00adtir de&nbsp;ces<br>\nquelques lignes qui ne sont l\u00e0 que comme rap\u00adpel&nbsp;;&nbsp;nous<br>\nren\u00advoyons nos lec\u00adteurs \u00e0 son auto\u00adbio\u00adgra\u00adphie \u00ab&nbsp;le&nbsp;Cours<br>\nd\u2019une vie&nbsp;\u00bb et \u00e0 \u00ab&nbsp;Libert\u00e9&nbsp;\u00bb.<br>\nCepen\u00addant nous d\u00e9gageons&nbsp;:<\/span><\/font><\/font><\/p>\n<p style=\"text-indent: 1.5cm; margin-bottom: 0cm;\" align=\"justify\"><font face=\"Garamond, serif\"><font style=\"font-size: 13pt;\" size=\"3\"><span lang=\"fr-FR\">1)<br>\n<b>La guerre est le mal essentiel.<\/b><\/span><\/font><\/font><\/p>\n<p style=\"text-indent: 1.5cm; margin-bottom: 0cm;\" align=\"justify\"><font face=\"Garamond, serif\"><font style=\"font-size: 13pt;\" size=\"3\"><span lang=\"fr-FR\">2)<br>\n<b>R\u00e9sis\u00adtance \u00e0 la guerre<\/b> par tous les moyens (en<br>\naccord avec l\u2019anarchisme de Lecoin).<\/span><\/font><\/font><\/p>\n<p style=\"text-indent: 1.5cm; margin-bottom: 0cm;\" align=\"justify\"><font face=\"Garamond, serif\"><font style=\"font-size: 13pt;\" size=\"3\"><span lang=\"fr-FR\">3)<br>\n<b>M\u00e9thode de tra\u00advail&nbsp;:<\/b> Lecoin est \u00e0 la source de<br>\ntoute l\u2019activit\u00e9 qui se fait autour de lui. Lecoin est<br>\nd\u2019abord un homme qui a pay\u00e9 de sa per\u00adsonne, c\u2019est ce&nbsp;qui<br>\nle dif\u00adf\u00e9\u00adren\u00adcie du ver\u00adba\u00adlisme paci\u00adfiste g\u00e9n\u00e9ral.<br>\nSa lutte anti\u00admi\u00adli\u00adta\u00adriste se solde pour lui par une dou\u00adzaine d\u2019ann\u00e9es<br>\nen pri\u00adson et une gr\u00e8ve de la faim p\u00e9rilleuse de&nbsp;22<br>\njours pour obte\u00adnir le sta\u00adtut des objec\u00adteurs de conscience,<br>\nenga\u00adge\u00adments qui le font \u00e9cou\u00adter \u00e0 l\u2019\u00e9gal d\u2019un<br>\nlea\u00adder et lui donnent une audience impor\u00adtante. Sa pers\u00e9v\u00e9rance<br>\nper\u00adson\u00adnelle \u00e0 r\u00e9a\u00adli\u00adser son id\u00e9al oppos\u00e9e<br>\n\u00e0 la rela\u00adtive non-action de ses proches a abou\u00adti \u00e0&nbsp;la<br>\nconsti\u00adtu\u00adtion du \u00ab&nbsp;mythe Lecoin&nbsp;\u00bb. Un fos\u00ads\u00e9&nbsp;se<br>\ncreuse ain\u00adsi entre \u00ab&nbsp;l\u2019animateur&nbsp;\u00bb  et ceux&nbsp;qui<br>\nl\u2019entourent. Chaque par\u00adtie se com\u00adpla\u00eet dans son&nbsp;r\u00f4le.<br>\nNous crai\u00adgnons que, par \u00ab&nbsp;son iso\u00adle\u00adment de chef&nbsp;\u00bb,&nbsp;lui<br>\ndis\u00adpa\u00adru, son \u0153uvre ne soit pas maintenue.<\/span><\/font><\/font><\/p>\n<p style=\"text-indent: 1.5cm; margin-bottom: 0cm;\" align=\"justify\"><font face=\"Garamond, serif\"><font style=\"font-size: 13pt;\" size=\"3\"><span lang=\"fr-FR\">Action<br>\nactuelle&nbsp;: cam\u00adpagne pour le d\u00e9sar\u00adme\u00adment uni\u00adla\u00adt\u00e9\u00adral&nbsp;de<br>\nla France. II s\u2019agit de convaincre le plus pos\u00adsible de Fran\u00e7ais<br>\npar une pro\u00adpa\u00adgande mas\u00adsive (une bro\u00adchure \u00e0 grand tirage); la<br>\nnoto\u00adri\u00e9\u00adt\u00e9 de Lecoin doit per\u00admettre d\u2019organiser des<br>\nmee\u00adtings consa\u00adcr\u00e9s \u00e0 cette cause pr\u00e9cise<br>\npatron\u00adn\u00e9e par un comi\u00adt\u00e9 de per\u00adson\u00adna\u00adli\u00adt\u00e9s.&nbsp;But&nbsp;:<br>\name\u00adner le plus grand nombre d\u2019adh\u00e9sions pos\u00adsible&nbsp;afin<br>\nd\u2019exercer une pres\u00adsion sur le gouvernement.<\/span><\/font><\/font><\/p>\n<p style=\"text-indent: 1.5cm; margin-bottom: 0cm;\" align=\"justify\"><font face=\"Garamond, serif\"><font style=\"font-size: 13pt;\" size=\"3\"><span lang=\"fr-FR\">4)<br>\n<b>Com\u00adpr\u00e9\u00adhen\u00adsion de la non-vio\u00adlence&nbsp;:<\/b> se d\u00e9clare<br>\npour une non-vio\u00adlence th\u00e9o\u00adrique mais dit \u00eatre&nbsp;pr\u00eat<br>\n\u00e0 employer la vio\u00adlence sous cer\u00adtaines condi\u00adtions. Nous&nbsp;lui<br>\noppo\u00adsons ses actes de non-vio\u00adlence pra\u00adtique. Ain\u00adsi il ne tombe&nbsp;pas<br>\ndans le pi\u00e8ge dua\u00adliste des deux abso\u00adlus&nbsp;: \u00ab&nbsp;violence&nbsp;\u00bb<br>\ncontraire de \u00ab&nbsp;non-vio\u00adlence&nbsp;\u00bb. Nous revien\u00addrons dans&nbsp;un<br>\npro\u00adchain num\u00e9\u00adro sur cet aspect qui contri\u00adbue \u00e0&nbsp;figer<br>\nles \u00e9l\u00e9\u00adments du dia\u00adlogue g\u00e9n\u00e9\u00adral et&nbsp;en<br>\npar\u00adti\u00adcu\u00adlier de la non-vio\u00adlence face au pacifisme.<\/span><\/font><\/font><\/p>\n<p style=\"text-indent: 1.5cm; margin-bottom: 0cm;\" align=\"justify\"><font face=\"Garamond, serif\"><font style=\"font-size: 13pt;\" size=\"3\"><span lang=\"fr-FR\">5)<br>\n<b>Rap\u00adports avec les non-vio\u00adlents&nbsp;:<\/b> dans ce cas, le dialogue<br>\npaci\u00adfisme-non-vio\u00adlence se com\u00adplique de par la per\u00adson\u00adna\u00adli\u00adt\u00e9&nbsp;de<br>\nLecoin et sa mani\u00e8re de travailler.<\/span><\/font><\/font><\/p>\n<p style=\"text-indent: 1.5cm; margin-bottom: 0cm;\" align=\"justify\" lang=\"fr-FR\">\n<font face=\"Garamond, serif\"><font style=\"font-size: 13pt;\" size=\"3\"><strong><em>*&nbsp; *&nbsp;<br>\n*&nbsp; *<\/em><\/strong><\/font><\/font><\/p>\n<p style=\"text-indent: 1.5cm; margin-bottom: 0cm;\" align=\"justify\"><font face=\"Garamond, serif\"><font style=\"font-size: 13pt;\" size=\"3\"><i><span lang=\"fr-FR\">Paci\u00adfistes<br>\nint\u00e9\u00adgraux et non-vio\u00adlents doivent-ils se diff\u00e9rencier&nbsp;?<br>\nDisons que la ligne de d\u00e9mar\u00adca\u00adtion n\u2019est pas tou\u00adjours&nbsp;tr\u00e8s<br>\nnette&nbsp;: il y a che\u00advau\u00adche\u00adment de deux tra\u00addi\u00adtions culturelles<br>\ndiff\u00e9rentes&nbsp;:<\/span><\/i><\/font><\/font><\/p>\n<p style=\"text-indent: 1.5cm; margin-bottom: 0cm;\" align=\"justify\">\u2022<br>\n<font face=\"Garamond, serif\"><font style=\"font-size: 13pt;\" size=\"3\"><i><span lang=\"fr-FR\">Le<br>\npaci\u00adfisme occi\u00adden\u00adtal mar\u00adqu\u00e9 par l\u2019antimilitarisme<br>\nanarcho-syndicaliste,<\/span><\/i><\/font><\/font><\/p>\n<p style=\"text-indent: 1.5cm; margin-bottom: 0cm;\" align=\"justify\">\u2022<br>\n<font face=\"Garamond, serif\"><font style=\"font-size: 13pt;\" size=\"3\"><i><span lang=\"fr-FR\">La<br>\nnon-vio\u00adlence \u00ab&nbsp;orien\u00adtale&nbsp;\u00bb impr\u00e9\u00adgn\u00e9e&nbsp;de<br>\ndiverses reli\u00adgions et cris\u00adtal\u00adli\u00ads\u00e9e par l\u2019action de Gandhi.<\/span><\/i><\/font><\/font><\/p>\n<p style=\"text-indent: 1.5cm; margin-bottom: 0cm;\" align=\"justify\"><font face=\"Garamond, serif\"><font style=\"font-size: 13pt;\" size=\"3\"><i><span lang=\"fr-FR\">Ne<br>\nsommes-nous pas \u00e0 la veille d\u2019une syn\u00adth\u00e8se&nbsp;?&nbsp;En<br>\nFrance, c\u2019est pen\u00addant la guerre d\u2019Alg\u00e9rie que&nbsp;la<br>\nnon-vio\u00adlence a acquis sa noto\u00adri\u00e9\u00adt\u00e9 par le canal&nbsp;de<br>\nl\u2019Action civique non vio\u00adlente&nbsp;; son dyna\u00admisme a eu pour effet&nbsp;de<br>\nmettre en \u00e9vi\u00addence et de d\u00e9va\u00adlo\u00adri\u00adser le ver\u00adba\u00adlisme&nbsp;et<br>\nle sen\u00adti\u00admen\u00adta\u00adlisme pacifistes.<\/span><\/i><\/font><\/font><\/p>\n<p style=\"text-indent: 1.5cm; margin-bottom: 0cm;\" align=\"justify\"><font face=\"Garamond, serif\"><font style=\"font-size: 13pt;\" size=\"3\"><i><span lang=\"fr-FR\">Rares<br>\nfurent les paci\u00adfistes qui s\u2019engag\u00e8rent. Il e\u00fbt&nbsp;fallu<br>\nmettre en cause une immo\u00adbi\u00adli\u00adt\u00e9 qui a sa source dans l\u2019absence<br>\nde choix entre la vio\u00adlence et la non-vio\u00adlence, il e\u00fbt&nbsp;fallu<br>\nd\u00e9pas\u00adser une fid\u00e9\u00adli\u00adt\u00e9 sans doute trop rigide aux<br>\n\u00ab&nbsp;prin\u00adcipes&nbsp;\u00bb. Cepen\u00addant, des efforts furent tent\u00e9s.<br>\nT\u00e9moin le texte suivant.<\/span><\/i><\/font><\/font><\/p>\n<p style=\"text-indent: 1.5cm; margin-bottom: 0cm;\" align=\"justify\" lang=\"fr-FR\">\n<font face=\"Garamond, serif\"><font style=\"font-size: 13pt;\" size=\"3\"><strong><em>*&nbsp; *&nbsp;<br>\n*&nbsp; *<\/em><\/strong><\/font><\/font><\/p>\n<p style=\"text-indent: 1.5cm; margin-bottom: 0cm;\" align=\"justify\" lang=\"fr-FR\">\n[(<\/p>\n<p style=\"text-indent: 1.5cm; margin-bottom: 0cm;\" align=\"justify\"><font face=\"Garamond, serif\"><font style=\"font-size: 13pt;\" size=\"3\"><span lang=\"fr-FR\">L\u2019une<br>\ndes ques\u00adtions les plus contro\u00adver\u00ads\u00e9es au congr\u00e8s de<br>\nf\u00e9vrier (1961) fut celle de la non-vio\u00adlence. Pour notre&nbsp;part,<br>\nil est clair que la r\u00e9sis\u00adtance vio\u00adlente donne tou\u00adjours&nbsp;bonne<br>\nconscience \u00e0 l\u2019agresseur et lui offre l\u2019occasion de<br>\njus\u00adti\u00adfier sa propre vio\u00adlence&nbsp;; il est \u00e9ga\u00adle\u00adment clair que&nbsp;la<br>\npaix ne peut deve\u00adnir r\u00e9a\u00adli\u00adt\u00e9 que dans la mesure o\u00f9<br>\ndes femmes et des hommes auront renon\u00adc\u00e9 tota\u00adle\u00adment \u00e0&nbsp;la<br>\nforce bru\u00adtale et \u00e0 la haine comme moyens de pro\u00adtec\u00adtion&nbsp;ou<br>\nd\u2019\u00e9volution sociale.<\/span><\/font><\/font><\/p>\n<p style=\"text-indent: 1.5cm; margin-bottom: 0cm;\" align=\"justify\"><font face=\"Garamond, serif\"><font style=\"font-size: 13pt;\" size=\"3\"><span lang=\"fr-FR\">Cepen\u00addant,<br>\nnous nous effor\u00ad\u00e7ons de com\u00adprendre cer\u00adtains cama\u00adrades&nbsp;qui,<br>\nayant une concep\u00adtion de l\u2019homme dif\u00adf\u00e9\u00adrente, peuvent mettre<br>\nleur confiance dans les moyens vio\u00adlents indi\u00advi\u00adduels tout en&nbsp;\u00e9tant<br>\noppo\u00ads\u00e9s \u00e0 toutes les guerres. On pour\u00adrait, certes,<br>\ndis\u00adcu\u00adter \u00e0 perte de vue sur ce pro\u00adbl\u00e8me\u2026 mais&nbsp;une<br>\nques\u00adtion concr\u00e8te et imm\u00e9\u00addiate se pose \u00e0&nbsp;nous&nbsp;:<br>\ncelle de nos rela\u00adtions avec l\u2019Action civique non vio\u00adlente qui&nbsp;a<br>\nentre\u00adpris depuis deux ans, avec un cou\u00adrage que nul ne songe&nbsp;\u00e0<br>\ncontes\u00adter, de secouer la conscience des Fran\u00ad\u00e7ais aux prises<br>\navec cette guerre d\u2019Alg\u00e9rie qui n\u2019est pas une abstraction<br>\nmais l\u2019atroce r\u00e9a\u00adli\u00adt\u00e9 quotidienne.<\/span><\/font><\/font><\/p>\n<p style=\"text-indent: 1.5cm; margin-bottom: 0cm;\" align=\"justify\"><font face=\"Garamond, serif\"><font style=\"font-size: 13pt;\" size=\"3\"><span lang=\"fr-FR\">Les<br>\nnon-vio\u00adlents savent bien que la grande masse de nos conci\u00adtoyens ne<br>\npeut pas se conver\u00adtir au paci\u00adfisme int\u00e9\u00adgral du jour&nbsp;au<br>\nlen\u00adde\u00admain, par miracle, et comme ils ne prennent pas leurs espoirs<br>\npour la r\u00e9a\u00adli\u00adt\u00e9, ils se contentent d\u2019ouvrir un chemin<br>\nvers le paci\u00adfisme en pro\u00adpo\u00adsant une action limi\u00adt\u00e9e \u00e0&nbsp;la<br>\nseule guerre d\u2019Alg\u00e9rie et qui soit \u00e0 la port\u00e9e<br>\nde la conscience du plus grand nombre. Cer\u00adtains cama\u00adrades pacifistes<br>\nint\u00e9\u00adgraux estiment cette posi\u00adtion exces\u00adsi\u00adve\u00adment dan\u00adge\u00adreuse&nbsp;et<br>\nreprochent aux non-vio\u00adlents de n\u2019avoir pas de prin\u00adcipes&nbsp;bien<br>\nd\u00e9fi\u00adnis. De leur c\u00f4t\u00e9 les res\u00adpon\u00adsables de<br>\nl\u2019Action civique non vio\u00adlente prennent les paci\u00adfistes int\u00e9graux<br>\nque nous sommes pour des gens tout juste capables de noir\u00adcir&nbsp;du<br>\npapier ou de faire des dis\u00adcours sans effi\u00adca\u00adci\u00adt\u00e9 r\u00e9elle.<\/span><\/font><\/font><\/p>\n<p style=\"text-indent: 1.5cm; margin-bottom: 0cm;\" align=\"justify\"><font face=\"Garamond, serif\"><font style=\"font-size: 13pt;\" size=\"3\"><span lang=\"fr-FR\">Nous<br>\ntrou\u00advons cela f\u00e2cheux\u2026 L\u2019Union paci\u00adfiste d\u2019Eure-et-Loir,<br>\nsans aucune pr\u00e9\u00adten\u00adtion et par\u00adfai\u00adte\u00adment consciente de&nbsp;sa<br>\nm\u00e9dio\u00adcri\u00adt\u00e9, vou\u00addrait mon\u00adtrer qu\u2019il est pos\u00adsible&nbsp;de<br>\ncol\u00adla\u00adbo\u00adrer avec les non-violents.<\/span><\/font><\/font><\/p>\n<p style=\"text-indent: 1.5cm; margin-bottom: 0cm;\" align=\"justify\"><font face=\"Garamond, serif\"><font style=\"font-size: 13pt;\" size=\"3\"><span lang=\"fr-FR\">D\u00e8s<br>\nsa cr\u00e9a\u00adtion, elle admit dans son sein des non-vio\u00adlents&nbsp;comme<br>\nd\u2019authentiques paci\u00adfistes (\u00f4 funeste h\u00e9r\u00e9sie!)<br>\npen\u00adsant qu\u2019il y a incom\u00adpa\u00adti\u00adbi\u00adli\u00adt\u00e9 abso\u00adlue entre&nbsp;la<br>\nnon-vio\u00adlence et la guerre&nbsp;; depuis elle dif\u00adfuse toutes les<br>\npubli\u00adca\u00adtions de l\u2019ACNV \u00e0 tous ses membres qui sont ain\u00adsi&nbsp;en<br>\nmesure de suivre l\u2019action, d\u2019appr\u00e9cier l\u2019esprit et&nbsp;les<br>\nm\u00e9thodes&nbsp;; lorsque de nou\u00adveaux non-vio\u00adlents appa\u00adraissent en<br>\nEure-et-Loir, ils sont imm\u00e9\u00addia\u00adte\u00adment signa\u00adl\u00e9s par&nbsp;Marie<br>\nFau\u00adge\u00adron. Nous leur pro\u00adpo\u00adsons d\u2019adh\u00e9rer \u00e0 l\u2019Union<br>\npaci\u00adfiste mais, adh\u00e9\u00adrents ou non, ils sont fraternellement<br>\ninvi\u00adt\u00e9s \u00e0 nos r\u00e9unions et y par\u00adti\u00adcipent \u00e0<br>\nla satis\u00adfac\u00adtion de&nbsp;tous.<\/span><\/font><\/font><\/p>\n<p style=\"text-indent: 1.5cm; margin-bottom: 0cm;\" align=\"justify\"><font face=\"Garamond, serif\"><font style=\"font-size: 13pt;\" size=\"3\"><span lang=\"fr-FR\">Jusqu\u2019\u00e0<br>\npr\u00e9\u00adsent, per\u00adsonne \u00e0 l\u2019Union paci\u00adfiste n\u2019aurait<br>\nl\u2019id\u00e9e de cata\u00adlo\u00adguer le voi\u00adsin de \u00ab&nbsp;paci\u00adfiste int\u00e9gral<br>&nbsp;\u00bb ou de \u00ab&nbsp;non-violent&nbsp;\u00bb avec une pointe de m\u00e9fiance.<br>\nAu lieu de perdre du temps dans des dis\u00adcus\u00adsions qui n\u2019apporteraient<br>\nrien de posi\u00adtif, nous nous met\u00adtons d\u2019accord sur de petites actions<br>\n\u00e0 la mesure de nos forces. Nous savons que pour col\u00adler&nbsp;des<br>\naffiches il vaut mieux \u00eatre six que trois, m\u00eame si&nbsp;le<br>\npin\u00adceau est tenu par un int\u00e9\u00adgral et le pot de colle par&nbsp;un<br>\nnon-violent&nbsp;; et lorsque fin d\u00e9cembre nous r\u00e9partissons<br>\nentre nous les adresses des objec\u00adteurs de conscience en pri\u00adson&nbsp;pour<br>\nenvoyer mes\u00adsages ou man\u00addats, per\u00adsonne ne demande \u00e0 trier&nbsp;ses<br>\nobjecteurs&nbsp;!<\/span><\/font><\/font><\/p>\n<p style=\"text-indent: 1.5cm; margin-bottom: 0cm;\" align=\"justify\"><font face=\"Garamond, serif\"><font style=\"font-size: 13pt;\" size=\"3\"><span lang=\"fr-FR\">Aus\u00adsi<br>\nnous nous per\u00admet\u00adtons de lan\u00adcer \u00e0 nou\u00adveau un appel&nbsp;\u00e0<br>\ntoutes les Unions paci\u00adfistes pour que se r\u00e9a\u00adlise&nbsp;un<br>\nrap\u00adpro\u00adche\u00adment et une col\u00adla\u00adbo\u00adra\u00adtion avec l\u2019ACNV qui ne peut qu\u2019\u00eatre<br>\nb\u00e9n\u00e9\u00adfique pour les uns et pour les autres. Cela ne&nbsp;doit<br>\npas se faire en \u00e9touf\u00adfant p\u00e9ni\u00adble\u00adment nos suspicions,<br>\nmais dans l\u2019enthousiasme de notre id\u00e9al commun.<\/span><\/font><\/font><\/p>\n<p style=\"text-indent: 1.5cm; margin-bottom: 0cm;\" align=\"justify\">\n<font face=\"Garamond, serif\"><font style=\"font-size: 13pt;\" size=\"3\">A.<br>\nBau\u00addet, Y. Cha\u00adtai\u00adgn\u00e9, J. Delisle, R. Pan\u00adt\u00e9\u00adra, A.&nbsp;Ratz,<br>\nR. Sou\u00adlard,<span lang=\"fr-FR\">de<br>\nl\u2019Union paci\u00adfiste d\u2019Eure-et-Loir.<\/span><\/font><\/font><\/p>\n<p style=\"text-indent: 1.5cm; margin-bottom: 0cm;\" align=\"justify\" lang=\"fr-FR\">\n<\/p><p style=\"text-indent: 1.5cm; margin-bottom: 0cm;\" align=\"justify\" lang=\"fr-FR\">\n<font face=\"Garamond, serif\"><font style=\"font-size: 13pt;\" size=\"3\">_\u200b_\u200b_\u200b_\u200b_\u200b_\u200b_\u200b_\u200b_\u200b_\u200b_\u200b_\u200b_\u200b_\u200b_\u200b_\u200b_\u200b_\u200b_\u200b_\u200b_\u200b_\u200b_\u200b_\u200b_\u200b_\u200b_\u200b_\u200b_\u200b_\u200b_\u200b_\u200b_\u200b_\u200b_\u200b_\u200b_\u200b_\u200b_\u200b<\/font><\/font><\/p>\n<p style=\"text-indent: 1.5cm; margin-bottom: 0cm;\" align=\"justify\" lang=\"fr-FR\">\n<\/p><p style=\"text-indent: 1.5cm; margin-bottom: 0cm;\" align=\"justify\" lang=\"fr-FR\">\n<font face=\"Garamond, serif\"><font style=\"font-size: 13pt;\" size=\"3\"><b>R\u00e9ponse<br>\nde Jean Gauchon<\/b><\/font><\/font><\/p>\n<p style=\"text-indent: 1.5cm; margin-bottom: 0cm;\" align=\"justify\" lang=\"fr-FR\">\n<\/p><p style=\"text-indent: 1.5cm; margin-bottom: 0cm;\" align=\"justify\"><font face=\"Garamond, serif\"><font style=\"font-size: 13pt;\" size=\"3\"><span lang=\"fr-FR\">L\u2019Union<br>\npaci\u00adfiste d\u2019Eure-et-Loir, dont fait par\u00adtie notre ami Ratz, membre<br>\ndu Conseil d\u2019administration de l\u2019Union paci\u00adfiste de France,<br>\npublie dans ce jour\u00adnal une d\u00e9cla\u00adra\u00adtion ayant trait&nbsp;aux<br>\nrap\u00adports sou\u00adhai\u00adtables entre notre orga\u00adni\u00adsa\u00adtion et l\u2019Action civique<br>\nnon vio\u00adlente. Ce texte appelle quelques commentaires.<\/span><\/font><\/font><\/p>\n<p style=\"text-indent: 1.5cm; margin-bottom: 0cm;\" align=\"justify\"><font face=\"Garamond, serif\"><font style=\"font-size: 13pt;\" size=\"3\"><span lang=\"fr-FR\">Ce<br>\nqui doit \u00eatre affir\u00adm\u00e9 en pre\u00admier lieu (et nous sommes<br>\ntous, en d\u00e9fi\u00adni\u00adtive, tom\u00adb\u00e9s d\u2019accord sur ce&nbsp;point<br>\nlors de notre der\u00adnier congr\u00e8s natio\u00adnal, c\u2019est qu\u2019il y&nbsp;a<br>\nplace, dans notre mou\u00adve\u00adment, \u00e0 la fois pour les non-violents<br>\nabso\u00adlus et pour ceux qui, en dehors de tout conflit entre peuples,<br>\nadmettent une r\u00e9sis\u00adtance indi\u00advi\u00adduelle violente.<\/span><\/font><\/font><\/p>\n<p style=\"text-indent: 1.5cm; margin-bottom: 0cm;\" align=\"justify\"><font face=\"Garamond, serif\"><font style=\"font-size: 13pt;\" size=\"3\"><span lang=\"fr-FR\">C\u2019est<br>\nce qui r\u00e9sulte de notre Charte dont je d\u00e9tache le<br>\npas\u00adsage sui\u00advant&nbsp;: \u00ab&nbsp;Cha\u00adcun pour\u00adra lut\u00adter effi\u00adca\u00adce\u00adment contre<br>\nl\u2019oppression, \u00e9tant enten\u00addu que la non-vio\u00adlence constitue<br>\naux termes de cette Charte un des meilleurs moyens pour r\u00e9sister<br>\n\u00e0 la guerre, mais qu\u2019elle ne peut \u00eatre impos\u00e9e<br>\n\u00e0 tous les adh\u00e9rents.&nbsp;\u00bb<\/span><\/font><\/font><\/p>\n<p style=\"text-indent: 1.5cm; margin-bottom: 0cm;\" align=\"justify\"><font face=\"Garamond, serif\"><font style=\"font-size: 13pt;\" size=\"3\"><span lang=\"fr-FR\">Insis\u00adtons<br>\npar\u00adti\u00adcu\u00adli\u00e8\u00adre\u00adment sur ce fait que <b>nous sommes tous,&nbsp;sans<br>\nexcep\u00adtion, des non-vio\u00adlents en ce qui concerne la guerre elle-m\u00eame.<\/b><br>\nOu, plus pr\u00e9\u00adci\u00ads\u00e9\u00adment, que nous n\u2019acceptons en&nbsp;aucun<br>\ncas la vio\u00adlence col\u00adlec\u00adtive. Mais, par contre, beau\u00adcoup d\u2019entre nous<br>\npensent (et je suis de ceux-l\u00e0) que, <b>sur le&nbsp;plan<br>\nstric\u00adte\u00adment indi\u00advi\u00adduel, la d\u00e9fense par la force phy\u00adsique&nbsp;peut<br>\n\u00eatre par\u00adfois admissible.<\/b><\/span><\/font><\/font><\/p>\n<p style=\"text-indent: 1.5cm; margin-bottom: 0cm;\" align=\"justify\"><font face=\"Garamond, serif\"><font style=\"font-size: 13pt;\" size=\"3\"><span lang=\"fr-FR\">Non<br>\nque nous r\u00e9prou\u00advions ceux qui refusent syst\u00e9matiquement<br>\nla riposte autre que spi\u00adri\u00adtuelle. Bien au contraire, nous&nbsp;les<br>\nadmi\u00adrons et nous saluons leur cou\u00adrage h\u00e9ro\u00efque. Pour&nbsp;ma<br>\npart, je vais plus loin&nbsp;: je crois que la non-vio\u00adlence, m\u00eame<br>\nindi\u00advi\u00adduelle, est la forme sup\u00e9\u00adrieure de la morale, la&nbsp;r\u00e8gle<br>\nde vie la plus noble et la plus valable, celle qui exige les&nbsp;plus<br>\nhautes qua\u00adli\u00adt\u00e9s et la plus intense ma\u00ee\u00adtrise de soi-m\u00eame,<br>\ncelle qui m\u00e8ne au triomphe abso\u00adlu de la pure\u00adt\u00e9 sur&nbsp;la<br>\nbes\u00adtia\u00adli\u00adt\u00e9. En bref, elle touche \u00e0 la per\u00adfec\u00adtion. Et&nbsp;je<br>\nres\u00adpecte ceux qui sont capables d\u2019un tel comportement.<\/span><\/font><\/font><\/p>\n<p style=\"text-indent: 1.5cm; margin-bottom: 0cm;\" align=\"justify\"><font face=\"Garamond, serif\"><font style=\"font-size: 13pt;\" size=\"3\"><span lang=\"fr-FR\">J\u2019ai<br>\ntou\u00adjours \u00e9t\u00e9 \u00e9mu, d\u2019ailleurs, par la lecture<br>\nde cer\u00adtains admi\u00adrables pas\u00adsages des livres sacr\u00e9s. \u00ab&nbsp;Aimez vos enne\u00admis, faites du bien \u00e0 ceux qui vous ha\u00efssent,<br>\nb\u00e9nis\u00adsez ceux qui vous mau\u00addissent, priez pour ceux qui&nbsp;vous<br>\nmal\u00adtraitent. Si quelqu\u2019un te frappe sur une joue, pr\u00e9sente-lui<br>\naus\u00adsi l\u2019autre&nbsp;\u00bb\u200a\u2014\u200a\u00ab&nbsp;Je vous dis de ne pas r\u00e9sister<br>\naux m\u00e9chants.&nbsp;\u00bb<\/span><\/font><\/font><\/p>\n<p style=\"text-indent: 1.5cm; margin-bottom: 0cm;\" align=\"justify\"><font face=\"Garamond, serif\"><font style=\"font-size: 13pt;\" size=\"3\"><span lang=\"fr-FR\">Gand\u00adhi<br>\nretrou\u00advait les m\u00eames accents sublimes, lorsqu\u2019il disait&nbsp;: \u00ab&nbsp;Je ne l\u00e8ve\u00adrais pas la main sur vous, m\u00eame si j\u2019en<br>\navais la puis\u00adsance. Je veux vous vaincre uni\u00adque\u00adment par ma souffrance<br>\u200a\u2014\u200aNul \u00eatre humain n\u2019est assez par\u00adfait pour avoir le&nbsp;droit<br>\nde tuer celui qu\u2019il consi\u00add\u00e8re \u00e0 tort&nbsp;comme<br>\nenti\u00e8\u00adre\u00adment mauvais.&nbsp;\u00bb<\/span><\/font><\/font><\/p>\n<p style=\"text-indent: 1.5cm; margin-bottom: 0cm;\" align=\"justify\"><font face=\"Garamond, serif\"><font style=\"font-size: 13pt;\" size=\"3\"><span lang=\"fr-FR\">Par<br>\ntem\u00adp\u00e9\u00adra\u00adment et par rai\u00adson, j\u2019ai tou\u00adjours&nbsp;\u00e9t\u00e9<br>\npor\u00adt\u00e9 vers la non-vio\u00adlence. J\u2019ai la satis\u00adfac\u00adtion de n\u2019avoir<br>\naucune goutte du sang d\u2019autrui sur les mains. Mais enfin, je&nbsp;ne<br>\nsuis ni J\u00e9sus ni Gand\u00adhi, et n\u2019ai pas la pr\u00e9tention<br>\nd\u2019\u00e9galer d\u2019in\u00e9galables \u00eatres.<\/span><\/font><\/font><\/p>\n<p style=\"text-indent: 1.5cm; margin-bottom: 0cm;\" align=\"justify\"><font face=\"Garamond, serif\"><font style=\"font-size: 13pt;\" size=\"3\"><span lang=\"fr-FR\">[\u2026]<br>\nAmi et admi\u00adra\u00adteur des non-vio\u00adlents, certes. Tou\u00adte\u00adfois, si j\u2019\u00e9tais<br>\ninjus\u00adte\u00adment atta\u00adqu\u00e9 par un mal\u00adfai\u00adteur, si un \u00eatre&nbsp;cher<br>\n\u00e9tait en p\u00e9ril du fait d\u2019une brute, galonn\u00e9e<br>\nou non, je ne puis admettre que je lais\u00adse\u00adrais faire sans ten\u00adter&nbsp;une<br>\nr\u00e9ac\u00adtion, m\u00eame violente.<\/span><\/font><\/font><\/p>\n<p style=\"text-indent: 1.5cm; margin-bottom: 0cm;\" align=\"justify\"><font face=\"Garamond, serif\"><font style=\"font-size: 13pt;\" size=\"3\"><span lang=\"fr-FR\">Et<br>\nj\u2019approuve sans res\u00adtric\u00adtion la dis\u00adtinc\u00adtion \u00e9ta\u00adblie par&nbsp;notre<br>\nami F\u00e9li\u00adcien Chal\u00adlaye&nbsp;: \u00ab&nbsp;La l\u00e9gi\u00adtime d\u00e9fense<br>\nindi\u00advi\u00adduelle ou fami\u00adliale a pour but, et sou\u00advent pour r\u00e9sultat,<br>\nle salut de quelques exis\u00adtences pr\u00e9\u00adcieuses&nbsp;; la soi-disant<br>\nd\u00e9fense natio\u00adnale a tou\u00adjours pour cons\u00e9\u00adquence la<br>\ndes\u00adtruc\u00adtion d\u2019innombrables exis\u00adtences pr\u00e9\u00adcieuses. Diff\u00e9rence<br>\nradi\u00adcale, essen\u00adtielle, entre ces deux faits d\u00e9si\u00adgn\u00e9s,&nbsp;\u00e0<br>\ntort, par le m\u00eame&nbsp;terme.<\/span><\/font><\/font><\/p>\n<p style=\"text-indent: 1.5cm; margin-bottom: 0cm;\" align=\"justify\"><font face=\"Garamond, serif\"><font style=\"font-size: 13pt;\" size=\"3\"><span lang=\"fr-FR\">En<br>\nr\u00e9su\u00adm\u00e9, l\u2019Union paci\u00adfiste d\u2019Eure-et-Loir doit&nbsp;\u00eatre<br>\nsans crainte. Paci\u00adfisme int\u00e9\u00adgral et non-vio\u00adlence peuvent<br>\npar\u00adfai\u00adte\u00adment coexis\u00adter, sans la moindre g\u00eane, tant ces&nbsp;deux<br>\nnotions sont com\u00adpl\u00e9\u00admen\u00adtaires l\u2019une de l\u2019autre. On a&nbsp;pu<br>\nconstam\u00adment obser\u00adver cette har\u00admo\u00adnieuse coha\u00adbi\u00adta\u00adtion dans&nbsp;les<br>\ngrou\u00adpe\u00adments de paci\u00adfistes int\u00e9\u00adgraux, qu\u2019il s\u2019agisse des<br>\nAmis de la Patrie humaine, avant 1939, de notre CNRGO, qui vient&nbsp;de<br>\nfaire place \u00e0 l\u2019UPF, ou des Forces libres de la&nbsp;paix.<\/span><\/font><\/font><\/p>\n<p style=\"text-indent: 1.5cm; margin-bottom: 0cm;\" align=\"justify\"><font face=\"Garamond, serif\"><font style=\"font-size: 13pt;\" size=\"3\"><span lang=\"fr-FR\">Ce<br>\npre\u00admier point, d\u2019ordre g\u00e9n\u00e9\u00adral, \u00e9tant acquis,<br>\nvenons-en au pro\u00adbl\u00e8me par\u00adti\u00adcu\u00adlier sou\u00adle\u00adv\u00e9 par&nbsp;nos<br>\ncama\u00adrades d\u2019Eure-et-Loir. L\u2019Action civique non vio\u00adlente peut-elle<br>\n\u00eatre admise par\u00admi nous&nbsp;? En l\u2019\u00e9tat actuel des choses,<br>\ncer\u00adtai\u00adne\u00adment pas, car ces non-vio\u00adlents sont en r\u00e9alit\u00e9<br>\ndes vio\u00adlents. Et il est assez curieux de consta\u00adter que ce sont&nbsp;les<br>\npaci\u00adfistes int\u00e9\u00adgraux \u00ab&nbsp;vio\u00adlents&nbsp;\u00bb qui sont oblig\u00e9s<br>\nde faire des r\u00e9serves sur cette orga\u00adni\u00adsa\u00adtion, non&nbsp;parce<br>\nqu\u2019elle est non vio\u00adlente, mais parce que, bien au contraire, elle<br>\nne l\u2019est pas assez. Cette t\u00e2che devrait incom\u00adber cependant,<br>\nau pre\u00admier chef, aux non-vio\u00adlents abso\u00adlus, dont on d\u00e9na\u00adture&nbsp;la<br>\ndoctrine.<\/span><\/font><\/font><\/p>\n<p style=\"text-indent: 1.5cm; margin-bottom: 0cm;\" align=\"justify\"><font face=\"Garamond, serif\"><font style=\"font-size: 13pt;\" size=\"3\"><span lang=\"fr-FR\">Je<br>\nm\u2019explique&nbsp;: l\u2019un des ani\u00adma\u00adteurs de l\u2019ACNV, Jo Pyron\u00adnet,&nbsp;dans<br>\nson jour\u00adnal de novembre 1960 (n\u00b0&nbsp;8), \u00e9crit textuellement<br>\nceci&nbsp;: \u00ab&nbsp;L\u2019action pr\u00e9\u00adsente, comme la pr\u00e9c\u00e9dente,<br>\ns\u2019appuie sur des motifs de conscience, mais elle ne com\u00adporte&nbsp;pas<br>\nn\u00e9ces\u00adsai\u00adre\u00adment <b>pour tous les par\u00adti\u00adci\u00adpants<\/b> le refus&nbsp;de<br>\ntoute guerre. Des jeunes, qui demandent main\u00adte\u00adnant \u00e0 faire&nbsp;un<br>\nser\u00advice civil en Alg\u00e9\u00adrie et pr\u00e9\u00adf\u00e8rent la prison<br>\nau ser\u00advice mili\u00adtaire, pour\u00adront peut-\u00eatre, la guerre d\u2019Alg\u00e9rie<br>\nter\u00admi\u00adn\u00e9e, accep\u00adter le ser\u00advice mili\u00adtaire et m\u00eame&nbsp;une<br>\nguerre d\u00e9fen\u00adsive men\u00e9e dans des condi\u00adtions diff\u00e9rentes.<br>\nL\u2019action consiste, non \u00e0 refu\u00adser l\u2019arm\u00e9e, mais&nbsp;\u00e0<br>\nrefu\u00adser l\u2019usage qui en est fait actuel\u00adle\u00adment en Alg\u00e9rie.&nbsp;\u00bb<\/span><\/font><\/font><\/p>\n<p style=\"text-indent: 1.5cm; margin-bottom: 0cm;\" align=\"justify\"><font face=\"Garamond, serif\"><font style=\"font-size: 13pt;\" size=\"3\"><span lang=\"fr-FR\">Et<br>\nvoi\u00adl\u00e0 l\u2019\u00e9normit\u00e9 pro\u00adnon\u00adc\u00e9e&nbsp;: les<br>\nnon-vio\u00adlents pour\u00adront admettre, jus\u00adti\u00adfier m\u00eame, une \u00ab&nbsp;guerre<br>\nde l\u00e9gi\u00adtime d\u00e9fense&nbsp;!&nbsp;\u00bb<\/span><\/font><\/font><\/p>\n<p style=\"text-indent: 1.5cm; margin-bottom: 0cm;\" align=\"justify\"><font face=\"Garamond, serif\"><font style=\"font-size: 13pt;\" size=\"3\"><span lang=\"fr-FR\">Cette<br>\naffir\u00adma\u00adtion, offi\u00adcia\u00adli\u00adsant au sein de cette asso\u00adcia\u00adtion la&nbsp;juste<br>\ncause d\u2019une telle guerre et pr\u00e9\u00adco\u00adni\u00adsant implicitement<br>\nl\u2019union sacr\u00e9e devant l\u2019agresseur, est la n\u00e9gation<br>\nm\u00eame de l\u2019esprit de notre mou\u00adve\u00adment. Elle ne fait d\u2019ailleurs<br>\nque reprendre les pro\u00adpos de plu\u00adsieurs membres de l\u2019ACNV, publi\u00e9s<br>\ndans cer\u00adtains jour\u00adnaux (\u00ab&nbsp;l\u2019Express&nbsp;\u00bb, notamment).<\/span><\/font><\/font><\/p>\n<p style=\"text-indent: 1.5cm; margin-bottom: 0cm;\" align=\"justify\"><font face=\"Garamond, serif\"><font style=\"font-size: 13pt;\" size=\"3\"><span lang=\"fr-FR\">Je<br>\ndemande \u00e0 nos amis d\u2019Eure-et-Loir si, honn\u00eatement,<br>\nnous pou\u00advons accep\u00adter \u00e0 nos c\u00f4t\u00e9s, au titre&nbsp;de<br>\npaci\u00adfistes int\u00e9\u00adgraux, des per\u00adsonnes \u00e9ta\u00adlant de&nbsp;tels<br>\nprin\u00adcipes. Et si ces der\u00adniers sont com\u00adpa\u00adtibles avec les termes de<br>\nnotre charte&nbsp;: \u00ab&nbsp;Le paci\u00adfiste authen\u00adtique, int\u00e9gral,<br>\ncondamne toute guerre, quel qu\u2019en soit le pr\u00e9\u00adtexte\u2026 il<br>\nn\u2019admet aucune excep\u00adtion \u00e0 cette r\u00e8gle.&nbsp;\u00bb&nbsp;Et<br>\nencore&nbsp;: \u00ab&nbsp;Si les causes de la guerre sont mul\u00adtiples, celle-ci,<br>\ndans tous les cas, ne peut \u00e9cla\u00adter sans une pr\u00e9paration<br>\npsy\u00adcho\u00adlo\u00adgique pous\u00ads\u00e9e ten\u00addant \u00e0 faire admettre aux<br>\npeuples un prin\u00adcipe repo\u00adsant sur une mons\u00adtrueuse impos\u00adture&nbsp;: celui&nbsp;de<br>\nla l\u00e9gi\u00adtime d\u00e9fense.&nbsp;\u00bb<\/span><\/font><\/font><\/p>\n<p style=\"text-indent: 1.5cm; margin-bottom: 0cm;\" align=\"justify\"><font face=\"Garamond, serif\"><font style=\"font-size: 13pt;\" size=\"3\"><span lang=\"fr-FR\">Ou<br>\nalors, en toute logique, si cer\u00adtains admettent que les membres de<br>\nl\u2019ACNV sous\u00adcri\u00advant aux paroles de Pyron\u00adnet peuvent s\u2019inscrire \u00e0<br>\nl\u2019UPF, ils doivent deman\u00adder \u00e0 notre pro\u00adchain congr\u00e8s<br>\nnatio\u00adnal la modi\u00adfi\u00adca\u00adtion de notre charte et la sup\u00adpres\u00adsion&nbsp;des<br>\npas\u00adsages que je viens de citer (ain\u00adsi que ceux condam\u00adnant les&nbsp;armes<br>\net les arme\u00adments, indis\u00adpen\u00adsables pour mener \u00e0 bien une guerre<br>\nde l\u00e9gi\u00adtime d\u00e9fense!). D\u00e8s lors,&nbsp;notre<br>\nmou\u00adve\u00adment, d\u00e9ca\u00adpi\u00adt\u00e9, d\u00e9sar\u00adti\u00adcu\u00adl\u00e9, n\u2019ayant<br>\nplus aucune id\u00e9e direc\u00adtrice valable et ori\u00adgi\u00adnale, deviendrait<br>\nune quel\u00adconque asso\u00adcia\u00adtion d\u2019anciens com\u00adbat\u00adtants. C\u2019est<br>\npro\u00adpre\u00adment inconcevable.<\/span><\/font><\/font><\/p>\n<p style=\"text-indent: 1.5cm; margin-bottom: 0cm;\" align=\"justify\"><font face=\"Garamond, serif\"><font style=\"font-size: 13pt;\" size=\"3\"><span lang=\"fr-FR\">Mais,<br>\nsi je suis abso\u00adlu sur les prin\u00adcipes (et que l\u2019on me traite de<br>\nsec\u00adtaire si l\u2019on veut, mais je ne d\u00e9mor\u00addrai pas de&nbsp;cette<br>\nid\u00e9e toute simple que ceux qui admettent cer\u00adtaines guerres<br>\nn\u2019ont pas leur place par\u00admi nous), j\u2019apporte imm\u00e9diatement<br>\nles cor\u00adrec\u00adtifs que l\u2019on trouve tout natu\u00adrel\u00adle\u00adment dans nos statuts.<br>\nCar, pour concis qu\u2019ils soient, ils n\u2019en sont pas moins fort&nbsp;bien<br>\npen\u00ads\u00e9s et pr\u00e9\u00advoient \u00e0 peu pr\u00e8s toutes les<br>\nsolu\u00adtions \u00e0 appor\u00adter aux dif\u00adf\u00e9\u00adrentes situations.<\/span><\/font><\/font><\/p>\n<p style=\"text-indent: 1.5cm; margin-bottom: 0cm;\" align=\"justify\" lang=\"fr-FR\">\n<font face=\"Garamond, serif\"><font style=\"font-size: 13pt;\" size=\"3\"><b>A<br> \u2013 Sur le plan individuel.<\/b><\/font><\/font><\/p>\n<p style=\"text-indent: 1.5cm; margin-bottom: 0cm;\" align=\"justify\"><font face=\"Garamond, serif\"><font style=\"font-size: 13pt;\" size=\"3\"><span lang=\"fr-FR\">1)<br>\nSi, par\u00admi les membres de l\u2019ACNV, cer\u00adtains r\u00e9prouvent toute<br>\nguerre (et pas seule\u00adment celle d\u2019Alg\u00e9rie), nous serons<br>\nheu\u00adreux de les accueillir au nombre de nos adh\u00e9rents.<\/span><\/font><\/font><\/p>\n<p style=\"text-indent: 1.5cm; margin-bottom: 0cm;\" align=\"justify\"><font face=\"Garamond, serif\"><font style=\"font-size: 13pt;\" size=\"3\"><span lang=\"fr-FR\">2)<br>\nSi d\u2019autres, n\u2019en \u00e9tant pas arri\u00adv\u00e9s \u00e0&nbsp;ce<br>\nstade, s\u2019alignent sur la posi\u00adtion d\u00e9fi\u00adnie par Pyronnet,<br>\npour\u00adquoi ne vien\u00addraient-ils pas \u00e0 nous en qua\u00adli\u00adt\u00e9&nbsp;de<br>\nsym\u00adpa\u00adthi\u00adsants (article 2 des statuts)&nbsp;?<\/span><\/font><\/font><\/p>\n<p style=\"text-indent: 1.5cm; margin-bottom: 0cm;\" align=\"justify\" lang=\"fr-FR\">\n<font face=\"Garamond, serif\"><font style=\"font-size: 13pt;\" size=\"3\"><b>B<br> \u2013 Sur le plan collectif.<\/b><\/font><\/font><\/p>\n<p style=\"text-indent: 1.5cm; margin-bottom: 0cm;\" align=\"justify\"><font face=\"Garamond, serif\"><font style=\"font-size: 13pt;\" size=\"3\"><span lang=\"fr-FR\">L\u2019ACNV<br>\n\u00e9tant mar\u00adqu\u00e9e, dans son ensemble, par la pro\u00adfes\u00adsion&nbsp;de<br>\nfoi de Pyron\u00adnet, ne sau\u00adrait, en l\u2019\u00e9tat actuel, adh\u00e9rer<br>\nau Car\u00adtel des Forces libres de la paix, o\u00f9 l\u2019UPF a sa&nbsp;place.<br>\nMais notre orga\u00adni\u00adsa\u00adtion peut fort bien \u2013 et profitablement&nbsp;\u2013<br>\ntra\u00advailler en col\u00adla\u00adbo\u00adra\u00adtion \u00e9troite avec elle en ver\u00adtu&nbsp;de<br>\nl\u2019article 4 de nos sta\u00adtuts&nbsp;: \u00ab&nbsp;Dans cer\u00adtaines circonstances,<br>\net en gar\u00addant son auto\u00adno\u00admie, l\u2019Union paci\u00adfiste de France peut<br>\ns\u2019unir \u00e0 d\u2019autres asso\u00adcia\u00adtions en vue d\u2019une action<br>\npaci\u00adfiste d\u2019ensemble, sur un point pr\u00e9\u00adcis, natio\u00adna\u00adle\u00adment&nbsp;et<br>\ninternationalement.&nbsp;\u00bb<\/span><\/font><\/font><\/p>\n<p style=\"text-indent: 1.5cm; margin-bottom: 0cm;\" align=\"justify\"><font face=\"Garamond, serif\"><font style=\"font-size: 13pt;\" size=\"3\"><span lang=\"fr-FR\">Et<br>\ngr\u00e2ce \u00e0 nos textes, voi\u00adl\u00e0 de quoi mettre tout&nbsp;le<br>\nmonde d\u2019accord tout en sau\u00adve\u00adgar\u00addant nos prin\u00adcipes fondamentaux,<br>\nnous mar\u00adchons, la main dans la main, avec ceux qui, sur un probl\u00e8me<br>\npar\u00adti\u00adcu\u00adlier (la guerre d\u2019Alg\u00e9rie), sont d\u2019accord avec<br>\nnous.<\/span><\/font><\/font><\/p>\n<p style=\"text-indent: 1.5cm; margin-bottom: 0cm;\" align=\"justify\"><font face=\"Garamond, serif\"><font style=\"font-size: 13pt;\" size=\"3\"><span lang=\"fr-FR\">Cette<br>\nsolu\u00adtion me para\u00eet \u00eatre celle de la sagesse et&nbsp;de<br>\nl\u2019honn\u00eatet\u00e9. Toute \u00e9qui\u00advoque \u00e9tant&nbsp;ainsi<br>\n\u00e9car\u00adt\u00e9e, c\u2019est avec le maxi\u00admum d\u2019efficacit\u00e9<br>\nque pour\u00adront \u0153uvrer pour la paix les membres asso\u00adci\u00e9s&nbsp;de<br>\nl\u2019UPF et de l\u2019ACNV.<\/span><\/font><\/font><\/p>\n<p style=\"text-indent: 1.5cm; margin-bottom: 0cm;\" align=\"justify\" lang=\"fr-FR\">\n<font face=\"Garamond, serif\"><font style=\"font-size: 13pt;\" size=\"3\">Jean<br>\nGauchon<\/font><\/font><\/p>\n<p style=\"text-indent: 1.5cm; margin-bottom: 0cm;\" align=\"justify\" lang=\"fr-FR\">\n<font face=\"Garamond, serif\"><font style=\"font-size: 13pt;\" size=\"3\">(\u00ab&nbsp;La Voie de la paix&nbsp;\u00bb, n\u00b0&nbsp;107, 1961).<\/font><\/font><\/p>\n<p style=\"text-indent: 1.5cm; margin-bottom: 0cm;\" align=\"justify\" lang=\"fr-FR\">\n<\/p><p style=\"text-indent: 1.5cm; margin-bottom: 0cm;\" align=\"justify\" lang=\"fr-FR\"><font face=\"Garamond, serif\"><font style=\"font-size: 13pt;\" size=\"3\">)]<\/font><\/font><\/p>\n<p style=\"text-indent: 1.5cm; margin-bottom: 0cm;\" align=\"justify\" lang=\"fr-FR\">\n<font face=\"Garamond, serif\"><font style=\"font-size: 13pt;\" size=\"3\"><strong><em>*&nbsp;<br>\n*&nbsp; *&nbsp; *<\/em><\/strong> <\/font><\/font><\/p>\n<p style=\"text-indent: 1.5cm; margin-bottom: 0cm;\" align=\"justify\"><font face=\"Garamond, serif\"><font style=\"font-size: 13pt;\" size=\"3\"><span lang=\"fr-FR\">D\u2019abord<br>\nessayons d\u2019\u00e9claircir ce qui nous para\u00eet \u00eatre&nbsp;une<br>\npol\u00e9\u00admique st\u00e9\u00adrile et de mettre en \u00e9vi\u00addence&nbsp;une<br>\nques\u00adtion inutile&nbsp;: les non-vio\u00adlents peuvent-ils \u00eatre&nbsp;admis<br>\npar\u00admi les paci\u00adfistes&nbsp;? Deux concep\u00adtions quant \u00e0 la mani\u00e8re<br>\nde lut\u00adter se dessinent&nbsp;:<\/span><\/font><\/font><\/p>\n<p style=\"text-indent: 1.5cm; margin-bottom: 0cm;\" align=\"justify\"><font face=\"Garamond, serif\"><font style=\"font-size: 13pt;\" size=\"3\"><span lang=\"fr-FR\">1.<br>\n<b>La mani\u00e8re paci\u00adfiste<\/b>, tr\u00e8s caract\u00e9ristique<br>\nchez Lecoin, qui consiste \u00e0 ras\u00adsem\u00adbler le plus grand nombre<br>\npos\u00adsible de noms, d\u2019adh\u00e9sions, de fa\u00e7on&nbsp;\u00e0<br>\ncr\u00e9er un groupe de pres\u00adsion morale capable d\u2019influencer le<br>\ngou\u00adver\u00adne\u00adment et, en cas de besoin, \u00e0 un cer\u00adtain moment, tenter<br>\nde faire pen\u00adcher la balance par une action directe violente<br>\n(mani\u00adfes\u00adta\u00adtions, etc.) ou non vio\u00adlente (je\u00fbne, etc.).<\/span><\/font><\/font><\/p>\n<p style=\"text-indent: 1.5cm; margin-bottom: 0cm;\" align=\"justify\"><font face=\"Garamond, serif\"><font style=\"font-size: 13pt;\" size=\"3\"><span lang=\"fr-FR\">2.<br>\n<b>La mani\u00e8re non vio\u00adlente<\/b> consiste avant tout en&nbsp;un<br>\nenga\u00adge\u00adment phy\u00adsique per\u00adson\u00adnel, indi\u00advi\u00adduel ou col\u00adlec\u00adtif, et&nbsp;doit<br>\ncom\u00adpor\u00adter des risques. II ne s\u2019agit donc pas d\u2019adh\u00e9sion \u00e0<br>\nune orga\u00adni\u00adsa\u00adtion, mais d\u2019actes concrets, avec un degr\u00e9&nbsp;plus<br>\nou moins fort de non-vio\u00adlence, dans une r\u00e9alit\u00e9<br>\nquo\u00adti\u00addienne pr\u00e9\u00adcise. Il faut recon\u00adna\u00eetre que ceux&nbsp;qui<br>\nposent un acte non violent ne s\u2019inscrivent pas obli\u00adga\u00adtoi\u00adre\u00adment&nbsp;dans<br>\nune concep\u00adtion glo\u00adbale de la non-vio\u00adlence, qu\u2019ils ne d\u00e9terminent<br>\npas tou\u00adjours, a prio\u00adri, un abso\u00adlu auquel ils se conforment comme<br>\npeuvent le faire les paci\u00adfistes int\u00e9\u00adgraux, mais ce n\u2019est&nbsp;pas<br>\nvrai pour tous les \u00ab&nbsp;non-vio\u00adlents&nbsp;\u00bb. Effec\u00adti\u00adve\u00adment,&nbsp;pour<br>\nla plu\u00adpart, la non-vio\u00adlence est un mode de vie et s\u2019ils n\u2019ont&nbsp;pas<br>\nconti\u00adnuel\u00adle\u00adment \u00e0 la bouche des paroles antiguerri\u00e8res,<br>\nc\u2019est que cela est \u00e9vident. Que pen\u00addant la guerre d\u2019Alg\u00e9rie<br>\ndes jeunes r\u00e9frac\u00adtaires oppo\u00ads\u00e9s \u00e0&nbsp;cette<br>\nentre\u00adprise colo\u00adniale aient agi \u00e9troi\u00adte\u00adment avec&nbsp;les<br>\nnon-vio\u00adlents accep\u00adtant leurs r\u00e8gles d\u2019action et se soient<br>\nr\u00e9ser\u00adv\u00e9s, l\u2019action finie, de se com\u00adpor\u00adter violemment<br>\nen d\u2019autres cir\u00adcons\u00adtances n\u2019implique pas que les non-vio\u00adlents \u00ab&nbsp;jus\u00adti\u00adfient une guerre de l\u00e9gi\u00adtime d\u00e9fense&nbsp;\u00bb.&nbsp;Cela<br>\nillustre sim\u00adple\u00adment une pos\u00adsi\u00adbi\u00adli\u00adt\u00e9 d\u2019action com\u00admune&nbsp;sans<br>\nque cha\u00adcun renie sa propre concep\u00adtion&nbsp;: il faut craindre de&nbsp;se<br>\nlais\u00adser enfer\u00admer dans les limi\u00adta\u00adtions du lan\u00adgage, du verbe&nbsp;; l\u2019action<br>\na sa richesse propre, ses dan\u00adgers aus\u00adsi. Nous avons&nbsp;d\u00e9j\u00e0<br>\naffir\u00adm\u00e9 qu\u2019il n\u2019\u00e9tait pas pos\u00adsible \u00ab&nbsp;d\u2019\u00eatre<br>\nnon violent&nbsp;\u00bb (est-on paci\u00adfiste en payant sa part d\u2019imp\u00f4t<br>\nmili\u00adtaire?), la vio\u00adlence est trop inti\u00adme\u00adment m\u00eal\u00e9e&nbsp;\u00e0<br>\nl\u2019humain&nbsp;; il s\u2019agit de conna\u00eetre tous les m\u00e9canismes<br>\nde la vio\u00adlence et de les cana\u00adli\u00adser sinon de les supprimer,<br>\nd\u2019apprendre d\u2019autres com\u00adpor\u00adte\u00adments indi\u00advi\u00adduels (par une mentalit\u00e9<br>\nnou\u00advelle, par des actes concrets) et sociaux (par l\u2019\u00e9tablissement<br>\nde struc\u00adtures et l\u2019exercice de rap\u00adports humains non vio\u00adlents). D\u2019o\u00f9<br>\nune per\u00adp\u00e9\u00adtuelle insa\u00adtis\u00adfac\u00adtion, un effort d\u2019imagination<br>\nquotidien.<\/span><\/font><\/font><\/p>\n<p style=\"text-indent: 1.5cm; margin-bottom: 0cm;\" align=\"justify\"><font face=\"Garamond, serif\"><font style=\"font-size: 13pt;\" size=\"3\"><span lang=\"fr-FR\">Pou\u00advons-nous<br>\nr\u00e9su\u00admer en sui\u00advant les sch\u00e9\u00admas pr\u00e9c\u00e9dents<br>\nla posi\u00adtion de l\u2019Union paci\u00adfiste de France&nbsp;?<\/span><\/font><\/font><\/p>\n<p style=\"text-indent: 1.5cm; margin-bottom: 0cm;\" align=\"justify\"><font face=\"Garamond, serif\"><font style=\"font-size: 13pt;\" size=\"3\"><span lang=\"fr-FR\">1.<br>\n<b>La guerre est le mal essentiel.<\/b><\/span><\/font><\/font><\/p>\n<p style=\"text-indent: 1.5cm; margin-bottom: 0cm;\" align=\"justify\"><font face=\"Garamond, serif\"><font style=\"font-size: 13pt;\" size=\"3\"><span lang=\"fr-FR\">2.<br>\n<b>R\u00e9sis\u00adtance \u00e0 la guerre&nbsp;:<\/b> par la vio\u00adlence (ou&nbsp;la<br>\nnon-vio\u00adlence) indi\u00advi\u00adduelle (cf. l\u00e9gi\u00adtime d\u00e9fense et<br>\nassas\u00adsi\u00adnat d\u2019un tyran); par la non-vio\u00adlence collective.<\/span><\/font><\/font><\/p>\n<p style=\"text-indent: 1.5cm; margin-bottom: 0cm;\" align=\"justify\"><font face=\"Garamond, serif\"><font style=\"font-size: 13pt;\" size=\"3\"><span lang=\"fr-FR\">3.<br>\n<b>M\u00e9thode de tra\u00advail<\/b> (d\u2019apr\u00e8s une lettre<br>\nper\u00adson\u00adnelle de Jean Gau\u00adchon du 19 juin&nbsp;1967):<\/span><\/font><\/font><\/p>\n<p style=\"text-indent: 1.5cm; margin-bottom: 0cm;\" align=\"justify\"><font face=\"Garamond, serif\"><font style=\"font-size: 13pt;\" size=\"3\"><span lang=\"fr-FR\">Pro\u00adpa\u00adgande&nbsp;: \u00e9di\u00adtion d\u2019un bul\u00adle\u00adtin, de tracts, de cartes postales<br>\nanti\u00admi\u00adli\u00adta\u00adristes, conf\u00e9\u00adrences, s\u00e9ances de cin\u00e9ma<br>\navec des films paci\u00adfistes, sorties-promenades.<\/span><\/font><\/font><\/p>\n<p style=\"text-indent: 1.5cm; margin-bottom: 0cm;\" align=\"justify\"><font face=\"Garamond, serif\"><font style=\"font-size: 13pt;\" size=\"3\"><span lang=\"fr-FR\">Action&nbsp;: par\u00adti\u00adci\u00adpa\u00adtion aux marches et autres pro\u00adtes\u00adta\u00adtions publiques<br>\norga\u00adni\u00ads\u00e9es par d\u2019autres mouvements.<\/span><\/font><\/font><\/p>\n<p style=\"text-indent: 1.5cm; margin-bottom: 0cm;\" align=\"justify\" lang=\"fr-FR\">\n<font face=\"Garamond, serif\"><font style=\"font-size: 13pt;\" size=\"3\">Et,<br>\nder\u00adni\u00e8\u00adre\u00adment, sou\u00adtien total \u00e0 la cam\u00adpagne&nbsp;de<br>\nd\u00e9sar\u00adme\u00adment de Lecoin.<\/font><\/font><\/p>\n<p style=\"text-indent: 1.5cm; margin-bottom: 0cm;\" align=\"justify\"><font face=\"Garamond, serif\"><font style=\"font-size: 13pt;\" size=\"3\"><span lang=\"fr-FR\">4.<br>\n<b>Com\u00adpr\u00e9\u00adhen\u00adsion de la non-vio\u00adlence.<\/b> Comme chez Challaye,<br>\non constate une atti\u00adtude empreinte de sen\u00adti\u00admen\u00adta\u00adlisme qui se traduit<br>\npar l\u2019admiration, l\u2019\u00e9motion, le res\u00adpect. La non-violence<br>\nest incar\u00adn\u00e9e par deux hommes&nbsp;: J\u00e9sus et Gand\u00adhi,&nbsp;alors<br>\nqu\u2019il convien\u00addrait de conna\u00eetre des non-vio\u00adlents&nbsp;plus<br>\ncom\u00admuns, contem\u00adpo\u00adrains, qui ne sont pas \u00ab&nbsp;d\u2019in\u00e9galables<br>\n\u00eatres&nbsp;\u00bb et sur\u00adtout de ne pas igno\u00adrer toutes les techniques<br>\nactuelles de la non-violence.<\/span><\/font><\/font><\/p>\n<p style=\"text-indent: 1.5cm; margin-bottom: 0cm;\" align=\"justify\" lang=\"fr-FR\">\n<font face=\"Garamond, serif\"><font style=\"font-size: 13pt;\" size=\"3\">(En<br>\npas\u00adsant, disons que la vio\u00adlence aus\u00adsi a ses h\u00e9ros, ses&nbsp;\u00eatres<br>\nexcep\u00adtion\u00adnels). Nous notons un blo\u00adcage&nbsp;: la l\u00e9gi\u00adtime d\u00e9fense<br>\nindi\u00advi\u00adduelle et familiale.<\/font><\/font><\/p>\n<p style=\"text-indent: 1.5cm; margin-bottom: 0cm;\" align=\"justify\"><font face=\"Garamond, serif\"><font style=\"font-size: 13pt;\" size=\"3\"><span lang=\"fr-FR\">5.<br>\n<b>Rap\u00adports avec les non-vio\u00adlents&nbsp;:<\/b> favo\u00adrables \u00e0&nbsp;un<br>\nrap\u00adpro\u00adche\u00adment, \u00e0 une col\u00adla\u00adbo\u00adra\u00adtion, \u00e0 des relations.<br>\nLes\u00adquelles&nbsp;? Sous forme d\u2019adh\u00e9sion ou dans l\u2019action&nbsp;?<br>\n\u00ab&nbsp;Paci\u00adfisme et non-vio\u00adlence peuvent par\u00adfai\u00adte\u00adment coexister.&nbsp;\u00bb<\/span><\/font><\/font><\/p>\n<p style=\"text-indent: 1.5cm; margin-bottom: 0cm;\" align=\"justify\" lang=\"fr-FR\">\n<font face=\"Garamond, serif\"><font style=\"font-size: 13pt;\" size=\"3\"><strong><em>*&nbsp;<br>\n*&nbsp;  *&nbsp; *<\/em><\/strong><\/font><\/font><\/p>\n<p style=\"text-indent: 1.5cm; margin-bottom: 0cm;\" align=\"justify\"><font face=\"Garamond, serif\"><font style=\"font-size: 13pt;\" size=\"3\"><b><span lang=\"fr-FR\">Mais<br>\nqu\u2019est-ce que le paci\u00adfisme int\u00e9gral&nbsp;?<\/span><\/b><\/font><\/font><\/p>\n<p style=\"text-indent: 1.5cm; margin-bottom: 0cm;\" align=\"justify\"><font face=\"Garamond, serif\"><font style=\"font-size: 13pt;\" size=\"3\"><span lang=\"fr-FR\">Le<br>\npaci\u00adfisme int\u00e9\u00adgral n\u2019admet \u00ab&nbsp;jamais la l\u00e9gitimit\u00e9<br>\nde la guerre, quelle qu\u2019elle soit. Car d\u00e8s qu\u2019on met&nbsp;une<br>\ncondi\u00adtion \u00e0 la paix, on apporte de l\u2019eau au mou\u00adlin de&nbsp;la<br>\nguerre&nbsp;\u00bb.<\/span><\/font><\/font><\/p>\n<p style=\"text-indent: 1.5cm; margin-bottom: 0cm;\" align=\"justify\"><font face=\"Garamond, serif\"><font style=\"font-size: 13pt;\" size=\"3\"><span lang=\"fr-FR\">Le<br>\npaci\u00adfiste int\u00e9\u00adgral trouve ses moti\u00adva\u00adtions au niveau moral,<br>\nhuma\u00adni\u00adtaire et social&nbsp;: toutes les tra\u00addi\u00adtions la\u00efques ou<br>\nreli\u00adgieuses mettent en avant le carac\u00adt\u00e8re inali\u00e9nable<br>\nde la vie humaine&nbsp;: \u00ab&nbsp;Tu ne tue\u00adras point.&nbsp;\u00bb La guerre<br>\nd\u00e9grade l\u2019homme&nbsp;; elle est contraire \u00e0 la dignit\u00e9<br>\nhumaine. La guerre est de plus en plus meur\u00adtri\u00e8re. \u00ab&nbsp;La<br>\nguerre moderne tue avant d\u2019\u00e9clater. En temps de paix,&nbsp;les<br>\nmul\u00adtiples essais nucl\u00e9aires se tra\u00adduisent en retomb\u00e9es<br>\nradio-actives, mor\u00adtelles \u00e0 plus ou moins longue \u00e9ch\u00e9ance.&nbsp;\u00bb \u00ab&nbsp;En r\u00e9a\u00adli\u00adt\u00e9, il faut conve\u00adnir que&nbsp;la<br>\nguerre n\u2019est plus \u00ab&nbsp;payante&nbsp;\u00bb. Elle ne se contente plus<br>\nd\u2019\u00eatre immo\u00adrale et inhu\u00admaine&nbsp;: \u00ab&nbsp;elle est en&nbsp;outre<br>\nabsurde&nbsp;\u00bb. \u00ab&nbsp;La notion de vain\u00adqueurs et de vain\u00adcus&nbsp;est<br>\nd\u00e9pas\u00ads\u00e9e&nbsp;: en cas de nou\u00advelle guerre mon\u00addiale, il n\u2019y<br>\naurait plus que des vain\u00adcus&nbsp;\u00bb. La guerre aug\u00admente la mis\u00e8re<br>\net l\u2019injustice sociale. La guerre tue la liber\u00adt\u00e9. \u00ab&nbsp;L\u2019\u00e9tat de guerre, c\u2019est l\u2019\u00e9tat de dictature&nbsp;\u00bb.<br>\n\u00ab&nbsp;La guerre n\u2019est jamais fatale&nbsp;\u00bb. Le paci\u00adfiste int\u00e9gral<br>\npense qu\u2019il y a \u00e9vo\u00adlu\u00adtion posi\u00adtive de l\u2019histoire\u2026<\/span><\/font><\/font><\/p>\n<p style=\"text-indent: 1.5cm; margin-bottom: 0cm;\" align=\"justify\" lang=\"fr-FR\">\n<font face=\"Garamond, serif\"><font style=\"font-size: 13pt;\" size=\"3\"><b>Com\u00adment<br>\nlutte le paci\u00adfiste int\u00e9gral&nbsp;?<\/b><\/font><\/font><\/p>\n<p style=\"text-indent: 1.5cm; margin-bottom: 0cm;\" align=\"justify\" lang=\"fr-FR\">\n<font face=\"Garamond, serif\"><font style=\"font-size: 13pt;\" size=\"3\">Le<br>\ncom\u00adbat se situe sur deux&nbsp;plans.<\/font><\/font><\/p>\n<p style=\"text-indent: 1.5cm; margin-bottom: 0cm;\" align=\"justify\"><font face=\"Garamond, serif\"><font style=\"font-size: 13pt;\" size=\"3\"><span lang=\"fr-FR\">a)<br>\ncontre toute guerre quel qu\u2019en soit le motif y com\u00adpris \u00ab&nbsp;la<br>\nguerre de d\u00e9fense du pro\u00adl\u00e9\u00adta\u00adriat contre l\u2019imp\u00e9rialisme<br>\nqui est la r\u00e9plique \u00e0 la guerre de d\u00e9fense de&nbsp;la<br>\nliber\u00adt\u00e9 contre le marxisme\u00bb&nbsp;;<\/span><\/font><\/font><\/p>\n<p style=\"text-indent: 1.5cm; margin-bottom: 0cm;\" align=\"justify\"><font face=\"Garamond, serif\"><font style=\"font-size: 13pt;\" size=\"3\"><span lang=\"fr-FR\">b)<br>\ncontre toute pr\u00e9\u00adpa\u00adra\u00adtion \u00e0 la guerre, c\u2019est-\u00e0-dire<br>\ncontre l\u2019existence de toute arm\u00e9e et de tout armement<br>\n(ato\u00admique ou non) et aus\u00adsi contre toute loi obli\u00adgeant un indi\u00advi\u00addu&nbsp;\u00e0<br>\nfaire la guerre ou \u00e0 la pr\u00e9\u00adparer. (Les pacifistes<br>\nne croient pas \u00e0 la for\u00admule du d\u00e9sar\u00adme\u00adment g\u00e9n\u00e9ral,<br>\nsimul\u00adta\u00adn\u00e9 et contr\u00f4l\u00e9.)<\/span><\/font><\/font><\/p>\n<p style=\"text-indent: 1.5cm; margin-bottom: 0cm;\" align=\"justify\"><font face=\"Garamond, serif\"><font style=\"font-size: 13pt;\" size=\"3\"><span lang=\"fr-FR\">Toute<br>\nla pro\u00adpa\u00adgande du paci\u00adfiste int\u00e9\u00adgral doit \u00eatre&nbsp;ax\u00e9e<br>\nsur le d\u00e9sar\u00adme\u00adment uni\u00adla\u00adt\u00e9\u00adral. \u00ab&nbsp;Le salut d\u2019un<br>\npeuple ne peut r\u00e9si\u00adder d\u00e9sor\u00admais que dans&nbsp;le<br>\nd\u00e9sar\u00adme\u00adment abso\u00adlu de son pays. Il ne pour\u00adra ain\u00adsi susciter<br>\naucune crainte chez les autres pays. Ceux-ci n\u2019auront plus&nbsp;le<br>\nmoindre pr\u00e9\u00adtexte de lui faire la guerre. Ils ne pour\u00adront&nbsp;plus<br>\nnotam\u00adment invo\u00adquer le supr\u00eame argu\u00adment employ\u00e9 pour<br>\nmobi\u00adli\u00adser les masses trop cr\u00e9\u00addules&nbsp;: la l\u00e9gitime<br>\nd\u00e9fense.<\/span><\/font><\/font><\/p>\n<p style=\"text-indent: 1.5cm; margin-bottom: 0cm;\" align=\"justify\" lang=\"fr-FR\">\n<font face=\"Garamond, serif\"><font style=\"font-size: 13pt;\" size=\"3\"><b>Les<br>\navan\u00adtages du d\u00e9sarmement.<\/b><\/font><\/font><\/p>\n<p style=\"text-indent: 1.5cm; margin-bottom: 0cm;\" align=\"justify\"><font face=\"Garamond, serif\"><font style=\"font-size: 13pt;\" size=\"3\"><span lang=\"fr-FR\">C\u2019est<br>\npar sou\u00adci de s\u00e9cu\u00adri\u00adt\u00e9 que l\u2019on se veut&nbsp;arm\u00e9&nbsp;:<br>\npar crainte de son voi\u00adsin qu\u2019il soit un indi\u00advi\u00addu ou un \u00c9tat.&nbsp;Et<br>\ncha\u00adcun se veut mieux arm\u00e9 que l\u2019autre, d\u2019o\u00f9<br>\nsur\u00aden\u00adch\u00e8re d\u2019armements, d\u2019o\u00f9 risque, et risque<br>\nd\u2019autant plus impor\u00adtant que l\u2019armement sera meilleur. \u00ab&nbsp;Pr\u00e9parer<br>\nla guerre, c\u2019est abou\u00adtir \u00e0 la guerre&nbsp;\u00bb. Il s\u2019agit de<br>\nren\u00adver\u00adser compl\u00e8\u00adtement la vapeur, et de d\u00e9sarmer<br>\ncompl\u00e8tement&nbsp;:<\/span><\/font><\/font><\/p>\n<p style=\"text-indent: 1.5cm; margin-bottom: 0cm;\" align=\"justify\" lang=\"fr-FR\">\u200a\u2014\u200a<font face=\"Garamond, serif\"><font style=\"font-size: 13pt;\" size=\"3\">pour<br>\ncr\u00e9er chez le voi\u00adsin un sen\u00adti\u00adment de s\u00e9cu\u00adri\u00adt\u00e9&nbsp;et<br>\nun \u00e9tat de non-agressivit\u00e9,<\/font><\/font><\/p>\n<p style=\"text-indent: 1.5cm; margin-bottom: 0cm;\" align=\"justify\" lang=\"fr-FR\">\u200a\u2014\u200a<font face=\"Garamond, serif\"><font style=\"font-size: 13pt;\" size=\"3\">pour<br>\nrecon\u00adver\u00adtir les d\u00e9penses mili\u00adtaires en d\u00e9penses<br>\nsociales,<\/font><\/font><\/p>\n<p style=\"text-indent: 1.5cm; margin-bottom: 0cm;\" align=\"justify\">\u2014<br>\n<font face=\"Garamond, serif\"><font style=\"font-size: 13pt;\" size=\"3\"><span lang=\"fr-FR\">pour,<br>\navec l\u2019argent \u00e9co\u00adno\u00admi\u00ads\u00e9, faire une \u00e9norme<br>\ninfor\u00adma\u00adtion inter\u00adna\u00adtio\u00adnale sur l\u2019\u00e9tat de non-bellig\u00e9rance<br>\ndu pays d\u00e9sarm\u00e9.<\/span><\/font><\/font><\/p>\n<p style=\"text-indent: 1.5cm; margin-bottom: 0cm;\" align=\"justify\"><font face=\"Garamond, serif\"><font style=\"font-size: 13pt;\" size=\"3\"><span lang=\"fr-FR\">Nous<br>\navons vu plus haut que seule une pres\u00adsion de l\u2019opinion publique<br>\nsera effi\u00adcace pour obte\u00adnir le d\u00e9sar\u00adme\u00adment unilat\u00e9ral,<br>\nque les pro\u00adjets gou\u00adver\u00adne\u00admen\u00adtaux dans ce sens \u00e9chouent<br>\nr\u00e9gu\u00adli\u00e8\u00adre\u00adment. Nous en conve\u00adnons, mais souhaiterions<br>\nque les paci\u00adfistes fassent peut-\u00eatre un peu moins jouer&nbsp;la<br>\ncorde lyrique, quoique n\u00e9ces\u00adsaire, et s\u2019inspi\u00adrent&nbsp;mieux<br>\ndes exp\u00e9\u00adriences \u00e9tran\u00adg\u00e8res&nbsp;; car nous estimons<br>\nque diver\u00adses le\u00e7ons peuvent nous \u00eatre donn\u00e9es<br>\net seule l\u2019ignorance des faits nous limite. (Exp\u00e9\u00adriences<br>\nanglaises de ces der\u00adni\u00e8res ann\u00e9es, organisation<br>\ndes non-vio\u00adlents indiens devant l\u2019invasion chi\u00adnoise, r\u00e9sistance<br>\ndes Danois et des Nor\u00adv\u00e9\u00adgiens pen\u00addant la Seconde Guerre<br>\nmon\u00addiale, etc.) On peut en effet \u00eatre convain\u00adcu des avantages<br>\nmul\u00adtiples du d\u00e9sar\u00adme\u00adment, mais le sou\u00adci de sa s\u00e9curit\u00e9,<br>\nle simple r\u00e9flexe de conser\u00adva\u00adtion sont des r\u00e9actions<br>\nnor\u00admales du corps et du cerveau.<\/span><\/font><\/font><\/p>\n<p style=\"text-indent: 1.5cm; margin-bottom: 0cm;\" align=\"justify\"><font face=\"Garamond, serif\"><font style=\"font-size: 13pt;\" size=\"3\"><b><span lang=\"fr-FR\">Que<br>\nse pas\u00adse\u00adra-t-il en cas d\u2019invasion&nbsp;?<\/span><\/b><\/font><\/font><\/p>\n<p style=\"text-indent: 1.5cm; margin-bottom: 0cm;\" align=\"justify\"><font face=\"Garamond, serif\"><font style=\"font-size: 13pt;\" size=\"3\"><span lang=\"fr-FR\">\u00ab&nbsp;Les enva\u00adhis\u00adseurs p\u00e9n\u00e8trent dans ce pays non violent.<br>\nIls constatent avec stu\u00adp\u00e9\u00adfac\u00adtion qu\u2019ils ne se heurtent \u00e0<br>\naucune oppo\u00adsi\u00adtion. Tous les gens sont civils. Pas un mili\u00adtaire, pas<br>\nune arme&nbsp;!&nbsp;\u00bb \u00ab&nbsp;Toutes les condi\u00adtions sont alors r\u00e9unies<br>\npour une fra\u00adter\u00adni\u00adsa\u00adtion\u2026\u00bb Il n\u2019est pas vrai que le&nbsp;pays<br>\nsera non violent, et les paci\u00adfistes actuel\u00adle\u00adment ne font rien&nbsp;pour<br>\nl\u2019y pr\u00e9\u00adpa\u00adrer, car les paci\u00adfistes n\u2019ont pas&nbsp;opt\u00e9<br>\nclai\u00adre\u00adment pour les m\u00e9thodes non vio\u00adlentes&nbsp;; ils ne les ont&nbsp;ni<br>\nsuf\u00adfi\u00adsam\u00adment \u00e9tu\u00addi\u00e9es, encore moins pratiqu\u00e9es.<br>\nLeur vision de la non-vio\u00adlence a \u00e9t\u00e9 d\u00e9form\u00e9e<br>\npar toute une s\u00e9rie de blo\u00adcages&nbsp;; la majo\u00adri\u00adt\u00e9&nbsp;des<br>\npaci\u00adfistes a per\u00addu le go\u00fbt du risque, de l\u2019engagement<br>\nphy\u00adsique, du com\u00adbat non violent.<\/span><\/font><\/font><\/p>\n<p style=\"text-indent: 1.5cm; margin-bottom: 0cm;\" align=\"justify\"><font face=\"Garamond, serif\"><font style=\"font-size: 13pt;\" size=\"3\"><span lang=\"fr-FR\">En<br>\ncondam\u00adnant la guerre, ils rejettent d\u2019un m\u00eame mouvement<br>\nl\u2019esprit r\u00e9vo\u00adlu\u00adtion\u00adnaire&nbsp;: \u00ab&nbsp;La r\u00e9vo\u00adlu\u00adtion n\u2019est<br>\nplus payante&nbsp;\u00bb. Le pro\u00adbl\u00e8me de la lutte des classes est<br>\nesca\u00admo\u00adt\u00e9. Les paci\u00adfistes semblent s\u2019\u00eatre priv\u00e9s<br>\nde tous les moyens de com\u00adbat vio\u00adlents ou non vio\u00adlents et ils stagnent<br>\ndans un r\u00e9for\u00admisme semi-l\u00e9ga\u00adliste. Est-ce caricaturer<br>\nque de dire&nbsp;cela&nbsp;?<\/span><\/font><\/font><\/p>\n<p style=\"text-indent: 1.5cm; margin-bottom: 0cm;\" align=\"justify\"><font face=\"Garamond, serif\"><font style=\"font-size: 13pt;\" size=\"3\"><span lang=\"fr-FR\">Nous<br>\nesti\u00admons que la n\u00e9ces\u00adsi\u00adt\u00e9 d\u2019une \u00e9tude et d\u2019une<br>\npra\u00adtique de la lutte non vio\u00adlente s\u2019impose avec les paci\u00adfistes dans<br>\nle cadre d\u2019une d\u00e9fense col\u00adlec\u00adtive et avec tous les hommes<br>\nsou\u00adcieux d\u2019apporter une r\u00e9vo\u00adlu\u00adtion \u00e0 notre soci\u00e9t\u00e9.<\/span><\/font><\/font><\/p>\n<p style=\"text-indent: 1.5cm; margin-bottom: 0cm;\" align=\"justify\"><font face=\"Garamond, serif\"><font style=\"font-size: 13pt;\" size=\"3\"><span lang=\"fr-FR\">Si<br>\nnous en sommes \u00e0 sou\u00adli\u00adgner \u00e0 l\u2019envi ce que&nbsp;nous<br>\nconsi\u00add\u00e9\u00adrons comme les \u00ab&nbsp;nsuf\u00adfi\u00adsances du pacifisme&nbsp;\u00bb,<br>\nnous ne sommes pas pour autant satis\u00adfaits de la non-vio\u00adlence&nbsp;telle<br>\nqu\u2019elle se pr\u00e9\u00adsente actuel\u00adle\u00adment sur ses diff\u00e9rents<br>\nchamps d\u2019exp\u00e9rience, mais le paci\u00adfisme nous para\u00eet<br>\nfig\u00e9 quand la non-vio\u00adlence offre un filon incompl\u00e8tement<br>\nexploi\u00adt\u00e9. La non-vio\u00adlence n\u2019a pas \u00e9t\u00e9 pens\u00e9e<br>\net v\u00e9cue en dehors des tra\u00addi\u00adtions reli\u00adgieuses&nbsp;; la non-violence<br>\nn\u2019a pas encore fait \u00e9cla\u00adter son poten\u00adtiel libertaire.<\/span><\/font><\/font><\/p>\n<p style=\"text-indent: 1.5cm; margin-bottom: 0cm;\" align=\"justify\"><font face=\"Garamond, serif\"><font style=\"font-size: 13pt;\" size=\"3\"><span lang=\"fr-FR\">Ain\u00adsi<br>\nnous consta\u00adtons notre rup\u00adture avec la pra\u00adtique paci\u00adfiste actuelle<br>\nsur\u00adtout parce que nous situons la lutte contre la guerre dans&nbsp;une<br>\nlutte plus g\u00e9n\u00e9\u00adrale et parce que nous voulons<br>\nd\u00e9ve\u00adlop\u00adper les moyens d\u2019un com\u00adbat social. Mais nous croyons<br>\nqu\u2019il est pos\u00adsible de trou\u00adver une issue \u00e0 la paralysie<br>\npaci\u00adfiste dans ce point impor\u00adtant, non d\u00e9ve\u00adlop\u00adp\u00e9 qu\u2019est<br>\nla d\u00e9fense col\u00adlec\u00adtive non vio\u00adlente. Ce lieu de rencontre<br>\nserait sans aucun doute le ter\u00adrain favo\u00adrable pour un dialogue<br>\nfructueux.<\/span><\/font><\/font><\/p>\n<p style=\"text-indent: 1.5cm; margin-bottom: 0cm;\" align=\"justify\" lang=\"fr-FR\">\n<font face=\"Garamond, serif\"><font style=\"font-size: 13pt;\" size=\"3\">Andr\u00e9<br>\nBernard<\/font><\/font><\/p>\n","protected":false},"excerpt":{"rendered":"<p>[( Le Congr\u00e8s, qui avait lieu les 18 et 19 f\u00e9vrier 1961,&nbsp;a sus\u00adci\u00adt\u00e9, en divers milieux, des d\u00e9bats th\u00e9o\u00adriques int\u00e9\u00adres\u00adsants. Cer\u00adtains se sont deman\u00add\u00e9s si nous, paci\u00adfistes int\u00e9\u00adgraux, avions quelque rai\u00adson de nous dif\u00adf\u00e9\u00adren\u00adcier des non-vio\u00ad\u00adlents&nbsp;; s\u2019il n\u2019y aurait pas avan\u00adtage \u00e0 nous r\u00e9unir en une&nbsp;m\u00eame asso\u00adcia\u00adtion. Recon\u00adnais\u00adsons imm\u00e9\u00addia\u00adte\u00adment l\u2019\u00e9troit rap\u00adport de nos points de&nbsp;vue,&nbsp;[\u2026]<\/p>\n","protected":false},"author":1,"featured_media":0,"comment_status":"closed","ping_status":"closed","sticky":false,"template":"","format":"standard","meta":{"wp_typography_post_enhancements_disabled":false,"footnotes":""},"categories":[126],"tags":[],"ppma_author":[540],"class_list":["post-1107","post","type-post","status-publish","format-standard","hentry","category-anarchisme-et-non-violence-na14-juillet-1968"],"authors":[{"term_id":540,"user_id":1,"is_guest":0,"slug":"admin_3gikpwyf","display_name":"Vincent Dubuc","avatar_url":"https:\/\/secure.gravatar.com\/avatar\/d015720652c25fd2ced191ade86430094e1f288a17483713e3b34d26dea52507?s=96&d=mm&r=g","author_category":"","user_url":"https:\/\/la-presse-anarchiste.net","last_name":"Dubuc","first_name":"Vincent","job_title":"","description":""}],"_links":{"self":[{"href":"https:\/\/la-presse-anarchiste.net\/index.php\/wp-json\/wp\/v2\/posts\/1107","targetHints":{"allow":["GET"]}}],"collection":[{"href":"https:\/\/la-presse-anarchiste.net\/index.php\/wp-json\/wp\/v2\/posts"}],"about":[{"href":"https:\/\/la-presse-anarchiste.net\/index.php\/wp-json\/wp\/v2\/types\/post"}],"author":[{"embeddable":true,"href":"https:\/\/la-presse-anarchiste.net\/index.php\/wp-json\/wp\/v2\/users\/1"}],"replies":[{"embeddable":true,"href":"https:\/\/la-presse-anarchiste.net\/index.php\/wp-json\/wp\/v2\/comments?post=1107"}],"version-history":[{"count":0,"href":"https:\/\/la-presse-anarchiste.net\/index.php\/wp-json\/wp\/v2\/posts\/1107\/revisions"}],"wp:attachment":[{"href":"https:\/\/la-presse-anarchiste.net\/index.php\/wp-json\/wp\/v2\/media?parent=1107"}],"wp:term":[{"taxonomy":"category","embeddable":true,"href":"https:\/\/la-presse-anarchiste.net\/index.php\/wp-json\/wp\/v2\/categories?post=1107"},{"taxonomy":"post_tag","embeddable":true,"href":"https:\/\/la-presse-anarchiste.net\/index.php\/wp-json\/wp\/v2\/tags?post=1107"},{"taxonomy":"author","embeddable":true,"href":"https:\/\/la-presse-anarchiste.net\/index.php\/wp-json\/wp\/v2\/ppma_author?post=1107"}],"curies":[{"name":"wp","href":"https:\/\/api.w.org\/{rel}","templated":true}]}}