{"id":1111,"date":"2007-12-09T05:05:35","date_gmt":"2007-12-09T05:05:35","guid":{"rendered":"https:\/\/la-presse-anarchiste.net\/index.php\/2007\/12\/09\/etre-et-faire\/"},"modified":"2007-12-09T05:05:35","modified_gmt":"2007-12-09T05:05:35","slug":"etre-et-faire","status":"publish","type":"post","link":"https:\/\/la-presse-anarchiste.net\/index.php\/2007\/12\/09\/etre-et-faire\/","title":{"rendered":"\u00catre et&nbsp;faire"},"content":{"rendered":"<div class=\"pdfprnt-buttons pdfprnt-buttons-post pdfprnt-top-right\"><a href=\"https:\/\/la-presse-anarchiste.net\/index.php\/wp-json\/wp\/v2\/posts\/1111?print=pdf\" class=\"pdfprnt-button pdfprnt-button-pdf\" target=\"_blank\"><img decoding=\"async\" src=\"https:\/\/la-presse-anarchiste.net\/wp-content\/plugins\/pdf-print\/images\/pdf.png\" alt=\"image_pdf\" title=\"Afficher le PDF\"><\/a><a href=\"https:\/\/la-presse-anarchiste.net\/index.php\/wp-json\/wp\/v2\/posts\/1111?print=print\" class=\"pdfprnt-button pdfprnt-button-print\" target=\"_blank\"><img decoding=\"async\" src=\"https:\/\/la-presse-anarchiste.net\/wp-content\/plugins\/pdf-print\/images\/print.png\" alt=\"image_print\" title=\"Contenu imprim\u00e9\"><\/a><\/div><p style=\"margin-right: 0.51cm; text-indent: 1cm; margin-bottom: 0cm;\" align=\"justify\">\n<font face=\"Garamond\"><font style=\"font-size: 13pt;\" size=\"3\"><span lang=\"fr-FR\">Plon\u00adg\u00e9s<br>\ndans une soci\u00e9\u00adt\u00e9 o\u00f9 la vio\u00adlence bru\u00adtale&nbsp;ou<br>\nsour\u00adnoise est quo\u00adti\u00addienne, o\u00f9 la guerre est sans&nbsp;cesse<br>\npr\u00e9\u00adpa\u00adr\u00e9e ou men\u00e9e, il n\u2019est pos\u00adsible ni d\u2019<b>\u00eatre<\/b><br>\nnon violent ni d\u2019\u00eatre paci\u00adfiste. \u00c0 moins de rompre<br>\nd\u00e9fi\u00adni\u00adti\u00adve\u00adment avec le monde et de vivre en ermite (atti\u00adtude<br>\nque je ne me per\u00admets pas de juger, mais qui, je pense, est&nbsp;sans<br>\ngrande influence), il faut bien accep\u00adter une foule de <b>com\u00adpro\u00admis.<\/b><br>\nVivre \u00e0 chaque ins\u00adtant selon tous ses prin\u00adcipes se r\u00e9v\u00e9lant<br>\nimpos\u00adsible, nous pou\u00advons adop\u00adter une atti\u00adtude plus r\u00e9aliste<br>\nfon\u00add\u00e9e sur des actions qui les expriment et les r\u00e9alisent<br>\npar\u00adtiel\u00adle\u00adment. R\u00e9vo\u00adlu\u00adtion\u00adnaires, nous ne pou\u00advons t\u00e9moigner<br>\nque d\u2019un futur, et nos actes n\u2019ont pour but que de d\u00e9montrer<br>\nque ce futur est <b>pos\u00adsible\u2026<\/b><\/span><\/font><\/font><\/p>\n<p style=\"margin-right: 0.51cm; text-indent: 1cm; margin-bottom: 0cm;\" align=\"justify\">\n<font face=\"Garamond\"><font style=\"font-size: 13pt;\" size=\"3\"><b><span lang=\"fr-FR\">Faire<br>\nl\u2019avenir<\/span><\/b><\/font><\/font><\/p>\n<p style=\"margin-right: 0.51cm; text-indent: 1cm; margin-bottom: 0cm;\" align=\"justify\">\n<font face=\"Garamond\"><font style=\"font-size: 13pt;\" size=\"3\"><span lang=\"fr-FR\">Sur<br>\nl\u2019utopie, nous sommes tous d\u2019accord&nbsp;: on ne se bat\u00adtra plus,&nbsp;on<br>\ns\u2019aimera, on fera l\u2019amour, pas la guerre\u2026 Dans la&nbsp;cit\u00e9<br>\nid\u00e9ale, nous serons libres, \u00e9gaux et fra\u00adter\u00adnels,&nbsp;comme<br>\nc\u2019est \u00e9crit sur les pi\u00e8ces de cent sous. Mais il n\u2019y<br>\naura plus de pi\u00e8ces de cent sous&nbsp;: seule\u00adment l\u2019abondance\u2026<br>\nArr\u00ea\u00adtons le mas\u00adsacre, je ne suis pas po\u00e8te. Pas savant<br>\nnon plus. Et mon pro\u00adpos devrait s\u2019arr\u00eater l\u00e0,&nbsp;car<br>\nseuls po\u00e8tes et savants voient l\u2019avenir\u2026 Est-ce bien s\u00fbr&nbsp;? Avec une intui\u00adtion vul\u00adgaire et une logique de cer\u00adti\u00adfi\u00adcat d\u2019\u00e9tudes,<br>\nje dis\u00adcerne que mes \u00ab&nbsp;valeurs&nbsp;\u00bb, mes \u00ab&nbsp;principes&nbsp;\u00bb<br>\nse r\u00e9f\u00e8rent, non, au pas\u00ads\u00e9 mais au monde <b>qui<br>\nn\u2019existe pas encore.<\/b> Pire&nbsp;! Les mots pour le d\u00e9crire<br>\nn\u2019ont encore aucun sens. \u00ab&nbsp;Paix&nbsp;\u00bb, qui d\u00e9finira<br>\nla paix&nbsp;? On ne peut le faire que n\u00e9ga\u00adti\u00adve\u00adment, rela\u00adti\u00adve\u00adment&nbsp;\u00e0<br>\nla guerre&nbsp;! Puisque les mots manquent, res\u00adtent les moyens<br>\nd\u2019expression plus directs&nbsp;: les actes. Nous voi\u00adci rame\u00adn\u00e9s&nbsp;\u00e0<br>\nl\u2019action, donc \u00e0 des pro\u00adbl\u00e8mes actuels (le<br>\nrap\u00adpro\u00adche\u00adment \u00e9ty\u00admo\u00adlo\u00adgique n\u2019est pas for\u00adtuit!), ce qui&nbsp;nous<br>\nconduit \u00e0 des dif\u00adf\u00e9\u00adrences stra\u00adt\u00e9\u00adgiques et<br>\ntac\u00adtiques. C\u2019est l\u00e0 que divergent non-vio\u00adlents&nbsp;et<br>\npaci\u00adfistes, bien plus que sur le \u00ab&nbsp;fond&nbsp;\u00bb.<\/span><\/font><\/font><\/p>\n<p style=\"margin-right: 0.51cm; text-indent: 1cm; margin-bottom: 0cm;\" align=\"justify\" lang=\"fr-FR\">\n<font face=\"Garamond\"><font style=\"font-size: 13pt;\" size=\"3\"><b>Le<br>\npoint de vue strat\u00e9gique<\/b><\/font><\/font><\/p>\n<p style=\"margin-right: 0.51cm; text-indent: 1cm; margin-bottom: 0cm;\" align=\"justify\">\n<font face=\"Garamond\"><font style=\"font-size: 13pt;\" size=\"3\"><span lang=\"fr-FR\">Pour<br>\ndes rai\u00adsons bio\u00adlo\u00adgiques ou autres, nous sommes vio\u00adlents. Pour&nbsp;des<br>\nrai\u00adsons \u00e9co\u00adno\u00admiques ou autres, nous entrons en conflit. Pour<br>\ndes rai\u00adsons his\u00adto\u00adriques ou autres, nous avons inven\u00adt\u00e9&nbsp;les<br>\narm\u00e9es. Cela nous am\u00e8ne, quand \u00e9clate un conflit<br>\ntrop violent, \u00e0 le \u00ab&nbsp;r\u00e9soudre&nbsp;\u00bb par&nbsp;la<br>\nguerre. Mais la guerre engendre de nou\u00advelles causes de conflit, de<br>\nnou\u00adveaux mobiles de vio\u00adlence, des rai\u00adsons de ren\u00adfor\u00adcer les arm\u00e9es.<br>\nLe sys\u00adt\u00e8me est \u00ab&nbsp;bou\u00adcl\u00e9&nbsp;\u00bb, auto-entretenu,<br>\net la cyber\u00adn\u00e9\u00adtique la plus \u00e9l\u00e9\u00admen\u00adtaire&nbsp;nous<br>\nindique qu\u2019il dure\u00adra aus\u00adsi long\u00adtemps qu\u2019on ne rom\u00adpra pas&nbsp;le<br>\ncercle infer\u00adnal. Quelle stra\u00adt\u00e9\u00adgie suivre&nbsp;? R\u00e9glons<br>\nrapi\u00adde\u00adment le sort des paci\u00adfistes \u00ab&nbsp;uto\u00adpiques&nbsp;\u00bb&nbsp;ou<br>\n\u00ab&nbsp;huma\u00adnistes&nbsp;\u00bb qui pr\u00e9\u00adtendent sup\u00adpri\u00admer&nbsp;les<br>\nconflits. Non seule\u00adment les conflits sont in\u00e9vi\u00adtables, mais<br>\nils sont <b>n\u00e9ces\u00adsaires.<\/b> Non point parce que,&nbsp;selon<br>\nl\u2019adage, \u00ab&nbsp;de la dis\u00adcus\u00adsion jaillit la lumi\u00e8re&nbsp;\u00bb,<br>\nmais parce que, soyons moins abso\u00adlus, de la dis\u00adcus\u00adsion na\u00eet&nbsp;le<br>\n<b>d\u00e9sir<\/b> de mar\u00adcher ensemble. \u00c9tant enten\u00addu qu\u2019on<br>\nne peut rompre le cercle en sup\u00adpri\u00admant les conflits, faut-il agir&nbsp;sur<br>\nla vio\u00adlence ou sur les arm\u00e9es&nbsp;? Puisque cercle il y a,&nbsp;cette<br>\nques\u00adtion semble inutile&nbsp;: il faut choi\u00adsir un point d\u2019action quelque<br>\npart sur le cir\u00adcuit, et le seul cri\u00adt\u00e8re reste l\u2019efficacit\u00e9,<br>\nce qui nous ram\u00e8ne \u00e0 la tactique.<\/span><\/font><\/font><\/p>\n<p style=\"margin-right: 0.51cm; text-indent: 1cm; margin-bottom: 0cm;\" align=\"justify\" lang=\"fr-FR\">\n<font face=\"Garamond\"><font style=\"font-size: 13pt;\" size=\"3\"><b>Le<br>\npoint de vue tactique<\/b><\/font><\/font><\/p>\n<p style=\"margin-right: 0.51cm; text-indent: 1cm; margin-bottom: 0cm;\" align=\"justify\">\n<font face=\"Garamond\"><font style=\"font-size: 13pt;\" size=\"3\"><span lang=\"fr-FR\">Paci\u00adfistes<br>\nou non-vio\u00adlents, nous sommes <b>mino\u00adri\u00adtaires.<\/b> II nous&nbsp;faut<br>\nadop\u00adter des tac\u00adtiques cor\u00adres\u00adpon\u00addant \u00e0 cet \u00e9tat de&nbsp;fait.<br>\nPour notre modeste part, nous, groupe \u00ab&nbsp;Anar\u00adchisme et<br>\nnon-vio\u00adlence&nbsp;\u00bb, comp\u00adtons sur le rayon\u00adne\u00adment d\u2019une minorit\u00e9<br>\nagis\u00adsante. Nous recher\u00adche\u00adrons plu\u00adt\u00f4t l\u2019<b>enga\u00adge\u00adment. <\/b>Il<br>\nest clair que des mou\u00adve\u00adments plus tra\u00addi\u00adtion\u00adnels recher\u00adche\u00adront&nbsp;les<br>\n<b>adh\u00e9\u00adsions.<\/b> Qui dit enga\u00adge\u00adment dit ill\u00e9galisme.<br>\nPas sys\u00adt\u00e9\u00adma\u00adti\u00adque\u00adment, certes, mais si l\u2019on s\u2019engage on<br>\ndoit envi\u00adsa\u00adger d\u2019\u00eatre ame\u00adn\u00e9 <b>d\u2019une fa\u00e7on<br>\ncer\u00adtaine<\/b> \u00e0 des actes ill\u00e9\u00adgaux&nbsp;: et au-del\u00e0<br>\nde l\u2019engagement indi\u00advi\u00adduel appa\u00adra\u00eet un enga\u00adge\u00adment de groupe.<br>\nNous ne pou\u00advons deman\u00adder aux orga\u00adni\u00adsa\u00adtions paci\u00adfistes de nous imiter&nbsp;:<br>\nnous ne pr\u00e9\u00adten\u00addons pas d\u00e9te\u00adnir la V\u00e9rit\u00e9,<br>\nmais nous pou\u00advons peut-\u00eatre leur sug\u00adg\u00e9\u00adrer un \u00ab&nbsp;mod\u00e8le&nbsp;\u00bb pour les plus dyna\u00admiques de leur membres&nbsp;:<br>\n<b>l\u2019organisation de combat.<\/b><\/span><\/font><\/font><\/p>\n<p style=\"margin-right: 0.51cm; text-indent: 1cm; margin-bottom: 0cm;\" align=\"justify\" lang=\"fr-FR\">\n<font face=\"Garamond\"><font style=\"font-size: 13pt;\" size=\"3\"><b>Orga\u00adni\u00adsa\u00adtion<br>\nde combat<\/b><\/font><\/font><\/p>\n<p style=\"margin-right: 0.51cm; text-indent: 1cm; margin-bottom: 0cm;\" align=\"justify\">\n<font face=\"Garamond\"><font style=\"font-size: 13pt;\" size=\"3\"><span lang=\"fr-FR\">Sous-titre<br>\nagres\u00adsif&nbsp;! Violent&nbsp;? Mais non, il nous reste le choix des armes. Nous<br>\navons, \u00e0 tra\u00advers les num\u00e9\u00adros de cette revue, d\u00e9crit<br>\nmaintes \u00ab&nbsp;armes non vio\u00adlente&nbsp;\u00bb. Elles consti\u00adtuent presque<br>\ntou\u00adjours une plate-forme d\u2019action o\u00f9 peuvent se retrouver<br>\npaci\u00adfistes et non-vio\u00adlents \u00e0 une condi\u00adtion&nbsp;: reconna\u00eetre<br>\nla r\u00e9a\u00adli\u00adt\u00e9 de luttes actuelles qu\u2019il est&nbsp;banal<br>\nd\u2019\u00e9num\u00e9rer\u2026 lutte de classes, lutte contre la&nbsp;faim,<br>\nlutte anti\u00adra\u00adciste, etc. Nous ne pou\u00advons, sans nous renier, \u00eatre<br>\nabsents de ces luttes, qui sont celles de la majo\u00adri\u00adt\u00e9&nbsp;des<br>\nhommes. Nous ne pou\u00advons, non plus, nous d\u00e9tour\u00adner du sou\u00adci&nbsp;des<br>\nhommes de se <b>d\u00e9fendre<\/b> contre l\u2019arbitraire. Alors<br>\norga\u00adni\u00adsons-nous pour <b>com\u00adbattre sans meurtre et collectivement.<br>\n<\/b>Fai\u00adsons \u0153uvre d\u2019imagination. <b>Cr\u00e9er&nbsp;: Voil\u00e0<br>\nl\u2019homme.<\/b><\/span><\/font><\/font><\/p>\n<p style=\"margin-right: 0.51cm; text-indent: 1cm; margin-bottom: 0cm;\" align=\"justify\" lang=\"fr-FR\">\n<font face=\"Garamond\"><font style=\"font-size: 13pt;\" size=\"3\">Jean-Pierre<br>\nMachy<\/font><\/font><\/p>\n","protected":false},"excerpt":{"rendered":"<p>Plon\u00adg\u00e9s dans une soci\u00e9\u00adt\u00e9 o\u00f9 la vio\u00adlence bru\u00adtale&nbsp;ou sour\u00adnoise est quo\u00adti\u00addienne, o\u00f9 la guerre est sans&nbsp;cesse pr\u00e9\u00adpa\u00adr\u00e9e ou men\u00e9e, il n\u2019est pos\u00adsible ni d\u2019\u00eatre non violent ni d\u2019\u00eatre paci\u00adfiste. \u00c0 moins de rompre d\u00e9fi\u00adni\u00adti\u00adve\u00adment avec le monde et de vivre en ermite (atti\u00adtude que je ne me per\u00admets pas de juger, mais qui, je&nbsp;pense,&nbsp;[\u2026]<\/p>\n","protected":false},"author":1,"featured_media":0,"comment_status":"closed","ping_status":"closed","sticky":false,"template":"","format":"standard","meta":{"wp_typography_post_enhancements_disabled":false,"footnotes":""},"categories":[126],"tags":[],"ppma_author":[540],"class_list":["post-1111","post","type-post","status-publish","format-standard","hentry","category-anarchisme-et-non-violence-na14-juillet-1968"],"authors":[{"term_id":540,"user_id":1,"is_guest":0,"slug":"admin_3gikpwyf","display_name":"Vincent Dubuc","avatar_url":"https:\/\/secure.gravatar.com\/avatar\/d015720652c25fd2ced191ade86430094e1f288a17483713e3b34d26dea52507?s=96&d=mm&r=g","author_category":"","user_url":"https:\/\/la-presse-anarchiste.net","last_name":"Dubuc","first_name":"Vincent","job_title":"","description":""}],"_links":{"self":[{"href":"https:\/\/la-presse-anarchiste.net\/index.php\/wp-json\/wp\/v2\/posts\/1111","targetHints":{"allow":["GET"]}}],"collection":[{"href":"https:\/\/la-presse-anarchiste.net\/index.php\/wp-json\/wp\/v2\/posts"}],"about":[{"href":"https:\/\/la-presse-anarchiste.net\/index.php\/wp-json\/wp\/v2\/types\/post"}],"author":[{"embeddable":true,"href":"https:\/\/la-presse-anarchiste.net\/index.php\/wp-json\/wp\/v2\/users\/1"}],"replies":[{"embeddable":true,"href":"https:\/\/la-presse-anarchiste.net\/index.php\/wp-json\/wp\/v2\/comments?post=1111"}],"version-history":[{"count":0,"href":"https:\/\/la-presse-anarchiste.net\/index.php\/wp-json\/wp\/v2\/posts\/1111\/revisions"}],"wp:attachment":[{"href":"https:\/\/la-presse-anarchiste.net\/index.php\/wp-json\/wp\/v2\/media?parent=1111"}],"wp:term":[{"taxonomy":"category","embeddable":true,"href":"https:\/\/la-presse-anarchiste.net\/index.php\/wp-json\/wp\/v2\/categories?post=1111"},{"taxonomy":"post_tag","embeddable":true,"href":"https:\/\/la-presse-anarchiste.net\/index.php\/wp-json\/wp\/v2\/tags?post=1111"},{"taxonomy":"author","embeddable":true,"href":"https:\/\/la-presse-anarchiste.net\/index.php\/wp-json\/wp\/v2\/ppma_author?post=1111"}],"curies":[{"name":"wp","href":"https:\/\/api.w.org\/{rel}","templated":true}]}}