{"id":1112,"date":"2007-12-14T09:22:03","date_gmt":"2007-12-14T09:22:03","guid":{"rendered":"https:\/\/la-presse-anarchiste.net\/index.php\/2007\/12\/14\/a-travers-les-revues-4\/"},"modified":"2007-12-14T09:22:03","modified_gmt":"2007-12-14T09:22:03","slug":"a-travers-les-revues-4","status":"publish","type":"post","link":"https:\/\/la-presse-anarchiste.net\/index.php\/2007\/12\/14\/a-travers-les-revues-4\/","title":{"rendered":"\u00c0 travers les revues"},"content":{"rendered":"<div class=\"pdfprnt-buttons pdfprnt-buttons-post pdfprnt-top-right\"><a href=\"https:\/\/la-presse-anarchiste.net\/index.php\/wp-json\/wp\/v2\/posts\/1112?print=pdf\" class=\"pdfprnt-button pdfprnt-button-pdf\" target=\"_blank\"><img decoding=\"async\" src=\"https:\/\/la-presse-anarchiste.net\/wp-content\/plugins\/pdf-print\/images\/pdf.png\" alt=\"image_pdf\" title=\"Afficher le PDF\"><\/a><a href=\"https:\/\/la-presse-anarchiste.net\/index.php\/wp-json\/wp\/v2\/posts\/1112?print=print\" class=\"pdfprnt-button pdfprnt-button-print\" target=\"_blank\"><img decoding=\"async\" src=\"https:\/\/la-presse-anarchiste.net\/wp-content\/plugins\/pdf-print\/images\/print.png\" alt=\"image_print\" title=\"Contenu imprim\u00e9\"><\/a><\/div><p style=\"margin-bottom: 0cm;\" align=\"justify\">\tQuelques mots d\u2019abord,<br>\nsur les deux articles qui encadrent, dans la <i>Grande Revue<\/i> du<br>\n10 nov., l\u2019\u00e9\u00adtude de M.&nbsp;Fer\u00addi\u00adnand Buis\u00adson&nbsp;: les lecteurs<br>\nqui ont le temps de se plaire aux jeux d\u2019i\u00add\u00e9es go\u00fbteront<br>\nfort le tr\u00e8s sug\u00adges\u00adtif \u00ab&nbsp;<i>Manuel de poche&nbsp;du<br>\npar\u00adfait r\u00e9vo\u00adlu\u00adtion\u00adnaire<\/i>&nbsp;\u00bb que nous pro\u00adpose&nbsp;le<br>\nFabien Ber\u00adnard Schaw, un Ibsen gogue\u00adnard&nbsp;; les lec\u00adteurs qui&nbsp;ont<br>\nde l\u2019argent ou de l\u2019in\u00adfluence sur les capi\u00adta\u00adlistes juge\u00adront mieux&nbsp;que<br>\nnous les r\u00e9sul\u00adtats que Lysis croit avoir acquis par&nbsp;sa<br>\ncou\u00adra\u00adgeuse cam\u00adpagne contre les grandes banques fran\u00e7aises&nbsp;:<br>\nsi des finan\u00adciers com\u00admencent \u00e0 cri\u00adti\u00adquer l\u2019im\u00adpu\u00addence du Cr\u00e9dit<br>\nLyon\u00adnais, de la Soci\u00e9\u00adt\u00e9 G\u00e9n\u00e9\u00adrale,&nbsp;etc.,<br>\nqui, pour tou\u00adcher de fan\u00adtas\u00adtiques com\u00admis\u00adsions, vident les bas&nbsp;de<br>\nlaine de nos com\u00adpa\u00adtriotes dans les gu\u00ea\u00adpiers argen\u00adtins, bulgares<br>\nou serbes et dans les char\u00adniers du tsar, au lieu d\u2019encourager<br>\nl\u2019in\u00addus\u00adtrie fran\u00ad\u00e7aise&nbsp;; si les pro\u00adtes\u00adta\u00adtions des patrons<br>\nm\u00e9tal\u00adlur\u00adgistes et de M.&nbsp;Jau\u00adr\u00e8s ont pu emp\u00ea\u00adcher&nbsp;un<br>\nministre d\u2019in\u00adtro\u00adduire \u00e0 Paris les valeurs les plus al\u00e9atoires<br>\ndu trust am\u00e9\u00adri\u00adcain de l\u2019a\u00adcier&nbsp;; si les banques<br>\npro\u00advin\u00adciales affirment leur inten\u00adtion de \u00ab&nbsp;f\u00e9conder<br>\nl\u2019in\u00addus\u00adtrie natio\u00adnale&nbsp;\u00bb (d\u2019ailleurs les grosses<br>\ncom\u00admis\u00adsions pour les valeurs \u00e9tran\u00adg\u00e8res sont r\u00e9serv\u00e9es<br>\n\u00e0 de plus impor\u00adtants per\u00adson\u00adnages); tant&nbsp;mieux&nbsp;:<br>\nr\u00e9jouis\u00adsons-nous, les ouvriers conqui\u00e8rent plus<br>\nfaci\u00adle\u00adment le bien-\u00eatre dans une indus\u00adtrie pros\u00adp\u00e8re&nbsp;que<br>\ndans un pays en d\u00e9ca\u00addence&nbsp;; mais en v\u00e9rit\u00e9,<br>\nsi les esp\u00e9\u00adrances de Lysis sont des illu\u00adsions, si d\u2019anciens<br>\nministres des finances, comme Rou\u00advier, conti\u00adnuent&nbsp;\u00e0<br>\n\u00ab&nbsp;admi\u00adnis\u00adtrer&nbsp;\u00bb pour 300.000 francs par an&nbsp;le<br>\nCr\u00e9\u00addit Fon\u00adcier argen\u00adtin et le Cr\u00e9dit<br>\nFon\u00adcier \u00e9gyp\u00adtien, tant pis\u200a\u2014\u200ace n\u2019est, pour nous, qu\u2019une<br>\namu\u00adsante com\u00e9die.<\/p>\n<p style=\"margin-bottom: 0cm;\" align=\"justify\">\tL\u2019ar\u00adticle de M.&nbsp;F.<br>\nBuis\u00adson nous int\u00e9\u00adresse plus direc\u00adte\u00adment&nbsp;: les<br>\nins\u00adti\u00adtu\u00adteurs pour\u00adront en tirer pro\u00adfit. M.&nbsp;Buis\u00adson, honn\u00eate<br>\nhomme, et fort sim\u00adple\u00adment opti\u00admiste, peint les choses telles qu\u2019il<br>\nvou\u00addrait qu\u2019elles soient en croyant les peindre telles qu\u2019elles sont.<br>\nSon article est un aver\u00adtis\u00adse\u00adment bon\u00adhomme, tr\u00e8s<br>\ncarac\u00adt\u00e9\u00adris\u00adtique de l\u2019\u00e9\u00adtat d\u2019es\u00adprit de la majorit\u00e9<br>\nradi\u00adcale&nbsp;: il contient pour le pas\u00ads\u00e9, des \u00e9loges&nbsp;;<br>\npour le pr\u00e9\u00adsent la recon\u00adnais\u00adsance de la force&nbsp;des<br>\nins\u00adti\u00adtu\u00adteurs&nbsp;; pour l\u2019a\u00adve\u00adnir des esp\u00e9\u00adrances bien<br>\ntimides\u2026 Il n\u2019y a pas de menaces. Le cas \u00e9ch\u00e9ant, les<br>\namis de M.&nbsp;Buis\u00adson se char\u00adge\u00adraient de com\u00adpl\u00e9\u00adter son article<br>\nsur ce&nbsp;point.<\/p>\n<p style=\"margin-bottom: 0cm;\" align=\"justify\">\tM.&nbsp;Buis\u00adson \u00e9num\u00e8re,<br>\napr\u00e8s tant d\u2019autres, les ser\u00advices ren\u00addus \u00e0&nbsp;la<br>\nR\u00e9pu\u00adblique par les ins\u00adti\u00adtu\u00adteurs&nbsp;: pour\u00adtant son article<br>\nest plus pr\u00e9\u00adcis qu\u2019un dis\u00adcours de ministre \u00e0 un Congr\u00e8s<br>\nd\u2019a\u00admi\u00adcales. En 1848, ce sont les ins\u00adti\u00adtu\u00adteurs qui ont r\u00e9pandu<br>\net sou\u00adte\u00adnu en pro\u00advince une opi\u00adnion publique favo\u00adrable \u00e0&nbsp;la<br>\nr\u00e9vo\u00adlu\u00adtion&nbsp;; depuis Jules Fer\u00adry jus\u00adqu\u2019\u00e0 Briand, ce<br>\nsont les ins\u00adti\u00adtu\u00adteurs qui ont pr\u00e9\u00adpa\u00adr\u00e9 la France \u00e0<br>\nla s\u00e9pa\u00adra\u00adtion d\u2019a\u00advec l\u2019<font face=\"Times New Roman, serif\">\u00c9<\/font>glise<br>\ncatho\u00adlique. Fer\u00adry a agi tr\u00e8s pru\u00addem\u00adment&nbsp;: \u00ab&nbsp;Enseignez,<br>\ndisait-il la morale du bon sens, la morale de tout le&nbsp;monde&nbsp;\u00bb<br>\net cette concur\u00adrence b\u00e9nigne a suf\u00adfi pour enle\u00adver presque<br>\ntoute sa clien\u00adt\u00e8le au cler\u00adg\u00e9&nbsp;: car le clerg\u00e9<br>\noffre sa mar\u00adchan\u00addise comme la seule bonne, et il suf\u00adfit d\u2019en offrir<br>\nune autre, ana\u00adlogue, pour faire voir qu\u2019il a men\u00adti\u200a\u2014\u200a&nbsp;et cau\u00adser&nbsp;sa<br>\nruine. Natu\u00adrel\u00adle\u00adment, M.&nbsp;Buis\u00adson ne voit pas com\u00adbien la morale<br>\n\u00ab&nbsp;la\u00efque&nbsp;\u00bb fut long\u00adtemps proche de&nbsp;la<br>\nmorale \u00ab&nbsp;reli\u00adgieuse&nbsp;\u00bb\u200a\u2014\u200ail n\u2019a pas lu,&nbsp;sans<br>\ndoute, l\u2019\u00e9\u00addi\u00adfiante bro\u00adchure des <font face=\"Times New Roman, serif\">\u00c9<\/font>tudiants<br>\nsocia\u00adlistes r\u00e9vo\u00adlu\u00adtion\u00adnaires&nbsp;: \u00ab&nbsp;<i>Com\u00adment<br>\nl\u2019<font face=\"Times New Roman, serif\">\u00c9<\/font>tat enseigne la<br>\nmorale<\/i>.&nbsp;\u00bb Il avoue, pour\u00adtant, que les ins\u00adti\u00adtu\u00adteurs&nbsp;ont<br>\n\u00e9t\u00e9 consi\u00add\u00e9\u00adr\u00e9s jus\u00adqu\u2019i\u00adci comme&nbsp;les<br>\nd\u00e9fen\u00adseurs des lois, les enne\u00admis a prio\u00adri de la r\u00e9volte.<\/p>\n<p style=\"margin-bottom: 0cm;\" align=\"justify\">\tPuis il explique tr\u00e8s<br>\n\u00e9l\u00e9\u00adgam\u00adment, les causes de leur \u00e9volution&nbsp;:<br>\ncauses th\u00e9o\u00adriques&nbsp;: on leur deman\u00addait d\u2019en\u00adsei\u00adgner&nbsp;que<br>\n\u00ab&nbsp;tous les hommes naissent et demeurent libres et&nbsp;\u00e9gaux<br>\nen droits&nbsp;\u00bb et ils ont fini par d\u00e9si\u00adrer voir&nbsp;cette<br>\nfor\u00admule non plus impri\u00adm\u00e9e \u00ab&nbsp;dans l\u2019ad\u00admi\u00adrable&nbsp;petit<br>\nlivre&nbsp;\u00bb de M.&nbsp;L.&nbsp;Bour\u00adgeois sur la Soli\u00adda\u00adri\u00adt\u00e9,&nbsp;mais<br>\nr\u00e9a\u00adli\u00ads\u00e9e dans la vie&nbsp;; causes pratiques&nbsp;:<br>\nl\u2019ins\u00adti\u00adtu\u00adteur, agent \u00e9lec\u00adto\u00adral influent et na\u00eff,&nbsp;s\u2019est<br>\nlas\u00ads\u00e9 de voir tou\u00adjours son d\u00e9pu\u00adt\u00e9 oublier les<br>\npro\u00admesses qu\u2019il avait faites comme can\u00addi\u00addat&nbsp;; il a&nbsp;\u00e9t\u00e9<br>\nde plus en plus \u00e0 gauche. Jus\u00adqu\u2019o\u00f9 ira-t-il&nbsp;?&nbsp;M.<br>\nBuis\u00adson essaie de pr\u00e9\u00advoir l\u2019a\u00adve\u00adnir d\u2019a\u00adpr\u00e8s le pr\u00e9sent.<\/p>\n<p style=\"margin-bottom: 0cm;\" align=\"justify\">\tAujourd\u2019\u00adhui&nbsp;les<br>\nins\u00adti\u00adtu\u00adteurs ont per\u00addu un peu de leur popu\u00adla\u00adri\u00adt\u00e9&nbsp;\u00e0<br>\ncause des cam\u00adpagnes anti\u00adpa\u00adtrio\u00adtiques et syn\u00addi\u00adca\u00adlistes. M.&nbsp;Buisson<br>\npense que les ins\u00adti\u00adtu\u00adteurs r\u00e9vo\u00adlu\u00adtion\u00adnaires sont&nbsp;tr\u00e8s<br>\npeu nom\u00adbreux&nbsp;: et la preuve c\u2019est que les Congr\u00e8s<br>\nd\u2019ins\u00adti\u00adtu\u00adteurs ne se sont pas \u00e9mus des attaques des<br>\nr\u00e9ac\u00adtion\u00adnaires&nbsp;; ils n\u2019ont pas pris la peine de nier&nbsp;leur<br>\npaci\u00adfisme, d\u2019af\u00adfir\u00admer leur z\u00e8le en for\u00admant une ligue&nbsp;des<br>\nins\u00adti\u00adtu\u00adteurs patriotes ou m\u00eame en envoyant un hommage<br>\nd\u2019ad\u00admi\u00adra\u00adtion et de sym\u00adpa\u00adthie pour nos sol\u00addats au Maroc, \u00ab&nbsp;non<br>\nque ces sen\u00adti\u00adments leur fussent \u00e9tran\u00adgers, dit M.&nbsp;Buisson,<br>\nmais parce qu\u2019ils ne vou\u00adlaient pas en faire montre par&nbsp;ordre&nbsp;\u00bb.<br>\nDe m\u00eame ils ont r\u00e9pon\u00addu \u00e0 la cam\u00adpagne bru\u00adtale&nbsp;et<br>\nmal\u00adadroite du gou\u00adver\u00adne\u00adment contre les syn\u00addi\u00adcats de fonc\u00adtion\u00adnaires en<br>\nmar\u00adquant, \u00e0 Nan\u00adcy, l\u2019u\u00adnion des Ami\u00adcales et des Syndicats<br>\nd\u2019ins\u00adti\u00adtu\u00adteurs, et en don\u00adnant leur opi\u00adnion com\u00admune sur le \u00ab&nbsp;Statut<br>\ndes fonctionnaires&nbsp;\u00bb.<\/p>\n<p style=\"margin-bottom: 0cm;\" align=\"justify\">\tEt M.&nbsp;Buis\u00adson d\u2019esp\u00e9rer<br>\nque cette force puis\u00adsante et sage pr\u00e9\u00adpa\u00adre\u00adra une transformation<br>\n\u00e9co\u00adno\u00admique aus\u00adsi pai\u00adsible et aus\u00adsi rapide que&nbsp;la<br>\ntrans\u00adfor\u00adma\u00adtion morale qu\u2019on lui doit d\u00e9j\u00e0. Les&nbsp;gens<br>\ns\u00e9rieux par\u00addon\u00adne\u00adront ais\u00e9\u00adment un peu d\u2019id\u00e9alisme<br>\naux ins\u00adti\u00adtu\u00adteurs&nbsp;; \u00ab&nbsp;les familles les excuseront<br>\ntou\u00adjours de pen\u00adser plus aux loin\u00adtains, que les parents ne voient pas,<br>\nmais que les enfants atteindront.&nbsp;\u00bb<\/p>\n<p style=\"margin-bottom: 0cm;\" align=\"justify\">\tLes familles\u2026 hum&nbsp;!<br>\nmais les gou\u00adver\u00adnants&nbsp;? Ceux-l\u00e0 n\u2019aiment pas qu\u2019on&nbsp;les<br>\ndevance&nbsp;; si les ins\u00adti\u00adtu\u00adteurs ont pu pr\u00e9\u00adpa\u00adrer, bien&nbsp;avant<br>\nnos l\u00e9gis\u00adla\u00adteurs, la s\u00e9pa\u00adra\u00adtion des <font face=\"Times New Roman, serif\">\u00c9<\/font>glises<br>\net de l\u2019<font face=\"Times New Roman, serif\">\u00c9<\/font>tat, c\u2019est<br>\nqu\u2019ils l\u2019ont fait avec une pru\u00addence infi\u00adnie&nbsp;: \u00ab&nbsp;Lancer<br>\nses troupes \u00e0 l\u2019as\u00adsaut et leur deman\u00adder de don\u00adner l\u2019exemple du<br>\ncalme par\u00adfait, c\u2019est \u00e0 peu pr\u00e8s ce que fit&nbsp;la<br>\nR\u00e9pu\u00adblique en ordon\u00adnant \u00e0 l\u2019ins\u00adti\u00adtu\u00adteur de pr\u00eacher<br>\nen son nom la morale la\u00efque et en lui pres\u00adcri\u00advant&nbsp;la<br>\nneu\u00adtra\u00adli\u00adt\u00e9.&nbsp;\u00bb Mais si les ministres plus ou&nbsp;moins<br>\nr\u00e9ac\u00adtion\u00adnaires qui ont suc\u00adc\u00e9\u00add\u00e9 \u00e0 J.&nbsp;Ferry<br>\nont tol\u00e9\u00adr\u00e9 l\u2019an\u00adti\u00adcl\u00e9\u00adri\u00adca\u00adlisme des instituteurs,<br>\npour\u00advu qu\u2019il ne f\u00eet aucun scan\u00addale, les ministres plus ou&nbsp;moins<br>\ncapi\u00adta\u00adlistes de l\u2019a\u00adve\u00adnir ne leur per\u00admet\u00adtront pas d\u2019at\u00adta\u00adquer \u00ab&nbsp;les<br>\nfon\u00adde\u00adments de la soci\u00e9\u00adt\u00e9&nbsp;\u00bb. Pour avoir&nbsp;le<br>\ndroit de pr\u00e9\u00adpa\u00adrer l\u2019o\u00adpi\u00adnion sur ce point comme sur les autres,<br>\nles ins\u00adti\u00adtu\u00adteurs devront avoir plus que de la pru\u00addence, ils devront<br>\navoir une puis\u00adsante coh\u00e9sion.<\/p>\n<p style=\"margin-bottom: 0cm;\" align=\"justify\">\tNous tenons beau\u00adcoup&nbsp;\u00e0<br>\navoir leur aide, parce que leur pro\u00adpa\u00adgande est la plus effi\u00adcace&nbsp;qui<br>\nsoit, et la plus facile dans l\u2019\u00e9\u00adtat capi\u00adta\u00adliste. Ils viendront<br>\n\u00e0 nous, non pas par id\u00e9a\u00adlisme\u200a\u2014\u200aet, comme le dit&nbsp;M.<br>\nBuis\u00adson avec une bien\u00adveillance assez inju\u00adrieuse \u00ab&nbsp;parce<br>\nqu\u2019ils n\u2019ont vu le monde que par les fen\u00eatres d\u2019une&nbsp;\u00e9cole<br>\net qu\u2019ils ont \u00e9t\u00e9, d\u00e8s l\u2019en\u00adfance, nour\u00adris&nbsp;des<br>\nplus beaux r\u00eaves humains.&nbsp;\u00bb\u200a\u2014\u200amais parce que&nbsp;pour<br>\nd\u00e9fendre leurs int\u00e9\u00adr\u00eats mat\u00e9\u00adriels&nbsp;et<br>\nmoraux ils se servent \u00e0 peu pr\u00e8s des m\u00eames&nbsp;armes<br>\nque&nbsp;nous.&nbsp;<\/p>\n<p style=\"margin-bottom: 0cm;\" align=\"justify\">Abel Mar\u00adtin.<\/p>\n","protected":false},"excerpt":{"rendered":"<p>Quelques mots d\u2019abord, sur les deux articles qui encadrent, dans la Grande Revue du 10 nov., l\u2019\u00e9\u00adtude de M.&nbsp;Fer\u00addi\u00adnand Buis\u00adson&nbsp;: les lec\u00adteurs qui ont le temps de se plaire aux jeux d\u2019i\u00add\u00e9es go\u00fb\u00adte\u00adront fort le tr\u00e8s sug\u00adges\u00adtif \u00ab&nbsp;Manuel de poche&nbsp;du par\u00adfait r\u00e9vo\u00adlu\u00adtion\u00adnaire&nbsp;\u00bb que nous pro\u00adpose&nbsp;le Fabien Ber\u00adnard Schaw, un Ibsen gogue\u00adnard&nbsp;; les lec\u00adteurs qui&nbsp;ont de&nbsp;[\u2026]<\/p>\n","protected":false},"author":1,"featured_media":0,"comment_status":"closed","ping_status":"closed","sticky":false,"template":"","format":"standard","meta":{"wp_typography_post_enhancements_disabled":false,"footnotes":""},"categories":[127],"tags":[],"ppma_author":[540],"class_list":["post-1112","post","type-post","status-publish","format-standard","hentry","category-la-vie-ouvriere-n6-20-decembre-1909"],"authors":[{"term_id":540,"user_id":1,"is_guest":0,"slug":"admin_3gikpwyf","display_name":"Vincent Dubuc","avatar_url":"https:\/\/secure.gravatar.com\/avatar\/d015720652c25fd2ced191ade86430094e1f288a17483713e3b34d26dea52507?s=96&d=mm&r=g","author_category":"","user_url":"https:\/\/la-presse-anarchiste.net","last_name":"Dubuc","first_name":"Vincent","job_title":"","description":""}],"_links":{"self":[{"href":"https:\/\/la-presse-anarchiste.net\/index.php\/wp-json\/wp\/v2\/posts\/1112","targetHints":{"allow":["GET"]}}],"collection":[{"href":"https:\/\/la-presse-anarchiste.net\/index.php\/wp-json\/wp\/v2\/posts"}],"about":[{"href":"https:\/\/la-presse-anarchiste.net\/index.php\/wp-json\/wp\/v2\/types\/post"}],"author":[{"embeddable":true,"href":"https:\/\/la-presse-anarchiste.net\/index.php\/wp-json\/wp\/v2\/users\/1"}],"replies":[{"embeddable":true,"href":"https:\/\/la-presse-anarchiste.net\/index.php\/wp-json\/wp\/v2\/comments?post=1112"}],"version-history":[{"count":0,"href":"https:\/\/la-presse-anarchiste.net\/index.php\/wp-json\/wp\/v2\/posts\/1112\/revisions"}],"wp:attachment":[{"href":"https:\/\/la-presse-anarchiste.net\/index.php\/wp-json\/wp\/v2\/media?parent=1112"}],"wp:term":[{"taxonomy":"category","embeddable":true,"href":"https:\/\/la-presse-anarchiste.net\/index.php\/wp-json\/wp\/v2\/categories?post=1112"},{"taxonomy":"post_tag","embeddable":true,"href":"https:\/\/la-presse-anarchiste.net\/index.php\/wp-json\/wp\/v2\/tags?post=1112"},{"taxonomy":"author","embeddable":true,"href":"https:\/\/la-presse-anarchiste.net\/index.php\/wp-json\/wp\/v2\/ppma_author?post=1112"}],"curies":[{"name":"wp","href":"https:\/\/api.w.org\/{rel}","templated":true}]}}