{"id":1115,"date":"2007-12-14T10:31:00","date_gmt":"2007-12-14T10:31:00","guid":{"rendered":"https:\/\/la-presse-anarchiste.net\/index.php\/2007\/12\/14\/notre-premier-trimestre\/"},"modified":"2007-12-14T10:31:00","modified_gmt":"2007-12-14T10:31:00","slug":"notre-premier-trimestre","status":"publish","type":"post","link":"https:\/\/la-presse-anarchiste.net\/index.php\/2007\/12\/14\/notre-premier-trimestre\/","title":{"rendered":"Notre premier trimestre"},"content":{"rendered":"<div class=\"pdfprnt-buttons pdfprnt-buttons-post pdfprnt-top-right\"><a href=\"https:\/\/la-presse-anarchiste.net\/index.php\/wp-json\/wp\/v2\/posts\/1115?print=pdf\" class=\"pdfprnt-button pdfprnt-button-pdf\" target=\"_blank\"><img decoding=\"async\" src=\"https:\/\/la-presse-anarchiste.net\/wp-content\/plugins\/pdf-print\/images\/pdf.png\" alt=\"image_pdf\" title=\"Afficher le PDF\"><\/a><a href=\"https:\/\/la-presse-anarchiste.net\/index.php\/wp-json\/wp\/v2\/posts\/1115?print=print\" class=\"pdfprnt-button pdfprnt-button-print\" target=\"_blank\"><img decoding=\"async\" src=\"https:\/\/la-presse-anarchiste.net\/wp-content\/plugins\/pdf-print\/images\/print.png\" alt=\"image_print\" title=\"Contenu imprim\u00e9\"><\/a><\/div><p style=\"margin-bottom: 0cm;\" align=\"justify\">\tIl est \u00e9coul\u00e9.<br>\nVoi\u00adci notre sixi\u00e8me num\u00e9\u00adro. Le voi\u00adci avec la Table&nbsp;des<br>\nMati\u00e8res de ces pre\u00admiers trois mois d\u2019existence.&nbsp;<\/p>\n<p style=\"margin-bottom: 0cm;\" align=\"justify\">\u00c0 l\u2019a\u00adve\u00adnir, nous&nbsp;ne<br>\ndon\u00adne\u00adrons de Table que tous les semestres&nbsp;; mais pour&nbsp;ce<br>\ntri\u00admestre de fin d\u2019an\u00adn\u00e9e 1909, il nous a sem\u00adbl\u00e9&nbsp;utile<br>\nd\u2019en dres\u00adser une. Nos six num\u00e9\u00adros avec leurs six&nbsp;fois<br>\nsoixante-quatre pages for\u00adme\u00adront un volume de 384 pages qui&nbsp;ne<br>\nman\u00adque\u00adra pas d\u2019al\u00adlure et que nos 520 abon\u00adn\u00e9s auront plus&nbsp;d\u2019une<br>\nfois occa\u00adsion de consulter.<\/p>\n<p style=\"margin-bottom: 0cm;\" align=\"justify\">\tAssu\u00adr\u00e9\u00adment,&nbsp;ces<br>\nsix num\u00e9\u00adros ne sont pas la per\u00adfec\u00adtion m\u00eame&nbsp;;&nbsp;ils<br>\nclochent dans cer\u00adtaines de leurs par\u00adties&nbsp;; nous n\u2019a\u00advons&nbsp;pas<br>\nr\u00e9us\u00adsi tout ce que nous avons ten\u00adt\u00e9&nbsp;;&nbsp;des<br>\nrubriques ou des ques\u00adtions tra\u00eenent un peu&nbsp;; des sujets<br>\nn\u2019ont pas \u00e9t\u00e9 abor\u00add\u00e9s. Tout cela nous&nbsp;le<br>\nconsta\u00adtons, nous le sen\u00adtons. N\u2019emp\u00eache, nous ne sommes pas&nbsp;trop<br>\nm\u00e9contents.<\/p>\n<p style=\"margin-bottom: 0cm;\" align=\"justify\">\tNous n\u2019a\u00advons&nbsp;pas<br>\nl\u2019im\u00adpres\u00adsion d\u2019a\u00advoir \u00ab&nbsp;ras\u00e9&nbsp;\u00bb, d\u2019avoir<br>\nendor\u00admi nos lec\u00adteurs. C\u2019est un pre\u00admier r\u00e9sultat.<\/p>\n<p style=\"margin-bottom: 0cm;\" align=\"justify\">\tLe deuxi\u00e8me<br>\nr\u00e9sul\u00adtat nous tient plus au c\u0153ur. Nous avons, tant sur&nbsp;le<br>\nmou\u00adve\u00adment inter\u00adna\u00adtio\u00adnal que sur le mou\u00adve\u00adment natio\u00adnal, apport\u00e9<br>\ndes \u00e9l\u00e9\u00adments qui man\u00adquaient. Les sym\u00adpa\u00adthies que&nbsp;nous<br>\navons ren\u00adcon\u00adtr\u00e9es au moment du Congr\u00e8s des Cheminots<br>\nnous en sont une preuve.<\/p>\n<p style=\"margin-bottom: 0cm;\" align=\"justify\">\tNous avons&nbsp;donn\u00e9<br>\nsur les \u00e9v\u00e9\u00adne\u00adments d\u2019Es\u00adpagne une \u00e9tude&nbsp;telle<br>\nqu\u2019au\u00adcune autre revue et qu\u2019au\u00adcun jour\u00adnal n\u2019en ont publi\u00e9<br>\nl\u2019\u00e9\u00adgale. Et ce n\u2019est pas sans plai\u00adsir que nous avons entendu<br>\nun de nos abon\u00adn\u00e9s\u200a\u2014\u200aqui par\u00adtit comme d\u00e9l\u00e9gu\u00e9<br>\nde la C.G.T. lors de la tren\u00adtaine de mee\u00adtings orga\u00adni\u00ads\u00e9s&nbsp;en<br>\npro\u00advince sur la r\u00e9pres\u00adsion espa\u00adgnole\u200a\u2014\u200anous&nbsp;dire&nbsp;:<br>\n\u00ab&nbsp;C\u2019est dom\u00admage que je n\u2019aie pas eu l\u2019\u00e9tude<br>\ncom\u00adpl\u00e8te de Cra\u00adt\u00e8s, elle m\u2019au\u00adrait&nbsp;\u00e9t\u00e9<br>\nextr\u00ea\u00adme\u00adment&nbsp;utile.&nbsp;\u00bb<\/p>\n<p style=\"margin-bottom: 0cm;\" align=\"justify\">\tNotre enqu\u00eate sur<br>\nle Contrat Col\u00adlec\u00adtif n\u2019est pas aban\u00addon\u00adn\u00e9e&nbsp;; nous&nbsp;la<br>\npour\u00adsui\u00advrons&nbsp;; nous avons re\u00e7u une contri\u00adbu\u00adtion&nbsp;de<br>\nDuch\u00eane, des peintres&nbsp;; nous en atten\u00addons une d\u2019un&nbsp;typo,<br>\nsur les com\u00admis\u00adsions mixtes chez eux,&nbsp;etc.<\/p>\n<p style=\"margin-bottom: 0cm;\" align=\"justify\">\tNotre rubrique&nbsp;: <i><font face=\"Times New Roman, serif\">\u00c0<\/font><br>\ntra\u00advers les Jour\u00adnaux Patro\u00adnaux<\/i> est irr\u00e9guli\u00e8rement<br>\nali\u00admen\u00adt\u00e9e. Il n\u2019y a pas de notre faute et bien peu de celle&nbsp;de<br>\nnos col\u00adla\u00adbo\u00adra\u00adteurs. C\u2019est une rubrique qu\u2019il faut que nous cr\u00e9ions<br>\nde toutes pi\u00e8ces. Les \u00e9l\u00e9\u00adments en&nbsp;sont<br>\ndif\u00adfi\u00adciles \u00e0 r\u00e9unir. Dif\u00adfi\u00adcile, mais pas impossible.<\/p>\n<p style=\"margin-bottom: 0cm;\" align=\"justify\">\tRevue d\u2019ac\u00adtion,&nbsp;nous<br>\ncroyons avoir r\u00e9us\u00adsi \u00e0 l\u2019\u00eatre dans la mesure o\u00f9<br>\ncela est pos\u00adsible. Nous nous y tien\u00addrons et nos num\u00e9\u00adros&nbsp;\u00e0<br>\nvenir seront encore\u200a\u2014\u200acroyons-nous\u200a\u2014\u200ameilleurs que&nbsp;leurs<br>\npr\u00e9d\u00e9cesseurs.<\/p>\n<p style=\"margin-bottom: 0cm;\" align=\"justify\">\tJ\u2019a\u00advais annonc\u00e9<br>\nque nous conte\u00adrions dans ce num\u00e9\u00adro les efforts divers, efforts<br>\nd\u2019argent, efforts de tra\u00advail, que nous avons accom\u00adplis pour mettre<br>\nsur pied la <i>Vie ouvri\u00e8re<\/i>. Nous sommes en retard pour<br>\nnotre pro\u00admesse. Nous vou\u00adlions don\u00adner notre bilan finan\u00adcier. Or&nbsp;nos<br>\ncomptes ne seront arr\u00ea\u00adt\u00e9s qu\u2019en fin d\u00e9cembre et<br>\ncela nous deman\u00adde\u00adra bien plu\u00adsieurs jours, en ne fai\u00adsant que&nbsp;cela.<br>\nAus\u00adsi, notre pro\u00admesse sera-t-elle tenue dans un num\u00e9\u00adro&nbsp;de<br>\njanvier.<\/p>\n<h2 class=\"western\">\n<h2>Notre lancement de janvier<\/h2>\n<p style=\"margin-bottom: 0cm;\" align=\"justify\">\tNous avons&nbsp;re\u00e7u<br>\nun cer\u00adtain nombre de listes d\u2019a\u00adbon\u00adn\u00e9s pos\u00adsibles. Pas beaucoup,<br>\npour\u00adtant. Pas assez. Il faut qu\u2019on nous en envoie d\u2019autres, puisqu\u2019il<br>\nfaut que nous ayons mille bonne adresses \u00e0 qui nous enverrons<br>\nnos deux num\u00e9\u00adros de janvier.<\/p>\n<p style=\"margin-bottom: 0cm;\" align=\"justify\">\tQue ceux de nos abonn\u00e9s<br>\ndont l\u2019a\u00adbon\u00adne\u00adment expire avec ce num\u00e9\u00adro se h\u00e2tent de<br>\nnous envoyer leur renou\u00advel\u00adle\u00adment et qu\u2019ils en pro\u00adfitent pour&nbsp;nous<br>\ndres\u00adser une liste de quelques noms choi\u00adsis avec&nbsp;soin.<\/p>\n<p style=\"margin-bottom: 0cm;\" align=\"justify\">\tQue les autres nous<br>\n\u00e9crivent expr\u00e8s. Que tous fassent vite, car il faut&nbsp;que<br>\nnous pr\u00e9\u00adpa\u00adrions nos \u00e9ti\u00adquettes, que nous sachions \u00e0<br>\nquel chiffre d\u2019exem\u00adplaires tirer. Et for\u00adc\u00e9\u00adment, nous devrons<br>\ngagner quelques jours pour que le pre\u00admier num\u00e9\u00adro par\u00advienne le<br>\n5 ou 6 jan\u00advier, en tenant compte du temps n\u00e9ces\u00adsaire au tirage<br>\net au bro\u00adchage suppl\u00e9mentaires.<\/p>\n<h2 class=\"western\">\n<h2>Sous le r\u00e8gne de Millerand<\/h2>\n<p style=\"margin-bottom: 0cm;\" align=\"justify\">\tM.&nbsp;Mil\u00adle\u00adrand,&nbsp;homme<br>\nd\u2019ordre, r\u00e9gnant, le ser\u00advice des Postes conti\u00adnue \u00e0&nbsp;\u00eatre<br>\nassu\u00adr\u00e9 comme sous un m\u00e9pri\u00adsable Simyan.<\/p>\n<p style=\"margin-bottom: 0cm;\" align=\"justify\">\tLe sort de notre dernier<br>\nnum\u00e9\u00adro a \u00e9t\u00e9 curieux. Mis \u00e0 la poste&nbsp;un<br>\nmar\u00addi, \u00e0 la poste de Vil\u00adle\u00adneuve-Saint-Georges\u200a\u2014\u200al\u2019Union<br>\nTypo\u00adgra\u00adphique \u00e9tant char\u00adg\u00e9e \u00e0 la fois&nbsp;de<br>\nl\u2019im\u00adpres\u00adsion et de l\u2019ex\u00adp\u00e9\u00addi\u00adtion\u200a\u2014\u200anos abon\u00adn\u00e9s de&nbsp;la<br>\nban\u00adlieue pari\u00adsienne ont eu leur num\u00e9\u00adro le mer\u00adcre\u00addi&nbsp;matin,<br>\nquelques-uns m\u00eame le mar\u00addi soir. Les abon\u00adn\u00e9s de province<br>\nl\u2019ont eu le mer\u00adcre\u00addi et le jeu\u00addi&nbsp;matin.<\/p>\n<p style=\"margin-bottom: 0cm;\" align=\"justify\">\tLes abon\u00adn\u00e9s&nbsp;de<br>\nParis, eux, ne l\u2019ont eu que le jeu\u00addi soir, cer\u00adtains le ven\u00addre\u00addi&nbsp;soir<br>\net pas mal ne l\u2019ont pas eu du&nbsp;tout.<\/p>\n<p style=\"margin-bottom: 0cm;\" align=\"justify\">\t<font face=\"Times New Roman, serif\">\u00c0<\/font><br>\nquoi attri\u00adbuer cela&nbsp;? Cer\u00adtai\u00adne\u00adment \u00e0 ce d\u00e9mocratique<br>\nsys\u00adt\u00e8me des <font face=\"Times New Roman, serif\">\u00c9<\/font>trennes<br>\nqui met en dis\u00adpo\u00adni\u00adbi\u00adli\u00adt\u00e9 une par\u00adtie du per\u00adson\u00adnel juste&nbsp;au<br>\nmoment o\u00f9 le tra\u00adfic pos\u00adtal est plus consid\u00e9rable.<\/p>\n<p style=\"margin-bottom: 0cm;\" align=\"justify\">\tR\u00e9clamer&nbsp;?<br>\nPro\u00adtes\u00adter&nbsp;? <font face=\"Times New Roman, serif\">\u00c0<\/font><br>\nquoi bon&nbsp;? La Poste est un mono\u00adpole d\u2019<font face=\"Times New Roman, serif\">\u00c9<\/font>tat,<br>\nne l\u2019ou\u00adblions pas. Que la clien\u00adt\u00e8le soit satis\u00adfaite ou non,&nbsp;on<br>\ns\u2019en&nbsp;moque&nbsp;!<\/p>\n<p style=\"margin-bottom: 0cm;\" align=\"justify\">\tL\u2019es\u00adsen\u00adtiel, c\u2019est&nbsp;que<br>\nle ser\u00advice rap\u00adporte 80 mil\u00adlions de b\u00e9n\u00e9\u00adfices\u2026 m\u00eame<br>\nen envoyant men\u00addier les employ\u00e9s de ce ser\u00advice commercial.<\/p>\n<h2 class=\"western\">\n<h2>Une brochure<\/h2>\n<p style=\"margin-bottom: 0cm;\" align=\"justify\">\t<font face=\"Times New Roman, serif\">\u00c0<\/font><br>\nla veille du Congr\u00e8s des Che\u00admins de Fer, le Groupe de D\u00e9fense<br>\nsyn\u00addi\u00adca\u00adliste des Che\u00admi\u00adnots a fait tirer en bro\u00adchure l\u2019ar\u00adticle&nbsp;de<br>\nPoi\u00adte\u00advin sur la <a href=\"http:\/\/www.la-presse-anarchiste.net\/spip\/spip.php?action=redirect&amp;id_article=687\">Crise du Syn\u00addi\u00adcat Natio\u00adnal<\/a>, que nous avons publi\u00e9<br>\ndans notre num\u00e9\u00adro du 5 novembre, en y joi\u00adgnant deux articles<br>\nimpor\u00adtants&nbsp;: l\u2019un, <i>Quelques Mots<\/i>, de H. Leli\u00e8vre,<br>\nsecr\u00e9\u00adtaire du Groupe de Ver\u00adsailles, ser\u00advant de pr\u00e9face&nbsp;;<br>\nl\u2019autre, <i>Nos Griefs<\/i>, de Ch. Gaillard, du Groupe de Paris-Est.<\/p>\n<p style=\"margin-bottom: 0cm;\" align=\"justify\">\tCette bro\u00adchure n\u2019a&nbsp;pas<br>\nper\u00addu tout int\u00e9\u00adr\u00eat du fait de la d\u00e9ci\u00adsion&nbsp;qui<br>\ncl\u00f4\u00adtu\u00adra le Congr\u00e8s. Nous pou\u00advons l\u2019en\u00advoyer (fran\u00adco)<br>\ncontre 15 cent.; les 50 ex., 4 fr.; le cent, 8&nbsp;fr.<\/p>\n<p style=\"margin-bottom: 0cm;\" align=\"justify\">P. Monatte<\/p>\n<\/h2><\/h2><\/h2>","protected":false},"excerpt":{"rendered":"<p>Il est \u00e9cou\u00adl\u00e9. Voi\u00adci notre sixi\u00e8me num\u00e9\u00adro. Le voi\u00adci avec la Table&nbsp;des Mati\u00e8res de ces pre\u00admiers trois mois d\u2019existence.&nbsp; \u00c0 l\u2019a\u00adve\u00adnir, nous&nbsp;ne don\u00adne\u00adrons de Table que tous les semestres&nbsp;; mais pour&nbsp;ce tri\u00admestre de fin d\u2019an\u00adn\u00e9e 1909, il nous a sem\u00adbl\u00e9&nbsp;utile d\u2019en dres\u00adser une. Nos six num\u00e9\u00adros avec leurs six&nbsp;fois soixante-quatre pages for\u00adme\u00adront un volume de&nbsp;[\u2026]<\/p>\n","protected":false},"author":1,"featured_media":0,"comment_status":"closed","ping_status":"closed","sticky":false,"template":"","format":"standard","meta":{"wp_typography_post_enhancements_disabled":false,"footnotes":""},"categories":[127],"tags":[],"ppma_author":[540],"class_list":["post-1115","post","type-post","status-publish","format-standard","hentry","category-la-vie-ouvriere-n6-20-decembre-1909"],"authors":[{"term_id":540,"user_id":1,"is_guest":0,"slug":"admin_3gikpwyf","display_name":"Vincent Dubuc","avatar_url":"https:\/\/secure.gravatar.com\/avatar\/d015720652c25fd2ced191ade86430094e1f288a17483713e3b34d26dea52507?s=96&d=mm&r=g","author_category":"","user_url":"https:\/\/la-presse-anarchiste.net","last_name":"Dubuc","first_name":"Vincent","job_title":"","description":""}],"_links":{"self":[{"href":"https:\/\/la-presse-anarchiste.net\/index.php\/wp-json\/wp\/v2\/posts\/1115","targetHints":{"allow":["GET"]}}],"collection":[{"href":"https:\/\/la-presse-anarchiste.net\/index.php\/wp-json\/wp\/v2\/posts"}],"about":[{"href":"https:\/\/la-presse-anarchiste.net\/index.php\/wp-json\/wp\/v2\/types\/post"}],"author":[{"embeddable":true,"href":"https:\/\/la-presse-anarchiste.net\/index.php\/wp-json\/wp\/v2\/users\/1"}],"replies":[{"embeddable":true,"href":"https:\/\/la-presse-anarchiste.net\/index.php\/wp-json\/wp\/v2\/comments?post=1115"}],"version-history":[{"count":0,"href":"https:\/\/la-presse-anarchiste.net\/index.php\/wp-json\/wp\/v2\/posts\/1115\/revisions"}],"wp:attachment":[{"href":"https:\/\/la-presse-anarchiste.net\/index.php\/wp-json\/wp\/v2\/media?parent=1115"}],"wp:term":[{"taxonomy":"category","embeddable":true,"href":"https:\/\/la-presse-anarchiste.net\/index.php\/wp-json\/wp\/v2\/categories?post=1115"},{"taxonomy":"post_tag","embeddable":true,"href":"https:\/\/la-presse-anarchiste.net\/index.php\/wp-json\/wp\/v2\/tags?post=1115"},{"taxonomy":"author","embeddable":true,"href":"https:\/\/la-presse-anarchiste.net\/index.php\/wp-json\/wp\/v2\/ppma_author?post=1115"}],"curies":[{"name":"wp","href":"https:\/\/api.w.org\/{rel}","templated":true}]}}