{"id":1116,"date":"2007-12-14T11:22:45","date_gmt":"2007-12-14T11:22:45","guid":{"rendered":"https:\/\/la-presse-anarchiste.net\/index.php\/2007\/12\/14\/le-secretariat-international-contre-linternationalisme\/"},"modified":"2007-12-14T11:22:45","modified_gmt":"2007-12-14T11:22:45","slug":"le-secretariat-international-contre-linternationalisme","status":"publish","type":"post","link":"https:\/\/la-presse-anarchiste.net\/index.php\/2007\/12\/14\/le-secretariat-international-contre-linternationalisme\/","title":{"rendered":"Le secr\u00e9tariat international contre l\u2019internationalisme"},"content":{"rendered":"<div class=\"pdfprnt-buttons pdfprnt-buttons-post pdfprnt-top-right\"><a href=\"https:\/\/la-presse-anarchiste.net\/index.php\/wp-json\/wp\/v2\/posts\/1116?print=pdf\" class=\"pdfprnt-button pdfprnt-button-pdf\" target=\"_blank\"><img decoding=\"async\" src=\"https:\/\/la-presse-anarchiste.net\/wp-content\/plugins\/pdf-print\/images\/pdf.png\" alt=\"image_pdf\" title=\"Afficher le PDF\"><\/a><a href=\"https:\/\/la-presse-anarchiste.net\/index.php\/wp-json\/wp\/v2\/posts\/1116?print=print\" class=\"pdfprnt-button pdfprnt-button-print\" target=\"_blank\"><img decoding=\"async\" src=\"https:\/\/la-presse-anarchiste.net\/wp-content\/plugins\/pdf-print\/images\/print.png\" alt=\"image_print\" title=\"Contenu imprim\u00e9\"><\/a><\/div><p style=\"margin-bottom: 0cm;\" align=\"justify\">\tDans son Congr\u00e8s<br>\nde Toron\u00adto, la F\u00e9d\u00e9\u00adra\u00adtion am\u00e9\u00adri\u00adcaine du Travail,<br>\n<i>l\u2019A\u00adme\u00adri\u00adcan Fede\u00adra\u00adtion of Labor<\/i>, vient de d\u00e9ci\u00adder&nbsp;son<br>\nadh\u00e9\u00adsion au Secr\u00e9\u00adta\u00adriat international.<\/p>\n<p style=\"margin-bottom: 0cm;\" align=\"justify\">\tC\u2019est l\u00e0 un&nbsp;fait<br>\nd\u2019une grande impor\u00adtance. Pour s\u2019en rendre compte, il est n\u00e9cessaire<br>\nde se repor\u00adter \u00e0 la der\u00adni\u00e8re Conf\u00e9rence<br>\ninter\u00adna\u00adtio\u00adnale [[VI<sup>e<\/sup> Conf\u00e9rence<br>\ndes Secr\u00e9\u00adtaires des Centres natio\u00adnaux des Syn\u00addi\u00adcats, tenue&nbsp;\u00e0<br>\nParis, du 30 ao\u00fbt au 1<sup>er<\/sup> sep\u00adtembre 1909.]]<br>\net de voir com\u00adbien les dis\u00adcus\u00adsions et la r\u00e9so\u00adlu\u00adtion principale<br>\ny furent pro\u00adfon\u00add\u00e9\u00adment influen\u00adc\u00e9es par la possibilit\u00e9<br>\nd\u2019adh\u00e9\u00adsion de l\u2019Am\u00e9rique.<\/p>\n<p style=\"margin-bottom: 0cm;\" align=\"justify\">\tLa grosse ques\u00adtion,&nbsp;on<br>\ns\u2019en sou\u00advient, c\u2019\u00e9\u00adtait la sub\u00adsti\u00adtu\u00adtion de Congr\u00e8s<br>\ninter\u00adna\u00adtio\u00adnaux aux Conf\u00e9\u00adrences des secr\u00e9taires<br>\nnatio\u00adnaux&nbsp;; c\u2019\u00e9\u00adtait, d\u00e9cou\u00adlant \u00e9videmment<br>\ndu m\u00eame esprit, l\u2019\u00e9\u00adlar\u00adgis\u00adse\u00adment du Secr\u00e9\u00adta\u00adriat&nbsp;et<br>\nsa trans\u00adfor\u00adma\u00adtion en une Conf\u00e9\u00add\u00e9\u00adra\u00adtion internationale<br>\ndu Tra\u00advail&nbsp;; en un mot l\u2019\u00e9\u00adta\u00adblis\u00adse\u00adment de contacts r\u00e9els<br>\net fr\u00e9\u00adquents entre les orga\u00adni\u00adsa\u00adtions ouvri\u00e8res de&nbsp;tous<br>\nles&nbsp;pays.<\/p>\n<p style=\"margin-bottom: 0cm;\" align=\"justify\">\tDeux organisations<br>\nseule\u00adment r\u00e9cla\u00adm\u00e8rent ces modi\u00adfi\u00adca\u00adtions, deux<br>\norga\u00adni\u00adsa\u00adtions qui sous le rap\u00adport des concep\u00adtions de la&nbsp;lutte<br>\nouvri\u00e8re se trouvent net\u00adte\u00adment oppo\u00ads\u00e9es&nbsp;;&nbsp;l\u2019une<br>\nrepr\u00e9\u00adsen\u00adtant le syn\u00addi\u00adca\u00adlisme r\u00e9vo\u00adlu\u00adtion\u00adnaire, l\u2019autre<br>\nle cor\u00adpo\u00adra\u00adtisme paix sociale&nbsp;: la C.G.T. et l\u2019<i>Ame\u00adri\u00adcan<br>\nFede\u00adra\u00adtion<\/i>, la pre\u00admi\u00e8re adh\u00e9\u00adrente au Secr\u00e9tariat,<br>\nl\u2019autre non adh\u00e9\u00adrente encore.<\/p>\n<p style=\"margin-bottom: 0cm;\" align=\"justify\">\tSans l\u2019<i>Ame\u00adri\u00adcan<br>\nFede\u00adra\u00adtion<\/i>, dont le Secr\u00e9\u00adta\u00adriat d\u00e9si\u00adrait l\u2019adh\u00e9sion<br>\n\u00e0 tout prix, la Conf\u00e9\u00adrence se serait termin\u00e9e<br>\nsur une r\u00e9so\u00adlu\u00adtion dif\u00adf\u00e9\u00adrente. Il n\u2019est pas dou\u00adteux&nbsp;que<br>\nla ma\u00e7on\u00adne\u00adrie sociale-d\u00e9mo\u00adcrate qui tient sous&nbsp;sa<br>\ntutelle le mou\u00adve\u00adment syn\u00addi\u00adcal euro\u00adp\u00e9en aurait envoy\u00e9<br>\npro\u00adme\u00adner la C.G.T. et sa pro\u00adpo\u00adsi\u00adtion de Congr\u00e8s<br>\ninternationaux.<\/p>\n<p style=\"margin-bottom: 0cm;\" align=\"justify\">\tMais, les Am\u00e9ricains<br>\n\u00e9taient l\u00e0&nbsp;; ils avaient sou\u00admis une proposition<br>\nana\u00adlogue. Or si l\u2019on ne tenait gu\u00e8re au main\u00adtien de l\u2019adh\u00e9sion<br>\nde la France, si l\u2019on n\u2019y tenait m\u00eame pas du tout, il en allait<br>\nautre\u00adment pour l\u2019adh\u00e9\u00adsion am\u00e9ricaine.<\/p>\n<p style=\"margin-bottom: 0cm;\" align=\"justify\">\tDe l\u00e0 un&nbsp;refus<br>\nmomen\u00adta\u00adn\u00e9, ne fer\u00admant pas d\u00e9fi\u00adni\u00adti\u00adve\u00adment la porte&nbsp;aux<br>\nCongr\u00e8s internationaux.<\/p>\n<p style=\"margin-bottom: 0cm;\" align=\"justify\">Ne nous illu\u00adsion\u00adnons&nbsp;pas.<br>\nLa France aura beau faire&nbsp;; ses efforts seront impuis\u00adsants&nbsp;\u00e0<br>\nouvrir cette porte. Seule, l\u2019A\u00adm\u00e9\u00adrique pour\u00adra y arri\u00adver\u2026,&nbsp;si<br>\njamais elle y arrive.<\/p>\n<h2 class=\"western\">\n<h2>Dix ans d\u2019efforts impuissants<\/h2>\n<p><\/p>\n<p style=\"margin-bottom: 0cm;\" align=\"justify\">\tVoi\u00adl\u00e0 dix ans&nbsp;que<br>\nla France r\u00e9clame l\u2019or\u00adga\u00adni\u00adsa\u00adtion de Congr\u00e8s<br>\ninter\u00adna\u00adtio\u00adnaux. Que dis-je, dix ans&nbsp;? Trente ans et&nbsp;plus.<\/p>\n<p style=\"margin-bottom: 0cm;\" align=\"justify\">\tEn 1877, elle prenait<br>\nl\u2019i\u00adni\u00adtia\u00adtive d\u2019or\u00adga\u00adni\u00adser un pre\u00admier Congr\u00e8s international&nbsp;;<br>\nle Congr\u00e8s de Lyon, le II<sup>e<\/sup> Congr\u00e8s des<br>\nSyn\u00addi\u00adcats fran\u00ad\u00e7ais, en don\u00adnait le man\u00addat aux syndicats<br>\nparisiens.<\/p>\n<p style=\"margin-bottom: 0cm;\" align=\"justify\">\tD\u00e8s ce moment,<br>\nune concur\u00adrence se dres\u00adsa&nbsp;: les socia\u00adlistes de <i>l\u2019<font face=\"Times New Roman, serif\">\u00c9<\/font>gali\u00adt\u00e9<\/i>,<br>\nJ. Guesde, Mas\u00adsard, G. Deville, etc., son\u00adg\u00e8rent \u00e0<br>\noppo\u00adser un Congr\u00e8s inter\u00adna\u00adtio\u00adnal socia\u00adliste au Congr\u00e8s<br>\ninter\u00adna\u00adtio\u00adnal syndical.<\/p>\n<p style=\"margin-bottom: 0cm;\" align=\"justify\">\tLe Congr\u00e8s ne&nbsp;se<br>\ntint pas ou plu\u00adt\u00f4t il se tint sur les bancs de la 10<sup>e<\/sup><br>\nchambre cor\u00adrec\u00adtion\u00adnelle o\u00f9 se trou\u00adv\u00e8rent rassembl\u00e9s<br>\nIsi\u00addore Finance, Jules Guesde, Aim\u00e9 Lavy,&nbsp;etc.<\/p>\n<p style=\"margin-bottom: 0cm;\" align=\"justify\">\tEn 1886, une Conf\u00e9rence<br>\ninter\u00adna\u00adtio\u00adnale se tint dans l\u2019im\u00admeuble qui sert actuel\u00adle\u00adment d\u2019annexe<br>\n\u00e0 la Bourse du Tra\u00advail de Paris. Mais d\u00e9l\u00e9gu\u00e9s<br>\nde syn\u00addi\u00adcats et d\u00e9l\u00e9\u00adgu\u00e9s d\u2019organisations<br>\nsocia\u00adlistes se trou\u00adv\u00e8rent r\u00e9unis.<\/p>\n<p style=\"margin-bottom: 0cm;\" align=\"justify\">\tPen\u00addant dix&nbsp;ans,<br>\njus\u00adqu\u2019au Congr\u00e8s de Londres, il en allait \u00eatre&nbsp;ainsi.<br>\nPen\u00addant dix ans, les syn\u00addi\u00adcats allaient mar\u00adcher \u00e0 la remorque<br>\ndes par\u00adtis socia\u00adlistes, subis\u00adsant leurs riva\u00adli\u00adt\u00e9s et&nbsp;leurs<br>\nscis\u00adsions, leur ser\u00advant de recru\u00adteurs \u00e9lectoraux.<\/p>\n<p style=\"margin-bottom: 0cm;\" align=\"justify\">\tVous reconna\u00eetrez<br>\nl\u2019ef\u00adfi\u00adca\u00adci\u00adt\u00e9 de l\u2019ac\u00adtion poli\u00adtique, leur ordon\u00adna le Congr\u00e8s<br>\nde Zurich (1894).<\/p>\n<p style=\"margin-bottom: 0cm;\" align=\"justify\">\tNous vous chas\u00adse\u00adrons&nbsp;si<br>\nvous ne la recon\u00adnais\u00adsez pas, leur signi\u00adfia le Congr\u00e8s de<br>\nLondres (1906) pr\u00e9\u00adf\u00e9\u00adrant accueillir Jaur\u00e8s,<br>\nMil\u00adle\u00adrand, G\u00e9rault-Richard et Vivia\u00adni, non mandat\u00e9s,<br>\nplu\u00adt\u00f4t que les anar\u00adchistes r\u00e9gu\u00adli\u00e8\u00adre\u00adment d\u00e9l\u00e9gu\u00e9s<br>\nde syndicats.<\/p>\n<p style=\"margin-bottom: 0cm;\" align=\"justify\">\tDepuis ce jour,&nbsp;les<br>\nCongr\u00e8s inter\u00adna\u00adtio\u00adnaux socia\u00adlistes ont eu beau se&nbsp;dire<br>\nouvriers, ils n\u2019ont \u00e9t\u00e9 que les Congr\u00e8s du<br>\nsocia\u00adlisme parlementaire.<\/p>\n<p style=\"margin-bottom: 0cm;\" align=\"justify\">\tLes pre\u00admiers, les<br>\nsyn\u00addi\u00adcats fran\u00ad\u00e7ais avaient res\u00adsen\u00adti le besoin de Congr\u00e8s<br>\ninter\u00adna\u00adtio\u00adnaux et en avaient convo\u00adqu\u00e9 un&nbsp;;&nbsp;la<br>\nsocial-d\u00e9mo\u00adcra\u00adtie, en vingt ans, fai\u00adsait sa chose des Congr\u00e8s<br>\ninter\u00adna\u00adtio\u00adnaux et en chas\u00adsait les initiateurs.<\/p>\n<p style=\"margin-bottom: 0cm;\" align=\"justify\">\tQuelque chose d\u2019analogue<br>\ns\u2019est pas\u00ads\u00e9 pour le Secr\u00e9\u00adta\u00adriat inter\u00adna\u00adtio\u00adnal. En&nbsp;1900,<br>\nla C.G.T. r\u00e9unis\u00adsait un Congr\u00e8s international<br>\ncor\u00adpo\u00adra\u00adtif, \u00e0 Paris. <font face=\"Times New Roman, serif\">\u00c0<\/font><br>\nl\u2019ordre du jour \u00e9tait por\u00adt\u00e9e&nbsp;: <i>La cr\u00e9a\u00adtion<br>\nd\u2019un Secr\u00e9\u00adta\u00adriat inter\u00adna\u00adtio\u00adnal<\/i>.<\/p>\n<p style=\"margin-bottom: 0cm;\" align=\"justify\">\tCe Congr\u00e8s fit&nbsp;un<br>\nfias\u00adco com\u00adplet. Il vint cinq \u00e0 six d\u00e9l\u00e9gu\u00e9s<br>\n\u00e9tran\u00adgers&nbsp;: Rigo\u00adla, pour l\u2019I\u00adta\u00adlie&nbsp;; Lambillotte,<br>\npour les ver\u00adriers belges&nbsp;; Calame, pour l\u2019U\u00adnion ouvri\u00e8re<br>\nde Zurich&nbsp;; quelques d\u00e9l\u00e9\u00adgu\u00e9s&nbsp;des<br>\ntrans\u00adports qui avaient un Congr\u00e8s inter\u00adna\u00adtio\u00adnal de&nbsp;leur<br>\ncor\u00adpo\u00adra\u00adtion. Un point c\u2019est tout. C\u2019\u00e9\u00adtait peu. Le Congr\u00e8s<br>\ninter\u00adna\u00adtio\u00adnal avait \u00e9t\u00e9 habi\u00adle\u00adment boycott\u00e9.<\/p>\n<p style=\"margin-bottom: 0cm;\" align=\"justify\">\tL\u2019i\u00add\u00e9e&nbsp;d\u2019un<br>\nSecr\u00e9\u00adta\u00adriat inter\u00adna\u00adtio\u00adnal ne cor\u00adres\u00adpon\u00addait-elle pas&nbsp;\u00e0<br>\nun besoin res\u00adsen\u00adti&nbsp;? N\u2019\u00e9\u00adtait-elle pas encore m\u00fbre&nbsp;?<\/p>\n<p style=\"margin-bottom: 0cm;\" align=\"justify\">\tLe besoin existait&nbsp;;<br>\nl\u2019i\u00add\u00e9e \u00e9tait arri\u00adv\u00e9e \u00e0 maturit\u00e9.<br>\nMais il ne fal\u00adlait pas qu\u2019elle se r\u00e9a\u00adli\u00ads\u00e2t&nbsp;sous<br>\nl\u2019i\u00adni\u00adtia\u00adtive de la France&nbsp;; la social-d\u00e9mo\u00adcra\u00adtie,&nbsp;seule,<br>\navait le droit de mettre cet enfant au monde et de le conduire par&nbsp;la<br>\nvie.<\/p>\n<p style=\"margin-bottom: 0cm;\" align=\"justify\">\tAus\u00adsi, l\u2019ann\u00e9e<br>\nd\u2019a\u00adpr\u00e8s, en 1901, la Com\u00admis\u00adsion g\u00e9n\u00e9\u00adrale&nbsp;des<br>\nsyn\u00addi\u00adcats alle\u00admands r\u00e9unis\u00adsait-elle \u00e0 Copen\u00adhague&nbsp;un<br>\ncer\u00adtain nombre de secr\u00e9\u00adtaires de centres natio\u00adnaux. On cr\u00e9ait<br>\nen famille sociale-d\u00e9mo\u00adcrate le Secr\u00e9tariat<br>\ninternational.<\/p>\n<p style=\"margin-bottom: 0cm;\" align=\"justify\">\tLes pro\u00adfanes pouvaient<br>\nvenir d\u00e9sor\u00admais. On les invi\u00adtait \u00e0 la II<sup>e<\/sup><br>\nConf\u00e9\u00adrence qui se tenait en 1902 \u00e0 Stutt\u00adgart. La France<br>\ns\u2019y fai\u00adsait repr\u00e9\u00adsen\u00adter et deman\u00addait, sans pou\u00advoir l\u2019obtenir<br>\nnatu\u00adrel\u00adle\u00adment, que le Secr\u00e9\u00adta\u00adriat ne bor\u00adn\u00e2t pas sa&nbsp;t\u00e2che<br>\n\u00e0 un \u00e9change de sta\u00adtis\u00adtiques et que les Conf\u00e9rences<br>\nde secr\u00e9\u00adtaires soient trans\u00adfor\u00adm\u00e9es en Congr\u00e8s.<\/p>\n<p style=\"margin-bottom: 0cm;\" align=\"justify\">\tVient la III<sup>e<\/sup><br>\nConf\u00e9\u00adrence. Elle se tient en 1903, \u00e0 Dublin, la semaine<br>\nde la course Gor\u00addon-Ben\u00adnett. Grif\u00adfuelhes et Yve\u00adtot y sont d\u00e9l\u00e9gu\u00e9s.<br>\nPauvres d\u00e9l\u00e9\u00adgu\u00e9s qui cour\u00adront plu\u00adsieurs jours&nbsp;\u00e0<br>\nla recherche de leurs cod\u00e9\u00adl\u00e9\u00adgu\u00e9s, sans&nbsp;les<br>\ntrou\u00adver. Fina\u00adle\u00adment en trois heures\u200a\u2014\u200adis\u00adcours d\u2019ou\u00adver\u00adture et&nbsp;temps<br>\npour la tra\u00adduc\u00adtion com\u00adprise\u200a\u2014\u200ala Conf\u00e9\u00adrence est exp\u00e9di\u00e9e.<br>\nLes d\u00e9l\u00e9\u00adgu\u00e9s fran\u00ad\u00e7ais, qui se proposaient<br>\nde dis\u00adtri\u00adbuer un rap\u00adport sur l\u2019an\u00adti\u00admi\u00adli\u00adta\u00adrisme et la&nbsp;gr\u00e8ve<br>\ng\u00e9n\u00e9\u00adrale et de deman\u00adder l\u2019ins\u00adcrip\u00adtion de ces&nbsp;deux<br>\nques\u00adtions \u00e0 l\u2019ordre du jour de la Conf\u00e9\u00adrence suivante,<br>\nne purent le faire. Ne sup\u00adpo\u00adsant pas que le tra\u00advail serait b\u00e2cl\u00e9<br>\nen une apr\u00e8s-midi, ils avaient lais\u00ads\u00e9 leur paquet de<br>\nrap\u00adports \u00e0 l\u2019h\u00f4tel.<\/p>\n<p style=\"margin-bottom: 0cm;\" align=\"justify\">\tQuel est le pre\u00admier&nbsp;r\u00f4le<br>\nd\u2019une orga\u00adni\u00adsa\u00adtion ouvri\u00e8re inter\u00adna\u00adtio\u00adnale&nbsp;? Quel est&nbsp;le<br>\npro\u00adbl\u00e8me qui se pose \u00e0 elle, imp\u00e9\u00adrieu\u00adse\u00adment&nbsp;et<br>\navant tout autre&nbsp;? Peut-il y avoir embryon de conscience<br>\ninter\u00adna\u00adtio\u00adnale s\u2019il n\u2019y a pas volon\u00adt\u00e9 d\u2019emp\u00eacher la<br>\nguerre, d\u2019emp\u00eacher que les classes ouvri\u00e8res unies<br>\ninter\u00adna\u00adtio\u00adna\u00adle\u00adment se fusillent entre elles sur l\u2019ordre de&nbsp;leurs<br>\nexploiteurs&nbsp;?<\/p>\n<p style=\"margin-bottom: 0cm;\" align=\"justify\">\tLa C.G.T. croyait que&nbsp;la<br>\nguerre \u00e0 la guerre \u00e9tait la pre\u00admi\u00e8re&nbsp;t\u00e2che<br>\nd\u2019un Secr\u00e9\u00adta\u00adriat international.<\/p>\n<p style=\"margin-bottom: 0cm;\" align=\"justify\">\tOn est en 1904,&nbsp;la<br>\nguerre rus\u00adso-japo\u00adnaise \u00e9clate&nbsp;; il est ques\u00adtion&nbsp;d\u2019une<br>\ninter\u00adven\u00adtion arm\u00e9e du gou\u00adver\u00adne\u00adment fran\u00ad\u00e7ais en faveur<br>\nde son alli\u00e9&nbsp;; une guerre euro\u00adp\u00e9enne peut<br>\ns\u2019allumer.<\/p>\n<p style=\"margin-bottom: 0cm;\" align=\"justify\">\tVa-t-on attendre les<br>\nbras bal\u00adlants que cette tra\u00adg\u00e9\u00addie com\u00admence&nbsp;?&nbsp;Le<br>\nSecr\u00e9\u00adta\u00adriat inter\u00adna\u00adtio\u00adnal ne bouge pas. Le Comit\u00e9<br>\nconf\u00e9\u00add\u00e9\u00adral, les deux sec\u00adtions r\u00e9unies, d\u00e9cide,<br>\n\u00e0 l\u2019u\u00adna\u00adni\u00admi\u00adt\u00e9, de pro\u00adpo\u00adser la r\u00e9union d\u2019une<br>\nConf\u00e9\u00adrence inter\u00adna\u00adtio\u00adnale, afin de conna\u00eetre l\u2019attitude<br>\nde la classe ouvri\u00e8re de chaque nation au cas d\u2019une guerre<br>\neurop\u00e9enne.<\/p>\n<p style=\"margin-bottom: 0cm;\" align=\"justify\">\tLa r\u00e9ponse est<br>\nnette. L\u2019Al\u00adle\u00admagne s\u2019op\u00adpose \u00e0 la tenue d\u2019une telle Conf\u00e9rence.<br>\n\u00ab&nbsp;Elle ne pren\u00addra part qu\u2019\u00e0 la d\u00e9lib\u00e9ration<br>\nde ques\u00adtions pra\u00adtiques ou de telles ques\u00adtions th\u00e9o\u00adriques qui<br>\nregardent les syn\u00addi\u00adcats tout direc\u00adte\u00adment, comme celle des secours aux<br>\nsans-travail.&nbsp;\u00bb<\/p>\n<p style=\"margin-bottom: 0cm;\" align=\"justify\">\tL\u2019o\u00adpi\u00adnion alle\u00admande&nbsp;est<br>\ntrans\u00admise aux nations en m\u00eame temps que la proposition<br>\nfran\u00ad\u00e7aise. La majo\u00adri\u00adt\u00e9 d\u00e9cide qu\u2019il n\u2019y aura&nbsp;pas<br>\nde Conf\u00e9\u00adrence. L\u2019es\u00adcouade ob\u00e9it au com\u00adman\u00adde\u00adment\u2026&nbsp;de<br>\nne rien&nbsp;faire.<\/p>\n<p style=\"margin-bottom: 0cm;\" align=\"justify\">\tQuand la C.G.T. eut<br>\nconnais\u00adsance de la date de la IV<sup>e<\/sup> Conf\u00e9\u00adrence, elle<br>\nd\u00e9ci\u00adda de por\u00adter \u00e0 l\u2019ordre du jour les deux questions<br>\nqui avaient fait l\u2019ob\u00adjet de son rap\u00adport \u00e0 Dublin, plus&nbsp;la<br>\njour\u00adn\u00e9e de huit heures \u00e0 pro\u00adpos de laquelle le Congr\u00e8s<br>\nnatio\u00adnal de Bourges venait de d\u00e9ci\u00adder une campagne<br>\nd\u2019a\u00adgi\u00adta\u00adtion. Elle fai\u00adsait de l\u2019ins\u00adcrip\u00adtion de ces ques\u00adtions&nbsp;la<br>\ncondi\u00adtion de sa par\u00adti\u00adci\u00adpa\u00adtion \u00e0 la Conf\u00e9rence<br>\nd\u2019Am\u00adster\u00addam. C\u2019\u00e9\u00adtait assez com\u00adpr\u00e9\u00adhen\u00adsible&nbsp;apr\u00e8s<br>\ntout ce qui s\u2019\u00e9\u00adtait produit.<\/p>\n<p style=\"margin-bottom: 0cm;\" align=\"justify\">\tLe secr\u00e9taire<br>\ninter\u00adna\u00adtio\u00adnal, Legien, objecte que ces ques\u00adtions sortent du cadre&nbsp;des<br>\nconf\u00e9\u00adrences et qu\u2019il ne peut les ins\u00adcrire. Il consulte les<br>\norga\u00adni\u00adsa\u00adtions des autres pays, sans oublier de don\u00adner son avis.&nbsp;Les<br>\npro\u00adpo\u00adsi\u00adtions fran\u00ad\u00e7aises sont \u00e9cart\u00e9es.<\/p>\n<p style=\"margin-bottom: 0cm;\" align=\"justify\">\tPar une erreur postale,<br>\nla C.G.T. n\u2019est pas tou\u00adch\u00e9e par la lettre o\u00f9 Legien lui<br>\nfait part du r\u00e9sul\u00adtat de la consul\u00adta\u00adtion des nations. N\u2019ayant<br>\npas de r\u00e9ponse, elle n\u2019en\u00advoie pas de d\u00e9l\u00e9gu\u00e9s<br>\net la Conf\u00e9\u00adrence d\u2019Am\u00adster\u00addam d\u00e9cide que&nbsp;:<\/p>\n<p style=\"margin-bottom: 0cm;\" align=\"justify\">\t<i>Sont exclues des<br>\ndis\u00adcus\u00adsions toutes les ques\u00adtions th\u00e9o\u00adriques et toutes celles<br>\nqui ont trait aux ten\u00addances et \u00e0 la tac\u00adtique du mouvement<br>\nsyn\u00addi\u00adcal dans les dif\u00adf\u00e9\u00adrents&nbsp;pays.<\/i><\/p>\n<p style=\"margin-bottom: 0cm;\" align=\"justify\">\t<font face=\"Times New Roman, serif\">\u00c0<\/font><br>\nnou\u00adveau, \u00e9clatent des bruits de guerre entre la France et<br>\nl\u2019Al\u00adle\u00admagne. <font face=\"Times New Roman, serif\">\u00c0<\/font><br>\npro\u00adpos du Maroc, cette fois. Que faire&nbsp;? S\u2019abstenir&nbsp;?<br>\nAttendre&nbsp;? Rumi\u00adner le refus oppo\u00ads\u00e9 par l\u2019Allemagne<br>\nouvri\u00e8re deux ans auparavant&nbsp;?<\/p>\n<p style=\"margin-bottom: 0cm;\" align=\"justify\">\tNon, ce n\u2019est&nbsp;pas<br>\npos\u00adsible. Et la C.G.T. d\u00e9cide d\u2019en\u00advoyer Grif\u00adfuelhes aupr\u00e8s<br>\nde la Com\u00admis\u00adsion g\u00e9n\u00e9\u00adrale des syn\u00addi\u00adcats alle\u00admands&nbsp;afin<br>\nd\u2019or\u00adga\u00adni\u00adser des deux c\u00f4t\u00e9s du Rhin une cam\u00adpagne&nbsp;de<br>\npro\u00adtes\u00adta\u00adtion contre la guerre mena\u00e7ante.<\/p>\n<p style=\"margin-bottom: 0cm;\" align=\"justify\">\u200a\u2014\u200aLa loi ne&nbsp;nous<br>\nper\u00admet pas de faire une telle cam\u00adpagne, en tant que syndicats,<br>\nr\u00e9pond-on \u00e0 Grif\u00adfuelhes pour l\u2019\u00e9\u00adcon\u00adduire. Puis<br>\ndevant son insis\u00adtance, on ajoute&nbsp;: Adres\u00adsez-vous au&nbsp;parti<br>\nsocialiste.<\/p>\n<p style=\"margin-bottom: 0cm;\" align=\"justify\">\u200a\u2014\u200aSi vous estimez<br>\ndevoir faire faire votre besogne par le par\u00adti socia\u00adliste, r\u00e9plique<br>\nGrif\u00adfuelhes, nous n\u2019a\u00advons rien \u00e0 y voir&nbsp;; cela&nbsp;vous<br>\nregarde seuls, et j\u2019ac\u00adcepte d\u2019ac\u00adcom\u00adpa\u00adgner votre d\u00e9l\u00e9gation,<br>\nmais en reven\u00addi\u00adquant pour les orga\u00adni\u00adsa\u00adtions ouvri\u00e8res<br>\nfran\u00ad\u00e7aises la m\u00eame auto\u00adno\u00admie que nous&nbsp;vous<br>\nreconnaissons.&nbsp;<\/p>\n<p style=\"margin-bottom: 0cm;\" align=\"justify\">\tLa d\u00e9l\u00e9gation<br>\nse rend au Reichs\u00adtag trou\u00adver divers grands d\u00e9put\u00e9s<br>\nsociaux-d\u00e9mo\u00adcrates.\u200a\u2014\u200aLa guerre \u00e0 pro\u00adpos du&nbsp;Maroc,<br>\ndisent ces notables avec un sou\u00adriant m\u00e9pris, mais c\u2019est de&nbsp;la<br>\nfan\u00adtai\u00adsie diplo\u00adma\u00adtique. Voyez-vous la France et l\u2019Al\u00adle\u00admagne se battre<br>\npour les pla\u00adteaux incultes du Maroc&nbsp;?\u200a\u2014\u200aDu tout, r\u00e9pond<br>\nGrif\u00adfuelhes, il y a l\u00e0-bas de riches gise\u00adments et vos barons<br>\nde la m\u00e9tal\u00adlur\u00adgie et les n\u00f4tres se les dis\u00adputent.\u200a\u2014\u200aDes mines, au Maroc, mais non&nbsp;! mais non&nbsp;! Ce n\u2019est&nbsp;pas<br>\ns\u00e9rieux.<\/p>\n<p style=\"margin-bottom: 0cm;\" align=\"justify\">\t<font face=\"Times New Roman, serif\">\u00c9<\/font>videm\u00adment,<br>\nil n\u2019\u00e9\u00adtait pas \u00e9crit dans la Bible mar\u00adxiste&nbsp;qu\u2019il<br>\nexiste des mines au Maroc et qu\u2019un jour Schnei\u00adder et Krupp se&nbsp;les<br>\ndis\u00adpu\u00adtant d\u00e9cha\u00ee\u00adne\u00adraient peut-\u00eatre la guerre entre<br>\nleurs deux pays. Par cons\u00e9\u00adquent les th\u00e9ologiens<br>\nalle\u00admands devaient l\u2019i\u00adgno\u00adrer. Aujourd\u2019\u00adhui, c\u2019est l\u00e0 pourtant<br>\nun fait indis\u00adcu\u00adtable. Les hur\u00adlu\u00adber\u00adlus avaient rai\u00adson contre les&nbsp;puits<br>\nde science.<\/p>\n<p style=\"margin-bottom: 0cm;\" align=\"justify\">\tSchnei\u00adder et Krupp&nbsp;se<br>\nsont mis d\u2019ac\u00adcord pour d\u00e9trous\u00adser en com\u00admun le Maroc. S\u2019ils&nbsp;ne<br>\ns\u2019\u00e9\u00adtaient pas enten\u00addus, que serait-il adve\u00adnu&nbsp;? S\u2019ils&nbsp;se<br>\nrebrouillaient demain \u00e0 pro\u00adpos du par\u00adtage, qu\u2019adviendrait-il&nbsp;?<\/p>\n<p style=\"margin-bottom: 0cm;\" align=\"justify\">\tCe qu\u2019il adviendrait&nbsp;?<br>\nUne bonne guerre qui sai\u00adgne\u00adrait \u00e0 blanc les deux prol\u00e9tariats,<br>\npen\u00addant que les doctes pon\u00adtifes de la social-d\u00e9mocratie<br>\n\u00e9gr\u00e8\u00adne\u00adraient le cha\u00adpe\u00adlet marxiste.<\/p>\n<p style=\"margin-bottom: 0cm;\" align=\"justify\">\tGrif\u00adfuelhes revint de<br>\nBer\u00adlin confus et navr\u00e9. Les syn\u00addi\u00adca\u00adlistes purent se deman\u00adder&nbsp;\u00e0<br>\nquoi rimait la fameuse phrase&nbsp;: \u00ab&nbsp;Tra\u00advailleurs de<br>\ntous les pays, unissez-vous&nbsp;!&nbsp;\u00bb<\/p>\n<p style=\"margin-bottom: 0cm;\" align=\"justify\">\tFal\u00adlait-il conti\u00adnuer&nbsp;\u00e0<br>\npar\u00adti\u00adci\u00adper au petit jeu du Secr\u00e9\u00adta\u00adriat inter\u00adna\u00adtio\u00adnal dont&nbsp;la<br>\nseule rai\u00adson d\u2019\u00eatre sem\u00adblait consis\u00adter uni\u00adque\u00adment&nbsp;\u00e0<br>\nd\u00e9con\u00adsi\u00add\u00e9\u00adrer l\u2019in\u00adter\u00adna\u00adtio\u00adna\u00adlisme, \u00e0 en tarir&nbsp;la<br>\nfoi, \u00e0 en bri\u00adser la vigueur au lieu de les d\u00e9cupler&nbsp;?<br>\nLe Congr\u00e8s conf\u00e9\u00add\u00e9\u00adral d\u2019A\u00admiens (1906) se posa&nbsp;la<br>\nquestion.<\/p>\n<p style=\"margin-bottom: 0cm;\" align=\"justify\">\tIl n\u2019y r\u00e9pondit<br>\npas net\u00adte\u00adment et c\u2019est natu\u00adrel. On h\u00e9site \u00e0 jeter&nbsp;au<br>\ndiable un ins\u00adtru\u00adment qui a don\u00adn\u00e9 des d\u00e9cep\u00adtions, mais<br>\nqui pour\u00adrait, qui devrait don\u00adner d\u2019im\u00admenses r\u00e9sul\u00adtats.&nbsp;On<br>\ntem\u00adpo\u00adrise&nbsp;; on esp\u00e8re mal\u00adgr\u00e9 tout&nbsp;; on compte<br>\nsur la grande vague qui balaie\u00adra les hos\u00adti\u00adli\u00adt\u00e9s de tactique.<br>\nIl n\u2019est pas pos\u00adsible, au fond, que l\u2019ou\u00advrier syndiqu\u00e9<br>\nalle\u00admand accepte de cas\u00adser la figure \u00e0 un ouvrier fran\u00e7ais<br>\nou de se faire cas\u00adser la sienne pour les beaux yeux du roi de Prusse<br>\nou de M.&nbsp;Krupp&nbsp;!<\/p>\n<p style=\"margin-bottom: 0cm;\" align=\"justify\">\tAus\u00adsi, le Congr\u00e8s<br>\nd\u2019A\u00admiens adop\u00adta-t-il la r\u00e9so\u00adlu\u00adtion suivante&nbsp;:<\/p>\n<p style=\"margin-bottom: 0cm;\" align=\"justify\">\t<i>Le Congr\u00e8s,<br>\napr\u00e8s avoir enten\u00addu cri\u00adtiques et r\u00e9ponses sur&nbsp;le<br>\npas\u00adsage du rap\u00adport rela\u00adtif aux \u00ab&nbsp;rapports<br>\ninter\u00adna\u00adtio\u00adnaux&nbsp;\u00bb, approuve l\u2019at\u00adti\u00adtude du Comit\u00e9<br>\nconf\u00e9\u00add\u00e9\u00adral d\u2019a\u00advoir momen\u00adta\u00adn\u00e9\u00adment sus\u00adpen\u00addu&nbsp;les<br>\nrela\u00adtions avec le Secr\u00e9\u00adta\u00adriat, inter\u00adna\u00adtio\u00adnal qui a refus\u00e9<br>\nd\u2019ins\u00adcrire, \u00e0 l\u2019ordre du jour des Conf\u00e9rences<br>\ninter\u00adna\u00adtio\u00adnales, les ques\u00adtions de la gr\u00e8ve g\u00e9n\u00e9rale,<br>\nla jour\u00adn\u00e9e de huit heures et l\u2019antimilitarisme.<\/i><\/p>\n<p style=\"margin-bottom: 0cm;\" align=\"justify\">\t<i>Il invite le Comit\u00e9<br>\nconf\u00e9\u00add\u00e9\u00adral \u00e0 reprendre \u00e0 nou\u00adveau&nbsp;les<br>\nrela\u00adtions avec le Secr\u00e9\u00adta\u00adriat inter\u00adna\u00adtio\u00adnal en deman\u00addant&nbsp;\u00e0<br>\nnou\u00adveau l\u2019ins\u00adcrip\u00adtion \u00e0 l\u2019ordre du jour des questions<br>\npr\u00e9\u00adc\u00e9\u00addem\u00adment refus\u00e9es.<\/i><\/p>\n<p style=\"margin-bottom: 0cm;\" align=\"justify\">\tCompl\u00e9t\u00e9e<br>\npar cette addition&nbsp;:<\/p>\n<p style=\"margin-bottom: 0cm;\" align=\"justify\">\t<i>Au cas o\u00f9&nbsp;le<br>\nSecr\u00e9\u00adta\u00adriat inter\u00adna\u00adtio\u00adnal s\u2019y refu\u00adse\u00adrait, s\u2019a\u00adbri\u00adtant derri\u00e8re<br>\nla motion adop\u00adt\u00e9e \u00e0 Amster\u00addam, dont il ne vou\u00addrait&nbsp;pas<br>\ndeman\u00adder l\u2019an\u00adnu\u00adla\u00adtion \u00e0 la pro\u00adchaine Conf\u00e9\u00adrence, le<br>\nComi\u00adt\u00e9 conf\u00e9\u00add\u00e9\u00adral est invi\u00adt\u00e9&nbsp;\u00e0<br>\nentrer en rap\u00adports directs avec les autres centres nationaux<br>\naffi\u00adli\u00e9s, en pas\u00adsant par des\u00adsus le Secr\u00e9tariat<br>\ninternational.<\/i><\/p>\n<p style=\"margin-bottom: 0cm;\" align=\"justify\">\tLa Conf\u00e9rence<br>\ninter\u00adna\u00adtio\u00adnale de Chris\u00adtia\u00adnia devait y faire une singuli\u00e8re<br>\nr\u00e9ponse qui ne jette pas une demi-lumi\u00e8re sur le&nbsp;r\u00f4le<br>\nauquel on veut rel\u00e9\u00adguer les rela\u00adtions internationales<br>\nsyndicales&nbsp;:<\/p>\n<p style=\"margin-bottom: 0cm;\" align=\"justify\"><i>\t\u2026 La Conf\u00e9rence<br>\nrepro\u00adduit sa r\u00e9so\u00adlu\u00adtion, adop\u00adt\u00e9e \u00e0 Amsterdam,<br>\nd\u2019a\u00adpr\u00e8s laquelle les Conf\u00e9\u00adrences inter\u00adna\u00adtio\u00adnales&nbsp;ont<br>\npour mission&nbsp;:<\/i><\/p>\n<p style=\"margin-bottom: 0cm;\" align=\"justify\"><i>\t\u00ab&nbsp;De<br>\ndis\u00adcu\u00adter le rap\u00adpro\u00adche\u00adment de plus en plus \u00e9troit des<br>\nasso\u00adcia\u00adtions pro\u00adfes\u00adsion\u00adnelles de tous les pays, la r\u00e9daction<br>\ndes sta\u00adtis\u00adtiques syn\u00addi\u00adcales uni\u00adformes, le sou\u00adtien mutuel des luttes<br>\n\u00e9co\u00adno\u00admiques, ain\u00adsi que toutes les ques\u00adtions qui se trouvent en<br>\nrela\u00adtions imm\u00e9\u00addiates avec l\u2019or\u00adga\u00adni\u00adsa\u00adtion syn\u00addi\u00adcale de&nbsp;la<br>\nclasse ouvri\u00e8re&nbsp;;<\/i><\/p>\n<p style=\"margin-bottom: 0cm;\" align=\"justify\"><i>\t\u00ab&nbsp;Mais<br>\nelle exclut du d\u00e9bat toutes les ques\u00adtions th\u00e9oriques,<br>\nain\u00adsi que celles qui concernent les ten\u00addances et la tac\u00adtique&nbsp;du<br>\nmou\u00adve\u00adment syn\u00addi\u00adcal dans les divers pays.&nbsp;\u00bb<\/i><\/p>\n<p style=\"margin-bottom: 0cm;\" align=\"justify\"><i>\tLa Conf\u00e9rence<br>\nconsi\u00add\u00e8re les ques\u00adtions de l\u2019an\u00adti\u00admi\u00adli\u00adta\u00adrisme et de la&nbsp;gr\u00e8ve<br>\ng\u00e9n\u00e9\u00adrale comme des objets qui ne rel\u00e8vent pas&nbsp;de<br>\nla com\u00adp\u00e9\u00adtence des fonc\u00adtion\u00adnaires syn\u00addi\u00adcaux, <u>mais dont&nbsp;la<br>\nsolu\u00adtion incombe exclu\u00adsi\u00adve\u00adment \u00e0 la repr\u00e9sentation<br>\nint\u00e9\u00adgrale du pro\u00adl\u00e9\u00adta\u00adriat inter\u00adna\u00adtio\u00adnal, aux Congr\u00e8s<br>\nsocia\u00adlistes inter\u00adna\u00adtio\u00adnaux convo\u00adqu\u00e9s p\u00e9riodiquement<\/u><br>\u200a\u2014\u200ad\u2019au\u00adtant plus que les deux ques\u00adtions ont&nbsp;\u00e9t\u00e9<br>\nr\u00e9so\u00adlues, \u00e0 Amster\u00addam et \u00e0 Stuttgart,<br>\nconfor\u00adm\u00e9\u00adment aux circonstances&nbsp;;<\/i><\/p>\n<p style=\"margin-bottom: 0cm;\" align=\"justify\"><i>\tLa Conf\u00e9rence<br>\nregrette que la Conf\u00e9\u00add\u00e9\u00adra\u00adtion n\u2019ait pas&nbsp;voulu<br>\ncom\u00adprendre que l\u2019at\u00adti\u00adtude de la Conf\u00e9\u00adrence inter\u00adna\u00adtio\u00adnale&nbsp;des<br>\nrepr\u00e9\u00adsen\u00adtants des cen\u00adtrales natio\u00adnales a&nbsp;\u00e9t\u00e9<br>\npar\u00adfai\u00adte\u00adment cor\u00adrecte&nbsp;; qu\u2019elle ait pr\u00e9\u00adtex\u00adt\u00e9&nbsp;de<br>\ncette atti\u00adtude pour res\u00adter \u00e9tran\u00adg\u00e8re \u00e0&nbsp;notre<br>\norga\u00adni\u00adsa\u00adtion internationale&nbsp;;<\/i><\/p>\n<p style=\"margin-bottom: 0cm;\" align=\"justify\"><i>\t<u>La Conf\u00e9\u00adrence<br>\nprie ins\u00adtan\u00adta\u00adn\u00e9\u00adment la classe ouvri\u00e8re de France<br>\nd\u2019exa\u00admi\u00adner ces ques\u00adtions sus\u00addites de concert avec l\u2019organisation<br>\npoli\u00adtique et ouvri\u00e8re de son propre pays, et, par une adh\u00e9sion<br>\naux Congr\u00e8s socia\u00adlistes inter\u00adna\u00adtio\u00adnaux, de col\u00adla\u00adbo\u00adrer&nbsp;\u00e0<br>\nla solu\u00adtion de ces ques\u00adtions, et, dans la suite, de s\u2019af\u00adfi\u00adlier&nbsp;\u00e0<br>\nl\u2019or\u00adga\u00adni\u00adsa\u00adtion syn\u00addi\u00adcale inter\u00adna\u00adtio\u00adnale, dans le but de r\u00e9soudre<br>\nles pro\u00adbl\u00e8mes syn\u00addi\u00adcaux<\/u>.<\/i><\/p>\n<p style=\"margin-bottom: 0cm;\" align=\"justify\">\tCertes, il n\u2019est&nbsp;pas<br>\ndans la pen\u00ads\u00e9e des syn\u00addi\u00adca\u00adlistes fran\u00ad\u00e7ais de pr\u00e9tendre<br>\nque les ques\u00adtions de la gr\u00e8ve g\u00e9n\u00e9\u00adrale et&nbsp;de<br>\nl\u2019an\u00adti\u00admi\u00adli\u00adta\u00adrisme rel\u00e8vent de la com\u00adp\u00e9\u00adtence&nbsp;des<br>\nfonc\u00adtion\u00adnaires syn\u00addi\u00adcaux, aus\u00adsi le Congr\u00e8s conf\u00e9d\u00e9ral<br>\nde Mar\u00adseille prit-il le soin de deman\u00adder l\u2019or\u00adga\u00adni\u00adsa\u00adtion de Congr\u00e8s<br>\ninter\u00adna\u00adtio\u00adnaux o\u00f9 ces ques\u00adtions seraient uti\u00adle\u00adment discut\u00e9es.<\/p>\n<p style=\"margin-bottom: 0cm;\" align=\"justify\">\tPlus uti\u00adle\u00adment,&nbsp;sans<br>\nconteste, que dans les Congr\u00e8s de propri\u00e9taires,<br>\nd\u2019a\u00advo\u00adcats, de m\u00e9de\u00adcins, de pro\u00adfes\u00adsion\u00adnels de la poli\u00adtique&nbsp;que<br>\nsont les Congr\u00e8s inter\u00adna\u00adtio\u00adnaux socia\u00adlistes, o\u00f9&nbsp;les<br>\npr\u00e9\u00adoc\u00adcu\u00adpa\u00adtions par\u00adle\u00admen\u00adtaires dominent tout, \u00e9crasent<br>\ntout, enterrent tout.<\/p>\n<p style=\"margin-bottom: 0cm;\" align=\"justify\">\tPeut-on regar\u00adder&nbsp;sans<br>\ntris\u00adtesse le che\u00admin fait par les id\u00e9es de r\u00e9sis\u00adtance&nbsp;\u00e0<br>\nla guerre depuis 1891, depuis le Congr\u00e8s international<br>\nsocia\u00adliste de Bruxelles o\u00f9 Dome\u00adla Nieu\u00adwen\u00adhuis d\u00e9fendait<br>\ncette r\u00e9solution&nbsp;:<\/p>\n<p style=\"margin-bottom: 0cm;\" align=\"justify\">\t<i>Le Congr\u00e8s<br>\nd\u00e9clare que les socia\u00adlistes de tous les pays r\u00e9pondront<br>\n\u00e0 la d\u00e9cla\u00adra\u00adtion d\u2019une guerre par un appel au peuple,<br>\npour pro\u00adcla\u00admer la gr\u00e8ve g\u00e9n\u00e9rale.<\/i><\/p>\n<p style=\"margin-bottom: 0cm;\" align=\"justify\">\tReve\u00adnue au Congr\u00e8s<br>\nsui\u00advant de Zurich (1893), cette id\u00e9e, bien sou\u00adte\u00adnue&nbsp;par<br>\nDejeante, au nom de la d\u00e9l\u00e9\u00adga\u00adtion fran\u00ad\u00e7aise, fut<br>\nassom\u00adm\u00e9e par toutes les crosses sociales-d\u00e9mocrates,<br>\ndepuis Ple\u00adka\u00adnoff jus\u00adqu\u2019\u00e0 Liebk\u00adnecht, et enter\u00adr\u00e9e&nbsp;pour<br>\nde belles ann\u00e9es. Il a fal\u00adlu Her\u00adv\u00e9, quinze ans&nbsp;plus<br>\ntard, pour la res\u00adsus\u00adci\u00adter dans les assises socia\u00adlistes, mais&nbsp;sans<br>\nplus de suc\u00adc\u00e8s que Dome\u00adla Nieu\u00adwen\u00adhuis. Qu\u2019a-t-on fait dans&nbsp;ces<br>\nquinze ann\u00e9es&nbsp;? On a&nbsp;dormi.<\/p>\n<p style=\"margin-bottom: 0cm;\" align=\"justify\">\tEt c\u2019est dans ce dortoir<br>\nou ce cime\u00adti\u00e8re qu\u2019on veut envoyer les syn\u00addi\u00adcats&nbsp;?&nbsp;Merci.<\/p>\n<p style=\"margin-bottom: 0cm;\" align=\"justify\">\tMais que pen\u00adser de&nbsp;ce<br>\nfameux res\u00adpect des ten\u00addances et des tac\u00adtiques de chaque pays proclam\u00e9<br>\npar la r\u00e9so\u00adlu\u00adtion d\u2019Am\u00adster\u00addam&nbsp;? N\u2019est-ce pas mettre les<br>\ndeux pieds en pleine ques\u00adtion de tac\u00adtique et de ten\u00addance&nbsp;que<br>\nd\u2019exa\u00admi\u00adner et de tran\u00adcher pour la France la ques\u00adtion des rap\u00adports&nbsp;des<br>\nsyn\u00addi\u00adcats et du par\u00adti socia\u00adliste et de nous envoyer aux Congr\u00e8s<br>\ninter\u00adna\u00adtio\u00adnaux socialistes&nbsp;?<\/p>\n<p style=\"margin-bottom: 0cm;\" align=\"justify\">\tCes ques\u00adtions de&nbsp;la<br>\ngr\u00e8ve g\u00e9n\u00e9\u00adrale et de l\u2019an\u00adti\u00admi\u00adli\u00adta\u00adrisme, le<br>\nSecr\u00e9\u00adta\u00adriat inter\u00adna\u00adtio\u00adnal n\u2019i\u00adgnore pas que de grands Congr\u00e8s<br>\ninter\u00adna\u00adtio\u00adnaux de cor\u00adpo\u00adra\u00adtions, comme ceux des mineurs et de&nbsp;la<br>\nm\u00e9tal\u00adlur\u00adgie, les ont abor\u00add\u00e9es, discut\u00e9es,<br>\nsolu\u00adtion\u00adn\u00e9es. Elles sont donc bien du domaine syndical.<br>\nPour\u00adquoi leur refu\u00adser alors l\u2019ac\u00adc\u00e8s dans des Congr\u00e8s<br>\ninter\u00adna\u00adtio\u00adnaux de toutes les corporations&nbsp;?<\/p>\n<p style=\"margin-bottom: 0cm;\" align=\"justify\">\tTout sim\u00adple\u00adment&nbsp;parce<br>\nqu\u2019il faut emp\u00ea\u00adcher une entente inter\u00adna\u00adtio\u00adnale de la classe<br>\nouvri\u00e8re sur le ter\u00adrain \u00e9co\u00adno\u00admique, au risque d\u2019\u00eatre<br>\nsans coh\u00e9\u00adsion, d\u2019\u00eatre impuis\u00adsants devant les crimes des<br>\nma\u00eetres et des tyrans.<\/p>\n<h2 class=\"western\">\n<h2>La Conf\u00e9rence internationale de&nbsp;Paris<\/h2>\n<p><\/p>\n<p style=\"margin-bottom: 0cm;\" align=\"justify\">\tArrivons\u2011y. Le Congr\u00e8s<br>\nconf\u00e9\u00add\u00e9\u00adral de Mar\u00adseille d\u00e9ci\u00adda de par\u00adti\u00adci\u00adper&nbsp;\u00e0<br>\nnou\u00adveau et acti\u00adve\u00adment aux tra\u00advaux du Secr\u00e9\u00adta\u00adriat international<br>\net aux Conf\u00e9\u00adrences internationales&nbsp;:<\/p>\n<p style=\"margin-bottom: 0cm;\" align=\"justify\">\t<i>\u2026 Le Congr\u00e8s<br>\naffirme son ardent d\u00e9sir de rendre plus \u00e9troites et<br>\nplus effi\u00adcaces les rela\u00adtions inter\u00adna\u00adtio\u00adnales. Il rap\u00adpelle&nbsp;la<br>\nr\u00e9so\u00adlu\u00adtion d\u2019A\u00admiens qu\u2019il com\u00adpl\u00e8te en don\u00adnant man\u00addat&nbsp;au<br>\nComi\u00adt\u00e9 conf\u00e9\u00add\u00e9\u00adral de r\u00e9pondre aux<br>\nconvo\u00adca\u00adtions du Bureau inter\u00adna\u00adtio\u00adnal, en lui deman\u00addant de mettre \u00e0<br>\nl\u2019ordre du jour de la pre\u00admi\u00e8re Conf\u00e9\u00adrence la question<br>\ndes Congr\u00e8s inter\u00adna\u00adtio\u00adnaux du Tra\u00advail o\u00f9 seraient<br>\nexa\u00admi\u00adn\u00e9es les ques\u00adtions dont la dis\u00adcus\u00adsion fut jusqu\u2019ici<br>\nsys\u00adt\u00e9\u00adma\u00adti\u00adque\u00adment refus\u00e9e.<\/i><\/p>\n<p style=\"margin-bottom: 0cm;\" align=\"justify\">\tCette ques\u00adtion&nbsp;des<br>\nCongr\u00e8s inter\u00adna\u00adtio\u00adnaux fut ins\u00adcrite \u00e0 l\u2019ordre du&nbsp;jour<br>\nde la Conf\u00e9\u00adrence. Le si\u00e8ge de celle-ci fut&nbsp;m\u00eame<br>\nchan\u00adg\u00e9 et fix\u00e9 \u00e0&nbsp;Paris.<\/p>\n<p style=\"margin-bottom: 0cm;\" align=\"justify\">\tFaut-il attri\u00adbuer&nbsp;ces<br>\nmesures \u00e0 une d\u00e9tente dans les rap\u00adports avec&nbsp;le<br>\nsyn\u00addi\u00adca\u00adlisme fran\u00ad\u00e7ais&nbsp;? <font face=\"Times New Roman, serif\">\u00c0<\/font><br>\npre\u00admi\u00e8re vue, on peut les inter\u00adpr\u00e9\u00adter de cette&nbsp;fa\u00e7on.<br>\n<font face=\"Times New Roman, serif\">\u00c0<\/font> regar\u00adder de&nbsp;plus<br>\npr\u00e8s, on s\u2019a\u00adper\u00ad\u00e7oit qu\u2019il n\u2019en est abso\u00adlu\u00adment&nbsp;rien.<\/p>\n<p style=\"margin-bottom: 0cm;\" align=\"justify\">\tLorsque fut prise&nbsp;la<br>\nd\u00e9ci\u00adsion de trans\u00adf\u00e9\u00adrer le si\u00e8ge de la Conf\u00e9rence<br>\n\u00e0 Paris, un fait impor\u00adtant venait de se pro\u00adduire&nbsp;: les<br>\nsyn\u00addi\u00adca\u00adlistes r\u00e9vo\u00adlu\u00adtion\u00adnaires venaient de perdre le<br>\nsecr\u00e9\u00adta\u00adriat de la C.G.T. On crut le moment venu de ral\u00adlier&nbsp;une<br>\nFrance ouvri\u00e8re abju\u00adrant ses fautes pas\u00ads\u00e9es. Puis,&nbsp;quel<br>\ncoup d\u2019\u00e9\u00adpaule pour le r\u00e9for\u00admisme que de le voir appuy\u00e9<br>\npar toute l\u2019Eu\u00adrope syn\u00addi\u00adcale et\u2026 sociale-d\u00e9mocrate&nbsp;.<\/p>\n<p style=\"margin-bottom: 0cm;\" align=\"justify\">\tMais, la temp\u00eate<br>\nde la gr\u00e8ve des postes avait empor\u00adt\u00e9 Niel&nbsp;;&nbsp;les<br>\nr\u00e9vo\u00adlu\u00adtion\u00adnaires avaient repris le secr\u00e9\u00adta\u00adriat de&nbsp;la<br>\nC.G.T.<\/p>\n<p style=\"margin-bottom: 0cm;\" align=\"justify\">\tLa situa\u00adtion&nbsp;\u00e9tait<br>\ntout autre qu\u2019on ne l\u2019es\u00adp\u00e9\u00adrait. Aus\u00adsi n\u2019\u00e9\u00adtait-on pas<br>\npeu inquiet au Secr\u00e9\u00adta\u00adriat inter\u00adna\u00adtio\u00adnal&nbsp;! Si&nbsp;peu<br>\ninquiet, qu\u2019on pr\u00e9\u00advoyait des impos\u00adsi\u00adbi\u00adli\u00adt\u00e9s&nbsp;\u00e0<br>\ntenir la Conf\u00e9\u00adrence \u00e0 Paris et qu\u2019en pr\u00e9vision<br>\non avait rete\u00adnu une salle \u00e0 Bruxelles o\u00f9 tout le&nbsp;monde<br>\nsocial-d\u00e9mo\u00adcrate aurait fil\u00e9. Tout le monde res\u00adta&nbsp;\u00e0<br>\nParis.<\/p>\n<p style=\"margin-bottom: 0cm;\" align=\"justify\">\tMais la Conf\u00e9rence<br>\nne fut pas sans saveur&nbsp;; la grosse ques\u00adtion, le \u00ab&nbsp;clou&nbsp;\u00bb,<br>\nc\u2019\u00e9\u00adtait, on le pense bien, les Congr\u00e8s internationaux.<\/p>\n<p style=\"margin-bottom: 0cm;\" align=\"justify\">\tLa Conf\u00e9rence<br>\ndevait durer deux jours&nbsp;: le lun\u00addi 31 ao\u00fbt et le mar\u00addi 1<sup>er<\/sup><br>\nsep\u00adtembre. Le mar\u00addi apr\u00e8s-midi, donc \u00e0 la derni\u00e8re<br>\ns\u00e9ance pr\u00e9\u00advue, le tour de dis\u00adcus\u00adsion des Congr\u00e8s<br>\ninter\u00adna\u00adtio\u00adnaux arrive. Pape\u00adlard, le citoyen Camille Huys\u00admans, d\u00e9l\u00e9gu\u00e9<br>\nde la Com\u00admis\u00adsion syn\u00addi\u00adcale belge, mais aus\u00adsi secr\u00e9\u00adtaire&nbsp;du<br>\nBureau socia\u00adliste inter\u00adna\u00adtio\u00adnal, se l\u00e8ve pour deman\u00adder s\u2019il&nbsp;ne<br>\nserait pas pr\u00e9\u00adf\u00e9\u00adrable de pas\u00adser aupa\u00adra\u00advant aux menues<br>\nques\u00adtions qui com\u00adpl\u00e8tent l\u2019ordre du jour.\u200a\u2014\u200aElles&nbsp;ne<br>\ndeman\u00adde\u00adront pas grande dis\u00adcus\u00adsion, affirme-t-il, et nous pour\u00adrons&nbsp;\u00e0<br>\nloi\u00adsir dis\u00adcu\u00adter l\u2019im\u00adpor\u00adtante ques\u00adtion sou\u00admise par la France.<\/p>\n<p style=\"margin-bottom: 0cm;\" align=\"justify\">\tC\u2019est un vieux tour.&nbsp;La<br>\nmalice est cou\u00adsue d\u2019un trop gros fil blanc. On est \u00e0&nbsp;la<br>\nder\u00adni\u00e8re s\u00e9ance&nbsp;; les ques\u00adtions que l\u2019on&nbsp;veut<br>\nfaire pas\u00adser avant celle des Congr\u00e8s, pren\u00addront&nbsp;toute<br>\nl\u2019a\u00adpr\u00e8s-midi et l\u2019on se s\u00e9pa\u00adre\u00adra en disant&nbsp;:<br>\nBon\u00adsoir, mes\u00adsieurs les syndicalistes&nbsp;!<\/p>\n<p style=\"margin-bottom: 0cm;\" align=\"justify\">\tJou\u00adhaux ne laisse pas<br>\nfaire. La ques\u00adtion des Congr\u00e8s gar\u00adde\u00adra son tour.\u200a\u2014\u200aQu\u2019\u00e0<br>\ncela ne tienne, r\u00e9plique Huys\u00admans. Je n\u2019y atta\u00adchais&nbsp;pas<br>\nd\u2019importance.<\/p>\n<p style=\"margin-bottom: 0cm;\" align=\"justify\">\tQuelle autre malice a<br>\ndonc dans son sac le secr\u00e9\u00adtaire du Bureau socialiste<br>\ninter\u00adna\u00adtio\u00adnal&nbsp;? On ne va pas tar\u00adder \u00e0 le savoir.<\/p>\n<p style=\"margin-bottom: 0cm;\" align=\"justify\">\tLoya\u00adle\u00adment, nettement,<br>\nJou\u00adhaux expose les rai\u00adsons qui ont ame\u00adn\u00e9 la France \u00e0<br>\ndeman\u00adder l\u2019or\u00adga\u00adni\u00adsa\u00adtion de Congr\u00e8s inter\u00adna\u00adtio\u00adnaux. Ce&nbsp;n\u2019est<br>\npas une nou\u00advelle ques\u00adtion qui se pose&nbsp;; la France essaya d\u2019en<br>\nr\u00e9a\u00adli\u00adser l\u2019ob\u00adjet en 1900&nbsp;; en 1902, son d\u00e9l\u00e9gu\u00e9<br>\n\u00e0 Stutt\u00adgart en fit la pro\u00adpo\u00adsi\u00adtion. Il rap\u00adpelle le refus&nbsp;de<br>\ndis\u00adcu\u00adter la gr\u00e8ve g\u00e9n\u00e9\u00adrale et l\u2019antimilitarisme.<br>\nIl \u00e9voque la seule objec\u00adtion qui puisse \u00eatre&nbsp;faite&nbsp;:<br>\nles syn\u00addi\u00adcats peuvent aller aux Congr\u00e8s socialistes<br>\ninter\u00adna\u00adtio\u00adnaux et il r\u00e9pond&nbsp;: les Congr\u00e8s<br>\npoli\u00adtiques ne peuvent envi\u00adsa\u00adger les ques\u00adtions ouvri\u00e8res. C\u2019est<br>\naux orga\u00adni\u00adsa\u00adtions ouvri\u00e8res elles-m\u00eames \u00e0&nbsp;le<br>\nfaire.<\/p>\n<p style=\"margin-bottom: 0cm;\" align=\"justify\">\tIl est bref. Huysmans,<br>\ncepen\u00addant, a eu le temps de faire le tour des deux longues tables<br>\nautour des\u00adquelles sont ins\u00adtal\u00adl\u00e9s les d\u00e9l\u00e9gu\u00e9s,<br>\nfai\u00adsant cir\u00adcu\u00adler une feuille de papier que cha\u00adcun signe&nbsp;avec<br>\nempressement.<\/p>\n<p style=\"margin-bottom: 0cm;\" align=\"justify\">\tQue contient cette<br>\nfeuille&nbsp;? D\u00e8s que Jou\u00adhaux s\u2019as\u00adsied, Hue\u00adber, de Vienne,<br>\nnous en donne lec\u00adture sur un ton solen\u00adnel. Hue\u00adber, vous le connaissez<br>\npeu. C\u2019\u00e9\u00adtait le g\u00e9n\u00e9\u00adral social-d\u00e9mocrate<br>\n\u00e0 la Conf\u00e9\u00adrence. Autre\u00adfois le g\u00e9n\u00e9ralissime,<br>\ndans les Congr\u00e8s poli\u00adtiques comme dans les Congr\u00e8s<br>\nsyn\u00addi\u00adcaux, appar\u00adte\u00adnait de droit aux Alle\u00admands. Depuis deux ans,&nbsp;les<br>\nAutri\u00adchiens leur ont dam\u00e9 le pion&nbsp;; ils ont envoy\u00e9<br>\nplus de 80 d\u00e9pu\u00adt\u00e9s socia\u00adlistes au Parlement.<br>\nL\u2019Al\u00adle\u00admagne en pos\u00ads\u00e9\u00addant moins a d\u00fb abdi\u00adquer&nbsp;la<br>\ndirec\u00adtion de la social-d\u00e9mo\u00adcra\u00adtie. Et il fal\u00adlait voir comment<br>\nHue\u00adber menait son escouade et tan\u00ad\u00e7ait les indisciplin\u00e9s<br>\nou cognait sur les adver\u00adsaires. Legien lui-m\u00eame n\u2019\u00e9chappa<br>\npoint \u00e0 sa f\u00e9rule. Quant \u00e0 Gom\u00adpers, il peut&nbsp;se<br>\ntenir pour aver\u00adti qu\u2019il n\u2019en remon\u00adtre\u00adra pas \u00e0 un vieux&nbsp;lapin<br>\ncomme Hueber.<\/p>\n<p style=\"margin-bottom: 0cm;\" align=\"justify\">\tLe g\u00e9n\u00e9ralissime<br>\nse l\u00e8ve donc et&nbsp;lit&nbsp;:<\/p>\n<p style=\"margin-bottom: 0cm;\" align=\"justify\">\t<i>Au nom des d\u00e9l\u00e9gu\u00e9s<br>\nd\u2019An\u00adgle\u00adterre, Bel\u00adgique, Nor\u00adv\u00e8ge, Autriche, Dane\u00admark, Hollande<br>\nSuisse, Espagne, Ita\u00adlie, Croa\u00adtie, Bos\u00adnie, Hon\u00adgrie, j\u2019ai&nbsp;une<br>\nd\u00e9cla\u00adra\u00adtion \u00e0 faire. Il a sem\u00adbl\u00e9 aux d\u00e9l\u00e9gu\u00e9s<br>\nde toutes ces nations, que la tenue de Congr\u00e8s ouvriers<br>\ninter\u00adna\u00adtio\u00adnaux \u00e9tait impos\u00adsible et inop\u00adpor\u00adtune. Ils craignent<br>\nque les Congr\u00e8s ne soient une Babel o\u00f9 aucun tra\u00advail&nbsp;ne<br>\nsera&nbsp;fait.<\/i><\/p>\n<p style=\"margin-bottom: 0cm;\" align=\"justify\"><i>\tSur\u00adtout, ils estiment<br>\nque l\u2019ac\u00adtion poli\u00adtique et l\u2019ac\u00adtion syn\u00addi\u00adcale sont les deux bras&nbsp;mis<br>\nen mou\u00adve\u00adment par la volon\u00adt\u00e9 unique du prol\u00e9tariat.<\/i><\/p>\n<p style=\"margin-bottom: 0cm;\" align=\"justify\"><i>\tIl faut agir avec&nbsp;les<br>\ndeux bras. Il faut unir les deux mou\u00adve\u00adments. Ce serait un&nbsp;crime<br>\ncontre le pro\u00adl\u00e9\u00adta\u00adriat que de ne pas lut\u00adter sur les&nbsp;deux<br>\nterrains.<\/i><\/p>\n<p style=\"margin-bottom: 0cm;\" align=\"justify\">\tIl se ras\u00adsied,&nbsp;sans<br>\nplus. Vous pou\u00advez, d\u00e9l\u00e9\u00adgu\u00e9s de la C.G.T., dire<br>\ntout ce que vous vou\u00adlez, vous connais\u00adsez d\u2019a\u00advance le sort de&nbsp;votre<br>\npro\u00adpo\u00adsi\u00adtion. Elle a contre elle toutes les nations. Vous avez&nbsp;donc<br>\nint\u00e9\u00adr\u00eat \u00e0 ren\u00adtrer vos discours.<\/p>\n<p style=\"margin-bottom: 0cm;\" align=\"justify\">\tPas mal, n\u2019est-ce pas,<br>\nle deuxi\u00e8me tour mani\u00adgan\u00adc\u00e9 par Huysmans&nbsp;?<\/p>\n<p style=\"margin-bottom: 0cm;\" align=\"justify\">\tToutes les nations<br>\ncepen\u00addant n\u2019ont pas sign\u00e9. Il manque la signa\u00adture&nbsp;de<br>\nl\u2019Al\u00adle\u00admagne. Qu\u2019est-ce \u00e0 dire&nbsp;? Legien rue\u00adrait-il dans<br>\nles bran\u00adcards sociaux-d\u00e9mo\u00adcrates&nbsp;? Il para\u00eet que&nbsp;le<br>\nd\u00e9sir ne lui en manque pas. Le joug lui p\u00e8se.&nbsp;La<br>\nsocial-d\u00e9mo\u00adcra\u00adtie est encore trop avan\u00adc\u00e9e pour&nbsp;lui.<\/p>\n<p style=\"margin-bottom: 0cm;\" align=\"justify\">\tDans un discours<br>\nsavam\u00adment dos\u00e9, il rosse d\u2019im\u00adpor\u00adtance le syndicalisme<br>\nfran\u00ad\u00e7ais, pr\u00e9\u00adten\u00addant qu\u2019il arrive bon der\u00adnier&nbsp;dans<br>\nl\u2019In\u00adter\u00adna\u00adtio\u00adnale syn\u00addi\u00adcale tant au point de vue de l\u2019or\u00adga\u00adni\u00adsa\u00adtion,&nbsp;de<br>\nla coh\u00e9\u00adsion que de l\u2019es\u00adprit de sacri\u00adfice. Mais il faut&nbsp;faire<br>\nrisette \u00e0 Gom\u00adpers qui a presque subor\u00addon\u00adn\u00e9 l\u2019adh\u00e9sion<br>\nde l\u2019<i>Ame\u00adri\u00adcan Fede\u00adra\u00adtion of Labor<\/i> \u00e0 la transformation<br>\ndu Secr\u00e9\u00adta\u00adriat en Conf\u00e9\u00add\u00e9\u00adra\u00adtion internationale<br>\net \u00e0 l\u2019or\u00adga\u00adni\u00adsa\u00adtion de Congr\u00e8s internationaux.<\/p>\n<p style=\"margin-bottom: 0cm;\" align=\"justify\">\tLes Congr\u00e8s<br>\ninter\u00adna\u00adtio\u00adnaux sont impos\u00adsibles momen\u00adta\u00adn\u00e9\u00adment. Mais dans&nbsp;un<br>\nave\u00adnir plus ou moins rap\u00adpro\u00adch\u00e9, \u00e0 mesure que&nbsp;le<br>\nmou\u00adve\u00adment cro\u00ee\u00adtra en coh\u00e9\u00adsion et en force, ils peuvent<br>\n\u00eatre r\u00e9alisables.<\/p>\n<p style=\"margin-bottom: 0cm;\" align=\"justify\">\tSi la C.G.T. n\u2019a pas&nbsp;de<br>\ngrosse caisse, l\u2019argent des coti\u00adsa\u00adtions allant non aux caisses<br>\nf\u00e9d\u00e9\u00adrales ou conf\u00e9\u00add\u00e9\u00adrale mais en grande<br>\npar\u00adtie aux mil\u00adliers de caisses syn\u00addi\u00adcales, il n\u2019en est pas de&nbsp;m\u00eame<br>\npour l\u2019<i>Ame\u00adri\u00adcan Fede\u00adra\u00adtion<\/i> et seules, on le sait, les caisses<br>\ncomptent \u00e0 cer\u00adtains yeux comme une&nbsp;force.<\/p>\n<p style=\"margin-bottom: 0cm;\" align=\"justify\">\tHue\u00adber se redresse. La<br>\npro\u00adpo\u00adsi\u00adtion fran\u00ad\u00e7aise doit \u00eatre repouss\u00e9e<br>\naujourd\u2019\u00adhui et pour tou\u00adjours. Il ne faut plus qu\u2019il en soit question.<br>\nQuant \u00e0 Legien, il ne peut accep\u00adter le prin\u00adcipe des Congr\u00e8s,<br>\nce serait en contra\u00addic\u00adtion avec ses prin\u00adcipes&nbsp;m\u00eames.<\/p>\n<p style=\"margin-bottom: 0cm;\" align=\"justify\">\tIl a beau&nbsp;faire&nbsp;;<br>\nLegien a brouill\u00e9 l\u2019es\u00adcouade&nbsp;; Rigo\u00adla, au nom&nbsp;de<br>\nl\u2019I\u00adta\u00adlie, d\u00e9clare qu\u2019en signant la d\u00e9cla\u00adra\u00adtion il&nbsp;n\u2019a<br>\npas plus vou\u00adlu fer\u00admer la porte \u00e0 de futurs Congr\u00e8s que<br>\nla leur ouvrir&nbsp;; Hug\u00adgler en dit autant pour la Suisse&nbsp;;<br>\nBerg\u00admans, pour la Belgique.<\/p>\n<p style=\"margin-bottom: 0cm;\" align=\"justify\">\tS\u2019il n\u2019y avait eu que&nbsp;la<br>\nFrance en jeu, il est bien cer\u00adtain que l\u2019u\u00adna\u00adni\u00admi\u00adt\u00e9&nbsp;de<br>\nChris\u00adtia\u00adnia se serait retrou\u00adv\u00e9e. Mais il y avait l\u2019<i>Ame\u00adri\u00adcan<br>\nFede\u00adra\u00adtion<\/i>.<\/p>\n<p style=\"margin-bottom: 0cm;\" align=\"justify\">\tYve\u00adtot et Jouhaux,<br>\ncepen\u00addant, ont fon\u00adc\u00e9 dur et droit toute l\u2019apr\u00e8s-midi<br>\nmon\u00adtrant et remon\u00adtrant le point o\u00f9 p\u00e8se le&nbsp;b\u00e2t&nbsp;:<br>\nVous crai\u00adgnez que ces Congr\u00e8s inter\u00adna\u00adtio\u00adnaux nuisent aux<br>\nCongr\u00e8s Socialistes.<\/p>\n<p style=\"margin-bottom: 0cm;\" align=\"justify\">\tIls l\u2019ont fait&nbsp;avec<br>\nardeur, t\u00e9na\u00adci\u00adt\u00e9, habi\u00adle\u00adt\u00e9. Ils n\u2019ont convaincu<br>\nper\u00adsonne, c\u2019est cer\u00adtain. Mais, \u00e0 tout le moins, ils ont&nbsp;dit<br>\nles v\u00e9ri\u00adt\u00e9s qu\u2019il fal\u00adlait faire entendre et prouv\u00e9<br>\nqu\u2019on n\u201c\u00e9tait pas dupes&nbsp;: il n\u2019y aura&nbsp;pas<br>\nd\u2019in\u00adter\u00adna\u00adtio\u00adnale syn\u00addi\u00adcale parce qu\u2019il existe une internationale<br>\nsocia\u00adliste. Cette der\u00adni\u00e8re ne fait rien, mais cela n\u2019a&nbsp;pas<br>\nd\u2019im\u00adpor\u00adtance. Qu\u2019im\u00adporte le besoin&nbsp;? L\u2019or\u00adgane ne leur est&nbsp;pas<br>\nadap\u00adt\u00e9. Qu\u2019il vive quand m\u00eame et que&nbsp;cr\u00e8ve<br>\nl\u2019or\u00adgane qui cor\u00adres\u00adpon\u00addrait au besoin.<\/p>\n<p style=\"margin-bottom: 0cm;\" align=\"justify\">\tJou\u00adhaux et Yve\u00adtot&nbsp;n\u2019ont<br>\nconvain\u00adcu per\u00adsonne. Ils ont tout de m\u00eame fait un s\u00e9rieux<br>\nplai\u00adsir \u00e0 Gom\u00adpers.\u200a\u2014\u200aToutes mes congra\u00adtu\u00adla\u00adtions pour ce&nbsp;beau<br>\ncom\u00adbat, leur crie-t-il, en leur ser\u00adrant les&nbsp;mains.<\/p>\n<h2 class=\"western\">\n<h2>Et maintenant&nbsp;?<\/h2>\n<p style=\"margin-bottom: 0cm;\" align=\"justify\">\tL\u2019<i>Ame\u00adri\u00adcan Federation<br>\nof Labor<\/i> est adh\u00e9\u00adrente aujourd\u2019\u00adhui au Secr\u00e9tariat<br>\ninter\u00adna\u00adtio\u00adnal. Elle pour\u00adra cette fois d\u00e9po\u00adser et d\u00e9fendre<br>\ndes pro\u00adpo\u00adsi\u00adtions. Repren\u00addra-t-elle \u00e0 la Conf\u00e9\u00adrence&nbsp;de<br>\nBuda-Pest ses pro\u00adpo\u00adsi\u00adtions de cette ann\u00e9e&nbsp;?&nbsp;C\u2019est<br>\npos\u00adsible. Mais ce n\u2019est pas cer\u00adtain. C\u2019est si loin l\u2019Am\u00e9rique<br>\net les sen\u00adti\u00adments inter\u00adna\u00adtio\u00adna\u00adlistes de l\u2019<i>Ame\u00adri\u00adcan Federation<\/i><br>\nparaissent si peu vigoureux&nbsp;!<\/p>\n<p style=\"margin-bottom: 0cm;\" align=\"justify\">\tC\u2019est d\u2019elle, cependant,<br>\nque d\u00e9pend la cr\u00e9a\u00adtion v\u00e9ri\u00adtable&nbsp;de<br>\nl\u2019In\u00adter\u00adna\u00adtio\u00adnale syn\u00addi\u00adcale. Elle seule pour\u00adrait fl\u00e9\u00adchir&nbsp;le<br>\nSecr\u00e9\u00adta\u00adriat inter\u00adna\u00adtio\u00adnal et d\u00e9ci\u00adder les syndicaux<br>\nalle\u00admands \u00e0 consti\u00adtuer \u00e0 c\u00f4t\u00e9&nbsp;de<br>\nl\u2019In\u00adter\u00adna\u00adtio\u00adnale par\u00adle\u00admen\u00adtaire une Inter\u00adna\u00adtio\u00adnale ouvri\u00e8re.<br>\nDans l\u2019es\u00adprit de Gom\u00adpers comme dans celui de Legien, il est certain<br>\nque cette Inter\u00adna\u00adtio\u00adnale devrait \u00eatre ani\u00adm\u00e9e d\u2019un esprit<br>\nterre-\u00e0-terre.<\/p>\n<p style=\"margin-bottom: 0cm;\" align=\"justify\">\tQu\u2019elle se consti\u00adtue&nbsp;et<br>\nnous ver\u00adrons bien si les n\u00e9ces\u00adsi\u00adt\u00e9s de la d\u00e9fense<br>\nouvri\u00e8re ne rel\u00e8\u00adve\u00adront pas son id\u00e9al et&nbsp;son<br>\ntem\u00adp\u00e9\u00adra\u00adment. Pour ma part, je ne suis pas pes\u00adsi\u00admiste. Qu\u2019on<br>\nmette en face les uns des autres de v\u00e9ri\u00adtables ouvriers de<br>\ntous pays et que les faits sur\u00adgissent devant eux&nbsp;; il n\u2019est&nbsp;pas<br>\npos\u00adsible qu\u2019ils ne se haussent \u00e0 la hau\u00adteur des \u00e9v\u00e9nements.<\/p>\n<p style=\"margin-bottom: 0cm;\" align=\"justify\">\tMais le r\u00f4le&nbsp;des<br>\nsyn\u00addi\u00adca\u00adlistes fran\u00ad\u00e7ais est maigre dans cette voie. Ils&nbsp;ont<br>\nsur\u00adtout \u00e0 attendre. Leurs efforts au sein du Secr\u00e9tariat<br>\ninter\u00adna\u00adtio\u00adnal comp\u00adte\u00adront peu. C\u2019est \u00e0 une autre&nbsp;t\u00e2che<br>\nqu\u2019ils doivent se consa\u00adcrer&nbsp;: aider \u00e0 faire p\u00e9n\u00e9trer<br>\nles id\u00e9es syn\u00addi\u00adca\u00adlistes dans les pays sociaux-d\u00e9mocrates.<br>\nIl n\u2019est pas de pays o\u00f9 ne s\u2019af\u00adfirme une minorit\u00e9<br>\nr\u00e9vo\u00adlu\u00adtion\u00adnaire, faible ou puis\u00adsant, sou\u00advent en dehors de<br>\nl\u2019or\u00adga\u00adni\u00adsa\u00adtion cen\u00adtrale natio\u00adnale. Il faut, tout en res\u00adtant&nbsp;au<br>\nSecr\u00e9\u00adta\u00adriat inter\u00adna\u00adtio\u00adnal et en par\u00adti\u00adci\u00adpant \u00e0&nbsp;ses<br>\nConf\u00e9\u00adrences, ne pas perdre de vue ces mino\u00adri\u00adt\u00e9s anim\u00e9es<br>\nde concep\u00adtions sem\u00adblables aux n\u00f4tres. Il faut que nous suivions<br>\nleur mou\u00adve\u00adment et leur d\u00e9ve\u00adlop\u00adpe\u00adment comme elles sui\u00advront&nbsp;les<br>\nn\u00f4tres.<\/p>\n<p style=\"margin-bottom: 0cm;\" align=\"justify\">\tCertes, la situa\u00adtion&nbsp;est<br>\ndif\u00adfi\u00adcile et l\u2019on com\u00adprend les efforts de cer\u00adtaines de&nbsp;ces<br>\norga\u00adni\u00adsa\u00adtions amies pour en sor\u00adtir. <i>De Arbeid<\/i> (Le Travail),<br>\nl\u2019or\u00adgane du secr\u00e9\u00adta\u00adriat natio\u00adnal ouvrier de Hol\u00adlande disait<br>\nnotam\u00adment dans son num\u00e9\u00adro du 27 novembre&nbsp;:<\/p>\n<p style=\"margin-bottom: 0cm;\" align=\"justify\">\t<i>En Hol\u00adlande, le<br>\nSecr\u00e9\u00adta\u00adriat natio\u00adnal du Tra\u00advail se trouve pla\u00adc\u00e9&nbsp;en<br>\ndehors de l\u2019In\u00adter\u00adna\u00adtio\u00adnale&nbsp;; en Alle\u00admagne, l\u2019U\u00adnion libre&nbsp;des<br>\nsyn\u00addi\u00adcats&nbsp;; en Am\u00e9\u00adrique, les Tra\u00advailleurs indus\u00adtriels du<br>\nmonde&nbsp;; en Espagne, la <\/i><span style=\"font-style: normal;\">Soli\u00adda\u00adri\u00addad<br>\nObre\u00adra<\/span><i>&nbsp;; en Ita\u00adlie, en Suisse, en Autriche, de larges<br>\nmasses de syn\u00addi\u00adqu\u00e9s se trouvent \u00e9ga\u00adle\u00adment en dehors des<br>\nrela\u00adtions inter\u00adna\u00adtio\u00adnales, tan\u00addis que, dans les pays scandinaves,<br>\napr\u00e8s les \u00e9v\u00e9\u00adne\u00adments de Su\u00e8de, on&nbsp;peut<br>\ns\u2019at\u00adtendre \u00e0 des changements.&nbsp;<\/i><\/p>\n<p style=\"margin-bottom: 0cm;\" align=\"justify\"><i>\tEst-ce que le moment<br>\nn\u2019est pas venu pour recher\u00adcher s\u00e9rieu\u00adse\u00adment si cette situation<br>\npeut conti\u00adnuer plus long\u00adtemps encore&nbsp;? On attend l\u2019i\u00adni\u00adtia\u00adtive&nbsp;de<br>\nla France, nous le savons, mais elle pour\u00adrait tar\u00adder, de sorte que&nbsp;de<br>\ngrands int\u00e9\u00adr\u00eats sont n\u00e9gli\u00adg\u00e9s entre&nbsp;temps.<\/i><\/p>\n<p style=\"margin-bottom: 0cm;\" align=\"justify\"><i>\tPour nous, il n\u2019y&nbsp;a<br>\nrien \u00e0 gagner par l\u2019af\u00adfi\u00adlia\u00adtion \u00e0 l\u2019Internationale<br>\nsyn\u00addi\u00adcale des \u00e9l\u00e9\u00adments ouvriers am\u00e9ricains<br>\nsui\u00advant la tac\u00adtique de la petite bour\u00adgeoi\u00adsie, et, pour la C.G.T.<br>\nfran\u00ad\u00e7aise, pas davantage.<\/i><\/p>\n<p style=\"margin-bottom: 0cm;\" align=\"justify\"><i>\tIl nous semble donc<br>\nn\u00e9ces\u00adsaire qu\u2019on se pose s\u00e9rieu\u00adse\u00adment, dans tous&nbsp;les<br>\npays, la ques\u00adtion de savoir si l\u2019i\u00adso\u00adle\u00adment des organisations<br>\nsyn\u00addi\u00adcales r\u00e9vo\u00adlu\u00adtion\u00adnaires doit continuer.<\/i><\/p>\n<p style=\"margin-bottom: 0cm;\" align=\"justify\">\tCet iso\u00adle\u00adment&nbsp;des<br>\norga\u00adni\u00adsa\u00adtions syn\u00addi\u00adcales d\u2019es\u00adprit r\u00e9vo\u00adlu\u00adtion\u00adnaire n\u2019est&nbsp;que<br>\ntrop r\u00e9el. Mais faut-il y rem\u00e9\u00addier en consti\u00adtuant&nbsp;un<br>\ndeuxi\u00e8me secr\u00e9\u00adta\u00adriat inter\u00adna\u00adtio\u00adnal, Une deuxi\u00e8me<br>\nInter\u00adna\u00adtio\u00adnale&nbsp;? C\u2019est l\u2019o\u00adpi\u00adnion de nos amis hol\u00adlan\u00addais. Je&nbsp;ne<br>\nla par\u00adtage pas. Il est trop facile de pr\u00e9\u00advoir que si&nbsp;le<br>\npre\u00admier organe est volon\u00adtai\u00adre\u00adment impuis\u00adsant, le deuxi\u00e8me ne<br>\nle serait pas moins mal\u00adgr\u00e9 toute notre volont\u00e9.<\/p>\n<p style=\"margin-bottom: 0cm;\" align=\"justify\">\tLa pre\u00admi\u00e8re&nbsp;t\u00e2che<br>\n\u00e0 faire c\u2019est de nous res\u00adser\u00adrer mora\u00adle\u00adment, de nous conna\u00eetre<br>\nmieux, de nous infor\u00admer mutuel\u00adle\u00adment. L\u2019in\u00adter\u00adna\u00adtio\u00adna\u00adlisme, comme&nbsp;tous<br>\nles sen\u00adti\u00adments, car il est cela d\u2019a\u00adbord, a besoin d\u2019\u00eatre<br>\nali\u00admen\u00adt\u00e9 et il ne peut l\u2019\u00eatre qu\u2019\u00e0 une condition,<br>\nc\u2019est que nous sui\u00advions les grandes luttes sou\u00adte\u00adnues par les uns&nbsp;et<br>\npar les autres, que nous vibrions aux suc\u00adc\u00e8s comme aux revers<br>\nde nos amis loin\u00adtains, que nous enfon\u00adcions pro\u00adfon\u00add\u00e9\u00adment&nbsp;cette<br>\nv\u00e9ri\u00adt\u00e9 trop simple pour \u00eatre long\u00adtemps m\u00e9connue&nbsp;:<br>\nque par\u00adtout les tra\u00advailleurs sentent leur exploi\u00adta\u00adtion et&nbsp;que<br>\npar\u00adtout, par sur\u00adsauts ou par efforts tenaces ils font effort pour<br>\nredres\u00adser leur \u00e9chine et leur&nbsp;front.<\/p>\n<p style=\"margin-bottom: 0cm;\" align=\"justify\">\tAin\u00adsi se formera<br>\nl\u2019at\u00admo\u00adsph\u00e8re o\u00f9 pour\u00adra pous\u00adser vigou\u00adreu\u00adse\u00adment, en&nbsp;d\u00e9pit<br>\nde toutes les r\u00e9sis\u00adtances, l\u2019In\u00adter\u00adna\u00adtio\u00adnale syn\u00addi\u00adcale,&nbsp;la<br>\nv\u00e9ri\u00adtable Inter\u00adna\u00adtio\u00adnale ouvri\u00e8re, tra\u00advaillant \u00e0<br>\npro\u00adpa\u00adger l\u2019in\u00adter\u00adna\u00adtio\u00adna\u00adlisme, un inter\u00adna\u00adtio\u00adna\u00adlisme qui ne se limite<br>\npas \u00e0 \u00e9vi\u00adter sim\u00adple\u00adment la guerre\u200a\u2014\u200ace n\u2019est&nbsp;l\u00e0<br>\nque sa besogne d\u00e9fen\u00adsive, n\u00e9ga\u00adtive. pour\u00adrait-on dire&nbsp;\u2014<br>\nmais \u00e0 orga\u00adni\u00adser sans sou\u00adci des fron\u00adti\u00e8res l\u2019attaque<br>\ncontre le capitalisme.<\/p>\n<p style=\"margin-bottom: 0cm;\" align=\"justify\">Pierre Monatte<\/p>\n<\/h2><\/h2><\/h2>","protected":false},"excerpt":{"rendered":"<p>Dans son Congr\u00e8s de Toron\u00adto, la F\u00e9d\u00e9\u00adra\u00adtion am\u00e9\u00adri\u00adcaine du Tra\u00advail, l\u2019A\u00adme\u00adri\u00adcan Fede\u00adra\u00adtion of Labor, vient de d\u00e9ci\u00adder&nbsp;son adh\u00e9\u00adsion au Secr\u00e9\u00adta\u00adriat inter\u00adna\u00adtio\u00adnal. C\u2019est l\u00e0 un&nbsp;fait d\u2019une grande impor\u00adtance. Pour s\u2019en rendre compte, il est n\u00e9ces\u00adsaire de se repor\u00adter \u00e0 la der\u00adni\u00e8re Conf\u00e9\u00adrence inter\u00adna\u00adtio\u00adnale [[VIe Conf\u00e9\u00adrence des Secr\u00e9\u00adtaires des Centres natio\u00adnaux des Syn\u00addi\u00adcats, tenue&nbsp;\u00e0 Paris, du&nbsp;30&nbsp;[\u2026]<\/p>\n","protected":false},"author":1,"featured_media":0,"comment_status":"closed","ping_status":"closed","sticky":false,"template":"","format":"standard","meta":{"wp_typography_post_enhancements_disabled":false,"footnotes":""},"categories":[127],"tags":[],"ppma_author":[540],"class_list":["post-1116","post","type-post","status-publish","format-standard","hentry","category-la-vie-ouvriere-n6-20-decembre-1909"],"authors":[{"term_id":540,"user_id":1,"is_guest":0,"slug":"admin_3gikpwyf","display_name":"Vincent Dubuc","avatar_url":"https:\/\/secure.gravatar.com\/avatar\/d015720652c25fd2ced191ade86430094e1f288a17483713e3b34d26dea52507?s=96&d=mm&r=g","author_category":"","user_url":"https:\/\/la-presse-anarchiste.net","last_name":"Dubuc","first_name":"Vincent","job_title":"","description":""}],"_links":{"self":[{"href":"https:\/\/la-presse-anarchiste.net\/index.php\/wp-json\/wp\/v2\/posts\/1116","targetHints":{"allow":["GET"]}}],"collection":[{"href":"https:\/\/la-presse-anarchiste.net\/index.php\/wp-json\/wp\/v2\/posts"}],"about":[{"href":"https:\/\/la-presse-anarchiste.net\/index.php\/wp-json\/wp\/v2\/types\/post"}],"author":[{"embeddable":true,"href":"https:\/\/la-presse-anarchiste.net\/index.php\/wp-json\/wp\/v2\/users\/1"}],"replies":[{"embeddable":true,"href":"https:\/\/la-presse-anarchiste.net\/index.php\/wp-json\/wp\/v2\/comments?post=1116"}],"version-history":[{"count":0,"href":"https:\/\/la-presse-anarchiste.net\/index.php\/wp-json\/wp\/v2\/posts\/1116\/revisions"}],"wp:attachment":[{"href":"https:\/\/la-presse-anarchiste.net\/index.php\/wp-json\/wp\/v2\/media?parent=1116"}],"wp:term":[{"taxonomy":"category","embeddable":true,"href":"https:\/\/la-presse-anarchiste.net\/index.php\/wp-json\/wp\/v2\/categories?post=1116"},{"taxonomy":"post_tag","embeddable":true,"href":"https:\/\/la-presse-anarchiste.net\/index.php\/wp-json\/wp\/v2\/tags?post=1116"},{"taxonomy":"author","embeddable":true,"href":"https:\/\/la-presse-anarchiste.net\/index.php\/wp-json\/wp\/v2\/ppma_author?post=1116"}],"curies":[{"name":"wp","href":"https:\/\/api.w.org\/{rel}","templated":true}]}}