{"id":1119,"date":"2007-12-14T19:02:18","date_gmt":"2007-12-14T19:02:18","guid":{"rendered":"https:\/\/la-presse-anarchiste.net\/index.php\/2007\/12\/14\/legion-dhonneur-et-syndicalisme\/"},"modified":"2007-12-14T19:02:18","modified_gmt":"2007-12-14T19:02:18","slug":"legion-dhonneur-et-syndicalisme","status":"publish","type":"post","link":"https:\/\/la-presse-anarchiste.net\/index.php\/2007\/12\/14\/legion-dhonneur-et-syndicalisme\/","title":{"rendered":"L\u00e9gion d\u2019honneur et syndicalisme"},"content":{"rendered":"<div class=\"pdfprnt-buttons pdfprnt-buttons-post pdfprnt-top-right\"><a href=\"https:\/\/la-presse-anarchiste.net\/index.php\/wp-json\/wp\/v2\/posts\/1119?print=pdf\" class=\"pdfprnt-button pdfprnt-button-pdf\" target=\"_blank\"><img decoding=\"async\" src=\"https:\/\/la-presse-anarchiste.net\/wp-content\/plugins\/pdf-print\/images\/pdf.png\" alt=\"image_pdf\" title=\"Afficher le PDF\"><\/a><a href=\"https:\/\/la-presse-anarchiste.net\/index.php\/wp-json\/wp\/v2\/posts\/1119?print=print\" class=\"pdfprnt-button pdfprnt-button-print\" target=\"_blank\"><img decoding=\"async\" src=\"https:\/\/la-presse-anarchiste.net\/wp-content\/plugins\/pdf-print\/images\/print.png\" alt=\"image_print\" title=\"Contenu imprim\u00e9\"><\/a><\/div><p style=\"margin-bottom: 0cm;\" align=\"justify\">La publi\u00adca\u00adtion par&nbsp;la<br>\n<i>Guerre Sociale<\/i>[[N<sup>os<\/sup> des 6 et 13 octobre 1909.]],<br>\nde quelques docu\u00adments curieux autant qu\u2019in\u00adt\u00e9\u00adres\u00adsants sur&nbsp;les<br>\nrela\u00adtions de Keu\u00adfer, secr\u00e9\u00adtaire g\u00e9n\u00e9\u00adral de&nbsp;la<br>\nF\u00e9d\u00e9\u00adra\u00adtion du Livre, n\u2019a pas \u00e9t\u00e9&nbsp;sans<br>\ncau\u00adser une pro\u00adfonde sur\u00adprise chez tous ceux qui jugent les militants<br>\nouvriers d\u2019a\u00adbord sur leur valeur morale.<\/p>\n<p style=\"margin-bottom: 0cm;\" align=\"justify\">\tAvant ces r\u00e9v\u00e9lations,<br>\nKeu\u00adfer jouis\u00adsait, il faut le recon\u00adna\u00eetre, d\u2019une r\u00e9putation<br>\nde grand hon\u00adn\u00eate homme qui sem\u00adblait soli\u00adde\u00adment \u00e9tablie.<br>\nSes rela\u00adtions avec les gens de gou\u00adver\u00adne\u00adment n\u2019\u00e9taient<br>\ncepen\u00addant pas igno\u00adr\u00e9es. Et ses fr\u00e9\u00adquen\u00adta\u00adtions avec&nbsp;les<br>\npar\u00adti\u00adsans de la paix sociale r\u00e9sul\u00adtaient trop logi\u00adque\u00adment&nbsp;de<br>\nson syn\u00addi\u00adca\u00adlisme mod\u00e9\u00adr\u00e9 pour que ses adver\u00adsaires de<br>\nten\u00addance fussent scan\u00adda\u00adli\u00ads\u00e9s des t\u00e9moi\u00adgnages de<br>\nsym\u00adpa\u00adthie qui tom\u00adbaient de la tri\u00adbune de la Chambre \u00e0&nbsp;son<br>\nadresse.<\/p>\n<p style=\"margin-bottom: 0cm;\" align=\"justify\">\tGrif\u00adfuelhes lui-m\u00eame,<br>\nnon sus\u00adpect de ten\u00addresse pour Keu\u00adfer, le croyait capable de&nbsp;se<br>\nrefu\u00adser \u00e0 cer\u00adtaines besognes[[\u00ab&nbsp;<a href=\"http:\/\/www.la-presse-anarchiste.net\/spip\/spip.php?action=redirect&amp;id_article=388\">La Le\u00e7on du pas\u00ads\u00e9<\/a>&nbsp;\u00bb (Vie Ouvri\u00e8re no&nbsp;1.]].<\/p>\n<p style=\"margin-bottom: 0cm;\" align=\"justify\">\tPru\u00addent et&nbsp;avis\u00e9,<br>\nKeu\u00adfer n\u2019a\u00advan\u00ad\u00e7ait rien qui p\u00fbt com\u00adpro\u00admettre ses<br>\ndoc\u00adtrines les plus ch\u00e8res. Mal\u00adgr\u00e9 des contro\u00adverses et<br>\ndes pol\u00e9\u00admiques tr\u00e8s vives, il res\u00adtait, aux yeux de&nbsp;la<br>\nplu\u00adpart de ses adver\u00adsaires, le \u00ab&nbsp;croyant&nbsp;\u00bb<br>\nposi\u00adti\u00adviste, l\u2019homme de foi for\u00adte\u00adment atta\u00adch\u00e9 aux principes<br>\nr\u00e9for\u00admistes. Il ne per\u00admet\u00adtait pas qu\u2019on dou\u00adt\u00e2t de&nbsp;sa<br>\nsin\u00adc\u00e9\u00adri\u00adt\u00e9, et, du reste, il n\u2019h\u00e9\u00adsi\u00adtait pas&nbsp;\u00e0<br>\nfaire son propre \u00e9loge, invo\u00adquant les innom\u00adbrables services<br>\nren\u00addus \u00e0 sa cor\u00adpo\u00adra\u00adtion \u00ab&nbsp;dans les moments<br>\ndif\u00adfi\u00adciles et sous les plus lourdes responsabilit\u00e9s&nbsp;\u00bb.<br>\nIl osait affir\u00admer publi\u00adque\u00adment sa pro\u00adbi\u00adt\u00e9,&nbsp;son<br>\nd\u00e9s\u00adin\u00adt\u00e9\u00adres\u00adse\u00adment, sa loyaut\u00e9\u2026<\/p>\n<p style=\"margin-bottom: 0cm;\" align=\"justify\">\tKeu\u00adfer, dont&nbsp;les<br>\nopi\u00adnions poli\u00adtiques ne d\u00e9passent pas celles des petits<br>\nbour\u00adgeois r\u00e9pu\u00adbli\u00adcains, s\u2019\u00e9\u00adtait m\u00eame acquis des<br>\nsym\u00adpa\u00adthies dans le monde socia\u00adliste quand, d\u00e9dai\u00adgnant&nbsp;les<br>\nvains hon\u00adneurs, il avait refu\u00ads\u00e9 le ruban rouge que lui offrait<br>\nM.&nbsp;Mil\u00adle\u00adrand, alors ministre du Com\u00admerce. Il ne s\u2019\u00e9\u00adtait&nbsp;m\u00eame<br>\npas lais\u00ads\u00e9 cor\u00adrompre, affirme-t-on, par la candidature<br>\noffi\u00adcielle qui pou\u00advait lui assu\u00adrer une place au Parlement.<\/p>\n<p style=\"margin-bottom: 0cm;\" align=\"justify\">\tLe par\u00adti r\u00e9formiste<br>\nne pou\u00advait donc faire choix d\u2019un porte-parole plus auto\u00adri\u00ads\u00e9&nbsp;ni<br>\nd\u2019un ap\u00f4tre mieux aur\u00e9o\u00adl\u00e9 pour le repr\u00e9senter<br>\nau sein de ce Conseil sup\u00e9\u00adrieur du Tra\u00advail o\u00f9, depuis<br>\nplu\u00adsieurs ann\u00e9es, Keu\u00adfer par\u00adtage la vice-pr\u00e9sidence<br>\navec M.&nbsp;Heurteau.<\/p>\n<p style=\"margin-bottom: 0cm;\" align=\"center\">*<\/p>\n<p style=\"margin-bottom: 0cm;\" align=\"center\">* &nbsp; &nbsp;&nbsp;   *<\/p>\n<p style=\"margin-bottom: 0cm;\" align=\"justify\">\tLes faits reproch\u00e9s<br>\n\u00e0 Keu\u00adfer\u200a\u2014\u200am\u00eame expo\u00ads\u00e9s tr\u00e8s sim\u00adple\u00adment,\u200a\u2014\u200asont suf\u00adfi\u00adsam\u00adment graves pour qu\u2019il ne soit pas n\u00e9cessaire<br>\nde les dra\u00adma\u00adti\u00adser&nbsp;: Keu\u00adfer, l\u2019homme le plus en vue&nbsp;du<br>\nsyn\u00addi\u00adca\u00adlisme r\u00e9for\u00admiste&nbsp;; Keu\u00adfer, secr\u00e9taire<br>\ng\u00e9n\u00e9\u00adral d\u2019un grou\u00adpe\u00adment ouvrier adh\u00e9\u00adrent&nbsp;\u00e0<br>\nla Conf\u00e9\u00add\u00e9\u00adra\u00adtion G\u00e9n\u00e9\u00adrale du Tra\u00advail,&nbsp;a<br>\nsol\u00adli\u00adci\u00adt\u00e9 du ministre de la Guerre la rosette de la L\u00e9gion<br>\nd\u2019hon\u00adneur pour un com\u00adman\u00addant de gendarmerie.<\/p>\n<p style=\"margin-bottom: 0cm;\" align=\"justify\">\tSous le minist\u00e8re<br>\nde M.&nbsp;Cle\u00admen\u00adceau, il \u00e9tait per\u00admis \u00e0 Keu\u00adfer d\u2019aller,<br>\npaci\u00adfi\u00adque\u00adment, de l\u2019un \u00e0 l\u2019autre c\u00f4t\u00e9 de&nbsp;la<br>\nbar\u00adri\u00adcade. Et sa sol\u00adli\u00adci\u00adtude se r\u00e9pan\u00addait indis\u00adtinc\u00adte\u00adment&nbsp;sur<br>\nles anta\u00adgo\u00adnistes&nbsp;: gou\u00adver\u00adn\u00e9s et gou\u00adver\u00adnants, ouvriers et<br>\ngendarmes\u2026<\/p>\n<p style=\"margin-bottom: 0cm;\" align=\"justify\">\tLa logique qui s\u2019attache<br>\n\u00e0 la d\u00e9fense des int\u00e9\u00adr\u00eats ouvriers ne<br>\ndevait-elle pas inter\u00addire au repr\u00e9\u00adsen\u00adtant de la F\u00e9d\u00e9ration<br>\ndu Livre de sol\u00adli\u00adci\u00adter d\u2019a\u00adbord des croix pour ses camarades<br>\nsyn\u00addi\u00adqu\u00e9s, puis la rosette pour son cama\u00adrade com\u00adman\u00addant&nbsp;de<br>\ngendarmerie&nbsp;?<\/p>\n<p style=\"margin-bottom: 0cm;\" align=\"justify\">\tKeu\u00adfer n\u2019a pas&nbsp;senti<br>\ntout&nbsp;cela.<\/p>\n<p style=\"margin-bottom: 0cm;\" align=\"justify\">\tPour r\u00e9pondre aux<br>\n\u00ab&nbsp;odieuses attaques&nbsp;\u00bb dont il&nbsp;\u00e9tait<br>\nl\u2019ob\u00adjet de la part d\u2019une \u00ab&nbsp;pou\u00adbelle&nbsp;\u00bb, Keu\u00adfer&nbsp;a<br>\navou\u00e9. Et, pour la paix de sa conscience, il s\u2019est d\u00e9clar\u00e9<br>\ntout pr\u00eat \u00e0 recom\u00admen\u00adcer[[\u00ab&nbsp;Expli\u00adca\u00adtions n\u00e9ces\u00adsaires&nbsp;\u00bb (<i>Typo\u00adgra\u00adphie fran\u00ad\u00e7aise<\/i>, 16 octobre 1909.)]].<\/p>\n<p style=\"margin-bottom: 0cm;\" align=\"justify\">\tSai\u00adsi de cet incident,<br>\nle Comi\u00adt\u00e9 cen\u00adtral de la F\u00e9d\u00e9\u00adra\u00adtion du Livre, qui<br>\nne s\u2019at\u00adtarde pas aux baga\u00adtelles de la porte, ne s\u2019\u00e9\u00admeut&nbsp;point,<br>\net \u00ab&nbsp;consi\u00add\u00e9\u00adrant que les accu\u00adsa\u00adtions port\u00e9es<br>\npar la <i>Guerre Sociale<\/i> contre Keu\u00adfer ne se rap\u00adportent en aucune<br>\nfa\u00e7on \u00e0 ses fonc\u00adtions et ne dimi\u00adnuent en rien&nbsp;la<br>\nconfiance que les f\u00e9d\u00e9\u00adr\u00e9s peuvent avoir dans&nbsp;sa<br>\nvigi\u00adlance \u00e0 d\u00e9fendre les int\u00e9r\u00eats<br>\ncor\u00adpo\u00adra\u00adtifs, passe \u00e0 l\u2019ordre du&nbsp;jour.&nbsp;\u00bb<\/p>\n<p style=\"margin-bottom: 0cm;\" align=\"justify\">\tLes consid\u00e9rants<br>\nde cet ordre du jour prouvent seule\u00adment que les membres du Comit\u00e9<br>\ncen\u00adtral consi\u00add\u00e8rent les faits de fa\u00e7on toute sp\u00e9ciale.<br>\nSi Keu\u00adfer, \u00ab&nbsp;homme pri\u00adv\u00e9&nbsp;\u00bb, est&nbsp;all\u00e9<br>\nsol\u00adli\u00adci\u00adter une haute faveur pour le com\u00adman\u00addant de gen\u00addar\u00adme\u00adrie pauvre<br>\net hon\u00adn\u00eate, c\u2019est bien \u00e0 \u00ab&nbsp;M.&nbsp;&nbsp;Keufer,<br>\nsecr\u00e9\u00adtaire g\u00e9n\u00e9\u00adral de la F\u00e9d\u00e9ration<br>\ndu Livre&nbsp;\u00bb, que le ministre de la Guerre a fait parvenir<br>\nsa r\u00e9ponse. Que serait l\u2019in\u00adfluence de Keu\u00adfer si \u00e0&nbsp;son<br>\nnom ne s\u2019at\u00adta\u00adchait la qua\u00adli\u00adt\u00e9 de repr\u00e9\u00adsen\u00adtant&nbsp;d\u2019un<br>\ngrou\u00adpe\u00adment de plus de dix mille ouvriers&nbsp;?<\/p>\n<p style=\"margin-bottom: 0cm;\" align=\"center\">*<\/p>\n<p style=\"margin-bottom: 0cm;\" align=\"center\">* &nbsp; &nbsp;&nbsp;   *<\/p>\n<p style=\"margin-bottom: 0cm;\" align=\"justify\">\tCom\u00adment l\u2019homme, qui<br>\nsem\u00adblait accom\u00adplir pieu\u00adse\u00adment ses fonc\u00adtions comme un pr\u00eatre<br>\nexerce son sacer\u00addoce, a\u2011t-il pu com\u00adpro\u00admettre tout ce&nbsp;pass\u00e9<br>\nqu\u2019il invo\u00adquait pour impo\u00adser le res\u00adpect de sa doc\u00adtrine et de&nbsp;ses<br>\nconvictions&nbsp;?<\/p>\n<p style=\"margin-bottom: 0cm;\" align=\"justify\">\tPour\u00adquoi le Comit\u00e9<br>\ncen\u00adtral, qui pou\u00advait adres\u00adser un bl\u00e2me, expri\u00admer des regrets ou<br>\nse taire, a\u2011t-il jug\u00e9 pr\u00e9\u00adf\u00e9\u00adrable, en&nbsp;cette<br>\nocca\u00adsion, de se livrer \u00e0 une mani\u00adfes\u00adta\u00adtion bienveillante&nbsp;?<br>\nBur\u00adgard, pre\u00admier lieu\u00adte\u00adnant de Keu\u00adfer, crut m\u00eame bon de couvrir<br>\ncelui-ci de son inal\u00adt\u00e9\u00adrable ami\u00adti\u00e9[[&nbsp;<i>Typo\u00adgra\u00adphie fran\u00ad\u00e7aise<\/i>, 16 octobre 1909.]],<br>\ndans l\u2019es\u00adpoir, sans doute, de s\u2019as\u00adsu\u00adrer la com\u00adpli\u00adci\u00adt\u00e9&nbsp;des<br>\ngen\u00addarmes pour employer contre les jaunes du Livre \u00ab&nbsp;la<br>\nmachine \u00e0 bos\u00adse\u00adler de nos cama\u00adrades ter\u00adras\u00adsiers\u00bb[[&nbsp;<i>Typo\u00adgra\u00adphie fran\u00ad\u00e7aise<\/i>, 16 sep\u00adtembre 1909.]].<\/p>\n<p style=\"margin-bottom: 0cm;\" align=\"justify\">\tPour appr\u00e9\u00adcier&nbsp;de<br>\ntels actes, pour en inter\u00adpr\u00e9\u00adter l\u2019exacte signi\u00adfi\u00adca\u00adtion,&nbsp;il<br>\nfaut avoir obser\u00adv\u00e9 de bien pr\u00e8s Keu\u00adfer et tous&nbsp;ceux<br>\nqu\u2019il a nour\u00adris de son mod\u00e9rantisme.<\/p>\n<p style=\"margin-bottom: 0cm;\" align=\"justify\">\tLe Comi\u00adt\u00e9 central<br>\nde la F\u00e9d\u00e9\u00adra\u00adtion du Livre est com\u00adpo\u00ads\u00e9 d\u2019hommes<br>\nqui, sous l\u2019in\u00adfluence incon\u00adtes\u00adtable de Keu\u00adfer, se sont&nbsp;cr\u00e9\u00e9<br>\nune men\u00adta\u00adli\u00adt\u00e9 bien sp\u00e9\u00adciale. Et ils peuvent d\u2019autant<br>\nmoins \u00e9chap\u00adper \u00e0 sa tutelle qu\u2019ils ne sont et&nbsp;ne<br>\nres\u00adte\u00adront membres du Comi\u00adt\u00e9 que par la volont\u00e9<br>\ndis\u00adpen\u00adsa\u00adtrice de Keu\u00adfer. De plus, les condi\u00adtions mat\u00e9rielles<br>\nde cha\u00adcun d\u2019eux sont bien faites pour faci\u00adli\u00adter l\u2019har\u00admo\u00adnie entre&nbsp;tous<br>\net la sou\u00admis\u00adsion au chef incon\u00adtes\u00adt\u00e9. Les membres du Comit\u00e9<br>\ncen\u00adtral sont recru\u00adt\u00e9s par\u00admi des typos qui occupent ou sont&nbsp;en<br>\nvoie d\u2019oc\u00adcu\u00adper des situa\u00adtions pri\u00advi\u00adl\u00e9\u00adgi\u00e9es. Les mis\u00e8res<br>\ndont souffre la masse res\u00adtent g\u00e9n\u00e9\u00adra\u00adle\u00adment ignor\u00e9es<br>\nd\u2019eux, et, s\u2019ils ne jouissent pas plei\u00adne\u00adment de la vie facile qui<br>\nembour\u00adgeoise, ils go\u00fbtent s\u00fbre\u00adment les avan\u00adtages&nbsp;d\u2019une<br>\nsitua\u00adtion rela\u00adti\u00adve\u00adment douce. Nul\u00adle\u00adment ten\u00adt\u00e9s&nbsp;de<br>\n\u00ab&nbsp;s\u2019emballer&nbsp;\u00bb, ils envi\u00adsagent, au contraire,<br>\ntrop froi\u00adde\u00adment\u200a\u2014\u200aquand ce n\u2019est pas avec indiff\u00e9rence&nbsp;\u2014<br>\ndes choses qui, pour \u00eatre solu\u00adtion\u00adn\u00e9es, demanderaient<br>\nquelque ardeur.<\/p>\n<p style=\"margin-bottom: 0cm;\" align=\"justify\">\tQuand on sait tout&nbsp;cela,<br>\non con\u00e7oit ais\u00e9\u00adment pour\u00adquoi ces hommes, qui ne&nbsp;sont<br>\npas tous inin\u00adtel\u00adli\u00adgents ou fon\u00adci\u00e8\u00adre\u00adment mau\u00advais, deviennent<br>\ndes citoyens calmes, pon\u00add\u00e9\u00adr\u00e9s, conci\u00adliants, auxquels<br>\n\u00e9chappe l\u2019im\u00admo\u00adra\u00adli\u00adt\u00e9 de cer\u00adtains actes, au point de&nbsp;vue<br>\nouvrier. C\u2019est l\u2019en\u00adli\u00adse\u00adment en pente douce. Les uns com\u00admencent par<br>\nfaire d\u00e9co\u00adrer un col\u00adl\u00e8gue, les autres le f\u00e9licitent.<br>\nEt c\u2019est cette non-r\u00e9sis\u00adtance aux gestes famili\u00e8rement<br>\nimmo\u00adraux qui laisse le champ libre \u00e0 l\u2019homme qui e\u00fbt&nbsp;pu,<br>\nsans cela, res\u00adter le plus digne d\u2019entre les repr\u00e9\u00adsen\u00adtants&nbsp;de<br>\nla F\u00e9d\u00e9\u00adra\u00adtion du&nbsp;Livre.<\/p>\n<p style=\"margin-bottom: 0cm;\" align=\"center\">*<\/p>\n<p style=\"margin-bottom: 0cm;\" align=\"center\">* &nbsp; &nbsp;&nbsp;   *<\/p>\n<p style=\"margin-bottom: 0cm;\" align=\"justify\">\tMal\u00adgr\u00e9 toutes ses<br>\nfai\u00adblesses, Keu\u00adfer pou\u00advait lais\u00adser der\u00adri\u00e8re lui une oeuvre<br>\nint\u00e9\u00adres\u00adsante. Mais il veut encore \u00eatre le secr\u00e9taire<br>\nper\u00adp\u00e9\u00adtuel de la F\u00e9d\u00e9\u00adra\u00adtion du Livre, comme&nbsp;s\u2019il<br>\nsup\u00adpo\u00adsait qu\u2019a\u00adpr\u00e8s lui rien ne sera plus. <font face=\"Times New Roman, serif\">\u00c0<\/font><br>\npas chan\u00adce\u00adlants, il per\u00adsiste \u00e0 vou\u00adloir orien\u00adter et gui\u00adder&nbsp;une<br>\ng\u00e9n\u00e9\u00adra\u00adtion qui ne par\u00adtage pas ses&nbsp;id\u00e9es<br>\nphi\u00adlo\u00adso\u00adphiques et envi\u00adsage la lutte sous des formes nou\u00advelles. Aussi,<br>\nen d\u00e9pit des pro\u00adtes\u00adta\u00adtions d\u2019a\u00admi\u00adti\u00e9 de son fid\u00e8le<br>\n\u00e9tat-major, Keu\u00adfer ne conser\u00adve\u00adra pas toute la confiance de<br>\nl\u2019im\u00admense majo\u00adri\u00adt\u00e9 sur laquelle il s\u2019est appuy\u00e9 durant<br>\npr\u00e8s de trente ann\u00e9es. Sa situa\u00adtion, \u00e0&nbsp;Paris<br>\ntout par\u00adti\u00adcu\u00adli\u00e8\u00adre\u00adment, n\u2019est plus tr\u00e8s brillante depuis<br>\nla gr\u00e8ve de 1906. Les typos ne veulent pas lui per\u00admettre de<br>\nnier les r\u00e9sul\u00adtats d\u2019une gr\u00e8ve qu\u2019ils firent sans&nbsp;lui<br>\net dont ils se d\u00e9clarent satis\u00adfaits. L\u2019at\u00adti\u00adtude qui lui&nbsp;fut<br>\nrepro\u00adch\u00e9e lors de la gr\u00e8ve pro\u00adtes\u00adta\u00adtaire&nbsp;de<br>\nvingt-quatre heures est encore jug\u00e9e s\u00e9v\u00e8rement[[La viva\u00adci\u00adt\u00e9 des attaques oblige par\u00adfois \u00e0 for\u00admu\u00adler trop bri\u00e8\u00adve\u00adment les griefs. C\u2019est ain\u00adsi qu\u2019a pro\u00adpos de cette gr\u00e8ve pro\u00adtes\u00adta\u00adtaire on a cou\u00adram\u00adment qua\u00adli\u00adfi\u00e9 Keu\u00adfer de \u00ab&nbsp;tra\u00eetre&nbsp;\u00bb, de \u00ab&nbsp;ven\u00addu&nbsp;\u00bb. Il avait bien, en effet, adres\u00ads\u00e9 \u00e0 l\u2019a\u00adgence Havas un com\u00admu\u00adni\u00adqu\u00e9 qui pou\u00advait arr\u00ea\u00adter le mou\u00adve\u00adment des typos. Avait-il re\u00e7u des ordres du Minis\u00adt\u00e8re&nbsp;? La preuve n\u2019en peut pas \u00eatre four\u00adnie. Mais c\u2019est d\u00e9j\u00e0 trop s\u2019il n\u2019a dans toutes les cir\u00adcons\u00adtances sem\u00adblables\u200a\u2014\u200arn\u00eame de bonne foi\u200a\u2014\u200aren\u00addu aux gou\u00adver\u00adnants que le bon ser\u00advice de ne pas les emb\u00eater.]].<br>\nIl ne peut m\u00eame plus se pr\u00e9\u00adsen\u00adter devant les assembl\u00e9es<br>\ng\u00e9n\u00e9\u00adrales de la sec\u00adtion pari\u00adsienne qui compte pr\u00e8s<br>\ndu tiers de l\u2019ef\u00adfec\u00adtif f\u00e9d\u00e9\u00adral. Cette abs\u00adten\u00adtion&nbsp;est<br>\nsymp\u00adto\u00adma\u00adtique&nbsp;; elle t\u00e9moigne de l\u2019impopularit\u00e9<br>\ngran\u00addis\u00adsante de Keu\u00adfer et de son impuis\u00adsance \u00e0 ral\u00adlier&nbsp;les<br>\ntroupes qui lui seraient pour\u00adtant indis\u00adpen\u00adsables pour la prolongation<br>\nde son r\u00e8gne. Il ne recon\u00adquer\u00adra pas Paris. Conser\u00adve\u00adra-t-il le<br>\npuis\u00adsant appui des sec\u00adtions provinciales&nbsp;?<\/p>\n<p style=\"margin-bottom: 0cm;\" align=\"justify\">\tAvant un an, le Congr\u00e8s<br>\nde Bor\u00addeaux se pro\u00adnon\u00adce\u00adra sur cer\u00adtaines modi\u00adfi\u00adca\u00adtions aux sta\u00adtuts&nbsp;de<br>\nla F\u00e9d\u00e9\u00adra\u00adtion. Ce Congr\u00e8s pour\u00adrait accom\u00adplir&nbsp;une<br>\nr\u00e9forme pres\u00adsante&nbsp;: il devrait d\u2019a\u00adbord chan\u00adger le&nbsp;mode<br>\nd\u2019\u00e9\u00adlec\u00adtion qui per\u00admet aux hommes tout-puis\u00adsants du Comit\u00e9<br>\ncen\u00adtral d\u2019in\u00adter\u00addire \u00e0 toute oppo\u00adsi\u00adtion l\u2019ac\u00adc\u00e8s de&nbsp;la<br>\nrepr\u00e9\u00adsen\u00adta\u00adtion f\u00e9d\u00e9\u00adrale. Mais Keu\u00adfer et&nbsp;ses<br>\nsuc\u00adces\u00adseurs \u00e9ven\u00adtuels accep\u00adte\u00adront-ils une r\u00e9forme qui<br>\ns\u2019im\u00adpose pour l\u2019a\u00adve\u00adnir de l\u2019or\u00adga\u00adni\u00adsa\u00adtion qu\u2019ils repr\u00e9sentent&nbsp;?<br>\nKeu\u00adfer recon\u00adna\u00ee\u00adtra-t-il la n\u00e9ces\u00adsi\u00adt\u00e9 d\u2019entendre<br>\npar\u00adfois des aver\u00adtis\u00adse\u00adments, ou vou\u00addra-t-il conti\u00adnuer \u00e0 exclure<br>\nsys\u00adt\u00e9\u00adma\u00adti\u00adque\u00adment ceux qui ne crain\u00addraient pas de com\u00adbattre ses<br>\nerreurs et ose\u00adraient lui crier casse-cou&nbsp;? C\u2019est peu probable.<br>\nN\u2019\u00e9\u00adtant m\u00eame pas lib\u00e9\u00adral, il ne peut se montrer<br>\ntol\u00e9\u00adrant. Pour se poser en vic\u00adtime, il r\u00e9pond aux<br>\ncri\u00adtiques qui le touchent en d\u00e9non\u00ad\u00e7ant invariablement<br>\nla mau\u00advaise foi de ses adver\u00adsaires. Il ne sait tol\u00e9\u00adrer que&nbsp;les<br>\nadmi\u00adra\u00adteurs, les cour\u00adti\u00adsans dont le lan\u00adgage ne peut lui rap\u00adpe\u00adler&nbsp;les<br>\nfortes id\u00e9es d\u2019\u00e9\u00adman\u00adci\u00adpa\u00adtion de ces \u00ab&nbsp;trimardeurs<br>\nobs\u00adcurs&nbsp;\u00bb qui furent les pion\u00adniers de la F\u00e9d\u00e9ration.<\/p>\n<p style=\"margin-bottom: 0cm;\" align=\"center\">*<\/p>\n<p style=\"margin-bottom: 0cm;\" align=\"center\">* &nbsp; &nbsp;&nbsp;   *<\/p>\n<p style=\"margin-bottom: 0cm;\" align=\"justify\">\tLa faute de Keu\u00adfer&nbsp;ne<br>\nfait pas seule\u00adment sen\u00adtir la n\u00e9ces\u00adsi\u00adt\u00e9&nbsp;d\u2019une<br>\npro\u00adtes\u00adta\u00adtion indi\u00adgn\u00e9e, elle \u00e9veille aus\u00adsi des craintes,<br>\ndes soup\u00ad\u00e7ons qui peuvent atteindre les mili\u00adtants de toutes les<br>\ntendances.<\/p>\n<p style=\"margin-bottom: 0cm;\" align=\"justify\">\tLes repr\u00e9sentants<br>\nde la classe ouvri\u00e8re ont trop sou\u00advent la possibilit\u00e9<br>\nde d\u00e9cr\u00e9\u00adter eux-m\u00eames leur inamovibilit\u00e9<br>\net d\u2019a\u00adgir selon leur bon plai\u00adsir. C\u2019est un r\u00e9el dan\u00adger,&nbsp;un<br>\ndan\u00adger per\u00adma\u00adnent qu\u2019il est urgent de conju\u00adrer, dans le Livre&nbsp;et<br>\nailleurs.<\/p>\n<p style=\"margin-bottom: 0cm;\" align=\"justify\">Louis Man\u00adgin<\/p>\n","protected":false},"excerpt":{"rendered":"<p>La publi\u00adca\u00adtion par&nbsp;la Guerre Sociale[[Nos des 6 et 13 octobre 1909.]], de quelques docu\u00adments curieux autant qu\u2019in\u00adt\u00e9\u00adres\u00adsants sur&nbsp;les rela\u00adtions de Keu\u00adfer, secr\u00e9\u00adtaire g\u00e9n\u00e9\u00adral de&nbsp;la F\u00e9d\u00e9\u00adra\u00adtion du Livre, n\u2019a pas \u00e9t\u00e9&nbsp;sans cau\u00adser une pro\u00adfonde sur\u00adprise chez tous ceux qui jugent les mili\u00adtants ouvriers d\u2019a\u00adbord sur leur valeur morale. Avant ces r\u00e9v\u00e9\u00adla\u00adtions, Keu\u00adfer jouis\u00adsait, il faut&nbsp;le&nbsp;[\u2026]<\/p>\n","protected":false},"author":1,"featured_media":0,"comment_status":"closed","ping_status":"closed","sticky":false,"template":"","format":"standard","meta":{"wp_typography_post_enhancements_disabled":false,"footnotes":""},"categories":[127],"tags":[],"ppma_author":[540],"class_list":["post-1119","post","type-post","status-publish","format-standard","hentry","category-la-vie-ouvriere-n6-20-decembre-1909"],"authors":[{"term_id":540,"user_id":1,"is_guest":0,"slug":"admin_3gikpwyf","display_name":"Vincent Dubuc","avatar_url":"https:\/\/secure.gravatar.com\/avatar\/d015720652c25fd2ced191ade86430094e1f288a17483713e3b34d26dea52507?s=96&d=mm&r=g","author_category":"","user_url":"https:\/\/la-presse-anarchiste.net","last_name":"Dubuc","first_name":"Vincent","job_title":"","description":""}],"_links":{"self":[{"href":"https:\/\/la-presse-anarchiste.net\/index.php\/wp-json\/wp\/v2\/posts\/1119","targetHints":{"allow":["GET"]}}],"collection":[{"href":"https:\/\/la-presse-anarchiste.net\/index.php\/wp-json\/wp\/v2\/posts"}],"about":[{"href":"https:\/\/la-presse-anarchiste.net\/index.php\/wp-json\/wp\/v2\/types\/post"}],"author":[{"embeddable":true,"href":"https:\/\/la-presse-anarchiste.net\/index.php\/wp-json\/wp\/v2\/users\/1"}],"replies":[{"embeddable":true,"href":"https:\/\/la-presse-anarchiste.net\/index.php\/wp-json\/wp\/v2\/comments?post=1119"}],"version-history":[{"count":0,"href":"https:\/\/la-presse-anarchiste.net\/index.php\/wp-json\/wp\/v2\/posts\/1119\/revisions"}],"wp:attachment":[{"href":"https:\/\/la-presse-anarchiste.net\/index.php\/wp-json\/wp\/v2\/media?parent=1119"}],"wp:term":[{"taxonomy":"category","embeddable":true,"href":"https:\/\/la-presse-anarchiste.net\/index.php\/wp-json\/wp\/v2\/categories?post=1119"},{"taxonomy":"post_tag","embeddable":true,"href":"https:\/\/la-presse-anarchiste.net\/index.php\/wp-json\/wp\/v2\/tags?post=1119"},{"taxonomy":"author","embeddable":true,"href":"https:\/\/la-presse-anarchiste.net\/index.php\/wp-json\/wp\/v2\/ppma_author?post=1119"}],"curies":[{"name":"wp","href":"https:\/\/api.w.org\/{rel}","templated":true}]}}