{"id":1121,"date":"2007-12-15T10:43:47","date_gmt":"2007-12-15T10:43:47","guid":{"rendered":"https:\/\/la-presse-anarchiste.net\/index.php\/2007\/12\/15\/les-evenements-de-mai\/"},"modified":"2007-12-15T10:43:47","modified_gmt":"2007-12-15T10:43:47","slug":"les-evenements-de-mai","status":"publish","type":"post","link":"https:\/\/la-presse-anarchiste.net\/index.php\/2007\/12\/15\/les-evenements-de-mai\/","title":{"rendered":"Les \u00e9v\u00e9nements de&nbsp;mai"},"content":{"rendered":"<div class=\"pdfprnt-buttons pdfprnt-buttons-post pdfprnt-top-right\"><a href=\"https:\/\/la-presse-anarchiste.net\/index.php\/wp-json\/wp\/v2\/posts\/1121?print=pdf\" class=\"pdfprnt-button pdfprnt-button-pdf\" target=\"_blank\"><img decoding=\"async\" src=\"https:\/\/la-presse-anarchiste.net\/wp-content\/plugins\/pdf-print\/images\/pdf.png\" alt=\"image_pdf\" title=\"Afficher le PDF\"><\/a><a href=\"https:\/\/la-presse-anarchiste.net\/index.php\/wp-json\/wp\/v2\/posts\/1121?print=print\" class=\"pdfprnt-button pdfprnt-button-print\" target=\"_blank\"><img decoding=\"async\" src=\"https:\/\/la-presse-anarchiste.net\/wp-content\/plugins\/pdf-print\/images\/print.png\" alt=\"image_print\" title=\"Contenu imprim\u00e9\"><\/a><\/div><p>[( <\/p>\n<p style=\"text-indent: 1.46cm; margin-bottom: 0cm;\" align=\"justify\"><font face=\"Garamond, serif\"><font style=\"font-size: 13pt;\" size=\"3\"><b><span lang=\"fr-FR\">En<br>\njuillet, nous fai\u00adsions appel, par cir\u00adcu\u00adlaire, \u00e0 un certain<br>\nnombre de nos lec\u00adteurs pour faire le point sur le mou\u00adve\u00adment de&nbsp;mai&nbsp;:<br>\nleur par\u00adti\u00adci\u00adpa\u00adtion, les com\u00adpor\u00adte\u00adments qu\u2019ils ont observ\u00e9s,<br>\nles besoins de struc\u00adtures nou\u00advelles, les modi\u00adfi\u00adca\u00adtions de&nbsp;leurs<br>\nconcep\u00adtions et convic\u00adtions et leur atti\u00adtude face \u00e0 une reprise<br>\n\u00e9ven\u00adtuelle \u00e0 la rentr\u00e9e.<\/span><\/b><\/font><\/font><\/p>\n<p style=\"text-indent: 1.46cm; margin-bottom: 0cm;\" align=\"justify\"><font face=\"Garamond, serif\"><font style=\"font-size: 13pt;\" size=\"3\"><b><span lang=\"fr-FR\">Envi\u00adron<br>\n10 pour cent des gens tou\u00adch\u00e9s ont r\u00e9pon\u00addu&nbsp;\u00e0<br>\ncette \u00ab&nbsp;enqu\u00eate&nbsp;\u00bb.<\/span><\/b><\/font><\/font><\/p>\n<p style=\"text-indent: 1.46cm; margin-bottom: 0cm;\" align=\"justify\"><font face=\"Garamond, serif\"><font style=\"font-size: 13pt;\" size=\"3\"><b><span lang=\"fr-FR\">Pour<br>\ndes rai\u00adsons finan\u00adci\u00e8res et faute de place dans la revue, nous<br>\nne pou\u00advons tout publier&nbsp;; nous ne pr\u00e9\u00adsen\u00adtons ici que les textes<br>\nqui nous ont paru carac\u00adt\u00e9\u00adris\u00adtiques&nbsp;; cepen\u00addant nous pourrions<br>\nenvi\u00adsa\u00adger de ron\u00e9o\u00adty\u00adper une syn\u00adth\u00e8se des autres<br>\nr\u00e9ponses si cer\u00adtains d\u2019entre vous en mani\u00adfes\u00adtaient le&nbsp;d\u00e9sir.<br>\nDe toute fa\u00e7on, ce dos\u00adsier reste ouvert.<\/span><\/b><\/font><\/font><\/p>\n<p style=\"text-indent: 1.46cm; margin-bottom: 0cm;\" align=\"justify\" lang=\"fr-FR\">)]<\/p>\n<p style=\"text-indent: 1.46cm; margin-bottom: 0cm;\" align=\"justify\"><font face=\"Garamond, serif\"><font style=\"font-size: 13pt;\" size=\"3\"><b><i><span lang=\"fr-FR\"><strong><em>\u2026<br>\nLan\u00adcer des pav\u00e9s aux&nbsp;flics\u2026<\/em><\/strong><\/span><\/i><\/b><\/font><\/font><\/p>\n<p style=\"text-indent: 1.46cm; margin-bottom: 0cm;\" align=\"justify\"><font face=\"Garamond, serif\"><font style=\"font-size: 13pt;\" size=\"3\"><i><span lang=\"fr-FR\">Avant<br>\nmai, j\u2019ignorais tout de l\u2019anarchisme et ne me posais pas&nbsp;de<br>\nques\u00adtions sur la violence.<\/span><\/i><\/font><\/font><\/p>\n<p style=\"text-indent: 1.46cm; margin-bottom: 0cm;\" align=\"justify\"><font face=\"Garamond, serif\"><font style=\"font-size: 13pt;\" size=\"3\"><i><span lang=\"fr-FR\">J\u2019ai<br>\npar\u00adti\u00adci\u00adp\u00e9 aux \u00e9v\u00e9\u00adne\u00adments de mai. Le 6 mai&nbsp;nous<br>\navons mani\u00adfes\u00adt\u00e9 tout l\u2019apr\u00e8s-midi, et le soir, vers&nbsp;9<br>\nheures, nous avons \u00e9t\u00e9 matra\u00adqu\u00e9s. Mon mari a&nbsp;\u00e9t\u00e9<br>\nemme\u00adn\u00e9 \u00e0 Beau\u00adjon tan\u00addis que moi, sai\u00adgnant abondamment,<br>\nj\u2019\u00e9tais conduite \u00e0 une phar\u00adma\u00adcie qui m\u2019a exp\u00e9di\u00e9e<br>\n\u00e0 l\u2019h\u00f4pital Cochin. Ma r\u00e9ac\u00adtion ensuite a&nbsp;\u00e9t\u00e9<br>\nde vou\u00adloir \u00e0 tout prix aller aux autres mani\u00adfes\u00adta\u00adtions&nbsp;pour<br>\nlan\u00adcer des pav\u00e9s aux flics, atta\u00adquer, me faire tuer au besoin,<br>\nenfin r\u00e9pondre \u00e0 ce matra\u00adquage. Je ne le pou\u00advais&nbsp;pas<br>\ncar mon mari \u00e9tait reve\u00adnu de Beau\u00adjon avec un traumatisme<br>\ncr\u00e2\u00adnien s\u2019accompagnant d\u2019id\u00e9es de sui\u00adcide,&nbsp;de<br>\nsymp\u00adt\u00f4mes para\u00adno\u00efaques en plus. Je me suis content\u00e9e<br>\nde la mani\u00adfes\u00adta\u00adtion du 13 mai, de quelques assembl\u00e9es<br>\ng\u00e9n\u00e9\u00adrales, et, sur\u00adtout, nous nous sommes inform\u00e9s<br>\naupr\u00e8s des divers \u00ab&nbsp;grou\u00adpus\u00adcules&nbsp;\u00bb pour comprendre<br>\nquelque chose aux diverses ten\u00addances. Ce qui m\u2019a, fina\u00adle\u00adment,&nbsp;fait<br>\nprendre la r\u00e9so\u00adlu\u00adtion de ne jamais appar\u00adte\u00adnir \u00e0&nbsp;aucun<br>\npar\u00adti ou groupe poli\u00adtique. L\u2019\u00e9tat de mon mari allant en<br>\ns\u2019aggravant, nous avons d\u00fb par\u00adtir pour qu\u2019il se repose au<br>\ncalme. La vio\u00adlence ne me posait tou\u00adjours pas de ques\u00adtions&nbsp;: J\u2019\u00e9tais<br>\ntou\u00adjours aus\u00adsi furieuse de ne pas pou\u00advoir par\u00adti\u00adci\u00adper, et d\u2019une<br>\nmani\u00e8re vio\u00adlente, aux mani\u00adfes\u00adta\u00adtions. Lorsque nous sommes<br>\nreve\u00adnus \u00e0 Paris, j\u2019ai ten\u00adt\u00e9 de retour\u00adner&nbsp;\u00e0<br>\nquelques assem\u00adbl\u00e9es g\u00e9n\u00e9\u00adrales et commissions,<br>\nmais je n\u2019y com\u00adpre\u00adnais plus rien, je n\u2019arrivais pas&nbsp;\u00e0<br>\ncom\u00adprendre ce qui s\u2019\u00e9tait pas\u00ads\u00e9 en mon absence. J\u2019ai<br>\n\u00e9t\u00e9 moi-m\u00eame malade, et j\u2019ai commenc\u00e9,<br>\npour la pre\u00admi\u00e8re fois, \u00e0 r\u00e9fl\u00e9chir<br>\ns\u00e9rieu\u00adse\u00adment sur la violence.<\/span><\/i><\/font><\/font><\/p>\n<p style=\"text-indent: 1.46cm; margin-bottom: 0cm;\" align=\"justify\"><font face=\"Garamond, serif\"><font style=\"font-size: 13pt;\" size=\"3\"><i><span lang=\"fr-FR\">Si,<br>\nle 6 mai, j\u2019ai \u00e9t\u00e9 mani\u00adfes\u00adter avec les \u00e9tudiants,<br>\nc\u2019\u00e9tait que leur r\u00e9volte me fai\u00adsait esp\u00e9rer<br>\nque je m\u2019\u00e9tais peut-\u00eatre trom\u00adp\u00e9e&nbsp;: qu\u2019il&nbsp;y<br>\navait encore de l\u2019espoir en Europe, et que c\u2019\u00e9tait une<br>\nocca\u00adsion de faire com\u00adprendre \u00e0 tous ces gens qui ne vivent que<br>\npour gagner du fric en fai\u00adsant un tra\u00advail dont ils se foutent et&nbsp;qui<br>\nles use jusqu\u2019\u00e0 l\u2019\u00e2ge de la retraite que la&nbsp;vie<br>\nc\u2019\u00e9tait quelque chose qui valait le coup, qu\u2019il fal\u00adlait&nbsp;la<br>\nprendre et en jouir au maxi\u00admum et comme on l\u2019entend, au lieu de&nbsp;la<br>\nlais\u00adser dis\u00adtil\u00adler goutte \u00e0 goutte dans les car\u00adcans de&nbsp;la<br>\nsoci\u00e9t\u00e9.<\/span><\/i><\/font><\/font><\/p>\n<p style=\"text-indent: 1.46cm; margin-bottom: 0cm;\" align=\"justify\"><font face=\"Garamond, serif\"><font style=\"font-size: 13pt;\" size=\"3\"><i><span lang=\"fr-FR\">Le<br>\nmou\u00adve\u00adment a \u00e9t\u00e9 pour moi un mou\u00adve\u00adment d\u2019amour&nbsp;: enfin<br>\non \u00e9tait ensemble, on mar\u00adchait ensemble, on criait ensemble,<br>\non se ser\u00adrait ensemble\u200a\u2014\u200aquant aux CRS, c\u2019\u00e9taient des<br>\nchoses noires et pas belles qui ne res\u00adsem\u00adblaient pas du tout&nbsp;\u00e0<br>\ndes hommes. L\u2019occupation de la Sor\u00adbonne a \u00e9t\u00e9&nbsp;le<br>\nmoment culmi\u00adnant de ce d\u00e9fou\u00adle\u00adment d\u2019amour\u200a\u2014\u200aon voyait<br>\nm\u00eame des JCR par\u00adler avec des types d\u2019Occident. Aux<br>\nassem\u00adbl\u00e9es, cha\u00adcun avait la parole, il n\u2019y avait plus&nbsp;de<br>\n\u00ab&nbsp;droit&nbsp;\u00bb, et cepen\u00addant, plus on pre\u00adnait ses aises et&nbsp;plus<br>\non se sen\u00adtait comme les autres, soli\u00addaire des autres. On&nbsp;\u00e9tait<br>\nlibre et tout sem\u00adblait pos\u00adsible. On ne se disait plus&nbsp;: l\u2019id\u00e9al<br>\nce serait tel com\u00adpor\u00adte\u00adment, ou bien encore on ne posait pas&nbsp;\u00e0<br>\nl\u2019avance un id\u00e9al de \u00ab&nbsp;struc\u00adtures&nbsp;\u00bb, mais tout&nbsp;se<br>\ncr\u00e9ait au fur et \u00e0 mesure et l\u2019on sen\u00adtait que&nbsp;cela<br>\npren\u00addrait beau\u00adcoup de temps, mais qu\u2019il fal\u00adlait \u00eatre patient,<br>\nse lib\u00e9\u00adrer de tout id\u00e9al, car tout id\u00e9al&nbsp;est<br>\ndog\u00adma\u00adtique, mais \u00e9cou\u00adter et pro\u00adpo\u00adser au fur et \u00e0 mesure<br>\nque le mou\u00adve\u00adment avan\u00ad\u00e7ait. Com\u00adpor\u00adte\u00adments et struc\u00adtures&nbsp;se<br>\ncr\u00e9aient peu \u00e0 peu, il ne fal\u00adlait rien pr\u00e9cipiter<b><br>\n<\/b>ni \u00e9ta\u00adblir d\u2019avance, seule\u00adment se lais\u00adser aller&nbsp;en<br>\nfai\u00adsant cepen\u00addant atten\u00adtion de demeu\u00adrer tou\u00adjours aus\u00adsi libre&nbsp;et<br>\nspontan\u00e9.<\/span><\/i><\/font><\/font><\/p>\n<p style=\"text-indent: 1.46cm; margin-bottom: 0cm;\" align=\"justify\"><font face=\"Garamond, serif\"><font style=\"font-size: 13pt;\" size=\"3\"><i><span lang=\"fr-FR\">Avant<br>\nles \u00e9v\u00e9\u00adne\u00adments de mai, je ne m\u2019int\u00e9ressais<br>\ngu\u00e8re qu\u2019\u00e0 Cuba. Je savais qu\u2019il y avait des&nbsp;gens<br>\nqui se disaient \u00ab&nbsp;anar\u00adchistes&nbsp;\u00bb mais je ne savais pas&nbsp;du<br>\ntout ce que cela signi\u00adfiait\u200a\u2014\u200aun peu exo\u00adtique et vieillot&nbsp;\u2014<br>\nj\u2019ignorais m\u00eame les mar\u00admites de Ravachol.<\/span><\/i><\/font><\/font><\/p>\n<p style=\"text-indent: 1.46cm; margin-bottom: 0cm;\" align=\"justify\"><font face=\"Garamond, serif\"><font style=\"font-size: 13pt;\" size=\"3\"><i><span lang=\"fr-FR\">Lorsque,<br>\nau cours de notre esp\u00e8ce d\u2019enqu\u00eate aupr\u00e8s des<br>\ndif\u00adf\u00e9\u00adrents \u00ab&nbsp;grou\u00adpus\u00adcules&nbsp;\u00bb, nous avons rencontr\u00e9<br>\ndes anar\u00adchistes, j\u2019ai \u00e9t\u00e9 \u00ab&nbsp;s\u00e9duite&nbsp;\u00bb,<br>\n\u00ab&nbsp;s\u00e9duit\u00bb\u00bb est le mot car j\u2019en&nbsp;\u00e9tais<br>\narri\u00adv\u00e9e, \u00e0 force d\u2019entendre tant<b> <\/b>de th\u00e9o\u00adries<br>\ntoutes aus\u00adsi logiques, sin\u00adc\u00e8res et sur\u00ades d\u2019elles-m\u00eames<br>\nles unes que les autres, \u00e0 me fier plu\u00adt\u00f4t \u00e0&nbsp;la<br>\nfa\u00e7on dont le type me par\u00adlait et par\u00adlait des autres groupes<br>\nplu\u00adt\u00f4t qu\u2019\u00e0 ce qu\u2019il me disait&nbsp;!  J\u2019ai alors d\u00e9cid\u00e9<br>\nde lire des bou\u00adquins sur l\u2019anarchisme.<\/span><\/i><\/font><\/font><\/p>\n<p style=\"text-indent: 1.46cm; margin-bottom: 0cm;\" align=\"justify\"><font face=\"Garamond, serif\"><font style=\"font-size: 13pt;\" size=\"3\"><i><span lang=\"fr-FR\">Et<br>\npuis aus\u00adsi j\u2019ai com\u00admen\u00adc\u00e9 \u00e0 me deman\u00adder alors&nbsp;si<br>\nl\u2019esprit, le sens du mou\u00adve\u00adment de mai et ce qui me plai\u00adsait en&nbsp;lui<br>\nn\u2019\u00e9taient pas fon\u00adci\u00e8\u00adre\u00adment, essentiellement<br>\nanar\u00adchistes, et cela, je le pense encore.<\/span><\/i><\/font><\/font><\/p>\n<p style=\"text-indent: 1.46cm; margin-bottom: 0cm;\" align=\"justify\"><font face=\"Garamond, serif\"><font style=\"font-size: 13pt;\" size=\"3\"><i><span lang=\"fr-FR\">Quant<br>\n\u00e0 la non-vio\u00adlence, bien que membre du Ser\u00advice&nbsp;civil<br>\ninter\u00adna\u00adtio\u00adnal, cela ne m\u2019int\u00e9ressait pas du tout&nbsp;avant.<br>\nCepen\u00addant, au moment de la crise de mon mari, le jour le&nbsp;plus<br>\ndra\u00adma\u00adtique, je me suis mise \u00e0 pen\u00adser bru\u00adta\u00adle\u00adment que le&nbsp;seul<br>\nabso\u00adlu pos\u00adsible vers lequel on peut tendre ne pou\u00advait \u00eatre&nbsp;que<br>\nl\u2019amour et que ce qu\u2019il deman\u00addait \u00e9tait incompr\u00e9hensible<br>\net sur\u00adtout impr\u00e9\u00advi\u00adsible. C\u2019en \u00e9tait d\u00e9sesp\u00e9rant,<br>\net le jour d\u2019apr\u00e8s, je ne vou\u00adlais plus y pen\u00adser. Ce n\u2019est<br>\nqu\u2019\u00e0 mon retour que j\u2019ai fait la relation<br>\namour-non-vio\u00adlence-anar\u00adchie. Et j\u2019ai essay\u00e9 de pen\u00adser qu\u2019il<br>\npou\u00advait \u00eatre pos\u00adsible de se pro\u00admettre de ne jamais user&nbsp;de<br>\nvio\u00adlence tout en s\u2019engageant comme on en a&nbsp;envie.<\/span><\/i><\/font><\/font><\/p>\n<p style=\"text-indent: 1.46cm; margin-bottom: 0cm;\" align=\"justify\"><font face=\"Garamond, serif\"><font style=\"font-size: 13pt;\" size=\"3\"><i><span lang=\"fr-FR\">Je<br>\nsou\u00adhaite faire quelque chose pour le mou\u00adve\u00adment de mai s\u2019il reprend<br>\nen octobre. Mais je ne sais pas quoi&nbsp;: si j\u2019allais dans&nbsp;une<br>\nmani\u00adfes\u00adta\u00adtion, cela ne ser\u00advi\u00adrait \u00e0 rien que je dise&nbsp;aux<br>\nmani\u00adfes\u00adtants de ne pas lan\u00adcer de pav\u00e9s sur les flics. Seule,<br>\nje ne peux rien faire dans une mani\u00adfes\u00adta\u00adtion vio\u00adlente et j\u2019en&nbsp;suis<br>\ncom\u00adplice. Cela me semble m\u00eame dif\u00adfi\u00adcile de par\u00adti\u00adci\u00adper&nbsp;\u00e0<br>\nun comi\u00adt\u00e9 d\u2019action o\u00f9 j\u2019aurais \u00e0 distribuer<br>\nd\u00e9s tracts disant \u00ab&nbsp;les mani\u00adfes\u00adtants ont rai\u00adson,&nbsp;allez<br>\nvous joindre \u00e0&nbsp;eux&nbsp;\u00bb.<\/span><\/i><\/font><\/font><\/p>\n<p style=\"text-indent: 1.46cm; margin-bottom: 0cm;\" align=\"justify\"><font face=\"Garamond, serif\"><font style=\"font-size: 13pt;\" size=\"3\"><i><span lang=\"fr-FR\">Il<br>\nme semble qu\u2019il fau\u00addrait une action paral\u00adl\u00e8le&nbsp;\u00e0<br>\nl\u2019action vio\u00adlente, une action qui vise les m\u00eames fins&nbsp;mais<br>\npar d\u2019autres moyens et qui r\u00e9us\u00adsisse \u00e0 entra\u00eener<br>\npeu \u00e0 peu les&nbsp;gens.<\/span><\/i><\/font><\/font><\/p>\n<p style=\"text-indent: 1.46cm; margin-bottom: 0cm;\" align=\"justify\"><font face=\"Garamond, serif\"><font style=\"font-size: 13pt;\" size=\"3\"><b><i><span lang=\"fr-FR\">C.<br>\nP.<\/span><\/i><\/b><\/font><\/font><\/p>\n<p style=\"text-indent: 1.46cm; margin-bottom: 0cm;\" align=\"justify\"><font face=\"Garamond, serif\"><font style=\"font-size: 13pt;\" size=\"3\"><i><span lang=\"fr-FR\"><b><strong><em>\u2026<\/em><\/strong><\/b><br>\n<b>si un noyau de non-vio\u00adlents avait exist\u00e9\u2026<\/b><\/span><\/i><\/font><\/font><\/p>\n<p style=\"text-indent: 1.46cm; margin-bottom: 0cm;\" align=\"justify\"><font face=\"Garamond, serif\"><font style=\"font-size: 13pt;\" size=\"3\"><span lang=\"fr-FR\">\u00c9tant<br>\n\u00e9tu\u00addiant, j\u2019ai bien s\u00fbr par\u00adti\u00adci\u00adp\u00e9&nbsp;aux<br>\n\u00e9v\u00e9\u00adne\u00adments du mois de mai, puis \u00e0 ceux&nbsp;du<br>\nfes\u00adti\u00adval d\u2019Avignon au mois d\u2019ao\u00fbt.<\/span><\/font><\/font><\/p>\n<p style=\"text-indent: 1.46cm; margin-bottom: 0cm;\" align=\"justify\" lang=\"fr-FR\">\n<font face=\"Garamond, serif\"><font style=\"font-size: 13pt;\" size=\"3\"><b>Mois<br>\nde&nbsp;mai.<\/b><\/font><\/font><\/p>\n<p style=\"text-indent: 1.46cm; margin-bottom: 0cm;\" align=\"justify\">\u2022<br>\n<font face=\"Garamond, serif\"><font style=\"font-size: 13pt;\" size=\"3\"><span lang=\"fr-FR\">Par\u00adti\u00adci\u00adpa\u00adtion<br>\n\u00e0 l\u2019occupation du Col\u00adl\u00e8ge litt\u00e9raire<br>\nuni\u00adver\u00adsi\u00adtaire d\u2019Avignon (annexe de la facul\u00adt\u00e9 d\u2019Aix)<br>\njusqu\u2019\u00e0 la fin de la gr\u00e8ve de la SNCF, qui s\u2019est<br>\ntra\u00adduite&nbsp;par&nbsp;:<\/span><\/font><\/font><\/p>\n<p style=\"text-indent: 1.46cm; margin-bottom: 0cm;\" align=\"justify\">\u2014<br>\n<font face=\"Garamond, serif\"><font style=\"font-size: 13pt;\" size=\"3\"><span lang=\"fr-FR\">l\u2019ouverture<br>\nde l\u2019amphith\u00e9\u00e2tre \u00e0 tous, avec orga\u00adni\u00adsa\u00adtion&nbsp;de<br>\ntri\u00adbunes libres.<\/span><\/font><\/font><\/p>\n<p style=\"text-indent: 1.46cm; margin-bottom: 0cm;\" align=\"justify\">\u2014<br>\n<font face=\"Garamond, serif\"><font style=\"font-size: 13pt;\" size=\"3\"><span lang=\"fr-FR\">des<br>\ncontacts plus directs avec les ouvriers, lors du ramas\u00adsage&nbsp;des<br>\nordures m\u00e9na\u00adg\u00e8res avec les boueux gr\u00e9\u00advistes \u00ab&nbsp;au<br>\nser\u00advice de la population&nbsp;\u00bb.<\/span><\/font><\/font><\/p>\n<p style=\"text-indent: 1.46cm; margin-bottom: 0cm;\" align=\"justify\" lang=\"fr-FR\">\u200a\u2014\u200a<font face=\"Garamond, serif\"><font style=\"font-size: 13pt;\" size=\"3\">le<br>\nravi\u00adtaille\u00adment de cer\u00adtaines usines ou entre\u00adprises en&nbsp;gr\u00e8ve<br>\n(Pechi\u00adney, Fer\u00adro\u00adviaire) en pommes de terre distribu\u00e9es<br>\ngra\u00adtui\u00adte\u00adment par les pay\u00adsans de Ch\u00e2teaurenard.<\/font><\/font><\/p>\n<p style=\"text-indent: 1.46cm; margin-bottom: 0cm;\" align=\"justify\">\u2014<br>\n<font face=\"Garamond, serif\"><font style=\"font-size: 13pt;\" size=\"3\"><span lang=\"fr-FR\">la<br>\nvisite d\u2019un comi\u00adt\u00e9 d\u2019occupation (CGT) de la Ferroviaire,<br>\nqui a mon\u00adtr\u00e9 clai\u00adre\u00adment la dif\u00adf\u00e9\u00adrence de mentalit\u00e9<br>\nqui peut exis\u00adter entre le \u00ab&nbsp;mili\u00adtant de base&nbsp;\u00bb et le \u00ab&nbsp;bonze<br>\nsyndical&nbsp;\u00bb.<\/span><\/font><\/font><\/p>\n<p style=\"text-indent: 1.46cm; margin-bottom: 0cm;\" align=\"justify\">\u2014<br>\n<font face=\"Garamond, serif\"><font style=\"font-size: 13pt;\" size=\"3\"><span lang=\"fr-FR\">l\u2019\u00e9bauche<br>\nde cr\u00e9a\u00adtion d\u2019un comi\u00adt\u00e9 de liai\u00adson entre gr\u00e9vistes<br>\nsur le plan d\u00e9partemental.<\/span><\/font><\/font><\/p>\n<p style=\"text-indent: 1.46cm; margin-bottom: 0cm;\" align=\"justify\">\u2022<br>\n<font face=\"Garamond, serif\"><font style=\"font-size: 13pt;\" size=\"3\"><span lang=\"fr-FR\">Les<br>\ncom\u00admu\u00adni\u00adca\u00adtions r\u00e9ta\u00adblies, j\u2019ai pu me rendre \u00e0&nbsp;mon<br>\nlieu de tra\u00advail habi\u00adtuel, la facul\u00adt\u00e9 des sciences de<br>\nMar\u00adseille, o\u00f9, contrai\u00adre\u00adment \u00e0 Avi\u00adgnon, le&nbsp;r\u00f4le<br>\ndes \u00e9tu\u00addiants \u00e9tait d\u00e9ter\u00admi\u00adnant. J\u2019ai assist\u00e9<br>\net par\u00adti\u00adci\u00adp\u00e9 \u00e0 des assem\u00adbl\u00e9es g\u00e9n\u00e9rales,<br>\n\u00e0 la com\u00admis\u00adsion \u00ab&nbsp;p\u00e9da\u00adgo\u00adgie&nbsp;\u00bb, \u00e0&nbsp;des<br>\ndis\u00adcus\u00adsions lors de d\u00e9bats ou bien par petits groupes, au<br>\ncomi\u00adt\u00e9 de gr\u00e8ve CAPES agr\u00e9g. (en particulier<br>\nj\u2019ai pris part \u00e0 des piquets de&nbsp;gr\u00e8ve).<\/span><\/font><\/font><\/p>\n<p style=\"text-indent: 1.46cm; margin-bottom: 0cm;\" align=\"justify\"><font face=\"Garamond, serif\"><font style=\"font-size: 13pt;\" size=\"3\"><b><span lang=\"fr-FR\">Mois<br>\nd\u2019ao\u00fbt.<\/span><\/b><\/font><\/font><\/p>\n<p style=\"text-indent: 1.46cm; margin-bottom: 0cm;\" align=\"justify\"><font face=\"Garamond, serif\"><font style=\"font-size: 13pt;\" size=\"3\"><span lang=\"fr-FR\">Habi\u00adtant<br>\ntr\u00e8s pr\u00e8s d\u2019Avignon, j\u2019ai pu prendre part&nbsp;ou<br>\nassis\u00adter aux dis\u00adcus\u00adsions, impro\u00advi\u00adsa\u00adtions et mani\u00adfes\u00adta\u00adtions qui ont&nbsp;pu<br>\navoir&nbsp;lieu.<\/span><\/font><\/font><\/p>\n<p style=\"text-indent: 1.46cm; margin-bottom: 0cm;\" align=\"justify\"><font face=\"Garamond, serif\"><font style=\"font-size: 13pt;\" size=\"3\"><span lang=\"fr-FR\">Si<br>\ndans le Sud-Est les CRS ne s\u2019\u00e9taient jamais montr\u00e9s<br>\nen mai (ce qui fait que ce mois a \u00e9t\u00e9&nbsp;tr\u00e8s<br>\ncalme), l\u2019arriv\u00e9e d\u2019une bonne cen\u00adtaine de jeunes Parisiens<br>\n(que la presse bap\u00adti\u00adsa les \u00ab&nbsp;contesta\u00adtaire&nbsp;\u00bb) nous&nbsp;a<br>\nper\u00admis de les voir arri\u00adver arm\u00e9s au grand complet.<\/span><\/font><\/font><\/p>\n<p style=\"text-indent: 1.46cm; margin-bottom: 0cm;\" align=\"justify\" lang=\"fr-FR\">\n<font face=\"Garamond, serif\"><font style=\"font-size: 13pt;\" size=\"3\"><b>Com\u00adpor\u00adte\u00adments<\/b><\/font><\/font><\/p>\n<p style=\"text-indent: 1.46cm; margin-bottom: 0cm;\" align=\"justify\"><font face=\"Garamond, serif\"><font style=\"font-size: 13pt;\" size=\"3\"><span lang=\"fr-FR\">Je<br>\nne crois pas que ce mou\u00adve\u00adment ait \u00e9t\u00e9 r\u00e9v\u00e9lateur<br>\nde com\u00adpor\u00adte\u00adments nou\u00adveaux, du moins dans la r\u00e9gion. Il&nbsp;est<br>\ncer\u00adtain que de nom\u00adbreux indi\u00advi\u00addus ont pu se com\u00adpor\u00adter d\u2019une&nbsp;fa\u00e7on<br>\nnou\u00advelle, mais dans l\u2019ensemble je n\u2019ai pas remar\u00adqu\u00e9&nbsp;de<br>\nchoses r\u00e9el\u00adle\u00adment \u00ab&nbsp;neuves&nbsp;\u00bb.<\/span><\/font><\/font><\/p>\n<p style=\"text-indent: 1.46cm; margin-bottom: 0cm;\" align=\"justify\"><font face=\"Garamond, serif\"><font style=\"font-size: 13pt;\" size=\"3\"><span lang=\"fr-FR\">A<br>\nAvi\u00adgnon, les \u00e9tu\u00addiants, tr\u00e8s peu nom\u00adbreux, ont&nbsp;d\u00fb<br>\nmani\u00adfes\u00adter avec les cen\u00adtrales syn\u00addi\u00adcales ouvri\u00e8res et<br>\nensei\u00adgnantes, le maire d\u2019Avignon, les d\u00e9pu\u00adt\u00e9s&nbsp;du<br>\nd\u00e9par\u00adte\u00adment et les grou\u00adpe\u00adments poli\u00adtiques de gauche&nbsp;;<br>\nmani\u00adfes\u00adta\u00adtions tel\u00adle\u00adment int\u00e9\u00adgr\u00e9es que je n\u2019y ai&nbsp;pas<br>\npar\u00adti\u00adci\u00adp\u00e9 et n\u2019en ai aucun regret.<\/span><\/font><\/font><\/p>\n<p style=\"text-indent: 1.46cm; margin-bottom: 0cm;\" align=\"justify\"><font face=\"Garamond, serif\"><font style=\"font-size: 13pt;\" size=\"3\"><span lang=\"fr-FR\">A<br>\nMar\u00adseille, la seule mani\u00adfes\u00adta\u00adtion \u00e0 laquelle j\u2019ai particip\u00e9<br>\n(le 13 mai) \u00e9tait \u00e9ga\u00adle\u00adment dans ce style, mais<br>\nd\u2019autres furent plus ori\u00adgi\u00adnales. Le sys\u00adt\u00e8me d\u2019organisation<br>\ndes comi\u00adt\u00e9s de gr\u00e8ve et d\u2019occupation ne m\u2019a&nbsp;pas<br>\nsem\u00adbl\u00e9 \u00eatre quelque chose de tr\u00e8s nou\u00adveau. Ce&nbsp;qui<br>\nest int\u00e9\u00adres\u00adsant de noter, c\u2019est sa g\u00e9n\u00e9ralisation<br>\net le r\u00f4le des non-syn\u00addi\u00adqu\u00e9s. Dans les usines<br>\nl\u2019autogestion ne m\u2019a paru que rare\u00adment et par\u00adtiel\u00adle\u00adment r\u00e9alis\u00e9e<br>\nsauf pen\u00addant une courte p\u00e9riode \u00e0 Nantes. Le nombre de<br>\npar\u00adti\u00adci\u00adpants actifs est res\u00adt\u00e9 tou\u00adjours r\u00e9duit, surtout<br>\ndans les facul\u00adt\u00e9s. La gr\u00e8ve\u200a\u2014\u200aou plu\u00adt\u00f4t&nbsp;le<br>\nboy\u00adcot\u00adtage\u200a\u2014\u200ades concours par les \u00e9tu\u00addiants me para\u00eet<br>\n\u00eatre assez nou\u00advelle et a d\u00e9sem\u00adpa\u00adr\u00e9&nbsp;les<br>\n\u00ab&nbsp;auto\u00adri\u00adt\u00e9s&nbsp;\u00bb au moins au d\u00e9but, ce que&nbsp;tr\u00e8s<br>\npeu d\u2019enseignants ont compris.<\/span><\/font><\/font><\/p>\n<p style=\"text-indent: 1.46cm; margin-bottom: 0cm;\" align=\"justify\">\u2022<br>\n<font face=\"Garamond, serif\"><font style=\"font-size: 13pt;\" size=\"3\"><span lang=\"fr-FR\">Par<br>\ncontre, <b>le besoin de struc\u00adtures nou\u00advelles<\/b> s\u2019est exprim\u00e9<br>\n\u00e0 tous les niveaux, les modi\u00adfi\u00adca\u00adtions de struc\u00adtures passant<br>\nbien avant les reven\u00addi\u00adca\u00adtions sala\u00adriales, ce qui est&nbsp;assez<br>\ninhabituel.<\/span><\/font><\/font><\/p>\n<p style=\"text-indent: 1.46cm; margin-bottom: 0cm;\" align=\"justify\"><font face=\"Garamond, serif\"><font style=\"font-size: 13pt;\" size=\"3\"><span lang=\"fr-FR\">1)<br>\n<b>Dans les \u00e9ta\u00adblis\u00adse\u00adments sco\u00adlaires,<\/b> le besoin de gestion<br>\nde ces der\u00adniers par les seuls uti\u00adli\u00adsa\u00adteurs (\u00e9tu\u00addiants,<br>\nper\u00adson\u00adnel tech\u00adnique, assis\u00adtants, pro\u00adfes\u00adseurs) se tra\u00adduit par&nbsp;la<br>\nfor\u00adma\u00adtion d\u2019assembl\u00e9es ill\u00e9\u00adgales (assem\u00adbl\u00e9es<br>\nconsti\u00adtuantes des facul\u00adt\u00e9s par exemple) pre\u00adnant des d\u00e9cisions<br>\nnotam\u00adment sur les tra\u00advaux r\u00e9a\u00adli\u00ads\u00e9s en commissions<br>\n(\u00e9la\u00adbo\u00adra\u00adtion de nou\u00advelles struc\u00adtures de ges\u00adtion, m\u00e9thodes<br>\np\u00e9da\u00adgo\u00adgiques nou\u00advelles, etc.);<\/span><\/font><\/font><\/p>\n<p style=\"text-indent: 1.46cm; margin-bottom: 0cm;\" align=\"justify\"><font face=\"Garamond, serif\"><font style=\"font-size: 13pt;\" size=\"3\"><span lang=\"fr-FR\">2)<br>\n<b>Dans les usines,<\/b> prise en charge de ces der\u00adni\u00e8res par<br>\nles comi\u00adt\u00e9s de&nbsp;gr\u00e8ve&nbsp;;<\/span><\/font><\/font><\/p>\n<p style=\"text-indent: 1.46cm; margin-bottom: 0cm;\" align=\"justify\"><font face=\"Garamond, serif\"><font style=\"font-size: 13pt;\" size=\"3\"><span lang=\"fr-FR\">3)<br>\n<b>Lors du fes\u00adti\u00adval,<\/b> la n\u00e9ces\u00adsi\u00adt\u00e9 de rendre<br>\nacces\u00adsible le th\u00e9\u00e2tre aux tra\u00advailleurs a&nbsp;\u00e9t\u00e9<br>\nmise en \u00e9vi\u00addence par plu\u00adsieurs troupes et sur\u00adtout par&nbsp;le<br>\nLiving Theatre \u00e0 Avignon.<\/span><\/font><\/font><\/p>\n<p style=\"text-indent: 1.46cm; margin-bottom: 0cm;\" align=\"justify\"><font face=\"Garamond, serif\"><font style=\"font-size: 13pt;\" size=\"3\"><span lang=\"fr-FR\"><b>Mes<br>\nconvic\u00adtions<\/b> n\u2019ont pas, dans leur ensemble, \u00e9t\u00e9<br>\nnota\u00adble\u00adment modifi\u00e9es.<\/span><\/font><\/font><\/p>\n<p style=\"text-indent: 1.46cm; margin-bottom: 0cm;\" align=\"justify\"><font face=\"Garamond, serif\"><font style=\"font-size: 13pt;\" size=\"3\"><span lang=\"fr-FR\">a)<br>\n<b>En ce qui concerne l\u2019anarchisme,<\/b> ces der\u00adni\u00e8res ont<br>\n\u00e9t\u00e9 ren\u00adfor\u00adc\u00e9es, le r\u00f4le des partis<br>\npoli\u00adtiques et des syn\u00addi\u00adcats, int\u00e9\u00adgr\u00e9s, ayant&nbsp;\u00e9t\u00e9<br>\nclai\u00adre\u00adment mon\u00adtr\u00e9. Seul le PSU a pris par\u00adti pour les \u00e9tudiants<br>\npour\u2026 r\u00e9cu\u00adp\u00e9\u00adrer leurs voix. D\u2019ailleurs de<br>\nnom\u00adbreuses exp\u00e9\u00adriences et dis\u00adcus\u00adsions qui ont eu lieu lors&nbsp;de<br>\nces \u00e9v\u00e9\u00adne\u00adments furent liber\u00adtaires. Le r\u00f4le&nbsp;des<br>\n\u00e9lec\u00adtions n\u2019a pas \u00e9t\u00e9 d\u00e9nonc\u00e9,<br>\npour une fois, par les seuls anar\u00adchistes\u2026 Reven\u00addi\u00adca\u00adtion&nbsp;de<br>\nl\u2019autogestion\u2026<\/span><\/font><\/font><\/p>\n<p style=\"text-indent: 1.46cm; margin-bottom: 0cm;\" align=\"justify\"><font face=\"Garamond, serif\"><font style=\"font-size: 13pt;\" size=\"3\"><span lang=\"fr-FR\">b)<br>\n<b>En ce qui concerne la vio\u00adlence,<\/b> il est cer\u00adtain que&nbsp;les<br>\npre\u00admi\u00e8res mani\u00adfes\u00adta\u00adtions et bar\u00adri\u00adcades ame\u00adn\u00e8rent une<br>\nprise de conscience face aux bru\u00adta\u00adli\u00adt\u00e9s polici\u00e8res<br>\nqu\u2019elles r\u00e9v\u00e9\u00adl\u00e8rent et beau\u00adcoup de&nbsp;gens<br>\napprou\u00adv\u00e8rent. Mais ce ph\u00e9\u00adno\u00adm\u00e8ne se r\u00e9p\u00e9ta<br>\nsi r\u00e9gu\u00adli\u00e8\u00adre\u00adment qu\u2019il y eut rup\u00adture&nbsp;entre<br>\nmani\u00adfes\u00adtants et population.<\/span><\/font><\/font><\/p>\n<p style=\"text-indent: 1.46cm; margin-bottom: 0cm;\" align=\"justify\"><font face=\"Garamond, serif\"><font style=\"font-size: 13pt;\" size=\"3\"><span lang=\"fr-FR\">c)<br>\n<b>En ce qui concerne la non-vio\u00adlence, <\/b>je per\u00adsiste&nbsp;\u00e0<br>\ncroire que c\u2019est une \u00ab&nbsp;tech\u00adnique&nbsp;\u00bb \u00e0 pr\u00e9f\u00e9rer<br>\naux m\u00e9thodes vio\u00adlentes, sous toutes leurs formes pour&nbsp;les<br>\nrai\u00adsons suivantes&nbsp;:<\/span><\/font><\/font><\/p>\n<p style=\"text-indent: 1.46cm; margin-bottom: 0cm;\" align=\"justify\" lang=\"fr-FR\">\n<font face=\"Garamond, serif\"><font style=\"font-size: 13pt;\" size=\"3\">Une<br>\nmani\u00adfes\u00adta\u00adtion non vio\u00adlente suf\u00adfi\u00adsam\u00adment enga\u00adg\u00e9e&nbsp;peut<br>\nd\u00e9clen\u00adcher une prise de conscience peut-\u00eatre aussi<br>\nimpor\u00adtante que les bar\u00adri\u00adcades de&nbsp;mai.<\/font><\/font><\/p>\n<p style=\"text-indent: 1.46cm; margin-bottom: 0cm;\" align=\"justify\"><font face=\"Garamond, serif\"><font style=\"font-size: 13pt;\" size=\"3\"><span lang=\"fr-FR\">Elle<br>\n\u00e9vite la rup\u00adture entre mani\u00adfes\u00adtants et observateurs.<br>\nL\u2019inconv\u00e9nient, c\u2019est qu\u2019elle n\u00e9ces\u00adsite&nbsp;une<br>\npr\u00e9\u00adpa\u00adra\u00adtion&nbsp;: on se d\u00e9fend vio\u00adlem\u00adment instinctivement.<br>\nLe com\u00adpor\u00adte\u00adment non violent s\u2019acquiert par la r\u00e9flexion et<br>\nl\u2019entra\u00eenement.<\/span><\/font><\/font><\/p>\n<p style=\"text-indent: 1.46cm; margin-bottom: 0cm;\" align=\"justify\"><font face=\"Garamond, serif\"><font style=\"font-size: 13pt;\" size=\"3\"><span lang=\"fr-FR\">d)<br>\n<b>La r\u00e9vo\u00adlu\u00adtion<\/b> me para\u00eet de plus en plus difficile<br>\n\u00e0 r\u00e9a\u00adli\u00adser lorsque je pense \u00e0 la&nbsp;force<br>\nmat\u00e9\u00adrielle et psy\u00adcho\u00adlo\u00adgique (radio, presse) que d\u00e9tient<br>\nle gou\u00adver\u00adne\u00adment&nbsp;; \u00e0 la com\u00adplexi\u00adt\u00e9 de l\u2019\u00e9conomie,<br>\nsur\u00adtout de l\u2019industrie, qui ren\u00addrait l\u2019autogestion certainement<br>\ndif\u00adfi\u00adcile \u00e0 r\u00e9a\u00adli\u00adser, le pro\u00adbl\u00e8me des liaisons<br>\nentre entre\u00adprises et celui des mar\u00adch\u00e9s&nbsp;\u00e9tant<br>\nessen\u00adtiels&nbsp;; \u00e0 la pr\u00e9\u00adsence de couches moyennes<br>\nimpor\u00adtantes (petits com\u00admer\u00ad\u00e7ants, fonc\u00adtion\u00adnaires ais\u00e9s)<br>\npas du tout favo\u00adrables \u00e0 de tels changements.<\/span><\/font><\/font><\/p>\n<p style=\"text-indent: 1.46cm; margin-bottom: 0cm;\" align=\"justify\"><font face=\"Garamond, serif\"><font style=\"font-size: 13pt;\" size=\"3\"><span lang=\"fr-FR\">Si<br>\nle mou\u00adve\u00adment reprend, je m\u2019y asso\u00adcie\u00adrai et par\u00adti\u00adci\u00adpe\u00adrai, comme&nbsp;aux<br>\nmois de mai-juin-ao\u00fbt, \u00e0 tout ce qui me convient.<br>\nPar\u00adti\u00adci\u00adper direc\u00adte\u00adment \u00e0 une action vio\u00adlente me para\u00eet<br>\nexclu, mais il y a tou\u00adjours des pos\u00adsi\u00adbi\u00adli\u00adt\u00e9s de tra\u00advailler \u00e0<br>\nun mou\u00adve\u00adment sans uti\u00adli\u00adser la violence.<\/span><\/font><\/font><\/p>\n<p style=\"text-indent: 1.46cm; margin-bottom: 0cm;\" align=\"justify\"><font face=\"Garamond, serif\"><font style=\"font-size: 13pt;\" size=\"3\"><span lang=\"fr-FR\">Il<br>\nserait cepen\u00addant sou\u00adhai\u00adtable d\u2019\u00e9tablir une liai\u00adson&nbsp;entre<br>\nnon-vio\u00adlents d\u00e9si\u00adreux de par\u00adti\u00adci\u00adper \u00e0 un mouvement<br>\nr\u00e9vo\u00adlu\u00adtion\u00adnaire afin d\u2019essayer de r\u00e9a\u00adli\u00adser&nbsp;des<br>\nactions plus sp\u00e9\u00adci\u00adfi\u00adque\u00adment non vio\u00adlentes. En mai, je me&nbsp;suis<br>\ntrou\u00adv\u00e9 \u00ab&nbsp;noy\u00e9&nbsp;\u00bb par\u00admi des gens n\u2019ayant<br>\naucune confiance en la non-vio\u00adlence et n\u2019ai pu qu\u2019accepter leurs<br>\npro\u00adpo\u00adsi\u00adtions dans la mesure o\u00f9 elles me convenaient.<\/span><\/font><\/font><\/p>\n<p style=\"text-indent: 1.46cm; margin-bottom: 0cm;\" align=\"justify\"><font face=\"Garamond, serif\"><font style=\"font-size: 13pt;\" size=\"3\"><span lang=\"fr-FR\">Si<br>\nun noyau de non-vio\u00adlents avait exis\u00adt\u00e9, une action aurait \u00e9t\u00e9<br>\npos\u00adsible. Ain\u00adsi au fes\u00adti\u00adval d\u2019Avignon, les groupes parisiens<br>\n(appe\u00adl\u00e9s contes\u00adta\u00adtaires dans la presse) ont fini par adopter<br>\nles tech\u00adniques non vio\u00adlentes, sous l\u2019impulsion des gars du Living<br>\nTheatre bien qu\u2019au d\u00e9but ils aient \u00e9t\u00e9 oppos\u00e9s<br>\n\u00e0 de telles formes d\u2019action. Mais pour qu\u2019une action non<br>\nvio\u00adlente puisse int\u00e9\u00adres\u00adser des vio\u00adlents \u00ab&nbsp;sinc\u00e8res&nbsp;\u00bb<br>\nencore faut-il que les actions que nous pro\u00adpo\u00adsons soient suffisamment<br>\nenga\u00adg\u00e9es. Peut-\u00eatre jugent-ils les non-violents<br>\nseule\u00adment d\u2019apr\u00e8s ceux qui sont trop sou\u00adcieux de la l\u00e9galit\u00e9<br>\ncomme il en existe. Beau\u00adcoup de ces der\u00adniers d\u2019ailleurs, me<br>\nsemble-t-il, ont refu\u00ads\u00e9 de par\u00adti\u00adci\u00adper aux \u00e9v\u00e9nements,<br>\nne voyant que les bar\u00adri\u00adcades et les d\u00e9pr\u00e9\u00adda\u00adtions&nbsp;de<br>\ntout&nbsp;ordre.<\/span><\/font><\/font><\/p>\n<p style=\"text-indent: 1.46cm; margin-bottom: 0cm;\" align=\"justify\"><font face=\"Garamond, serif\"><font style=\"font-size: 13pt;\" size=\"3\"><span lang=\"fr-FR\">Il<br>\nest regret\u00adtable que l\u2019organisation de groupes d\u2019action non<br>\nvio\u00adlente \u00e9bau\u00adch\u00e9e \u00e0 Aix, il y a deux ans, n\u2019ait<br>\npu se pour\u00adsuivre et ait \u00e9t\u00e9 aban\u00addon\u00adn\u00e9e.&nbsp;Ils<br>\nauraient pu consti\u00adtuer des noyaux autour des\u00adquels auraient pu<br>\ns\u2019agglom\u00e9rer peut-\u00eatre de nom\u00adbreuses personnes.<\/span><\/font><\/font><\/p>\n<p style=\"text-indent: 1.46cm; margin-bottom: 0cm;\" align=\"justify\" lang=\"fr-FR\">\n<font face=\"Garamond, serif\"><font style=\"font-size: 13pt;\" size=\"3\"><b>C.<br>\nR.<\/b><\/font><\/font><\/p>\n<p style=\"text-indent: 1.46cm; margin-bottom: 0cm;\" align=\"justify\" lang=\"fr-FR\">\n<font face=\"Garamond, serif\"><font style=\"font-size: 13pt;\" size=\"3\"><b><strong><em><\/em><\/strong><\/b><i><b>\u2026<br>\ntrou\u00adver un d\u00e9to\u00adna\u00adteur non violent\u2026<\/b><\/i><\/font><\/font><\/p>\n<p style=\"text-indent: 1.46cm; margin-bottom: 0cm;\" align=\"justify\"><font face=\"Garamond, serif\"><font style=\"font-size: 13pt;\" size=\"3\"><span lang=\"fr-FR\">Nous<br>\navons, ma femme et moi, par\u00adti\u00adci\u00adp\u00e9 aux \u00e9v\u00e9nements<br>\nde mai en tant qu\u2019instituteurs syn\u00addi\u00adca\u00adlistes gr\u00e9\u00advistes. Nous<br>\navons ain\u00adsi par\u00adti\u00adci\u00adp\u00e9 \u00e0 de nom\u00adbreuses r\u00e9unions,<br>\nnon seule\u00adment d\u2019enseignants, mais aus\u00adsi d\u2019\u00e9tudiants et<br>\nd\u2019ouvriers \u00e0&nbsp;Caen.<\/span><\/font><\/font><\/p>\n<p style=\"text-indent: 1.46cm; margin-bottom: 0cm;\" align=\"justify\"><font face=\"Garamond, serif\"><font style=\"font-size: 13pt;\" size=\"3\"><span lang=\"fr-FR\">Ce<br>\nmou\u00adve\u00adment nous a sur\u00adpris et enthou\u00adsias\u00adm\u00e9s, par son ampleur, sa<br>\nforce et par la fa\u00e7on dont la soci\u00e9\u00adt\u00e9&nbsp;fut<br>\ntota\u00adle\u00adment remise en ques\u00adtion par les \u00e9tu\u00addiants. Nous&nbsp;ne<br>\npen\u00adsions pas qu\u2019il y e\u00fbt de telles poten\u00adtia\u00adli\u00adt\u00e9s&nbsp;dans<br>\nla jeu\u00adnesse. Mal\u00adheu\u00adreu\u00adse\u00adment, si les \u00e9tu\u00addiants en vinrent<br>\nrapi\u00adde\u00adment \u00e0 poser le pro\u00adbl\u00e8me de l\u2019autogestion et&nbsp;\u00e0<br>\nagir pour la mettre en pra\u00adtique, il n\u2019en fut pas de m\u00eame&nbsp;chez<br>\nles ouvriers et chez les ins\u00adti\u00adtu\u00adteurs en g\u00e9n\u00e9\u00adral.&nbsp;Au<br>\nlieu de s\u2019orienter vers la gr\u00e8ve ges\u00adtion\u00adnaire, on s\u2019en<br>\ntint \u00e0 une atti\u00adtude contes\u00adta\u00adtaire et n\u00e9ga\u00adtive dont&nbsp;les<br>\nappa\u00adreils et M.&nbsp;S\u00e9guy ne purent que se r\u00e9jouir apr\u00e8s<br>\navoir tout fait, \u00e9vi\u00addem\u00adment, pour obte\u00adnir ce r\u00e9sultat.<\/span><\/font><\/font><\/p>\n<p style=\"text-indent: 1.46cm; margin-bottom: 0cm;\" align=\"justify\"><font face=\"Garamond, serif\"><font style=\"font-size: 13pt;\" size=\"3\"><span lang=\"fr-FR\">Mal\u00adgr\u00e9<br>\ntout, je pense que l\u2019aspiration \u00e0 un chan\u00adge\u00adment total, \u00e0<br>\nla digni\u00adt\u00e9 humaine, \u00e9tait g\u00e9n\u00e9\u00adrale,&nbsp;mais<br>\ndevant l\u2019absence totale d\u2019\u00e9ducation syn\u00addi\u00adca\u00adliste, les<br>\ntra\u00advailleurs n\u2019ont pas eu le temps de prendre conscience de&nbsp;ce<br>\nqu\u2019ils vou\u00adlaient r\u00e9el\u00adle\u00adment. Quand ils com\u00admen\u00adc\u00e8rent \u00e0<br>\nen prendre conscience, il \u00e9tait trop tard&nbsp;; les bureaucrates<br>\navaient tout repris en&nbsp;main\u2026<\/span><\/font><\/font><\/p>\n<p style=\"text-indent: 1.46cm; margin-bottom: 0cm;\" align=\"justify\"><font face=\"Garamond, serif\"><font style=\"font-size: 13pt;\" size=\"3\"><span lang=\"fr-FR\">Les<br>\n\u00e9v\u00e9\u00adne\u00adments de mai n\u2019ont donc fait que confir\u00admer&nbsp;ce<br>\nque nous pen\u00adsions d\u00e9j\u00e0, \u00e0 savoir qu\u2019une<br>\nr\u00e9vo\u00adlu\u00adtion ne s\u2019improvise pas&nbsp;; elle se pr\u00e9\u00adpare. En&nbsp;ce<br>\nsens d\u2019ailleurs, ce qui s\u2019est pas\u00ads\u00e9 a&nbsp;\u00e9t\u00e9<br>\nposi\u00adtif, car il s\u2019est cr\u00e9\u00e9 une sen\u00adsi\u00adbi\u00adli\u00adsa\u00adtion&nbsp;aux<br>\npro\u00adbl\u00e8mes de la construc\u00adtion r\u00e9vo\u00adlu\u00adtion\u00adnaire dont&nbsp;nous<br>\naurons \u00e0 pro\u00adfi\u00adter pour essayer d\u2019entreprendre cette<br>\n\u00e9du\u00adca\u00adtion qui, comme en 36, a ter\u00adri\u00adble\u00adment manqu\u00e9.<br>\nQuant \u00e0 la vio\u00adlence, si les mani\u00adfes\u00adta\u00adtions qui la suscit\u00e8rent<br>\nser\u00advirent, comme il a \u00e9t\u00e9 dit, de d\u00e9to\u00adna\u00adteur&nbsp;au<br>\nmou\u00adve\u00adment, elles furent impuis\u00adsantes, \u00e9vi\u00addem\u00adment,&nbsp;\u00e0<br>\npro\u00admou\u00advoir les capa\u00adci\u00adt\u00e9s ges\u00adtion\u00adnaires et admi\u00adnis\u00adtra\u00adtives&nbsp;des<br>\ntra\u00advailleurs. La prise en main de ses propres affaires n\u2019a rien&nbsp;\u00e0<br>\nvoir avec la vio\u00adlence, et la gr\u00e8ve g\u00e9n\u00e9rale<br>\nges\u00adtion\u00adnaire me semble essen\u00adtiel\u00adle\u00adment non vio\u00adlente. Il res\u00adte\u00adrait&nbsp;\u00e0<br>\ntrou\u00adver un \u00ab&nbsp;d\u00e9to\u00adna\u00adteur&nbsp;\u00bb non violent. La&nbsp;t\u00e2che<br>\nest ren\u00addue encore plus dif\u00adfi\u00adcile par la bureau\u00adcra\u00adti\u00adsa\u00adtion&nbsp;des<br>\norga\u00adni\u00adsa\u00adtions ouvri\u00e8res qui ne feront rien, bien au contraire,<br>\npour d\u00e9clen\u00adcher un mou\u00adve\u00adment g\u00e9n\u00e9\u00adral. Alors, la<br>\nques\u00adtion reste&nbsp;pos\u00e9e.<\/span><\/font><\/font><\/p>\n<p style=\"text-indent: 1.46cm; margin-bottom: 0cm;\" align=\"justify\"><font face=\"Garamond, serif\"><font style=\"font-size: 13pt;\" size=\"3\"><span lang=\"fr-FR\">Mais,<br>\nde toute fa\u00e7on, le tra\u00advail d\u2019\u00e9ducation \u00e0<br>\nentre\u00adprendre me parait \u00eatre encore la meilleure action \u00e0<br>\nla fois anar\u00adchiste et non<b> <\/b>vio\u00adlente.<\/span><\/font><\/font><\/p>\n<p style=\"text-indent: 1.46cm; margin-bottom: 0cm;\" align=\"justify\" lang=\"fr-FR\">\n<font face=\"Garamond, serif\"><font style=\"font-size: 13pt;\" size=\"3\"><b>J.-P.<br>\nB.<\/b><\/font><\/font><\/p>\n<p style=\"text-indent: 1.46cm; margin-bottom: 0cm;\" align=\"justify\" lang=\"fr-FR\">\n<\/p><p style=\"text-indent: 1.46cm; margin-bottom: 0cm;\" align=\"justify\">\n<font face=\"Garamond, serif\"><font style=\"font-size: 13pt;\" size=\"3\"><strong><em><b><i><span lang=\"fr-FR\">\u2026<br>\nune syn\u00adth\u00e8se de toutes les aspirations\u2026<\/span><\/i><\/b><\/em><\/strong><\/font><\/font><\/p>\n<p style=\"text-indent: 1.46cm; margin-bottom: 0cm;\" align=\"justify\"><font face=\"Garamond, serif\"><font style=\"font-size: 13pt;\" size=\"3\"><i><span lang=\"fr-FR\">A<br>\naucun moment il ne m\u2019a sem\u00adbl\u00e9 pos\u00adsible de ne pas participer<br>\naux \u00e9v\u00e9\u00adne\u00adments de mai, par contre d\u00e8s le&nbsp;d\u00e9but,<br>\nje me suis deman\u00add\u00e9 de quelle mani\u00e8re le faire. Apr\u00e8s<br>\navoir h\u00e9si\u00adt\u00e9 \u00e0 mon\u00adter \u00e0 Paris&nbsp;o\u00f9<br>\nil sem\u00adblait que tout allait se jouer, j\u2019ai pen\u00ads\u00e9 qu\u2019il<br>\n\u00e9tait plus utile d\u2019essayer de le faire dans, autour et&nbsp;avec<br>\nson entou\u00adrage imm\u00e9diat.<\/span><\/i><\/font><\/font><\/p>\n<p style=\"text-indent: 1.46cm; margin-bottom: 0cm;\" align=\"justify\"><font face=\"Garamond, serif\"><font style=\"font-size: 13pt;\" size=\"3\"><i><span lang=\"fr-FR\">Dans<br>\nla pra\u00adtique, cela s\u2019est tra\u00adduit par une suc\u00adces\u00adsion de petits faits<br>\nsans reten\u00adtis\u00adse\u00adment impor\u00adtant, mais bien adap\u00adt\u00e9s&nbsp;\u00e0<br>\nl\u2019\u00e9chelle d\u2019un indi\u00advi\u00addu iso\u00adl\u00e9 puisqu\u2019il ne<br>\nm\u2019\u00e9tait pas pos\u00adsible d\u2019agir dans mon milieu professionnel.<\/span><\/i><\/font><\/font><\/p>\n<p style=\"text-indent: 1.46cm; margin-bottom: 0cm;\" align=\"justify\"><font face=\"Garamond, serif\"><font style=\"font-size: 13pt;\" size=\"3\"><i><span lang=\"fr-FR\">Seule<br>\nexcep\u00adtion, dans les tout pre\u00admiers jours de mai, \u00e0 l\u2019occasion<br>\nd\u2019une r\u00e9union ANV \u00e9lar\u00adgie, nous avons d\u00e9cid\u00e9<br>\nde nous munir de deux magn\u00e9\u00adto\u00adphones et d\u2019interpeller les<br>\ngens en leur deman\u00addant leur point de vue sur \u00ab&nbsp;les barricade&nbsp;\u00bb.<br>\nLe magn\u00e9\u00adto\u00adphone \u00e9tait le pr\u00e9\u00adtexte pour provoquer<br>\nle dia\u00adlogue sur la voie publique, nous avons assez bien r\u00e9ussi<br>\net pen\u00addant deux ou trois heures nous avons pro\u00advo\u00adqu\u00e9&nbsp;un<br>\nattrou\u00adpe\u00adment o\u00f9 nous \u00e9tions les ani\u00adma\u00adteurs d\u2019une<br>\nsorte de tri\u00adbune libre improvis\u00e9e.<\/span><\/i><\/font><\/font><\/p>\n<p style=\"text-indent: 1.46cm; margin-bottom: 0cm;\" align=\"justify\" lang=\"fr-FR\">\n<font face=\"Garamond, serif\"><font style=\"font-size: 13pt;\" size=\"3\"><i>En<br>\ndehors de cette action sp\u00e9cifique&nbsp;:<\/i><\/font><\/font><\/p>\n<p style=\"text-indent: 1.46cm; margin-bottom: 0cm;\" align=\"justify\">\u2014<br>\n<font face=\"Garamond, serif\"><font style=\"font-size: 13pt;\" size=\"3\"><span lang=\"fr-FR\"><i>Expli\u00adca\u00adtion<br>\nde la gr\u00e8ve des ensei\u00adgnants et des pro\u00adbl\u00e8mes de<br>\nl\u2019enseignement dans le cadre de l\u2019association des parents<br>\nd\u2019\u00e9l\u00e8ves.<\/i><\/span><\/font><\/font><\/p>\n<p style=\"text-indent: 1.46cm; margin-bottom: 0cm;\" align=\"justify\">\u2014<br>\n<font face=\"Garamond, serif\"><font style=\"font-size: 13pt;\" size=\"3\"><span lang=\"fr-FR\"><i>Contacts<br>\navec le comi\u00adt\u00e9 d\u2019action cultu\u00adrel d\u2019Aix.<\/i><\/span><\/font><\/font><\/p>\n<p style=\"text-indent: 1.46cm; margin-bottom: 0cm;\" align=\"justify\">\u2014<br>\n<font face=\"Garamond, serif\"><font style=\"font-size: 13pt;\" size=\"3\"><span lang=\"fr-FR\"><i>Contacts<br>\net par\u00adti\u00adci\u00adpa\u00adtion \u00e0 un comi\u00adt\u00e9 d\u2019action r\u00e9volutionnaire<br>\nqui fut tr\u00e8s \u00e9ph\u00e9\u00adm\u00e8re et assez st\u00e9rile<br>\ncar noyau\u00adt\u00e9 par les&nbsp;JCR.<\/i><\/span><\/font><\/font><\/p>\n<p style=\"text-indent: 1.46cm; margin-bottom: 0cm;\" align=\"justify\">\u2014<br>\n<font face=\"Garamond, serif\"><font style=\"font-size: 13pt;\" size=\"3\"><span lang=\"fr-FR\"><i>Lan\u00adce\u00adment<br>\nd\u2019une tri\u00adbune libre per\u00adma\u00adnente d\u2019abord, biheb\u00addo\u00adma\u00addaire ensuite<br>\nqui s\u2019est ter\u00admi\u00adn\u00e9e par las\u00adsi\u00adtude des participants.<\/i><\/span><\/font><\/font><\/p>\n<p style=\"text-indent: 1.46cm; margin-bottom: 0cm;\" align=\"justify\">\u2014<br>\n<font face=\"Garamond, serif\"><font style=\"font-size: 13pt;\" size=\"3\"><span lang=\"fr-FR\"><i>Pr\u00e9\u00adsence<br>\naux mani\u00adfes\u00adta\u00adtions impor\u00adtantes (deux \u00e0 Toulon).<\/i><\/span><\/font><\/font><\/p>\n<p style=\"text-indent: 1.46cm; margin-bottom: 0cm;\" align=\"justify\"><font face=\"Garamond, serif\"><font style=\"font-size: 13pt;\" size=\"3\"><span lang=\"fr-FR\"><i>Il<br>\nme semble, si on se r\u00e9f\u00e8re quelque peu&nbsp;\u00e0<br>\nl\u2019histoire sociale et r\u00e9vo\u00adlu\u00adtion\u00adnaire, qu\u2019il n\u2019y a&nbsp;pas<br>\neu autant de formes d\u2019actions origi\u00adnales que ce qu\u2019on a&nbsp;bien<br>\npu dire et \u00e9crire. Par contre, au niveau<\/i> <i>de l\u2019\u00e9tat<br>\nd\u2019esprit, bien que la sti\u00admu\u00adla\u00adtion soit par\u00adtie d\u2019une petite<br>\nmino\u00adri\u00adt\u00e9 agis\u00adsante, il appa\u00adra\u00eet une prise de conscience<br>\nassez r\u00e9volu\u00adtionnaire et \u00e9ten\u00addue de quantit\u00e9<br>\nd\u2019individus consi\u00add\u00e9\u00adr\u00e9s habituelle\u00adment&nbsp;comme<br>\namorphes. Un cer\u00adtain car\u00adcan de bar\u00adri\u00e8res men\u00adtales a<\/i> <i>pu<br>\nsau\u00adter pen\u00addant quelques jours se tra\u00addui\u00adsant&nbsp;par&nbsp;:<\/i><\/span><\/font><\/font><\/p>\n<p style=\"text-indent: 1.46cm; margin-bottom: 0cm;\" align=\"justify\">\u2014<br>\n<font face=\"Garamond, serif\"><font style=\"font-size: 13pt;\" size=\"3\"><i><span lang=\"fr-FR\">la<br>\ncontes\u00adta\u00adtion glo\u00adbale de toutes les formes d\u2019ali\u00e9nation<br>\ndepuis l\u2019exploitation \u00e9co\u00adno\u00admique jusqu\u2019au niveau des<br>\ncom\u00adpor\u00adte\u00adments indi\u00advi\u00adduels en pas\u00adsant par les pro\u00adbl\u00e8mes de<br>\nr\u00e9cup\u00e9ration.<\/span><\/i><\/font><\/font><\/p>\n<p style=\"text-indent: 1.46cm; margin-bottom: 0cm;\" align=\"justify\"><font face=\"Garamond, serif\"><font style=\"font-size: 13pt;\" size=\"3\"><i><span lang=\"fr-FR\">Cela<br>\nme para\u00eet r\u00e9el\u00adle\u00adment nou\u00adveau et en tout cas&nbsp;tr\u00e8s<br>\nposi\u00adtif&nbsp;; dans l\u2019action s\u2019est cr\u00e9\u00e9e une synth\u00e8se<br>\ndes aspi\u00adra\u00adtions mar\u00adxistes, anar\u00adchistes, situationnistes,<br>\nsur\u00adr\u00e9a\u00adlistes, etc., ame\u00adnant un cli\u00admat de \u00ab&nbsp;f\u00eate<br>\nr\u00e9vo\u00adlu\u00adtion\u00adnaire&nbsp;\u00bb qui a rom\u00adpu les fron\u00adti\u00e8res de<br>\nl\u2019individu et des \u00e9ti\u00adquettes et a ren\u00addu pos\u00adsible un dialogue<br>\nper\u00adma\u00adnent posi\u00adtif (voir compte ren\u00addu de cer\u00adtaines com\u00admis\u00adsions&nbsp;de<br>\ntra\u00advail et en par\u00adti\u00adcu\u00adlier celle du C. A. \u00ab&nbsp;Nous sommes en<br>\nmarche&nbsp;\u00bb).<\/span><\/i><\/font><\/font><\/p>\n<p style=\"text-indent: 1.46cm; margin-bottom: 0cm;\" align=\"justify\"><font face=\"Garamond, serif\"><font style=\"font-size: 13pt;\" size=\"3\"><i><span lang=\"fr-FR\">Mes<br>\nconcep\u00adtions et convic\u00adtions n\u2019ont pas \u00e9t\u00e9 vraiment<br>\nmodi\u00adfi\u00e9es, mais plu\u00adt\u00f4t com\u00adpl\u00e9\u00adt\u00e9es&nbsp;et<br>\nenri\u00adchies en par\u00adti\u00adcu\u00adlier&nbsp;sur&nbsp;:<\/span><\/i><\/font><\/font><\/p>\n<p style=\"text-indent: 1.46cm; margin-bottom: 0cm;\" align=\"justify\">\u2014<br>\n<font face=\"Garamond, serif\"><font style=\"font-size: 13pt;\" size=\"3\"><i><span lang=\"fr-FR\">les<br>\npos\u00adsi\u00adbi\u00adli\u00adt\u00e9s des mino\u00adri\u00adt\u00e9s agis\u00adsantes que&nbsp;je<br>\nsous-estimais&nbsp;;<\/span><\/i><\/font><\/font><\/p>\n<p style=\"text-indent: 1.46cm; margin-bottom: 0cm;\" align=\"justify\">\u2014<br>\n<font face=\"Garamond, serif\"><font style=\"font-size: 13pt;\" size=\"3\"><i><span lang=\"fr-FR\">la<br>\nn\u00e9ces\u00adsi\u00adt\u00e9 de radi\u00adca\u00adli\u00adser les posi\u00adtions et actions pour<br>\navoir une audience&nbsp;;<\/span><\/i><\/font><\/font><\/p>\n<p style=\"text-indent: 1.46cm; margin-bottom: 0cm;\" align=\"justify\">\u2014<br>\n<font face=\"Garamond, serif\"><font style=\"font-size: 13pt;\" size=\"3\"><i><span lang=\"fr-FR\">la<br>\nn\u00e9ces\u00adsi\u00adt\u00e9 de trou\u00adver des formes d\u2019action originales,<br>\nactives, radi\u00adcales et non vio\u00adlentes afin de pou\u00advoir sor\u00adtir&nbsp;de<br>\nl\u2019alternative vio\u00adlence active \u2013 non-vio\u00adlence passive.<\/span><\/i><\/font><\/font><\/p>\n<p style=\"text-indent: 1.46cm; margin-bottom: 0cm;\" align=\"justify\"><font face=\"Garamond, serif\"><font style=\"font-size: 13pt;\" size=\"3\"><i><span lang=\"fr-FR\">Le<br>\nmou\u00adve\u00adment de mai a b\u00e9n\u00e9\u00adfi\u00adci\u00e9 de l\u2019effet de<br>\nsur\u00adprise, il peut en \u00eatre dif\u00adfi\u00adci\u00adle\u00adment de m\u00eame&nbsp;dans<br>\nl\u2019avenir. L\u2019organisation de la r\u00e9pres\u00adsion, le regroupement<br>\ndes forces r\u00e9ac\u00adtion\u00adnaires autour du gaul\u00adlisme, le jeu du&nbsp;PC,<br>\nain\u00adsi que la situa\u00adtion inter\u00adna\u00adtio\u00adnale rendent peu plau\u00adsible et&nbsp;tr\u00e8s<br>\nuto\u00adpique la vision d\u2019une r\u00e9vo\u00adlu\u00adtion r\u00e9us\u00adsis\u00adsant&nbsp;en<br>\nFrance.<\/span><\/i><\/font><\/font><\/p>\n<p style=\"text-indent: 1.46cm; margin-bottom: 0cm;\" align=\"justify\"><font face=\"Garamond, serif\"><font style=\"font-size: 13pt;\" size=\"3\"><i><span lang=\"fr-FR\">Par<br>\ncontre, il me semble que nous devons par\u00adti\u00adci\u00adper par\u00adtout&nbsp;o\u00f9<br>\ncela est pos\u00adsible aux mou\u00adve\u00adments de contes\u00adta\u00adtion et y pro\u00adpo\u00adser&nbsp;des<br>\nformes d\u2019action telles que la d\u00e9so\u00adb\u00e9is\u00adsance civile.<br>\nIl me para\u00eet sou\u00adhai\u00adtable \u00e9ga\u00adle\u00adment d\u2019am\u00e9liorer<br>\nnotre coor\u00addi\u00adna\u00adtion et d\u2019envisager \u00e9ven\u00adtuel\u00adle\u00adment des actions<br>\nen tant que groupe et pour cela de nous regrou\u00adper dans un lieu&nbsp;pour<br>\nune action sp\u00e9\u00adci\u00adfique lors d\u2019\u00e9v\u00e9nements<br>\ngraves.<\/span><\/i><\/font><\/font><\/p>\n<p style=\"text-indent: 1.46cm; margin-bottom: 0cm;\" align=\"justify\" lang=\"fr-FR\">\n<font face=\"Garamond, serif\"><font style=\"font-size: 13pt;\" size=\"3\"><b>M.<br>\nV.<\/b><\/font><\/font><\/p>\n<p style=\"text-indent: 1.46cm; margin-bottom: 0cm;\" align=\"justify\" lang=\"fr-FR\">\n<strong><em><font face=\"Garamond, serif\"><font style=\"font-size: 13pt;\" size=\"3\"><i><b>\u2026<br>\nspontan\u00e9it\u00e9\u2026<\/b><\/i><\/font><\/font><\/em><\/strong><\/p>\n<p style=\"text-indent: 1.46cm; margin-bottom: 0cm;\" align=\"justify\"><font face=\"Garamond, serif\"><font style=\"font-size: 13pt;\" size=\"3\"><span lang=\"fr-FR\">Je<br>\npas\u00adse\u00adrai rapi\u00adde\u00adment sur les rai\u00adsons de ma non-par\u00adti\u00adci\u00adpa\u00adtion&nbsp;aux<br>\n\u00e9v\u00e9\u00adne\u00adments de mai der\u00adnier. J\u2019y ai&nbsp;\u00e9t\u00e9<br>\ncontraint par ma situa\u00adtion g\u00e9o\u00adgra\u00adphique et pro\u00adfes\u00adsion\u00adnelle. En<br>\nun sens cette abs\u00adten\u00adtion m\u2019a \u00e9t\u00e9 d\u00e9sagr\u00e9able<br>\ndu fait qu\u2019ayant \u00ab&nbsp;pr\u00ea\u00adch\u00e9&nbsp;\u00bb pen\u00addant&nbsp;de<br>\nnom\u00adbreuses ann\u00e9es dans le sens qu\u2019a en par\u00adtie pris&nbsp;ce<br>\nmou\u00adve\u00adment, je n\u2019ai pu y \u00eatre asso\u00adci\u00e9 sur le moment.<br>\nD\u2019un c\u00f4t\u00e9, j\u2019ai pu suivre plus objec\u00adti\u00adve\u00adment&nbsp;le<br>\nd\u00e9rou\u00adle\u00adment des \u00e9v\u00e9\u00adne\u00adments puisque n\u2019y&nbsp;\u00e9tant<br>\npas impli\u00adqu\u00e9 directement.<\/span><\/font><\/font><\/p>\n<p style=\"text-indent: 1.46cm; margin-bottom: 0cm;\" align=\"justify\"><font face=\"Garamond, serif\"><font style=\"font-size: 13pt;\" size=\"3\"><span lang=\"fr-FR\">Je<br>\ncrois que la vio\u00adlence de fait qui a s\u00e9vi dans l\u2019action en<br>\nmai doit \u00eatre non seule\u00adment accep\u00adt\u00e9e comme nor\u00admale&nbsp;mais<br>\nencore comme posi\u00adtive mal\u00adgr\u00e9 ses erreurs tac\u00adtiques (manque de<br>\npr\u00e9\u00adpa\u00adra\u00adtion, manque de ligne de direc\u00adtion chez&nbsp;les<br>\nini\u00adtia\u00adteurs, etc.) ne serait-ce que par la d\u00e9cou\u00adverte&nbsp;chez<br>\ntout un cha\u00adcun de sa force propre et de la fai\u00adblesse d\u2019un pouvoir<br>\nqui se veut repr\u00e9\u00adsen\u00adta\u00adtif et fort, mais qui en est r\u00e9duit<br>\n\u00e0 la r\u00e9pres\u00adsion vio\u00adlente et incontr\u00f4l\u00e9e<br>\nplu\u00adt\u00f4t qu\u2019\u00e0 toute autre m\u00e9thode de riposte ou<br>\nd\u2019adaptation. R\u00e9pres\u00adsion encore aggra\u00adv\u00e9e du fait&nbsp;de<br>\nl\u2019inadaptation de ce pou\u00advoir \u00e0 la forme inhabituelle,<br>\nspon\u00adta\u00adn\u00e9e et non am\u00e9\u00adna\u00adg\u00e9e aux formes classiques<br>\ndes enca\u00addre\u00adments poli\u00adtiques et syn\u00addi\u00adcaux d\u2019opposition et&nbsp;de<br>\ncontes\u00adta\u00adtion connus, tol\u00e9\u00adr\u00e9s et ain\u00adsi r\u00e9cup\u00e9r\u00e9s<br>\nen per\u00adma\u00adnence et en totalit\u00e9.<\/span><\/font><\/font><\/p>\n<p style=\"text-indent: 1.46cm; margin-bottom: 0cm;\" align=\"justify\"><font face=\"Garamond, serif\"><font style=\"font-size: 13pt;\" size=\"3\"><span lang=\"fr-FR\">Le<br>\nplus grave dan\u00adger qui pour\u00adrait en r\u00e9sul\u00adter serait, \u00e0<br>\nmon avis, la r\u00e9\u00e9di\u00adtion sys\u00adt\u00e9\u00adma\u00adtique et&nbsp;\u00e0<br>\nprio\u00adri (la th\u00e9o\u00adri\u00adsa\u00adtion en fait) de ces m\u00eames tactiques<br>\ndans les actions pro\u00adchaines qui ne devraient pas tar\u00adder&nbsp;\u00e0<br>\nr\u00e9ap\u00adpa\u00adra\u00eetre. On peut consi\u00add\u00e9\u00adrer les moyens<br>\nd\u2019action uti\u00adli\u00ads\u00e9s en mai comme une n\u00e9cessit\u00e9<br>\nhis\u00adto\u00adrique du moment, comme la r\u00e9sul\u00adtante et le prolongement<br>\nlogique d\u2019un sys\u00adt\u00e8me de pen\u00ads\u00e9e confor\u00admiste, fig\u00e9<br>\npar l\u2019habitude, le manque d\u2019imagination d\u00fb&nbsp;au<br>\ncondi\u00adtion\u00adne\u00adment men\u00adtal des acteurs et \u00e0 leur int\u00e9gration<br>\nconsciente ou non dans le sys\u00adt\u00e8me r\u00e9gnant.<\/span><\/font><\/font><\/p>\n<p style=\"text-indent: 1.46cm; margin-bottom: 0cm;\" align=\"justify\"><font face=\"Garamond, serif\"><font style=\"font-size: 13pt;\" size=\"3\"><span lang=\"fr-FR\">Les<br>\natti\u00adtudes diverses appa\u00adrues dans le cadre de ce mou\u00adve\u00adment ne&nbsp;me<br>\nsemblent pas une condam\u00adna\u00adtion de la non-vio\u00adlence qui reste&nbsp;\u00e0<br>\nmon sens valable pour ceux qui y sont pr\u00e9\u00adpa\u00adr\u00e9s&nbsp;et<br>\nd\u00e9ci\u00add\u00e9s et sou\u00adhai\u00adtable dans le cas d\u2019une \u00e9ventuelle<br>\naction ori\u00adgi\u00adnale due \u00e0 leur ini\u00adtia\u00adtive. Par contre, la riposte<br>\nnon vio\u00adlente aux actes du pou\u00advoir me parait irr\u00e9elle et<br>\nillu\u00adsoire, voire impos\u00adsible \u00e0 pra\u00adti\u00adquer devant la forme&nbsp;m\u00eame<br>\ndes forces de r\u00e9pres\u00adsion. Vaut-il mieux alors s\u2019abstenir&nbsp;?&nbsp;L\u00e0<br>\nje ne r\u00e9ponds pas, du moins pas encore mais la ques\u00adtion&nbsp;reste<br>\ns\u00e9rieuse et pres\u00adsante. Elle devrait \u00eatre soulev\u00e9e<br>\net r\u00e9so\u00adlue par ceux qui, comme nous, se r\u00e9clament de&nbsp;la<br>\nnon-violence.<\/span><\/font><\/font><\/p>\n<p style=\"text-indent: 1.46cm; margin-bottom: 0cm;\" align=\"justify\"><font face=\"Garamond, serif\"><font style=\"font-size: 13pt;\" size=\"3\"><span lang=\"fr-FR\">En<br>\nmai, quelques-uns d\u2019entre nous se sont lais\u00ads\u00e9s aller au&nbsp;gr\u00e9<br>\ndu mou\u00adve\u00adment au nom de la spon\u00adta\u00adn\u00e9i\u00adt\u00e9 (plu\u00adt\u00f4t<br>\nd\u2019ailleurs au nom de rien, mais parce que trau\u00adma\u00adti\u00ads\u00e9s&nbsp;par<br>\nleur inac\u00adti\u00advi\u00adt\u00e9 habi\u00adtuelle), or la spontan\u00e9it\u00e9<br>\nne peut se r\u00e9v\u00e9\u00adler b\u00e9n\u00e9\u00adfique et positive<br>\nque comme pro\u00adlon\u00adge\u00adment pra\u00adtique de nos acquis individuels<br>\nindis\u00adpen\u00adsables en tant qu\u2019engag\u00e9s per\u00adma\u00adnents dans&nbsp;la<br>\ncontes\u00adta\u00adtion. A ce niveau, elle pour\u00adra appa\u00adra\u00eetre comme&nbsp;une<br>\nn\u00e9ces\u00adsi\u00adt\u00e9 vitale chez l\u2019\u00eatre sain et d\u00e9sireux<br>\nde mettre enfin sa vie au dia\u00adpa\u00adson de ses id\u00e9es, et deviendra<br>\nla seule issue logique faute de quoi les notions th\u00e9oriques<br>\nemma\u00adga\u00adsi\u00adn\u00e9es devien\u00addront objets de mus\u00e9e, cadavres.<\/span><\/font><\/font><\/p>\n<p style=\"text-indent: 1.46cm; margin-bottom: 0cm;\" align=\"justify\"><font face=\"Garamond, serif\"><font style=\"font-size: 13pt;\" size=\"3\"><span lang=\"fr-FR\">Elle<br>\nsera ou devien\u00addra syno\u00adnyme de vie car remise en ques\u00adtion permanente<br>\net d\u00e9pas\u00adse\u00adment incons\u00adcient de l\u2019h\u00e9ritage de la veille<br>\nm\u00eame si celui-ci nous sem\u00adblait logique jusqu\u2019alors. Elle<br>\nn\u00e9ces\u00adsi\u00adte\u00adra donc une volon\u00adt\u00e9 de vie r\u00e9elle et<br>\neffec\u00adtive, un sou\u00adci de par\u00adti\u00adci\u00adpa\u00adtion. Elle devra r\u00e9sulter<br>\nd\u2019une recherche intel\u00adlec\u00adtuelle quo\u00adti\u00addienne et deve\u00adnir&nbsp;le<br>\nt\u00e2ton\u00adne\u00adment exp\u00e9\u00adri\u00admen\u00adtal du moment.<\/span><\/font><\/font><\/p>\n<p style=\"text-indent: 1.46cm; margin-bottom: 0cm;\" align=\"justify\" lang=\"fr-FR\">\n<font face=\"Garamond, serif\"><font style=\"font-size: 13pt;\" size=\"3\">Pour<br>\nmoi, les \u00e9v\u00e9\u00adne\u00adments de mai ne se sont donc en&nbsp;rien<br>\npos\u00e9s au niveau des prin\u00adcipes&nbsp;: non-vio\u00adlence\u200a\u2014\u200ar\u00e9volution<br>\u200a\u2014\u200aanar\u00adchisme, etc., mais bien \u00e0 celui des com\u00adpor\u00adte\u00adments&nbsp;et<br>\nseule\u00adment \u00e0 celui-ci.<\/font><\/font><\/p>\n<p style=\"text-indent: 1.46cm; margin-bottom: 0cm;\" align=\"justify\" lang=\"fr-FR\">\n<font face=\"Garamond, serif\"><font style=\"font-size: 13pt;\" size=\"3\"><b>L.<br>\nG.<\/b><\/font><\/font><\/p>\n<p style=\"text-indent: 1.46cm; margin-bottom: 0cm;\" align=\"justify\">\n<strong><em><font face=\"Garamond, serif\"><font style=\"font-size: 13pt;\" size=\"3\"><b><i><span lang=\"fr-FR\">\u2026<br>\nla com\u00admune contre la province\u2026<\/span><\/i><\/b><\/font><\/font><\/em><\/strong><\/p>\n<p style=\"text-indent: 1.46cm; margin-bottom: 0cm;\" align=\"justify\"><font face=\"Garamond, serif\"><font style=\"font-size: 13pt;\" size=\"3\"><span lang=\"fr-FR\">Je<br>\nn\u2019ai pas par\u00adti\u00adci\u00adp\u00e9 \u00e0 cause d\u2019un voyage \u00e0<br>\nl\u2019\u00e9tranger.<\/span><\/font><\/font><\/p>\n<p style=\"text-indent: 1.46cm; margin-bottom: 0cm;\" align=\"justify\"><font face=\"Garamond, serif\"><font style=\"font-size: 13pt;\" size=\"3\"><span lang=\"fr-FR\">Je<br>\npense que ce mou\u00adve\u00adment a \u00e9t\u00e9 r\u00e9v\u00e9lateur<br>\nde com\u00adpor\u00adte\u00adments nou\u00adveaux. De la soli\u00adda\u00adri\u00adt\u00e9, en particulier,<br>\nmais atten\u00adtion&nbsp;: \u00e0 Paris et dans les grands centres seulement.<br>\nJ\u2019ai pas\u00ads\u00e9 en voi\u00adture dans la pro\u00advince, pour me rendre au<br>\ntun\u00adnel du Mont-Blanc. Nous avons \u00e9t\u00e9 frapp\u00e9s<br>\n(nous venions de Paris, d\u2019un Paris r\u00e9vo\u00adlu\u00adtion\u00adnaire&nbsp;mais<br>\naus\u00adsi sans essence, sans usines qui tournent) par le fait qu\u2019en<br>\npro\u00advince les pom\u00adpistes ne se sen\u00adtaient aucu\u00adne\u00adment concer\u00adn\u00e9s&nbsp;et<br>\nque les usines tour\u00adnaient comme \u00e0 l\u2019accoutum\u00e9e. Il<br>\nfaut com\u00adprendre que la pro\u00advince, sauf les grandes villes et&nbsp;les<br>\ngrandes usines, se d\u00e9so\u00adli\u00adda\u00adri\u00adsait tota\u00adle\u00adment de ce mouvement<br>\nqui, non seule\u00adment ne la \u00ab&nbsp;concer\u00adnait&nbsp;\u00bb pas, mais qui,&nbsp;d\u00e8s<br>\nle d\u00e9part, lui fai\u00adsait peur. C\u2019\u00e9tait la Commune,<br>\nseule, contre la pro\u00advince ral\u00adli\u00e9e toute \u00e0 M.&nbsp;Thiers.<\/span><\/font><\/font><\/p>\n<p style=\"text-indent: 1.46cm; margin-bottom: 0cm;\" align=\"justify\"><font face=\"Garamond, serif\"><font style=\"font-size: 13pt;\" size=\"3\"><span lang=\"fr-FR\">Donc,<br>\nsoli\u00adda\u00adri\u00adt\u00e9, oui, mais r\u00e9duite \u00e0 ceux seuls&nbsp;qui<br>\n\u00e9taient concer\u00adn\u00e9s (la mino\u00adri\u00adt\u00e9 de la France,<br>\nd\u2019o\u00f9 ces \u00e9lec\u00adtions de peur, ce scru\u00adtin gaulliste).<\/span><\/font><\/font><\/p>\n<p style=\"text-indent: 1.46cm; margin-bottom: 0cm;\" align=\"justify\"><font face=\"Garamond, serif\"><font style=\"font-size: 13pt;\" size=\"3\"><span lang=\"fr-FR\">Com\u00adpor\u00adte\u00adments<br>\nnou\u00adveaux&nbsp;: les \u00e9tu\u00addiants entra\u00ee\u00adnant les travailleurs,<br>\nleur deman\u00addant de d\u00e9brayer\u200a\u2014\u200aparce que les \u00e9tudiants<br>\navaient besoin des tra\u00advailleurs. Qu\u2019apportaient les \u00e9tudiants<br>\nen \u00e9change&nbsp;? Je ne sais. Peut-\u00eatre ont-ils secou\u00e9<br>\nl\u2019apathie des tra\u00advailleurs. Oui.<\/span><\/font><\/font><\/p>\n<p style=\"text-indent: 1.46cm; margin-bottom: 0cm;\" align=\"justify\" lang=\"fr-FR\">\n<font face=\"Garamond, serif\"><font style=\"font-size: 13pt;\" size=\"3\">Mais<br>\nsans&nbsp;plus.<\/font><\/font><\/p>\n<p style=\"text-indent: 1.46cm; margin-bottom: 0cm;\" align=\"justify\"><font face=\"Garamond, serif\"><font style=\"font-size: 13pt;\" size=\"3\"><span lang=\"fr-FR\">Com\u00adpor\u00adte\u00adments<br>\nanciens&nbsp;: la vio\u00adlence venant de la police, d\u2019abord. La politisation<br>\nde ce mou\u00adve\u00adment spon\u00adta\u00adn\u00e9&nbsp;: la gauche res\u00adtant fid\u00e8le \u00e0<br>\nsa poli\u00adtique \u00ab&nbsp;made in IIIe R\u00e9pu\u00adblique&nbsp;\u00bb.&nbsp;Autre<br>\ncom\u00adpor\u00adte\u00adment ancien&nbsp;: celui des syn\u00addi\u00adcats et leur r\u00e9veil<br>\ntardif.<\/span><\/font><\/font><\/p>\n<p style=\"text-indent: 1.46cm; margin-bottom: 0cm;\" align=\"justify\"><font face=\"Garamond, serif\"><font style=\"font-size: 13pt;\" size=\"3\"><span lang=\"fr-FR\">Besoin<br>\nde struc\u00adtures nou\u00advelles&nbsp;: Oui. D\u00e9cla\u00adra\u00adtion de la faillite<br>\nsyn\u00addi\u00adcale, les syn\u00addi\u00adcats sont morts. Les par\u00adtis dits de gauche sont<br>\nmorts. Alors&nbsp;? Une nou\u00advelle gauche&nbsp;? De nou\u00adveaux syn\u00addi\u00adcats\u200a\u2014\u200ades<br>\nsyn\u00addi\u00adcats \u00e0 l\u2019esprit r\u00e9no\u00adv\u00e9, plu\u00adt\u00f4t&nbsp;?&nbsp;Ce<br>\nserait bien n\u00e9cessaire.<\/span><\/font><\/font><\/p>\n<p style=\"text-indent: 1.46cm; margin-bottom: 0cm;\" align=\"justify\"><font face=\"Garamond, serif\"><font style=\"font-size: 13pt;\" size=\"3\"><span lang=\"fr-FR\">Struc\u00adtures<br>\nnou\u00advelles, oui&nbsp;: mais, tant que ceux qui ont besoin d\u2019un&nbsp;monde<br>\nmeilleur ne sau\u00adront pas que, pour faire une r\u00e9volution<br>\n(vio\u00adlente ou non vio\u00adlente), il est n\u00e9ces\u00adsaire d\u2019avoir un<br>\npro\u00adgramme \u00e9co\u00adno\u00admique d\u2019abord, social ensuite, qui soit&nbsp;\u00e0<br>\npro\u00adpo\u00adser, \u00e0 appli\u00adquer sit\u00f4t le pre\u00admier pav\u00e9&nbsp;lanc\u00e9<br>\n(ou la pre\u00admi\u00e8re gre\u00adnade lan\u00adc\u00e9e par les flics), alors,<br>\ntant que cela ne sera pas, nous ferons, vai\u00adne\u00adment, la fausse<br>\nr\u00e9vo\u00adlu\u00adtion. La r\u00e9volte n\u2019est pas la r\u00e9volution.<br>\nLa r\u00e9vo\u00adlu\u00adtion sous-entend un pro\u00adgramme (\u00e9co\u00adno\u00admique<br>\nd\u2019abord, j\u2019y insiste tr\u00e8s for\u00adte\u00adment) appli\u00adcable de&nbsp;suite.<br>\nToutes nos r\u00e9voltes me font pen\u00adser \u00e0 Sisyphe rou\u00adlant&nbsp;sa<br>\npierre, sans cesse, encore et tou\u00adjours, et inuti\u00adle\u00adment. C\u2019est&nbsp;bien<br>\nun mythe. Contes\u00adter est une chose fort utile, car contes\u00adter&nbsp;\u00e9vite<br>\nde faire la sieste. Contes\u00adter n\u2019est pas tout. C\u2019est construire<br>\nqu\u2019il faut, apr\u00e8s avoir contes\u00adt\u00e9. Apr\u00e8s&nbsp;la<br>\nr\u00e9volte, la r\u00e9volution.<\/span><\/font><\/font><\/p>\n<p style=\"text-indent: 1.46cm; margin-bottom: 0cm;\" align=\"justify\"><font face=\"Garamond, serif\"><font style=\"font-size: 13pt;\" size=\"3\"><span lang=\"fr-FR\">Mes<br>\nconcep\u00adtions&nbsp;sur&nbsp;:<\/span><\/font><\/font><\/p>\n<p style=\"text-indent: 1.46cm; margin-bottom: 0cm;\" align=\"justify\">\u2014<br>\n<font face=\"Garamond, serif\"><font style=\"font-size: 13pt;\" size=\"3\"><span lang=\"fr-FR\">l\u2019anarchisme&nbsp;:<br>\ninchan\u00adg\u00e9es. Sauf que Mar\u00adcuse est \u00e0 m\u00e9diter<br>\nautant que Stir\u00adner ou que Bakou\u00adnine. M\u00e9di\u00adter est une&nbsp;phase,<br>\nagir est une autre phase n\u00e9cessaire.<\/span><\/font><\/font><\/p>\n<p style=\"text-indent: 1.46cm; margin-bottom: 0cm;\" align=\"justify\">\u2014<br>\n<font face=\"Garamond, serif\"><font style=\"font-size: 13pt;\" size=\"3\"><span lang=\"fr-FR\">la<br>\nvio\u00adlence&nbsp;: inchan\u00adg\u00e9es. Elle est plus active que&nbsp;la<br>\nnon-vio\u00adlence, en ce sens que l\u2019instinct bes\u00adtial que nous avons&nbsp;tous<br>\n(l\u2019instinct du type qui applau\u00addit \u00e0 la mise \u00e0&nbsp;mort<br>\nd\u2019un tau\u00adreau) sou\u00adl\u00e8ve plus les gens que la non-violence.<\/span><\/font><\/font><\/p>\n<p style=\"text-indent: 1.46cm; margin-bottom: 0cm;\" align=\"justify\">\u2014<br>\n<font face=\"Garamond, serif\"><font style=\"font-size: 13pt;\" size=\"3\"><span lang=\"fr-FR\">la<br>\nnon-vio\u00adlence&nbsp;: inchan\u00adg\u00e9es. La non-vio\u00adlence reste l\u2019arme d\u2019une<br>\n\u00e9lite. Je ne sais si je fais par\u00adtie de l\u2019\u00e9lite!\u2026<i><br>\n<\/i>Car enfin, tout le monde (et je suis tout le monde) n\u2019a pas&nbsp;la<br>\nforce explo\u00adsive, ni l\u2019\u00e9ducation, de la non-vio\u00adlence. On&nbsp;ne<br>\ns\u2019improvise pas tel\u00adle\u00adment non violent. On le devient, par une&nbsp;force<br>\nint\u00e9\u00adrieure immense. Et cette force, je crains que tous nous&nbsp;ne<br>\nla pos\u00ads\u00e9\u00addions&nbsp;pas.<\/span><\/font><\/font><\/p>\n<p style=\"text-indent: 1.46cm; margin-bottom: 0cm;\" align=\"justify\">\u2014<br>\n<font face=\"Garamond, serif\"><font style=\"font-size: 13pt;\" size=\"3\"><span lang=\"fr-FR\">la<br>\nr\u00e9vo\u00adlu\u00adtion&nbsp;: inchan\u00adg\u00e9es. Voir plus haut ma distinction<br>\n(per\u00adson\u00adnelle et toute gra\u00adtuite quant aux termes emprunt\u00e9s,<br>\nmais qui r\u00e9pond \u00e0 ce que je pense, \u00e0 ce que&nbsp;je<br>\nsens) entre r\u00e9vo\u00adlu\u00adtion et seule\u00adment r\u00e9volte.<br>\nJ\u2019ajouterai\u200a\u2014\u200aet c\u2019est bien le plus triste de ma lettre\u200a\u2014\u200aque<br>\nje crains que (m\u00eame si le monde ne peut plus&nbsp;\u00eatre<br>\nabso\u00adlu\u00adment comme avant les \u00e9v\u00e9\u00adne\u00adments de mai,&nbsp;m\u00eame<br>\nsi un effort de contes\u00adta\u00adtion per\u00adma\u00adnente est fait&nbsp;tr\u00e8s<br>\nl\u00e9g\u00e8\u00adre\u00adment par quelques-uns) pour la majorit\u00e9<br>\ndes gens qui se sen\u00adtaient concer\u00adn\u00e9s en mai, petit&nbsp;\u00e0<br>\npetit, les vacances aidant, la r\u00e9vo\u00adlu\u00adtion ne fasse que reculer<br>\ndevant le besoin de confort moral et social. Je crains que l\u2019on<br>\ns\u2019endorme. Je crains que l\u2019\u00e9tudiant, apr\u00e8s&nbsp;avoir<br>\nacquis une situa\u00adtion de cadre, oublie. Je crains qu\u2019un&nbsp;jour<br>\npro\u00adchain d\u2019anciens \u00e9tu\u00addiants ne se retrouvent et qu\u2019ils<br>\nn\u2019\u00e9voquent leurs sou\u00adve\u00adnirs d\u2019antan, leurs sou\u00adve\u00adnirs&nbsp;des<br>\nbar\u00adri\u00adcades, en se disant&nbsp;: \u00ab&nbsp;Dis donc, tu te sou\u00adviens\u2026 Que&nbsp;nous<br>\n\u00e9tions jeunes \u00e0 l\u2019\u00e9poque&nbsp;!&nbsp;\u00bb Je crains que<br>\nle tra\u00advailleur, lui aus\u00adsi, n\u2019\u00e9voque ses sou\u00adve\u00adnirs\u200a\u2014\u200acomme<br>\nmon p\u00e8re \u00e9vo\u00adquait, avec ses amis du m\u00eame&nbsp;\u00e2ge,<br>\nleurs sou\u00adve\u00adnirs com\u00admuns de la guerre 14\u200a\u2013\u200a18.<\/span><\/font><\/font><\/p>\n<p style=\"text-indent: 1.46cm; margin-bottom: 0cm;\" align=\"justify\"><font face=\"Garamond, serif\"><font style=\"font-size: 13pt;\" size=\"3\"><span lang=\"fr-FR\">Je<br>\ncrains ce qui s\u2019est pas\u00ads\u00e9 apr\u00e8s, la p\u00e9riode de<br>\ngr\u00e8ves des ann\u00e9es qui sui\u00advirent la Seconde Guerre<br>\nmon\u00addiale&nbsp;: aux pre\u00admi\u00e8res gr\u00e8ves, tous en \u00e9taient.<br>\nOn fai\u00adsait gr\u00e8ve de fa\u00e7on illi\u00admi\u00adt\u00e9e. On luttait,<br>\nensemble, et tous. On fai\u00adsait gr\u00e8ve sou\u00advent, m\u00eame.&nbsp;Et<br>\npuis, un jour, durant cette fameuse IVe R\u00e9pu\u00adblique, les<br>\ncopains, petit \u00e0 petit, en eurent marre, de faire&nbsp;gr\u00e8ve.<br>\nAlors, les gr\u00e8ves furent plus courtes et moins sui\u00advies.&nbsp;Et<br>\npuis, un jour, tou\u00adjours sous la IVe, on ne fit plus gr\u00e8ve. On<br>\nretrou\u00adva son confort. Moral comme mat\u00e9\u00adriel. On&nbsp;\u00e9tait<br>\nfati\u00adgu\u00e9 de reven\u00addi\u00adquer. Alors on n\u2019a plus revendiqu\u00e9.<br>\nEt de \u00e7a, de cette fatigue, de cette d\u00e9saf\u00adfec\u00adtion, j\u2019en<br>\nai une peur&nbsp;bleue.<\/span><\/font><\/font><\/p>\n<p style=\"text-indent: 1.46cm; margin-bottom: 0cm;\" align=\"justify\"><font face=\"Garamond, serif\"><font style=\"font-size: 13pt;\" size=\"3\"><b><span lang=\"fr-FR\">J.<br>\nM.<\/span><\/b><\/font><\/font><\/p>\n<p style=\"text-indent: 1.46cm; margin-bottom: 0cm;\" align=\"justify\">\n<\/p><p><strong><em><font face=\"Garamond, serif\"><font style=\"font-size: 13pt;\" size=\"3\"><b><i><span lang=\"fr-FR\">\u2026<br>\nJ\u2019ai eu peur du ch\u00f4mage\u2026<\/span><\/i><\/b><\/font><\/font><\/em><\/strong><\/p>\n<p style=\"text-indent: 1.46cm; margin-bottom: 0cm;\" align=\"justify\"><font face=\"Garamond, serif\"><font style=\"font-size: 13pt;\" size=\"3\"><span lang=\"fr-FR\"><i>Je<br>\nn\u2019ai pas par\u00adti\u00adci\u00adp\u00e9 aux \u00e9v\u00e9\u00adne\u00adments de mai,&nbsp;le<br>\nchan\u00adtier o\u00f9 je me trou\u00advais, Gre\u00adnoble, fonc\u00adtion\u00adnait, et refuser<br>\nde tra\u00advailler durant cette p\u00e9riode m\u2019aurait valu&nbsp;le<br>\nlicen\u00adcie\u00adment sous un pr\u00e9\u00adtexte quel\u00adconque&nbsp;:<\/i> <i>l\u2019ann\u00e9e<br>\nder\u00adni\u00e8re, j\u2019ai \u00e9t\u00e9 en ch\u00f4\u00admage\u200a\u2014\u200aj\u2019ai<br>\neu peur du ch\u00f4mage.<\/i><\/span><\/font><\/font><\/p>\n<p style=\"text-indent: 1.46cm; margin-bottom: 0cm;\" align=\"justify\"><font face=\"Garamond, serif\"><font style=\"font-size: 13pt;\" size=\"3\"><i><span lang=\"fr-FR\">Mais<br>\nsi la gr\u00e8ve avait conti\u00adnu\u00e9 j\u2019aurais fait la&nbsp;gr\u00e8ve,<br>\ncar au bout de deux mois de gr\u00e8ve, la guerre civile, \u00e0<br>\nmon avis, aurait d\u00e9bu\u00adt\u00e9. Je crois que la nouvelle<br>\ng\u00e9n\u00e9\u00adra\u00adtion sent en elle un besoin de s\u00e9curit\u00e9,<br>\nde jus\u00adtice, d\u2019\u00e9galit\u00e9&nbsp;; en un mot, elle sou\u00adhaite&nbsp;que<br>\nle soleil brille pour tout le monde, et non pour quelques<br>\nprivil\u00e9gi\u00e9s.<\/span><\/i><\/font><\/font><\/p>\n<p style=\"text-indent: 1.46cm; margin-bottom: 0cm;\" align=\"justify\"><font face=\"Garamond, serif\"><font style=\"font-size: 13pt;\" size=\"3\"><i><span lang=\"fr-FR\">Je<br>\nne sais pas si un jour une soci\u00e9\u00adt\u00e9 liber\u00adtaire&nbsp;se<br>\ncr\u00e9e\u00adra, il est pos\u00adsible que cela n\u2019arrive jamais, mais&nbsp;ce<br>\nque je sais, c\u2019est qu\u2019il est pos\u00adsible de la&nbsp;cr\u00e9er.<\/span><\/i><\/font><\/font><\/p>\n<p style=\"text-indent: 1.46cm; margin-bottom: 0cm;\" align=\"justify\"><font face=\"Garamond, serif\"><font style=\"font-size: 13pt;\" size=\"3\"><i><span lang=\"fr-FR\">Nous<br>\navons eu rai\u00adson d\u2019\u00e9crire dans \u00ab&nbsp;Quelques donn\u00e9es<br>\nfon\u00adda\u00admen\u00adtales&nbsp;\u00bb&nbsp;: \u00ab&nbsp;De toute fa\u00e7on devant le<br>\ngigan\u00adtisme actuel des forces r\u00e9pres\u00adsives et la mise&nbsp;en<br>\ncondi\u00adtion psy\u00adcho\u00adlo\u00adgique, la vio\u00adlence insur\u00adrec\u00adtion\u00adnelle para\u00eet<br>\nimpuis\u00adsante\u2026\u00bb Il me semble que les \u00e9v\u00e9nements<br>\nde mai ont don\u00adn\u00e9 rai\u00adson \u00e0 ce paragraphe.<\/span><\/i><\/font><\/font><\/p>\n<p style=\"text-indent: 1.46cm; margin-bottom: 0cm;\" align=\"justify\"><font face=\"Garamond, serif\"><font style=\"font-size: 13pt;\" size=\"3\"><i><span lang=\"fr-FR\">Je<br>\ncrois que pour celui qui d\u00e9sire \u0153uvrer pour un socia\u00adlisme&nbsp;qui<br>\nsoit au ser\u00advice de l\u2019individu, l\u2019action non vio\u00adlente est l\u2019unique<br>\nmoyen d\u2019y parvenir.<\/span><\/i><\/font><\/font><\/p>\n<p style=\"text-indent: 1.46cm; margin-bottom: 0cm;\" align=\"justify\"><font face=\"Garamond, serif\"><font style=\"font-size: 13pt;\" size=\"3\"><i><span lang=\"fr-FR\">Certes<br>\nla r\u00e9vo\u00adlu\u00adtion est n\u00e9ces\u00adsaire, mais en employant des<br>\nmoyens non san\u00adglants, en res\u00adpec\u00adtant la vie de l\u2019adversaire et,&nbsp;si<br>\nnous gagnons, en sau\u00adve\u00adgar\u00addant sa digni\u00adt\u00e9 d\u2019homme.<\/span><\/i><\/font><\/font><\/p>\n<p style=\"text-indent: 1.46cm; margin-bottom: 0cm;\" align=\"justify\"><font face=\"Garamond, serif\"><font style=\"font-size: 13pt;\" size=\"3\"><i><span lang=\"fr-FR\">Je<br>\nne pense pas que \u00ab&nbsp;le mou\u00adve\u00adment se conti\u00adnue et qu\u2019il puisse<br>\nreprendre pro\u00adchai\u00adne\u00adment avec vigueur&nbsp;\u00bb. A Gre\u00adnoble, lorsque nous<br>\nfai\u00adsions des retouches \u00e0 la cit\u00e9 olym\u00adpique, il&nbsp;nous<br>\narri\u00advait de tra\u00advailler dans des appar\u00adte\u00adments&nbsp;d\u00e9j\u00e0<br>\nhabi\u00adt\u00e9s, tous les gens avec qui nous bavar\u00addions ont subi&nbsp;la<br>\ngr\u00e8ve, mais trou\u00advaient qu\u2019elle ne ser\u00advait pas&nbsp;\u00e0<br>\ngrand-chose. Sur le chan\u00adtier de Mar\u00adseille o\u00f9 je me trouve, les<br>\nouvriers qui ont fait gr\u00e8ve (ma\u00e7ons, \u00e9lectriciens,<br>\nplom\u00adbiers, etc.) regrettent car ils ne peuvent pas prendre de cong\u00e9s,<br>\net lorsque je leur demande s\u2019ils sont pr\u00eats \u00e0 refaire<br>\nla m\u00eame chose dans quelques mois, ils me demandent si je rigole<br>\nou&nbsp;quoi\u2026<\/span><\/i><\/font><\/font><\/p>\n<p style=\"text-indent: 1.46cm; margin-bottom: 0cm;\" align=\"justify\"><font face=\"Garamond, serif\"><font style=\"font-size: 13pt;\" size=\"3\"><i><span lang=\"fr-FR\">Donc<br>\ns\u2019il y avait un essai de reprise du mou\u00adve\u00adment, ce ne serait que&nbsp;le<br>\nfait d\u2019\u00e9tudiants et de quelques minorit\u00e9s<br>\nr\u00e9vo\u00adlu\u00adtion\u00adnaires. Je doute fort que les syn\u00addi\u00adcats et&nbsp;les<br>\nouvriers recommencent\u2026<\/span><\/i><\/font><\/font><\/p>\n<p style=\"text-indent: 1.46cm; margin-bottom: 0cm;\" align=\"justify\" lang=\"fr-FR\">\n<font face=\"Garamond, serif\"><font style=\"font-size: 13pt;\" size=\"3\"><i><b>R.<br>\nN.<\/b><\/i><\/font><\/font><\/p>\n<p style=\"text-indent: 1.46cm; margin-bottom: 0cm;\" align=\"justify\">\n<\/p><p><strong><em><font face=\"Garamond, serif\"><font style=\"font-size: 13pt;\" size=\"3\"><b><i><span lang=\"fr-FR\">\u2026<br>\nindi\u00advi\u00addua\u00adliste libertaire\u2026<\/span><\/i><\/b><\/font><\/font><\/em><\/strong><\/p>\n<p style=\"text-indent: 1.46cm; margin-bottom: 0cm;\" align=\"justify\"><font face=\"Garamond, serif\"><font style=\"font-size: 13pt;\" size=\"3\"><span lang=\"fr-FR\">J\u2019ai<br>\npar\u00adti\u00adci\u00adp\u00e9 aux \u00e9v\u00e9\u00adne\u00adments de mai \u00e0&nbsp;la<br>\nFacul\u00adt\u00e9 des sciences de Mar\u00adseille, c\u2019est-\u00e0-dire<br>\nqua\u00adsi\u00adment rien&nbsp;fait.<\/span><\/font><\/font><\/p>\n<p style=\"text-indent: 1.46cm; margin-bottom: 0cm;\" align=\"justify\"><font face=\"Garamond, serif\"><font style=\"font-size: 13pt;\" size=\"3\"><span lang=\"fr-FR\">\u00c9tant<br>\nindi\u00advi\u00addua\u00adliste liber\u00adtaire, je me suis pos\u00e9 la ques\u00adtion de&nbsp;la<br>\npar\u00adti\u00adci\u00adpa\u00adtion&nbsp;; en fait, j\u2019ai sui\u00advi uni\u00adque\u00adment pour faire de&nbsp;la<br>\npro\u00adpa\u00adgande, mais sans croire \u00e0 une issue valable. De&nbsp;plus,<br>\nj\u2019ai vou\u00adlu voir, et je suis mon\u00adt\u00e9 \u00e0 Paris pour&nbsp;cela,<br>\nle d\u00e9rou\u00adle\u00adment d\u2019une \u00ab&nbsp;r\u00e9vo\u00adlu\u00adtion&nbsp;\u00bb. Ce&nbsp;que<br>\nj\u2019ai vu m\u2019a confir\u00adm\u00e9 dans mes appr\u00e9hensions.<\/span><\/font><\/font><\/p>\n<p style=\"text-indent: 1.46cm; margin-bottom: 0cm;\" align=\"justify\"><font face=\"Garamond, serif\"><font style=\"font-size: 13pt;\" size=\"3\"><span lang=\"fr-FR\">Par<br>\ncontre, j\u2019ai beau\u00adcoup appr\u00e9\u00adci\u00e9 les mobiles<br>\nincons\u00adcients ou \u00e0 demi conscients du mou\u00adve\u00adment car je&nbsp;pense<br>\nque la soci\u00e9\u00adt\u00e9 actuelle doit obli\u00adga\u00adtoi\u00adre\u00adment provoquer<br>\ndes explo\u00adsions contre son \u00e9touf\u00adfe\u00adment (ce qui me fait penser<br>\nque l\u2019individualisme doit se d\u00e9ve\u00adlop\u00adper puis rester<br>\nparal\u00adl\u00e8le aux struc\u00adtures oppressives).<\/span><\/font><\/font><\/p>\n<p style=\"text-indent: 1.46cm; margin-bottom: 0cm;\" align=\"justify\" lang=\"fr-FR\">\n<font face=\"Garamond, serif\"><font style=\"font-size: 13pt;\" size=\"3\"><b>P.<br>\nJ.<\/b><\/font><\/font><\/p>\n<p style=\"text-indent: 1.46cm; margin-bottom: 0cm;\" align=\"justify\">\n<\/p><p><strong><em><font face=\"Garamond, serif\"><font style=\"font-size: 13pt;\" size=\"3\"><i><span lang=\"fr-FR\"><b>\u2026<\/b><br>\n<b>dis\u00adcus\u00adsion \u00e0 par\u00adtir du dra\u00adpeau&nbsp;noir\u2026<\/b><\/span><\/i><\/font><\/font><\/em><\/strong><\/p>\n<p style=\"text-indent: 1.46cm; margin-bottom: 0cm;\" align=\"justify\"><font face=\"Garamond, serif\"><font style=\"font-size: 13pt;\" size=\"3\"><i><span lang=\"fr-FR\">Ma<br>\npar\u00adti\u00adci\u00adpa\u00adtion aux \u00ab&nbsp;\u00e9v\u00e9\u00adne\u00adments&nbsp;\u00bb a&nbsp;\u00e9t\u00e9<br>\nfonc\u00adtion \u00e0 la fois de mon enga\u00adge\u00adment, ant\u00e9\u00adrieur et&nbsp;de<br>\nma situa\u00adtion g\u00e9ographique.<\/span><\/i><\/font><\/font><\/p>\n<p style=\"text-indent: 1.46cm; margin-bottom: 0cm;\" align=\"justify\"><font face=\"Garamond, serif\"><font style=\"font-size: 13pt;\" size=\"3\"><i><span lang=\"fr-FR\">En<br>\neffet, depuis de nom\u00adbreuses ann\u00e9es, je tra\u00advaille dans le&nbsp;cadre<br>\nde l\u2019UNEF, d\u2019une part, et dans les milieux liber\u00adtaires, d\u2019autre<br>\npart.<\/span><\/i><\/font><\/font><\/p>\n<p style=\"text-indent: 1.46cm; margin-bottom: 0cm;\" align=\"justify\"><font face=\"Garamond, serif\"><font style=\"font-size: 13pt;\" size=\"3\"><i><span lang=\"fr-FR\">J\u2019ai<br>\ndonc \u00e9t\u00e9 tout natu\u00adrel\u00adle\u00adment conduit \u00e0 agir&nbsp;en<br>\nmai et juin dans le cadre du mou\u00adve\u00adment \u00e9tu\u00addiant tout&nbsp;en<br>\nres\u00adtant en contact le plus fr\u00e9\u00adquem\u00adment pos\u00adsible avec&nbsp;les<br>\nautres anar\u00adchistes limou\u00adgeauds (nous avons eu pen\u00addant les mois de&nbsp;mai<br>\net juin des r\u00e9unions heb\u00addo\u00adma\u00addaires du groupe liber\u00adtaire&nbsp;et<br>\nnous nous retrou\u00advions sou\u00advent dans la semaine \u00e0&nbsp;des<br>\nmani\u00adfes\u00adta\u00adtions, r\u00e9unions, etc.).<\/span><\/i><\/font><\/font><\/p>\n<p style=\"text-indent: 1.46cm; margin-bottom: 0cm;\" align=\"justify\"><font face=\"Garamond, serif\"><font style=\"font-size: 13pt;\" size=\"3\"><i><span lang=\"fr-FR\">Le<br>\nfait que je sois \u00e0 Limoges, o\u00f9 tout a&nbsp;\u00e9t\u00e9<br>\ncalme, o\u00f9 les \u00e9tu\u00addiants n\u2019ont d\u00e9marr\u00e9<br>\nque trois semaines apr\u00e8s Paris, o\u00f9 il n\u2019y a pas eu&nbsp;de<br>\nflics et donc pas de troubles, a contri\u00adbu\u00e9 \u00e0 rendre mon<br>\nacti\u00advi\u00adt\u00e9 tr\u00e8s dif\u00adf\u00e9\u00adrente de ce qu\u2019elle aurait<br>\npu \u00eatre \u00e0&nbsp;Paris.<\/span><\/i><\/font><\/font><\/p>\n<p style=\"text-indent: 1.46cm; margin-bottom: 0cm;\" align=\"justify\"><font face=\"Garamond, serif\"><font style=\"font-size: 13pt;\" size=\"3\"><i><span lang=\"fr-FR\">Pra\u00adti\u00adque\u00adment,<br>\nle mou\u00adve\u00adment a per\u00admis un regain tr\u00e8s net d\u2019importance et<br>\nd\u2019influence de l\u2019UNEF \u00e0 Limoges&nbsp;; l\u2019AGEL p\u00e9riclitait<br>\ndepuis de nom\u00adbreuses ann\u00e9es, et \u00e0 la faveur du<br>\nmou\u00adve\u00adment de mai a pu retrou\u00adver une audience et une activit\u00e9<br>\nlong\u00adtemps en som\u00admeil&nbsp;: que les exa\u00admens n\u2019aient pu avoir lieu malgr\u00e9<br>\nla volon\u00adt\u00e9 de l\u2019administration et des ensei\u00adgnants de&nbsp;les<br>\nfaire pas\u00adser est une vic\u00adtoire pour nous (Limoges compte peu<br>\nd\u2019\u00e9tudiants, 3.000 envi\u00adron, pour 120000 habi\u00adtants). Surtout,<br>\nnous avons pu d\u00e9fendre, ce que nous n\u2019aurions jamais os\u00e9<br>\nfaire avant, des posi\u00adtions r\u00e9vo\u00adlu\u00adtion\u00adnaires dans le cadre&nbsp;de<br>\nl\u2019UNEF, en disant clai\u00adre\u00adment que notre but, au-del\u00e0 de&nbsp;la<br>\nr\u00e9forme de l\u2019universit\u00e9, \u00e9tait avant tout&nbsp;le<br>\nchan\u00adge\u00adment de soci\u00e9\u00adt\u00e9 et la lutte contre la soci\u00e9t\u00e9<br>\ncapi\u00adta\u00adliste. L\u2019ambiance \u00ab&nbsp;r\u00e9volutionnaire&nbsp;\u00bb<br>\naidant, nous avons pu entrer en contact avec beau\u00adcoup de personnes<br>\nqui n\u2019auraient pas \u00e9t\u00e9 r\u00e9cep\u00adtives dans&nbsp;une<br>\nautre situa\u00adtion, mais qui, en fonc\u00adtion des \u00e9v\u00e9nements,<br>\ncher\u00adchaient \u00e0 com\u00adprendre. J\u2019ai ain\u00adsi pu expli\u00adquer&nbsp;\u00e0<br>\ndes \u00e9tu\u00addiants, mais aus\u00adsi \u00e0 des ouvriers ou&nbsp;des<br>\nensei\u00adgnants ce qu\u2019est l\u2019anarchisme (j\u2019ai par\u00adti\u00adci\u00adp\u00e9&nbsp;aux<br>\nmani\u00adfes\u00adta\u00adtions du 13 mai et du 1<sup>er<\/sup> juin avec un drapeau<br>\nnoir, et beau\u00adcoup de per\u00adsonnes ont enta\u00adm\u00e9 la dis\u00adcus\u00adsion&nbsp;a<br>\npar\u00adtir de cette ques\u00adtion du dra\u00adpeau). C\u2019est par exemple moi qui&nbsp;ai<br>\nr\u00e9di\u00adg\u00e9 un tract concer\u00adnant les \u00e9lec\u00adtions, au&nbsp;nom<br>\nde l\u2019AGEL&nbsp;; j\u2019ai pr\u00e9\u00adsen\u00adt\u00e9 un d\u00e9bat organis\u00e9<br>\nsur ce th\u00e8me et je n\u2019ai pas man\u00adqu\u00e9 de me pr\u00e9senter<br>\ncomme anarchiste&nbsp;[\u2026].<\/span><\/i><\/font><\/font><\/p>\n<p style=\"text-indent: 1.46cm; margin-bottom: 0cm;\" align=\"justify\"><font face=\"Garamond, serif\"><font style=\"font-size: 13pt;\" size=\"3\"><i><span lang=\"fr-FR\">Actuel\u00adle\u00adment,<br>\ndepuis un mois envi\u00adron, un comi\u00adt\u00e9 ouvriers-\u00e9tu\u00addiants a<br>\ncom\u00admen\u00adc\u00e9 \u00e0 fonc\u00adtion\u00adner. Pour l\u2019instant, c\u2019est&nbsp;assez<br>\nlimi\u00adt\u00e9 mais je crois que c\u2019est une forme d\u2019organisation<br>\nqui peut \u00eatre tr\u00e8s int\u00e9\u00adres\u00adsante&nbsp;; d\u2019ailleurs<br>\nelle fait d\u00e9j\u00e0 peur puisque j\u2019ai&nbsp;\u00e9t\u00e9<br>\n\u00ab&nbsp;inter\u00adview\u00e9&nbsp;\u00bb \u00e0 ce sujet par&nbsp;les<br>\nRen\u00adsei\u00adgne\u00adments g\u00e9n\u00e9\u00adraux o\u00f9 j\u2019ai&nbsp;\u00e9t\u00e9<br>\nmena\u00adc\u00e9 d\u2019\u00eatre d\u00e9pla\u00adc\u00e9 de Limoges si&nbsp;je<br>\nconti\u00adnuais \u00e0 \u00ab&nbsp;me mettre en vedette&nbsp;\u00bb. On retrouve<br>\ndans ce comi\u00adt\u00e9 ouvriers-\u00e9tu\u00addiants la plu\u00adpart&nbsp;des<br>\nmili\u00adtants du groupe liber\u00adtaire (ouvriers et \u00e9tu\u00addiants), des<br>\ngens du PSU et quelques autres sans appar\u00adte\u00adnance poli\u00adtique pr\u00e9cise,<br>\nmais \u00e9c\u0153u\u00adr\u00e9s par l\u2019attitude de la CGT et du PC&nbsp;au<br>\ncours des \u00e9v\u00e9nements.<\/span><\/i><\/font><\/font><\/p>\n<p style=\"text-indent: 1.46cm; margin-bottom: 0cm;\" align=\"justify\"><font face=\"Garamond, serif\"><font style=\"font-size: 13pt;\" size=\"3\"><i><span lang=\"fr-FR\">L\u2019existence<br>\nde ce comi\u00adt\u00e9 me semble bien illus\u00adtrer une des premi\u00e8res<br>\nle\u00e7ons que je tire des \u00e9v\u00e9\u00adne\u00adments que&nbsp;nous<br>\nvenons de vivre&nbsp;: la pos\u00adsi\u00adbi\u00adli\u00adt\u00e9 de col\u00adla\u00adbo\u00adrer sur des points<br>\npr\u00e9\u00adcis avec des gens qui ne sont pas anar\u00adchistes mais peuvent<br>\n\u00eatre d\u2019accord pour agir dans une large mesure avec&nbsp;nous.<\/span><\/i><\/font><\/font><\/p>\n<p style=\"text-indent: 1.46cm; margin-bottom: 0cm;\" align=\"justify\"><font face=\"Garamond, serif\"><font style=\"font-size: 13pt;\" size=\"3\"><i><span lang=\"fr-FR\">Ce<br>\nne me semble pas \u00eatre propre au plan local&nbsp;; \u00e0&nbsp;Paris,<br>\nbien s\u00fbr, le meilleur exemple en est le 22 mars, o\u00f9&nbsp;la<br>\nJCR col\u00adla\u00adbo\u00adrait avec les anars et ensuite les tr\u00e8s nombreux<br>\ncomi\u00adt\u00e9s de base ou comi\u00adt\u00e9s de quar\u00adtier,&nbsp;o\u00f9<br>\nl\u2019\u00e9tiquette impor\u00adtait peu. Je crois qu\u2019un accord assez<br>\nlarge peut se faire entre les \u00ab&nbsp;grou\u00adpus\u00adcules&nbsp;\u00bb, sur\u00adtout&nbsp;\u00e0<br>\nla base (\u00e0 Limoges, un ouvrier du PCMLF travaille<br>\nr\u00e9gu\u00adli\u00e8\u00adre\u00adment avec&nbsp;nous).<\/span><\/i><\/font><\/font><\/p>\n<p style=\"text-indent: 1.46cm; margin-bottom: 0cm;\" align=\"justify\"><font face=\"Garamond, serif\"><font style=\"font-size: 13pt;\" size=\"3\"><i><span lang=\"fr-FR\">Je<br>\nn\u2019en veux pour preuve que la d\u00e9cla\u00adra\u00adtion de Mury, publi\u00e9e<br>\ndans \u00ab&nbsp;le Monde&nbsp;\u00bb il y a un mois envi\u00adron, o\u00f9&nbsp;il<br>\nexpli\u00adquait que le mou\u00adve\u00adment de mai avait mon\u00adtr\u00e9 la caducit\u00e9<br>\nde la concep\u00adtion du par\u00adti, avant-garde de la classe ouvri\u00e8re,<br>\net qu\u2019on avait consta\u00adt\u00e9 au contraire que la spontan\u00e9it\u00e9<br>\nr\u00e9vo\u00adlu\u00adtion\u00adnaire \u00e9tait bien pr\u00e9f\u00e9rable,<br>\nqu\u2019il s\u2019agissait donc avant tout de f\u00e9d\u00e9\u00adrer&nbsp;les<br>\ngroupes de base. Pour moi, bien qu\u2019\u00e9videmment cette<br>\nd\u00e9cla\u00adra\u00adtion ne puisse \u00eatre qualifi\u00e9e<br>\nd\u2019anarchiste, je consi\u00add\u00e8re qu\u2019elle en recouvre un&nbsp;des<br>\naspects et que je peux donc tra\u00advailler avec des gars pro\u00adfes\u00adsant&nbsp;ce<br>\npoint de&nbsp;vue.<\/span><\/i><\/font><\/font><\/p>\n<p style=\"text-indent: 1.46cm; margin-bottom: 0cm;\" align=\"justify\"><font face=\"Garamond, serif\"><font style=\"font-size: 13pt;\" size=\"3\"><i><span lang=\"fr-FR\">La<br>\nseconde le\u00e7on des \u00e9v\u00e9\u00adne\u00adments concerne l\u2019action<br>\nanar\u00adchiste&nbsp;: il m\u2019appara\u00eet encore bien plus net\u00adte\u00adment qu\u2019avant<br>\nque si nous vou\u00adlons avoir une action effi\u00adcace nous devons agir&nbsp;dans<br>\nle cadre des orga\u00adni\u00adsa\u00adtions syn\u00addi\u00adcales exis\u00adtantes et uti\u00adli\u00adser toutes<br>\nles pos\u00adsi\u00adbi\u00adli\u00adt\u00e9s qui nous sont offertes d\u2019exposer notre<br>\npoint de vue (r\u00e9unions, d\u00e9bats, etc.) sans nous replier<br>\nsur nous-m\u00eames et cher\u00adcher \u00e0 agir par l\u2019interm\u00e9diaire<br>\nd\u2019une orga\u00adni\u00adsa\u00adtion anar\u00adchiste quel\u00adconque. L\u2019organisation<br>\nanar\u00adchiste doit \u00eatre \u00e0 usage interne (ren\u00adcontres pour<br>\n\u00e9chan\u00adger des points de vue et des exp\u00e9riences<br>\ndif\u00adf\u00e9\u00adrentes et d\u00e9ga\u00adger cer\u00adtaines conclu\u00adsions), mais&nbsp;ne<br>\npas \u00eatre uti\u00adli\u00ads\u00e9e pour \u00e9lar\u00adgir notre audience&nbsp;;<br>\nain\u00adsi \u00e0 Limoges, l\u2019exp\u00e9rience que nous avons tent\u00e9e<br>\net qui consis\u00adtait \u00e0 mettre sur pied un \u00ab&nbsp;Cercle d\u2019\u00e9tudes<br>\nsociales Prou\u00addhon&nbsp;\u00bb a \u00e9t\u00e9 un \u00e9chec dans&nbsp;la<br>\nmesure o\u00f9 les conf\u00e9\u00adrences et les d\u00e9bats que&nbsp;nous<br>\navons orga\u00adni\u00ads\u00e9s n\u2019ont atti\u00adr\u00e9 que tr\u00e8s peu&nbsp;de<br>\nper\u00adsonnes, alors que par notre acti\u00advi\u00adt\u00e9 de mai et juin,&nbsp;nous<br>\nen avons tou\u00adch\u00e9 beau\u00adcoup plus, et plus profond\u00e9ment.<\/span><\/i><\/font><\/font><\/p>\n<p style=\"text-indent: 1.46cm; margin-bottom: 0cm;\" align=\"justify\" lang=\"fr-FR\">\n<font face=\"Garamond, serif\"><font style=\"font-size: 13pt;\" size=\"3\"><i>Je<br>\ncrois que notre t\u00e2che main\u00adte\u00adnant est de tra\u00advailler dans&nbsp;le<br>\ncadre des groupes de base for\u00adm\u00e9s un peu par\u00adtout (\u00e0<br>\nLimoges, comi\u00adt\u00e9 ouvriers-\u00e9tu\u00addiants) dans les\u00adquels&nbsp;nous<br>\npour\u00adrons avoir une action ten\u00addant \u00e0 faire prendre conscience<br>\naux gens de l\u2019ali\u00e9nation dont ils sont l\u2019objet et&nbsp;o\u00f9<br>\nnous pour\u00adrons popu\u00adla\u00adri\u00adser les id\u00e9es-forces qui sont les n\u00f4tres<br>\net qui sont reve\u00adnues au pre\u00admier plein de l\u2019actualit\u00e9, que&nbsp;ce<br>\nsoit la lutte contre l\u2019autoritarisme sous toutes ses formes, la<br>\ngr\u00e8ve g\u00e9n\u00e9\u00adrale (que l\u2019on ten\u00addait&nbsp;\u00e0<br>\npr\u00e9\u00adsen\u00adter comme p\u00e9ri\u00adm\u00e9e et impos\u00adsible de&nbsp;nos<br>\njours) etc.; le ter\u00adrain est d\u2019autant plus favo\u00adrable qu\u2019il y a&nbsp;une<br>\ncer\u00adtaine frange de syn\u00addi\u00adca\u00adlistes ou d\u2019autres indi\u00advi\u00addus qui ont&nbsp;\u00e9t\u00e9<br>\n\u00e9c\u0153u\u00adr\u00e9s par l\u2019attitude du PC et de la CGT. Il s\u2019agit<br>\npour nous d\u2019exploiter ce m\u00e9contentement.<\/i><\/font><\/font><\/p>\n<p style=\"text-indent: 1.46cm; margin-bottom: 0cm;\" align=\"justify\" lang=\"fr-FR\">\n<font face=\"Garamond, serif\"><font style=\"font-size: 13pt;\" size=\"3\"><i>Le<br>\npro\u00adbl\u00e8me de la vio\u00adlence m\u2019\u00e9tait tou\u00adjours appa\u00adru,&nbsp;et<br>\nm\u2019appara\u00eet encore plus aujourd\u2019hui, comme un&nbsp;peu<br>\nsecon\u00addaire, bien qu\u2019il me semble logi\u00adque\u00adment qu\u2019il&nbsp;soit<br>\nimpos\u00adsible d\u2019\u00e9tablir par la vio\u00adlence une soci\u00e9t\u00e9<br>\nliber\u00adtaire. Mais dans la mesure o\u00f9 elle n\u2019est pas choisie<br>\npar les r\u00e9vo\u00adlu\u00adtion\u00adnaires, et o\u00f9 elle est impos\u00e9e<br>\npar le pou\u00advoir, qui d\u00e9couvre ain\u00adsi sa nature r\u00e9pressive,<br>\nil me para\u00eet assez dif\u00adfi\u00adcile de r\u00e9agir autre\u00adment.&nbsp;Bien<br>\ns\u00fbr, l\u2019id\u00e9al serait que puissent \u00eatre mises&nbsp;au<br>\npoint des tech\u00adniques non vio\u00adlentes de r\u00e9sis\u00adtance \u00e0&nbsp;la<br>\nr\u00e9pres\u00adsion, mais cela me para\u00eet dif\u00adfi\u00adcile&nbsp;\u00e0<br>\n\u00e9ta\u00adblir et sur\u00adtout \u00e0 faire mettre en pra\u00adtique par&nbsp;une<br>\nmasse non avertie.<\/i><\/font><\/font><\/p>\n<p style=\"text-indent: 1.46cm; margin-bottom: 0cm;\" align=\"justify\" lang=\"fr-FR\">\n<font face=\"Garamond, serif\"><font style=\"font-size: 13pt;\" size=\"3\"><i>Je<br>\nsignale au pas\u00adsage que si je suis objec\u00adteur de conscience, c\u2019est<br>\nplus parce que l\u2019arm\u00e9e repr\u00e9\u00adsente le lieu d\u2019\u00e9lection<br>\nde l\u2019autorit\u00e9 hi\u00e9\u00adrar\u00adchi\u00ads\u00e9e et de&nbsp;la<br>\nr\u00e9i\u00adfi\u00adca\u00adtion de l\u2019homme (r\u00e9duit \u00e0 l\u2019\u00e9tat<br>\nde machine), et parce que c\u2019est le moyen qui per\u00admet \u00e0 l\u2019\u00c9tat<br>\nd\u2019exister, que pour mes convic\u00adtions non vio\u00adlentes, qui ne&nbsp;sont<br>\nmal\u00adgr\u00e9 tout pas absentes.<\/i><\/font><\/font><\/p>\n<p style=\"text-indent: 1.46cm; margin-bottom: 0cm;\" align=\"justify\"><font face=\"Garamond, serif\"><font style=\"font-size: 13pt;\" size=\"3\"><b><span lang=\"fr-FR\">J.-F.<br>\nP.<\/span><\/b><\/font><\/font><\/p>\n","protected":false},"excerpt":{"rendered":"<p>[( En juillet, nous fai\u00adsions appel, par cir\u00adcu\u00adlaire, \u00e0 un cer\u00adtain nombre de nos lec\u00adteurs pour faire le point sur le mou\u00adve\u00adment de&nbsp;mai&nbsp;: leur par\u00adti\u00adci\u00adpa\u00adtion, les com\u00adpor\u00adte\u00adments qu\u2019ils ont obser\u00adv\u00e9s, les besoins de struc\u00adtures nou\u00advelles, les modi\u00adfi\u00adca\u00adtions de&nbsp;leurs concep\u00adtions et convic\u00adtions et leur atti\u00adtude face \u00e0 une reprise \u00e9ven\u00adtuelle \u00e0 la ren\u00adtr\u00e9e. Envi\u00adron 10&nbsp;pour&nbsp;[\u2026]<\/p>\n","protected":false},"author":1,"featured_media":0,"comment_status":"closed","ping_status":"closed","sticky":false,"template":"","format":"standard","meta":{"wp_typography_post_enhancements_disabled":false,"footnotes":""},"categories":[128],"tags":[],"ppma_author":[540],"class_list":["post-1121","post","type-post","status-publish","format-standard","hentry","category-anarchisme-et-non-violence-na15-octobre-1968"],"authors":[{"term_id":540,"user_id":1,"is_guest":0,"slug":"admin_3gikpwyf","display_name":"Vincent Dubuc","avatar_url":"https:\/\/secure.gravatar.com\/avatar\/d015720652c25fd2ced191ade86430094e1f288a17483713e3b34d26dea52507?s=96&d=mm&r=g","author_category":"","user_url":"https:\/\/la-presse-anarchiste.net","last_name":"Dubuc","first_name":"Vincent","job_title":"","description":""}],"_links":{"self":[{"href":"https:\/\/la-presse-anarchiste.net\/index.php\/wp-json\/wp\/v2\/posts\/1121","targetHints":{"allow":["GET"]}}],"collection":[{"href":"https:\/\/la-presse-anarchiste.net\/index.php\/wp-json\/wp\/v2\/posts"}],"about":[{"href":"https:\/\/la-presse-anarchiste.net\/index.php\/wp-json\/wp\/v2\/types\/post"}],"author":[{"embeddable":true,"href":"https:\/\/la-presse-anarchiste.net\/index.php\/wp-json\/wp\/v2\/users\/1"}],"replies":[{"embeddable":true,"href":"https:\/\/la-presse-anarchiste.net\/index.php\/wp-json\/wp\/v2\/comments?post=1121"}],"version-history":[{"count":0,"href":"https:\/\/la-presse-anarchiste.net\/index.php\/wp-json\/wp\/v2\/posts\/1121\/revisions"}],"wp:attachment":[{"href":"https:\/\/la-presse-anarchiste.net\/index.php\/wp-json\/wp\/v2\/media?parent=1121"}],"wp:term":[{"taxonomy":"category","embeddable":true,"href":"https:\/\/la-presse-anarchiste.net\/index.php\/wp-json\/wp\/v2\/categories?post=1121"},{"taxonomy":"post_tag","embeddable":true,"href":"https:\/\/la-presse-anarchiste.net\/index.php\/wp-json\/wp\/v2\/tags?post=1121"},{"taxonomy":"author","embeddable":true,"href":"https:\/\/la-presse-anarchiste.net\/index.php\/wp-json\/wp\/v2\/ppma_author?post=1121"}],"curies":[{"name":"wp","href":"https:\/\/api.w.org\/{rel}","templated":true}]}}