{"id":1132,"date":"2007-12-15T20:51:22","date_gmt":"2007-12-15T20:51:22","guid":{"rendered":"https:\/\/la-presse-anarchiste.net\/index.php\/2007\/12\/15\/sur-le-neorealisme\/"},"modified":"2007-12-15T20:51:22","modified_gmt":"2007-12-15T20:51:22","slug":"sur-le-neorealisme","status":"publish","type":"post","link":"https:\/\/la-presse-anarchiste.net\/index.php\/2007\/12\/15\/sur-le-neorealisme\/","title":{"rendered":"Sur le n\u00e9or\u00e9alisme"},"content":{"rendered":"<div class=\"pdfprnt-buttons pdfprnt-buttons-post pdfprnt-top-right\"><a href=\"https:\/\/la-presse-anarchiste.net\/index.php\/wp-json\/wp\/v2\/posts\/1132?print=pdf\" class=\"pdfprnt-button pdfprnt-button-pdf\" target=\"_blank\"><img decoding=\"async\" src=\"https:\/\/la-presse-anarchiste.net\/wp-content\/plugins\/pdf-print\/images\/pdf.png\" alt=\"image_pdf\" title=\"Afficher le PDF\"><\/a><a href=\"https:\/\/la-presse-anarchiste.net\/index.php\/wp-json\/wp\/v2\/posts\/1132?print=print\" class=\"pdfprnt-button pdfprnt-button-print\" target=\"_blank\"><img decoding=\"async\" src=\"https:\/\/la-presse-anarchiste.net\/wp-content\/plugins\/pdf-print\/images\/print.png\" alt=\"image_print\" title=\"Contenu imprim\u00e9\"><\/a><\/div><p style=\"margin-right: 0.51cm; text-indent: 1.24cm; margin-bottom: 0cm;\" align=\"justify\">\n<font face=\"Garamond\"><font style=\"font-size: 13pt;\" size=\"3\"><span lang=\"fr-FR\">Le<br>\nmot a cours, et il d\u00e9signe effec\u00adti\u00adve\u00adment une \u00ab&nbsp;\u00e9cole&nbsp;\u00bb<br>\n\u00e0 laquelle, m\u00eame les cri\u00adtiques s\u00e9rieux ne<br>\nmar\u00adchandent pas leur atten\u00adtion. C\u2019est qu\u2019il est au moins&nbsp;deux<br>\nfa\u00e7ons de conce\u00advoir la cri\u00adtique,\u200a\u2014\u200acelle, l\u2019ancienne, la<br>\nd\u00e9mo\u00add\u00e9e (ce qui ne l\u2019emp\u00eache pas d\u2019\u00eatre,<br>\n\u00e0 mon avis, la seule d\u00e9fen\u00addable), qui s\u2019efforce de<br>\ncom\u00adprendre, d\u2019aimer ou, mais c\u2019est la m\u00eame chose, de<br>\npro\u00adcla\u00admer ses haines, bref la cri\u00adtique qui se donne pour devoir de<br>\nd\u00e9ter\u00admi\u00adner des valeurs,\u200a\u2014\u200aet puis celle, de nos jours, et<br>\npour cause, la plus en vogue, qui se fiche pas mal de savoir si&nbsp;ce<br>\ndont elle parle en vaut ou non la peine, car ce qui l\u2019int\u00e9resse<br>\ndans une \u0153uvre, ce n\u2019est point de recon\u00adna\u00eetre si&nbsp;elle<br>\n<i>existe, <\/i>mais de nous dire\u200a\u2014\u200ad\u2019abord \u00e7a&nbsp;fait<br>\nbeau\u00adcoup plus malin\u200a\u2014\u200adans quelle mesure elle est por\u00adteuse&nbsp;de<br>\nsymp\u00adt\u00f4mes (sociaux, id\u00e9o\u00adlo\u00adgiques, etc.). Et voi\u00adci&nbsp;nos<br>\ngens sou\u00adla\u00adg\u00e9s&nbsp;: la lit\u00adt\u00e9\u00adra\u00adture n\u2019est plus que pr\u00e9texte<br>\n\u00e0 autre chose. N\u2019est-ce pas l\u2019essentiel&nbsp;?<\/span><\/font><\/font><\/p>\n<p style=\"margin-right: 0.51cm; text-indent: 1.24cm; margin-bottom: 0cm;\" align=\"justify\">\n<font face=\"Garamond\"><font style=\"font-size: 13pt;\" size=\"3\"><span lang=\"fr-FR\">Il<br>\nest vrai que nom\u00adbreux sont nos auteurs d\u2019aujourd\u2019hui dont&nbsp;les<br>\n\u00e9crits n\u2019ont, il faut l\u2019avouer, d\u2019autre port\u00e9e<br>\nque <i>symp\u00adto\u00adma\u00adtique. <\/i>En tout cas\u200a\u2014\u200aet cela c\u2019est un cri\u00adt\u00e8re&nbsp;!\u200a\u2014\u200ace n\u2019est pas pour le plai\u00adsir qu\u2019on les lit. D\u00fbt&nbsp;m\u00eame<br>\nun v\u00e9ri\u00adtable \u00e9cri\u00advain comme Mau\u00adriac ne point refuser<br>\ntou\u00adjours de se pen\u00adcher sur les fabri\u00adca\u00adtions de ces photographes<br>\ntristes, comme la voyante\u200a\u2014\u200aelle au moins c\u2019est sa profession&nbsp;\u2014<br>\ninter\u00adroge le marc de caf\u00e9. Avec cette excuse que, chez&nbsp;un<br>\nMau\u00adriac, outre cer\u00adtaine in\u00e9vi\u00adtable nos\u00adtal\u00adgie de la jeunesse<br>\n(non peut-\u00eatre par\u00adfois sans quelque com\u00adplai\u00adsance), c\u2019est<br>\navant tout pour un essai de d\u00e9cou\u00adverte litt\u00e9raire.<\/span><\/font><\/font><\/p>\n<p style=\"margin-right: 0.51cm; text-indent: 1.24cm; margin-bottom: 0cm;\" align=\"justify\">\n<font face=\"Garamond\"><font style=\"font-size: 13pt;\" size=\"3\"><span lang=\"fr-FR\">Donc,<br>\nla jeune \u00e9cole, ou plu\u00adt\u00f4t l\u2019\u00e9cole de ces&nbsp;faux<br>\njeunes en \u00ab&nbsp;perte de<b> <\/b>sub\u00adstance&nbsp;\u00bb, comme a dit je&nbsp;ne<br>\nsais plus qui, et l\u2019expression convien\u00addrait non<b> <\/b>moins<br>\npar\u00adfai\u00adte\u00adment aux \u00ab&nbsp;peintures&nbsp;\u00bb&nbsp;(<html><br>\nd\u00e9cou\u00advert\u200a\u2014\u200avoyez Alain Robbe-Grillet, voyez Nathalie<br>\nSar\u00adraute\u200a\u2014\u200aque le fin du fin,<b> <\/b>ce n\u2019est pas, voyons, de<br>\nnous racon\u00adter des his\u00adtoires, pro\u00adpos vieux jeu bon<b> <\/b>tout au&nbsp;plus<br>\npour ces na\u00effs et ces imb\u00e9\u00adciles qui se sont appel\u00e9s<br>\nCer\u00advan\u00adt\u00e8s,<b> <\/b>Vol\u00adtaire, Sten\u00addhal, Bal\u00adzac, Tolsto\u00ef,<br>\nDos\u00adto\u00efevs\u00adki, tout ce tas d\u2019\u00e9gar\u00e9s, de<b><br>\n<\/b>demeu\u00adr\u00e9s, de retar\u00adda\u00adtaires, mais\u200a\u2014\u200aet l\u2019on n\u2019h\u00e9site<br>\npas \u00e0 cau\u00adtion\u00adner la sot\u00adtise<b> <\/b>der\u00adnier cri du nom&nbsp;du<br>\nsur\u00adin\u00adtel\u00adli\u00adgent Val\u00e9\u00adry pro\u00adcla\u00admant l\u2019inanit\u00e9 d\u2019\u00e9crire<br>\nque<b> \u00ab&nbsp;<\/b>la com\u00adtesse sor\u00adtait \u00e0 cinq heures&nbsp;\u00bb\u200a\u2014\u200amais, nous dit-on, de nous infor\u00admer,<b> <\/b>par exemple, du nombre<br>\nde grains de pous\u00adsi\u00e8re qu\u2019il y  a sur la table du<b> \u00ab&nbsp;<\/b>h\u00e9ros&nbsp;\u00bb<br>\n<i>(sic),<\/i> etc. Cette pr\u00e9\u00adten\u00addu\u00adment nou\u00advelle tarte&nbsp;\u00e0<br>\nla cr\u00e8me a en outre<b> <\/b>ceci de spec\u00adtral que, loin d\u2019\u00eatre<br>\nvrai\u00adment nou\u00advelle, elle res\u00adsus\u00adcite, si l\u2019on ose<b> <\/b>employer le<br>\nmot pour ce qui n\u2019a jamais eu vie, ce vieux ros\u00adsi\u00adgnol empaill\u00e9<b><br>\n<\/b>de l\u2019Allemagne de Wei\u00admar, qui, dans le monde des lettres et&nbsp;des<br>\narts, fut<b> <\/b>affu\u00adbl\u00e9 du nom de \u00ab&nbsp;nouvelle<br>\nobjec\u00adti\u00advi\u00adt\u00e9&nbsp;\u00bb (tra\u00adduc\u00adtion\u200a\u2014\u200aapproxi\u00adma\u00adtive&nbsp;\u2014<b> <\/b>de<br>\n<i>Die neue Sachli\u00adch\u00adkeit). <\/i>On a d\u00e9j\u00e0 relev\u00e9<br>\nici\u200a\u2014\u200aet cela c\u2019est un symp\u00adt\u00f4me&nbsp;\u2014<b> <\/b>l\u2019inqui\u00e9tante<br>\nsimi\u00adli\u00adtude entre la situa\u00adtion spi\u00adri\u00adtuelle de la France d\u2019aujourd\u2019hui<b><br>\n<\/b>et celle de l\u2019Allemagne du pre\u00admier apr\u00e8s-guerre, tant&nbsp;et<br>\nsi bien que, devant<b> <\/b>la rumi\u00adna\u00adtion qui tient lieu de pens\u00e9e<br>\n\u00e0 notre Europe elle-m\u00eame en perte de<b> <\/b>sub\u00adstance,<br>\non ne peut plus dire&nbsp;: on aura tout vu, mais <i>revu. <\/i>Certes, les<b><br>\n\u00ab&nbsp;<\/b>pro\u00adgrammes&nbsp;\u00bb ne tuent pas tou\u00adjours leur homme. La<br>\n<i>neue Sachli\u00adch\u00adkeit<\/i> n\u2019a<b> <\/b>pas emp\u00ea\u00adch\u00e9&nbsp;un<br>\nJoseph Roth d\u2019\u00e9crire de vraies \u0153uvres, tout comme&nbsp;le<br>\nn\u00e9or\u00e9a\u00adlisme, qui ne laisse pas de l\u2019avoir<br>\nmar\u00adqu\u00e9e, ne r\u00e9us\u00adsit pas \u00e0 faire que \u00ab&nbsp;La<br>\nmodi\u00adfi\u00adca\u00adtion&nbsp;\u00bb de Michel Butor \u00e9chappe au&nbsp;p\u00e9ch\u00e9<br>\nd\u2019\u00eatre un beau livre. Mais le symp\u00adt\u00f4me, puisque<br>\nsymp\u00adt\u00f4me il y a, est assez grave et assez g\u00e9n\u00e9ralis\u00e9<br>\npour qu\u2019on le d\u00e9nonce. Moins en \u00e9pi\u00adlo\u00adguant des\u00adsus,\u200a\u2014\u200a\u00e0 quoi bon&nbsp;?\u200a\u2014\u200aqu\u2019en citant, par exemple, telle page&nbsp;du<br>\nchef de file de notre soi-dit neuve cha\u00adpelle lit\u00adt\u00e9\u00adraire. C\u2019est<br>\nbien pour\u00adquoi j\u2019ai cru devoir des\u00adti\u00adner \u00e0 l\u2019\u00e9dification<br>\ndu lec\u00adteur le pas\u00adsage sui\u00advant de \u00ab&nbsp;La jalou\u00adsie&nbsp;\u00bb d\u2019Alain<br>\nRobbe-Grillet. Rien de plus effi\u00adcace, il me semble&nbsp;: ce sera,&nbsp;mieux<br>\nque de la cri\u00adtique, de l\u2019autocritique involontaire&nbsp;:<\/html><\/span><\/font><\/font><\/p>\n<p style=\"margin-right: 0.51cm; text-indent: 1.24cm; margin-bottom: 0cm;\" align=\"justify\">\n<font face=\"Garamond\"><font style=\"font-size: 13pt;\" size=\"3\"><span lang=\"fr-FR\">\u00ab&nbsp;Le<br>\ntrait de s\u00e9pa\u00adra\u00adtion entre la zone inculte et la bananeraie<br>\nn\u2019est pas tout \u00e0 fait droit. C\u2019est une ligne bris\u00e9e,<br>\n\u00e0 angles alter\u00adna\u00adti\u00adve\u00adment ren\u00adtrants et saillants dont chaque<br>\nsom\u00admet appar\u00adtient \u00e0 une par\u00adcelle dif\u00adf\u00e9\u00adrente, d\u2019\u00e2ge<br>\ndif\u00adf\u00e9\u00adrent, mais d\u2019orientation le plus sou\u00advent identique.<\/span><\/font><\/font><\/p>\n<p style=\"margin-right: 0.51cm; text-indent: 1.24cm; margin-bottom: 0cm;\" align=\"justify\">\n<font face=\"Garamond\"><font style=\"font-size: 13pt;\" size=\"3\"><span lang=\"fr-FR\">\u00ab&nbsp;Juste<br>\nen face de la mai\u00adson, un bou\u00adquet d\u2019arbres marque le point le&nbsp;plus<br>\n\u00e9le\u00adv\u00e9 par la culture dans ce sec\u00adteur. La&nbsp;pi\u00e8ce<br>\nqui se ter\u00admine l\u00e0 est un rec\u00adtangle. Le sol n\u2019y est&nbsp;plus<br>\nvisible, ou peu s\u2019en&nbsp;faut\u2026<\/span><\/font><\/font><\/p>\n<p style=\"margin-right: 0.51cm; text-indent: 1.24cm; margin-bottom: 0cm;\" align=\"justify\">\n<font face=\"Garamond\"><font style=\"font-size: 13pt;\" size=\"3\"><span lang=\"fr-FR\">\u00ab&nbsp;A<br>\npar\u00adtir de la touffe d\u2019arbres, le c\u00f4t\u00e9 amont de&nbsp;cette<br>\npi\u00e8ce des\u00adcend en fai\u00adsant un faible \u00e9cart (vers&nbsp;la<br>\ngauche) par rap\u00adport \u00e0 la plus grande pente. Il y a trente-deux<br>\nbana\u00adniers sur la ran\u00adg\u00e9e, jusqu\u2019\u00e0 la limite inf\u00e9rieure<br>\nde la parcelle.<\/span><\/font><\/font><\/p>\n<p style=\"margin-right: 0.51cm; text-indent: 1.24cm; margin-bottom: 0cm;\" align=\"justify\">\n<font face=\"Garamond\"><font style=\"font-size: 13pt;\" size=\"3\"><span lang=\"fr-FR\">\u00ab&nbsp;Pro\u00adlon\u00adgeant<br>\ncelle-ci vers le bas, avec la m\u00eame dis\u00adpo\u00adsi\u00adtion des lignes, une<br>\nautre pi\u00e8ce occupe tout l\u2019espace com\u00adpris entre la premi\u00e8re<br>\net la petite rivi\u00e8re qui coule dans le fond. Elle ne comprend<br>\nque vingt-trois plants dans sa hauteur\u2026<\/span><\/font><\/font><\/p>\n<p style=\"margin-right: 0.51cm; text-indent: 1.24cm; margin-bottom: 0cm;\" align=\"justify\">\n<font face=\"Garamond\"><font style=\"font-size: 13pt;\" size=\"3\"><span lang=\"fr-FR\">En<br>\noutre, au lieu d\u2019\u00eatre rec\u00adtan\u00adgu\u00adlaire comme celle d\u2019au-dessus,<br>\ncette par\u00adcelle a la forme d\u2019un tra\u00adp\u00e8ze&nbsp;; car la rive qui&nbsp;en<br>\nconsti\u00adtue le bord inf\u00e9\u00adrieur n\u2019est pas per\u00adpen\u00addi\u00adcu\u00adlaire&nbsp;\u00e0<br>\nses deux c\u00f4t\u00e9s\u200a\u2014\u200aaval et amont\u200a\u2014\u200aparall\u00e8les<br>\nentre eux. Le c\u00f4t\u00e9 droit (c\u2019est-\u00e0-dire aval)<br>\nn\u2019a plus que treize bana\u00adniers, au lieu de vingt-trois.<\/span><\/font><\/font><\/p>\n<p style=\"margin-right: 0.51cm; text-indent: 1.24cm; margin-bottom: 0cm;\" align=\"justify\">\n<font face=\"Garamond\"><font style=\"font-size: 13pt;\" size=\"3\"><span lang=\"fr-FR\">\u00ab&nbsp;Le<br>\nbord inf\u00e9\u00adrieur, enfin, n\u2019est pas rec\u00adti\u00adligne, la petite<br>\nrivi\u00e8re ne l\u2019\u00e9tant pas&nbsp;: un ventre peu accentu\u00e9<br>\nr\u00e9tr\u00e9\u00adcit la pi\u00e8ce vers le milieu de sa largeur.<br>\nLa ran\u00adg\u00e9e m\u00e9diane, qui devrait avoir dix-huit plants<br>\ns\u2019il s\u2019agissait d\u2019un tra\u00adp\u00e8ze v\u00e9ri\u00adtable, n\u2019en<br>\ncom\u00adporte ain\u00adsi que&nbsp;seize.<\/span><\/font><\/font><\/p>\n<p style=\"margin-right: 0.51cm; text-indent: 1.24cm; margin-bottom: 0cm;\" align=\"justify\">\n<font face=\"Garamond\"><font style=\"font-size: 13pt;\" size=\"3\"><span lang=\"fr-FR\">\u00ab&nbsp;Sur<br>\nle second rang, en par\u00adtant de l\u2019extr\u00eame gauche, il y aurait<br>\nvingt-deux plants (\u00e0 cause de la dis\u00adpo\u00adsi\u00adtion en quinconce)<br>\ndans le cas d\u2019une pi\u00e8ce rec\u00adtan\u00adgu\u00adlaire. Il y en aurait aussi<br>\nvingt-deux pour une pi\u00e8ce exac\u00adte\u00adment trap\u00e9zo\u00efdale,<br>\nle rac\u00adcour\u00adcis\u00adse\u00adment res\u00adtant \u00e0 peine sen\u00adsible \u00e0 une&nbsp;si<br>\nfaible dis\u00adtance de la base. Et, en fait, c\u2019est vingt-deux plants<br>\nqu\u2019il y&nbsp;a.<\/span><\/font><\/font><\/p>\n<p style=\"margin-right: 0.51cm; text-indent: 1.24cm; margin-bottom: 0cm;\" align=\"justify\">\n<font face=\"Garamond\"><font style=\"font-size: 13pt;\" size=\"3\"><span lang=\"fr-FR\">\u00ab&nbsp;Mais<br>\nla troi\u00adsi\u00e8me ran\u00adg\u00e9e n\u2019a, elle encore que vingt-deux<br>\nplants, au lieu des vingt-trois que com\u00adpor\u00adte\u00adrait de nou\u00adveau&nbsp;le<br>\nrec\u00adtangle. Aucune dif\u00adf\u00e9\u00adrence sup\u00adpl\u00e9\u00admen\u00adtaire n\u2019est<br>\nintro\u00adduite, \u00e0 ce niveau, par l\u2019incurvation du bord. Il en&nbsp;va<br>\nde m\u00eame pour la qua\u00adtri\u00e8me, qui com\u00adprend vingt-et-un (1)<br>\npieds, soit un de moins qu\u2019une ligne d\u2019ordre pair du rectangle<br>\nfictif.<\/span><\/font><\/font><\/p>\n<p style=\"margin-right: 0.51cm; text-indent: 1.24cm; margin-bottom: 0cm;\" align=\"justify\">\n<font face=\"Garamond\"><font style=\"font-size: 13pt;\" size=\"3\"><span lang=\"fr-FR\">\u00ab&nbsp;La<br>\ncour\u00adbure de la rivi\u00e8re entre \u00e0 son tour en jeu&nbsp;\u00e0<br>\npar\u00adtir de la cin\u00adqui\u00e8me ran\u00adg\u00e9e&nbsp;: celle-ci, en effet, ne<br>\npos\u00ads\u00e8de \u00e9ga\u00adle\u00adment que vingt-et-un (1) indi\u00advi\u00addus,&nbsp;alors<br>\nqu\u2019elle en aurait vingt-deux pour un vrai tra\u00adp\u00e8ze,&nbsp;et<br>\nvingt-trois pour un rec\u00adtangle (ligne d\u2019ordre impair).<\/span><\/font><\/font><\/p>\n<p style=\"margin-right: 0.51cm; text-indent: 1.24cm; margin-bottom: 0cm;\" align=\"justify\">\n<font face=\"Garamond\"><font style=\"font-size: 13pt;\" size=\"3\"><span lang=\"fr-FR\">\u00ab&nbsp;Ces<br>\nchiffres eux-m\u00eames sont th\u00e9o\u00adriques, puisque certains<br>\nbana\u00adniers ont d\u00e9j\u00e0 \u00e9t\u00e9 cou\u00adp\u00e9s&nbsp;au<br>\nras du sol, \u00e0 la matu\u00adri\u00adt\u00e9 du r\u00e9gime\u2026<\/span><\/font><\/font><\/p>\n<p style=\"margin-right: 0.51cm; text-indent: 1.24cm; margin-bottom: 0cm;\" align=\"justify\">\n<font face=\"Garamond\"><font style=\"font-size: 13pt;\" size=\"3\"><span lang=\"fr-FR\">\u00ab&nbsp;Sans<br>\ns\u2019occuper de l\u2019ordre dans lequel se trouvent les bananiers<br>\nvisibles et les bana\u00adniers cou\u00adp\u00e9s, la sixi\u00e8me ligne<br>\ndonne les nombres sui\u00advants&nbsp;: vingt-deux, vingt-et-un (1),&nbsp;vingt,<br>\ndix-neuf\u200a\u2014\u200aqui repr\u00e9\u00adsentent res\u00adpec\u00adti\u00adve\u00adment le rec\u00adtangle, le<br>\nvrai tra\u00adp\u00e8ze, le tra\u00adp\u00e8ze \u00e0 bord incurv\u00e9,<br>\nle m\u00eame enfin apr\u00e8s d\u00e9duc\u00adtion des pieds abattus<br>\npour la r\u00e9colte.<\/span><\/font><\/font><\/p>\n<p style=\"margin-right: 0.51cm; text-indent: 1.24cm; margin-bottom: 0cm;\" align=\"justify\">\n<font face=\"Garamond\"><font style=\"font-size: 13pt;\" size=\"3\"><span lang=\"fr-FR\">\u00ab&nbsp;On<br>\na pour les ran\u00adg\u00e9es sui\u00advantes&nbsp;: vingt-trois, vingt-et-un (1),<br>\nvingt-et-un (1). Vingt-deux, vingt-et-un (1), vingt, vingt.<br>\nVingt-trois, vingt-et-un (1), vingt, dix-neuf, etc.&nbsp;\u00bb<\/span><\/font><\/font><\/p>\n<p style=\"margin-right: 0.51cm; text-indent: 1.24cm; margin-bottom: 0cm;\" align=\"justify\">\n<font face=\"Garamond\"><font style=\"font-size: 13pt;\" size=\"3\"><span lang=\"fr-FR\">Comme<br>\ndit l\u2019auteur&nbsp;: et c\u00e6tera.<\/span><\/font><\/font><\/p>\n<p style=\"margin-right: 0.51cm; text-indent: 1.24cm; margin-bottom: 0cm;\" align=\"justify\" lang=\"fr-FR\">\n<font face=\"Garamond\"><font style=\"font-size: 13pt;\" size=\"3\"><b>F.<\/b><\/font><\/font><\/p>\n","protected":false},"excerpt":{"rendered":"<p>Le mot a cours, et il d\u00e9signe effec\u00adti\u00adve\u00adment une \u00ab&nbsp;\u00e9cole&nbsp;\u00bb \u00e0 laquelle, m\u00eame les cri\u00adtiques s\u00e9rieux ne mar\u00adchandent pas leur atten\u00adtion. C\u2019est qu\u2019il est au moins&nbsp;deux fa\u00e7ons de conce\u00advoir la cri\u00adtique,\u200a\u2014\u200acelle, l\u2019ancienne, la d\u00e9mo\u00add\u00e9e (ce qui ne l\u2019emp\u00eache pas d\u2019\u00eatre, \u00e0 mon avis, la seule d\u00e9fen\u00addable), qui s\u2019efforce de com\u00adprendre, d\u2019aimer ou, mais c\u2019est&nbsp;la&nbsp;[\u2026]<\/p>\n","protected":false},"author":1,"featured_media":0,"comment_status":"closed","ping_status":"closed","sticky":false,"template":"","format":"standard","meta":{"wp_typography_post_enhancements_disabled":false,"footnotes":""},"categories":[129],"tags":[],"ppma_author":[540],"class_list":["post-1132","post","type-post","status-publish","format-standard","hentry","category-temoins-n20-printemps-1958"],"authors":[{"term_id":540,"user_id":1,"is_guest":0,"slug":"admin_3gikpwyf","display_name":"Vincent Dubuc","avatar_url":"https:\/\/secure.gravatar.com\/avatar\/d015720652c25fd2ced191ade86430094e1f288a17483713e3b34d26dea52507?s=96&d=mm&r=g","author_category":"","user_url":"https:\/\/la-presse-anarchiste.net","last_name":"Dubuc","first_name":"Vincent","job_title":"","description":""}],"_links":{"self":[{"href":"https:\/\/la-presse-anarchiste.net\/index.php\/wp-json\/wp\/v2\/posts\/1132","targetHints":{"allow":["GET"]}}],"collection":[{"href":"https:\/\/la-presse-anarchiste.net\/index.php\/wp-json\/wp\/v2\/posts"}],"about":[{"href":"https:\/\/la-presse-anarchiste.net\/index.php\/wp-json\/wp\/v2\/types\/post"}],"author":[{"embeddable":true,"href":"https:\/\/la-presse-anarchiste.net\/index.php\/wp-json\/wp\/v2\/users\/1"}],"replies":[{"embeddable":true,"href":"https:\/\/la-presse-anarchiste.net\/index.php\/wp-json\/wp\/v2\/comments?post=1132"}],"version-history":[{"count":0,"href":"https:\/\/la-presse-anarchiste.net\/index.php\/wp-json\/wp\/v2\/posts\/1132\/revisions"}],"wp:attachment":[{"href":"https:\/\/la-presse-anarchiste.net\/index.php\/wp-json\/wp\/v2\/media?parent=1132"}],"wp:term":[{"taxonomy":"category","embeddable":true,"href":"https:\/\/la-presse-anarchiste.net\/index.php\/wp-json\/wp\/v2\/categories?post=1132"},{"taxonomy":"post_tag","embeddable":true,"href":"https:\/\/la-presse-anarchiste.net\/index.php\/wp-json\/wp\/v2\/tags?post=1132"},{"taxonomy":"author","embeddable":true,"href":"https:\/\/la-presse-anarchiste.net\/index.php\/wp-json\/wp\/v2\/ppma_author?post=1132"}],"curies":[{"name":"wp","href":"https:\/\/api.w.org\/{rel}","templated":true}]}}