{"id":1138,"date":"2007-12-15T21:33:09","date_gmt":"2007-12-15T21:33:09","guid":{"rendered":"https:\/\/la-presse-anarchiste.net\/index.php\/2007\/12\/15\/marcel-martinet\/"},"modified":"2007-12-15T21:33:09","modified_gmt":"2007-12-15T21:33:09","slug":"marcel-martinet","status":"publish","type":"post","link":"https:\/\/la-presse-anarchiste.net\/index.php\/2007\/12\/15\/marcel-martinet\/","title":{"rendered":"Marcel Martinet"},"content":{"rendered":"<div class=\"pdfprnt-buttons pdfprnt-buttons-post pdfprnt-top-right\"><a href=\"https:\/\/la-presse-anarchiste.net\/index.php\/wp-json\/wp\/v2\/posts\/1138?print=pdf\" class=\"pdfprnt-button pdfprnt-button-pdf\" target=\"_blank\"><img decoding=\"async\" src=\"https:\/\/la-presse-anarchiste.net\/wp-content\/plugins\/pdf-print\/images\/pdf.png\" alt=\"image_pdf\" title=\"Afficher le PDF\"><\/a><a href=\"https:\/\/la-presse-anarchiste.net\/index.php\/wp-json\/wp\/v2\/posts\/1138?print=print\" class=\"pdfprnt-button pdfprnt-button-print\" target=\"_blank\"><img decoding=\"async\" src=\"https:\/\/la-presse-anarchiste.net\/wp-content\/plugins\/pdf-print\/images\/print.png\" alt=\"image_print\" title=\"Contenu imprim\u00e9\"><\/a><\/div><p style=\"text-indent: 1.38cm; margin-bottom: 0cm;\" align=\"justify\"><font face=\"Garamond\"><font style=\"font-size: 13pt;\" size=\"3\"><i><span lang=\"fr-FR\">Les<br>\nplus jeunes de nos lec\u00adteurs se doutent-ils de tout ce que pour&nbsp;leurs<br>\na\u00een\u00e9s signi\u00adfie ce nom&nbsp;? Qui sait, peut-\u00eatre nous<br>\nsera-t-il don\u00adn\u00e9 un jour de consa\u00adcrer \u00e0 Mar\u00adcel Martinet<br>\nl\u2019un de ces cahiers. Ce ne serait pas seule\u00adment une de nos&nbsp;plus<br>\nbelles joies, mais encore, mais sur\u00adtout l\u2019une de nos meilleures<br>\njus\u00adti\u00adfi\u00adca\u00adtions. D\u2019ici-l\u00e0, puisque, gr\u00e2ce \u00e0&nbsp;son<br>\nfils Daniel, le pr\u00e9\u00adsent num\u00e9\u00adro peut publier un&nbsp;po\u00e8me<br>\nin\u00e9dit de Mar\u00adti\u00adnet, nous sai\u00adsis\u00adsons cette occa\u00adsion de grouper<br>\nici quelques textes, trop suc\u00adcincts, qui aide\u00adront du moins&nbsp;\u00e0<br>\nsituer la figure et l\u2019\u0153uvre de notre inou\u00adbliable camarade.<\/span><\/i><\/font><\/font><\/p>\n<p style=\"text-indent: 1.38cm; margin-bottom: 0cm;\" align=\"justify\"><font face=\"Garamond\"><font style=\"font-size: 13pt;\" size=\"3\"><span lang=\"fr-FR\"><i>Tout<br>\nd\u2019abord, cette br\u00e8ve notice parue dans le \u00ab&nbsp;Dictionnaire<br>\ndes r\u00e9vo\u00adlu\u00adtion\u00adnaires&nbsp;\u00bb figu\u00adrant dans la belle \u00e9dition<br>\nque le Club des \u00e9di\u00adteurs a don\u00adn\u00e9e des <\/i>M\u00e9moires<br>\n<i>de Vic\u00adtor&nbsp;Serge&nbsp;:<\/i><\/span><\/font><\/font><\/p>\n<p style=\"text-indent: 1.38cm; margin-bottom: 0cm;\" align=\"justify\"><font face=\"Garamond\"><font style=\"font-size: 13pt;\" size=\"3\"><span lang=\"fr-FR\">\u00ab&nbsp;Mar\u00adcel Mar\u00adti\u00adnet, n\u00e9 \u00e0 Dijon en 1887, o\u00f9 il&nbsp;fait<br>\nses pre\u00admi\u00e8res \u00e9tudes, qu\u2019il ter\u00admine&nbsp;\u00e0<br>\nLouis-le-Grand et rue d\u2019Ulm. Il est entra\u00ee\u00adn\u00e9&nbsp;tr\u00e8s<br>\nt\u00f4t dans la m\u00eal\u00e9e sociale, et toute sa vie et&nbsp;son<br>\n\u0153uvre portent l\u2019empreinte de ses amis syndicalistes<br>\nr\u00e9vo\u00adlu\u00adtion\u00adnaires, fid\u00e8les \u00e0 l\u2019internationalisme<br>\net au refus de par\u00adve\u00adnir. La guerre de 1914 est pour lui, comme&nbsp;pour<br>\nses amis de <i>la Vie ouvri\u00e8re, <\/i>Monatte et Rosmer,<br>\nl\u2019occasion d\u2019affirmer un id\u00e9al bafou\u00e9, mais<br>\ntou\u00adjours vivace chez quelques-uns. D\u00e8s 1917 paraissent en<br>\nSuisse <i>les Temps mau\u00addits,<\/i> recueil de po\u00e8mes pacifistes<br>\net r\u00e9vo\u00adlu\u00adtion\u00adnaires. C\u2019est au prin\u00adtemps de 1918 qu\u2019il<br>\npublie \u00e0 Paris une revue paci\u00adfiste <i>la Pl\u00e8be,<br>\n<\/i>tou\u00adjours caviar\u00add\u00e9e et vite inter\u00addite par la cen\u00adsure.&nbsp;Y<br>\ncol\u00adla\u00adborent ses amis Fer\u00adnand Des\u00adpr\u00e9s et Jean de Saint-Prix<br>\n(mort en 1919). Pen\u00addant la Pre\u00admi\u00e8re Guerre mon\u00addiale, Martinet<br>\nfr\u00e9\u00adquente des exi\u00adl\u00e9s russes, Dird\u00adzo-Losovs\u00adki et surtout<br>\nL\u00e9on Trots\u00adky. Il admire d\u00e9j\u00e0 la&nbsp;forte<br>\nper\u00adson\u00adna\u00adli\u00adt\u00e9 de celui-ci et res\u00adte\u00adra son ami, dans les grandes<br>\nann\u00e9es de la R\u00e9vo\u00adlu\u00adtion russe, pen\u00addant l\u2019exil et<br>\njusqu\u2019\u00e0 l\u2019assassinat de 1940. D\u00e8s les premiers<br>\nmois, Mar\u00adti\u00adnet est un ami de la R\u00e9pu\u00adblique des Soviets,<br>\niso\u00adl\u00e9e, affa\u00adm\u00e9e et calom\u00adni\u00e9e. Quand \u00ab&nbsp;cette<br>\ngrande lueur \u00e0 l\u2019Est&nbsp;\u00bb se trans\u00adforme en dic\u00adta\u00adture,&nbsp;sans<br>\nrien renier de son pas\u00ads\u00e9, sans renon\u00adcer \u00e0 ses espoirs,<br>\nMar\u00adcel Mar\u00adti\u00adnet malade quitte <i>l\u2019Humanit\u00e9 <\/i>dont il&nbsp;est<br>\ndirec\u00adteur lit\u00adt\u00e9\u00adraire. Il aban\u00addonne d\u00e9fi\u00adni\u00adti\u00adve\u00adment&nbsp;toute<br>\nacti\u00advi\u00adt\u00e9 mili\u00adtante et consacre les heures que lui laisse la<br>\nmala\u00addie \u00e0 la po\u00e9\u00adsie. C\u2019est dans l\u2019entre-deux-guerres,<br>\ndiri\u00adgeant une col\u00adlec\u00adtion chez Rie\u00adder, que Mar\u00adti\u00adnet publie des \u0153uvres<br>\nde Vic\u00adtor Serge. Il s\u2019efforce, avec l\u2019aide de Mag\u00adde\u00adleine Paz,&nbsp;de<br>\nsous\u00adtraire cet \u00e9cri\u00advain aux griffes des sta\u00adli\u00adniens. <i>L\u2019Affaire<br>\nVic\u00adtor Serge, <\/i>bro\u00adchure \u00e9pui\u00ads\u00e9e, date de 1933.&nbsp;Une<br>\nlongue cor\u00adres\u00adpon\u00addance, sou\u00advent inter\u00adrom\u00adpue par la cen\u00adsure&nbsp;russe,<br>\ns\u2019est \u00e9ta\u00adblie entre les deux r\u00e9vo\u00adlu\u00adtion\u00adnaires&nbsp;: ils<br>\n\u00e9taient amis avant de se conna\u00eetre, avant la venue&nbsp;de<br>\nSerge \u00e0 Paris en 1935. Mar\u00adti\u00adnet est mort \u00e0 Sau\u00admur le&nbsp;18<br>\nf\u00e9vrier 1944.&nbsp;\u00bb<\/span><\/font><\/font><\/p>\n<p style=\"text-indent: 1.38cm; margin-bottom: 0cm;\" align=\"justify\">\n<font face=\"Garamond\"><font style=\"font-size: 13pt;\" size=\"3\"><span lang=\"fr-FR\"><i>Ajou\u00adtons<br>\nqu\u2019en plus de romans et d\u2019ouvrages de com\u00adbat, dans les\u00adquels&nbsp;il<br>\nappe\u00adlait, en pro\u00adfond accord avec Hen\u00adry Pou\u00adlaille, l\u2019av\u00e8nement<br>\nd\u2019une lit\u00adt\u00e9\u00adra\u00adture pro\u00adl\u00e9\u00adta\u00adrienne, en plus aus\u00adsi&nbsp;de<br>\ndrames, dont <\/i>la Nuit, <i>repr\u00e9\u00adsen\u00adt\u00e9e&nbsp;\u00e0<br>\nMos\u00adcou gr\u00e2ce \u00e0 Trots\u00adky, Mar\u00adti\u00adnet, comme&nbsp;po\u00e8te,<br>\nn\u2019est pas seule\u00adment l\u2019auteur des <\/i>Temps Mau\u00addits, <i>ce livre<br>\nven\u00adgeur, ful\u00adgu\u00adrant, que tout non-confor\u00admiste devrait savoir par&nbsp;c\u0153ur,<br>\nmais de plu\u00adsieurs autres recueils&nbsp;; signa\u00adlons sur\u00adtout <\/i>Une feuille<br>\nde h\u00eatre <i>(Cor\u00adr\u00eaa) et les tr\u00e8s beaux <\/i>Chants<br>\ndu pas\u00adsa\u00adger <i>(m\u00eame \u00e9di\u00adteur).<\/i><\/span><\/font><\/font><\/p>\n<p style=\"text-indent: 1.38cm; margin-bottom: 0cm;\" align=\"justify\"><font face=\"Garamond\"><font style=\"font-size: 13pt;\" size=\"3\"><span lang=\"fr-FR\"><i>En<br>\nguise d\u2019illustration de ces trop s\u00e8ches donn\u00e9es<br>\nbio-biblio\u00adgra\u00adphiques, don\u00adnons main\u00adte\u00adnant la parole \u00e0<br>\nquelques-uns des com\u00adpa\u00adgnons et amis du po\u00e8te, en pui\u00adsant&nbsp;les<br>\ncita\u00adtions sui\u00advantes dans le num\u00e9\u00adro sp\u00e9\u00adcial consacr\u00e9<br>\n\u00e0 Mar\u00adti\u00adnet par la revue <\/i>Les Humbles, <i>jan\u00advier-f\u00e9vrier-mars<br>\n1936, assu\u00adr\u00e9\u00adment introu\u00advable aujourd\u2019hui. (Quel cr\u00e8ve-c\u0153ur<br>\nde feuille\u00adter \u00e0 pr\u00e9\u00adsent ce num\u00e9\u00adro,&nbsp;que<br>\nl\u2019infortun\u00e9 Wul\u00adlens avait mis tant d\u2019amiti\u00e9 \u00e0<br>\ncom\u00adpo\u00adser, et o\u00f9 lui-m\u00eame, qui depuis devait si<br>\nmal\u00adheu\u00adreu\u00adse\u00adment finir dans une triste confu\u00adsion de tout, a&nbsp;donn\u00e9<br>\ndes pages si vivantes et si vraies. Temps mau\u00addits, en v\u00e9rit\u00e9,<br>\nqui finissent par \u00e9ga\u00adrer tel ou tel de ces com\u00adpa\u00adgnons qui&nbsp;nous<br>\nconso\u00adlaient un peu d\u2019\u00eatre au monde. Tous les autres maux\u200a\u2014\u200aet pour\u00adtant&nbsp;!\u200a\u2014\u200asont moins d\u00e9l\u00e9\u00adt\u00e8res. C\u2019est<br>\nd\u00e9j\u00e0 trop que d\u2019en parler\u2026)<\/i><\/span><\/font><\/font><\/p>\n<p style=\"text-indent: 1.38cm; margin-bottom: 0cm;\" align=\"justify\"><font face=\"Garamond\"><font style=\"font-size: 13pt;\" size=\"3\"><i><span lang=\"fr-FR\">Reve\u00adnons<br>\n\u00e0 Mar\u00adti\u00adnet. Cela vaut mieux. Et reli\u00adsons d\u2019abord ces lignes<br>\nde Pierre Monatte&nbsp;:<\/span><\/i><\/font><\/font><\/p>\n<p style=\"text-indent: 1.38cm; margin-bottom: 0cm;\" align=\"justify\"><font face=\"Garamond\"><font style=\"font-size: 13pt;\" size=\"3\"><span lang=\"fr-FR\">\u00ab&nbsp;Quand<br>\nje regarde \u00e0 vingt ans en arri\u00e8re, vingt ann\u00e9es<br>\nrem\u00adplies d\u2019\u00e9v\u00e9nements, si je vois un cer\u00adtain nombre<br>\nd\u2019\u00e9crivains et d\u2019artistes t\u00e9moi\u00adgner de la sympathie<br>\npour le mou\u00adve\u00adment r\u00e9vo\u00adlu\u00adtion\u00adnaire, j\u2019en vois peu se&nbsp;m\u00ealer<br>\n\u00e0 lui et par\u00adti\u00adci\u00adper \u00e0 sa vie. Durant les ann\u00e9es<br>\nde guerre, pen\u00addant celles qui sui\u00advirent, mar\u00adqu\u00e9es par&nbsp;les<br>\nr\u00e9vo\u00adlu\u00adtions russe et alle\u00admande, plus pr\u00e8s de&nbsp;nous<br>\nencore, on peut comp\u00adter sur les doigts ceux qui vinrent lut\u00adter contre<br>\nla guerre et pour la r\u00e9vo\u00adlu\u00adtion. Dans notre cou\u00adrant&nbsp;du<br>\nsyn\u00addi\u00adca\u00adlisme r\u00e9vo\u00adlu\u00adtion\u00adnaire, je n\u2019en ai vu qu\u2019un seul.&nbsp;Il<br>\na tenu bon pen\u00addant vingt ans. Il a par\u00adta\u00adg\u00e9 les bons et&nbsp;les<br>\nmau\u00advais jours. Les mau\u00advais, de beau\u00adcoup plus nom\u00adbreux. Il n\u2019a&nbsp;pas<br>\njug\u00e9 indignes de lui les mille petites mis\u00e8res, la<br>\nfoule de p\u00e9nibles efforts dont est faite la vie journali\u00e8re<br>\nd\u2019un mou\u00adve\u00adment. C\u2019est Martinet.<\/span><\/font><\/font><\/p>\n<p style=\"text-indent: 1.38cm; margin-bottom: 0cm;\" align=\"justify\"><font face=\"Garamond\"><font style=\"font-size: 13pt;\" size=\"3\"><span lang=\"fr-FR\">\u00ab&nbsp;Mar\u00adti\u00adnet<br>\navait \u00e9t\u00e9 d\u00e9j\u00e0 appe\u00adl\u00e9&nbsp;\u00e0<br>\n<i>l\u2019Humanit\u00e9 <\/i>quand j\u2019y mon\u00adtai \u00e0 mon tour&nbsp;en<br>\n1922<i>, <\/i>quoique non membre du par\u00adti com\u00admu\u00adniste. Il devait en<br>\npar\u00adtir le pre\u00admier. Pour des rai\u00adsons de san\u00adt\u00e9\u2026 Mais&nbsp;il<br>\nsui\u00advait de loin le mou\u00adve\u00adment. C\u2019\u00e9tait quelque chose&nbsp;pour<br>\nnous d\u2019\u00e9prouver si nous \u00e9tions tou\u00adjours dans la&nbsp;bonne<br>\nroute. De m\u00eame que nous avions r\u00e9agi de la&nbsp;m\u00eame<br>\nfa\u00e7on devant la guerre, devant la R\u00e9vo\u00adlu\u00adtion russe&nbsp;de<br>\n1918 \u00e0 1923, nous avons r\u00e9agi pareille\u00adment devant la<br>\ncrise du par\u00adti com\u00admu\u00adniste en 1924, crise fran\u00ad\u00e7aise&nbsp;et<br>\ncontre-coup de la crise russe cons\u00e9\u00adcu\u00adtive \u00e0 la mort&nbsp;de<br>\nL\u00e9nine conju\u00adgu\u00e9s&nbsp;; devant le trots\u00adkisme, en&nbsp;1929,<br>\nrecom\u00admen\u00ad\u00e7ant l\u2019exp\u00e9rience d\u2019un par\u00adti politique<br>\nr\u00e9vo\u00adlu\u00adtion\u00adnaire&nbsp;; de la m\u00eame fa\u00e7on aujourd\u2019hui<br>\ndevant la Rus\u00adsie, devant les menaces de guerre\u2026<\/span><\/font><\/font><\/p>\n<p style=\"text-indent: 1.38cm; margin-bottom: 0cm;\" align=\"justify\"><font face=\"Garamond\"><font style=\"font-size: 13pt;\" size=\"3\"><span lang=\"fr-FR\">\u00ab&nbsp;Si<br>\nles Russes disaient&nbsp;: \u00ab&nbsp;Nous avons fait ce que nous avons pu.&nbsp;Ce<br>\nn\u2019est pas le socia\u00adlisme \u00e9vi\u00addem\u00adment&nbsp;\u00bb, nous&nbsp;les<br>\ncom\u00adpren\u00addrions. Nous ne les com\u00adpre\u00adnons pas quand ils veulent faire<br>\nprendre leur capi\u00adta\u00adlisme d\u2019Etat for\u00adce\u00adn\u00e9 pour du socialisme.<br>\nNous ne com\u00adpre\u00adnons pas davan\u00adtage ceux qui gro\u00adgnaient contre la<br>\nR\u00e9vo\u00adlu\u00adtion russe il y a quinze ans et qui b\u00e2illent<br>\nd\u2019admiration devant la Rus\u00adsie d\u2019aujourd\u2019hui, m\u00eame&nbsp;quand<br>\nils s\u2019appellent Romain Roland.<\/span><\/font><\/font><\/p>\n<p style=\"text-indent: 1.38cm; margin-bottom: 0cm;\" align=\"justify\"><font face=\"Garamond\"><font style=\"font-size: 13pt;\" size=\"3\"><span lang=\"fr-FR\">\u00ab&nbsp;Nous<br>\npr\u00e9\u00adf\u00e9\u00adrons Mar\u00adti\u00adnet. Il ne crie pas au triomphe quand<br>\nc\u2019est encore la d\u00e9faite. Il n\u2019accepte pas de s\u2019asseoir \u00e0<br>\nla table des puis\u00adsants pour chan\u00adter leur gloire. Il reste fid\u00e8le<br>\n\u00e0 ses <i>Temps mau\u00addits. <\/i>C\u2019est le meilleur moyen, et<br>\npeut-\u00eatre le seul, de pr\u00e9\u00adpa\u00adrer le triomphe v\u00e9ritable<br>\nde nos id\u00e9es et de notre classe.&nbsp;\u00bb<\/span><\/font><\/font><\/p>\n<p style=\"text-indent: 1.38cm; margin-bottom: 0cm;\" align=\"justify\" lang=\"fr-FR\">\n<font face=\"Garamond\"><font style=\"font-size: 13pt;\" size=\"3\"><i>Main\u00adte\u00adnant<br>\nces quelques lignes de Pau\u00adlette et Fritz Brupbacher&nbsp;:<\/i><\/font><\/font><\/p>\n<p style=\"text-indent: 1.38cm; margin-bottom: 0cm;\" align=\"justify\"><font face=\"Garamond\"><font style=\"font-size: 13pt;\" size=\"3\"><span lang=\"fr-FR\">\u00ab&nbsp;C\u2019est<br>\nau cours de ces der\u00adni\u00e8res d\u00e9cen\u00adnies et, de&nbsp;fa\u00e7on<br>\ntout \u00e0 fait inten\u00adsive, de ces dix der\u00adni\u00e8res ann\u00e9es,<br>\nque la mode s\u2019est \u00e9ta\u00adblie d\u2019admettre que nous avons&nbsp;le<br>\ndroit et m\u00eame le devoir de nous com\u00adpor\u00adter en&nbsp;b\u00eates<br>\nf\u00e9roces \u00e0 l\u2019\u00e9gard de tous ceux qui n\u2019ont&nbsp;pas<br>\nles m\u00eames opi\u00adnions que&nbsp;nous.<\/span><\/font><\/font><\/p>\n<p style=\"text-indent: 1.38cm; margin-bottom: 0cm;\" align=\"justify\"><font face=\"Garamond\"><font style=\"font-size: 13pt;\" size=\"3\"><span lang=\"fr-FR\">\u00ab&nbsp;Sous<br>\nla belle \u00e9ti\u00adquette de \u00ab&nbsp;morale de classe&nbsp;\u00bb, de&nbsp;part<br>\net d\u2019autre et avec le plus grand suc\u00adc\u00e8s, on a popularis\u00e9<br>\ncet axiome selon lequel, dans une lutte pour une id\u00e9e,&nbsp;la<br>\ncalom\u00adnie, le men\u00adsonge, le meurtre et l\u2019assassinat sont&nbsp;non<br>\nseule\u00adment choses per\u00admises, mais encore consti\u00adtuent de v\u00e9ritables<br>\nimp\u00e9ratifs.<\/span><\/font><\/font><\/p>\n<p style=\"text-indent: 1.38cm; margin-bottom: 0cm;\" align=\"justify\" lang=\"fr-FR\">\n<font face=\"Garamond\"><font style=\"font-size: 13pt;\" size=\"3\">\u00ab&nbsp;Le<br>\nban\u00addi\u00adtisme le plus \u00e9hon\u00adt\u00e9 nous fut pr\u00e9sent\u00e9<br>\ncomme une morale r\u00e9vo\u00adlu\u00adtion\u00adnaire par des gens parfaitement<br>\nhon\u00adn\u00eates et qui sont m\u00eame, \u00e0 bien des \u00e9gards,<br>\ndes r\u00e9vo\u00adlu\u00adtion\u00adnaires authentiques.<\/font><\/font><\/p>\n<p style=\"text-indent: 1.38cm; margin-bottom: 0cm;\" align=\"justify\"><font face=\"Garamond\"><font style=\"font-size: 13pt;\" size=\"3\"><span lang=\"fr-FR\">\u00ab&nbsp;C\u2019est<br>\ndans le natio\u00adnal-socia\u00adlisme que pareille morale fut por\u00adt\u00e9e&nbsp;\u00e0<br>\nson comble (mais presque autant dans le mou\u00adve\u00adment prol\u00e9tarien).<\/span><\/font><\/font><\/p>\n<p style=\"text-indent: 1.38cm; margin-bottom: 0cm;\" align=\"justify\"><font face=\"Garamond\"><font style=\"font-size: 13pt;\" size=\"3\"><span lang=\"fr-FR\">\u00ab&nbsp;Aujourd\u2019hui,<br>\ntout est m\u00fb par la haine, par le ressentiment.<\/span><\/font><\/font><\/p>\n<p style=\"text-indent: 1.38cm; margin-bottom: 0cm;\" align=\"justify\"><font face=\"Garamond\"><font style=\"font-size: 13pt;\" size=\"3\"><span lang=\"fr-FR\">\u00ab&nbsp;Et<br>\nla facul\u00adt\u00e9 de subir, de sen\u00adtir, soi aus\u00adsi, le sort des autres,<br>\npasse pour une mala\u00addie, pour une fai\u00adblesse qu\u2019on a honte&nbsp;\u00e0<br>\navouer.<\/span><\/font><\/font><\/p>\n<p style=\"text-indent: 1.38cm; margin-bottom: 0cm;\" align=\"justify\"><font face=\"Garamond\"><font style=\"font-size: 13pt;\" size=\"3\"><span lang=\"fr-FR\">\u00ab&nbsp;Mar\u00adcel<br>\nMar\u00adti\u00adnet n\u2019a pas honte de cette fai\u00adblesse\u2026 Il est le dernier<br>\npro\u00adph\u00e8te\u200a\u2014\u200aet peut-\u00eatre, en m\u00eame temps, le<br>\npre\u00admier\u200a\u2014\u200ade tout ce qui est vrai, bon et beau&nbsp;; le proph\u00e8te<br>\nde ces valeurs \u00e9ter\u00adnelles dont nous \u00e9tions si&nbsp;pr\u00e8s<br>\nde perdre le sens \u00e0 force de les entendre invo\u00adquer par trop&nbsp;de<br>\nmen\u00adteurs et d\u2019hypocrites.<\/span><\/font><\/font><\/p>\n<p style=\"text-indent: 1.38cm; margin-bottom: 0cm;\" align=\"justify\"><font face=\"Garamond\"><font style=\"font-size: 13pt;\" size=\"3\"><span lang=\"fr-FR\"><i>\u00ab&nbsp;M\u00e8re<br>\nNature, si tu n\u2019avais pas envoy\u00e9 de temps en temps de&nbsp;tels<br>\nhommes, sur la terre, le champ de la vie ne serait plus&nbsp;que<br>\ns\u00e9che\u00adresse&nbsp;\u00bb, <\/i>a dit un jour, de Dobro\u00adliou\u00adbov,&nbsp;le<br>\npo\u00e8te russe Nekrassov.<\/span><\/font><\/font><\/p>\n<p style=\"text-indent: 1.38cm; margin-bottom: 0cm;\" align=\"justify\" lang=\"fr-FR\">\n<font face=\"Garamond\"><font style=\"font-size: 13pt;\" size=\"3\">\u00ab&nbsp;Nous<br>\nle disons de Martinet.&nbsp;\u00bb<\/font><\/font><\/p>\n<p style=\"text-indent: 1.38cm; margin-bottom: 0cm;\" align=\"justify\"><font face=\"Garamond\"><font style=\"font-size: 13pt;\" size=\"3\"><span lang=\"fr-FR\"><i>Par\u00adlant,<br>\ntou\u00adjours dans ce m\u00eame num\u00e9\u00adro d\u2019hommage, des <\/i>Temps<br>\nmau\u00addits, <i>L. Eme\u00adry a su dire en quelques mots l\u2019essentiel&nbsp;:<\/i><\/span><\/font><\/font><\/p>\n<p style=\"text-indent: 1.38cm; margin-bottom: 0cm;\" align=\"justify\"><font face=\"Garamond\"><font style=\"font-size: 13pt;\" size=\"3\"><span lang=\"fr-FR\">\u00ab\u2026<br>\nIl est peu d\u2019\u0153uvres qui nous reportent avec plus d\u2019empire au<br>\ncontact m\u00eame du drame guer\u00adrier et du c\u0153ur qui en \u00e9prouve<br>\nl\u2019horreur infi\u00adnie. Nous n\u2019y \u00e9cou\u00adtons pas un chant, mais<br>\nles fris\u00adsons et presque les bal\u00adbu\u00adtie\u00adments d\u2019une voix. Nous sommes,<br>\navec Mar\u00adti\u00adnet, dans sa tem\u00adp\u00eate, et la res\u00adpi\u00adra\u00adtion coup\u00e9e<br>\npar sa d\u00e9mence. Voi\u00adl\u00e0 jus\u00adte\u00adment ce qui donne&nbsp;\u00e0<br>\nce livre une incom\u00adpa\u00adrable force&nbsp;: il enre\u00adgistre, il t\u00e9moigne,<br>\nil pro\u00adteste avec une can\u00addeur ter\u00adrible et navrante. Nous y \u00e9coutons<br>\nnos remords. Car il est vrai que nous avons plus ou moins&nbsp;v\u00e9cu<br>\ncela et que nous avons \u00e9t\u00e9 capables de<br>\nl\u2019intellectualiser, c\u2019est-\u00e0-dire de le sophis\u00adti\u00adquer et&nbsp;de<br>\nnous en rendre com\u00adplices. Les pres\u00adsantes, les fi\u00e9vreuses<br>\nques\u00adtions du po\u00e8te sont les cris m\u00eames des choses, le<br>\nrap\u00adpel \u00e0 l\u2019essentiel, \u00e0 l\u2019inadmissible, le jugement<br>\nhumain par excellence\u2026\u00bb<\/span><\/font><\/font><\/p>\n<p style=\"text-indent: 1.38cm; margin-bottom: 0cm;\" align=\"justify\"><font face=\"Garamond\"><font style=\"font-size: 13pt;\" size=\"3\"><span lang=\"fr-FR\"><i>Mais<br>\non ne d\u00e9fi\u00adni\u00adra jamais mieux que Le Maguet, dans son texte \u00ab&nbsp;Une<br>\nvoix de po\u00e8te&nbsp;\u00bb, qu\u2019il fau\u00addrait pou\u00advoir repro\u00adduire&nbsp;ici<br>\ntout entier, la v\u00e9ri\u00adt\u00e9 \u00e0 la fois sen\u00adsible&nbsp;et<br>\nhumaine de la po\u00e9\u00adsie de Mar\u00adti\u00adnet. Apr\u00e8s avoir \u00e9voqu\u00e9<br>\nl\u2019accueil enthou\u00adsiaste fait \u00e0 Gen\u00e8ve, en pleine<br>\nPre\u00admi\u00e8re Guerre mon\u00addiale, \u00e0 sa lec\u00adture \u00e0&nbsp;haute<br>\nvoix de quelques po\u00e8mes des <\/i>Temps mau\u00addits <i>devant un<br>\npetit groupe de copains, des ouvriers pour la plu\u00adpart \u00e9trangers<br>\net pour la plu\u00adpart aus\u00adsi en rup\u00adture de ban avec les autorit\u00e9s<br>\nmili\u00adtaires de leurs res\u00adpec\u00adtifs pays d\u2019origine, Le Maguet \u00e9crit&nbsp;:<\/i><\/span><\/font><\/font><\/p>\n<p style=\"text-indent: 1.38cm; margin-bottom: 0cm;\" align=\"justify\"><font face=\"Garamond\"><font style=\"font-size: 13pt;\" size=\"3\"><span lang=\"fr-FR\">\u00ab&nbsp;Vous<br>\npen\u00adsez si je fus content du suc\u00adc\u00e8s rem\u00adpor\u00adt\u00e9 par&nbsp;ma<br>\nlec\u00adture. Et sur\u00adtout qu\u2019elle ait pu faire na\u00eetre, chez&nbsp;nous,<br>\nouvriers, le sens d\u2019une po\u00e9\u00adsie qui nous&nbsp;\u00e9tait<br>\ndes\u00adti\u00adn\u00e9e. Ces beaux airs de trom\u00adbone \u00e0 la Ber\u00adlioz,&nbsp;tour<br>\n\u00e0 tour \u00e9cla\u00adtants ou pleins de ten\u00addresse, n\u2019\u00e9taient-ils<br>\npas faits pour nous&nbsp;? Par leur musique, comme par leur sen\u00adti\u00adment,&nbsp;les<br>\npo\u00e8mes de Mar\u00adti\u00adnet nous r\u00e9v\u00e9\u00adlaient une&nbsp;\u0153uvre<br>\npopu\u00adlaire authen\u00adtique et de bon aloi, qui remuait en nous quelque<br>\nchose de vrai. Art de juste et unique expres\u00adsion, art salubre qui<br>\nchas\u00adsait loin de lui ce faux art popu\u00adlaire, conven\u00adtion\u00adnel, mi\u00e8vre<br>\nou gran\u00addi\u00adlo\u00adquent, \u00e9c\u0153u\u00adrant de vul\u00adga\u00adri\u00adt\u00e9, cet art&nbsp;au<br>\nrabais soi-disant con\u00e7u pour le peuple et qui ne fait&nbsp;que<br>\ntra\u00adhir le m\u00e9pris qu\u2019on a du peuple. Art de valeur humaine,<br>\nde conscience sociale. Art libre, art lib\u00e9\u00adra\u00adteur.&nbsp;Art<br>\nlib\u00e9\u00adra\u00adteur, oui. Car <i>les Temps mau\u00addits <\/i>fai\u00adsaient vibrer<br>\naus\u00adsi en nous la fibre r\u00e9vo\u00adlu\u00adtion\u00adnaire. R\u00e9volutionnaires<br>\nils ne l\u2019\u00e9taient pas seule\u00adment par leur concep\u00adtion,&nbsp;ils<br>\nl\u2019\u00e9taient sur\u00adtout par une nou\u00advelle sensibilit\u00e9<br>\npo\u00e9\u00adtique. Nos d\u00e9ses\u00adpoirs, nos col\u00e8res, nos<br>\nangoisses et nos \u00e9mo\u00adtions d\u2019homme social, notre amour du&nbsp;bon<br>\ncom\u00adbat, notre confiance quand m\u00eame, notre foi dans&nbsp;le<br>\nrel\u00e8\u00adve\u00adment de la condi\u00adtion humaine, notre espoir d\u2019une<br>\nsoci\u00e9\u00adt\u00e9 juste, d\u2019une huma\u00adni\u00adt\u00e9 pacifi\u00e9e,<br>\nn\u2019ont trou\u00adv\u00e9 qu\u2019un seul chan\u00adteur, et c\u2019est Marcel<br>\nMartinet.&nbsp;\u00bb<\/span><\/font><\/font><\/p>\n","protected":false},"excerpt":{"rendered":"<p>Les plus jeunes de nos lec\u00adteurs se doutent-ils de tout ce que pour&nbsp;leurs a\u00een\u00e9s signi\u00adfie ce nom&nbsp;? Qui sait, peut-\u00eatre nous sera-t-il don\u00adn\u00e9 un jour de consa\u00adcrer \u00e0 Mar\u00adcel Mar\u00adti\u00adnet l\u2019un de ces cahiers. Ce ne serait pas seule\u00adment une de nos&nbsp;plus belles joies, mais encore, mais sur\u00adtout l\u2019une de nos meilleures jus\u00adti\u00adfi\u00adca\u00adtions. D\u2019ici-l\u00e0, puisque,&nbsp;[\u2026]<\/p>\n","protected":false},"author":1,"featured_media":0,"comment_status":"closed","ping_status":"closed","sticky":false,"template":"","format":"standard","meta":{"wp_typography_post_enhancements_disabled":false,"footnotes":""},"categories":[129],"tags":[],"ppma_author":[540],"class_list":["post-1138","post","type-post","status-publish","format-standard","hentry","category-temoins-n20-printemps-1958"],"authors":[{"term_id":540,"user_id":1,"is_guest":0,"slug":"admin_3gikpwyf","display_name":"Vincent Dubuc","avatar_url":"https:\/\/secure.gravatar.com\/avatar\/d015720652c25fd2ced191ade86430094e1f288a17483713e3b34d26dea52507?s=96&d=mm&r=g","author_category":"","user_url":"https:\/\/la-presse-anarchiste.net","last_name":"Dubuc","first_name":"Vincent","job_title":"","description":""}],"_links":{"self":[{"href":"https:\/\/la-presse-anarchiste.net\/index.php\/wp-json\/wp\/v2\/posts\/1138","targetHints":{"allow":["GET"]}}],"collection":[{"href":"https:\/\/la-presse-anarchiste.net\/index.php\/wp-json\/wp\/v2\/posts"}],"about":[{"href":"https:\/\/la-presse-anarchiste.net\/index.php\/wp-json\/wp\/v2\/types\/post"}],"author":[{"embeddable":true,"href":"https:\/\/la-presse-anarchiste.net\/index.php\/wp-json\/wp\/v2\/users\/1"}],"replies":[{"embeddable":true,"href":"https:\/\/la-presse-anarchiste.net\/index.php\/wp-json\/wp\/v2\/comments?post=1138"}],"version-history":[{"count":0,"href":"https:\/\/la-presse-anarchiste.net\/index.php\/wp-json\/wp\/v2\/posts\/1138\/revisions"}],"wp:attachment":[{"href":"https:\/\/la-presse-anarchiste.net\/index.php\/wp-json\/wp\/v2\/media?parent=1138"}],"wp:term":[{"taxonomy":"category","embeddable":true,"href":"https:\/\/la-presse-anarchiste.net\/index.php\/wp-json\/wp\/v2\/categories?post=1138"},{"taxonomy":"post_tag","embeddable":true,"href":"https:\/\/la-presse-anarchiste.net\/index.php\/wp-json\/wp\/v2\/tags?post=1138"},{"taxonomy":"author","embeddable":true,"href":"https:\/\/la-presse-anarchiste.net\/index.php\/wp-json\/wp\/v2\/ppma_author?post=1138"}],"curies":[{"name":"wp","href":"https:\/\/api.w.org\/{rel}","templated":true}]}}