{"id":1143,"date":"2007-12-15T22:20:26","date_gmt":"2007-12-15T22:20:26","guid":{"rendered":"https:\/\/la-presse-anarchiste.net\/index.php\/2007\/12\/15\/poemes-de-claude-le-maguet\/"},"modified":"2007-12-15T22:20:26","modified_gmt":"2007-12-15T22:20:26","slug":"poemes-de-claude-le-maguet","status":"publish","type":"post","link":"https:\/\/la-presse-anarchiste.net\/index.php\/2007\/12\/15\/poemes-de-claude-le-maguet\/","title":{"rendered":"Po\u00e8mes de Claude Le Maguet"},"content":{"rendered":"<div class=\"pdfprnt-buttons pdfprnt-buttons-post pdfprnt-top-right\"><a href=\"https:\/\/la-presse-anarchiste.net\/index.php\/wp-json\/wp\/v2\/posts\/1143?print=pdf\" class=\"pdfprnt-button pdfprnt-button-pdf\" target=\"_blank\"><img decoding=\"async\" src=\"https:\/\/la-presse-anarchiste.net\/wp-content\/plugins\/pdf-print\/images\/pdf.png\" alt=\"image_pdf\" title=\"Afficher le PDF\"><\/a><a href=\"https:\/\/la-presse-anarchiste.net\/index.php\/wp-json\/wp\/v2\/posts\/1143?print=print\" class=\"pdfprnt-button pdfprnt-button-print\" target=\"_blank\"><img decoding=\"async\" src=\"https:\/\/la-presse-anarchiste.net\/wp-content\/plugins\/pdf-print\/images\/print.png\" alt=\"image_print\" title=\"Contenu imprim\u00e9\"><\/a><\/div><p><strong>Le sang des matins<\/strong><\/p>\n<poesie>Fati\u00adgu\u00e9 du labeur, tout le sang \u00e0 la&nbsp;t\u00eate<br>\nDes crimes annon\u00adc\u00e9s \u00e0 la une en manchette<br>\nEt dont le pourpre \u00e9tait pro\u00admesse aux tribunaux,<br>\nJe m\u2019en reve\u00adnais lourd du plomb de cent journaux,<br>\nPar le matin noc\u00adturne. Ah&nbsp;! je revois encore<br>\nLes b\u0153ufs qu\u2019on emme\u00adnait mou\u00adrir avant l\u2019aurore,<br>\nEton\u00adn\u00e9s des mai\u00adsons, intri\u00adgu\u00e9s de leurs&nbsp;pas<br>\nQui ne s\u2019entendaient plus sur le pav\u00e9 de&nbsp;bois.<br>\nEn doute de leur sort, ils che\u00admi\u00adnaient sans plainte<br>\nDans le noir de la ville, \u00e9trange labyrinthe,<br>\nCes par\u00adtants pour la mort avec le m\u00eame&nbsp;ennui<br>\nQue si vers les labours on les avait conduits.<br>\nMais la rue une rue enfin sans noctambules,<br>\nSans chiens ni bruits r\u00f4deurs, libre de v\u00e9hicules,<br>\nN\u2019\u00e9tait plus que la voie aus\u00adt\u00e8re du malheur\u2026<br>\nTou\u00adjours les condam\u00adn\u00e9s sont riv\u00e9s \u00e0 mon&nbsp;c\u0153ur,<br>\nEt je son\u00adgeais pas\u00adsant pr\u00e8s du P\u00e8re-Lachaise<br>\nAux vain\u00adcus mis au Mur puis en tas dans la glaise\u2026<br>\nC\u2019\u00e9tait l\u2019heure o\u00f9 Dei\u00adbler, en habit des grands jours,<br>\nS\u2019appr\u00eatait \u00e0 ver\u00adser le rouge au vieux faubourg.<br>\nOn n\u2019en peut plus d\u2019\u00eatre homme\u2026 Ah&nbsp;! que sait-on du&nbsp;monde&nbsp;?<br>\nAllons plu\u00adt\u00f4t dor\u00admir, plon\u00adger en eau profonde.<\/poesie>\n<p><strong>Chan\u00adson pour la&nbsp;pente<\/strong><\/p>\n<poesie>M\u00e9nil\u00admon\u00adtant, la belle&nbsp;c\u00f4te<br>\nA grim\u00adper quand on a vingt&nbsp;ans&nbsp;!<br>\nDe mon \u00e2ge il fau\u00addrait qu\u2019on m\u2019\u00f4te,<br>\nAub\u00e9\u00adpine de mon printemps.\n<p>Rien que pour le bruit d\u2019une enclume,<br>\nSoit remon\u00adt\u00e9 tout le&nbsp;pass\u00e9&nbsp;!<br>\nPetite zone sans bitume,<br>\nVoi\u00adci le che\u00admin rebrouss\u00e9.<\/p>\n<p>Robe de chambre et barbe blanche,<br>\nLe vieux sage je crois revoir,<br>\nQui d\u00e9cou\u00adpait en fra\u00eeches tranches<br>\nLa bonne miche du savoir.<\/p>\n<p>Toi qui chan\u00adtais \u00e0 rouge&nbsp;gorge,<br>\n\u00d4 ber\u00adg\u00e8re anar du faubourg,<br>\nDes cou\u00adplets pas\u00ads\u00e9s \u00e0 la&nbsp;forge,<br>\nQue dirais-tu de ce retour&nbsp;?<\/p><\/poesie>\n<p>Claude Le Maguet<\/p>\n","protected":false},"excerpt":{"rendered":"<p>Le sang des matins Fati\u00adgu\u00e9 du labeur, tout le sang \u00e0 la&nbsp;t\u00eate Des crimes annon\u00adc\u00e9s \u00e0 la une en man\u00adchette Et dont le pourpre \u00e9tait pro\u00admesse aux tri\u00adbu\u00adnaux, Je m\u2019en reve\u00adnais lourd du plomb de cent jour\u00adnaux, Par le matin noc\u00adturne. Ah&nbsp;! je revois encore Les b\u0153ufs qu\u2019on emme\u00adnait mou\u00adrir avant l\u2019aurore, Eton\u00adn\u00e9s des maisons,&nbsp;[\u2026]<\/p>\n","protected":false},"author":1,"featured_media":0,"comment_status":"closed","ping_status":"closed","sticky":false,"template":"","format":"standard","meta":{"wp_typography_post_enhancements_disabled":false,"footnotes":""},"categories":[129],"tags":[],"ppma_author":[540],"class_list":["post-1143","post","type-post","status-publish","format-standard","hentry","category-temoins-n20-printemps-1958"],"authors":[{"term_id":540,"user_id":1,"is_guest":0,"slug":"admin_3gikpwyf","display_name":"Vincent Dubuc","avatar_url":"https:\/\/secure.gravatar.com\/avatar\/d015720652c25fd2ced191ade86430094e1f288a17483713e3b34d26dea52507?s=96&d=mm&r=g","author_category":"","user_url":"https:\/\/la-presse-anarchiste.net","last_name":"Dubuc","first_name":"Vincent","job_title":"","description":""}],"_links":{"self":[{"href":"https:\/\/la-presse-anarchiste.net\/index.php\/wp-json\/wp\/v2\/posts\/1143","targetHints":{"allow":["GET"]}}],"collection":[{"href":"https:\/\/la-presse-anarchiste.net\/index.php\/wp-json\/wp\/v2\/posts"}],"about":[{"href":"https:\/\/la-presse-anarchiste.net\/index.php\/wp-json\/wp\/v2\/types\/post"}],"author":[{"embeddable":true,"href":"https:\/\/la-presse-anarchiste.net\/index.php\/wp-json\/wp\/v2\/users\/1"}],"replies":[{"embeddable":true,"href":"https:\/\/la-presse-anarchiste.net\/index.php\/wp-json\/wp\/v2\/comments?post=1143"}],"version-history":[{"count":0,"href":"https:\/\/la-presse-anarchiste.net\/index.php\/wp-json\/wp\/v2\/posts\/1143\/revisions"}],"wp:attachment":[{"href":"https:\/\/la-presse-anarchiste.net\/index.php\/wp-json\/wp\/v2\/media?parent=1143"}],"wp:term":[{"taxonomy":"category","embeddable":true,"href":"https:\/\/la-presse-anarchiste.net\/index.php\/wp-json\/wp\/v2\/categories?post=1143"},{"taxonomy":"post_tag","embeddable":true,"href":"https:\/\/la-presse-anarchiste.net\/index.php\/wp-json\/wp\/v2\/tags?post=1143"},{"taxonomy":"author","embeddable":true,"href":"https:\/\/la-presse-anarchiste.net\/index.php\/wp-json\/wp\/v2\/ppma_author?post=1143"}],"curies":[{"name":"wp","href":"https:\/\/api.w.org\/{rel}","templated":true}]}}