{"id":1163,"date":"2008-01-18T22:35:30","date_gmt":"2008-01-18T22:35:30","guid":{"rendered":"https:\/\/la-presse-anarchiste.net\/index.php\/2008\/01\/18\/notules-5\/"},"modified":"2008-01-18T22:35:30","modified_gmt":"2008-01-18T22:35:30","slug":"notules-5","status":"publish","type":"post","link":"https:\/\/la-presse-anarchiste.net\/index.php\/2008\/01\/18\/notules-5\/","title":{"rendered":"Notules"},"content":{"rendered":"<div class=\"pdfprnt-buttons pdfprnt-buttons-post pdfprnt-top-right\"><a href=\"https:\/\/la-presse-anarchiste.net\/index.php\/wp-json\/wp\/v2\/posts\/1163?print=pdf\" class=\"pdfprnt-button pdfprnt-button-pdf\" target=\"_blank\"><img decoding=\"async\" src=\"https:\/\/la-presse-anarchiste.net\/wp-content\/plugins\/pdf-print\/images\/pdf.png\" alt=\"image_pdf\" title=\"Afficher le PDF\"><\/a><a href=\"https:\/\/la-presse-anarchiste.net\/index.php\/wp-json\/wp\/v2\/posts\/1163?print=print\" class=\"pdfprnt-button pdfprnt-button-print\" target=\"_blank\"><img decoding=\"async\" src=\"https:\/\/la-presse-anarchiste.net\/wp-content\/plugins\/pdf-print\/images\/print.png\" alt=\"image_print\" title=\"Contenu imprim\u00e9\"><\/a><\/div><p style=\"text-indent: 1.52cm; margin-bottom: 0cm;\" align=\"justify\"><font face=\"Garamond, serif\"><font style=\"font-size: 13pt;\" size=\"3\"><span lang=\"fr-FR\">Le<br>\nbref volume de Ber\u00adnard Win\u00adter, <i>Ber\u00adlin, enjeu et symbole<br>\n<\/i>(Cal\u00adman-L\u00e9vy) a le grand m\u00e9rite de rendre pr\u00e9sent<br>\n\u00e0 l\u2019esprit du lec\u00adteur occi\u00adden\u00adtal, qui n\u2019est que&nbsp;trop<br>\nsou\u00advent enclin \u00e0 l\u2019oublier, tout ce que signi\u00adfie la grande<br>\nm\u00e9tro\u00adpole, non seule\u00adment pour nous autres gens de l\u2019Ouest<br>\nmais pour les esclaves du tota\u00adli\u00adta\u00adrisme orien\u00adtal, \u00e0 qui&nbsp;sa<br>\nseule exis\u00adtence encore par\u00adtiel\u00adle\u00adment libre apporte la preuve<br>\nper\u00adma\u00adnente que, mal\u00adgr\u00e9 son nom, le tota\u00adli\u00adta\u00adrisme n\u2019est&nbsp;pas<br>\ntout dans le monde. L\u2019historique du \u00ab&nbsp;pont a\u00e9rien&nbsp;\u00bb<br>\nqui sau\u00adva Ber\u00adlin lors de la pre\u00admi\u00e8re crise, celle du blocus,<br>\nsuf\u00adfi\u00adrait \u00e0 lui seul \u00e0 d\u00e9mon\u00adtrer que rien&nbsp;ne<br>\npaye mieux et n\u2019est plus \u00ab&nbsp;r\u00e9a\u00adliste&nbsp;\u00bb que&nbsp;le<br>\nrefus de c\u00e9der au chan\u00adtage d\u2019une dic\u00adta\u00adture (hit\u00adl\u00e9\u00adrienne<br>\nhier, n\u00e9os\u00adta\u00adli\u00adnienne aujourd\u2019hui).<\/span><\/font><\/font><\/p>\n<p style=\"margin-bottom: 0cm;\" align=\"center\" lang=\"fr-FR\"><font face=\"Garamond, serif\"><font style=\"font-size: 13pt;\" size=\"3\"><b>*<br>\n  *   *   *<\/b><\/font><\/font><\/p>\n<p style=\"text-indent: 1.52cm; margin-bottom: 0cm;\" align=\"justify\" lang=\"fr-FR\">\n<font face=\"Garamond, serif\"><font style=\"font-size: 13pt;\" size=\"3\">L\u2019abondance<br>\ndes romans, des recueils lyriques, des pi\u00e8ces de th\u00e9\u00e2tre<br>\nn\u2019emp\u00eache pas, et peut-\u00eatre explique, la raret\u00e9<br>\ndes \u0153uvres authen\u00adtiques, qu\u2019il est presque deve\u00adnu un lieu commun<br>\nde consta\u00adter dans tous nos vieux pays depuis la guerre. Dans&nbsp;une<br>\np\u00e9riode de plus de six mois de lec\u00adtures les&nbsp;plus<br>\nconscien\u00adcieuses et les plus vari\u00e9es, il ne m\u2019est arriv\u00e9<br>\nque deux fois\u200a\u2014\u200aje regrette de le confes\u00adser \u200a\u2014\u200ade pou\u00advoir me dire&nbsp;: voi\u00adci quelque chose qui vrai\u00adment existe. La pre\u00admi\u00e8re fois&nbsp;\u00e0<br>\npro\u00adpos du der\u00adnier r\u00e9cit de Fran\u00ad\u00e7oise Sagan, <i>Aimez-vous<\/i><br>\n<i>Brahms&nbsp;? <\/i>(Jul\u00adliard), qui, soit dit en d\u00e9pit du battage<br>\nfait autour de cette jeune femme si \u00e9vi\u00addem\u00adment&nbsp;dou\u00e9e,<br>\nm\u2019a confir\u00adm\u00e9 dans le sen\u00adti\u00adment que j\u2019avais tou\u00adjours&nbsp;\u00e0<br>\nson \u00e9gard depuis que l\u2019on parle (beau\u00adcoup trop) d\u2019elle et<br>\nqui fai\u00adsait que j\u2019avais tou\u00adjours refu\u00ads\u00e9 de d\u00e9sesp\u00e9rer<br>\nde son cas&nbsp;; \u00e0 mon humble avis, ce petit livre a des chances<br>\nde res\u00adter comme l\u2019exemple d\u2019un chef\u2011d\u2019\u0153uvre \u00e0&nbsp;tous<br>\n\u00e9gards.\u200a\u2014\u200aMais le deuxi\u00e8me cas heu\u00adreux d\u00e9passe<br>\nde haut l\u2019\u0153uvrette de Fran\u00ad\u00e7oise Sagan. Je veux par\u00adler&nbsp;du<br>\ngrand et beau livre ita\u00adlien (h\u00e9las post\u00adhume) <i>Il Gat\u00adto\u00adpar\u00addo<br>\n<\/i>(Le Gu\u00e9\u00adpard) (Fel\u00adtri\u00adnel\u00adli), du prince Giu\u00adseppe Toma\u00adsi&nbsp;di<br>\nLam\u00adpe\u00addu\u00adsa. Il sera temps d\u2019y reve\u00adnir lorsque l\u2019ouvrage, dont&nbsp;la<br>\ntra\u00adduc\u00adtion est annon\u00adc\u00e9e, aura paru en fran\u00ad\u00e7ais. Qu\u2019il<br>\nnous suf\u00adfise pour le moment de signa\u00adler que cette magis\u00adtrale cr\u00e9ation<br>\nn\u2019est pas seule\u00adment une vaste \u00e9vo\u00adca\u00adtion de la Sicile la&nbsp;plus<br>\nsecr\u00e8te et un admi\u00adrable roman, mais encore\u200a\u2014\u200apeut-\u00eatre<br>\njus\u00adte\u00adment (n\u2019en d\u00e9plaise aux tenants actuels de l\u2019antiroman)<br>\nparce que c\u2019est un roman v\u00e9ri\u00adtable\u200a\u2014\u200aune r\u00e9us\u00adsite&nbsp;\u00e0<br>\npro\u00adpos de laquelle on risque bien peu de se trom\u00adper en osant affirmer<br>\nqu\u2019elle devra \u00eatre comp\u00adt\u00e9e au nombre des \u0153uvres<br>\nessen\u00adtielles de la lit\u00adt\u00e9\u00adra\u00adture euro\u00adp\u00e9enne en g\u00e9n\u00e9ral.<\/font><\/font><\/p>\n<p style=\"margin-bottom: 0cm;\" align=\"center\" lang=\"fr-FR\"><font face=\"Garamond, serif\"><font style=\"font-size: 13pt;\" size=\"3\"><b>*<br>\n  *   *   *<\/b><\/font><\/font><\/p>\n<p style=\"text-indent: 1.52cm; margin-bottom: 0cm;\" align=\"justify\"><font face=\"Garamond, serif\"><font style=\"font-size: 13pt;\" size=\"3\"><span lang=\"fr-FR\">Le<br>\npetit nombre des \u0153uvres cr\u00e9\u00e9es authen\u00adtiques est<br>\npar\u00adtiel\u00adle\u00adment com\u00adpen\u00ads\u00e9 par la richesse de ce que l\u2019on<br>\nappel\u00adle\u00adra la lit\u00adt\u00e9\u00adra\u00adture r\u00e9tros\u00adpec\u00adtive (ain\u00adsi les&nbsp;gens<br>\nqui vont se noyer \u00e9voquent-ils, dit-on, leur enfance et&nbsp;le<br>\nd\u00e9rou\u00adle\u00adment de toute leur vie), et qui nous assaille de toutes<br>\nparts sous forme de jour\u00adnaux intimes.<\/span><\/font><\/font><\/p>\n<p style=\"text-indent: 1.52cm; margin-bottom: 0cm;\" align=\"justify\"><font face=\"Garamond, serif\"><font style=\"font-size: 13pt;\" size=\"3\"><span lang=\"fr-FR\">Plus<br>\nhaut, Georges Belle a d\u00e9j\u00e0 ren\u00addu compte du dernier<br>\nvolume du <i>Jour\u00adnal<\/i> de Julien Green.\u200a\u2014\u200aPar\u00admi les publications<br>\nde ce genre il convient de men\u00adtion\u00adner en pre\u00admier lieu le tome I&nbsp;du<br>\n<i>Jour\u00adnal<\/i> de Miche\u00adlet (Gal\u00adli\u00admard). D\u2019abord en rai\u00adson&nbsp;de<br>\nl\u2019importance majeure de l\u2019auteur. Mais aus\u00adsi parce que nombre des<br>\nr\u00e9flexions que l\u2019ouvrage a sus\u00adci\u00adt\u00e9es sont un test&nbsp;de<br>\nl\u2019\u00e9tat des esprits \u00e0 l\u2019heure actuelle. Nos Fran\u00e7ais<br>\nsont tou\u00adjours si enchan\u00adt\u00e9s de pou\u00advoir s\u2019admirer dans une&nbsp;de<br>\nleurs gloires recon\u00adnues qu\u2019ils en viennent bien vite&nbsp;\u00e0<br>\nperdre leur soi-disant ind\u00e9\u00adfec\u00adtible jugeotte. Si grande que<br>\nsoit, en ce qui me concerne, ma recon\u00adnais\u00adsance envers Michelet<br>\nhis\u00adto\u00adrien, je n\u2019en crois pas moins regret\u00adtable l\u2019admiration en<br>\nbloc dont en l\u2019occurrence ont fait preuve la presque totalit\u00e9<br>\ndes cri\u00adtiques. Quand on se reporte par exemple \u00e0 tel passage<br>\no\u00f9 ce g\u00e9n\u00e9\u00adreux po\u00e8te emp\u00eatr\u00e9<br>\nde mys\u00adtique expose que la nation, d\u00e9sor\u00admais, doit nous&nbsp;tenir<br>\nlieu de la foi en Dieu, on ne peut s\u2019emp\u00eacher de pen\u00adser qu\u2019il<br>\nest, pour une grande part, \u00e0 l\u2019origine de cer\u00adtaines id\u00e9es<br>\net poli\u00adtique de \u00ab&nbsp;gran\u00addeur&nbsp;\u00bb au jour d\u2019aujourd\u2019hui<br>\npar\u00adti\u00adcu\u00adli\u00e8\u00adre\u00adment viru\u00adlentes et que, s\u2019il est assur\u00e9ment<br>\n\u00e9qui\u00adtable de rendre \u00e0 un \u00e9cri\u00advain de ce&nbsp;rang<br>\nl\u2019hommage qui lui est d\u00fb, l\u2019\u00abhygi\u00e8ne des<br>\nlettres&nbsp;\u00bb, pour reprendre la for\u00admule d\u2019Etiemble, exigerait,<br>\nici plus encore qu\u2019ailleurs, de distinguer.<\/span><\/font><\/font><\/p>\n<p style=\"margin-bottom: 0cm;\" align=\"center\" lang=\"fr-FR\"><font face=\"Garamond, serif\"><font style=\"font-size: 13pt;\" size=\"3\"><b>*<br>\n  *   *   *<\/b><\/font><\/font><\/p>\n<p style=\"text-indent: 1.52cm; margin-bottom: 0cm;\" align=\"justify\"><font face=\"Garamond, serif\"><font style=\"font-size: 13pt;\" size=\"3\"><span lang=\"fr-FR\">La<br>\nr\u00e9\u00e9di\u00adtion du <i>Jour\u00adnal <\/i>de L\u00e9on&nbsp;Bloy<br>\n(Mer\u00adcure de France) n\u2019est pas sans ins\u00adpi\u00adrer des r\u00e9flexions<br>\nqui rejoignent les pr\u00e9\u00adc\u00e9\u00addentes. Mais ici,&nbsp;le<br>\nnatio\u00adna\u00adlisme, encore na\u00eff chez Miche\u00adlet, atteint une&nbsp;forme<br>\nexa\u00adcer\u00adb\u00e9e qui, jointe \u00e0 un catho\u00adli\u00adcisme effr\u00e9n\u00e9ment<br>\ncl\u00e9\u00adri\u00adcal, pr\u00e9\u00adfi\u00adgure les aber\u00adra\u00adtions convulsionnaires<br>\nque l\u2019histoire des der\u00adni\u00e8res d\u00e9cen\u00adnies nous&nbsp;a<br>\nhabi\u00adtu\u00e9s \u00e0 d\u00e9fi\u00adnir sous le vocable de fascisme.<br>\nReste le style, si pres\u00adti\u00adgieux que l\u2019on a presque tou\u00adjours envie&nbsp;de<br>\ndire de Bloy, avec Silone&nbsp;: peu importe au fond ce qu\u2019il dit,&nbsp;tant<br>\nla mani\u00e8re dont il le dit est \u00e9clatante.<\/span><\/font><\/font><\/p>\n<p style=\"margin-bottom: 0cm;\" align=\"center\" lang=\"fr-FR\"><font face=\"Garamond, serif\"><font style=\"font-size: 13pt;\" size=\"3\"><b>*<br>\n  *   *   *<\/b><\/font><\/font><\/p>\n<p style=\"text-indent: 1.52cm; margin-bottom: 0cm;\" align=\"justify\"><font face=\"Garamond, serif\"><font style=\"font-size: 13pt;\" size=\"3\"><span lang=\"fr-FR\">Dou\u00adble\u00adment<br>\nr\u00e9tros\u00adpec\u00adtif, en ce sens que le volume est, je le&nbsp;crois,<br>\n\u00e9pui\u00ads\u00e9, <i>D\u00e9po\u00adsi\u00adtion, <\/i>de L\u00e9on&nbsp;Werth<br>\n(Gras\u00adset), consti\u00adtue un irrem\u00adpla\u00ad\u00e7able t\u00e9moi\u00adgnage&nbsp;sur<br>\nles ann\u00e9es de l\u2019Occupation et de la R\u00e9sistance.<br>\nR\u00e9fu\u00adgi\u00e9 quelque part dans le Jura, le prestigieux<br>\nessayiste et l\u2019homme infi\u00adni\u00adment hon\u00adn\u00eate que fut&nbsp;L\u00e9on<br>\nWerth y retrace au jour le jour les r\u00e9ac\u00adtions empreintes du<br>\ndoute du meilleur aloi et aus\u00adsi de jobar\u00addise qui furent celles de<br>\ntant d\u2019intellectuels de bonne foi pen\u00addant les ann\u00e9es noires.<br>\nGrand livre \u00e0 m\u00e9di\u00adter, et \u00e0 refu\u00adser&nbsp;tout<br>\nensemble.<\/span><\/font><\/font><\/p>\n<p style=\"margin-bottom: 0cm;\" align=\"center\" lang=\"fr-FR\"><font face=\"Garamond, serif\"><font style=\"font-size: 13pt;\" size=\"3\"><b>*<br>\n  *   *   *<\/b><\/font><\/font><\/p>\n<p style=\"text-indent: 1.52cm; margin-bottom: 0cm;\" align=\"justify\"><font face=\"Garamond, serif\"><font style=\"font-size: 13pt;\" size=\"3\"><span lang=\"fr-FR\">Par<br>\nla sin\u00adc\u00e9\u00adri\u00adt\u00e9 de son \u00ab&nbsp;enga\u00adge\u00adment&nbsp;\u00bb par&nbsp;la<br>\nver\u00addeur de ses pol\u00e9\u00admiques, par son sou\u00adci de res\u00adter, en&nbsp;d\u00e9pit<br>\ndes entra\u00ee\u00adne\u00adments de la plume, juste et \u00e9quitable,<br>\nFran\u00ad\u00e7ois Mau\u00adriac jour\u00adna\u00adliste ne cesse d\u2019\u00e9tonner,<br>\nd\u2019arracher l\u2019admiration. Ses <i>M\u00e9moires int\u00e9\u00adrieurs<br>\n<\/i>(Flam\u00adma\u00adrion), o\u00f9 se retrouvent des textes r\u00e9dig\u00e9s,<br>\npar contre, avec le sou\u00adci de ne pas mettre les pieds dans le&nbsp;plat,<br>\npour le \u00ab&nbsp;Figa\u00adro lit\u00adt\u00e9\u00adraire&nbsp;\u00bb, ne nous donnent<br>\nmal\u00adheu\u00adreu\u00adse\u00adment, excep\u00adtion faite, par exemple, des pages sur&nbsp;Gide,<br>\nque l\u2019image la plus aca\u00add\u00e9\u00admique du vieil et si&nbsp;jeune<br>\n\u00e9cri\u00advain. On lira plus avan\u00adta\u00adgeu\u00adse\u00adment, sans&nbsp;\u00eatre<br>\nfor\u00adc\u00e9\u00adment d\u2019accord, ses articles de l\u2019\u00abExpress&nbsp;\u00bb.<\/span><\/font><\/font><\/p>\n<p style=\"margin-bottom: 0cm;\" align=\"center\" lang=\"fr-FR\"><font face=\"Garamond, serif\"><font style=\"font-size: 13pt;\" size=\"3\"><b>*<br>\n  *   *   *<\/b><\/font><\/font><\/p>\n<p style=\"text-indent: 1.52cm; margin-bottom: 0cm;\" align=\"justify\"><font face=\"Garamond, serif\"><font style=\"font-size: 13pt;\" size=\"3\"><span lang=\"fr-FR\">Les<br>\ndeux livres que je tiens encore \u00e0 signa\u00adler ne sont pas au&nbsp;sens<br>\npropre des jour\u00adnaux intimes, au moins dans la mesure des pr\u00e9c\u00e9dents.<br>\nTou\u00adte\u00adfois <i>la Somme et le reste <\/i>d\u2019Henri Lefebvre (La Nef&nbsp;de<br>\nParis \u00e9di\u00adtions) s\u2019en rap\u00adproche consi\u00add\u00e9\u00adra\u00adble\u00adment,&nbsp;ce<br>\nphi\u00adlo\u00adsophe si long\u00adtemps mar\u00adxiste ortho\u00addoxe nous envoyant par&nbsp;la<br>\nfigure, dans les deux gros volumes qui forment cet ouvrage, toute&nbsp;la<br>\nsuc\u00adces\u00adsion, \u00e0 peu pr\u00e8s chro\u00adno\u00adlo\u00adgi\u00adque\u00adment expos\u00e9e<br>\n(voire en vers), des \u00e9tapes de sa pen\u00ads\u00e9e et de sa&nbsp;vie<br>\nde mili\u00adtant plus docile que nature. Jour\u00adnal, avant tout, d\u2019un<br>\nphi\u00adlo\u00adsophe, mais, ose\u00adrons-nous dire en d\u00e9pit du respect<br>\nage\u00adnouill\u00e9 avec lequel M.&nbsp;Mau\u00adrice Blan\u00adchot nous en&nbsp;a<br>\nentre\u00adte\u00adnus dans la <i>NRF, <\/i>d\u2019un phi\u00adlo\u00adsophe assez d\u00e9pourvu<br>\nde phi\u00adlo\u00adso\u00adphie. L\u2019homme\u200a\u2014\u200aet sa rup\u00adture (enfin!) avec l\u2019appareil<br>\ncom\u00admu\u00adniste ne fait que le confir\u00admer\u200a\u2014\u200aest infi\u00adni\u00adment sympathique.<br>\nMais com\u00adment ne pas regret\u00adter que tant d\u2019intelligence, mal gu\u00e9rie<br>\nde la v\u00e9role h\u00e9g\u00e9\u00adlienne, abou\u00adtisse&nbsp;\u00e0<br>\nren\u00advoyer dos \u00e0 dos, dans les deux canu\u00adlars de la fin,&nbsp;la<br>\nRus\u00adsie de Khroucht\u00adchev et le puri\u00adta\u00adnisme, aus\u00adsi na\u00eff qu\u2019on<br>\nvou\u00addra mais sans lequel nous n\u2019existerions plus, de la d\u00e9mocratie<br>\nam\u00e9\u00adri\u00adcaine&nbsp;?\u200a\u2014\u200aD\u2019un \u00ab&nbsp;r\u00e9visionnisme&nbsp;\u00bb,<br>\nmoins pro\u00adfond peut-\u00eatre mais autre\u00adment vert\u00e9br\u00e9,<br>\nt\u00e9moigne le livre d\u2019Edgar Morin inti\u00adtu\u00adl\u00e9 <i>Auto\u00adcri\u00adtique<br>\n<\/i>(Jul\u00adliard). Ana\u00adlyse de la d\u00e9sta\u00adli\u00adni\u00adsa\u00adtion pro\u00adgres\u00adsive d\u2019un<br>\njeune intel\u00adlec\u00adtuel \u00e0 l\u2019origine li\u00e9 au \u00ab&nbsp;parti&nbsp;\u00bb<br>\npar les imp\u00e9\u00adra\u00adtifs plus ou moins bien com\u00adpris de&nbsp;la<br>\nR\u00e9sis\u00adtance. Il est seule\u00adment dom\u00admage que le directeur<br>\n<i>d\u2019Arguments, <\/i>pour\u00adtant si avi\u00ads\u00e9, se montre encore, \u00e0<br>\nla fin, pr\u00e9\u00adoc\u00adcu\u00adp\u00e9 de la recherche d\u2019un syst\u00e8me,<br>\nau lieu, comme l\u2019a dit excel\u00adlem\u00adment Louis Mer\u00adcier dans la <i>R.&nbsp;P.,<\/i><br>\nde se r\u00e9si\u00adgner \u00e0 vivre avec des doutes, comme tout&nbsp;le<br>\nmonde.\u200a\u2014\u200aDans le m\u00eame ordre d\u2019id\u00e9es, je devrais<br>\naus\u00adsi par\u00adler du <i>Mar\u00adxisme en ques\u00adtion, de <\/i>Pierre Fou\u00adgey\u00adrol\u00adlas<br>\n(\u00c9di\u00adtions du Seuil), mais il me faut encore attendre d\u2019en<br>\navoir mieux pris connais\u00adsance qu\u2019\u00e0 l\u2019heure o\u00f9<br>\nj\u2019\u00e9cris ces lignes.<\/span><\/font><\/font><\/p>\n<p style=\"text-indent: 1.52cm; margin-bottom: 0cm;\" align=\"justify\"><font face=\"Garamond, serif\"><font style=\"font-size: 13pt;\" size=\"3\"><span lang=\"fr-FR\">On<br>\nne clas\u00adse\u00adra pas au m\u00eame titre dans la \u00ab&nbsp;litt\u00e9rature<br>\nr\u00e9tros\u00adpec\u00adtive&nbsp;\u00bb un livre d\u2019histoire et de t\u00e9moignage<br>\ncomme <i>Exp\u00e9\u00adriences de ma vie,\u200a\u2014\u200aI. P\u00e9guy, <\/i>par<br>\nJules Isaac (Cal\u00adman-L\u00e9vy). Octo\u00adg\u00e9\u00adnaire, Jules&nbsp;Isaac<br>\nnous prouve de fa\u00e7on tout ensemble juv\u00e9\u00adnile, modeste et<br>\nsou\u00adve\u00adraine que la jus\u00adtesse du juge\u00adment com\u00admande \u00e0 la justesse<br>\ndu style, et je ne sache pas d\u2019\u0153uvre sur P\u00e9guy qui&nbsp;fasse<br>\nmieux jus\u00adtice des inter\u00adpr\u00e9\u00adta\u00adtions ten\u00addan\u00adcieuses dont<br>\nl\u2019inqui\u00e9tant homme de g\u00e9nie qui pr\u00e9\u00adsi\u00adda&nbsp;\u00e0<br>\nla publi\u00adca\u00adtion des <i>Cahiers de la Quin\u00adzaine <\/i>ne fut que&nbsp;trop<br>\nsou\u00advent l\u2019objet de la part, entre autres, des thurif\u00e9raires<br>\ndu r\u00e9gime de&nbsp;Vichy.<\/span><\/font><\/font><\/p>\n<p style=\"margin-bottom: 0cm;\" align=\"center\" lang=\"fr-FR\"><font face=\"Garamond, serif\"><font style=\"font-size: 13pt;\" size=\"3\"><b>*<br>\n  *   *   *<\/b><\/font><\/font><\/p>\n<p style=\"text-indent: 1.52cm; margin-bottom: 0cm;\" align=\"justify\"><font face=\"Garamond, serif\"><font style=\"font-size: 13pt;\" size=\"3\"><span lang=\"fr-FR\">Sans<br>\nvou\u00adloir, faute de temps, consa\u00adcrer un article aux p\u00e9riodiques,<br>\nnous nous en vou\u00addrions de ne pas men\u00adtion\u00adner, \u00e0 la fin de&nbsp;ces<br>\ntrop br\u00e8ves notules, deux \u00ab&nbsp;faits de presse&nbsp;\u00bb,<br>\ndont l\u2019un est aus\u00adsi r\u00e9jouis\u00adsant que l\u2019autre propre \u00e0<br>\njus\u00adti\u00adfier toutes nos m\u00e9fiances. Le pre\u00admier n\u2019est autre&nbsp;que<br>\nla publi\u00adca\u00adtion par la revue <i>le Pont de l\u2019\u00e9p\u00e9e <\/i>(mai<br>\n1959, Dijon) d\u2019un beau num\u00e9\u00adro d\u2019hommage \u00e0 <i>Mar\u00adcel<br>\nMar\u00adti\u00adnet <\/i>ras\u00adsem\u00adblant, avec des textes du po\u00e8te, de<br>\npr\u00e9\u00adcieuses contri\u00adbu\u00adtions de P.&nbsp;Bou\u00adju, R.&nbsp;Mar\u00adtin du Gard,&nbsp;Andr\u00e9<br>\nSpire, Trotz\u00adki, etc.\u200a\u2014\u200aQuant au second p\u00e9riodique,<br>\ninfi\u00adni\u00adment moins \u00e9di\u00adfiant, dont il nous faut par\u00adler, c\u2019est<br>\nla feuille qui, bien qu\u2019objet de l\u2019ire de Jacques Sous\u00adtelle&nbsp;et<br>\ndes ultras, ne semble gu\u00e8re m\u00e9ri\u00adter pour autant le<br>\npr\u00e9\u00adju\u00adg\u00e9 favo\u00adrable que ces ini\u00admi\u00adti\u00e9s para\u00eetraient<br>\ndevoir lui faire accor\u00adder. <i>L\u2019Express\u200a\u2014\u200a<\/i>c\u2019est de&nbsp;lui<br>\nqu\u2019il s\u2019agit\u200a\u2014\u200am\u00e9ri\u00adte\u00adrait une longue ana\u00adlyse, car&nbsp;ce<br>\njour\u00adnal qui pour\u00adrait \u00eatre si utile, g\u00e2che, par ses partis<br>\npris, l\u2019id\u00e9e m\u00eame d\u2019opposition. Mais au&nbsp;fond<br>\nqu\u2019attendre de cette dr\u00f4le de bo\u00eete&nbsp;? [[On<br>\nmet\u00adtra \u00e0 part, outre natu\u00adrel\u00adle\u00adment les articles si peu \u00ab&nbsp;expres\u00adsistes&nbsp;\u00bb de Fran\u00ad\u00e7ois Mau\u00adriac, les remarquables<br>\nrepor\u00adtages de Jean Daniel et de Jean Cau.]] Pen\u00adser qu\u2019une<br>\nM<sup>me<\/sup>&nbsp;Fran\u00ad\u00e7oise Giroud (comme elle se fait nom\u00admer) en est&nbsp;la<br>\ndirec\u00adtrice suf\u00adfit \u00e0 rendre r\u00eaveur\u2026 Tou\u00adte\u00adfois,&nbsp;ne<br>\ng\u00e9n\u00e9\u00adra\u00adli\u00adsons pas. Ce que nous tenons \u00e0 relever,<br>\nc\u2019est la bas\u00adsesse et la mau\u00advaise foi avec les\u00adquelles cette&nbsp;dame,<br>\ndans le num\u00e9\u00adro du mois de mai (nous retar\u00addons, soit,&nbsp;mais<br>\nqu\u2019importe&nbsp;: les \u00e9crits dit le pro\u00adverbe, res\u00adtent), rendit<br>\ncompte (si l\u2019on peut dire) de l\u2019intervention de Camus \u00e0&nbsp;la<br>\nt\u00e9l\u00e9\u00advi\u00adsion. Camus ayant os\u00e9 dire qu\u2019il aime&nbsp;le<br>\nth\u00e9\u00e2tre et y trouve une sorte de bon\u00adheur,&nbsp;notre<br>\njour\u00adna\u00adliste tur\u00adco-suisse (Jean\u00adson dixit) s\u2019en auto\u00adri\u00adsait&nbsp;pour<br>\npr\u00e9\u00adsen\u00adter notre ami comme le plus incons\u00adcient des endormeurs.<br>\n\u00ab&nbsp;Si, ajou\u00adtait-elle avec la l\u00e9g\u00e8\u00adre\u00adt\u00e9,&nbsp;la<br>\nfinesse qui la carac\u00adt\u00e9\u00adrisent, les t\u00e9l\u00e9spectateurs<br>\nont rete\u00adnu ces conseils (trou\u00adver une acti\u00advi\u00adt\u00e9 que l\u2019on<br>\nexerce si pos\u00adsible en com\u00admu\u00adnau\u00adt\u00e9, etc.), le gara\u00adgiste&nbsp;est<br>\nretour\u00adn\u00e9 \u00e0 ses moteurs, le mineur \u00e0 sa mine&nbsp;et<br>\nla dac\u00adty\u00adlo \u00e0 sa machine avec le c\u0153ur l\u00e9ger et l\u2019id\u00e9e<br>\nde fon\u00adder sur-le-champ une cho\u00adrale.&nbsp;\u00bb Parce que Madame<br>\nFran\u00ad\u00e7oise Giroud, elle, n\u2019a pas le c\u0153ur l\u00e9ger&nbsp;et<br>\ngagne son bif\u00adteck \u00e0 pleu\u00adrer du matin au soir sur les malheurs<br>\ndu genre humain et la n\u00e9ces\u00adsi\u00adt\u00e9 de cou\u00advrir de&nbsp;son<br>\npatro\u00adnage les gr\u00e2ces heb\u00addo\u00adma\u00addaires de Madame Express.<\/span><\/font><\/font><\/p>\n<p style=\"text-indent: 1.52cm; margin-bottom: 0cm;\" align=\"justify\">\n<font face=\"Garamond, serif\"><font style=\"font-size: 13pt;\" size=\"3\"><b>J.<br>\nP.&nbsp;S.<\/b><br>\n_<span lang=\"fr-FR\"><\/span><\/font><\/font><\/p>\n<p style=\"text-indent: 1.52cm; margin-bottom: 0cm;\" align=\"center\" lang=\"fr-FR\">\n<font face=\"Garamond, serif\"><font style=\"font-size: 13pt;\" size=\"3\">_\u200b_\u200b_\u200b_\u200b_\u200b_\u200b_\u200b_\u200b_\u200b_\u200b_\u200b_\u200b_\u200b_\u200b_\u200b_\u200b_\u200b_\u200b_\u200b_\u200b_\u200b_\u200b_\u200b_\u200b_\u200b_\u200b_\u200b_\u200b_\u200b_\u200b_\u200b_\u200b_\u200b_\u200b_\u200b_\u200b_\u200b_\u200b_\u200b<\/font><\/font><\/p>\n<p style=\"text-indent: 1.52cm; margin-bottom: 0cm;\" align=\"justify\" lang=\"fr-FR\">\n<font face=\"Garamond, serif\"><font style=\"font-size: 13pt;\" size=\"3\"><b><strong><em>Deux<br>\nfilms<\/em><\/strong><\/b><\/font><\/font><\/p>\n<p style=\"text-indent: 1.52cm; margin-bottom: 0cm;\" align=\"justify\"><font face=\"Garamond, serif\"><font style=\"font-size: 13pt;\" size=\"3\"><span lang=\"fr-FR\">L\u2019agitation<br>\n(sur\u00adtout publi\u00adci\u00adtaire) faite autour de la soi-disant nou\u00advelle&nbsp;vague<br>\nne para\u00eet gu\u00e8re \u00eatre jus\u00adti\u00adfi\u00e9e par&nbsp;des<br>\n\u0153uvres r\u00e9so\u00adlu\u00adment neuves. Rien d\u2019aussi affli\u00adgeant, m\u00eame,<br>\nque cet <i>Orfeu Negro <\/i>dont on a tant van\u00adt\u00e9 les pr\u00e9tendues<br>\nver\u00adtus. Aus\u00adsi ne s\u2019impose-t-il que davan\u00adtage de signa\u00adler deux&nbsp;films<br>\nqui, sans avoir en rien b\u00e9n\u00e9\u00adfi\u00adci\u00e9&nbsp;des<br>\ncom\u00adbi\u00adnai\u00adsons conjointes du com\u00admerce et du sno\u00adbisme, ne doivent \u00e0<br>\naucun prix \u00eatre n\u00e9gli\u00adg\u00e9s par tous ceux qui aiment<br>\nle vrai cin\u00e9\u00adma. Il s\u2019agit, d\u2019une part, du film polonais<br>\n<i>Cendre et dia\u00admant,<\/i> d\u2019Andr\u00e9 Vaj\u00adda, devant lequel on&nbsp;se<br>\ndemande si la liber\u00adt\u00e9 cri\u00adtique dont il t\u00e9moigne serait<br>\n(le film a \u00e9t\u00e9 tour\u00adn\u00e9 l\u2019an der\u00adnier) encore<br>\naus\u00adsi lar\u00adge\u00adment tol\u00e9\u00adr\u00e9e \u00e0 l\u2019heure actuelle. Et<br>\nd\u2019autre part, hom\u00admage soit ren\u00addu \u00e0 l\u2019\u0153uvre de Fran\u00e7ois<br>\nTruf\u00adfaut <i>les Quatre cents coups,<\/i> d\u2019une qualit\u00e9<br>\nhumaine et d\u2019une po\u00e9\u00adsie inoubliables.<\/span><\/font><\/font><\/p>\n<p style=\"text-indent: 1.52cm; margin-bottom: 0cm;\" align=\"justify\" lang=\"fr-FR\">\n<font face=\"Garamond, serif\"><font style=\"font-size: 13pt;\" size=\"3\"><b><strong><em>Le<br>\ncol\u00adloque de Bruxelles<\/em><\/strong><\/b><\/font><\/font><\/p>\n<p style=\"text-indent: 1.52cm; margin-bottom: 0cm;\" align=\"justify\"><font face=\"Garamond, serif\"><font style=\"font-size: 13pt;\" size=\"3\"><span lang=\"fr-FR\">Les<br>\n24 et 25 octobre, l\u2019Institut Imre Nagy orga\u00adni\u00adsa \u00e0 Bruxelles<br>\nune ren\u00adcontre inter\u00adna\u00adtio\u00adnale des\u00adti\u00adn\u00e9e \u00e0 rechercher<br>\nquelles le\u00e7ons peuvent se d\u00e9ga\u00adger de la R\u00e9volution<br>\nhon\u00adgroise au point de vue de la pen\u00ads\u00e9e socia\u00adliste. Rarement<br>\nnous aura-t-il \u00e9t\u00e9 don\u00adn\u00e9 d\u2019assister \u00e0<br>\ndes d\u00e9bats plus s\u00e9rieux et plus dignes, en grande<br>\npar\u00adtie gr\u00e2ce \u00e0 l\u2019excellente pr\u00e9\u00adpa\u00adra\u00adtion&nbsp;de<br>\nl\u2019ensemble par les soins de Georges Hel\u00adtai, ancien collaborateur<br>\nd\u2019Imre Nagy et direc\u00adteur de l\u2019Institut. En par\u00adti\u00adcu\u00adlier,&nbsp;les<br>\ninter\u00adven\u00adtions de la plu\u00adpart des amis venus de Paris (Man\u00e8s<br>\nSper\u00adber, Pierre Fou\u00adgey\u00adrol\u00adlas, Michel Col\u00adli\u00adnet, Jean Duvi\u00adgnaud et&nbsp;bien<br>\nd\u2019autres encore\u200a\u2014\u200ala pen\u00ads\u00e9e de Pierre Naville, en<br>\nrevanche, parut un peu moins claire) t\u00e9moi\u00adgn\u00e8rent du<br>\nfait r\u00e9jouis\u00adsant que le \u00ab&nbsp;gau\u00adchisme&nbsp;\u00bb mal compris<br>\ncom\u00admence \u00e0 ne plus obs\u00e9\u00adder, comme il y a si peu&nbsp;de<br>\ntemps, encore, l\u2019intelligentsia fran\u00ad\u00e7aise.\u200a\u2014\u200aNous&nbsp;nous<br>\nr\u00e9ser\u00advons de reve\u00adnir sur cette remar\u00adquable confrontation<br>\nlorsque les mat\u00e9\u00adriaux la concer\u00adnant (pro\u00adc\u00e8s-ver\u00adbaux,<br>\netc.) nous seront par\u00adve\u00adnus. Mais d\u00e8s main\u00adte\u00adnant l\u2019on&nbsp;peut<br>\ntenir pour cer\u00adtain que la tra\u00adg\u00e9\u00addie hon\u00adgroise contient, malgr\u00e9<br>\ntant de souf\u00adfrances, la pro\u00admesse d\u2019un grand renou\u00advel\u00adle\u00adment de&nbsp;la<b><br>\n<\/b>pen\u00ads\u00e9e libre dans le&nbsp;monde.<\/span><\/font><\/font><\/p>\n<p style=\"text-indent: 1.52cm; margin-bottom: 0cm;\" align=\"justify\" lang=\"fr-FR\">\n<font face=\"Garamond, serif\"><font style=\"font-size: 13pt;\" size=\"3\"><b>S.<\/b><\/font><\/font><\/p>\n<p style=\"text-indent: 1.52cm; margin-bottom: 0cm;\" align=\"center\" lang=\"fr-FR\">\n<font face=\"Garamond, serif\"><font style=\"font-size: 13pt;\" size=\"3\"><b>_\u200b_\u200b_\u200b_\u200b_\u200b_\u200b_\u200b_\u200b_\u200b_\u200b_\u200b_\u200b_\u200b_\u200b_\u200b_\u200b_\u200b_\u200b_\u200b_\u200b_\u200b_\u200b_\u200b_\u200b_\u200b_\u200b_\u200b_\u200b_\u200b_\u200b_\u200b_\u200b_\u200b_\u200b<\/b><\/font><\/font><\/p>\n<p style=\"text-indent: 1.52cm; margin-bottom: 0cm;\" align=\"justify\"><font face=\"Garamond, serif\"><font style=\"font-size: 13pt;\" size=\"3\"><span lang=\"fr-FR\">Pour<br>\nceux de nos lec\u00adteurs qui r\u00e9sis\u00adte\u00adraient mal \u00e0&nbsp;la<br>\nten\u00adta\u00adtion de pen\u00adser que nous sommes bien bons de conti\u00adnuer&nbsp;\u00e0<br>\nnous en faire pour Ber\u00adlin en l\u2019actuelle p\u00e9riode d\u2019offensive<br>\ng\u00e9n\u00e9\u00adra\u00adli\u00ads\u00e9e du sou\u00adrire entre grands et<br>\nsuper\u00adgrands,<b> <\/b>nous croyons ne pou\u00advoir faire que de les adjurer<br>\nde m\u00e9di\u00adter&nbsp;ceci&nbsp;:<\/span><\/font><\/font><\/p>\n<p style=\"text-indent: 1.52cm; margin-bottom: 0cm;\" align=\"justify\"><font face=\"Garamond, serif\"><font style=\"font-size: 13pt;\" size=\"3\"><span lang=\"fr-FR\">\u00ab&nbsp;N\u00e9go\u00adcier signi\u00adfie recher\u00adcher des com\u00adpro\u00admis. Tant qu\u2019une<br>\nreven\u00addi\u00adca\u00adtion aus\u00adsi inopi\u00adn\u00e9e qu\u2019arbitraire des Russes suffit<br>\n\u00e0 impo\u00adser des n\u00e9go\u00adcia\u00adtions ayant pr\u00e9cis\u00e9ment<br>\ncette reven\u00addi\u00adca\u00adtion pour objet, les Occi\u00adden\u00adtaux n\u2019auront que<br>\nl\u2019alternative soit de se voir une fois de plus accu\u00ads\u00e9s&nbsp;de<br>\nman\u00adquer d\u2019\u00e9lasticit\u00e9 et de bon vou\u00adloir, soit\u200a\u2014\u200apour<br>\nreprendre la for\u00admule d\u2019Henry Kis\u00adsin\u00adger\u200a\u2014\u200a\u00ab&nbsp;de renon\u00adcer&nbsp;\u00e0<br>\nune par\u00adtie de leurs droits tan\u00addis que la Rus\u00adsie se contente de mettre<br>\nen sour\u00addine une par\u00adtie de ses menaces.&nbsp;\u00bb Cette route trac\u00e9e<br>\n\u00e0 coup s\u00fbr peut se pour\u00adsuivre de conf\u00e9\u00adrence&nbsp;en<br>\nconf\u00e9\u00adrence, \u00e0 inter\u00advalles plus ou moins longs. Mais&nbsp;la<br>\nfin est mar\u00adqu\u00e9e par un \u00e9cri\u00adteau sur lequel on lit d\u00e9j\u00e0&nbsp;: \u00ab&nbsp;Capitulation&nbsp;\u00bb.&nbsp;<\/span><\/font><\/font><\/p>\n<p style=\"text-indent: 1.52cm; margin-bottom: 0cm;\" align=\"justify\"><font face=\"Garamond, serif\"><font style=\"font-size: 13pt;\" size=\"3\"><span lang=\"fr-FR\">La visite de Mac\u00adMil\u00adlan en URSS, le voyage de<br>\nKhroucht\u00adchev en Am\u00e9\u00adrique et l\u2019invention de l\u2019\u00abesprit de Camp David&nbsp;\u00bb, la venue annon\u00adc\u00e9e du chef&nbsp;du<br>\ngou\u00adver\u00adne\u00adment mos\u00adco\u00advite aupr\u00e8s du<b> <\/b>g\u00e9n\u00e9\u00adral<br>\nde Gaulle et la pers\u00adpec\u00adtive d\u2019une plus ou moins prochaine<b><br>\n<\/b>conf\u00e9\u00adrence \u00ab&nbsp;au som\u00admet&nbsp;\u00bb sont autant d\u2019\u00e9tapes<br>\nsur la voie des aban\u00addons. Sur le ter\u00adrain de la guerre froide, la<br>\ndiplo\u00adma\u00adtie russe s\u2019est<b> <\/b>d\u00e8s \u00e0 pr\u00e9sent<br>\nempa\u00adr\u00e9e des points stra\u00adt\u00e9\u00adgiques essen\u00adtiels, sans<br>\ns\u2019\u00eatre,<b> <\/b>pour autant, d\u00e9mu\u00adnie de son moyen&nbsp;de<br>\npres\u00adsion \u00e0 tout ins\u00adtant le<b> <\/b>plus effi\u00adcace&nbsp;: l\u2019\u00e9tau<br>\ndont elle ne cesse d\u2019\u00e9trangler Berlin&nbsp;\u00bb<\/span><\/font><\/font><\/p>\n<p style=\"text-indent: 1.52cm; margin-bottom: 0cm;\" align=\"justify\" lang=\"fr-FR\">\n<font face=\"Garamond, serif\"><font style=\"font-size: 13pt;\" size=\"3\">Alphonse<br>\nDal\u00adma (dans<br>\n\u00ab&nbsp;Forum&nbsp;\u00bb , Vienne, novembre 1959)<\/font><\/font><\/p>\n","protected":false},"excerpt":{"rendered":"<p>Le bref volume de Ber\u00adnard Win\u00adter, Ber\u00adlin, enjeu et sym\u00adbole (Cal\u00ad\u00adman-L\u00e9vy) a le grand m\u00e9rite de rendre pr\u00e9\u00adsent \u00e0 l\u2019esprit du lec\u00adteur occi\u00adden\u00adtal, qui n\u2019est que&nbsp;trop sou\u00advent enclin \u00e0 l\u2019oublier, tout ce que signi\u00adfie la grande m\u00e9tro\u00adpole, non seule\u00adment pour nous autres gens de l\u2019Ouest mais pour les esclaves du tota\u00adli\u00adta\u00adrisme orien\u00adtal, \u00e0 qui&nbsp;sa seule&nbsp;[\u2026]<\/p>\n","protected":false},"author":1,"featured_media":0,"comment_status":"closed","ping_status":"closed","sticky":false,"template":"","format":"standard","meta":{"wp_typography_post_enhancements_disabled":false,"footnotes":""},"categories":[133],"tags":[],"ppma_author":[540],"class_list":["post-1163","post","type-post","status-publish","format-standard","hentry","category-temoins-n22-decembre-1959"],"authors":[{"term_id":540,"user_id":1,"is_guest":0,"slug":"admin_3gikpwyf","display_name":"Vincent Dubuc","avatar_url":"https:\/\/secure.gravatar.com\/avatar\/d015720652c25fd2ced191ade86430094e1f288a17483713e3b34d26dea52507?s=96&d=mm&r=g","author_category":"","user_url":"https:\/\/la-presse-anarchiste.net","last_name":"Dubuc","first_name":"Vincent","job_title":"","description":""}],"_links":{"self":[{"href":"https:\/\/la-presse-anarchiste.net\/index.php\/wp-json\/wp\/v2\/posts\/1163","targetHints":{"allow":["GET"]}}],"collection":[{"href":"https:\/\/la-presse-anarchiste.net\/index.php\/wp-json\/wp\/v2\/posts"}],"about":[{"href":"https:\/\/la-presse-anarchiste.net\/index.php\/wp-json\/wp\/v2\/types\/post"}],"author":[{"embeddable":true,"href":"https:\/\/la-presse-anarchiste.net\/index.php\/wp-json\/wp\/v2\/users\/1"}],"replies":[{"embeddable":true,"href":"https:\/\/la-presse-anarchiste.net\/index.php\/wp-json\/wp\/v2\/comments?post=1163"}],"version-history":[{"count":0,"href":"https:\/\/la-presse-anarchiste.net\/index.php\/wp-json\/wp\/v2\/posts\/1163\/revisions"}],"wp:attachment":[{"href":"https:\/\/la-presse-anarchiste.net\/index.php\/wp-json\/wp\/v2\/media?parent=1163"}],"wp:term":[{"taxonomy":"category","embeddable":true,"href":"https:\/\/la-presse-anarchiste.net\/index.php\/wp-json\/wp\/v2\/categories?post=1163"},{"taxonomy":"post_tag","embeddable":true,"href":"https:\/\/la-presse-anarchiste.net\/index.php\/wp-json\/wp\/v2\/tags?post=1163"},{"taxonomy":"author","embeddable":true,"href":"https:\/\/la-presse-anarchiste.net\/index.php\/wp-json\/wp\/v2\/ppma_author?post=1163"}],"curies":[{"name":"wp","href":"https:\/\/api.w.org\/{rel}","templated":true}]}}