{"id":1168,"date":"2008-01-11T21:08:12","date_gmt":"2008-01-11T21:08:12","guid":{"rendered":"https:\/\/la-presse-anarchiste.net\/index.php\/2008\/01\/11\/presentation-5\/"},"modified":"2008-01-11T21:08:12","modified_gmt":"2008-01-11T21:08:12","slug":"presentation-5","status":"publish","type":"post","link":"https:\/\/la-presse-anarchiste.net\/index.php\/2008\/01\/11\/presentation-5\/","title":{"rendered":"Pr\u00e9sentation"},"content":{"rendered":"<div class=\"pdfprnt-buttons pdfprnt-buttons-post pdfprnt-top-right\"><a href=\"https:\/\/la-presse-anarchiste.net\/index.php\/wp-json\/wp\/v2\/posts\/1168?print=pdf\" class=\"pdfprnt-button pdfprnt-button-pdf\" target=\"_blank\"><img decoding=\"async\" src=\"https:\/\/la-presse-anarchiste.net\/wp-content\/plugins\/pdf-print\/images\/pdf.png\" alt=\"image_pdf\" title=\"Afficher le PDF\"><\/a><a href=\"https:\/\/la-presse-anarchiste.net\/index.php\/wp-json\/wp\/v2\/posts\/1168?print=print\" class=\"pdfprnt-button pdfprnt-button-print\" target=\"_blank\"><img decoding=\"async\" src=\"https:\/\/la-presse-anarchiste.net\/wp-content\/plugins\/pdf-print\/images\/print.png\" alt=\"image_print\" title=\"Contenu imprim\u00e9\"><\/a><\/div><p style=\"margin-right: 0.41cm; text-indent: 1.45cm; margin-bottom: 0cm;\" align=\"justify\">\n<font face=\"Garamond, serif\"><font style=\"font-size: 13pt;\" size=\"3\"><span lang=\"fr-FR\">Ce<br>\nnum\u00e9\u00adro d\u2019\u00abAnarchisme et non-vio\u00adlence&nbsp;\u00bb pr\u00e9sente<br>\nexclu\u00adsi\u00adve\u00adment des textes d\u2019un auteur peu connu des lecteurs<br>\nfran\u00ad\u00e7ais, l\u2019Autrichien Pierre Ramus. Pour\u00adquoi&nbsp;Ramus&nbsp;?<\/span><\/font><\/font><\/p>\n<p style=\"margin-right: 0.41cm; text-indent: 1.45cm; margin-bottom: 0cm;\" align=\"justify\">\n<font face=\"Garamond, serif\"><font style=\"font-size: 13pt;\" size=\"3\"><span lang=\"fr-FR\">Si<br>\nle pro\u00adbl\u00e8me de la vio\u00adlence est tr\u00e8s fr\u00e9quemment,<br>\nsinon tou\u00adjours, pos\u00e9 par les anar\u00adchistes, rares sont ceux&nbsp;qui<br>\nont<i> <\/i>r\u00e9so\u00adlu\u00adment pris par\u00adti pour la non-vio\u00adlence. La<br>\ncri\u00adtique du mono\u00adpole de la vio\u00adlence d\u00e9te\u00adnu par l\u2019\u00c9tat,<br>\nl\u2019antimilitarisme g\u00e9n\u00e9\u00adral, l\u2019exigence d\u2019une<br>\nhar\u00admo\u00adnie entre les moyens et la fin n\u2019ont g\u00e9n\u00e9ralement<br>\npas fait admettre la n\u00e9ces\u00adsi\u00adt\u00e9 de la strat\u00e9gie<br>\nnon vio\u00adlente. Sou\u00advent elle a \u00e9t\u00e9 consid\u00e9r\u00e9e<br>\ncomme un stade id\u00e9al, une per\u00adfec\u00adtion impos\u00adsible pour celui&nbsp;qui<br>\nest lui-m\u00eame objet du sys\u00adt\u00e8me auto\u00adri\u00adtaire et violent,<br>\nali\u00e9\u00adn\u00e9 par l\u2019exploitation capi\u00adta\u00adliste et&nbsp;la<br>\nr\u00e9pres\u00adsion poli\u00adci\u00e8re&nbsp;; nous ten\u00adtons depuis quelques<br>\nann\u00e9es de le d\u00e9men\u00adtir, de pro\u00adpo\u00adser des alternatives<br>\ndans cette&nbsp;revue.<\/span><\/font><\/font><\/p>\n<p style=\"margin-right: 0.41cm; text-indent: 1.45cm; margin-bottom: 0cm;\" align=\"justify\">\n<font face=\"Garamond, serif\"><font style=\"font-size: 13pt;\" size=\"3\"><span lang=\"fr-FR\">Seul<br>\nle cou\u00adrant indi\u00advi\u00addua\u00adliste de l\u2019anarchisme refuse la vio\u00adlence&nbsp;avec<br>\nune grande constance&nbsp;; mais l\u2019on sait que les indi\u00advi\u00addua\u00adlistes ne<br>\ncherchent pas en prio\u00adri\u00adt\u00e9 \u00e0 trans\u00adfor\u00admer la soci\u00e9t\u00e9,<br>\nils s\u2019en retirent sou\u00advent et adoptent un mode de vie o\u00f9&nbsp;la<br>\nnon-vio\u00adlence est chose naturelle.<\/span><\/font><\/font><\/p>\n<p style=\"margin-right: 0.41cm; text-indent: 1.45cm; margin-bottom: 0cm;\" align=\"justify\">\n<font face=\"Garamond, serif\"><font style=\"font-size: 13pt;\" size=\"3\"><span lang=\"fr-FR\">Plus<br>\nrares sont ceux qui, direc\u00adte\u00adment impli\u00adqu\u00e9s dans les conflits<br>\nsociaux, dans le com\u00adbat socia\u00adliste, ont refu\u00ads\u00e9 la violence.<br>\nPierre Ramus est de ceux-l\u00e0&nbsp;: dans le contexte de la propagande<br>\npar le fait et des atten\u00adtats indi\u00advi\u00adduels des ann\u00e9es 1900,&nbsp;il<br>\nchoi\u00adsit une atti\u00adtude tota\u00adle\u00adment oppo\u00ads\u00e9e \u00e0 la violence,<br>\nsans pour autant d\u00e9sa\u00advouer jamais l\u2019action des camarades.<\/span><\/font><\/font><\/p>\n<p style=\"margin-right: 0.41cm; text-indent: 1.45cm; margin-bottom: 0cm;\" align=\"justify\">\n<font face=\"Garamond, serif\"><font style=\"font-size: 13pt;\" size=\"3\"><span lang=\"fr-FR\">Cette<br>\natti\u00adtude est loin d\u2019\u00eatre pas\u00adsive, puisqu\u2019il d\u00e9fend<br>\ntoutes sortes d\u2019actions directes, puisqu\u2019il orga\u00adnise des gr\u00e8ves,<br>\npuisqu\u2019il paie de pri\u00adson et d\u2019exil sa pro\u00adpa\u00adgande orale et \u00e9crite.<br>\nIntel\u00adlec\u00adtuel, il lutte aux c\u00f4t\u00e9s du prol\u00e9tariat,<br>\nd\u00e9non\u00ad\u00e7ant au nom du socia\u00adlisme la tra\u00adhi\u00adson de&nbsp;la<br>\nsocial-d\u00e9mo\u00adcra\u00adtie. Il expose les th\u00e8ses de<br>\nl\u2019anarchisme-communisme dans une s\u00e9rie de bro\u00adchures et&nbsp;de<br>\nlivres, appli\u00adquant ses \u00e9tudes \u00e9co\u00adno\u00admiques \u00e0<br>\nl\u2019ensemble de la pro\u00adduc\u00adtion et des ser\u00advices, s\u2019essayant \u00e0<br>\nce qu\u2019aujourd\u2019hui l\u2019on appelle la \u00ab&nbsp;pros\u00adpec\u00adtive&nbsp;\u00bb.&nbsp;\u00c0<br>\nce point de vue-l\u00e0, ses \u00e9crits nous paraissent d\u00e9suets&nbsp;;<br>\naus\u00adsi avons-nous pr\u00e9\u00adf\u00e9\u00adr\u00e9 publier des textes<br>\nmili\u00adtants, tou\u00adchant aux prin\u00adcipes de l\u2019anarchisme et du refus de&nbsp;la<br>\nviolence.<\/span><\/font><\/font><\/p>\n<p style=\"margin-right: 0.41cm; text-indent: 1.45cm; margin-bottom: 0cm;\" align=\"justify\">\n<font face=\"Garamond, serif\"><font style=\"font-size: 13pt;\" size=\"3\"><span lang=\"fr-FR\">Pierre<br>\nRamus (de son vrai nom Rudolf Gross\u00admann \u00e9tait un anarchiste<br>\nautri\u00adchien qui v\u00e9cut de 1882 \u00e0 1942. Tout jeune, il<br>\ncom\u00adbat\u00adtait d\u00e9j\u00e0 pour les id\u00e9es anar\u00adchistes et<br>\nanti\u00admi\u00adli\u00adta\u00adristes, ce qui l\u2019obligea \u00e0 quit\u00adter l\u2019empire<br>\naus\u00adtro-hon\u00adgrois pour se r\u00e9fu\u00adgier en Angle\u00adterre, puis&nbsp;aux<br>\n\u00c9tats-Unis.<\/span><\/font><\/font><\/p>\n<p style=\"margin-right: 0.41cm; text-indent: 1.45cm; margin-bottom: 0cm;\" align=\"justify\">\n<font face=\"Garamond, serif\"><font style=\"font-size: 13pt;\" size=\"3\"><span lang=\"fr-FR\">Le<br>\nmou\u00adve\u00adment anar\u00adchiste am\u00e9\u00adri\u00adcain du tour\u00adnant du si\u00e8cle<br>\nest vivace&nbsp;; encore vio\u00adlem\u00adment mar\u00adqu\u00e9 par l\u2019ex\u00e9cution<br>\ndes six ouvriers de Hay\u00admar\u00adket, il est sou\u00admis \u00e0&nbsp;une<br>\nsur\u00adveillance poli\u00adci\u00e8re d\u2019autant plus s\u00e9v\u00e8re<br>\nqu\u2019il est dans sa grande majo\u00adri\u00adt\u00e9 com\u00adpo\u00ads\u00e9 d\u2019\u00e9trangers<br>\nvenus cher\u00adcher refuge dans une terre encore de pion\u00adniers&nbsp;: ce sont&nbsp;les<br>\nIta\u00adliens de Barre et de Newark avec Lui\u00adgi Gal\u00adlea\u00adni, les Alle\u00admands&nbsp;de<br>\nNew York autour de Johann Most et de son impor\u00adtant jour\u00adnal <i>Frei\u00adheit<br>\n<\/i>(Liber\u00adt\u00e9), les Russes de Chi\u00adca\u00adgo avec Emma Gold\u00admann&nbsp;et<br>\nAlexandre Berkman.<\/span><\/font><\/font><\/p>\n<p style=\"margin-right: 0.41cm; text-indent: 1.45cm; margin-bottom: 0cm;\" align=\"justify\">\n<font face=\"Garamond, serif\"><font style=\"font-size: 13pt;\" size=\"3\"><span lang=\"fr-FR\">Si<br>\nles res\u00adtric\u00adtions \u00e0 l\u2019activit\u00e9 mili\u00adtante sont s\u00e9v\u00e8res,<br>\nla liber\u00adt\u00e9 de presse est grande dans le pays d\u2019accueil&nbsp;;&nbsp;et<br>\nRamus aus\u00adsi\u00adt\u00f4t col\u00adla\u00adbore \u00e0 plu\u00adsieurs jour\u00adnaux et&nbsp;en<br>\npublie un lui-m\u00eame&nbsp;: <i>Der Zeit\u00adgeist<\/i> (L\u2019esprit du&nbsp;temps).<\/span><\/font><\/font><\/p>\n<p style=\"margin-right: 0.41cm; text-indent: 1.45cm; margin-bottom: 0cm;\" align=\"justify\">\n<font face=\"Garamond, serif\"><font style=\"font-size: 13pt;\" size=\"3\"><span lang=\"fr-FR\">L\u2019exil<br>\ncepen\u00addant ne dure pas&nbsp;: Ramus regagne l\u2019Europe en 1904, et en&nbsp;1907<br>\non le voit au congr\u00e8s socia\u00adliste de Stutt\u00adgart. \u00c0&nbsp;quel<br>\ntitre y par\u00adti\u00adcipe-t-il&nbsp;? car les anar\u00adchistes sont exclus depuis 1893<br>\ndes congr\u00e8s de la II<sup>e<\/sup> Inter\u00adna\u00adtio\u00adnale. Une&nbsp;des<br>\nques\u00adtions prin\u00adci\u00adpales \u00e9vo\u00adqu\u00e9es \u00e0 ce congr\u00e8s<br>\nest celle de la guerre dans le par\u00adti social-d\u00e9mocrate<br>\nalle\u00admand, seul Karl Liebk\u00adnecht d\u00e9fend le point de&nbsp;vue<br>\nanti\u00admi\u00adli\u00adta\u00adriste, et, natu\u00adrel\u00adle\u00adment, Ramus est \u00e0 ses&nbsp;c\u00f4t\u00e9s.<\/span><\/font><\/font><\/p>\n<p style=\"margin-right: 0.41cm; text-indent: 1.45cm; margin-bottom: 0cm;\" align=\"justify\">\n<font face=\"Garamond, serif\"><font style=\"font-size: 13pt;\" size=\"3\"><span lang=\"fr-FR\">En<br>\n1907, la dis\u00adtinc\u00adtion entre \u00ab&nbsp;socia\u00adlistes&nbsp;\u00bb et \u00ab&nbsp;communistes&nbsp;\u00bb<br>\nne s\u2019est pas encore faite&nbsp;; mais le congr\u00e8s admet seulement<br>\n\u00ab&nbsp;les asso\u00adcia\u00adtions qui adh\u00e8rent aux prin\u00adcipes essentiels<br>\ndu socia\u00adlisme&nbsp;: socia\u00adli\u00adsa\u00adtion des moyens de pro\u00adduc\u00adtion et d\u2019\u00e9change&nbsp;;<br>\nunion et action inter\u00adna\u00adtio\u00adnales des tra\u00advailleurs&nbsp;; conqu\u00eate<br>\nsocia\u00adliste des pou\u00advoirs publics par le pro\u00adl\u00e9\u00adta\u00adriat organis\u00e9<br>\nen par\u00adti de classe&nbsp;\u00bb et qui d\u00e9clarent \u00ab&nbsp;reconna\u00eetre<br>\nla n\u00e9ces\u00adsi\u00adt\u00e9 de l\u2019action poli\u00adtique, donc l\u00e9gislative<br>\net par\u00adle\u00admen\u00adtaire&nbsp;\u00bb. Si l\u2019on exclut donc les anar\u00adchistes, on<br>\nadmet tous les r\u00e9for\u00admistes, les trade-unio\u00adnistes, etc.<\/span><\/font><\/font><\/p>\n<p style=\"margin-right: 0.41cm; text-indent: 1.45cm; margin-bottom: 0cm;\" align=\"justify\">\n<font face=\"Garamond, serif\"><font style=\"font-size: 13pt;\" size=\"3\"><span lang=\"fr-FR\">Est-ce<br>\nla dis\u00adtance entre les prin\u00adcipes du socia\u00adlisme et l\u2019id\u00e9ologie<br>\ndes par\u00adtis social-d\u00e9mo\u00adcrates qui fait d\u00e9cou\u00advrir&nbsp;\u00e0<br>\nRamus ce qu\u2019il appel\u00adle\u00adra plus tard \u00ab&nbsp;la fausse doc\u00adtrine&nbsp;du<br>\nmar\u00adxisme&nbsp;\u00bb&nbsp;? L\u2019avait-il d\u00e9j\u00e0 com\u00adprise&nbsp;aux<br>\n\u00c9tats-Unis, aux c\u00f4t\u00e9s de Johann Most, transfuge<br>\nde la social-d\u00e9mo\u00adcra\u00adtie&nbsp;? Mais Most \u00e9tait devenu<br>\nstir\u00adn\u00e9\u00adrien, indi\u00advi\u00addua\u00adliste convain\u00adcu, tan\u00addis que Ramus&nbsp;est<br>\nr\u00e9so\u00adlu\u00adment anar\u00adchiste-com\u00admu\u00adniste. S\u2019il peut \u00eatre&nbsp;avec<br>\nLiebk\u00adnecht, c\u2019est que celui-ci d\u00e9fend un mar\u00adxisme&nbsp;non<br>\nauto\u00adri\u00adtaire, non cen\u00adtra\u00adliste, avec d\u2019autres mili\u00adtants comme&nbsp;Rosa<br>\nLuxem\u00adburg et Franz Meh\u00adring [[Ramus<br>\nles cri\u00adti\u00adque\u00adra d\u2019ailleurs s\u00e9v\u00e8\u00adre\u00adment plus&nbsp;tard.]].<\/span><\/font><\/font><\/p>\n<p style=\"margin-right: 0.41cm; text-indent: 1.45cm; margin-bottom: 0cm;\" align=\"justify\">\n<font face=\"Garamond, serif\"><font style=\"font-size: 13pt;\" size=\"3\"><span lang=\"fr-FR\">Au<br>\nretour du congr\u00e8s de Stutt\u00adgart, Ramus \u00e9crit&nbsp;le<br>\n\u00ab&nbsp;Mani\u00adfeste anar\u00adchiste&nbsp;\u00bb&nbsp;: ce n\u2019est en rien&nbsp;une<br>\nd\u00e9mar\u00adca\u00adtion de Marx, mais un texte pr\u00e9\u00adcis, image d\u2019un<br>\nmou\u00adve\u00adment encore en plein essor. On peut le com\u00adpa\u00adrer \u00e0 l\u2019\u00abABC<br>\nde l\u2019anarchisme&nbsp;\u00bb qu\u2019Alexandre Berk\u00adman \u00e9cri\u00advit&nbsp;en<br>\n1929, non pour imi\u00adter ser\u00advi\u00adle\u00adment Bou\u00adkha\u00adrine et Pr\u00e9obrajenski,<br>\nmais pour doter le mou\u00adve\u00adment anar\u00adchiste d\u2019un texte de base&nbsp;\u00e0<br>\nlarge dif\u00adfu\u00adsion. Nous publions ci-apr\u00e8s de larges extraits du<br>\n\u00ab&nbsp;Mani\u00adfeste&nbsp;\u00bb, en ne sup\u00adpri\u00admant que quelques pages d\u2019utopie<br>\nkro\u00adpot\u00adki\u00adnienne qui n\u2019enrichissent pas le&nbsp;texte.<\/span><\/font><\/font><\/p>\n<p style=\"margin-right: 0.41cm; text-indent: 1.45cm; margin-bottom: 0cm;\" align=\"justify\">\n<font face=\"Garamond, serif\"><font style=\"font-size: 13pt;\" size=\"3\"><span lang=\"fr-FR\">Ce<br>\nsont aus\u00adsi les grandes ann\u00e9es du syn\u00addi\u00adca\u00adlisme r\u00e9volutionnaire.<br>\nRamus lit et admire Grif\u00adfuelhes, Pou\u00adget, Lagar\u00addelle&nbsp;; il publie en<br>\n1908 \u00ab&nbsp;Cri\u00adtique et \u00e9loge du syn\u00addi\u00adca\u00adlisme&nbsp;\u00bb. Mais&nbsp;son<br>\nacti\u00advi\u00adt\u00e9 prin\u00adci\u00adpale est la r\u00e9dac\u00adtion de&nbsp;deux<br>\np\u00e9rio\u00addiques, une revue men\u00adsuelle&nbsp;: <i>Die Neue Generation<\/i><br>\n(La Nou\u00advelle G\u00e9n\u00e9\u00adra\u00adtion), qui sera reprise apr\u00e8s<br>\nguerre par d\u2019autres r\u00e9dac\u00adteurs, et un  jour\u00adnal bimensuel&nbsp;:<br>\n<i>Wohl\u00adstand f\u00fcr Alle<\/i> (Le bien-\u00eatre pour tous). \u00ab&nbsp;Il<br>\ny pose, infa\u00adti\u00adga\u00adble\u00adment, les prin\u00adcipes d\u2019une nou\u00advelle organisation<br>\nde la soci\u00e9\u00adt\u00e9 selon le com\u00admu\u00adnisme-anar\u00adchisme et&nbsp;\u2014<br>\nbien avant Gand\u00adhi\u200a\u2014\u200ay d\u00e9fend l\u2019id\u00e9e de&nbsp;la<br>\nr\u00e9vo\u00adlu\u00adtion sociale obte\u00adnue par l\u2019action directe et&nbsp;la<br>\nr\u00e9sis\u00adtance pas\u00adsive, seuls moyens d\u2019atteindre le but&nbsp;final&nbsp;:<br>\ntout sou\u00adl\u00e8\u00adve\u00adment mili\u00adtaire est d\u2019avance condam\u00adn\u00e9&nbsp;\u00e0<br>\nla d\u00e9faite&nbsp;\u00bb [[&nbsp;<i>Befreiung,<\/i><br>\njuillet 1966.]].<\/span><\/font><\/font><\/p>\n<p style=\"margin-right: 0.41cm; text-indent: 1.45cm; margin-bottom: 0cm;\" align=\"justify\">\n<font face=\"Garamond, serif\"><font style=\"font-size: 13pt;\" size=\"3\"><span lang=\"fr-FR\">Quand<br>\n\u00e9clate la guerre en 1914, Ramus est un des rares objec\u00adteurs&nbsp;de<br>\nconscience autri\u00adchiens. Ses ann\u00e9es de pri\u00adson et de&nbsp;camp,<br>\npen\u00addant les\u00adquelles il \u00e9crit une grande par\u00adtie de ses \u0153uvres,<br>\nsont bien d\u00e9crites dans l\u2019article d\u2019Olga Misar.<\/span><\/font><\/font><\/p>\n<p style=\"margin-right: 0.41cm; text-indent: 1.45cm; margin-bottom: 0cm;\" align=\"justify\">\n<font face=\"Garamond, serif\"><font style=\"font-size: 13pt;\" size=\"3\"><span lang=\"fr-FR\">La<br>\nguerre de 14\u200a\u2013\u200a18 marque un tour\u00adnant de grande impor\u00adtance dans&nbsp;les<br>\nmou\u00adve\u00adments et l\u2019id\u00e9ologie anti\u00admi\u00adli\u00adta\u00adriste. Avant 1914,&nbsp;les<br>\nbro\u00adchures de pro\u00adpa\u00adgande sont mer\u00adveilleu\u00adse\u00adment enthou\u00adsiastes, il n\u2019y<br>\naura plus de guerre, l\u2019internationalisme pro\u00adl\u00e9\u00adta\u00adrien&nbsp;fera<br>\nses preuves, les d\u00e9penses d\u2019armement des gouvernements<br>\naug\u00admentent mais nous ne nous bat\u00adtrons jamais plus les uns contre les<br>\nautres\u2026<\/span><\/font><\/font><\/p>\n<p style=\"margin-right: 0.41cm; text-indent: 1.45cm; margin-bottom: 0cm;\" align=\"justify\" lang=\"fr-FR\">\n<font face=\"Garamond, serif\"><font style=\"font-size: 13pt;\" size=\"3\">Et<br>\npuis, la guerre.<\/font><\/font><\/p>\n<p style=\"margin-right: 0.41cm; text-indent: 1.45cm; margin-bottom: 0cm;\" align=\"justify\">\n<font face=\"Garamond, serif\"><font style=\"font-size: 13pt;\" size=\"3\"><span lang=\"fr-FR\">A<br>\npeine est-elle ter\u00admi\u00adn\u00e9e que les mou\u00adve\u00adments antimilitaristes<br>\nretrouvent une acti\u00advi\u00adt\u00e9 nou\u00advelle, se mul\u00adti\u00adplient&nbsp;: les ann\u00e9es<br>\n20 voient se cr\u00e9er le Mou\u00adve\u00adment inter\u00adna\u00adtio\u00adnal de&nbsp;la<br>\nr\u00e9con\u00adci\u00adlia\u00adtion, le Ser\u00advice civil international,<br>\nl\u2019Internationale des r\u00e9sis\u00adtants \u00e0 la guerre\u2026 Cette<br>\nfois, on croit avoir pour de bon sur\u00adpas\u00ads\u00e9 les fronti\u00e8res.<\/span><\/font><\/font><\/p>\n<p style=\"margin-right: 0.41cm; text-indent: 1.45cm; margin-bottom: 0cm;\" align=\"justify\">\n<font face=\"Garamond, serif\"><font style=\"font-size: 13pt;\" size=\"3\"><span lang=\"fr-FR\">L\u2019optimisme<br>\nrena\u00eet, gr\u00e2ce aus\u00adsi \u00e0 la R\u00e9vo\u00adlu\u00adtion&nbsp;russe<br>\nde 1917 qui, croit-on, \u00e9branle le capi\u00adta\u00adlisme mon\u00addial&nbsp;: elle<br>\nest sui\u00advie de r\u00e9vo\u00adlu\u00adtions en cha\u00eene pen\u00addant l\u2019ann\u00e9e<br>\n1918, \u00e0 Buda\u00adpest (avec Bela Kun et cette pl\u00e9iade de<br>\njeunes intel\u00adlec\u00adtuels mar\u00adxistes aux postes diri\u00adgeants&nbsp;: Lukacs,<br>\nFerenc\u00adzi, Roheim\u2026), \u00e0 Munich (avec les anar\u00adchistes Landauer<br>\net M\u00fch\u00adsam, les mar\u00adxistes Karl Liebk\u00adnecht et Rosa Luxem\u00adburg), \u00e0<br>\nVienne (avec Max Adler). L\u2019espoir cepen\u00addant est de courte dur\u00e9e&nbsp;:<br>\ntoutes les r\u00e9vo\u00adlu\u00adtions sont cruel\u00adle\u00adment \u00e9cras\u00e9es,<br>\nouvriers et lea\u00adders meurent en pri\u00adson, sur les bar\u00adri\u00adcades, dans&nbsp;la<br>\nrue.<\/span><\/font><\/font><\/p>\n<p style=\"margin-right: 0.41cm; text-indent: 1.45cm; margin-bottom: 0cm;\" align=\"justify\">\n<font face=\"Garamond, serif\"><font style=\"font-size: 13pt;\" size=\"3\"><span lang=\"fr-FR\">La<br>\nr\u00e9vo\u00adlu\u00adtion vien\u00adnoise, pour br\u00e8ve qu\u2019elle ait&nbsp;\u00e9t\u00e9,<br>\na tir\u00e9 Ramus de pri\u00adson&nbsp;; aus\u00adsi\u00adt\u00f4t il se lance&nbsp;\u00e0<br>\nnou\u00adveau dans la lutte, et ras\u00adsemble autour de son hebdomadaire<br>\n<i>Erkennt\u00adnis und Befreiung<\/i> (Connais\u00adsance et lib\u00e9ration)<br>\nun groupe appe\u00adl\u00e9 l\u2019Union des socia\u00adlistes antiautoritaires<br>\n(Bund Herr\u00adscha\u00adflo\u00adser Sozia\u00adlis\u00adten). Y par\u00adti\u00adcipent, entre autres, le<br>\npsy\u00adcha\u00adna\u00adlyste Sig\u00admund Freud, l\u2019\u00e9crivain paci\u00adfiste&nbsp;Franz<br>\nKobler, l\u2019historien de l\u2019anarchisme Max Nettlau.<\/span><\/font><\/font><\/p>\n<p style=\"margin-right: 0.41cm; text-indent: 1.45cm; margin-bottom: 0cm;\" align=\"justify\" lang=\"fr-FR\">\n<font face=\"Garamond, serif\"><font style=\"font-size: 13pt;\" size=\"3\">Ramus<br>\nest \u00e0 la fois jour\u00adna\u00adliste, \u00e9cri\u00advain, orateur,<br>\ntra\u00adduc\u00adteur&nbsp;; il pour\u00adsuit sans rel\u00e2che son acti\u00advi\u00adt\u00e9&nbsp;de<br>\npro\u00adpa\u00adgande, publie des tra\u00adduc\u00adtions de Kro\u00adpot\u00adkine et de Tolsto\u00ef,<br>\nun roman \u00e9crit en pri\u00adson, deux livres th\u00e9o\u00adriques&nbsp;: \u00ab&nbsp;Die<br>\nNeu\u00adsch\u00f6p\u00adfung der Gesell\u00adschaft im Bereich des Sozialismus&nbsp;\u00bb<br>\n(La recr\u00e9a\u00adtion de la soci\u00e9\u00adt\u00e9 \u00e0 port\u00e9e<br>\ndu socia\u00adlisme) en 1921, et \u00ab&nbsp;Die Irriehre des Marxismus&nbsp;\u00bb<br>\n(La fausse doc\u00adtrine du mar\u00adxisme) en&nbsp;1927.<\/font><\/font><\/p>\n<p style=\"margin-right: 0.41cm; text-indent: 1.45cm; margin-bottom: 0cm;\" align=\"justify\">\n<font face=\"Garamond, serif\"><font style=\"font-size: 13pt;\" size=\"3\"><span lang=\"fr-FR\">La<br>\nmon\u00adt\u00e9e du fas\u00adcisme limite le domaine de ses activit\u00e9s,<br>\nl\u2019expose \u00e0 la r\u00e9pres\u00adsion&nbsp;: il manque par deux&nbsp;fois<br>\nd\u2019\u00eatre vic\u00adtime d\u2019attentats&nbsp;; en 1934, il est condamn\u00e9<br>\n\u00e0 14 mois de pri\u00adson pour sa pro\u00adpa\u00adgande en faveur de&nbsp;la<br>\nvasectomie.<\/span><\/font><\/font><\/p>\n<p style=\"margin-right: 0.41cm; text-indent: 1.45cm; margin-bottom: 0cm;\" align=\"justify\">\n<font face=\"Garamond, serif\"><font style=\"font-size: 13pt;\" size=\"3\"><span lang=\"fr-FR\">A<br>\nsa sor\u00adtie de pri\u00adson, il ne peut plus agir libre\u00adment pendant<br>\nlong\u00adtemps&nbsp;: l\u2019Anschluss de l\u2019Autriche avec l\u2019Allemagne nazie<br>\nl\u2019oblige \u00e0 quit\u00adter \u00e0 nou\u00adveau son pays,&nbsp;apr\u00e8s<br>\ns\u2019\u00eatre cach\u00e9 pen\u00addant plu\u00adsieurs semaines, changeant<br>\nchaque nuit de domi\u00adcile&nbsp;; il par\u00advient \u00e0 gagner la France par&nbsp;la<br>\nSuisse. Il n\u2019y sera pas iso\u00adl\u00e9&nbsp;: il est li\u00e9 depuis<br>\nlong\u00adtemps avec les anar\u00adchistes fran\u00ad\u00e7ais, avec E. Armand en<br>\npar\u00adti\u00adcu\u00adlier, qui a tra\u00adduit ses bro\u00adchures. La guerre d\u2019Espagne le<br>\npr\u00e9\u00adoc\u00adcupe et l\u2019in\u00adqui\u00e8te&nbsp;; on trouve des articles<br>\nde lui dans \u00ab&nbsp;Cultu\u00adra pro\u00adle\u00adta\u00adria&nbsp;\u00bb de New York, en&nbsp;1938,<br>\nmais il n\u2019a mal\u00adheu\u00adreu\u00adse\u00adment pas l\u2019occasion de d\u00e9velopper<br>\nses id\u00e9es, les pro\u00adbl\u00e8mes que lui pose la participation<br>\ndes anar\u00adchistes \u00e0 une guerre civile. Lorsque la guerre \u00e9clate,<br>\nil est envoy\u00e9 en camp de concen\u00adtra\u00adtion, consid\u00e9r\u00e9<br>\ncomme un \u00ab&nbsp;\u00e9tran\u00adger dan\u00adge\u00adreux\u00bb&nbsp;; il faut tous&nbsp;les<br>\nefforts des plus influents de ses amis pour arri\u00adver \u00e0 l\u2019en<br>\nfaire sor\u00adtir. Peu de temps apr\u00e8s, les arm\u00e9es allemandes<br>\nentrent en France, et Ramus conti\u00adnue de fuir&nbsp;: par l\u2019Espagne et<br>\nTan\u00adger, il arrive au&nbsp;Maroc.<\/span><\/font><\/font><\/p>\n<p style=\"margin-right: 0.41cm; text-indent: 1.45cm; margin-bottom: 0cm;\" align=\"justify\">\n<font face=\"Garamond, serif\"><font style=\"font-size: 13pt;\" size=\"3\"><span lang=\"fr-FR\">Entre-temps,<br>\nsa famille s\u2019est \u00e9ta\u00adblie en Am\u00e9\u00adrique (sa veuve et&nbsp;sa<br>\nfille vivent encore aujourd\u2019hui aux Etats-Unis) et tente tout&nbsp;son<br>\npos\u00adsible pour le faire venir. Enfin le Mexique veut bien l\u2019accepter,<br>\net il s\u2019embarque en mai 1942. Mais il est malade, \u00e9puis\u00e9&nbsp;:<br>\nil meurt en mer le 27 mai, sans revoir sa fille ni sa compagne.<\/span><\/font><\/font><\/p>\n<p style=\"margin-right: 0.41cm; text-indent: 1.45cm; margin-bottom: 0cm;\" align=\"justify\">\n<font face=\"Garamond, serif\"><font style=\"font-size: 13pt;\" size=\"3\"><span lang=\"fr-FR\">Il<br>\nlaisse un grand nombre de manus\u00adcrits, qui se trouvent aujourd\u2019hui \u00e0<br>\nl\u2019Institut inter\u00adna\u00adtio\u00adnal d\u2019histoire sociale \u00e0 Amsterdam&nbsp;;<br>\naucun in\u00e9dit n\u2019a \u00e9t\u00e9 publi\u00e9 depuis sa<br>\nmort.<\/span><\/font><\/font><\/p>\n<p style=\"margin-right: 0.41cm; text-indent: 1.45cm; margin-bottom: 0cm;\" align=\"justify\" lang=\"fr-FR\">\n<font face=\"Garamond, serif\"><font style=\"font-size: 13pt;\" size=\"3\"><b>Marie<br>\nMartin<\/b><\/font><\/font><\/p>\n","protected":false},"excerpt":{"rendered":"<p>Ce num\u00e9\u00adro d\u2019\u00abAnarchisme et non-vio\u00ad\u00adlence&nbsp;\u00bb pr\u00e9\u00adsente exclu\u00adsi\u00adve\u00adment des textes d\u2019un auteur peu connu des lec\u00adteurs fran\u00ad\u00e7ais, l\u2019Autrichien Pierre Ramus. Pour\u00adquoi&nbsp;Ramus&nbsp;? Si le pro\u00adbl\u00e8me de la vio\u00adlence est tr\u00e8s fr\u00e9\u00adquem\u00adment, sinon tou\u00adjours, pos\u00e9 par les anar\u00adchistes, rares sont ceux&nbsp;qui ont r\u00e9so\u00adlu\u00adment pris par\u00adti pour la non-vio\u00ad\u00adlence. La cri\u00adtique du mono\u00adpole de la vio\u00adlence d\u00e9te\u00adnu par l\u2019\u00c9tat, [\u2026]<\/p>\n","protected":false},"author":1,"featured_media":0,"comment_status":"closed","ping_status":"closed","sticky":false,"template":"","format":"standard","meta":{"wp_typography_post_enhancements_disabled":false,"footnotes":""},"categories":[134],"tags":[],"ppma_author":[540],"class_list":["post-1168","post","type-post","status-publish","format-standard","hentry","category-anarchisme-et-non-violence-n16-janvier-fevrier-1969"],"authors":[{"term_id":540,"user_id":1,"is_guest":0,"slug":"admin_3gikpwyf","display_name":"Vincent Dubuc","avatar_url":"https:\/\/secure.gravatar.com\/avatar\/d015720652c25fd2ced191ade86430094e1f288a17483713e3b34d26dea52507?s=96&d=mm&r=g","author_category":"","user_url":"https:\/\/la-presse-anarchiste.net","last_name":"Dubuc","first_name":"Vincent","job_title":"","description":""}],"_links":{"self":[{"href":"https:\/\/la-presse-anarchiste.net\/index.php\/wp-json\/wp\/v2\/posts\/1168","targetHints":{"allow":["GET"]}}],"collection":[{"href":"https:\/\/la-presse-anarchiste.net\/index.php\/wp-json\/wp\/v2\/posts"}],"about":[{"href":"https:\/\/la-presse-anarchiste.net\/index.php\/wp-json\/wp\/v2\/types\/post"}],"author":[{"embeddable":true,"href":"https:\/\/la-presse-anarchiste.net\/index.php\/wp-json\/wp\/v2\/users\/1"}],"replies":[{"embeddable":true,"href":"https:\/\/la-presse-anarchiste.net\/index.php\/wp-json\/wp\/v2\/comments?post=1168"}],"version-history":[{"count":0,"href":"https:\/\/la-presse-anarchiste.net\/index.php\/wp-json\/wp\/v2\/posts\/1168\/revisions"}],"wp:attachment":[{"href":"https:\/\/la-presse-anarchiste.net\/index.php\/wp-json\/wp\/v2\/media?parent=1168"}],"wp:term":[{"taxonomy":"category","embeddable":true,"href":"https:\/\/la-presse-anarchiste.net\/index.php\/wp-json\/wp\/v2\/categories?post=1168"},{"taxonomy":"post_tag","embeddable":true,"href":"https:\/\/la-presse-anarchiste.net\/index.php\/wp-json\/wp\/v2\/tags?post=1168"},{"taxonomy":"author","embeddable":true,"href":"https:\/\/la-presse-anarchiste.net\/index.php\/wp-json\/wp\/v2\/ppma_author?post=1168"}],"curies":[{"name":"wp","href":"https:\/\/api.w.org\/{rel}","templated":true}]}}