{"id":1170,"date":"2008-01-12T05:00:16","date_gmt":"2008-01-12T05:00:16","guid":{"rendered":"https:\/\/la-presse-anarchiste.net\/index.php\/2008\/01\/12\/les-objecteurs-de-conscience-en-autriche\/"},"modified":"2008-01-12T05:00:16","modified_gmt":"2008-01-12T05:00:16","slug":"les-objecteurs-de-conscience-en-autriche","status":"publish","type":"post","link":"https:\/\/la-presse-anarchiste.net\/index.php\/2008\/01\/12\/les-objecteurs-de-conscience-en-autriche\/","title":{"rendered":"Les objecteurs de conscience en Autriche"},"content":{"rendered":"<div class=\"pdfprnt-buttons pdfprnt-buttons-post pdfprnt-top-right\"><a href=\"https:\/\/la-presse-anarchiste.net\/index.php\/wp-json\/wp\/v2\/posts\/1170?print=pdf\" class=\"pdfprnt-button pdfprnt-button-pdf\" target=\"_blank\"><img decoding=\"async\" src=\"https:\/\/la-presse-anarchiste.net\/wp-content\/plugins\/pdf-print\/images\/pdf.png\" alt=\"image_pdf\" title=\"Afficher le PDF\"><\/a><a href=\"https:\/\/la-presse-anarchiste.net\/index.php\/wp-json\/wp\/v2\/posts\/1170?print=print\" class=\"pdfprnt-button pdfprnt-button-print\" target=\"_blank\"><img decoding=\"async\" src=\"https:\/\/la-presse-anarchiste.net\/wp-content\/plugins\/pdf-print\/images\/print.png\" alt=\"image_print\" title=\"Contenu imprim\u00e9\"><\/a><\/div><p>[(<\/p>\n<p style=\"text-indent: 1.49cm; margin-bottom: 0cm;\" align=\"justify\" lang=\"fr-FR\">\n<font face=\"Garamond, serif\"><font style=\"font-size: 13pt;\" size=\"3\">Extrait<br>\nde \u00ab&nbsp;Die Neue Gene\u00adra\u00adtion&nbsp;\u00bb, n. <sup class=\"numerator\">3<\/sup>\u2044<sub class=\"denominator\">4<\/sub>,&nbsp;1923.<\/font><\/font><\/p>\n<p style=\"text-indent: 1.49cm; margin-bottom: 0cm;\" align=\"justify\" lang=\"fr-FR\">)]<\/p>\n<p style=\"text-indent: 1.49cm; margin-bottom: 0cm;\" align=\"justify\"><font face=\"Garamond, serif\"><font style=\"font-size: 13pt;\" size=\"3\"><span lang=\"fr-FR\">Avant<br>\nla [Pre\u00admi\u00e8re] Guerre mon\u00addiale, le mou\u00adve\u00adment antimilitariste<br>\n\u00e9tait rela\u00adti\u00adve\u00adment peu \u00e9ten\u00addu en Autriche&nbsp;; si, sous&nbsp;la<br>\nter\u00adrible pres\u00adsion du mili\u00adta\u00adrisme, il ne se trou\u00advait que peu d\u2019hommes<br>\npour refu\u00adser d\u2019\u00eatre ses esclaves, il faut plus s\u2019\u00e9tonner<br>\ndu cou\u00adrage de ces quelques-uns que de leur petit nombre. La<br>\ng\u00e9n\u00e9\u00adra\u00adtion des hommes astreints au ser\u00advice avait&nbsp;\u00e9t\u00e9<br>\n\u00e9le\u00adv\u00e9e dans la tra\u00addi\u00adtion du ser\u00advice&nbsp;arm\u00e9<br>\ng\u00e9n\u00e9\u00adra\u00adli\u00ads\u00e9&nbsp;; son esprit \u00e9tait profond\u00e9ment<br>\nasser\u00advi, au point que l\u2019influence de cet esprit d\u2019esclave<br>\ns\u2019\u00e9tendait jusqu\u2019aux femmes, aux hommes qui n\u2019avaient<br>\npas ser\u00advi, ain\u00adsi qu\u2019\u00e0 toute la vie publique.<\/span><\/font><\/font><\/p>\n<p style=\"text-indent: 1.49cm; margin-bottom: 0cm;\" align=\"justify\"><font face=\"Garamond, serif\"><font style=\"font-size: 13pt;\" size=\"3\"><span lang=\"fr-FR\">La<br>\ngrande majo\u00adri\u00adt\u00e9 du peuple autri\u00adchien n\u2019a cer\u00adtai\u00adne\u00adment jamais<br>\npen\u00ads\u00e9 que l\u2019on puisse se sous\u00adtraire \u00e0 la fatalit\u00e9<br>\ndu ser\u00advice mili\u00adtaire&nbsp;; la pro\u00adpa\u00adgande ne pou\u00advait se faire dans tous&nbsp;les<br>\nmilieux, et bien peu d\u2019hommes arrivent d\u2019eux-m\u00eames \u00e0<br>\ndes id\u00e9es et des d\u00e9ci\u00adsions auto\u00adnomes&nbsp;! En Hon\u00adgrie,&nbsp;la<br>\nsecte reli\u00adgieuse des <i>naza\u00adr\u00e9ens <\/i>mon\u00adtrait clai\u00adre\u00adment&nbsp;\u00e0<br>\nses adeptes la nature cri\u00admi\u00adnelle de la guerre, et beau\u00adcoup par\u00admi&nbsp;eux<br>\nrefu\u00adsaient le ser\u00advice en se r\u00e9f\u00e9\u00adrant \u00e0 un&nbsp;droit<br>\nqui leur \u00e9tait ancien\u00adne\u00adment garan\u00adti. Pen\u00addant la guerre, ce<br>\ndroit ne fut plus recon\u00adnu, et plu\u00adsieurs d\u2019entre eux furent<br>\nfusill\u00e9s.<\/span><\/font><\/font><\/p>\n<p style=\"text-indent: 1.49cm; margin-bottom: 0cm;\" align=\"justify\" lang=\"fr-FR\">\n <font face=\"Garamond, serif\"><font style=\"font-size: 13pt;\" size=\"3\">[\u2026]<\/font><\/font><\/p>\n<p style=\"text-indent: 1.49cm; margin-bottom: 0cm;\" align=\"justify\"><font face=\"Garamond, serif\"><font style=\"font-size: 13pt;\" size=\"3\"><span lang=\"fr-FR\">Beau\u00adcoup<br>\nde gens aus\u00adsi refu\u00adsaient pour des rai\u00adsons natio\u00adna\u00adlistes de prendre<br>\npart \u00e0 une guerre pour l\u2019Autriche, des Slaves qui&nbsp;ne<br>\nvou\u00adlaient pas se battre contre la Rus\u00adsie, comme il y a aujourd\u2019hui<br>\ndes Alle\u00admands en Tch\u00e9\u00adco\u00adslo\u00adva\u00adquie qui refusent de s\u2019engager<br>\nsous des dra\u00adpeaux tch\u00e8ques. Mais on ne peut pas les compter<br>\npar\u00admi les paci\u00adfistes. Un cer\u00adtain nombre d\u2019antimilitaristes viennois<br>\nall\u00e8rent en pri\u00adson pour d\u2019authentiques rai\u00adsons&nbsp;de<br>\nconscience, mais sans avoir \u00e0 faire le sacri\u00adfice de leur&nbsp;vie.<br>\nIl faut noter, pour l\u2019expos\u00e9 qui suit, que tous ceux&nbsp;dont<br>\nnous par\u00adle\u00adrons ont acquis leurs concep\u00adtions et ont agi&nbsp;en<br>\nanti\u00admi\u00adli\u00adta\u00adristes gr\u00e2ce \u00e0 l\u2019agitation d\u2019un&nbsp;seul<br>\nhomme&nbsp;; Rudolf Gross\u00admann (Pierre Ramus de son nom de plume). C\u2019est<br>\ngr\u00e2ce \u00e0 lui que tous sont deve\u00adnus antimilitaristes.<\/span><\/font><\/font><\/p>\n<p style=\"text-indent: 1.49cm; margin-bottom: 0cm;\" align=\"justify\" lang=\"fr-FR\">\n<font face=\"Garamond, serif\"><font style=\"font-size: 13pt;\" size=\"3\">[\u2026]<\/font><\/font><\/p>\n<p style=\"text-indent: 1.49cm; margin-bottom: 0cm;\" align=\"justify\"><font face=\"Garamond, serif\"><font style=\"font-size: 13pt;\" size=\"3\"><span lang=\"fr-FR\">Rudolf<br>\nGross\u00admann avait pr\u00ea\u00adt\u00e9 le ser\u00adment de guerre, mais&nbsp;d\u00e8s<br>\nles pre\u00admi\u00e8res semaines de son ser\u00advice mili\u00adtaire il fut&nbsp;saisi<br>\nde si vio\u00adlents remords que, vite d\u00e9ci\u00add\u00e9, il profita<br>\nd\u2019une per\u00admis\u00adsion pour ne plus ren\u00adtrer dans le rang, et se mit&nbsp;\u00e0<br>\nla dis\u00adpo\u00adsi\u00adtion des auto\u00adri\u00adt\u00e9s mili\u00adtaires comme objec\u00adteur&nbsp;de<br>\nconscience. Il fut arr\u00ea\u00adt\u00e9 et gar\u00add\u00e9 long\u00adtemps&nbsp;en<br>\nobser\u00adva\u00adtion \u00e0 l\u2019h\u00f4pital psy\u00adchia\u00adtrique de Steinhof<br>\n(pr\u00e8s de Vienne)\u200a\u2014\u200abien qu\u2019il f\u00fbt abso\u00adlu\u00adment normal.<\/span><\/font><\/font><\/p>\n<p style=\"text-indent: 1.49cm; margin-bottom: 0cm;\" align=\"justify\" lang=\"fr-FR\">\n<font face=\"Garamond, serif\"><font style=\"font-size: 13pt;\" size=\"3\">[\u2026]<\/font><\/font><\/p>\n<p style=\"text-indent: 1.49cm; margin-bottom: 0cm;\" align=\"justify\"><font face=\"Garamond, serif\"><font style=\"font-size: 13pt;\" size=\"3\"><span lang=\"fr-FR\">Cet<br>\nhomme a agi sans rel\u00e2che en Autriche pour la cause du pacifisme<br>\nradi\u00adcal, et d\u00e9j\u00e0 sous la monar\u00adchie il a subi une&nbsp;s\u00e9rie<br>\nde peines de pri\u00adson C\u2019est peut-\u00eatre \u00e0 cause de&nbsp;ses<br>\nconvic\u00adtions anar\u00adchistes, proches de celles de L\u00e9on Tolsto\u00ef<br>\nqu\u2019il osa dire des choses que les autres n\u2019osent m\u00eame&nbsp;pas<br>\npen\u00adser. La sug\u00adges\u00adtion du mili\u00adta\u00adrisme n\u2019avait abso\u00adlu\u00adment aucune<br>\nprise sur lui, et il man\u00adquait tota\u00adle\u00adment de res\u00adpect, ce qui&nbsp;avait<br>\nren\u00addu furieuses les auto\u00adri\u00adt\u00e9s monar\u00adchiques. Il n\u2019est que&nbsp;de<br>\nlire dans son roman, \u00ab&nbsp;Frie\u00addens\u00adkrie\u00adger des Hinterlandes&nbsp;\u00bb<br>\n<i>(Com\u00adbat\u00adtant pour la paix de l\u2019arri\u00e8re), <\/i>o\u00f9 il<br>\nd\u00e9crit sa propre des\u00adti\u00adn\u00e9e pen\u00addant sa pri\u00adson de guerre,<br>\nles r\u00e9ponses qu\u2019il fit aux juges mili\u00adtaires&nbsp;; on&nbsp;aura<br>\npeut-\u00eatre ten\u00addance, connais\u00adsant les rap\u00adports mili\u00adtaires, \u00e0<br>\ndou\u00adter de l\u2019authenticit\u00e9 de la repro\u00adduc\u00adtion&nbsp;; mais&nbsp;qui<br>\nconna\u00eet l\u2019homme per\u00adson\u00adnel\u00adle\u00adment croit sur parole cette<br>\ndes\u00adcrip\u00adtion, car elle s\u2019accorde tout \u00e0 fait avec sa m\u00e9thode.<br>\nIl avait sai\u00adsi toute la bas\u00adsesse de l\u2019esclavage mili\u00adtaire, lui<br>\noppo\u00adsait le cou\u00adrage de l\u2019homme libre et le com\u00adbat\u00adtait avec&nbsp;ses<br>\npropres armes, tout en \u00e9tu\u00addiant de pr\u00e8s les lois et s\u2019y<br>\noppo\u00adsant avec la m\u00eame habi\u00adle\u00adt\u00e9 que ceux qui vou\u00adlaient le<br>\nperdre.<\/span><\/font><\/font><\/p>\n<p style=\"text-indent: 1.49cm; margin-bottom: 0cm;\" align=\"justify\"><font face=\"Garamond, serif\"><font style=\"font-size: 13pt;\" size=\"3\"><span lang=\"fr-FR\">Dans<br>\nsa pro\u00adpa\u00adgande anti\u00admi\u00adli\u00adta\u00adriste et paci\u00adfiste, Ramus s\u2019est toujours<br>\nadres\u00ads\u00e9 par\u00adti\u00adcu\u00adli\u00e8\u00adre\u00adment au peuple tra\u00advailleur. Sa<br>\nmani\u00e8re d\u2019\u00e9crire dans son jour\u00adnal publi\u00e9 \u00e0<br>\nVienne depuis 1907, \u00ab&nbsp;Wohl\u00adstand f\u00fcr alle&nbsp;\u00bb <i>(Bien-\u00eatre<br>\npour tous),<\/i> s\u2019est tou\u00adjours accor\u00add\u00e9e avec&nbsp;la<br>\ncom\u00adpr\u00e9\u00adhen\u00adsion du pro\u00adl\u00e9\u00adta\u00adriat. Le meilleur exemple en<br>\nest l\u2019\u00e9ditorial du jour\u00adnal \u00e9crit juste avant que&nbsp;la<br>\nguerre \u00e9clate, le 24 juillet 1914, et publi\u00e9 peu&nbsp;avant<br>\nson arres\u00adta\u00adtion vio\u00adlente d\u00e8s la pro\u00adcla\u00adma\u00adtion de l\u2019\u00e9tat<br>\nd\u2019urgence, le 25 juillet. Cet article, \u00ab&nbsp;Man sch\u00fcrt zum<br>\nKrieg&nbsp;\u00bb <i>(On incite \u00e0 la guerre), <\/i>repr\u00e9\u00adsente<br>\naujourd\u2019hui un docu\u00adment his\u00adto\u00adrique. Il n\u2019y avait, soit dit&nbsp;en<br>\npas\u00adsant, aucun autre jour\u00adnal dans l\u2019Autriche d\u2019alors qui&nbsp;e\u00fbt<br>\npubli\u00e9 \u00e0 l\u2019\u00e9poque un tel article.<\/span><\/font><\/font><\/p>\n<p style=\"text-indent: 1.49cm; margin-bottom: 0cm;\" align=\"justify\"><font face=\"Garamond, serif\"><font style=\"font-size: 13pt;\" size=\"3\"><span lang=\"fr-FR\">Apr\u00e8s<br>\ncela, il n\u2019est pas \u00e9ton\u00adnant que Ramus ait&nbsp;\u00e9t\u00e9<br>\narr\u00ea\u00adt\u00e9&nbsp;; ce serait arri\u00adv\u00e9 de toute&nbsp;fa\u00e7on.<br>\nCar, comme nous l\u2019avons dit, per\u00adsonne en Autriche n\u2019avait une&nbsp;si<br>\nmau\u00advaise r\u00e9pu\u00adta\u00adtion aupr\u00e8s des auto\u00adri\u00adt\u00e9s que&nbsp;cet<br>\nhomme par ses acti\u00advi\u00adt\u00e9s anti\u00admi\u00adli\u00adta\u00adristes subversives.<\/span><\/font><\/font><\/p>\n<p style=\"text-indent: 1.49cm; margin-bottom: 0cm;\" align=\"justify\"><font face=\"Garamond, serif\"><font style=\"font-size: 13pt;\" size=\"3\"><span lang=\"fr-FR\">Sous<br>\nl\u2019accusation d\u2019espionnage et de haute tra\u00adhi\u00adson, Ramus fut&nbsp;jet\u00e9<br>\nen pri\u00adson mili\u00adtaire. En plus de cet article, on cherche divers chefs<br>\nd\u2019accusation anti\u00admi\u00adli\u00adta\u00adristes, afin de  rendre inof\u00adfen\u00adsif&nbsp;le<br>\ndan\u00adge\u00adreux agi\u00adta\u00adteur. Il aurait conseill\u00e9 \u00e0&nbsp;une<br>\nconnais\u00adsance de ne pas retour\u00adner en caserne&nbsp;; il aurait tra\u00adduit&nbsp;une<br>\nbro\u00adchure fran\u00ad\u00e7aise sur l\u2019emp\u00eachement de la guerre&nbsp;;&nbsp;il<br>\nserait res\u00adpon\u00adsable d\u2019un article sur l\u2019esprit anti\u00adguer\u00adrier&nbsp;de<br>\nl\u2019Association inter\u00adna\u00adtio\u00adnale des tra\u00advailleurs de 1867,&nbsp;etc.&nbsp;\u2014<br>\naccu\u00adsa\u00adtions qui \u00e9taient juri\u00addi\u00adque\u00adment insou\u00adte\u00adnables. La<br>\nrecherche sur l\u2019article \u00ab&nbsp;On incite \u00e0 la guerre&nbsp;\u00bb<br>\ns\u2019\u00e9croula, car le num\u00e9\u00adro en ques\u00adtion du jour\u00adnal&nbsp;avait<br>\n\u00e9t\u00e9 publi\u00e9 un jour avant la d\u00e9claration<br>\nde l\u2019\u00e9tat d\u2019urgence, et aucune pour\u00adsuite l\u00e9gale ne<br>\npou\u00advait \u00eatre fon\u00add\u00e9e sur ces ordon\u00adnances qui n\u2019avaient<br>\npas d\u2019effet r\u00e9tro\u00adac\u00adtif. En tout cas, seule&nbsp;cette<br>\ncir\u00adcons\u00adtance heu\u00adreuse lui sau\u00adva la&nbsp;vie.<\/span><\/font><\/font><\/p>\n<p style=\"text-indent: 1.49cm; margin-bottom: 0cm;\" align=\"justify\"><font face=\"Garamond, serif\"><font style=\"font-size: 13pt;\" size=\"3\"><span lang=\"fr-FR\">En<br>\ntout, Ramus a pas\u00ads\u00e9 neuf mois de la guerre en pri\u00adson, en&nbsp;deux<br>\nfois. Le reste du temps, il \u00e9tait d\u2019abord intern\u00e9,<br>\nPuis assi\u00adgn\u00e9 \u00e0 r\u00e9si\u00addence \u00e0 Klostenburg,<br>\navec l\u2019obligation de se pr\u00e9sen\u00adter quo\u00adti\u00addien\u00adne\u00adment&nbsp;\u00e0<br>\nla gen\u00addar\u00adme\u00adrie. Il semble incroyable, et pour\u00adtant c\u2019est vrai,&nbsp;que<br>\nmal\u00adgr\u00e9 l\u2019interdiction for\u00admelle  des auto\u00adri\u00adt\u00e9s il&nbsp;ait<br>\n\u00e9chap\u00adp\u00e9 plu\u00adsieurs fois par semaine \u00e0<br>\nl\u2019inspection de la gen\u00addar\u00adme\u00adrie et ait d\u00e9velopp\u00e9<br>\nsecr\u00e8\u00adte\u00adment \u00e0 Vienne une activit\u00e9<br>\nanti\u00admi\u00adli\u00adta\u00adriste. Il essaya aus\u00adsi, lors d\u2019une gr\u00e8ve&nbsp;\u00e0<br>\nVienne en jan\u00advier 1918, de lui don\u00adner une direc\u00adtion visant \u00e0<br>\nabo\u00adlir la guerre. Seule la R\u00e9vo\u00adlu\u00adtion lib\u00e9\u00adra Ramus&nbsp;des<br>\ns\u00e9v\u00e8res condi\u00adtions d\u2019assignation qui lui \u00e9taient<br>\nimpos\u00e9es.<\/span><\/font><\/font><\/p>\n<p style=\"text-indent: 1.49cm; margin-bottom: 0cm;\" align=\"justify\"><font face=\"Garamond, serif\"><font style=\"font-size: 13pt;\" size=\"3\"><span lang=\"fr-FR\">Sa<br>\nsitua\u00adtion fut la plus dan\u00adge\u00adreuse\u200a\u2014\u200apeut-\u00eatre plus encore<br>\nqu\u2019au d\u00e9but de la guerre, lorsqu\u2019il avait&nbsp;\u00e9t\u00e9<br>\nempri\u00adson\u00adn\u00e9 avant d\u2019avoir pu faire quoi que ce soit contre la<br>\nguerre\u200a\u2014\u200alors de sa seconde arres\u00adta\u00adtion en 1915. L\u2019\u00e9tourderie<br>\nd\u2019un de ses cama\u00adrades avait per\u00admis \u00e0 la police d\u2019entrer en<br>\npos\u00adses\u00adsion du manus\u00adcrit d\u2019un roman de Ramus. C\u2019\u00e9tait celui<br>\nque nous avons d\u00e9j\u00e0 cit\u00e9, \u00ab&nbsp;Le Combattant<br>\npour la paix de l\u2019arri\u00e8re&nbsp;\u00bb, o\u00f9 l\u2019auteur<br>\nd\u00e9crit ses exp\u00e9\u00adriences de pri\u00adson et l\u2019image de&nbsp;la<br>\nguerre mon\u00addiale sous une forme roman\u00adc\u00e9e, mais dans&nbsp;des<br>\ncou\u00adleurs r\u00e9a\u00adlistes plus fid\u00e8les qu\u2019\u00e0<br>\nl\u2019ordinaire. Ce roman fut l\u2019objet de la pour\u00adsuite. Ramus y&nbsp;avait<br>\nexpri\u00adm\u00e9 sans crainte toutes ses id\u00e9es sur la nature de<br>\nla guerre, sur le r\u00f4le cri\u00admi\u00adnel des puis\u00adsants et sur ce&nbsp;que<br>\ndis\u00adsi\u00admule la poli\u00adtique. Sans aucun doute la police, qui connaissait<br>\nd\u00e9j\u00e0 ses convic\u00adtions et ses acti\u00advi\u00adt\u00e9s publiques,<br>\nqui savait qu\u2019une com\u00admu\u00adnau\u00adt\u00e9 de deux mille per\u00adsonnes au<br>\nmoins par\u00adta\u00adgeaient ses opi\u00adnions et qu\u2019il d\u00e9fen\u00addait toujours<br>\ncou\u00adra\u00adgeu\u00adse\u00adment le point de vue de l\u2019antimilitarisme, la police et<br>\nla jus\u00adtice mili\u00adtaire, o\u00f9 Ramus fut ame\u00adn\u00e9 menott\u00e9,<br>\nsai\u00adsirent avec plai\u00adsir l\u2019occasion de venir \u00e0 bout une&nbsp;fois<br>\npour toutes d\u2019un si dan\u00adge\u00adreux adversaire.<\/span><\/font><\/font><\/p>\n<p style=\"text-indent: 1.49cm; margin-bottom: 0cm;\" align=\"justify\"><font face=\"Garamond, serif\"><font style=\"font-size: 13pt;\" size=\"3\"><span lang=\"fr-FR\">Avant<br>\nde pou\u00advoir repro\u00adcher quoi que ce soit au pri\u00adson\u00adnier, il fal\u00adlait&nbsp;au<br>\nmoins don\u00adner satis\u00adfac\u00adtion aux pres\u00adcrip\u00adtions juri\u00addiques&nbsp;: il s\u2019agissait<br>\nde savoir si l\u2019\u00e9crit \u00e9tait des\u00adti\u00adn\u00e9&nbsp;\u00e0<br>\n\u00eatre dif\u00adfu\u00ads\u00e9. Ramus sut pr\u00e9\u00adsen\u00adter la chose de&nbsp;la<br>\nfa\u00e7on sui\u00advante&nbsp;: le manus\u00adcrit, sous clef, avait&nbsp;\u00e9t\u00e9<br>\ndon\u00adn\u00e9 \u00e0 un ami, avec un en-t\u00eate disant qu\u2019il<br>\n\u00e9tait l\u00e9gu\u00e9 en tes\u00adta\u00adment \u00e0 ses&nbsp;deux<br>\nenfants. Et lorsqu\u2019il s\u2019agit de r\u00e9pondre \u00e0&nbsp;la<br>\nques\u00adtion la plus impor\u00adtante, \u00e0 savoir si Rudolf Gross\u00admann,&nbsp;de<br>\nson nom de plume Pierre Ramus, ne fai\u00adsait qu\u2019un avec ce dernier,<br>\ntoute ins\u00adtruc\u00adtion sup\u00adpl\u00e9\u00admen\u00adtaire contre lui fut impossible,<br>\ncar il ne vou\u00adlut abso\u00adlu\u00adment pas confir\u00admer cette identit\u00e9&nbsp;\u2014<br>\nqu\u2019il fal\u00adlait prou\u00adver sans \u00e9qui\u00advoque lors de&nbsp;toute<br>\naccu\u00adsa\u00adtion de haute tra\u00adhi\u00adson selon la loi autri\u00adchienne \u2014, bien&nbsp;que<br>\nla police la conn\u00fbt et qu\u2019il ne la ni\u00e2t jamais.<\/span><\/font><\/font><\/p>\n<p style=\"text-indent: 1.49cm; margin-bottom: 0cm;\" align=\"justify\"><font face=\"Garamond, serif\"><font style=\"font-size: 13pt;\" size=\"3\"><span lang=\"fr-FR\">Cet<br>\nhabile com\u00adpor\u00adte\u00adment recouvre une action r\u00e9vo\u00adlu\u00adtion\u00adnaire et&nbsp;une<br>\nconvic\u00adtion d\u2019une force immense&nbsp;; car seul le refus de se soumettre<br>\nen quoi que ce soit \u00e0 l\u2019autorit\u00e9 du tri\u00adbu\u00adnal pouvait<br>\nlui don\u00adner l\u2019id\u00e9e de ne pas admettre l\u2019identit\u00e9 de<br>\nsa per\u00adsonne avec son nom de plume. Le tri\u00adbu\u00adnal ne lais\u00adsa&nbsp;pas<br>\nd\u2019essayer de bri\u00adser ou de duper cette r\u00e9sis\u00adtance, et ce&nbsp;sont<br>\nles cha\u00adpitres les plus \u00e9mou\u00advants du roman\u200a\u2014\u200acontinu\u00e9<br>\net com\u00adpl\u00e9\u00adt\u00e9 apr\u00e8s la guerre \u2014, ceux&nbsp;o\u00f9<br>\nRamus d\u00e9crit de quelle mani\u00e8re inqui\u00adsi\u00adtoire sa&nbsp;femme,<br>\nsa com\u00adpagne de com\u00adbat la plus cou\u00adra\u00adgeuse pen\u00addant des dizaines<br>\nd\u2019ann\u00e9es, fut enten\u00addue sur cette affaire, et trou\u00adva dans&nbsp;son<br>\nangoisse pour son mari la r\u00e9ponse juste qui lui per\u00admit de&nbsp;le<br>\nsauver.<\/span><\/font><\/font><\/p>\n<p style=\"text-indent: 1.49cm; margin-bottom: 0cm;\" align=\"justify\"><font face=\"Garamond, serif\"><font style=\"font-size: 13pt;\" size=\"3\"><span lang=\"fr-FR\">Lors<br>\nd\u2019une audience, Ramus dit \u00e0 l\u2019auditeur qu\u2019il ne voulait<br>\npas ser\u00advir et qu\u2019il ne pr\u00ea\u00adte\u00adrait pas ser\u00adment au drapeau.<br>\nL\u2019auditeur le mena\u00ad\u00e7a en disant qu\u2019il allait trou\u00adver&nbsp;le<br>\nmoyen de l\u2019y for\u00adcer. Il ferait lire le ser\u00adment devant lui, ce&nbsp;qui<br>\nserait consi\u00add\u00e9\u00adr\u00e9 comme la pres\u00adta\u00adtion. Ramus r\u00e9pliqua<br>\nqu\u2019il se bou\u00adche\u00adrait les oreilles, et lorsque l\u2019auditeur lui&nbsp;dit<br>\nqu\u2019il lui ferait lier les mains, Ramus eut l\u2019id\u00e9e de<br>\nsou\u00adte\u00adnir qu\u2019un tel pro\u00adc\u00e9\u00add\u00e9 serait une oppres\u00adsion,&nbsp;et<br>\nque le ser\u00adment devait \u00eatre pr\u00ea\u00adt\u00e9 volontairement.<br>\nSur quoi l\u2019auditeur, se trou\u00advant accu\u00adl\u00e9, et abat\u00adtu par&nbsp;tant<br>\nd\u2019\u00e9nergie, le fit recon\u00adduire. Lors de toutes les<br>\nins\u00adpec\u00adtions, m\u00eame celles exi\u00adg\u00e9es pen\u00addant son assignation<br>\n\u00e0 r\u00e9si\u00addence, Ramus a tou\u00adjours su contre\u00adcar\u00adrer&nbsp;les<br>\nten\u00adta\u00adtives qu\u2019on fai\u00adsait de lui faire pr\u00ea\u00adter serment.<\/span><\/font><\/font><\/p>\n<p style=\"text-indent: 1.49cm; margin-bottom: 0cm;\" align=\"justify\"><font face=\"Garamond, serif\"><font style=\"font-size: 13pt;\" size=\"3\"><span lang=\"fr-FR\">Le<br>\nroman contient plu\u00adsieurs des\u00adcrip\u00adtions de valeur de la vie de prison<br>\net des m\u00e9thodes du mili\u00adta\u00adrisme. Lorsqu\u2019on apprend sur&nbsp;quoi<br>\nse fondent les d\u00e9non\u00adcia\u00adtions de haute tra\u00adhi\u00adson et com\u00adment&nbsp;des<br>\nexis\u00adtences sont com\u00adpl\u00e8\u00adte\u00adment rui\u00adn\u00e9es, on ne peut&nbsp;que<br>\ns\u2019\u00e9tonner du fait qu\u2019une hypo\u00adcri\u00adsie et une brutalit\u00e9<br>\ntelles aient jamais \u00e9t\u00e9 ima\u00adgi\u00adnables. Car il s\u2019agit<br>\ndans la majo\u00adri\u00adt\u00e9 des cas d\u2019\u00e9vidences qui \u00e9taient<br>\n\u00e0 la bouche de tout un cha\u00adcun, de telle sorte que l\u2019on<br>\naurait d\u00fb enfer\u00admer toute la popu\u00adla\u00adtion sous le m\u00eame&nbsp;chef<br>\nd\u2019accusation. Un avo\u00adcat tch\u00e8que de Krem\u00adsier,&nbsp;tr\u00e8s<br>\nconsi\u00add\u00e9\u00adr\u00e9, fut d\u00e9non\u00adc\u00e9 car un gar\u00e7on<br>\nde douze ans qui l\u2019avait enten\u00addu par\u00adler de la chambre voi\u00adsine&nbsp;et<br>\ncraindre que la guerre ne finisse mal, car jamais des Slaves ne&nbsp;se<br>\nbat\u00adtraient contre d\u2019autres Slaves. Un autre ouvrier, gravement<br>\nmalade, fut accu\u00ads\u00e9 par son propre logeur sous le pr\u00e9texte<br>\ndif\u00adfa\u00adma\u00adtoire qu\u2019il aurait dit que les autres n\u2019avaient qu\u2019\u00e0<br>\nfaire eux-m\u00eames leur guerre. La seule rai\u00adson de&nbsp;cette<br>\ndif\u00adfa\u00adma\u00adtion \u00e9tait que le logeur vou\u00adlait se d\u00e9barrasser<br>\nde son loca\u00adtaire malade et que la loi sur la pro\u00adtec\u00adtion&nbsp;des<br>\nloca\u00adtaires l\u2019en emp\u00eachait.<\/span><\/font><\/font><\/p>\n<p style=\"text-indent: 1.49cm; margin-bottom: 0cm;\" align=\"justify\"><font face=\"Garamond, serif\"><font style=\"font-size: 13pt;\" size=\"3\"><span lang=\"fr-FR\">Ce<br>\nsont quelques exemples typiques, il y en eut d\u2019innombrables. M\u00eame<br>\nceux qui \u00e9taient empri\u00adson\u00adn\u00e9s pour des convictions<br>\nanti\u00admi\u00adli\u00adta\u00adristes clai\u00adre\u00adment expri\u00adm\u00e9es avaient seule\u00adment&nbsp;dit<br>\nquelque chose, empor\u00adt\u00e9s par leurs sen\u00adti\u00adments, qui avait&nbsp;\u00e9t\u00e9<br>\nenten\u00addu par leurs voi\u00adsins et uti\u00adli\u00ads\u00e9 comme d\u00e9nonciation.<\/span><\/font><\/font><\/p>\n<p style=\"text-indent: 1.49cm; margin-bottom: 0cm;\" align=\"justify\"><font face=\"Garamond, serif\"><font style=\"font-size: 13pt;\" size=\"3\"><span lang=\"fr-FR\">Pen\u00addant<br>\nque leur \u00ab&nbsp;lea\u00adder&nbsp;\u00bb id\u00e9o\u00adlo\u00adgique Ramus&nbsp;\u00e9tait<br>\nen pri\u00adson, plu\u00adsieurs cama\u00adrades anti\u00admi\u00adli\u00adta\u00adristes se sont aus\u00adsi&nbsp;fait<br>\nempri\u00adson\u00adner volon\u00adtai\u00adre\u00adment, car ils avaient d\u00e9cid\u00e9<br>\nd\u2019\u00eatre proches de lui pour conser\u00adver des contacts et pour&nbsp;en<br>\ninfor\u00admer les autres anar\u00adchistes. Gr\u00e2ce \u00e0 plusieurs<br>\nhasards inha\u00adbi\u00adtuel\u00adle\u00adment heu\u00adreux, mais plus encore gr\u00e2ce&nbsp;\u00e0<br>\nson habi\u00adle\u00adt\u00e9 propre, l\u2019homme auquel le mouvement<br>\nanti\u00admi\u00adli\u00adta\u00adriste autri\u00adchien est le plus rede\u00advable et duquel il attend<br>\nle plus, cet homme \u00e0 sur\u00adv\u00e9\u00adcu aux ter\u00adribles dan\u00adgers&nbsp;de<br>\nla guerre. Esp\u00e9\u00adrons que le mou\u00adve\u00adment antimilitariste<br>\ninter\u00adna\u00adtio\u00adnal r\u00e9us\u00adsi\u00adra par les efforts de tous&nbsp;\u00e0<br>\ns\u2019\u00e9pargner \u00e0 l\u2019avenir de tels dan\u00adgers et de telles<br>\nsouffrances.<\/span><\/font><\/font><\/p>\n<p style=\"text-indent: 1.49cm; margin-bottom: 0cm;\" align=\"justify\" lang=\"fr-FR\">\n<font face=\"Garamond, serif\"><font style=\"font-size: 13pt;\" size=\"3\"><b>Olga<br>\nMisar<\/b><\/font><\/font><\/p>\n","protected":false},"excerpt":{"rendered":"<p>[( Extrait de \u00ab&nbsp;Die Neue Gene\u00adra\u00adtion&nbsp;\u00bb, n. 3\u20444,&nbsp;1923. )] Avant la [Pre\u00admi\u00e8re] Guerre mon\u00addiale, le mou\u00adve\u00adment anti\u00admi\u00adli\u00adta\u00adriste \u00e9tait rela\u00adti\u00adve\u00adment peu \u00e9ten\u00addu en Autriche&nbsp;; si, sous&nbsp;la ter\u00adrible pres\u00adsion du mili\u00adta\u00adrisme, il ne se trou\u00advait que peu d\u2019hommes pour refu\u00adser d\u2019\u00eatre ses esclaves, il faut plus s\u2019\u00e9tonner du cou\u00adrage de ces quelques-uns que de leur petit nombre.&nbsp;[\u2026]<\/p>\n","protected":false},"author":1,"featured_media":0,"comment_status":"closed","ping_status":"closed","sticky":false,"template":"","format":"standard","meta":{"wp_typography_post_enhancements_disabled":false,"footnotes":""},"categories":[134],"tags":[],"ppma_author":[540],"class_list":["post-1170","post","type-post","status-publish","format-standard","hentry","category-anarchisme-et-non-violence-n16-janvier-fevrier-1969"],"authors":[{"term_id":540,"user_id":1,"is_guest":0,"slug":"admin_3gikpwyf","display_name":"Vincent Dubuc","avatar_url":"https:\/\/secure.gravatar.com\/avatar\/d015720652c25fd2ced191ade86430094e1f288a17483713e3b34d26dea52507?s=96&d=mm&r=g","author_category":"","user_url":"https:\/\/la-presse-anarchiste.net","last_name":"Dubuc","first_name":"Vincent","job_title":"","description":""}],"_links":{"self":[{"href":"https:\/\/la-presse-anarchiste.net\/index.php\/wp-json\/wp\/v2\/posts\/1170","targetHints":{"allow":["GET"]}}],"collection":[{"href":"https:\/\/la-presse-anarchiste.net\/index.php\/wp-json\/wp\/v2\/posts"}],"about":[{"href":"https:\/\/la-presse-anarchiste.net\/index.php\/wp-json\/wp\/v2\/types\/post"}],"author":[{"embeddable":true,"href":"https:\/\/la-presse-anarchiste.net\/index.php\/wp-json\/wp\/v2\/users\/1"}],"replies":[{"embeddable":true,"href":"https:\/\/la-presse-anarchiste.net\/index.php\/wp-json\/wp\/v2\/comments?post=1170"}],"version-history":[{"count":0,"href":"https:\/\/la-presse-anarchiste.net\/index.php\/wp-json\/wp\/v2\/posts\/1170\/revisions"}],"wp:attachment":[{"href":"https:\/\/la-presse-anarchiste.net\/index.php\/wp-json\/wp\/v2\/media?parent=1170"}],"wp:term":[{"taxonomy":"category","embeddable":true,"href":"https:\/\/la-presse-anarchiste.net\/index.php\/wp-json\/wp\/v2\/categories?post=1170"},{"taxonomy":"post_tag","embeddable":true,"href":"https:\/\/la-presse-anarchiste.net\/index.php\/wp-json\/wp\/v2\/tags?post=1170"},{"taxonomy":"author","embeddable":true,"href":"https:\/\/la-presse-anarchiste.net\/index.php\/wp-json\/wp\/v2\/ppma_author?post=1170"}],"curies":[{"name":"wp","href":"https:\/\/api.w.org\/{rel}","templated":true}]}}