{"id":1172,"date":"2008-01-12T14:40:51","date_gmt":"2008-01-12T14:40:51","guid":{"rendered":"https:\/\/la-presse-anarchiste.net\/index.php\/2008\/01\/12\/etat-et-violence\/"},"modified":"2008-01-12T14:40:51","modified_gmt":"2008-01-12T14:40:51","slug":"etat-et-violence","status":"publish","type":"post","link":"https:\/\/la-presse-anarchiste.net\/index.php\/2008\/01\/12\/etat-et-violence\/","title":{"rendered":"\u00c9tat et violence"},"content":{"rendered":"<div class=\"pdfprnt-buttons pdfprnt-buttons-post pdfprnt-top-right\"><a href=\"https:\/\/la-presse-anarchiste.net\/index.php\/wp-json\/wp\/v2\/posts\/1172?print=pdf\" class=\"pdfprnt-button pdfprnt-button-pdf\" target=\"_blank\"><img decoding=\"async\" src=\"https:\/\/la-presse-anarchiste.net\/wp-content\/plugins\/pdf-print\/images\/pdf.png\" alt=\"image_pdf\" title=\"Afficher le PDF\"><\/a><a href=\"https:\/\/la-presse-anarchiste.net\/index.php\/wp-json\/wp\/v2\/posts\/1172?print=print\" class=\"pdfprnt-button pdfprnt-button-print\" target=\"_blank\"><img decoding=\"async\" src=\"https:\/\/la-presse-anarchiste.net\/wp-content\/plugins\/pdf-print\/images\/print.png\" alt=\"image_print\" title=\"Contenu imprim\u00e9\"><\/a><\/div><p style=\"text-indent: 1.49cm; margin-bottom: 0cm;\" align=\"justify\">\n<font face=\"Garamond, serif\"><font style=\"font-size: 13pt;\" size=\"3\"><b>[(<\/b><span lang=\"fr-FR\">(Texte<br>\ntir\u00e9 d\u2019une antho\u00adlo\u00adgie publi\u00e9e par un pacifiste<br>\nautri\u00adchien, Franz Kobler&nbsp;: \u00ab&nbsp;Vio\u00adlence et non-violence&nbsp;\u00bb,<br>\nZurich, 1928. Le texte de Ramus est la pre\u00admi\u00e8re par\u00adtie d\u2019un<br>\n\u00ab&nbsp;dia\u00adlogue&nbsp;\u00bb sur l\u2019\u00c9tat et la vio\u00adlence&nbsp;; le second<br>\ntexte, sign\u00e9 d\u2019un juriste, tend \u00e0 prou\u00adver que l\u2019\u00c9tat<br>\nest n\u00e9ces\u00adsaire, et donc la vio\u00adlence&nbsp;; ce qui importe, c\u2019est<br>\nde savoir si elle est juri\u00addi\u00adque\u00adment fon\u00add\u00e9e, ou&nbsp;non.)&nbsp;)]<\/span><\/font><\/font><\/p>\n<p style=\"text-indent: 1.49cm; margin-bottom: 0cm;\" align=\"justify\"><font face=\"Garamond, serif\"><font style=\"font-size: 13pt;\" size=\"3\"><span lang=\"fr-FR\">Dans<br>\ntout \u00c9tat, il n\u2019y a face \u00e0 face que des ma\u00eetres<br>\net des esclaves. Une orga\u00adni\u00adsa\u00adtion d\u2019\u00c9tat est l\u2019organisation<br>\nde l\u2019autorit\u00e9 dans un espace g\u00e9o\u00adgra\u00adphique limit\u00e9.<\/span><\/font><\/font><\/p>\n<p style=\"text-indent: 1.49cm; margin-bottom: 0cm;\" align=\"justify\"><font face=\"Garamond, serif\"><font style=\"font-size: 13pt;\" size=\"3\"><span lang=\"fr-FR\">Quelle<br>\nest la carac\u00adt\u00e9\u00adris\u00adtique essen\u00adtielle de toute autorit\u00e9&nbsp;?<br>\nLa vio\u00adlence. L\u2019\u00c9tat uti\u00adlise la vio\u00adlence pour exer\u00adcer&nbsp;son<br>\nauto\u00adri\u00adt\u00e9, et sans vio\u00adlence il n\u2019y a pas d\u2019autorit\u00e9.<br>\nPr\u00e9\u00adtendre que l\u2019autorit\u00e9 repose sur une vio\u00adlence&nbsp;dont<br>\nla n\u00e9ces\u00adsi\u00adt\u00e9 est recon\u00adnue par les sujets eux-m\u00eames,<br>\nc\u2019est d\u00e9fendre une concep\u00adtion fausse pour la bonne raison<br>\nqu\u2019une telle conscience ne peut \u00eatre&nbsp;cr\u00e9\u00e9e<br>\nqu\u2019artificiellement par la vio\u00adlence de l\u2019\u00c9tat, par<br>\nl\u2019\u00e9ducation, l\u2019opinion publique et l\u2019entourage.<\/span><\/font><\/font><\/p>\n<p style=\"text-indent: 1.49cm; margin-bottom: 0cm;\" align=\"justify\"><font face=\"Garamond, serif\"><font style=\"font-size: 13pt;\" size=\"3\"><span lang=\"fr-FR\">La<br>\nth\u00e9o\u00adrie juri\u00addique de l\u2019\u00c9tat s\u2019est toutefois<br>\neffor\u00adc\u00e9e depuis tou\u00adjours de prou\u00adver que la vio\u00adlence de l\u2019\u00c9tat<br>\na des racines juri\u00addiques et se d\u00e9ve\u00adloppe \u00e0 par\u00adtir&nbsp;du<br>\ndroit. Cette ten\u00adta\u00adtive est facile \u00e0 conce\u00advoir car,&nbsp;\u00e0<br>\npeine est-il prou\u00adv\u00e9 que nous n\u2019avons \u00e0 faire&nbsp;dans<br>\nl\u2019\u00c9tat qu\u2019avec une orga\u00adni\u00adsa\u00adtion de vio\u00adlence, il&nbsp;faut<br>\nrenon\u00adcer \u00e0 toute jus\u00adti\u00adfi\u00adca\u00adtion de l\u2019\u00c9tat qui&nbsp;ne<br>\nrepose pas sur la th\u00e9o\u00adrie de la puis\u00adsance (Hobbes, Austin,<br>\nHal\u00adler). Mais l\u2019\u00c9tat et le Droit ne sont pas iden\u00adtiques l\u2019un<br>\n\u00e0 l\u2019autre. Cela prouve que la pres\u00adsion juri\u00addique qu\u2019exerce<br>\nl\u2019\u00c9tat contre chaque indi\u00advi\u00addu cesse face au d\u00e9tenteur<br>\nde la vio\u00adlence supr\u00eame. Nous trou\u00advons cela dans les&nbsp;Etats<br>\ndes\u00adpo\u00adtiques comme dans les r\u00e9pu\u00adbliques les plus \u00e9volu\u00e9es.<br>\nDans tous les Etats il y a un point o\u00f9 l\u2019\u00c9tat<br>\napproche <b>l\u2019ultima ratio <\/b>de son exis\u00adtence et impose une<br>\nvio\u00adlence \u00e0 la soci\u00e9\u00adt\u00e9, face \u00e0 laquelle<br>\ntoute pro\u00adtec\u00adtion juri\u00addique lui est refu\u00ads\u00e9e, et d\u00e9truite<br>\npar l\u2019\u00c9tat sou\u00adve\u00adrain. Ce fait est com\u00adpr\u00e9\u00adhen\u00adsible&nbsp;si<br>\nl\u2019on recon\u00adna\u00eet que l\u2019\u00c9tat n\u2019est rien que&nbsp;la<br>\nvio\u00adlence cen\u00adtra\u00adli\u00ads\u00e9e et orga\u00adni\u00ads\u00e9e dans la soci\u00e9t\u00e9<br>\net contre la soci\u00e9\u00adt\u00e9. S\u2019il faut dis\u00adsi\u00admu\u00adler ce&nbsp;fait,<br>\ncomme le fait la th\u00e9o\u00adrie juri\u00addique de l\u2019\u00c9tat, il&nbsp;est<br>\nalors n\u00e9ces\u00adsaire de recou\u00adrir \u00e0 tous les sch\u00e9mas<br>\nde com\u00adpr\u00e9\u00adhen\u00adsion possibles.<\/span><\/font><\/font><\/p>\n<p style=\"text-indent: 1.49cm; margin-bottom: 0cm;\" align=\"justify\"><font face=\"Garamond, serif\"><font style=\"font-size: 13pt;\" size=\"3\"><span lang=\"fr-FR\">L\u2019anarchisme<br>\nrepose sur la recon\u00adnais\u00adsance que le droit public dans ses \u00e9l\u00e9ments<br>\nessen\u00adtiels est un \u00e9tat de vio\u00adlence syst\u00e9matis\u00e9.<br>\nNous ne voyons nulle part que le droit public garan\u00adtisse&nbsp;\u00e0<br>\nl\u2019individu l\u2019assurance du mini\u00admum vital, \u00e0 la soci\u00e9t\u00e9<br>\nla pro\u00adtec\u00adtion de ses int\u00e9\u00adr\u00eats collectifs.<\/span><\/font><\/font><\/p>\n<p style=\"text-indent: 1.49cm; margin-bottom: 0cm;\" align=\"justify\"><font face=\"Garamond, serif\"><font style=\"font-size: 13pt;\" size=\"3\"><span lang=\"fr-FR\">Il<br>\nest faux de pr\u00e9\u00adtendre que cela est conte\u00adnu jus\u00adte\u00adment&nbsp;sous<br>\nforme d\u2019obligation par le droit public. Cela vient&nbsp;d\u00e9j\u00e0<br>\ndu fait que les sources juri\u00addiques, d\u2019o\u00f9 les th\u00e9ories<br>\nde l\u2019\u00c9tat tirent la soi-disant \u00ab&nbsp;ori\u00adgine du&nbsp;droit&nbsp;\u00bb,<br>\nsont com\u00adpl\u00e8\u00adte\u00adment mythiques&nbsp;; le vrai Droit au contraire a&nbsp;son<br>\nori\u00adgine exclu\u00adsi\u00adve\u00adment dans le droit cou\u00adtu\u00admier de la soci\u00e9t\u00e9.<br>\nCe que nous appe\u00adlons droit public, c\u2019est l\u2019\u00e9tablissement<br>\nd\u2019une r\u00e8gle de vio\u00adlence par une pres\u00adsion consciente.<\/span><\/font><\/font><\/p>\n<p style=\"text-indent: 1.49cm; margin-bottom: 0cm;\" align=\"justify\"><font face=\"Garamond, serif\"><font style=\"font-size: 13pt;\" size=\"3\"><span lang=\"fr-FR\">Dans<br>\ncette ana\u00adlyse, l\u2019anarchisme est m\u00eame confir\u00adm\u00e9&nbsp;par<br>\nl\u2019aveu invo\u00adlon\u00adtaire de la th\u00e9o\u00adrie juri\u00addique de l\u2019\u00c9tat.<br>\nCelle-ci fonde la pres\u00adsion juri\u00addique dans le fait qu\u2019une<br>\norga\u00adni\u00adsa\u00adtion rai\u00adson\u00adnable de la vie sociale n\u2019est pos\u00adsible que&nbsp;par<br>\nune loi n\u00e9e d\u2019un point de vue uni\u00adtaire, valable pour&nbsp;tout<br>\nl\u2019\u00eatre social et \u00e9ta\u00adblie par lui. Ela\u00adbo\u00adrer&nbsp;un<br>\nr\u00e8gle\u00adment ext\u00e9\u00adrieur du com\u00adpor\u00adte\u00adment humain, sans<br>\nprendre en consi\u00add\u00e9\u00adra\u00adtion la volon\u00adt\u00e9 auto\u00adnome&nbsp;de<br>\nl\u2019individu, c\u2019est lui faire vio\u00adlence et nier l\u2019\u00e9ducation<br>\nmorale de cha\u00adcun, qui ne peut se faire que dans le&nbsp;libre<br>\nd\u00e9ve\u00adlop\u00adpe\u00adment de sa vie int\u00e9rieure.<\/span><\/font><\/font><\/p>\n<p style=\"text-indent: 1.49cm; margin-bottom: 0cm;\" align=\"justify\"><font face=\"Garamond, serif\"><font style=\"font-size: 13pt;\" size=\"3\"><span lang=\"fr-FR\">Au<br>\nsujet du libre d\u00e9ve\u00adlop\u00adpe\u00adment et de l\u2019\u00e9ducation morale<br>\nde l\u2019individu, l\u2019anarchisme affirme qu\u2019ils suf\u00adfisent amplement<br>\n\u00e0 mener la soci\u00e9\u00adt\u00e9 \u00e0 une conscience<br>\njuri\u00addique tou\u00adjours plus civi\u00adli\u00ads\u00e9e et qui s\u2019exprime plus<br>\npurement.<\/span><\/font><\/font><\/p>\n<p style=\"text-indent: 1.49cm; margin-bottom: 0cm;\" align=\"justify\"><font face=\"Garamond, serif\"><font style=\"font-size: 13pt;\" size=\"3\"><span lang=\"fr-FR\">Ce<br>\nserait faux d\u2019admettre que l\u2019anarchisme, parce qu\u2019il s\u2019efforce<br>\nde par\u00adve\u00adnir \u00e0 un \u00e9tat de non-vio\u00adlence, adopte le&nbsp;point<br>\nde vue de la non-r\u00e9sis\u00adtance et de l\u2019acceptation du&nbsp;mal.<br>\nCertes, l\u2019anarchisme d\u00e9fend le prin\u00adcipe de non-violence<br>\naus\u00adsi dans la pra\u00adtique de l\u2019action sociale, mais il la comprend<br>\ncomme l\u2019opposition \u00e0 la vio\u00adlence exer\u00adc\u00e9e par l\u2019\u00c9tat.<br>\nL\u2019anarchisme recon\u00adna\u00eet cette der\u00adni\u00e8re dans la violence<br>\narm\u00e9e. A l\u2019oppos\u00e9 de tout autre mouvement<br>\nr\u00e9vo\u00adlu\u00adtion\u00adnaire des temps modernes, l\u2019anarchisme ne cherche<br>\npas \u00e0 conqu\u00e9\u00adrir cette vio\u00adlence, il n\u2019utilise aucune<br>\nvio\u00adlence arm\u00e9e pour r\u00e9a\u00adli\u00adser ses aspi\u00adra\u00adtions. Son&nbsp;but,<br>\nau contraire, c\u2019est de d\u00e9truire l\u2019organisation arm\u00e9e<br>\n\u00e0 l\u2019int\u00e9rieur de la soci\u00e9\u00adt\u00e9.&nbsp;Son<br>\nprin\u00adcipe, c\u2019est&nbsp;: \u00ab&nbsp;Pas d\u2019opposition \u00e0 la violence<br>\navec les moyens vio\u00adlents de l\u2019\u00c9tat\u200a\u2014\u200ales armes&nbsp;!&nbsp;\u00bb&nbsp;Au<br>\nlieu de cela, l\u2019anarchisme, dans sa phase actuelle de<br>\nd\u00e9ve\u00adlop\u00adpe\u00adment, uti\u00adlise les moyens d\u2019action socio-\u00e9conomiques<br>\nqui se trouvent dans la conscience et la force de tra\u00advail des hommes.<\/span><\/font><\/font><\/p>\n<p style=\"text-indent: 1.49cm; margin-bottom: 0cm;\" align=\"justify\" lang=\"fr-FR\">\n<font face=\"Garamond, serif\"><font style=\"font-size: 13pt;\" size=\"3\"><b>Pierre<br>\nRamus<\/b><\/font><\/font><\/p>\n","protected":false},"excerpt":{"rendered":"<p>[((Texte tir\u00e9 d\u2019une antho\u00adlo\u00adgie publi\u00e9e par un paci\u00adfiste autri\u00adchien, Franz Kobler&nbsp;: \u00ab&nbsp;Vio\u00adlence et non-vio\u00adlence&nbsp;\u00bb, Zurich, 1928. Le texte de Ramus est la pre\u00admi\u00e8re par\u00adtie d\u2019un \u00ab&nbsp;dia\u00adlogue&nbsp;\u00bb sur l\u2019\u00c9tat et la vio\u00adlence&nbsp;; le second texte, sign\u00e9 d\u2019un juriste, tend \u00e0 prou\u00adver que l\u2019\u00c9tat est n\u00e9ces\u00adsaire, et donc la vio\u00adlence&nbsp;; ce qui importe, c\u2019est de savoir si&nbsp;[\u2026]<\/p>\n","protected":false},"author":1,"featured_media":0,"comment_status":"closed","ping_status":"closed","sticky":false,"template":"","format":"standard","meta":{"wp_typography_post_enhancements_disabled":false,"footnotes":""},"categories":[134],"tags":[],"ppma_author":[540],"class_list":["post-1172","post","type-post","status-publish","format-standard","hentry","category-anarchisme-et-non-violence-n16-janvier-fevrier-1969"],"authors":[{"term_id":540,"user_id":1,"is_guest":0,"slug":"admin_3gikpwyf","display_name":"Vincent Dubuc","avatar_url":"https:\/\/secure.gravatar.com\/avatar\/d015720652c25fd2ced191ade86430094e1f288a17483713e3b34d26dea52507?s=96&d=mm&r=g","author_category":"","user_url":"https:\/\/la-presse-anarchiste.net","last_name":"Dubuc","first_name":"Vincent","job_title":"","description":""}],"_links":{"self":[{"href":"https:\/\/la-presse-anarchiste.net\/index.php\/wp-json\/wp\/v2\/posts\/1172","targetHints":{"allow":["GET"]}}],"collection":[{"href":"https:\/\/la-presse-anarchiste.net\/index.php\/wp-json\/wp\/v2\/posts"}],"about":[{"href":"https:\/\/la-presse-anarchiste.net\/index.php\/wp-json\/wp\/v2\/types\/post"}],"author":[{"embeddable":true,"href":"https:\/\/la-presse-anarchiste.net\/index.php\/wp-json\/wp\/v2\/users\/1"}],"replies":[{"embeddable":true,"href":"https:\/\/la-presse-anarchiste.net\/index.php\/wp-json\/wp\/v2\/comments?post=1172"}],"version-history":[{"count":0,"href":"https:\/\/la-presse-anarchiste.net\/index.php\/wp-json\/wp\/v2\/posts\/1172\/revisions"}],"wp:attachment":[{"href":"https:\/\/la-presse-anarchiste.net\/index.php\/wp-json\/wp\/v2\/media?parent=1172"}],"wp:term":[{"taxonomy":"category","embeddable":true,"href":"https:\/\/la-presse-anarchiste.net\/index.php\/wp-json\/wp\/v2\/categories?post=1172"},{"taxonomy":"post_tag","embeddable":true,"href":"https:\/\/la-presse-anarchiste.net\/index.php\/wp-json\/wp\/v2\/tags?post=1172"},{"taxonomy":"author","embeddable":true,"href":"https:\/\/la-presse-anarchiste.net\/index.php\/wp-json\/wp\/v2\/ppma_author?post=1172"}],"curies":[{"name":"wp","href":"https:\/\/api.w.org\/{rel}","templated":true}]}}