{"id":1173,"date":"2008-01-12T14:37:56","date_gmt":"2008-01-12T14:37:56","guid":{"rendered":"https:\/\/la-presse-anarchiste.net\/index.php\/2008\/01\/12\/note-bibliographique\/"},"modified":"2008-01-12T14:37:56","modified_gmt":"2008-01-12T14:37:56","slug":"note-bibliographique","status":"publish","type":"post","link":"https:\/\/la-presse-anarchiste.net\/index.php\/2008\/01\/12\/note-bibliographique\/","title":{"rendered":"Note bibliographique"},"content":{"rendered":"<div class=\"pdfprnt-buttons pdfprnt-buttons-post pdfprnt-top-right\"><a href=\"https:\/\/la-presse-anarchiste.net\/index.php\/wp-json\/wp\/v2\/posts\/1173?print=pdf\" class=\"pdfprnt-button pdfprnt-button-pdf\" target=\"_blank\"><img decoding=\"async\" src=\"https:\/\/la-presse-anarchiste.net\/wp-content\/plugins\/pdf-print\/images\/pdf.png\" alt=\"image_pdf\" title=\"Afficher le PDF\"><\/a><a href=\"https:\/\/la-presse-anarchiste.net\/index.php\/wp-json\/wp\/v2\/posts\/1173?print=print\" class=\"pdfprnt-button pdfprnt-button-print\" target=\"_blank\"><img decoding=\"async\" src=\"https:\/\/la-presse-anarchiste.net\/wp-content\/plugins\/pdf-print\/images\/print.png\" alt=\"image_print\" title=\"Contenu imprim\u00e9\"><\/a><\/div><p style=\"text-indent: 1.49cm; margin-bottom: 0cm;\" align=\"justify\" lang=\"fr-FR\">\n<font face=\"Garamond, serif\"><font style=\"font-size: 13pt;\" size=\"3\"><b><\/b><\/font><\/font><\/p>\n<p>[(Nous<br>\nn\u2019avons pas r\u00e9us\u00adsi \u00e0 recons\u00adti\u00adtuer une bibliographie<br>\ncom\u00adpl\u00e8te de Ramus&nbsp;; comme la presque tota\u00adli\u00adt\u00e9 de&nbsp;ses<br>\n\u00e9crits n\u2019existent qu\u2019en alle\u00admand, nous avons pr\u00e9f\u00e9r\u00e9<br>\nnous bor\u00adner \u00e0 don\u00adner la liste de ce que pos\u00ads\u00e8de&nbsp;le<br>\nCentre inter\u00adna\u00adtio\u00adnal de recherches sur l\u2019anarchisme (24, ave\u00adnue&nbsp;de<br>\nBeau\u00admont, 1012 Lau\u00adsanne, Suisse) et qui est \u00e0 la disposition<br>\nde chacun.)]<\/p>\n<p><\/p>\n<p style=\"text-indent: 1.49cm; margin-bottom: 0cm;\" align=\"justify\" lang=\"de-DE\">\n<\/p><p style=\"text-indent: 1.49cm; margin-bottom: 0cm;\" align=\"justify\"><font face=\"Garamond, serif\"><font style=\"font-size: 13pt;\" size=\"3\"><span lang=\"de-DE\"><i>Das<br>\nanar\u00adchis\u00adtische Mani\u00adfest<\/i> (Le mani\u00adfeste anar\u00adchiste); Ver\u00adlag&nbsp;Max<br>\nLeh\u00admann, Ber\u00adlin,&nbsp;1907.<\/span><\/font><\/font><\/p>\n<p style=\"text-indent: 1.49cm; margin-bottom: 0cm;\" align=\"justify\"><font face=\"Garamond, serif\"><font style=\"font-size: 13pt;\" size=\"3\"><span lang=\"de-DE\"><i>Zur<br>\nKri\u00adtik und W\u00fcr\u00addi\u00adgung des Syn\u00addi\u00adka\u00adlis\u00admus<\/i> (Cri\u00adtique et&nbsp;\u00e9loge<br>\ndu syn\u00addi\u00adca\u00adlisme); Ber\u00adlin,&nbsp;1908.<\/span><\/font><\/font><\/p>\n<p style=\"text-indent: 1.49cm; margin-bottom: 0cm;\" align=\"justify\"><font face=\"Garamond, serif\"><font style=\"font-size: 13pt;\" size=\"3\"><span lang=\"de-DE\"><i>Den<br>\nanar\u00adkis\u00adtis\u00adka Anti\u00admi\u00adli\u00adta\u00adris\u00admen<\/i> (L\u2019antimilitarisme anarchiste);<br>\nStock\u00adholm,&nbsp;1911.<\/span><\/font><\/font><\/p>\n<p style=\"text-indent: 1.49cm; margin-bottom: 0cm;\" align=\"justify\"><font face=\"Garamond, serif\"><font style=\"font-size: 13pt;\" size=\"3\"><span lang=\"de-DE\"><i>Die<br>\nNeu\u00adsch\u00f6p\u00adfung der Gesell\u00adschaft, durch den kommunistischen<br>\nAnar\u00adchis\u00admus<\/i> (La recr\u00e9a\u00adtion de la soci\u00e9\u00adt\u00e9&nbsp;par<br>\nle com\u00admu\u00adnisme anar\u00adchiste); Wien,&nbsp;1920.<\/span><\/font><\/font><\/p>\n<p style=\"text-indent: 1.49cm; margin-bottom: 0cm;\" align=\"justify\"><font face=\"Garamond, serif\"><font style=\"font-size: 13pt;\" size=\"3\"><span lang=\"fr-FR\"><i>Die<br>\nIrriehre des Mar\u00adxis\u00admus im Bereich des Sozia\u00adlis\u00admus und Proletariats<\/i><br>\n(La fausse doc\u00adtrine du mar\u00adxisme dans le domaine du socia\u00adlisme et&nbsp;du<br>\npro\u00adl\u00e9\u00adta\u00adriat); 2te Auflage, Ver\u00adlag R. L\u00f6wit, Wien&nbsp;&amp;<br>\nLeip\u00adzig, 1927&nbsp;; Bibliographie.<\/span><\/font><\/font><\/p>\n<p style=\"text-indent: 1.49cm; margin-bottom: 0cm;\" align=\"justify\"><font face=\"Garamond, serif\"><font style=\"font-size: 13pt;\" size=\"3\"><span lang=\"de-DE\">\u00ab&nbsp;Staat<br>\nund Gewalt&nbsp;\u00bb (\u00ab&nbsp;\u00c9tat et vio\u00adlence&nbsp;\u00bb), <i>in<br>\nGewalt und Gewalt\u00adlo\u00adsig\u00adkeit <\/i>(Vio\u00adlence et non-vio\u00adlence), hrsg.&nbsp;von<br>\nFranz Kobler&nbsp;; Zurich, 1928.<\/span><\/font><\/font><\/p>\n<p style=\"text-indent: 1.49cm; margin-bottom: 0cm;\" align=\"justify\"><font face=\"Garamond, serif\"><font style=\"font-size: 13pt;\" size=\"3\"><span lang=\"fr-FR\"><b>\u00ab&nbsp;<\/b>Le<br>\ncom\u00admu\u00adnisme anar\u00adchiste comme r\u00e9a\u00adli\u00adsa\u00adtion pour les&nbsp;temps<br>\nactuels\u00bb&nbsp;; pr\u00e9\u00adface d\u2019E. Armand<i>&nbsp;; La Brochure<br>\nmen\u00adsuelle<\/i>, n\u00b0 143, Paris, novembre 1934.<\/span><\/font><\/font><\/p>\n<p style=\"text-indent: 1.49cm; margin-bottom: 0cm;\" align=\"justify\"><font face=\"Garamond, serif\"><font style=\"font-size: 13pt;\" size=\"3\"><span lang=\"fr-FR\">\u00ab&nbsp;La<br>\npr\u00e9\u00adpa\u00adra\u00adtion \u00e0 la guerre, sans la r\u00e9sis\u00adtance&nbsp;du<br>\npeuple\u200a\u2014\u200aPour\u00adquoi&nbsp;?\u00bb sui\u00advi de \u00ab&nbsp;Tu ne tue\u00adras&nbsp;point&nbsp;\u00bb,<br>\nde L. Tol\u00adsto\u00ef&nbsp;; <i>La Bro\u00adchure men\u00adsuelle,<\/i> n\u00b0 154,&nbsp;Paris,<br>\noctobre 1935.<\/span><\/font><\/font><\/p>\n<p style=\"text-indent: 1.49cm; margin-bottom: 0cm;\" align=\"justify\" lang=\"fr-FR\"><font face=\"Garamond, serif\"><font style=\"font-size: 13pt;\" size=\"3\"><span lang=\"en-GB\"><i>Why<br>\ndoes anar\u00adchism pro\u00adgress so slow\u00adly&nbsp;?<\/i> <\/span><span lang=\"fr-FR\">(Pour\u00adquoi<br>\nl\u2019anarchisme pro\u00adgresse-t-il si len\u00adte\u00adment&nbsp;?); San Fran\u00adcis\u00adco, \u00ab&nbsp;Man<br>\n!\u00bb \u00e9d.,&nbsp;1935.<\/span><\/font><\/font><\/p>\n<p style=\"text-indent: 1.49cm; margin-bottom: 0cm;\" align=\"justify\"><font face=\"Garamond, serif\"><font style=\"font-size: 13pt;\" size=\"3\"><b><span lang=\"fr-FR\">Sur<br>\nPierre Ramus, voir&nbsp;:<\/span><\/b><\/font><\/font><\/p>\n<p style=\"text-indent: 1.49cm; margin-bottom: 0cm;\" align=\"justify\">\u2014<br>\n<font face=\"Garamond, serif\"><font style=\"font-size: 13pt;\" size=\"3\"><span lang=\"fr-FR\">Article<br>\nde L.S. <i>in<\/i> \u00ab&nbsp;Befreiung&nbsp;\u00bb (M\u00fcl\u00adheim), juillet<br>\n1966&nbsp;;<\/span><\/font><\/font><\/p>\n<p style=\"text-indent: 1.49cm; margin-bottom: 0cm;\" align=\"justify\">\u2014<br>\n<font face=\"Garamond, serif\"><font style=\"font-size: 13pt;\" size=\"3\"><span lang=\"fr-FR\">Article<br>\nd\u2019E. Rel\u00adgis <i>in <\/i>\u00ab&nbsp;Recons\u00adtruir&nbsp;\u00bb (Bue\u00adnos&nbsp;Aires),<br>\n1967.<\/span><\/font><\/font><\/p>\n<p style=\"text-indent: 1.49cm; margin-bottom: 0cm;\" align=\"justify\" lang=\"fr-FR\">\n<\/p><p style=\"text-indent: 1.49cm; margin-bottom: 0cm;\" align=\"justify\"><font face=\"Garamond, serif\"><font style=\"font-size: 13pt;\" size=\"3\"><span lang=\"fr-FR\">L\u2019Institut<br>\ninter\u00adna\u00adtio\u00adnal d\u2019histoire sociale, \u00e0 Amster\u00addam, poss\u00e8de<br>\ntous les manus\u00adcrits qu\u2019a lais\u00ads\u00e9s Ramus, en par\u00adti\u00adcu\u00adlier&nbsp;celui<br>\nd\u2019un livre&nbsp;: \u00ab&nbsp;Mensch, Staat und Gesell\u00adschaft&nbsp;\u00bb (L\u2019homme,<br>\nl\u2019\u00c9tat et la soci\u00e9\u00adt\u00e9); ils&nbsp;sont<br>\nmal\u00adheu\u00adreu\u00adse\u00adment dif\u00adfi\u00adci\u00adle\u00adment consultables.<\/span><\/font><\/font><\/p>\n<p style=\"text-indent: 1.49cm; margin-bottom: 0cm;\" align=\"justify\"><font face=\"Garamond, serif\"><font style=\"font-size: 13pt;\" size=\"3\"><span lang=\"fr-FR\">La<br>\npho\u00adto de cou\u00adver\u00adture nous a \u00e9t\u00e9 aima\u00adble\u00adment four\u00adnie&nbsp;par<br>\nla fille de Ramus, M<sup>me<\/sup>&nbsp;Lil\u00adly Schorr&nbsp;; nous l\u2019en remercions.<\/span><\/font><\/font><\/p>\n","protected":false},"excerpt":{"rendered":"<p>[(Nous n\u2019avons pas r\u00e9us\u00adsi \u00e0 recons\u00adti\u00adtuer une biblio\u00adgra\u00adphie com\u00adpl\u00e8te de Ramus&nbsp;; comme la presque tota\u00adli\u00adt\u00e9 de&nbsp;ses \u00e9crits n\u2019existent qu\u2019en alle\u00admand, nous avons pr\u00e9\u00adf\u00e9\u00adr\u00e9 nous bor\u00adner \u00e0 don\u00adner la liste de ce que pos\u00ads\u00e8de&nbsp;le Centre inter\u00adna\u00adtio\u00adnal de recherches sur l\u2019anarchisme (24, ave\u00adnue&nbsp;de Beau\u00admont, 1012 Lau\u00adsanne, Suisse) et qui est \u00e0 la dis\u00adpo\u00adsi\u00adtion de cha\u00adcun.)] Das anarchistische&nbsp;[\u2026]<\/p>\n","protected":false},"author":1,"featured_media":0,"comment_status":"closed","ping_status":"closed","sticky":false,"template":"","format":"standard","meta":{"wp_typography_post_enhancements_disabled":false,"footnotes":""},"categories":[134],"tags":[],"ppma_author":[540],"class_list":["post-1173","post","type-post","status-publish","format-standard","hentry","category-anarchisme-et-non-violence-n16-janvier-fevrier-1969"],"authors":[{"term_id":540,"user_id":1,"is_guest":0,"slug":"admin_3gikpwyf","display_name":"Vincent Dubuc","avatar_url":"https:\/\/secure.gravatar.com\/avatar\/d015720652c25fd2ced191ade86430094e1f288a17483713e3b34d26dea52507?s=96&d=mm&r=g","author_category":"","user_url":"https:\/\/la-presse-anarchiste.net","last_name":"Dubuc","first_name":"Vincent","job_title":"","description":""}],"_links":{"self":[{"href":"https:\/\/la-presse-anarchiste.net\/index.php\/wp-json\/wp\/v2\/posts\/1173","targetHints":{"allow":["GET"]}}],"collection":[{"href":"https:\/\/la-presse-anarchiste.net\/index.php\/wp-json\/wp\/v2\/posts"}],"about":[{"href":"https:\/\/la-presse-anarchiste.net\/index.php\/wp-json\/wp\/v2\/types\/post"}],"author":[{"embeddable":true,"href":"https:\/\/la-presse-anarchiste.net\/index.php\/wp-json\/wp\/v2\/users\/1"}],"replies":[{"embeddable":true,"href":"https:\/\/la-presse-anarchiste.net\/index.php\/wp-json\/wp\/v2\/comments?post=1173"}],"version-history":[{"count":0,"href":"https:\/\/la-presse-anarchiste.net\/index.php\/wp-json\/wp\/v2\/posts\/1173\/revisions"}],"wp:attachment":[{"href":"https:\/\/la-presse-anarchiste.net\/index.php\/wp-json\/wp\/v2\/media?parent=1173"}],"wp:term":[{"taxonomy":"category","embeddable":true,"href":"https:\/\/la-presse-anarchiste.net\/index.php\/wp-json\/wp\/v2\/categories?post=1173"},{"taxonomy":"post_tag","embeddable":true,"href":"https:\/\/la-presse-anarchiste.net\/index.php\/wp-json\/wp\/v2\/tags?post=1173"},{"taxonomy":"author","embeddable":true,"href":"https:\/\/la-presse-anarchiste.net\/index.php\/wp-json\/wp\/v2\/ppma_author?post=1173"}],"curies":[{"name":"wp","href":"https:\/\/api.w.org\/{rel}","templated":true}]}}