{"id":1175,"date":"2008-01-13T04:42:18","date_gmt":"2008-01-13T04:42:18","guid":{"rendered":"https:\/\/la-presse-anarchiste.net\/index.php\/2008\/01\/13\/les-systemes-parlementaires-theorie-et-pratique\/"},"modified":"2008-01-13T04:42:18","modified_gmt":"2008-01-13T04:42:18","slug":"les-systemes-parlementaires-theorie-et-pratique","status":"publish","type":"post","link":"https:\/\/la-presse-anarchiste.net\/index.php\/2008\/01\/13\/les-systemes-parlementaires-theorie-et-pratique\/","title":{"rendered":"Les syst\u00e8mes parlementaires, th\u00e9orie et pratique"},"content":{"rendered":"<div class=\"pdfprnt-buttons pdfprnt-buttons-post pdfprnt-top-right\"><a href=\"https:\/\/la-presse-anarchiste.net\/index.php\/wp-json\/wp\/v2\/posts\/1175?print=pdf\" class=\"pdfprnt-button pdfprnt-button-pdf\" target=\"_blank\"><img decoding=\"async\" src=\"https:\/\/la-presse-anarchiste.net\/wp-content\/plugins\/pdf-print\/images\/pdf.png\" alt=\"image_pdf\" title=\"Afficher le PDF\"><\/a><a href=\"https:\/\/la-presse-anarchiste.net\/index.php\/wp-json\/wp\/v2\/posts\/1175?print=print\" class=\"pdfprnt-button pdfprnt-button-print\" target=\"_blank\"><img decoding=\"async\" src=\"https:\/\/la-presse-anarchiste.net\/wp-content\/plugins\/pdf-print\/images\/print.png\" alt=\"image_print\" title=\"Contenu imprim\u00e9\"><\/a><\/div><h2>Les premi\u00e8res assembl\u00e9es<\/h2>\n<p><\/p>\n<p style=\"text-indent: 1.48cm; margin-bottom: 0cm;\" align=\"justify\">Sur<br>\n400.000 Ath\u00e9\u00adniens, 40.000 \u00e9taient citoyens et avaient<br>\nacc\u00e8s \u00e0 l\u2019As\u00adsem\u00adbl\u00e9e (Eccle\u00adsia), mais il n\u2019y&nbsp;eut<br>\njamais plus de 6.000 pr\u00e9\u00adsents. Res\u00adtaient en fait hors de&nbsp;la<br>\nd\u00e9mo\u00adcra\u00adtie&nbsp;: 34.000 citoyens, 90.000 femmes et enfants, 70.000<br>\n\u00e9tran\u00adgers (M\u00e9t\u00e8ques) et 200.000 esclaves.<\/p>\n<p style=\"text-indent: 1.48cm; margin-bottom: 0cm;\" align=\"justify\">\u00c0<br>\nRome seules les familles patri\u00adciennes \u00e9taient repr\u00e9sent\u00e9es<br>\nau S\u00e9nat et le peuple n\u2019ar\u00adra\u00adcha une repr\u00e9sentation<br>\ns\u00e9pa\u00adr\u00e9e qu\u2019au prix d\u2019une lutte reven\u00addi\u00adca\u00adtive s\u00e9culaire<br>\n(retraite sur l\u2019A\u00adven\u00adtin, etc.);  mais alors une nou\u00advelle divi\u00adsion&nbsp;en<br>\nclasses sociales \u00e9tait apparue\u2026<\/p>\n<p style=\"text-indent: 1.48cm; margin-bottom: 0cm;\" align=\"justify\">De<br>\nm\u00eame les r\u00e9pu\u00adbliques urbaines m\u00e9di\u00e9vales<br>\nfurent gou\u00adver\u00adn\u00e9es par des assem\u00adbl\u00e9es patriciennes<br>\ncontre les\u00adquelles les tra\u00advailleurs se sou\u00adle\u00advaient par\u00adfois (sur\u00adtout&nbsp;au<br>\nXIV<sup>e<\/sup> si\u00e8cle avec Jacques d\u2019Ar\u00adte\u00advelde \u00e0&nbsp;Gand,<br>\nMichel Lan\u00addo \u00e0 Flo\u00adrence, etc.)<\/p>\n<p style=\"text-indent: 1.48cm; margin-bottom: 0cm;\" align=\"justify\">Les<br>\npre\u00admi\u00e8res v\u00e9ri\u00adtable d\u00e9mo\u00adcra\u00adties d\u2019Eu\u00adrope cit\u00e9es<br>\ncomme seules \u00ab&nbsp;d\u00e9mo\u00adcra\u00adties directes&nbsp;\u00bb furent les<br>\ncan\u00adtons suisses dont tous les habi\u00adtants (sauf les femmes il est&nbsp;vrai)<br>\nse r\u00e9unirent eux-m\u00eames en Assem\u00adbl\u00e9e&nbsp;: Le<br>\nLandsgemeinde.<\/p>\n<h2>L\u2019ancien r\u00e9gime<\/h2>\n<p><\/p>\n<p style=\"text-indent: 1.48cm; margin-bottom: 0cm;\" align=\"justify\">Ailleurs<br>\nla soci\u00e9\u00adt\u00e9 f\u00e9o\u00addale conti\u00adnuait la tra\u00addi\u00adtion&nbsp;des<br>\ntri\u00adbus guer\u00adri\u00e8res nomades ger\u00adma\u00adniques o\u00f9 l\u2019assembl\u00e9e<br>\ndes hommes libres \u00e9li\u00adsaient le chef. Les autres hommes<br>\n(esclaves, serfs\u2026) n\u2019ayant \u00e9vi\u00addem\u00adment pas voix au chapitre.<br>\nAin\u00adsi furent suc\u00adces\u00adsi\u00adve\u00adment \u00e9lus par l\u2019as\u00adsem\u00adbl\u00e9e&nbsp;du<br>\n\u00ab&nbsp;peuple&nbsp;\u00bb c\u2019est-\u00e0-dire des vas\u00adsaux, les fondateurs<br>\ndes dynas\u00adties fran\u00ad\u00e7aises&nbsp;: Clo\u00advis, P\u00e9pin le Bref, Hugues<br>\nCapet, Phi\u00adlippe de Valois. Une fois ins\u00adtal\u00adl\u00e9e chaque famille<br>\nr\u00e9gnante s\u2019ar\u00adran\u00adgeait pour ins\u00adtau\u00adrer en fait l\u2019h\u00e9r\u00e9dit\u00e9,<br>\nmais ne pou\u00advait se pas\u00adser de la consul\u00adta\u00adtion th\u00e9o\u00adrique&nbsp;des<br>\nvas\u00adsaux. Le monarque conser\u00advait en outre \u00e0 ses&nbsp;c\u00f4t\u00e9s<br>\nune \u00ab&nbsp;Curia Regis&nbsp;\u00bb (Cour du Roi) d\u2019o\u00f9 naquit le<br>\nPar\u00adle\u00adment&nbsp;; en France, simple tri\u00adbu\u00adnal sup\u00e9\u00adrieur ayant&nbsp;\u00e0<br>\nenre\u00adgis\u00adtrer les ordon\u00adnances royales. Les par\u00adle\u00admen\u00adtaires&nbsp;: Nobles ou<br>\ngrands bour\u00adgeois enno\u00adblis ne repr\u00e9\u00adsen\u00adtaient aucu\u00adne\u00adment&nbsp;le<br>\npeuple et au contraire \u00e9taient jalou\u00adse\u00adment atta\u00adch\u00e9s&nbsp;\u00e0<br>\nleurs pri\u00advi\u00adl\u00e8ges. Ils s\u2019op\u00adpo\u00ads\u00e8rent n\u00e9anmoins<br>\npar\u00adfois au pou\u00advoir royal sur\u00adtout au moment de la Fronde (1648) et&nbsp;\u00e0<br>\nla veille de la R\u00e9vo\u00adlu\u00adtion fran\u00ad\u00e7aise, pr\u00e9tendant<br>\njouer chaque fois un r\u00f4le sem\u00adblable \u00e0 celui&nbsp;du<br>\nPar\u00adle\u00adment anglais dont l\u2019o\u00adri\u00adgine \u00e9tait toute&nbsp;autre.<\/p>\n<p style=\"text-indent: 1.48cm; margin-bottom: 0cm;\" align=\"justify\">Beau\u00adcoup<br>\nplus repr\u00e9\u00adsen\u00adta\u00adtifs \u00e9taient les&nbsp;\u00c9tats<br>\nPro\u00advin\u00adciaux et, \u00e0 par\u00adtir du XIV<sup>e<\/sup> si\u00e8cle, les<br>\n\u00c9tats G\u00e9n\u00e9\u00adraux, com\u00adpo\u00ads\u00e9s de d\u00e9put\u00e9s<br>\ndes trois Ordres&nbsp;: Cler\u00adg\u00e9, Noblesse, Tiers&nbsp;\u00c9tat.<\/p>\n<p style=\"text-indent: 1.48cm; margin-bottom: 0cm;\" align=\"justify\">La<br>\nguerre de 100 ans faillit \u00e0 plu\u00adsieurs reprises faire des&nbsp;\u00c9tats<br>\nG\u00e9n\u00e9\u00adraux un v\u00e9ri\u00adtable pou\u00advoir per\u00adma\u00adnent&nbsp;et<br>\nind\u00e9\u00adpen\u00addant car, l\u2019im\u00adp\u00f4t n\u2019\u00e9\u00adtant pas encore cr\u00e9\u00e9,<br>\nle pou\u00advoir royal serait mort faute de res\u00adsource. Au moins&nbsp;deux<br>\nten\u00adta\u00adtives de limi\u00adter \u00e9troi\u00adte\u00adment la monar\u00adchie furent pr\u00e8s<br>\nde r\u00e9us\u00adsir d\u00e9fi\u00adni\u00adti\u00adve\u00adment&nbsp;: celle d\u2019\u00c9tienne<br>\nMar\u00adcel et de la grande Ordon\u00adnance de 1357, celle de l\u2019Ordonnance<br>\ncabo\u00adchienne et de la prise de la Bas\u00adtille de&nbsp;1413.<\/p>\n<p style=\"text-indent: 1.48cm; margin-bottom: 0cm;\" align=\"justify\">Les<br>\n\u00c9tats G\u00e9n\u00e9\u00adraux avaient \u00e9t\u00e9 r\u00e9unis<br>\nune dou\u00adzaine de fois au XIV<sup>e<\/sup> si\u00e8cle, autant au XV<sup>e<\/sup>,<br>\nils le furent seule\u00adment 5 fois au XVI<sup>e<\/sup>. Leur majorit\u00e9<br>\ncatho\u00adlique deve\u00adnait net\u00adte\u00adment anti\u00adroya\u00adliste et r\u00e9gi\u00adcide&nbsp;en<br>\nface d\u2019un roi pro\u00adtes\u00adtant&nbsp;! Puis, ils ne furent plus convoqu\u00e9s<br>\nqu\u2019en 1614 et. en 1789, pour se trans\u00adfor\u00admer d\u2019eux-m\u00eames en<br>\nAssem\u00adbl\u00e9e Natio\u00adnale Constituante.<\/p>\n<h2>La m\u00e8re des parlements<\/h2>\n<p><\/p>\n<p style=\"text-indent: 1.48cm; margin-bottom: 0cm;\" align=\"justify\">Alors<br>\nqu\u2019en France la monar\u00adchie put au long des si\u00e8cles affer\u00admir&nbsp;son<br>\nauto\u00adri\u00adt\u00e9 en s\u2019ap\u00adpuyant tan\u00adt\u00f4t sur les ordres<br>\npri\u00advi\u00adl\u00e9\u00adgi\u00e9s, tan\u00adt\u00f4t sur la bour\u00adgeoi\u00adsie, il&nbsp;n\u2019en<br>\nfut pas de m\u00eame en Angle\u00adterre, o\u00f9, Noblesse et<br>\nBour\u00adgeoi\u00adsie sur\u00adent oppo\u00adser un front uni aux empi\u00e8tements<br>\nmonar\u00adchiques. \u00c0 la faveur de guerres rui\u00adneuses men\u00e9es<br>\nen France par Jean sans Terre les barons anglais obte\u00adnaient en&nbsp;1215<br>\nla grande Charte \u00ab&nbsp;Magna Car\u00adta&nbsp;\u00bb qui ins\u00adtau\u00adrait le \u00ab&nbsp;Conseil<br>\ncom\u00admun du Royaume&nbsp;\u00bb sans l\u2019ap\u00adpro\u00adba\u00adtion de qui aucun&nbsp;imp\u00f4t<br>\nne pou\u00advait \u00eatre lev\u00e9. La noblesse anglaise dut lutter<br>\nencore 50 ans avant que la monar\u00adchie ne recon\u00adnaisse d\u00e9finitivement<br>\nles r\u00e9formes (Sta\u00adtuts d\u2019Ox\u00adford de 1258). En 1265, s\u2019\u00e9tant<br>\nadjoint les repr\u00e9\u00adsen\u00adtants de la bour\u00adgeoi\u00adsie, le premier<br>\nPar\u00adle\u00adment se r\u00e9unit, qui se com\u00adpo\u00adse\u00adra dor\u00e9\u00adna\u00advant&nbsp;de<br>\ndeux chambres&nbsp;: celle des Lords (noblesse\u200a\u2013\u200aCler\u00adg\u00e9) et celle&nbsp;des<br>\nCom\u00admunes (bour\u00adgeoi\u00adsie).<\/p>\n<p style=\"text-indent: 1.48cm; margin-bottom: 0cm;\" align=\"justify\">Quatre<br>\nsi\u00e8cle plus tard. une ultime \u00e9preuve de force oppose la<br>\nmonar\u00adchie, qui veut ins\u00adtau\u00adrer l\u2019ab\u00adso\u00adlu\u00adtisme, et le par\u00adle\u00adment.&nbsp;Ce<br>\nder\u00adnier en sor\u00adti\u00adra vain\u00adqueur \u00e0 la suite des r\u00e9volutions<br>\nde 1648 et 1688 et de la pro\u00admul\u00adga\u00adtion de l\u2019Ha\u00adbeas Cor\u00adpus 1679 et&nbsp;de<br>\nla D\u00e9cla\u00adra\u00adtion des Droits de&nbsp;1689.<\/p>\n<p style=\"text-indent: 1.48cm; margin-bottom: 0cm;\" align=\"justify\">Au<br>\nXVIII<sup>e<\/sup> si\u00e8cle, la dynas\u00adtie de Han\u00adnovre&nbsp;se<br>\nd\u00e9s\u00adin\u00adt\u00e9\u00adres\u00adsant des affaires anglaises, on&nbsp;voit<br>\nappa\u00adra\u00eetre le deuxi\u00e8me organe du r\u00e9gime<br>\npar\u00adle\u00admen\u00adtaire&nbsp;: le Cabi\u00adnet, c\u2019est-\u00e0-dire un conseil de<br>\nministres d\u00e9li\u00adb\u00e9\u00adrant sans le chef de l\u2019\u00c9\u00adtat&nbsp;et<br>\npeu \u00e0 peu res\u00adpon\u00adsable devant le Par\u00adle\u00adment&nbsp;seul.<\/p>\n<p style=\"text-indent: 1.48cm; margin-bottom: 0cm;\" align=\"justify\">Au<br>\nXIX<sup>e<\/sup> si\u00e8cle, le r\u00e9gime conti\u00adnue \u00e0&nbsp;se<br>\nd\u00e9mo\u00adcra\u00adti\u00adser sous la pres\u00adsion de l\u2019o\u00adpi\u00adnion publique, des<br>\nmani\u00adfes\u00adta\u00adtions de masse par\u00adfois vio\u00adlentes, des cam\u00adpagnes de presse et<br>\ndes mee\u00adtings. Par contre\u00adcoup de la r\u00e9vo\u00adlu\u00adtion pari\u00adsienne de<br>\n1830, une pre\u00admi\u00e8re loi de r\u00e9forme en 1832 annonce une<br>\nexten\u00adsion du droit de vote \u2013 alors r\u00e9ser\u00adv\u00e9&nbsp;\u00e0<br>\nune mino\u00adri\u00adt\u00e9 \u2013 vers le suf\u00adfrage uni\u00adver\u00adsel d\u00e9finitivement<br>\nacquis en 1928 par la lutte des suf\u00adfra\u00adgettes. Entre temps (1911) la<br>\nchambre des Lords avait per\u00addu tout pouvoir.<\/p>\n<p style=\"text-indent: 1.48cm; margin-bottom: 0cm;\" align=\"justify\">Au<br>\nterme d\u2019une \u00e9vo\u00adlu\u00adtion s\u00e9cu\u00adlaire l\u2019An\u00adgle\u00adterre a ain\u00adsi&nbsp;vu<br>\nse cr\u00e9er un r\u00e9gime consi\u00add\u00e9\u00adr\u00e9 comme&nbsp;le<br>\nmod\u00e8le du par\u00adle\u00admen\u00adta\u00adrisme. Sys\u00adt\u00e8me constitutionnel<br>\nfon\u00add\u00e9 sur deux organes d\u00e9co\u00adra\u00adtifs&nbsp;: le chef de l\u2019\u00c9tat<br>\net la Chambre Haute, et. deux organes de gou\u00adver\u00adne\u00adment&nbsp;: la Chambre<br>\nBasse et le Cabi\u00adnet. Mais en fait sys\u00adt\u00e8me repo\u00adsant enti\u00e8rement<br>\nsur l\u2019exis\u00adtence de par\u00adtis poli\u00adtiques au nombre de deux, aptes en&nbsp;tout<br>\ntemps \u00e0 se relayer au pou\u00advoir, et, sur la per\u00adma\u00adnence&nbsp;d\u2019un<br>\nr\u00e9gime \u00e9lec\u00adto\u00adral unique (suf\u00adfrage d\u2019arrondissement<br>\nmajo\u00adri\u00adtaire \u00e0 un tour) per\u00admet\u00adtant de d\u00e9ter\u00admi\u00adner&nbsp;une<br>\nmajo\u00adri\u00adt\u00e9 d\u00e8s l\u2019\u00e9\u00adlec\u00adtion pour toute&nbsp;la<br>\nl\u00e9gis\u00adla\u00adture. Ces par\u00adtis furent suc\u00adces\u00adsi\u00adve\u00adment&nbsp;au<br>\nXVII<sup>e<\/sup>:cava\u00adliers et t\u00eates rondes, au XIX<sup>e<\/sup>&nbsp;:<br>\nconser\u00adva\u00adteurs et lib\u00e9\u00adraux, au XX<sup>e<\/sup>&nbsp;: conser\u00adva\u00adteurs&nbsp;et<br>\ntra\u00advaillistes. Le sys\u00adt\u00e8me s\u2019est per\u00adfec\u00adtion\u00adn\u00e9 au&nbsp;point<br>\nque lorsque l\u2019un est au pou\u00advoir l\u2019autre s\u2019ap\u00adpr\u00eate&nbsp;\u00e0.<br>\nL\u2019\u00eatre&nbsp;: au Pre\u00admier Ministre r\u00e9pond le Chef&nbsp;de<br>\nl\u2019Op\u00adpo\u00adsi\u00adtion et le Cabi\u00adnet est dou\u00adbl\u00e9 par le Cabi\u00adnet fant\u00f4me<br>\ndu par\u00adti adverse dont cha\u00adcun conna\u00eet les membres. Aujourd\u2019hui<br>\nle par\u00adti conser\u00adva\u00adteur est le porte-parole de la bourgeoisie<br>\ncapi\u00adta\u00adliste tra\u00addi\u00adtion\u00adnelle tan\u00addis que le par\u00adti socia\u00adliste est&nbsp;celui<br>\nde la bour\u00adgeoi\u00adsie moderne et du haut per\u00adson\u00adnel de l\u2019\u00c9\u00adtat&nbsp;et<br>\ndes syn\u00addi\u00adcats. Le pre\u00admier jouit de l\u2019ap\u00adpui sans r\u00e9serve de&nbsp;la<br>\ngrande finance, et l\u2019autre des caisses syn\u00addi\u00adcales (6.000.000 de<br>\ncoti\u00adsants). L\u2019un se fait sur\u00adtout pas\u00adser pour l\u2019a\u00advo\u00adcat des classes<br>\nmoyennes pl\u00e9\u00adtho\u00adriques et l\u2019autre pour celui des travailleurs.<\/p>\n<p style=\"text-indent: 1.48cm; margin-bottom: 0cm;\" align=\"justify\">Le<br>\nth\u00e9o\u00adri\u00adcien tra\u00advailliste Las\u00adki a \u00e9non\u00adc\u00e9 que \u00ab&nbsp;la<br>\ngrande carac\u00adt\u00e9\u00adris\u00adtique de la p\u00e9riode pr\u00e9c\u00e9dente<br>\na \u00e9t\u00e9 la capa\u00adci\u00adt\u00e9 g\u00e9n\u00e9\u00adrale&nbsp;de<br>\nchaque par\u00adti d\u2019ac\u00adcep\u00adter sans grande dif\u00adfi\u00adcul\u00adt\u00e9 la l\u00e9gislation<br>\nde son pr\u00e9\u00add\u00e9\u00adces\u00adseur parce qu\u2019elle ne trou\u00adblait pas&nbsp;les<br>\nfon\u00adda\u00adtions de l\u2019\u00c9tat.&nbsp;\u00bb<\/p>\n<p style=\"text-indent: 1.48cm; margin-bottom: 0cm;\" align=\"justify\">Avec<br>\nles natio\u00adna\u00adli\u00adsa\u00adtions en s\u00e9rie et les d\u00e9nationalisations<br>\nnous sommes peut-\u00eatre entr\u00e9s dans une autre p\u00e9riode.<\/p>\n<p style=\"text-indent: 1.48cm; margin-bottom: 0cm;\" align=\"justify\">Quoi\u00adqu\u2019il<br>\nen soit on s\u2019est atta\u00adch\u00e9 dans de nom\u00adbreux pays, principalement<br>\nde Scan\u00addi\u00adna\u00advie et du B\u00e9n\u00e9\u00adlux \u00e0 repro\u00adduire&nbsp;le<br>\nsys\u00adt\u00e8me bri\u00adtan\u00adnique, en essayant m\u00eame de le parachever.<br>\nAin\u00adsi le Dane\u00admark vient de sup\u00adpri\u00admer car\u00adr\u00e9\u00adment la Chambre<br>\nHaute. Seul le r\u00e9gime bipar\u00adtite n\u2019a pu \u00eatre obte\u00adnu&nbsp;avec<br>\nautant de per\u00adfec\u00adtion et la mul\u00adti\u00adpli\u00adci\u00adt\u00e9 des par\u00adtis entra\u00eene<br>\nun jeu d\u00e9j\u00e0 plus com\u00adpli\u00adqu\u00e9 de coa\u00adli\u00adtions. En<br>\nFrance ce fut une toute autre affaire.<\/p>\n<h2>La copie fran\u00e7aise<\/h2>\n<p><\/p>\n<p style=\"text-indent: 1.48cm; margin-bottom: 0cm;\" align=\"justify\">L\u2019his\u00adtoire<br>\ndu Par\u00adle\u00adment fran\u00ad\u00e7ais est l\u2019his\u00adtoire de tentatives<br>\ninnom\u00adbrables pour copier le sys\u00adt\u00e8me anglais. Depuis<br>\nMon\u00adtes\u00adquieu et son \u00ab&nbsp;Esprit des Lois&nbsp;\u00bb. o\u00f9&nbsp;il<br>\nd\u00e9marque l\u2019An\u00adglais Locke, Vol\u00adtaire et ses \u00ab&nbsp;Lettres<br>\nphi\u00adlo\u00adso\u00adphiques&nbsp;\u00bb o\u00f9 il fait l\u2019a\u00adpo\u00adlo\u00adgie de l\u2019Angleterre,<br>\nles th\u00e9o\u00adri\u00adciens conservent les yeux bra\u00adqu\u00e9s&nbsp;vers<br>\nl\u2019autre c\u00f4t\u00e9 de la Manche.<\/p>\n<p style=\"text-indent: 1.48cm; margin-bottom: 0cm;\" align=\"justify\">Rous\u00adseau<br>\nannonce plus les grandes ques\u00adtions r\u00e9vo\u00adlu\u00adtion\u00adnaires et&nbsp;sent<br>\npar\u00adfois l\u2019im\u00adpor\u00adtance de la dupe\u00adrie par\u00adle\u00admen\u00adtaire. Aus\u00adsi dit-il&nbsp;: \u00ab&nbsp;Les<br>\nd\u00e9pu\u00adt\u00e9s du peuple ne sont donc, ni ne peuvent \u00eatre<br>\nses repr\u00e9\u00adsen\u00adtants, ils ne sont que ses com\u00admis\u00adsaires&nbsp;: ils&nbsp;ne<br>\npeuvent rien conclure d\u00e9fi\u00adni\u00adti\u00adve\u00adment&nbsp;\u00bb (Contrat social&nbsp;\u2013<br>\nIII, 15) ou \u00ab&nbsp;du moment qu\u2019un peuple se donne des repr\u00e9sentants<br>\nil abdique sa libert\u00e9&nbsp;\u00bb.<\/p>\n<p style=\"text-indent: 1.48cm; margin-bottom: 0cm;\" align=\"justify\">La<br>\nR\u00e9vo\u00adlu\u00adtion allait confir\u00admer ces craintes. Les d\u00e9put\u00e9s<br>\ndes \u00c9tats G\u00e9n\u00e9\u00adraux avaient \u00e9t\u00e9<br>\n\u00e9lus \u00e0 un suf\u00adfrage com\u00adpli\u00adqu\u00e9 (indi\u00adrect et&nbsp;par<br>\nordres) mais du moins uni\u00adver\u00adsel. Une fois qu\u2019ils se furent proclam\u00e9s<br>\nconsti\u00adtuants, et qu\u2019ils eurent abo\u00adli les ordres privil\u00e9gi\u00e9s<br>\nils mirent au point (Consti\u00adtu\u00adtion de 1791) un sys\u00adt\u00e8me&nbsp;non<br>\nmoins indi\u00adrect et sur\u00adtout o\u00f9 seuls les riches votaient<br>\n(suf\u00adfrage cen\u00adsi\u00adtaire). Ain\u00adsi fut d\u00e9si\u00adgn\u00e9e&nbsp;la<br>\nL\u00e9gis\u00adla\u00adtive. Son r\u00e8gne fut court car un facteur<br>\nextra-par\u00adle\u00admen\u00adtaire per\u00adtur\u00adba le sys\u00adt\u00e8me. Le peuple parisien<br>\npar les jour\u00adn\u00e9es r\u00e9vo\u00adlu\u00adtion\u00adnaires du 20 juin et du&nbsp;10<br>\nao\u00fbt 1792 l\u2019ef\u00adfa\u00ad\u00e7a, ins\u00adtal\u00adlant la Com\u00admune de Paris&nbsp;\u00e0<br>\nla place de la monar\u00adchie consti\u00adtu\u00adtion\u00adnelle et plou\u00adto\u00adcra\u00adtique. La<br>\nConven\u00adtion \u00e9lue sur ces entre\u00adfaites res\u00adte\u00adra la&nbsp;seule<br>\nexp\u00e9\u00adrience de Suf\u00adfrage Uni\u00adver\u00adsel jus\u00adqu\u2019en 1848. Le peuple de<br>\nParis va s\u2019u\u00adser contre elle. Par les jour\u00adn\u00e9es des 31 mai et&nbsp;2<br>\njuin 1793 il pro\u00advoque la chute des Giron\u00addins. Par celles des 4 et&nbsp;5<br>\nsep\u00adtembre 1793 il par\u00advient \u00e0 sti\u00admu\u00adler un peu les Montagnards.<br>\nMais ceux-ci avec Robes\u00adpierre com\u00adprennent o\u00f9 est le danger&nbsp;:<br>\nIls retournent le Ter\u00adreur contre les \u00ab&nbsp;Sans-Culotte&nbsp;\u00bb.&nbsp;Les<br>\n\u00ab&nbsp;Enra\u00adg\u00e9s&nbsp;\u00bb sont aus\u00adsi\u00adt\u00f4t arr\u00eat\u00e9s<br>\n(J. Roux, Var\u00adlet en sep\u00adtembre 1793). Puis ce sera un jeu de d\u00e9capiter<br>\nla Com\u00admune et les Sec\u00adtions et de liqui\u00adder les H\u00e9bertistes<br>\n(mars 1794). La Conven\u00adtion gagne sur toute la ligne, elle n\u2019a plus&nbsp;en<br>\nther\u00admi\u00addor (juillet 1794) qu\u2019\u00e0 se d\u00e9bar\u00adras\u00adser&nbsp;de<br>\nRobes\u00adpierre et des autres r\u00e9vo\u00adlu\u00adtion\u00adnaires qui ont fait le&nbsp;lit<br>\nde la bour\u00adgeoi\u00adsie. D\u00e9sor\u00admais le Par\u00adle\u00adment est tout puis\u00adsant&nbsp;et<br>\nne se lais\u00adse\u00adra plus dic\u00adter son action par le peuple. Les derniers<br>\nsur\u00adsauts popu\u00adlaires des 12 ger\u00admi\u00adnal et 1 prai\u00adrial (avril-mai 1795&nbsp;),<br>\nlui font quand m\u00eame tel\u00adle\u00adment peur qu\u2019il envoie l\u2019arm\u00e9e<br>\nr\u00e9pri\u00admer et d\u00e9sar\u00admer les tra\u00advailleurs des Faubourgs.<\/p>\n<p style=\"text-indent: 1.48cm; margin-bottom: 0cm;\" align=\"justify\">D\u00e9sor\u00admais<br>\nles bases du sys\u00adt\u00e8me. sont solides&nbsp;: une bour\u00adgeoi\u00adsie nan\u00adtie&nbsp;et<br>\nvic\u00adto\u00adrieuse ser\u00advie par un per\u00adson\u00adnel par\u00adle\u00admen\u00adtaire exp\u00e9riment\u00e9,<br>\nles conven\u00adtion\u00adnels. Ces der\u00adniers \u00e0 tra\u00advers tous&nbsp;les<br>\nt\u00e2ton\u00adne\u00adments super\u00adfi\u00adciels du r\u00e9gime (Direc\u00adtoire,<br>\nConsu\u00adlat, Empire, Res\u00adtau\u00adra\u00adtion, Monar\u00adchie de juillet, etc.) resteront<br>\nen place tant qu\u2019ils vivront et se per\u00adp\u00e9\u00adtue\u00adront par&nbsp;ces<br>\nfameuses dynas\u00adties bour\u00adgeoises qui gou\u00advernent encore en France.<\/p>\n<p style=\"text-indent: 1.48cm; margin-bottom: 0cm;\" align=\"justify\">\u2014<br>\n\u00c0 tra\u00advers toutes les consti\u00adtu\u00adtions et chartes (Ans III,&nbsp;VIII,<br>\nX, XII, 1814, 1815, 1830, 1848, 1852, 1870, 1875, 1946) prennent<br>\nd\u00e9fi\u00adni\u00adti\u00adve\u00adment tour\u00adnure les ins\u00adti\u00adtu\u00adtions actuelles sous<br>\ndif\u00adf\u00e9\u00adrentes d\u00e9no\u00admi\u00adna\u00adtions successives.<\/p>\n<p style=\"text-indent: 1.48cm; margin-bottom: 0cm;\" align=\"justify\">\u2014<br>\nUn ex\u00e9\u00adcu\u00adtif ini\u00adtia\u00adle\u00adment col\u00adl\u00e9\u00adgial (Direc\u00adteurs,<br>\nConsuls) rapi\u00adde\u00adment r\u00e9duit un chef de l\u2019\u00c9\u00adtat (I<sup>er<\/sup><br>\nConsul, Empe\u00adreur, Roi, Pr\u00e9\u00adsident, Empe\u00adreur, Pr\u00e9sident)<\/p>\n<p style=\"text-indent: 1.48cm; margin-bottom: 0cm;\" align=\"justify\">\u2014Un<br>\nl\u00e9gis\u00adla\u00adtif compos\u00e9.<\/p>\n<p style=\"text-indent: 1.48cm; margin-bottom: 0cm;\" align=\"justify\">\ta)<br>\nd\u2019une <u>Chambre basse<\/u> (Conseil des 500, Corps l\u00e9gislatif<br>\nd\u00e9dou\u00adbl\u00e9 du Tri\u00adbu\u00adnat, puis seul, Chambre des<br>\nrepr\u00e9\u00adsen\u00adtants, des d\u00e9pu\u00adt\u00e9s, Assembl\u00e9e<br>\nl\u00e9gis\u00adla\u00adtive, Corps l\u00e9gis\u00adla\u00adtif, Chambre des d\u00e9put\u00e9s)<br>\n\u00e9lue de plus en plus \u00ab&nbsp;d\u00e9mo\u00adcra\u00adti\u00adque\u00adment&nbsp;\u00bb&nbsp;et<br>\ndrai\u00adnant tout le pouvoir.<\/p>\n<p style=\"text-indent: 1.48cm; margin-bottom: 0cm;\" align=\"justify\">\tb)<br>\nd\u2019une <u>Chambre haute<\/u>&nbsp;: (Conseil des anciens, S\u00e9nat,<br>\nChambre des Pairs, S\u00e9nat, Conseil de la R\u00e9publique)<br>\n\u00e9lue ou d\u00e9si\u00adgn\u00e9e de fa\u00e7on \u00e0&nbsp;\u00eatre<br>\nplus r\u00e9ac\u00adtion\u00adnaire et \u00e0 frei\u00adner toutes les mesures de<br>\nr\u00e9forme.<\/p>\n<p style=\"text-indent: 1.48cm; margin-bottom: 0cm;\" align=\"justify\">\tc)<br>\nd\u2019une <u>Chambre admi\u00adnis\u00adtra\u00adtive<\/u>&nbsp;: Le Conseil d\u2019\u00c9tat,<br>\nins\u00adti\u00adtu\u00adtion tel\u00adle\u00adment solide qu\u2019on ne prend presque plus la peine&nbsp;de<br>\nla citer dans les textes consti\u00adtu\u00adtion\u00adnels et qu\u2019elle fonc\u00adtion\u00adna&nbsp;m\u00eame<br>\nsous l\u2019oc\u00adcu\u00adpa\u00adtion&nbsp;nazie.<\/p>\n<p style=\"text-indent: 1.48cm; margin-bottom: 0cm;\" align=\"justify\">Au<br>\ncours du XIX<sup>e<\/sup> si\u00e8cle se d\u00e9gage empiriquement<br>\nun gou\u00adver\u00adne\u00adment de <u>Cabi\u00adnet<\/u> res\u00adpon\u00adsable devant le Par\u00adle\u00adment.&nbsp;Un<br>\npre\u00admier ministre tend \u00e0 appa\u00adra\u00eetre, pre\u00adnant le nom&nbsp;de<br>\n<u>Pr\u00e9\u00adsident du  Conseil<\/u>&nbsp;: m\u00eame pas mentionn\u00e9<br>\ndans la consti\u00adtu\u00adtion de 1875, il n\u2019au\u00adra d\u2019exis\u00adtence l\u00e9gale que<br>\ndans celle de&nbsp;1946.<\/p>\n<p style=\"text-indent: 1.48cm; margin-bottom: 0cm;\" align=\"justify\">Au<br>\nXX<sup>e<\/sup> si\u00e8cle, les <u>par\u00adtis<\/u> structur\u00e9s,<br>\nma\u00eetres des \u00e9lec\u00adtions, prennent la place des simples<br>\n\u00ab&nbsp;groupes par\u00adle\u00admen\u00adtaires&nbsp;\u00bb fluc\u00adtuants auxquels<br>\ns\u2019ins\u00adcri\u00advaient chaque ann\u00e9e les d\u00e9pu\u00adt\u00e9s&nbsp;apr\u00e8s<br>\nl\u2019\u00e9\u00adlec\u00adtion. L\u2019exis\u00adtence consti\u00adtu\u00adtion\u00adnelle des groupes<br>\npar\u00adle\u00admen\u00adtaires date aus\u00adsi de 1946, celle des par\u00adtis n\u2019a pas encore vu<br>\nle&nbsp;jour.<\/p>\n<p style=\"text-indent: 1.48cm; margin-bottom: 0cm;\" align=\"justify\">La<br>\nmul\u00adti\u00adpli\u00adci\u00adt\u00e9 des par\u00adtis est soi\u00adgneu\u00adse\u00adment entre\u00adte\u00adnue&nbsp;par<br>\nl\u2019i\u00adnexis\u00adtence d\u2019un sys\u00adt\u00e8me \u00e9lec\u00adto\u00adral fixe. Chaque<br>\nassem\u00adbl\u00e9e d\u00e9ci\u00addant par une nou\u00advelle <u>loi \u00e9lec\u00adto\u00adrale<\/u><br>\ndu mode de scru\u00adtin de la sui\u00advante, visant ain\u00adsi \u00e0 pr\u00e9venir<br>\ntout chan\u00adge\u00adment d\u2019\u00e9\u00adqui\u00adlibre des majorit\u00e9s.<\/p>\n<p style=\"text-indent: 1.48cm; margin-bottom: 0cm;\" align=\"justify\">Le<br>\nr\u00e9gime par\u00adle\u00admen\u00adtaire est ain\u00adsi deve\u00adnu le pou\u00advoir poli\u00adtique&nbsp;de<br>\nla majorit\u00e9.<\/p>\n<p style=\"text-indent: 1.48cm; margin-bottom: 0cm;\" align=\"justify\">C\u2019est<br>\nle prin\u00adcipe de la volon\u00adt\u00e9 de la majo\u00adri\u00adt\u00e9 qui oblige le<br>\nCabi\u00adnet \u00e0 \u00eatre \u00ab&nbsp;res\u00adpon\u00adsable&nbsp;\u00bb c\u2019est-\u00e0-dire<br>\n\u00e0 se d\u00e9mettre quand la majo\u00adri\u00adt\u00e9 le veut.&nbsp;Or<br>\ncette majo\u00adri\u00adt\u00e9 est assez mou\u00advante. L\u00e9on Blum dans \u00ab&nbsp;La.<br>\nR\u00e9forme gou\u00adver\u00adne\u00admen\u00adtale&nbsp;\u00bb a pu conclure \u00ab&nbsp;Le r\u00e9gime<br>\npar\u00adle\u00admen\u00adtaire c\u2019est le r\u00e9gime des partis&nbsp;\u00bb.<\/p>\n<p style=\"text-indent: 1.48cm; margin-bottom: 0cm;\" align=\"justify\">On<br>\nvoit que, copie batarde du mod\u00e8le bri\u00adtan\u00adnique, le syst\u00e8me<br>\nfran\u00ad\u00e7ais a abou\u00adtit \u00e0 un r\u00e9sul\u00adtat quelque peu<br>\ndif\u00adf\u00e9\u00adrent. C\u2019est de l\u00e0 que sont par\u00adtis les auteurs des<br>\nConsti\u00adtu\u00adtions euro\u00adp\u00e9enne d\u2019a\u00adpr\u00e8s 1919 (Alle\u00admagne,<br>\nPologne, Tch\u00e9\u00adco\u00adslo\u00adva\u00adquie, Pays Baltes, Gr\u00e8ce ,&nbsp;etc.)<br>\nadop\u00adtant la variante fran\u00ad\u00e7aise du r\u00e9gime parlementaire<br>\n(anglais) mais une variante sys\u00adt\u00e9\u00adma\u00adti\u00ads\u00e9e, dogmatis\u00e9e,<br>\n\u00ab&nbsp;ratio\u00adna\u00adli\u00ads\u00e9e&nbsp;\u00bb comme dit le constitutionaliste<br>\nMir\u00adkine-Guet\u00adze\u00advitch qui en fut l\u2019a\u00adp\u00f4tre. La \u00ab&nbsp;rationalisation&nbsp;\u00bb<br>\npor\u00adtant sur la fa\u00e7on de d\u00e9ter\u00admi\u00adner la \u00ab&nbsp;confiance&nbsp;\u00bb<br>\nenvers le gou\u00adver\u00adne\u00adment sur l\u2019i\u00adni\u00adtia\u00adtive et l\u2019a\u00addop\u00adtion des lois&nbsp;et<br>\nleur \u00ab&nbsp;navette&nbsp;\u00bb entre les deux Chambres. La Constitution<br>\nr\u00e9pu\u00adbli\u00adcaine espa\u00adgnole de 1931 \u00e9tait la derni\u00e8re<br>\n\u0153uvre en Europe de ce droit consti\u00adtu\u00adtion\u00adnel nouveau.<\/p>\n<p style=\"text-indent: 1.48cm; margin-bottom: 0cm;\" align=\"justify\">Depuis<br>\n1945 d\u2019autres consti\u00adtu\u00adtions, notam\u00adment celles des pays d\u00e9colonis\u00e9s,<br>\nconti\u00adnuent cette filia\u00adtion juri\u00addique. Et la Consti\u00adtu\u00adtion de la IV<sup>e<\/sup><br>\nR\u00e9pu\u00adblique (1946) n\u2019est \u00e0 son tour qu\u2019une variante<br>\nfran\u00ad\u00e7aise de la ratio\u00adna\u00adli\u00adsa\u00adtion ger\u00adma\u00adnique ou let\u00adtone&nbsp;ou<br>\nlitua\u00adnienne. Que de belles \u0153uvres si pures de toute contingence<br>\nsociale et immor\u00adtelles dans les manuels de&nbsp;Droit&nbsp;!<\/p>\n<h2>Autres r\u00e9gimes<\/h2>\n<p><\/p>\n<p style=\"text-indent: 1.48cm; margin-bottom: 0cm;\" align=\"justify\">Tel<br>\nest le r\u00e9gime par\u00adle\u00admen\u00adtaire au sens strict&nbsp;: un <u>Par\u00adle\u00adment<\/u><br>\ngou\u00adver\u00adnant par l\u2019en\u00adtre\u00admise d\u2019un <u>Cabi\u00adnet<\/u> res\u00adpon\u00adsable devant un<br>\n<u>chef du gou\u00adver\u00adne\u00adment<\/u> (Pre\u00admier ministre, Pr\u00e9\u00adsident du<br>\nConseil, Chan\u00adce\u00adlier, etc.) dis\u00adtinct du <u>chef de l\u2019\u00c9tat<\/u><br>\n(Pr\u00e9\u00adsident de la R\u00e9pu\u00adblique ou Monarque).<\/p>\n<p style=\"text-indent: 1.48cm; margin-bottom: 0cm;\" align=\"justify\">Cepen\u00addant<br>\nd\u2019autres r\u00e9gimes existent dot\u00e9s de Par\u00adle\u00adment non&nbsp;moins<br>\nsou\u00adve\u00adrains mais sans gou\u00adver\u00adne\u00adment res\u00adpon\u00adsable devant lui.&nbsp;Les<br>\njuristes ne leur donnent que par exten\u00adsion le titre de r\u00e9gimes<br>\nparlementaires.<\/p>\n<p style=\"text-indent: 1.48cm; margin-bottom: 0cm;\" align=\"justify\">Ain\u00adsi<br>\nle sys\u00adt\u00e8me <u>Pr\u00e9\u00adsi\u00adden\u00adtiel<\/u> des \u00c9tats-Unis<br>\nest fon\u00add\u00e9 sur la plus vieille consti\u00adtu\u00adtion \u00e9crite<br>\nencore en vigueur dans le monde. Un Pr\u00e9\u00adsident, chef&nbsp;\u00e0<br>\nla fois de l\u2019\u00c9\u00adtat et du gou\u00adver\u00adne\u00adment, \u00e9lu par&nbsp;le<br>\npeuple, d\u00e9signe les ministres res\u00adpon\u00adsables devant lui seul&nbsp;et<br>\nnon devant le par\u00adle\u00adment (le Congr\u00e8s). Les deux pouvoirs,<br>\nl\u00e9gis\u00adla\u00adtif et ex\u00e9\u00adcu\u00adtif, sont \u00e9gaux&nbsp;et<br>\nind\u00e9\u00adpen\u00addants. Ce sys\u00adt\u00e8me, fon\u00add\u00e9 sur un ex\u00e9cutif<br>\nmono\u00adcra\u00adtique et la s\u00e9pa\u00adra\u00adtion rigou\u00adreuse des pou\u00advoirs, a<br>\nexer\u00adc\u00e9 un grand rayon\u00adne\u00adment. On ne doit pas n\u00e9gliger<br>\nqu\u2019il joue lui aus\u00adsi en fait sur l\u2019al\u00adter\u00adnance de deux par\u00adtis&nbsp;se<br>\nchas\u00adsant r\u00e9gu\u00adli\u00e8\u00adre\u00adment du pou\u00advoir&nbsp;: cha\u00adcun d\u00e8s&nbsp;la<br>\nvic\u00adtoire, rem\u00adpla\u00ad\u00e7ant imm\u00e9\u00addia\u00adte\u00adment tout le personnel<br>\nadmi\u00adnis\u00adtra\u00adtif \u2013 jus\u00adqu\u2019au por\u00adtier du minis\u00adt\u00e8re \u2013 par&nbsp;son<br>\npropre per\u00adson\u00adnel (\u00ab&nbsp;Spoil-Sys\u00adt\u00e8me&nbsp;\u00bb \u2013 Syst\u00e8me<br>\ndes d\u00e9pouilles). Aucun n\u2019\u00e9\u00adtant par d\u00e9fi\u00adni\u00adtion&nbsp;\u00e0<br>\ngauche ou \u00e0 droite de l\u2019autre&nbsp;: tout d\u00e9pend des<br>\n\u00ab&nbsp;machines&nbsp;\u00bb locales pous\u00adsant le candidat.<\/p>\n<p style=\"text-indent: 1.48cm; margin-bottom: 0cm;\" align=\"justify\">Ce<br>\nr\u00e9gime stable jus\u00adqu\u2019\u00e0 pr\u00e9\u00adsent aux \u00c9tats-Unis<br>\na, dans les pays o\u00f9 il fut trans\u00adpo\u00ads\u00e9, don\u00adn\u00e9&nbsp;des<br>\nr\u00e9sul\u00adtats tous dif\u00adf\u00e9\u00adrents en frayant la voie&nbsp;au<br>\nCau\u00addillisme (en Am\u00e9\u00adrique latine o\u00f9 il est la&nbsp;r\u00e8gle<br>\ng\u00e9n\u00e9\u00adrale) au Bona\u00adpar\u00adtisme (II<sup>e<\/sup> R\u00e9publique<br>\nen France.) et \u00e0 l\u2019Hit\u00adl\u00e9\u00adrisne (Alle\u00admagne de Weimar).<br>\nC\u2019est ce r\u00e9gime \u00ab&nbsp;pl\u00e9\u00adbis\u00adci\u00adtaire&nbsp;\u00bb que&nbsp;le<br>\nGaul\u00adlisme a tou\u00adjours appel\u00e9.<\/p>\n<p style=\"text-indent: 1.48cm; margin-bottom: 0cm;\" align=\"justify\">Autre<br>\npos\u00adsi\u00adbi\u00adli\u00adt\u00e9&nbsp;: le sys\u00adt\u00e8me d\u2019un ex\u00e9\u00adcu\u00adtif <u>col\u00adl\u00e9\u00adgial<\/u><br>\nasso\u00adci\u00e9 au gou\u00adver\u00adne\u00adment d\u2019As\u00adsem\u00adbl\u00e9e. C\u2019est celui de&nbsp;la<br>\nSuisse qui n\u2019a ni Chef d\u2019\u00c9\u00adtat ni Cabi\u00adnet mais un Conseil<br>\nF\u00e9d\u00e9\u00adral de 7 membres \u00e9lus pour la l\u00e9gislative<br>\net en fait r\u00e9\u00e9lus, cha\u00adcun \u00e9tant \u00e0 la&nbsp;t\u00eate<br>\nd\u2019un d\u00e9par\u00adte\u00adment minis\u00adt\u00e9\u00adriel, et exer\u00ad\u00e7ant&nbsp;la<br>\npr\u00e9\u00adsi\u00addence \u00e0 tour de r\u00f4le. Ce syst\u00e8me<br>\nvient d\u2019\u00eatre adop\u00adt\u00e9 par l\u2019U\u00adru\u00adguay, la plus pai\u00adsible&nbsp;des<br>\nr\u00e9pu\u00adbliques latino-am\u00e9ricaines.<\/p>\n<h2>Les artifices parlementaires classiques<\/h2>\n<p style=\"text-indent: 1.48cm; margin-bottom: 0cm;\" align=\"justify\">Toutes<br>\nles formes de r\u00e9gime repr\u00e9\u00adsen\u00adta\u00adtif visent un&nbsp;m\u00eame<br>\nbut&nbsp;: amor\u00adtir, assour\u00addir, d\u00e9tour\u00adner, \u00e9masculer,<br>\ncana\u00adli\u00adser, la volon\u00adt\u00e9 popu\u00adlaire. Les arti\u00adfices les&nbsp;plus<br>\ngros\u00adsiers sont aban\u00addon\u00adn\u00e9s (<u>suf\u00adfrage restreint<\/u><br>\ncen\u00adsi\u00adtaire\u2026). Mais d\u2019autres sub\u00adsistent plus sournois.<br>\nPrin\u00adci\u00adpa\u00adle\u00adment le suf\u00adfrage indi\u00adrect, c\u2019est-\u00e0-dire l\u2019\u00e9lection<br>\n\u00e0 plu\u00adsieurs degr\u00e9s&nbsp;: citoyen \u00e9li\u00adsant des d\u00e9l\u00e9gu\u00e9s<br>\n\u00e0 une assem\u00adbl\u00e9e qui en \u00e9lisent une autre&nbsp;et<br>\nain\u00adsi de suite. C\u2019est le sys\u00adt\u00e8me par exemple de l\u2019\u00e9lection<br>\ndes s\u00e9na\u00adteurs par les d\u00e9l\u00e9\u00adgu\u00e9s&nbsp;des<br>\nconseils muni\u00adci\u00adpaux \u2013 D\u2019a\u00adbord il per\u00admet de mieux fil\u00adtrer l\u2019opinion<br>\nen la fai\u00adsant d\u00e9can\u00adter par des \u00e9lites (au sens propre<br>\nde col\u00adlec\u00adti\u00advi\u00adt\u00e9. \u00c9lue) suc\u00adces\u00adsives de plus en&nbsp;plus<br>\nres\u00adtreintes et en place dans l\u2019ap\u00adpa\u00adreil admi\u00adnis\u00adtra\u00adtif. Ain\u00adsi de&nbsp;nos<br>\njours, les s\u00e9na\u00adteurs com\u00admu\u00adnistes sont encore raris\u00adsimes&nbsp;du<br>\nfait qu\u2019ils rel\u00e8vent du seul par\u00adti d\u2019op\u00adpo\u00adsi\u00adtion, alors que&nbsp;les<br>\nradi\u00adcaux nour\u00adris dans le s\u00e9rail ont un effec\u00adtif pl\u00e9thorique<br>\n(cinq fois plus nom\u00adbreux que les sta\u00adli\u00adniens!) \u2013 Ensuite le dosage<br>\ndes dif\u00adf\u00e9\u00adrentes d\u00e9l\u00e9\u00adga\u00adtions locales per\u00admet&nbsp;de<br>\ngon\u00adfler l\u2019im\u00adpor\u00adtance des petites muni\u00adci\u00adpa\u00adli\u00adt\u00e9s rurales aux<br>\nd\u00e9pens des grosses agglo\u00adm\u00e9\u00adra\u00adtions ouvri\u00e8res, et<br>\ndes d\u00e9par\u00adte\u00adments fig\u00e9s aux d\u00e9pens de ceux&nbsp;qui<br>\ns\u2019in\u00addus\u00adtria\u00adlisent. Ce prin\u00adcipe appli\u00adqu\u00e9 en France \u00e0<br>\nl\u2019\u00e9\u00adlec\u00adtion des s\u00e9na\u00adteurs avait&nbsp;\u00e9t\u00e9<br>\npous\u00ads\u00e9. \u00e0 son paroxysme dans la vieille Angle\u00adterre&nbsp;avec<br>\nles \u00ab&nbsp;bourgs pourris&nbsp;\u00bb.<\/p>\n<p style=\"text-indent: 1.48cm; margin-bottom: 0cm;\" align=\"justify\">Le<br>\n<u>Bica\u00adm\u00e9\u00adra\u00adlisme<\/u> r\u00e9pond \u00e0 la&nbsp;m\u00eame<br>\npr\u00e9\u00adoc\u00adcu\u00adpa\u00adtion&nbsp;: \u00e0 c\u00f4t\u00e9 d\u2019une Assembl\u00e9e<br>\nque l\u2019on craint trop sujette \u00e0 refl\u00e9\u00adter l\u2019opinion,<br>\nins\u00adtal\u00adler une seconde Assem\u00adbl\u00e9e, dite de r\u00e9flexion, que<br>\nl\u2019on s\u2019ef\u00adfor\u00adce\u00adra de gar\u00adnir de per\u00adson\u00adnages plus conser\u00adva\u00adteurs&nbsp;par<br>\ntoutes sortes de condi\u00adtions de recrutement&nbsp;:<\/p>\n<p style=\"text-indent: 1.48cm; margin-bottom: 0cm;\" align=\"justify\">\u2014<br>\nSuf\u00adfrage indi\u00adrect autant que pos\u00adsible avec repr\u00e9sentation<br>\nrurale disproportionn\u00e9e<\/p>\n<p style=\"text-indent: 1.48cm; margin-bottom: 0cm;\" align=\"justify\">\u2014<br>\n\u00c2ge plus \u00e9le\u00adv\u00e9 voire chefs de famille<\/p>\n<p style=\"text-indent: 1.48cm; margin-bottom: 0cm;\" align=\"justify\">\u2014<br>\nD\u00e9si\u00adgna\u00adtion d\u2019of\u00adfice \u00ab&nbsp;sur titre&nbsp;\u00bb&nbsp;: comme les&nbsp;Lords<br>\nanglais et une par\u00adtie des s\u00e9na\u00adteurs des d\u00e9buts de&nbsp;la<br>\nIIIe R\u00e9pu\u00adblique ou de l\u2019I\u00adta\u00adlie actuelle, etc.,&nbsp;etc.<\/p>\n<p style=\"text-indent: 1.48cm; margin-bottom: 0cm;\" align=\"justify\">Cette<br>\nChambre \u00ab&nbsp;haute&nbsp;\u00bb pour\u00adra peser de toute l\u2019i\u00adner\u00adtie de&nbsp;son<br>\nhono\u00adra\u00adbi\u00adli\u00adt\u00e9 pour frei\u00adner le m\u00e9ca\u00adnisme parlementaire.<\/p>\n<p style=\"text-indent: 1.48cm; margin-bottom: 0cm;\" align=\"justify\">Les<br>\njus\u00adti\u00adfi\u00adca\u00adtions les plus cou\u00adrantes du Bica\u00adm\u00e9\u00adra\u00adlisme seront<br>\naus\u00adsi le F\u00e9d\u00e9\u00adra\u00adlisme et la repr\u00e9\u00adsen\u00adta\u00adtion&nbsp;des<br>\nInt\u00e9\u00adr\u00eats \u00e9conomiques.<\/p>\n<p style=\"text-indent: 1.48cm; margin-bottom: 0cm;\" align=\"justify\">Le<br>\n<u>F\u00e9d\u00e9\u00adra\u00adlisme<\/u> c\u2019est le pr\u00e9\u00adtexte invoqu\u00e9<br>\npour cr\u00e9er une Chambre o\u00f9 toutes les par\u00adties&nbsp;du<br>\nTer\u00adri\u00adtoire grandes ou petites, seront \u00e9ga\u00adle\u00adment repr\u00e9sent\u00e9es.<br>\nAin\u00adsi cha\u00adcun des \u00c9tats-Unis, quelle que soit son importance,<br>\nd\u00e9signe deux s\u00e9na\u00adteurs. En France, le plus&nbsp;dr\u00f4le<br>\nest que tous les r\u00e9gimes \u2013 \u00e0 part celui de 1791&nbsp;qui<br>\nins\u00adtau\u00adra une pro\u00adfonde et vivante d\u00e9centralisation<br>\nmal\u00adheu\u00adreu\u00adse\u00adment \u00e9ph\u00e9\u00adm\u00e8re \u2013 ayant ten\u00addu&nbsp;de<br>\ntoutes leurs forces \u00e0 r\u00e9duire \u00e0 n\u00e9ant&nbsp;la<br>\nvie locale et \u00e0 concen\u00adtrer le pou\u00advoir \u00e0 Paris, on<br>\ninvoque quand m\u00eame la \u00ab&nbsp;repr\u00e9\u00adsen\u00adta\u00adtion&nbsp;des<br>\ncol\u00adlec\u00adti\u00advi\u00adt\u00e9s locales&nbsp;\u00bb pour main\u00adte\u00adnir les s\u00e9nateurs.<br>\nIl est vrai que l\u2019on se r\u00e9f\u00e8re \u00e0 un f\u00e9d\u00e9ralisme<br>\nnon moins inexis\u00adtant pour cr\u00e9er une Assem\u00adbl\u00e9e&nbsp;d\u2019une<br>\nUnion fran\u00ad\u00e7aise tout aus\u00adsi fantasamagorique.<\/p>\n<p style=\"text-indent: 1.48cm; margin-bottom: 0cm;\" align=\"justify\">La<br>\n<u>repr\u00e9\u00adsen\u00adta\u00adtion \u00e9co\u00adno\u00admique<\/u> a une autre histoire.<br>\nLe 14 mars 1920 les syn\u00addi\u00adcats alle\u00admands en d\u00e9cr\u00e9\u00adtant&nbsp;la<br>\ngr\u00e8ve g\u00e9n\u00e9\u00adrale brisent le putsch de Kapp.&nbsp;Pour<br>\nles remer\u00adcier la R\u00e9pu\u00adblique de Wei\u00admar ins\u00adti\u00adtue, le 4 mai,&nbsp;un<br>\nConseil \u00c9co\u00adno\u00admique \u00e0 la place du Conseil \u00c9conomique<br>\nd\u2019Em\u00adpire pr\u00e9\u00advu par la Consti\u00adtu\u00adtion de 1918 mais jamais cr\u00e9\u00e9.<br>\nRepr\u00e9\u00adsen\u00adtants des syn\u00addi\u00adcats et du par\u00adti pour\u00adront y enta\u00admer&nbsp;la<br>\nsolide col\u00adla\u00adbo\u00adra\u00adtion qui les lie\u00adra conjoin\u00adte\u00adment \u00e0 l\u2019\u00c9tat.<\/p>\n<p style=\"text-indent: 1.48cm; margin-bottom: 0cm;\" align=\"justify\">En<br>\n1936 en France le gou\u00adver\u00adne\u00adment de Front Popu\u00adlaire trans\u00adforme&nbsp;le<br>\nConseil Natio\u00adnal \u00c9co\u00adno\u00admique cr\u00e9\u00e9 en 1925 aupr\u00e8s<br>\ndu gou\u00adver\u00adne\u00adment et en fait un organe presque par\u00adle\u00admen\u00adtaire. La<br>\nConsti\u00adtu\u00adtion de 1946 consacre d\u00e9fi\u00adni\u00adti\u00adve\u00adment son&nbsp;r\u00f4le<br>\nl\u00e9gis\u00adla\u00adtif&nbsp;: les d\u00e9l\u00e9\u00adgu\u00e9s des syndicats<br>\npr\u00e9\u00adten\u00addus \u00ab&nbsp;repr\u00e9\u00adsen\u00adta\u00adtifs&nbsp;\u00bb y feront en<br>\ntoute l\u00e9ga\u00adli\u00adt\u00e9 l\u2019ap\u00adpren\u00adtis\u00adsage du pou\u00advoir et de&nbsp;la<br>\nges\u00adtion loyale de l\u2019\u00e9\u00adco\u00adno\u00admie capitaliste.<\/p>\n<h2>La classe des politiciens professionnels<\/h2>\n<p style=\"text-indent: 1.48cm; margin-bottom: 0cm;\" align=\"justify\">La<br>\ncons\u00e9\u00adquence la plus impor\u00adtante du r\u00e9gime parlementaire<br>\nest la cr\u00e9a\u00adtion d\u2019un per\u00adson\u00adnel poli\u00adtique per\u00adma\u00adnent&nbsp;et<br>\nsp\u00e9\u00adcia\u00adli\u00ads\u00e9. Ce per\u00adson\u00adnel, \u00e0 une cer\u00adtaine \u00e9poque,<br>\na pu \u00eatre consti\u00adtu\u00e9 essen\u00adtiel\u00adle\u00adment d\u2019individus<br>\nfor\u00adtu\u00adn\u00e9s, direc\u00adte\u00adment li\u00e9s au monde des affaires<br>\n(avo\u00adcats\u2026), il fait de plus en plus place en son sein \u00e0&nbsp;de<br>\nnou\u00adveaux venus. Ceux-ci ne peuvent par\u00adve\u00adnir que par leur appartenance<br>\n\u00e0 un par\u00adti orga\u00adni\u00ads\u00e9 natio\u00adna\u00adle\u00adment pour la conqu\u00eate<br>\ndu pou\u00advoir et dis\u00adpo\u00adsant d\u00e9j\u00e0 de nom\u00adbreux postes<br>\nadmi\u00adnis\u00adtra\u00adtifs et fonc\u00adtions \u00e9lec\u00adtives dans tout l\u2019appareil<br>\n\u00e9ta\u00adtiste ou para\u00e9\u00adta\u00adtiste. L\u2019\u00e9\u00adlec\u00adteur n\u2019a pas&nbsp;le<br>\nchoix entre des hommes et des opi\u00adnions mais entre diff\u00e9rentes<br>\nhi\u00e9\u00adrar\u00adchies plus ou moins occultes des\u00adser\u00advant des int\u00e9r\u00eats<br>\npr\u00e9\u00adcis et cor\u00adres\u00adpon\u00addant plus ou moins \u00e0&nbsp;des<br>\nappel\u00adla\u00adtions conven\u00adtion\u00adnelles, C\u2019est ain\u00adsi que nous avons en France<br>\nactuellement&nbsp;:<\/p>\n<p style=\"text-indent: 1.48cm; margin-bottom: 0cm;\" align=\"justify\">\u2014<br>\nles can\u00addi\u00addats du Capi\u00adtal, de la droite aux radi\u00adcaux, sans que&nbsp;les<br>\ndivi\u00adsions r\u00e9elles en groupes ban\u00adcaires cor\u00adres\u00adpondent aux<br>\nd\u00e9no\u00admi\u00adna\u00adtions des partis.<\/p>\n<p style=\"text-indent: 1.48cm; margin-bottom: 0cm;\" align=\"justify\">\u2014<br>\nles can\u00addi\u00addats d\u2019une frac\u00adtion du haut per\u00adson\u00adnel d\u2019\u00c9\u00adtat et&nbsp;des<br>\nsyn\u00addi\u00adcats li\u00e9s au r\u00e9gime, allant de cer\u00adtains radicaux<br>\naux socia\u00adlistes, orga\u00adni\u00ads\u00e9s sui\u00advant les diff\u00e9rentes<br>\nfranc-ma\u00e7on\u00adne\u00adries qui les lient d\u2019autre part aux repr\u00e9sentants<br>\ndu capital.<\/p>\n<p style=\"text-indent: 1.48cm; margin-bottom: 0cm;\" align=\"justify\">\u2014<br>\nenfin les can\u00addi\u00addats d\u2019une autre frac\u00adtion du per\u00adson\u00adnel \u00e9tatiste<br>\net syn\u00addi\u00adcal hi\u00e9\u00adrar\u00adchi\u00ads\u00e9e par le par\u00adti communiste<\/p>\n<p style=\"text-indent: 1.48cm; margin-bottom: 0cm;\" align=\"justify\">\u00c0<br>\nquelque ten\u00addance qu\u2019ils appar\u00adtiennent et quelle que soit leur origine<br>\nsociale pre\u00admi\u00e8re ils forment tous un m\u00eame milieu social<br>\nayant au fond. des r\u00e9ac\u00adtions, des ambi\u00adtions simi\u00adlaires et&nbsp;par<br>\nsuite des int\u00e9\u00adr\u00eats com\u00admuns. C\u2019est une classe de<br>\nges\u00adtion\u00adnaires de l\u2019\u00c9\u00adtat. La plu\u00adpart aban\u00addonnent d\u00e9finitivement<br>\ntout tra\u00advail pro\u00adduc\u00adtif et, sim\u00adple\u00adment toute autre pro\u00adfes\u00adsion.&nbsp;Ils<br>\nfont car\u00adri\u00e8re. Qu\u2019im\u00adporte s\u2019ils sont bat\u00adtus \u00e0&nbsp;des<br>\n\u00e9lec\u00adtions, le par\u00adti ou le grou\u00adpe\u00adment les recase ailleurs dans<br>\nun des fro\u00admages qu\u2019il s\u2019est taill\u00e9 dans l\u2019\u00c9\u00adtat,&nbsp;le<br>\nPar\u00adle\u00adment, les Conseils g\u00e9n\u00e9\u00adraux, muni\u00adci\u00adpaux,&nbsp;les.<br>\nComi\u00adt\u00e9s d\u2019En\u00adtre\u00adprise et les mul\u00adtiples ins\u00adti\u00adtu\u00adtions syndicales<br>\nou par\u00adti\u00adsanes nour\u00adris\u00adsant leurs \u00ab&nbsp;per\u00adma\u00adnents&nbsp;\u00bb. Exemples<br>\nr\u00e9cents&nbsp;: Andr\u00e9 Phi\u00adlip ou Rama\u00addier n\u2019ont-ils pu se&nbsp;faire<br>\nr\u00e9\u00e9lire d\u00e9pu\u00adt\u00e9s  dans des d\u00e9partements<br>\no\u00f9 la clien\u00adt\u00e8le socia\u00adliste est en baisse&nbsp;? La S.F.I.O.<br>\nbom\u00adbarde le pre\u00admier au Conseil \u00e9co\u00adno\u00admique, et le second au<br>\nPool Char\u00adbon Acier. Exemples aus\u00adsi des d\u00e9put\u00e9s<br>\ncom\u00admu\u00adnistes para\u00adchu\u00adt\u00e9s dans les Comi\u00adt\u00e9s d\u2019Entreprise<br>\ndes grandes soci\u00e9\u00adt\u00e9s nationalis\u00e9es.<\/p>\n<p style=\"text-indent: 1.48cm; margin-bottom: 0cm;\" align=\"justify\">Ce<br>\nque pr\u00e9\u00advoyaient les pen\u00adseurs anar\u00adchistes est d\u00e9montr\u00e9<br>\nmain\u00adte\u00adnant dans tous les pays&nbsp;: Il n\u2019y a pas, il ne peut pas y&nbsp;avoir<br>\nde d\u00e9pu\u00adt\u00e9 ouvrier&nbsp;; mais sim\u00adple\u00adment des hommes qui&nbsp;ont<br>\nces\u00ads\u00e9 d\u2019\u00eatre ouvriers et de ser\u00advir la classe ouvri\u00e8re<br>\npour deve\u00adnir des bour\u00adgeois et des ser\u00advi\u00adteurs des diff\u00e9rents<br>\nappa\u00adreils du r\u00e9gime capi\u00adta\u00adliste. Ceux qui ont encore<br>\nl\u2019illu\u00adsion de mettre l\u2019\u00c9\u00adtat au ser\u00advice du prol\u00e9tariat<br>\nne font, au plus, que l\u2019ap\u00adpren\u00adtis\u00adsage de la bureau\u00adcra\u00adtie avec&nbsp;la<br>\nb\u00e9n\u00e9\u00addic\u00adtion de la bour\u00adgeoi\u00adsie. Le r\u00e9gime<br>\npar\u00adle\u00admen\u00adtaire finit par assi\u00admi\u00adler tous ceux qui sont venus faire&nbsp;de<br>\nl\u2019op\u00adpo\u00adsi\u00adtion en son sein. Il a besoin de renou\u00adve\u00adler son personnel,<br>\nson voca\u00adbu\u00adlaire, de ren\u00adfor\u00adcer son emprise sur le peuple, son pouvoir<br>\nde mystification.<\/p>\n<h2>Du parlementarisme au fascisme<\/h2>\n<p style=\"text-indent: 1.48cm; margin-bottom: 0cm;\" align=\"justify\">Les<br>\nmou\u00adve\u00adments fas\u00adcistes, th\u00e9o\u00adri\u00adque\u00adment antiparlementaires,<br>\nn\u2019\u00e9\u00adchappent pas \u00e0 la r\u00e8gle. Beau\u00adcoup d\u2019entre eux<br>\nsont ava\u00adl\u00e9s par le r\u00e9gime qu\u2019ils vou\u00adlaient renverser.<br>\nD\u00e8s qu\u2019ils sont \u00e9lus au Par\u00adle\u00adment, leur hostilit\u00e9<br>\nvis-\u00e0-vis de ce qu\u2019ils appellent le \u00ab&nbsp;syst\u00e8me&nbsp;\u00bb<br>\ncom\u00admence \u00e0 d\u00e9cro\u00eetre, et, plus ils ont de d\u00e9put\u00e9s<br>\nplus ils deviennent acco\u00admo\u00addants, puis ils par\u00adti\u00adcipent aux majorit\u00e9s<br>\npuis aux gou\u00adver\u00adne\u00adments. Ain\u00adsi en fut-il en .France suc\u00adces\u00adsi\u00adve\u00adment&nbsp;ces<br>\nder\u00adni\u00e8res ann\u00e9es des par\u00adtis gaul\u00adliste (R.P.F.) et<br>\npou\u00adja\u00addiste (U.D.C.A.). Les d\u00e9pu\u00adt\u00e9s de ces par\u00adtis,&nbsp;\u00e0<br>\nl\u2019o\u00adri\u00adgine farou\u00adche\u00adment hos\u00adtiles au sys\u00adt\u00e8me par\u00adle\u00admen\u00adtaire, se<br>\nsont lais\u00ads\u00e9 gagner indi\u00advi\u00adduel\u00adle\u00adment, puis par groupe, puis<br>\ntous ensemble par l\u2019at\u00adtrait par\u00adta\u00adger le pou\u00advoir et de pro\u00adfi\u00adter de&nbsp;ses<br>\nbien\u00adfaits. Encore peut-on dire qu\u2019ils se soient progressivement<br>\nd\u00e9na\u00adtu\u00adr\u00e9s, et qu\u2019en deve\u00adnant par\u00adle\u00admen\u00adtaires et<br>\ngou\u00adver\u00adne\u00admen\u00adtaux ils aient ces\u00ads\u00e9 d\u2019\u00eatre fas\u00adcistes. En<br>\nd\u2019autres occa\u00adsions on vit, au. lieu de fas\u00adcistes se ral\u00adliant&nbsp;au.<br>\nPar\u00adle\u00adment bour\u00adgeois, ce der\u00adnier se ral\u00adlier au. Fascisme.<\/p>\n<p style=\"text-indent: 1.48cm; margin-bottom: 0cm;\" align=\"justify\">Que<br>\nce soit en Ita\u00adlie, en Alle\u00admagne ou en France les chefs d\u2019\u00e9tat<br>\nfas\u00adcistes ont \u00e9t\u00e9 por\u00adt\u00e9s l\u00e9ga\u00adle\u00adment&nbsp;au<br>\npou\u00advoir par les par\u00adle\u00adments d\u00e9mo\u00adcra\u00adtiques. Cer\u00adtains&nbsp;comme<br>\nMus\u00adso\u00adli\u00adni, Hor\u00adty ou Per\u00adon ont conti\u00adnu\u00e9 long\u00adtemps&nbsp;\u00e0<br>\ngou\u00adver\u00adner avec le Parlement.<\/p>\n<p style=\"text-indent: 1.48cm; margin-bottom: 0cm;\" align=\"justify\">Les<br>\nr\u00e9gimes fas\u00adcistes ont par\u00adfois m\u00eame vou\u00adlu&nbsp;cr\u00e9er<br>\nleur Par\u00adle\u00adment, comme les Cor\u00adt\u00e8s fran\u00adquistes ou le Conseil<br>\nNatio\u00adnal de P\u00e9tain. Il y eut au. moins un dic\u00adta\u00adteur renvers\u00e9<br>\npar l\u2019or\u00adgane de son r\u00e9gime&nbsp;: Mus\u00adso\u00adli\u00adni par le Grand Conseil<br>\nFasciste.<\/p>\n<p style=\"text-indent: 1.48cm; margin-bottom: 0cm;\" align=\"justify\">S\u2019il<br>\nest bien \u00e9vident que le tota\u00adli\u00adta\u00adrisme fas\u00adciste suppose<br>\nl\u2019a\u00adbou\u00adtis\u00adse\u00adment au r\u00e9gime du par\u00adti unique, il n\u2019en reste&nbsp;pas<br>\nmoins que de nom\u00adbreuses variantes ou tran\u00adsi\u00adtions sont possibles<br>\nmenant insen\u00adsi\u00adble\u00adment de la d\u00e9mo\u00adcra\u00adtie bour\u00adgeoise \u00e0&nbsp;la<br>\ndic\u00adta\u00adture. Et l\u2019on peut se deman\u00adder o\u00f9 en est la France&nbsp;:<br>\nd\u00e9mo\u00adcra\u00adtique chez elle, fas\u00adciste en Alg\u00e9rie.<\/p>\n<p style=\"text-indent: 1.48cm; margin-bottom: 0cm;\" align=\"justify\">Enfin<br>\nle jeu des alliances inter\u00adna\u00adtio\u00adnales est tel que dans la derni\u00e8re<br>\n\u00ab&nbsp;guerre du droit et de la liber\u00adt\u00e9&nbsp;\u00bb on a va&nbsp;en<br>\npleine Europe occu\u00adp\u00e9e par les troupes alle\u00admandes, un&nbsp;pays<br>\ncomme le Dane\u00admark pro\u00adc\u00e9\u00adder \u00e0 ses \u00e9lections<br>\npar\u00adle\u00admen\u00adtaires les plus r\u00e9gu\u00adli\u00e8res (o\u00f9 le&nbsp;parti<br>\nnazi ne recueillait qu\u2019un pour\u00adcen\u00adtage infime des voix). \u00c0&nbsp;la<br>\nm\u00eame \u00e9poque la Fin\u00adlande, alli\u00e9e de l\u2019Allemagne,<br>\nres\u00adtait une d\u00e9mo\u00adcra\u00adtie bour\u00adgeoise avec comme pre\u00admier ministre<br>\nle chef du par\u00adti socia\u00adliste, tan\u00addis que du c\u00f4t\u00e9&nbsp;des<br>\ngrandes d\u00e9mo\u00adcra\u00adties anglo-saxonnes com\u00adbat\u00adtaient plusieurs<br>\ndic\u00adta\u00adtures lati\u00adno-am\u00e9\u00adri\u00adcaines (sans comp\u00adter Chang Zai Chek&nbsp;et<br>\nStaline).<\/p>\n<h2>R\u00e9gimes parlementaires marxistes<\/h2>\n<p style=\"text-indent: 1.48cm; margin-bottom: 0cm;\" align=\"justify\">Il<br>\nest curieux de consta\u00adter com\u00adment le r\u00e9gime bol\u00adche\u00adviste, tout<br>\nen s\u2019ac\u00adcom\u00admo\u00addant au mieux de la liqui\u00adda\u00adtion sou\u00addaine (jan\u00advier&nbsp;1918)<br>\nde l\u2019As\u00adsem\u00adbl\u00e9e consti\u00adtuante (d\u00e9mo\u00adcra\u00adtie repr\u00e9sentative)<br>\ncomme de celle plus lente des soviets (d\u00e9mo\u00adcra\u00adtie directe<br>\npro\u00adl\u00e9\u00adta\u00adrienne), a vis\u00e9 \u00e0 copier peu \u00e0&nbsp;peu<br>\nle r\u00e9gime par\u00adle\u00admen\u00adtaire le plus traditionnel.<\/p>\n<p style=\"text-indent: 1.48cm; margin-bottom: 0cm;\" align=\"justify\">Par<br>\nles deux consti\u00adtu\u00adtions l\u00e9ni\u00adnistes de 1918 et 1924, le terme&nbsp;de<br>\nsoviet per\u00addait tout son sens de \u00ab&nbsp;Conseil des ouvriers, des<br>\npay\u00adsans et des sol\u00addats&nbsp;\u00bb pour deve\u00adnir syno\u00adnyme de&nbsp;toute<br>\nassem\u00adbl\u00e9e&nbsp;: du Conseil muni\u00adci\u00adpal au Par\u00adle\u00adment. Fina\u00adle\u00adment&nbsp;on<br>\nest venu \u00e0 pr\u00e9\u00adsen\u00adter la r\u00e9vo\u00adlu\u00adtion&nbsp;comme<br>\nconsis\u00adtant \u00e0 ins\u00adtal\u00adler un \u00ab&nbsp;vrai&nbsp;\u00bb Par\u00adle\u00adment,&nbsp;un.<br>\nr\u00e9gime par\u00adle\u00admen\u00adtaire \u00ab&nbsp;juste&nbsp;\u00bb, comme si&nbsp;les<br>\nins\u00adti\u00adtu\u00adtions de la d\u00e9mo\u00adcra\u00adtie bour\u00adgeoise pou\u00advaient simplement<br>\nfonc\u00adtion\u00adner hon\u00adn\u00ea\u00adte\u00adment au ser\u00advice du peuple. Cette pr\u00e9tention<br>\n\u00e0 r\u00e9a\u00adli\u00adser le r\u00eave des bour\u00adgeois du XIX<sup>e<\/sup><br>\nest bien carac\u00adt\u00e9\u00adris\u00adtique des bureau\u00adcrates sta\u00adli\u00adniens du XX<sup>e<\/sup>.<\/p>\n<p style=\"text-indent: 1.48cm; margin-bottom: 0cm;\" align=\"justify\">La<br>\ntroi\u00adsi\u00e8me consti\u00adtu\u00adtion de 1936, la consti\u00adtu\u00adtion \u00ab&nbsp;stalinienne&nbsp;\u00bb<br>\nde l\u2019U.R.S.S. orga\u00adnise deux Assem\u00adbl\u00e9es com\u00adpo\u00adsant le Soviet<br>\nSupr\u00eame, un Pr\u00e9\u00adsi\u00addium col\u00adl\u00e9\u00adgial et un Conseil des<br>\nMinistres. Cha\u00adcun sait que ce par\u00adle\u00admen\u00adta\u00adrisme \u00ab&nbsp;le&nbsp;plus<br>\nd\u00e9mo\u00adcra\u00adtique du monde&nbsp;\u00bb est de pure forme. La<br>\nconsti\u00adtu\u00adtion elle-m\u00eame, en son article 126, caract\u00e9risant<br>\nle par\u00adti com\u00admu\u00adniste comme le \u00ab&nbsp;noyau diri\u00adgeant de toutes les<br>\norga\u00adni\u00adsa\u00adtions de tra\u00advailleurs, aus\u00adsi bien des orga\u00adni\u00adsa\u00adtions sociales<br>\nque des orga\u00adni\u00adsa\u00adtions d\u2019\u00c9\u00adtat&nbsp;\u00bb on est implicitement<br>\npr\u00e9\u00adve\u00adnu que la v\u00e9ri\u00adtable orga\u00adni\u00adsa\u00adtion du pou\u00advoir&nbsp;est<br>\ncelle du Par\u00adti et non de l\u2019\u00c9t\u00adtat. Il n\u2019est pas besoin<br>\nd\u2019\u00e9\u00adpi\u00adlo\u00adguer sur la fa\u00e7on dont ce par\u00adti a \u00e9limin\u00e9<br>\nles autres par\u00adtis et for\u00adma\u00adtions et com\u00adment en son sein m\u00eame&nbsp;il<br>\na d\u00e9truit toute pos\u00adsi\u00adbi\u00adli\u00adt\u00e9 de d\u00e9bat pour yoir&nbsp;\u00e0<br>\nquelle dis\u00adtance nous sommes du r\u00e9gime par\u00adle\u00admen\u00adtaire, malgr\u00e9<br>\nla figu\u00adra\u00adtion main\u00adte\u00adnant tra\u00addi\u00adtion\u00adnelle des \u00ab&nbsp;sans-Parti&nbsp;\u00bb.<\/p>\n<p style=\"text-indent: 1.48cm; margin-bottom: 0cm;\" align=\"justify\">M\u00eame<br>\ncalque scru\u00adpu\u00adleux de la d\u00e9mo\u00adcra\u00adtie bour\u00adgeoise dans&nbsp;les<br>\nd\u00e9mo\u00adcra\u00adties \u00ab&nbsp;popu\u00adlaires\u00bb&nbsp;; seule diff\u00e9rence&nbsp;:<br>\napr\u00e8s la fusion for\u00adc\u00e9e des ex-par\u00adtis socia\u00adlistes avec<br>\nles par\u00adtis sta\u00adli\u00adniens on a gar\u00add\u00e9 l\u2019ap\u00adpa\u00adrence de partis<br>\nbourgeois.<\/p>\n<p style=\"text-indent: 1.48cm; margin-bottom: 0cm;\" align=\"justify\">Ain\u00adsi<br>\nsi\u00e8gent aux c\u00f4t\u00e9s du P.C. chi\u00adnois, la&nbsp;Ligue<br>\nD\u00e9mo\u00adcra\u00adtique, le Kuo in Tang r\u00e9vo\u00adlu\u00adtion\u00adnaire&nbsp;et<br>\nd\u2019autres for\u00adma\u00adtions des\u00adti\u00adn\u00e9es \u00e0&nbsp;cr\u00e9er<br>\nl\u2019im\u00adpres\u00adsion d\u2019un \u00ab&nbsp;Front Popu\u00adlaire&nbsp;\u00bb, d\u2019un \u00ab&nbsp;Front<br>\nNatio\u00adnal&nbsp;\u00bb, d\u2019un \u00ab&nbsp;Front Patriotique&nbsp;\u00bb.<\/p>\n<p style=\"text-indent: 1.48cm; margin-bottom: 0cm;\" align=\"justify\">En<br>\nAlle\u00admagne de l\u2019Est l\u2019o\u00adp\u00e9\u00adra\u00adtion \u00ab&nbsp;sur\u00advie&nbsp;\u00bb des partis<br>\npoli\u00adtiques a \u00e9t\u00e9 men\u00e9e de main de ma\u00eetre.<br>\n\u00c0 c\u00f4t\u00e9 des sque\u00adlettes pr\u00e9cieusement<br>\nconser\u00adv\u00e9s des par\u00adtis chr\u00e9\u00adtien-d\u00e9mo\u00adcrate&nbsp;et<br>\nlib\u00e9\u00adral-d\u00e9mo\u00adcrate deux autres ont sur\u00adgi&nbsp;: Par\u00adti paysan<br>\net Natio\u00adnal-d\u00e9mo\u00adcrate fon\u00add\u00e9s par deux anciens membres<br>\ndu P.C. d\u00e9mis\u00adsion\u00adn\u00e9s de leur fonc\u00adtion \u00e0&nbsp;cet<br>\neffet. Ces quatre fan\u00adt\u00f4mes de par\u00adtis visent \u00e0 ral\u00adlier&nbsp;au<br>\nr\u00e9gime cha\u00adcun une cat\u00e9\u00adgo\u00adrie d\u00e9ter\u00admi\u00adn\u00e9e&nbsp;de<br>\nla popu\u00adla\u00adtion croyants, bour\u00adgeois, ruraux et anciens militaires<br>\nsur\u00adtout nazis et cha\u00adcun est repr\u00e9\u00adsen\u00adt\u00e9 \u00e0&nbsp;la<br>\nChambre du Peuple et au gouvernement.<\/p>\n<p style=\"text-indent: 1.48cm; margin-bottom: 0cm;\" align=\"justify\">En<br>\nYou\u00adgo\u00adsla\u00advie la pres\u00adsion sta\u00adli\u00adnienne ne par\u00advint pas \u00e0 susciter<br>\nde tels \u00ab&nbsp;reve\u00adnants&nbsp;\u00bb, les diri\u00adgeants du P.C. yougoslave<br>\nesti\u00admant super\u00adflus cette mascarade.<\/p>\n<p style=\"text-indent: 1.48cm; margin-bottom: 0cm;\" align=\"justify\">La<br>\nr\u00e9vo\u00adlu\u00adtion hon\u00adgroise de 1956 a clai\u00adre\u00adment montr\u00e9<br>\ncom\u00adment ces par\u00adtis de \u00ab&nbsp;com\u00adpa\u00adgnons de route&nbsp;\u00bb du stalinisme<br>\ns\u2019\u00e9\u00adva\u00adnouis\u00adsaient au moindre choc, vid\u00e9s de&nbsp;toute<br>\nsub\u00adstance, tan\u00addis que r\u00e9ap\u00adpa\u00adrais\u00adsaient spon\u00adta\u00adn\u00e9\u00adment&nbsp;les<br>\npar\u00adtis anciens et que s\u2019en cr\u00e9aient de nou\u00adveaux, reflet des<br>\nten\u00addances jeunes.<\/p>\n<p style=\"text-indent: 1.48cm; margin-bottom: 0cm;\" align=\"justify\">En<br>\nPologne l\u2019\u00e9\u00advo\u00adlu\u00adtion actuelle est \u00e0 sur\u00adveiller puisque<br>\nle Sejm (Chambre des d\u00e9pu\u00adt\u00e9s) \u00e9lu&nbsp;pour<br>\npl\u00e9\u00adbis\u00adci\u00adter Gomul\u00adka l\u2019a \u00e9t\u00e9 de fa\u00e7on&nbsp;\u00e0&nbsp;:<\/p>\n<p style=\"margin-bottom: 0cm;\" align=\"justify\">\u00e9vi\u00adter<br>\n\t\t\ttoute repr\u00e9\u00adsen\u00adta\u00adtion pro\u00adl\u00e9\u00adta\u00adrienne authen\u00adtique&nbsp;issue<br>\n\t\t\tdes Conseils ouvriers,<\/p>\n<p style=\"margin-bottom: 0cm;\" align=\"justify\">m\u00e9na\u00adger<br>\n\t\t\tl\u2019en\u00adtr\u00e9e d\u2019une oppo\u00adsi\u00adtion vir\u00adtuelle r\u00e9duite mais<br>\n\t\t\tvisible&nbsp;: catho\u00adliques et par\u00adti paysan.<\/p>\n<p style=\"text-indent: 1.48cm; margin-bottom: 0cm;\" align=\"justify\">Enfin<br>\nc\u2019est la pre\u00admi\u00e8re fois depuis les ann\u00e9es qui suivirent<br>\nla mort de L\u00e9nine\u200a\u2014\u200ahor\u00admis peut-\u00eatre la Hon\u00adgrie&nbsp;avant<br>\nOctobre 1956\u200a\u2014\u200aque dans un Par\u00adti com\u00admu\u00adniste au pou\u00advoir&nbsp;des<br>\nten\u00addances (au moins trois) peuvent s\u2019af\u00adfron\u00adter ouvertement.<\/p>\n<p style=\"text-indent: 1.48cm; margin-bottom: 0cm;\" align=\"justify\">Mais<br>\nnous ne sommes plus l\u00e0 dans le domaine du par\u00adle\u00admen\u00adta\u00adrisme&nbsp;mais<br>\nde la \u00ab&nbsp;D\u00e9mo\u00adcra\u00adtie int\u00e9\u00adrieure&nbsp;\u00bb ou de&nbsp;la<br>\n\u00ab&nbsp;D\u00e9mo\u00adcra\u00adtie ouvri\u00e8re&nbsp;\u00bb.<\/p>\n<p><strong><em>R\u00e9pu\u00adblique par\u00adle\u00admen\u00adtaire ou r\u00e9publique<br>\ndes conseils&nbsp;?<\/em><\/strong><\/p>\n<p style=\"text-indent: 1.48cm; margin-bottom: 0cm;\" align=\"justify\">La<br>\nlongue his\u00adtoire du Par\u00adle\u00adment n\u2019est certes pas ache\u00adv\u00e9e et&nbsp;elle<br>\nnous pro\u00admet de nou\u00adveaux d\u00e9ve\u00adlop\u00adpe\u00adments. Le gouvernement<br>\nrepr\u00e9\u00adsen\u00adta\u00adtif, qui \u00e9tait la revendication<br>\nr\u00e9vo\u00adlu\u00adtion\u00adnaire des bour\u00adgeois du XVIII<sup>e<\/sup> si\u00e8cle,<br>\na gagn\u00e9 le monde entier. Les des\u00adpotes se comptent sur&nbsp;les<br>\ndoigts de la main&nbsp;: Ibn S\u00e9oud, Ha\u00efle Selassi\u00e9.\u2026<br>\nPar contre les r\u00e9gimes les plus divers se sont accommod\u00e9s<br>\ndu Par\u00adle\u00adment ou l\u2019ont accom\u00admo\u00add\u00e9 \u00e0 leur&nbsp;fa\u00e7on&nbsp;:<br>\naus\u00adsi bien le fas\u00adcisme que le sta\u00adli\u00adnisme peuvent s\u2019or\u00adner&nbsp;d\u2019une<br>\nChambre des D\u00e9pu\u00adt\u00e9s, quel que soit son nom. Il y&nbsp;a<br>\npresque tou\u00adjours un per\u00adson\u00adnel diri\u00adgeant \u00e0 faire figu\u00adrer ou&nbsp;\u00e0<br>\nconsul\u00adter et l\u2019on n\u2019a plus besoin de beau\u00adcoup d\u2019i\u00adma\u00adgi\u00adna\u00adtion pour&nbsp;le<br>\nfaire \u00e9lire par le peuple, tant les m\u00e9thodes<br>\n\u00e9lec\u00adto\u00adrales se sont per\u00adfec\u00adtion\u00adn\u00e9es. La Russie<br>\nsta\u00adli\u00adnienne est c\u00e9l\u00e8bre par ses \u00e9lec\u00adtions&nbsp;o\u00f9<br>\nles can\u00addi\u00addats gou\u00adver\u00adne\u00admen\u00adtaux ras\u00adsemblent plus de 98% des suffrages,<br>\nen Alg\u00e9\u00adrie, sous la \u00ab&nbsp;pr\u00e9\u00adsence fran\u00e7aise&nbsp;\u00bb,<br>\ndepuis le gou\u00adver\u00adneur socia\u00adliste Nae\u00adge\u00adlen on obte\u00adnait r\u00e9guli\u00e8rement<br>\ndes r\u00e9sul\u00adtats aus\u00adsi merveilleux<\/p>\n<p style=\"text-indent: 1.48cm; margin-bottom: 0cm;\" align=\"justify\">Quel<br>\nque soit le r\u00e9gime ce n\u2019est qu\u2019ex\u00adcep\u00adtion\u00adnel\u00adle\u00adment que&nbsp;les<br>\nvrais d\u00e9bats poli\u00adtiques sont por\u00adt\u00e9s au Par\u00adle\u00adment.&nbsp;Car<br>\nles par\u00adle\u00adments ne sont qu\u2019une fa\u00e7ade morte, un d\u00e9cor&nbsp;en<br>\ncar\u00adton-p\u00e2te o\u00f9 de faux tour\u00adnois d\u2019\u00e9loquence<br>\nexpriment des posi\u00adtions et des d\u00e9ci\u00adsions \u00e9labor\u00e9es<br>\nailleurs. O\u00f9&nbsp;? dans le Par\u00adti ou les par\u00adtis, dans leurs Comit\u00e9s<br>\ncen\u00adtraux, Conseils natio\u00adnaux, Com\u00admis\u00adsions ex\u00e9\u00adcu\u00adtives, Bureaux<br>\npoli\u00adtiques et dans toutes les cou\u00adlisses, anti\u00adchambres et cour\u00adsives&nbsp;du<br>\nPou\u00advoir o\u00f9 se retrouvent les porte-parole des groupes<br>\nd\u2019in\u00adt\u00e9\u00adr\u00eats capi\u00adta\u00adlistes ou bureaucratiques.<\/p>\n<p style=\"text-indent: 1.48cm; margin-bottom: 0cm;\" align=\"justify\">La<br>\nr\u00e9a\u00adli\u00adt\u00e9 par\u00adle\u00admen\u00adtaire a quit\u00adt\u00e9 les appareils<br>\nd\u2019\u00c9\u00adtat pour les appa\u00adreils de par\u00adti&nbsp;; ces der\u00adniers&nbsp;\u00e9tant<br>\nentra\u00ee\u00adn\u00e9s les uns apr\u00e8s les autres dans une&nbsp;m\u00eame<br>\n\u00e9vo\u00adlu\u00adtion interne vers la scl\u00e9\u00adrose et la dic\u00adta\u00adture&nbsp;du<br>\nSecr\u00e9\u00adta\u00adriat, la d\u00e9mo\u00adcra\u00adtie ne s\u2019en est pas accrue, au<br>\ncontraire.<\/p>\n<p style=\"text-indent: 1.48cm; margin-bottom: 0cm;\" align=\"justify\">Si<br>\nres\u00adtreint soit-il le cercle de la dis\u00adcus\u00adsion r\u00e9v\u00e8le<br>\nchaque fois les m\u00eames tend.ances plus ou moins vives, d\u00e9clar\u00e9es<br>\nou conscientes, effa\u00adc\u00e9es, extir\u00adp\u00e9es ou reni\u00e9es.<br>\nQue ce soit dans les par\u00adtis fas\u00adciste ou nazi, sta\u00adli\u00adniens&nbsp;ou<br>\ngomul\u00adkistes, les mou\u00adve\u00adments fran\u00adquiste ou nas\u00ads\u00e9\u00adrien, dans&nbsp;le<br>\nDes\u00adtour tuni\u00adsien ou le Congr\u00e8s indien, dans les Par\u00adle\u00adments&nbsp;les<br>\nplus vieux ou les plus jeunes, mar\u00adxiste ou bour\u00adgeois, le&nbsp;m\u00eame<br>\n\u00e9ven\u00adtail d\u2019o\u00adpi\u00adnions appa\u00adra\u00eet entre une droite et&nbsp;une<br>\ngauche&nbsp;: l\u2019une tra\u00addi\u00adtio\u00adna\u00adliste d\u00e9fen\u00addant les plus anciennes<br>\nclasses capi\u00adta\u00adlistes sur\u00advi\u00advantes, o\u00f9 l\u2019on trouve les \u00ab&nbsp;mous&nbsp;\u00bb,<br>\nles jouis\u00adseurs, les cor\u00adrom\u00adpus, les fati\u00adgu\u00e9s, les lass\u00e9s<br>\nne s\u2019in\u00adt\u00e9\u00adres\u00adsant gu\u00e8re aux exp\u00e9riences<br>\nsocia\u00adlistes et aux tra\u00advailleurs&nbsp;; et puis l\u2019autre, celle des \u00ab&nbsp;durs&nbsp;\u00bb,<br>\ndes dog\u00adma\u00adtiques, des doc\u00adtri\u00adnaires, des \u00ab&nbsp;incorruptible&nbsp;\u00bb,<br>\ndes asc\u00e8tes, qui invoquent sans cesse le peuple et veulent<br>\npous\u00adser l\u2019in\u00adter\u00adven\u00adtion de l\u2019\u00c9\u00adtat dans tous les domaines au&nbsp;nom<br>\nde la classe ouvri\u00e8re et du socialisme.<\/p>\n<p style=\"text-indent: 1.48cm; margin-bottom: 0cm;\" align=\"justify\">Quel\u00adque\u00adfois<br>\nune troi\u00adsi\u00e8me ten\u00addance peut se faire jour&nbsp;: celle de lais\u00adser&nbsp;la<br>\nparole \u00e0 ces tra\u00advailleurs au nom de qui parle la gauche. Mais<br>\ncette ten\u00addance l\u00e0, elle, n\u2019est pas <u>s\u00e9rieuse<\/u>.<br>\nTout est bon pour lui refu\u00adser une place. T\u00e9moin l\u2019exemple<br>\nr\u00e9cent de Gomul\u00adka fai\u00adsant \u00e9vin\u00adcer les repr\u00e9sentants<br>\ndes Conseils Ouvriers ou de la jeu\u00adnesse d\u2019oc\u00adtobre (Gozd\u00adzik,<br>\nLaso\u00adta\u2026) et conser\u00advant avec une majo\u00adri\u00adt\u00e9 de d\u00e9put\u00e9s<br>\nsta\u00adli\u00adniens et social-d\u00e9mo\u00adcrates che\u00advron\u00adn\u00e9s&nbsp;une<br>\noppo\u00adsi\u00adtion bour\u00adgeoise et cl\u00e9\u00adri\u00adcale. Quant au peuple il&nbsp;reste<br>\ntou\u00adjours hors du&nbsp;d\u00e9bat.<\/p>\n<p style=\"text-indent: 1.48cm; margin-bottom: 0cm;\" align=\"justify\">Sous<br>\ntoutes ses formes et variantes le r\u00e9gime par\u00adle\u00admen\u00adtaire aboutit<br>\nau m\u00eame r\u00e9sul\u00adtat&nbsp;: confier \u00e0 une petite minorit\u00e9<br>\nle soin de d\u00e9ci\u00adder au nom des masses. Une fois tous les&nbsp;cinq<br>\nans envi\u00adron le peuple est appe\u00adl\u00e9 \u00e0 la c\u00e9r\u00e9monie<br>\nsolen\u00adnelle moyen\u00adnant quoi il n\u2019a plus qu\u2019\u00e0&nbsp;ob\u00e9ir.<\/p>\n<p style=\"text-indent: 1.48cm; margin-bottom: 0cm;\" align=\"justify\">La<br>\nsuper\u00adche\u00adrie du par\u00adle\u00adment bour\u00adgeois se r\u00e9p\u00e8te dans&nbsp;le<br>\npar\u00adle\u00adment marxiste.<\/p>\n<p style=\"text-indent: 1.48cm; margin-bottom: 0cm;\" align=\"justify\">Le<br>\nPar\u00adle\u00adment est l\u2019or\u00adgane d\u00e9co\u00adra\u00adtif, jadis d\u00e9lib\u00e9ratif,<br>\nde la classe diri\u00adgeante. Il ne peut op\u00e9\u00adrer que des r\u00e9flexions<br>\nsur lui-m\u00eame et res\u00adter \u00e9tran\u00adger \u00e0 l\u2019exp\u00e9rience<br>\nper\u00adma\u00adnente des travailleurs.<\/p>\n<p style=\"text-indent: 1.48cm; margin-bottom: 0cm;\" align=\"justify\">Vou\u00adloir<br>\ntrans\u00adfor\u00admer les par\u00adle\u00adments exis\u00adtants en organes r\u00e9volutionnaires<br>\nest aus\u00adsi vain que de jeter les plans du par\u00adle\u00adment&nbsp;id\u00e9al,<br>\npar\u00adfait chef d\u2019\u0153uvre de la d\u00e9mocratie.<\/p>\n<p style=\"text-indent: 1.48cm; margin-bottom: 0cm;\" align=\"justify\">Com\u00admuent<br>\nsor\u00adtir de ce cercle&nbsp;? La r\u00e9ponse a \u00e9t\u00e9 donn\u00e9e<br>\ndans de nom\u00adbreux pays&nbsp;: c\u2019est celle des tra\u00advailleurs eux-m\u00eames<br>\ns\u2019or\u00adga\u00adni\u00adsant en Conseils, Soviets Col\u00adlec\u00adti\u00advi\u00adt\u00e9s agraires et<br>\nindus\u00adtrielles. C\u2019est celle de la r\u00e9vo\u00adlu\u00adtion prol\u00e9tarienne&nbsp;:<br>\nParis (1871), Rus\u00adsie (1905, 1917), Mexique (1911\u2026), Finlande,<br>\nAlle\u00admagne Hon\u00adgrie, Ukraine (1918, 1919), Krons\u00adtadt (1921), Asturies<br>\n(1934), Espagne (1936), Pologne, Hon\u00adgrie (1956). Chaque fois il&nbsp;se<br>\ntrouve un par\u00adle\u00adment pour orga\u00adni\u00adser la r\u00e9pres\u00adsion la&nbsp;plus<br>\ns\u00e9v\u00e8re&nbsp;; soit un par\u00adle\u00adment bour\u00adgeois comme aux Asturies<br>\nen 1934, soit un par\u00adle\u00adment mar\u00adxiste comme \u00e0 Krons\u00adtadt en&nbsp;1921,<br>\nsoit un par\u00adle\u00adment mar\u00adxiste-bour\u00adgeois comme \u00e0 Bar\u00adce\u00adlone&nbsp;en<br>\n1937.<\/p>\n<p style=\"text-indent: 1.48cm; margin-bottom: 0cm;\" align=\"justify\">La<br>\nseule d\u00e9mo\u00adcra\u00adtie qui ne puisse se retour\u00adner contre les<br>\ntra\u00advailleurs c\u2019est celle qui s\u2019\u00e9\u00adta\u00adblit au sein de la classe<br>\nouvri\u00e8re et non hors d\u2019elle et au-des\u00adsus d\u2019elle. L\u2019attitude<br>\ncons\u00e9\u00adquente des tra\u00advailleurs face au Par\u00adle\u00adment est&nbsp;celle,<br>\nn\u00e9ga\u00adtive, de la non-par\u00adti\u00adci\u00adpa\u00adtion. Toute action constructive<br>\ndoit pas\u00adser par d autres voies, tabler sur d\u2019autres moyens.<\/p>\n<p style=\"text-indent: 1.48cm; margin-bottom: 0cm;\" align=\"justify\">Tout<br>\nPar\u00adle\u00adment, tout gou\u00adver\u00adne\u00adment repr\u00e9\u00adsen\u00adta\u00adtif,&nbsp;reste<br>\nn\u00e9ces\u00adsai\u00adre\u00adment une impos\u00adture et une tra\u00adhi\u00adson car il repose sur<br>\nun per\u00adson\u00adnel poli\u00adtique acqu\u00e9\u00adrant des conceptions<br>\nbureau\u00adcra\u00adtiques et iden\u00adti\u00adfiant sa volon\u00adt\u00e9 \u00e0 celle&nbsp;de<br>\nl\u2019\u00c9\u00adtat. Dans la classe ouvri\u00e8re toute tendance<br>\nr\u00e9vo\u00adlu\u00adtion\u00adnaire peut four\u00adnir une contri\u00adbu\u00adtion posi\u00adtive.&nbsp;Hors<br>\nd\u2019elle, tout par\u00adti poli\u00adtique ne peut qu\u2019ag\u00adgra\u00adver la domi\u00adna\u00adtion de&nbsp;la<br>\nbour\u00adgeoi\u00adsie ou ins\u00adtal\u00adler la sienne propre.<\/p>\n<p style=\"text-indent: 1.48cm; margin-bottom: 0cm;\" align=\"justify\">J.<br>\nPresly<\/p>\n","protected":false},"excerpt":{"rendered":"<p>Les pre\u00admi\u00e8res assem\u00adbl\u00e9es Sur 400.000 Ath\u00e9\u00adniens, 40.000 \u00e9taient citoyens et avaient acc\u00e8s \u00e0 l\u2019As\u00adsem\u00adbl\u00e9e (Eccle\u00adsia), mais il n\u2019y&nbsp;eut jamais plus de 6.000 pr\u00e9\u00adsents. Res\u00adtaient en fait hors de&nbsp;la d\u00e9mo\u00adcra\u00adtie&nbsp;: 34.000 citoyens, 90.000 femmes et enfants, 70.000 \u00e9tran\u00adgers (M\u00e9t\u00e8ques) et 200.000 esclaves. \u00c0 Rome seules les familles patri\u00adciennes \u00e9taient repr\u00e9\u00adsen\u00adt\u00e9es au S\u00e9nat et le peuple n\u2019ar\u00adra\u00adcha [\u2026]<\/p>\n","protected":false},"author":1,"featured_media":0,"comment_status":"closed","ping_status":"closed","sticky":false,"template":"","format":"standard","meta":{"wp_typography_post_enhancements_disabled":false,"footnotes":""},"categories":[135],"tags":[],"ppma_author":[540],"class_list":["post-1175","post","type-post","status-publish","format-standard","hentry","category-noir-rouge-na9-hiver-1957-1958"],"authors":[{"term_id":540,"user_id":1,"is_guest":0,"slug":"admin_3gikpwyf","display_name":"Vincent Dubuc","avatar_url":"https:\/\/secure.gravatar.com\/avatar\/d015720652c25fd2ced191ade86430094e1f288a17483713e3b34d26dea52507?s=96&d=mm&r=g","author_category":"","user_url":"https:\/\/la-presse-anarchiste.net","last_name":"Dubuc","first_name":"Vincent","job_title":"","description":""}],"_links":{"self":[{"href":"https:\/\/la-presse-anarchiste.net\/index.php\/wp-json\/wp\/v2\/posts\/1175","targetHints":{"allow":["GET"]}}],"collection":[{"href":"https:\/\/la-presse-anarchiste.net\/index.php\/wp-json\/wp\/v2\/posts"}],"about":[{"href":"https:\/\/la-presse-anarchiste.net\/index.php\/wp-json\/wp\/v2\/types\/post"}],"author":[{"embeddable":true,"href":"https:\/\/la-presse-anarchiste.net\/index.php\/wp-json\/wp\/v2\/users\/1"}],"replies":[{"embeddable":true,"href":"https:\/\/la-presse-anarchiste.net\/index.php\/wp-json\/wp\/v2\/comments?post=1175"}],"version-history":[{"count":0,"href":"https:\/\/la-presse-anarchiste.net\/index.php\/wp-json\/wp\/v2\/posts\/1175\/revisions"}],"wp:attachment":[{"href":"https:\/\/la-presse-anarchiste.net\/index.php\/wp-json\/wp\/v2\/media?parent=1175"}],"wp:term":[{"taxonomy":"category","embeddable":true,"href":"https:\/\/la-presse-anarchiste.net\/index.php\/wp-json\/wp\/v2\/categories?post=1175"},{"taxonomy":"post_tag","embeddable":true,"href":"https:\/\/la-presse-anarchiste.net\/index.php\/wp-json\/wp\/v2\/tags?post=1175"},{"taxonomy":"author","embeddable":true,"href":"https:\/\/la-presse-anarchiste.net\/index.php\/wp-json\/wp\/v2\/ppma_author?post=1175"}],"curies":[{"name":"wp","href":"https:\/\/api.w.org\/{rel}","templated":true}]}}