{"id":1181,"date":"2008-01-14T21:27:17","date_gmt":"2008-01-14T21:27:17","guid":{"rendered":"https:\/\/la-presse-anarchiste.net\/index.php\/2008\/01\/14\/la-c-n-t-despagne-et-la-participation-electorale\/"},"modified":"2008-01-14T21:27:17","modified_gmt":"2008-01-14T21:27:17","slug":"la-c-n-t-despagne-et-la-participation-electorale","status":"publish","type":"post","link":"https:\/\/la-presse-anarchiste.net\/index.php\/2008\/01\/14\/la-c-n-t-despagne-et-la-participation-electorale\/","title":{"rendered":"LA C.N.T. d\u2019Espagne et la participation \u00e9lectorale"},"content":{"rendered":"<div class=\"pdfprnt-buttons pdfprnt-buttons-post pdfprnt-top-right\"><a href=\"https:\/\/la-presse-anarchiste.net\/index.php\/wp-json\/wp\/v2\/posts\/1181?print=pdf\" class=\"pdfprnt-button pdfprnt-button-pdf\" target=\"_blank\"><img decoding=\"async\" src=\"https:\/\/la-presse-anarchiste.net\/wp-content\/plugins\/pdf-print\/images\/pdf.png\" alt=\"image_pdf\" title=\"Afficher le PDF\"><\/a><a href=\"https:\/\/la-presse-anarchiste.net\/index.php\/wp-json\/wp\/v2\/posts\/1181?print=print\" class=\"pdfprnt-button pdfprnt-button-print\" target=\"_blank\"><img decoding=\"async\" src=\"https:\/\/la-presse-anarchiste.net\/wp-content\/plugins\/pdf-print\/images\/print.png\" alt=\"image_print\" title=\"Contenu imprim\u00e9\"><\/a><\/div><p style=\"text-indent: 1.48cm; margin-bottom: 0cm;\" align=\"justify\"><i>[(Sur<br>\nse vaste pro\u00adbl\u00e8me&nbsp;: les posi\u00adtions liber\u00adtaires face&nbsp;au<br>\npar\u00adle\u00admen\u00adta\u00adrisme et \u00e0 l\u2019\u00e9\u00adlec\u00adto\u00adra\u00adlisme, nous ne pourrions<br>\npas ne pas men\u00adtion\u00adner la ques\u00adtion d\u2019Es\u00adpagne, sen\u00adsible \u00e0&nbsp;tous<br>\nles anar\u00adchistes. C\u2019est un de nos cama\u00adrades Espa\u00adgnols qui nous&nbsp;remet<br>\nen m\u00e9moire  quelques faits d\u00e9j\u00e0 anciens mais<br>\ndont les cons\u00e9\u00adquences nous semblent encore aujourd\u2019\u00adhui&nbsp;des<br>\nplus lourdes.)]<\/i><\/p>\n<p style=\"text-indent: 1.48cm; margin-bottom: 0cm;\" align=\"justify\">C\u2019est<br>\nun fait bien connu que la C.N.T. d\u2019Es\u00adpagne a tou\u00adjours&nbsp;\u00e9t\u00e9,<br>\nde par ses prin\u00adcipes, ses d\u00e9ci\u00adsions et sa ligne historique,<br>\napo\u00adli\u00adtique,  anti\u00adpar\u00adle\u00admen\u00adta\u00adriste et par cons\u00e9quent<br>\nabs\u00adten\u00adtion\u00adniste dans la foire \u00e9lectorale.<\/p>\n<p style=\"text-indent: 1.48cm; margin-bottom: 0cm;\" align=\"justify\">La<br>\nques\u00adtion qui se pose est&nbsp;: Pour\u00adquoi en f\u00e9vrier 1936&nbsp;ne<br>\nconser\u00adva-t-elle pas avec ferr\u00adme\u00adt\u00e9 cette position<br>\ntra\u00addi\u00adtion\u00adnelle qui avait tou\u00adjours \u00e9t\u00e9 la sienne&nbsp;?<\/p>\n<p style=\"text-indent: 1.48cm; margin-bottom: 0cm;\" align=\"justify\">La<br>\nr\u00e9ponse est dif\u00adfi\u00adcile et ardue. Cepen\u00addant nous essaie\u00adrons&nbsp;dans<br>\nla mesure de nos connais\u00adsances de don\u00adner notre avis sur ce&nbsp;point.<br>\nLors des \u00e9lec\u00adtions du 19 novembre 1933, la C.N.T. main\u00adtint&nbsp;et<br>\npro\u00adpa\u00adgea sa posi\u00adtion abs\u00adten\u00adtion\u00adniste. Celles-ci mar\u00adqu\u00e8rent la<br>\nd\u00e9route des par\u00adtis de gauche par l\u2019ab\u00adsence aux urnes&nbsp;du<br>\npro\u00adl\u00e9\u00adta\u00adriat affi\u00adli\u00e9 \u00e0 la C.N.T. Ce fut&nbsp;une<br>\ngrande vic\u00adtoire id\u00e9o\u00adlo\u00adgique pour l\u2019organisation<br>\nr\u00e9vo\u00adlu\u00adtion\u00adnaire. Vic\u00adtoire dont elle ne sut pas tirer profit<br>\npar manque de psy\u00adcho\u00adlo\u00adgie et de pr\u00e9\u00adpa\u00adra\u00adtion de la r\u00e9volution<br>\nsur le plan natio\u00adnal face aux \u00e9v\u00e8\u00adne\u00adments. C\u2019est&nbsp;pour<br>\nces rai\u00adsons que le mou\u00adve\u00adment r\u00e9vo\u00adlu\u00adtion\u00adnaire n\u00e9 le&nbsp;8<br>\nd\u00e9cembre, fut \u00e9touff\u00e9.<\/p>\n<p style=\"text-indent: 1.48cm; margin-bottom: 0cm;\" align=\"justify\">Avant<br>\nles \u00e9lec\u00adtions, le Mou\u00adve\u00adment liber\u00adtaire espa\u00adgnol avait organis\u00e9<br>\ndes mee\u00adtings, des tour\u00adn\u00e9es de pro\u00adpa\u00adgande pour main\u00adte\u00adnir&nbsp;sa<br>\nposi\u00adtion tra\u00addi\u00adtion\u00adnelle et lan\u00ad\u00e7a la consigne sui\u00advante&nbsp;: \u00ab&nbsp;Frente<br>\na las urnas la Revo\u00adlu\u00adcion Socia\u00adl\u00e9 (face aux urnes, nous ferons<br>\nla r\u00e9vo\u00adlu\u00adtion sociale) et il assu\u00adrait que si la droite \u00e9tait<br>\nvic\u00adto\u00adrieuse (ce qui \u00e9tait in\u00e9vi\u00adtable si la C.N.T.<br>\ns\u2019abs\u00adte\u00adnait) il ripos\u00adte\u00adrait par la r\u00e9vo\u00adlu\u00adtion. Tout se&nbsp;passa<br>\ncomme pr\u00e9\u00advu, mais la r\u00e9vo\u00adlu\u00adtion, insuffisamment<br>\npr\u00e9\u00adpa\u00adr\u00e9e, \u00e9choua.<\/p>\n<p style=\"text-indent: 1.48cm; margin-bottom: 0cm;\" align=\"justify\">L\u2019A\u00adra\u00adgon<br>\net le Rio\u00adja, r\u00e9gions o\u00f9 l\u2019in\u00adfluence anar\u00adchiste \u00e9tait<br>\ntr\u00e8s grande, jou\u00e8rent un r\u00f4le de pre\u00admier&nbsp;plan<br>\npen\u00addant la r\u00e9vo\u00adlu\u00adtion de 1933. Mal\u00adheu\u00adreu\u00adse\u00adment, le reste&nbsp;de<br>\nl\u2019Es\u00adpagne ne se joi\u00adgnit pas au mou\u00adve\u00adment. L\u2019An\u00adda\u00adlou\u00adsie, Valence, la<br>\nCata\u00adlogne ne r\u00e9pon\u00addirent pas \u00e0 l\u2019ap\u00adpel de la C.N.T. Il<br>\nest vrai qu\u2019elles \u00e9taient tr\u00e8s affai\u00adblies par&nbsp;le<br>\nmou\u00adve\u00adment r\u00e9vo\u00adlu\u00adtion\u00adnaire du 8 jan\u00advier de la m\u00eame&nbsp;ann\u00e9e<br>\net la plus grande par\u00adtie de leurs mili\u00adtants \u00e9taient soit&nbsp;en<br>\npri\u00adson, soit en fuite, tra\u00adqu\u00e9s par la police. Les militants<br>\nsocia\u00adlistes et l\u2019U.G.T. de leur c\u00f4t\u00e9 ne\tsecond\u00e8rent<br>\npas le mou\u00adve\u00adment comme il \u00e9tait conve\u00adnu et cela abou\u00adtit&nbsp;\u00e0<br>\nl\u2019\u00e9\u00adchec. Durant les quelques jours que dura le mouvement<br>\nr\u00e9vo\u00adlu\u00adtion\u00adnaire en Ara\u00adgon, \u00e0 Rio\u00adja, on pro\u00adcla\u00adma&nbsp;le<br>\ncom\u00admu\u00adniste liber\u00adtaire, et, \u00e0 Sara\u00adgosse, r\u00e9si\u00addence&nbsp;su<br>\ncomi\u00adt\u00e9 natio\u00adnal de la C.N.T., on for\u00adma le comit\u00e9<br>\nr\u00e9vo\u00adlu\u00adtion\u00adnaire com\u00adpo\u00ads\u00e9 de cama\u00adrades d\u2019une&nbsp;tr\u00e8s<br>\ngrande com\u00adp\u00e9\u00adtence. Tous lut\u00adt\u00e8rent avec enthousiasme,<br>\nmais tout cela fut&nbsp;vain.<\/p>\n<p style=\"text-indent: 1.48cm; margin-bottom: 0cm;\" align=\"justify\">Pen\u00addant<br>\nles deux ann\u00e9es que dura le pou\u00advoir de la droite, les<br>\nmili\u00adtants F.A.I. et C.N.T. endu\u00adr\u00e8rent les&nbsp;m\u00eames<br>\nper\u00ads\u00e9\u00adcu\u00adtions que lorsque gou\u00adver\u00adnaient les gauches qui<br>\nempri\u00adson\u00adnaient et d\u00e9por\u00adtaient en Afrique les militants<br>\nanar\u00adchistes. Seule\u00adment, ils n\u2019\u00e9\u00adtaient plus seuls&nbsp;comme<br>\nautre\u00adfois, car par iro\u00adnie du sort, les poli\u00adti\u00adciens, qui avaient<br>\nall\u00e8\u00adgre\u00adment accep\u00adt\u00e9 la r\u00e9pres\u00adsion contre les<br>\nmili\u00adtants anar\u00adchistes au temps du gou\u00adver\u00adne\u00adment de\tla \u00ab&nbsp;gauche&nbsp;\u00bb,<br>\n\u00e9taient pour\u00adsui\u00advis eux&nbsp;aussi.<\/p>\n<p style=\"text-indent: 1.48cm; margin-bottom: 0cm;\" align=\"justify\">En<br>\nAstu\u00adries, centre minier et r\u00e9vo\u00adlu\u00adtion\u00adnaire, le 6 octobre 1934<br>\n\u00e9cla\u00adta un mou\u00adve\u00adment insur\u00adrec\u00adtion\u00adnel diri\u00adg\u00e9 par&nbsp;les<br>\nsocia\u00adlistes et l\u2019U.G.T., la C.N.T., quoique popu\u00adlaire dans&nbsp;cette<br>\nr\u00e9gion, s\u2019y trou\u00advant en mino\u00adri\u00adt\u00e9. Pen\u00addant cette p\u00e9riode<br>\nse for\u00adm\u00e8rent des comi\u00adt\u00e9s r\u00e9volutionnaires<br>\nU.G.T.\u200a\u2014\u200aC.N.T. Leur mot d\u2019ordre \u00e9tait&nbsp;: U.H.P. (Union des<br>\nfr\u00e8res pro\u00adl\u00e9\u00adtaires). Ils reven\u00addi\u00adquaient l\u2019Unit\u00e9<br>\nd\u2019Ac\u00adtion des deux grandes cen\u00adtrales syn\u00addi\u00adcales. La lutte&nbsp;se<br>\npour\u00adsui\u00advit avec cou\u00adrage jus\u00adqu\u2019\u00e0 l\u2019ex\u00adtr\u00eame limite des<br>\npos\u00adsi\u00adbi\u00adli\u00adt\u00e9s dans beau\u00adcoup de centres, mais malheureusement,<br>\ncomme en 1933,  le reste de l\u2019Es\u00adpagne ne s\u2019as\u00adso\u00adcia pas au mouvement<br>\nsauf quelques foyers iso\u00adl\u00e9s de Cata\u00adlogne, d\u2019An\u00adda\u00adlou\u00adsie et&nbsp;de<br>\nCas\u00adtille. La r\u00e9pres\u00adsion fut ter\u00adrible. Les Maures et la L\u00e9gion<br>\n\u00e9tran\u00adg\u00e8re don\u00adn\u00e8rent libre cours \u00e0&nbsp;leurs<br>\nins\u00adtincts san\u00adgui\u00adnaires, pr\u00e9\u00adpa\u00adrant ain\u00adsi le che\u00admin au r\u00e9gime<br>\nde Franco.<\/p>\n<p style=\"text-indent: 1.48cm; margin-bottom: 0cm;\" align=\"justify\">Cette<br>\nsitua\u00adtion pro\u00advo\u00adqua un rap\u00adpro\u00adche\u00adment entre socia\u00adlistes, r\u00e9publicains<br>\net anar\u00adcho-syn\u00addi\u00adca\u00adlistes face \u00e0 l\u2019en\u00adne\u00admi com\u00admun&nbsp;: le fascisme<br>\nrepr\u00e9\u00adsen\u00adt\u00e9 par la droite.<\/p>\n<p style=\"text-indent: 1.48cm; margin-bottom: 0cm;\" align=\"justify\">La<br>\npresse socia\u00adliste et celle de la C.N.T. r\u00e9cla\u00admaient \u00e0<br>\ncor et \u00e0 cri l\u2019u\u00adni\u00adt\u00e9 de la C.N.T. et de l\u2019U.G.T. Largo<br>\nCabal\u00adle\u00adro, lea\u00adder du par\u00adti socia\u00adliste et de l\u2019U.G.T. lan\u00ad\u00e7a&nbsp;un<br>\nappel path\u00e9\u00adtique pour l\u2019or\u00adga\u00adni\u00adsa\u00adtion d\u2019un front commun<br>\nprol\u00e9tarien.<\/p>\n<p style=\"text-indent: 1.48cm; margin-bottom: 0cm;\" align=\"justify\">Cette<br>\npro\u00adpa\u00adgande, qui trou\u00advait de larges \u00e9chos dans les milieux de<br>\nla C.N.T., fut uti\u00adli\u00ads\u00e9e par les mili\u00adtants qui \u00e9taient<br>\npar\u00adti\u00adsans d\u2019une col\u00adla\u00adbo\u00adra\u00adtion avec les par\u00adtis poli\u00adtiques. Ils<br>\natti\u00adr\u00e8rent \u00e0 eux beau\u00adcoup de syn\u00addi\u00adcats ind\u00e9cis.<br>\nC\u2019est ain\u00adsi que le virus de la \u00ab&nbsp;collaboration&nbsp;\u00bb<br>\ns\u2019in\u00adfil\u00adtrait peu \u00e0 peu dans l\u2019or\u00adga\u00adni\u00adsa\u00adtion anar\u00adchiste. M\u00eame<br>\nla F.A.I. se res\u00adsen\u00adtit de cette crise. Cette posi\u00adtion r\u00e9visionniste<br>\nde l\u2019a\u00adnar\u00adchisme qui \u00e9tait n\u00e9e dans les Asturies<br>\ns\u2019\u00e9\u00adten\u00addit bien\u00adt\u00f4t \u00e0 d\u2019autres r\u00e9gions. M\u00eame<br>\nen Cata\u00adlogne, o\u00f9, jus\u00adqu\u2019\u00e0 ce jour, l\u2019or\u00adga\u00adni\u00adsa\u00adtion&nbsp;avait<br>\ntou\u00adjours d\u00e9fen\u00addu le prin\u00adcipe de l\u2019abs\u00adten\u00adtion abso\u00adlue,&nbsp;des<br>\npoints de vue se firent jour deman\u00addant que des accords soient faits<br>\navec les autres orga\u00adni\u00adsa\u00adtions d\u00e9mocratiques.<\/p>\n<p style=\"text-indent: 1.48cm; margin-bottom: 0cm;\" align=\"justify\">Au<br>\ncours de la cam\u00adpagne \u00e9lec\u00adto\u00adrale de f\u00e9vrier 1936,&nbsp;les<br>\n30.000 d\u00e9te\u00adnus de la C.N,T. ser\u00advirent de pro\u00adpa\u00adgande aux partis<br>\nde gauche. Il sem\u00adblait alors \u00e9vident \u00e0 nos camarades<br>\nque seule la vic\u00adtoire de la gauche pro\u00advo\u00adque\u00adrait leur lib\u00e9ration.<\/p>\n<p style=\"text-indent: 1.48cm; margin-bottom: 0cm;\" align=\"justify\">Sur<br>\nles murs de Bar\u00adce\u00adlone on pou\u00advait&nbsp;lire&nbsp;:<\/p>\n<p style=\"text-indent: 1.48cm; margin-bottom: 0cm;\" align=\"justify\">\u00ab&nbsp;Votez<br>\npour ceux des prisons&nbsp;\u00bb.<\/p>\n<p style=\"text-indent: 1.48cm; margin-bottom: 0cm;\" align=\"justify\">Ain\u00adsi<br>\nfut cr\u00e9\u00e9e une psy\u00adchose favo\u00adrable au vote avec&nbsp;la<br>\ncom\u00adpli\u00adci\u00adt\u00e9 des comi\u00adt\u00e9s res\u00adpon\u00adsables et des militants<br>\nanar\u00adchistes les plus en vue. On vota. La gauche eut la majorit\u00e9.<br>\nLes d\u00e9te\u00adnus furent lib\u00e9\u00adr\u00e9s. Aux \u00e9lections,<br>\nsuc\u00adc\u00e9\u00adda une p\u00e9riode rela\u00adti\u00adve\u00adment calme. Au cours&nbsp;de<br>\ncette p\u00e9riode l\u2019or\u00adga\u00adni\u00adsa\u00adtion conf\u00e9d\u00e9rale<br>\ncom\u00admen\u00ad\u00e7a \u00e0 res\u00adsen\u00adtir les effets de la collaboration.<br>\nC\u2019est alors que quelques diri\u00adgeants et mili\u00adtants&nbsp;de<br>\nl\u2019a\u00adnar\u00adcho-syn\u00addi\u00adca\u00adliste com\u00admen\u00adc\u00e8rent \u00e0 \u00e9noncer<br>\ndes posi\u00adtions d\u00e9via\u00adtion\u00adnistes. Par des articles, des<br>\nconf\u00e9\u00adrences, on deman\u00addait sans scru\u00adpule ni digni\u00adt\u00e9,&nbsp;la<br>\ncol\u00adla\u00adbo\u00adra\u00adtion. avec les par\u00adtis poli\u00adtiques, posi\u00adtion que&nbsp;les<br>\nanar\u00adchistes avaient tou\u00adjours com\u00adbat\u00adtu jus\u00adqu\u2019a\u00adlors. Ain\u00adsi, peu&nbsp;\u00e0<br>\npeu, \u00e0 force de man\u0153uvres sour\u00adnoises on ame\u00adna la C.N.T. Et<br>\nl\u2019a\u00adnar\u00adcho-syn\u00addi\u00adca\u00adlisme sur la pente du r\u00e9for\u00admisme. D\u00e9j\u00e0<br>\ndans la pen\u00ads\u00e9e de quelques diri\u00adgeants s\u2019\u00e9laborait<br>\nl\u2019i\u00add\u00e9e de for\u00admer un Par\u00adti libertaire.<\/p>\n<p style=\"text-indent: 1.48cm; margin-bottom: 0cm;\" align=\"justify\">Il<br>\nne faut donc pas s\u2019\u00e9\u00adton\u00adner si le 19 juillet 1936, lorsque la<br>\nr\u00e9vo\u00adlu\u00adtion \u00e9cla\u00adta et qu\u2019il fal\u00adlut col\u00adla\u00adbo\u00adrer avec&nbsp;les<br>\nautres anti\u00adfran\u00adquistes, posi\u00adtion col\u00adla\u00adbo\u00adra\u00adtion\u00adniste pr\u00e9valut<br>\nau soin de la C.N.T. L\u2019ab\u00adsence dans les congr\u00e8s et assembl\u00e9es<br>\nde la majo\u00adri\u00adt\u00e9 des mili\u00adtants qui \u00e9taient au&nbsp;front,<br>\ncontri\u00adbua au ren\u00adfor\u00adce\u00adment de cette posi\u00adtion. Aus\u00adsi,&nbsp;les<br>\ncol\u00adla\u00adbo\u00adra\u00adtion\u00adnistes et leurs amis socia\u00adlistes d\u00e9clar\u00e8rent<br>\ndans leur pro\u00adpa\u00adgande au sein du mou\u00adve\u00adment ouvrier inter\u00adna\u00adtio\u00adnal&nbsp;que<br>\nla C.N.T., et l\u2019a\u00adnar\u00adchisme espa\u00adgnol s\u2019\u00e9\u00adtaient enfin lib\u00e9r\u00e9s<br>\nde leurs posi\u00adtions d\u00e9mo\u00add\u00e9es et apo\u00adli\u00adtiques pour&nbsp;faire<br>\nl\u2019u\u00adnion avec les autres sec\u00adteurs d\u00e9mo\u00adcra\u00adtiques espagnols.<\/p>\n<p style=\"text-indent: 1.48cm; margin-bottom: 0cm;\" align=\"justify\">C\u2019est<br>\nain\u00adsi qu\u2019une orga\u00adni\u00adsa\u00adtion anar\u00adchiste r\u00e9vo\u00adlu\u00adtion\u00adnaire&nbsp;fut<br>\name\u00adn\u00e9e \u00e0 renier les prin\u00adcipes id\u00e9o\u00adlo\u00adgiques les<br>\nplus fon\u00adda\u00admen\u00adtaux. Nous pen\u00adsons que ces erreurs doivent nous servir<br>\nde&nbsp;le\u00e7on.<\/p>\n<p style=\"text-indent: 1.48cm; margin-bottom: 0cm;\" align=\"justify\">Citons<br>\ncette d\u00e9cla\u00adra\u00adtion de S\u00e9bas\u00adtien Faure, faite&nbsp;\u00e0<br>\nBar\u00adce\u00adlone, pen\u00addant la r\u00e9volution&nbsp;:<\/p>\n<p style=\"text-indent: 1.48cm; margin-bottom: 0cm;\" align=\"justify\">\u00ab&nbsp;L\u2019ex\u00adp\u00e9\u00adrience<br>\nespa\u00adgnole peut et doit nous ser\u00advir de le\u00e7on, cette exp\u00e9rience<br>\ndoit nous mettre en garde contre le p\u00e9ril des conces\u00adsions&nbsp;et<br>\nalliances m\u00eame sous des condi\u00adtions pr\u00e9\u00adcises et&nbsp;m\u00eame<br>\npour un temps limit\u00e9.<\/p>\n<p style=\"text-indent: 1.48cm; margin-bottom: 0cm;\" align=\"justify\">Dire<br>\nque toutes les conces\u00adsions affai\u00adblissent ceux qui les font&nbsp;et<br>\nfor\u00adti\u00adfient ceux qui les re\u00e7oivent, c\u2019est dire une V\u00c9RIT\u00c9,<br>\nune v\u00e9ri\u00adt\u00e9 indis\u00adcu\u00adtable. Dire que tout accord, m\u00eame<br>\ntem\u00adpo\u00adraire, consen\u00adti par les anar\u00adchistes avec un par\u00adti politique,<br>\nqui, th\u00e9o\u00adri\u00adque\u00adment et pra\u00adti\u00adque\u00adment, est anti-anar\u00adchiste, est<br>\nun leurre o\u00f9 sont tou\u00adjours vic\u00adtimes les anar\u00adchistes c\u2019est&nbsp;une<br>\nv\u00e9ri\u00adt\u00e9 prou\u00adv\u00e9e par l\u2019ex\u00adp\u00e9\u00adrience, par<br>\nl\u2019His\u00adtoire et par la simple raison.<\/p>\n<p style=\"text-indent: 1.48cm; margin-bottom: 0cm;\" align=\"justify\">Durant<br>\nle tra\u00adjet par\u00adcou\u00adru ensemble avec les auto\u00adri\u00adtaires, la loyaut\u00e9,<br>\nla sin\u00adc\u00e9\u00adri\u00adt\u00e9 des anar\u00adchistes sont tou\u00adjours roul\u00e9es<br>\npar la per\u00adfi\u00addie et l\u2019as\u00adtuce de leurs alli\u00e9s pro\u00advi\u00adsoires et<br>\ncirconstanciels.&nbsp;\u00bb<\/p>\n<p style=\"text-indent: 1.48cm; margin-bottom: 0cm;\" align=\"justify\">J.M.<\/p>\n","protected":false},"excerpt":{"rendered":"<p>[(Sur se vaste pro\u00adbl\u00e8me&nbsp;: les posi\u00adtions liber\u00adtaires face&nbsp;au par\u00adle\u00admen\u00adta\u00adrisme et \u00e0 l\u2019\u00e9\u00adlec\u00adto\u00adra\u00adlisme, nous ne pour\u00adrions pas ne pas men\u00adtion\u00adner la ques\u00adtion d\u2019Es\u00adpagne, sen\u00adsible \u00e0&nbsp;tous les anar\u00adchistes. C\u2019est un de nos cama\u00adrades Espa\u00adgnols qui nous&nbsp;remet en m\u00e9moire quelques faits d\u00e9j\u00e0 anciens mais dont les cons\u00e9\u00adquences nous semblent encore aujourd\u2019\u00adhui&nbsp;des plus lourdes.)] C\u2019est un fait bien&nbsp;connu&nbsp;[\u2026]<\/p>\n","protected":false},"author":1,"featured_media":0,"comment_status":"closed","ping_status":"closed","sticky":false,"template":"","format":"standard","meta":{"wp_typography_post_enhancements_disabled":false,"footnotes":""},"categories":[135],"tags":[],"ppma_author":[540],"class_list":["post-1181","post","type-post","status-publish","format-standard","hentry","category-noir-rouge-na9-hiver-1957-1958"],"authors":[{"term_id":540,"user_id":1,"is_guest":0,"slug":"admin_3gikpwyf","display_name":"Vincent Dubuc","avatar_url":"https:\/\/secure.gravatar.com\/avatar\/d015720652c25fd2ced191ade86430094e1f288a17483713e3b34d26dea52507?s=96&d=mm&r=g","author_category":"","user_url":"https:\/\/la-presse-anarchiste.net","last_name":"Dubuc","first_name":"Vincent","job_title":"","description":""}],"_links":{"self":[{"href":"https:\/\/la-presse-anarchiste.net\/index.php\/wp-json\/wp\/v2\/posts\/1181","targetHints":{"allow":["GET"]}}],"collection":[{"href":"https:\/\/la-presse-anarchiste.net\/index.php\/wp-json\/wp\/v2\/posts"}],"about":[{"href":"https:\/\/la-presse-anarchiste.net\/index.php\/wp-json\/wp\/v2\/types\/post"}],"author":[{"embeddable":true,"href":"https:\/\/la-presse-anarchiste.net\/index.php\/wp-json\/wp\/v2\/users\/1"}],"replies":[{"embeddable":true,"href":"https:\/\/la-presse-anarchiste.net\/index.php\/wp-json\/wp\/v2\/comments?post=1181"}],"version-history":[{"count":0,"href":"https:\/\/la-presse-anarchiste.net\/index.php\/wp-json\/wp\/v2\/posts\/1181\/revisions"}],"wp:attachment":[{"href":"https:\/\/la-presse-anarchiste.net\/index.php\/wp-json\/wp\/v2\/media?parent=1181"}],"wp:term":[{"taxonomy":"category","embeddable":true,"href":"https:\/\/la-presse-anarchiste.net\/index.php\/wp-json\/wp\/v2\/categories?post=1181"},{"taxonomy":"post_tag","embeddable":true,"href":"https:\/\/la-presse-anarchiste.net\/index.php\/wp-json\/wp\/v2\/tags?post=1181"},{"taxonomy":"author","embeddable":true,"href":"https:\/\/la-presse-anarchiste.net\/index.php\/wp-json\/wp\/v2\/ppma_author?post=1181"}],"curies":[{"name":"wp","href":"https:\/\/api.w.org\/{rel}","templated":true}]}}